{"id":72705,"date":"2023-03-30T12:00:32","date_gmt":"2023-03-30T10:00:32","guid":{"rendered":"https:\/\/www.tomajazz.com\/web\/?p=72705"},"modified":"2023-04-01T15:20:20","modified_gmt":"2023-04-01T13:20:20","slug":"toti-soler-34-jazz-granollers-2023","status":"publish","type":"post","link":"https:\/\/tomajazz.com\/web\/toti-soler-34-jazz-granollers-2023\/","title":{"rendered":"Toti Soler \u201cEls dits de la m\u00fasica\u201d (Joan Bretcha Guitar Series, 34\u00e8 Jazz Granollers Festival 2023 \/ Casino-Club de Ritme, 2023-02-10. Granollers -Barcelona-) [I] Por Joan Cort\u00e8s [INSTANTZZ AKA Galer\u00eda fotogr\u00e1fica AKA Fotoblog de jazz, impro\u2026 y algo m\u00e1s]"},"content":{"rendered":"<h3>34\u00e8 Jazz Granollers Festival 2023<\/h3>\n<h3><strong>Toti Soler \u201cEls dits de la m\u00fasica\u201d<\/strong><\/h3>\n<ul>\n<li>Fecha: Viernes, 10 de febrero de 2023<\/li>\n<li>Lugar: Casino-Club de Ritme (Granollers -Barcelona-)<\/li>\n<li>Componentes:<br \/>\nToti Soler, guitarra ac\u00fastica y voz<\/li>\n<\/ul>\n<p style=\"text-align: center;\"><img loading=\"lazy\" decoding=\"async\" class=\"aligncenter size-full wp-image-72706\" title=\"Toti Soler \u201cEls dits de la m\u00fasica\u201d (Joan Bretcha Guitar Series, 34\u00e8 Jazz Granollers Festival \/ Casino-Club de Ritme, 2023-02-10. Granollers -Barcelona-) [I] Por Joan Cort\u00e8s [Flamencura AKA INSTANTZZ AKA Galer\u00eda fotogr\u00e1fica AKA Fotoblog de jazz, impro\u2026 y algo m\u00e1s] Tomajazz 9.0 01 Tt Slr \u00a9Joan Cortes 10fbr23 33JGF Grnllrs Toti Soler 34e Jazz Granollers Festival Casino Club de Ritme 2023 02 10 Granollers Barcelona I\" src=\"https:\/\/tomajazz.com\/web\/wp-content\/uploads\/2023\/03\/01-Tt-Slr-\u00a9Joan-Cortes-10fbr23-33JGF-Grnllrs-Toti-Soler-34e-Jazz-Granollers-Festival-Casino-Club-de-Ritme-2023-02-10-Granollers-Barcelona-I.jpg\" alt=\"Toti Soler \u201cEls dits de la m\u00fasica\u201d (Joan Bretcha Guitar Series, 34\u00e8 Jazz Granollers Festival \/ Casino-Club de Ritme, 2023-02-10. Granollers -Barcelona-) [I] Por Joan Cort\u00e8s [Flamencura AKA INSTANTZZ AKA Galer\u00eda fotogr\u00e1fica AKA Fotoblog de jazz, impro\u2026 y algo m\u00e1s] - Tomajazz 9.0 - Toti Soler con el proyecto \u201cEls dits de la m\u00fasica\u201d actu\u00f3 en las Joan Bretcha Guitar Series del 34\u00e8 Jazz Granollers Festival, el 10 de febrero de 2023. Joan Cort\u00e8s es el autor de las im\u00e1genes.\" width=\"600\" height=\"399\" srcset=\"https:\/\/tomajazz.com\/web\/wp-content\/uploads\/2023\/03\/01-Tt-Slr-\u00a9Joan-Cortes-10fbr23-33JGF-Grnllrs-Toti-Soler-34e-Jazz-Granollers-Festival-Casino-Club-de-Ritme-2023-02-10-Granollers-Barcelona-I.jpg 600w, https:\/\/tomajazz.com\/web\/wp-content\/uploads\/2023\/03\/01-Tt-Slr-\u00a9Joan-Cortes-10fbr23-33JGF-Grnllrs-Toti-Soler-34e-Jazz-Granollers-Festival-Casino-Club-de-Ritme-2023-02-10-Granollers-Barcelona-I-300x200.jpg 300w, https:\/\/tomajazz.com\/web\/wp-content\/uploads\/2023\/03\/01-Tt-Slr-\u00a9Joan-Cortes-10fbr23-33JGF-Grnllrs-Toti-Soler-34e-Jazz-Granollers-Festival-Casino-Club-de-Ritme-2023-02-10-Granollers-Barcelona-I-465x309.jpg 465w\" sizes=\"auto, (max-width: 600px) 100vw, 600px\" \/> <img loading=\"lazy\" decoding=\"async\" class=\"aligncenter size-large wp-image-72707\" title=\"Toti Soler \u201cEls dits de la m\u00fasica\u201d (Joan Bretcha Guitar Series, 34\u00e8 Jazz Granollers Festival \/ Casino-Club de Ritme, 2023-02-10. Granollers -Barcelona-) [I] Por Joan Cort\u00e8s [Flamencura AKA INSTANTZZ AKA Galer\u00eda fotogr\u00e1fica AKA Fotoblog de jazz, impro\u2026 y algo m\u00e1s] Tomajazz 9.0 02 Tt Slr \u00a9Joan Cortes 10fbr23 33JGF Grnllrs Toti Soler 34e Jazz Granollers Festival Casino Club de Ritme 2023 02 10 Granollers Barcelona I\" src=\"https:\/\/tomajazz.com\/web\/wp-content\/uploads\/2023\/03\/02-Tt-Slr-\u00a9Joan-Cortes-10fbr23-33JGF-Grnllrs-Toti-Soler-34e-Jazz-Granollers-Festival-Casino-Club-de-Ritme-2023-02-10-Granollers-Barcelona-I.jpg\" alt=\"Toti Soler \u201cEls dits de la m\u00fasica\u201d (Joan Bretcha Guitar Series, 34\u00e8 Jazz Granollers Festival \/ Casino-Club de Ritme, 2023-02-10. Granollers -Barcelona-) [I] Por Joan Cort\u00e8s [Flamencura AKA INSTANTZZ AKA Galer\u00eda fotogr\u00e1fica AKA Fotoblog de jazz, impro\u2026 y algo m\u00e1s] - Tomajazz 9.0 - Toti Soler con el proyecto \u201cEls dits de la m\u00fasica\u201d actu\u00f3 en las Joan Bretcha Guitar Series del 34\u00e8 Jazz Granollers Festival, el 10 de febrero de 2023. Joan Cort\u00e8s es el autor de las im\u00e1genes.\" width=\"399\" height=\"600\" srcset=\"https:\/\/tomajazz.com\/web\/wp-content\/uploads\/2023\/03\/02-Tt-Slr-\u00a9Joan-Cortes-10fbr23-33JGF-Grnllrs-Toti-Soler-34e-Jazz-Granollers-Festival-Casino-Club-de-Ritme-2023-02-10-Granollers-Barcelona-I.jpg 399w, https:\/\/tomajazz.com\/web\/wp-content\/uploads\/2023\/03\/02-Tt-Slr-\u00a9Joan-Cortes-10fbr23-33JGF-Grnllrs-Toti-Soler-34e-Jazz-Granollers-Festival-Casino-Club-de-Ritme-2023-02-10-Granollers-Barcelona-I-200x300.jpg 200w, https:\/\/tomajazz.com\/web\/wp-content\/uploads\/2023\/03\/02-Tt-Slr-\u00a9Joan-Cortes-10fbr23-33JGF-Grnllrs-Toti-Soler-34e-Jazz-Granollers-Festival-Casino-Club-de-Ritme-2023-02-10-Granollers-Barcelona-I-366x550.jpg 366w, https:\/\/tomajazz.com\/web\/wp-content\/uploads\/2023\/03\/02-Tt-Slr-\u00a9Joan-Cortes-10fbr23-33JGF-Grnllrs-Toti-Soler-34e-Jazz-Granollers-Festival-Casino-Club-de-Ritme-2023-02-10-Granollers-Barcelona-I-333x500.jpg 333w\" sizes=\"auto, (max-width: 399px) 100vw, 399px\" \/> <img loading=\"lazy\" decoding=\"async\" class=\"aligncenter size-large wp-image-72708\" title=\"Toti Soler \u201cEls dits de la m\u00fasica\u201d (Joan Bretcha Guitar Series, 34\u00e8 Jazz Granollers Festival \/ Casino-Club de Ritme, 2023-02-10. Granollers -Barcelona-) [I] Por Joan Cort\u00e8s [Flamencura AKA INSTANTZZ AKA Galer\u00eda fotogr\u00e1fica AKA Fotoblog de jazz, impro\u2026 y algo m\u00e1s] Tomajazz 9.0 03 Tt Slr \u00a9Joan Cortes 10fbr23 33JGF Grnllrs Toti Soler 34e Jazz Granollers Festival Casino Club de Ritme 2023 02 10 Granollers Barcelona I\" src=\"https:\/\/tomajazz.com\/web\/wp-content\/uploads\/2023\/03\/03-Tt-Slr-\u00a9Joan-Cortes-10fbr23-33JGF-Grnllrs-Toti-Soler-34e-Jazz-Granollers-Festival-Casino-Club-de-Ritme-2023-02-10-Granollers-Barcelona-I.jpg\" alt=\"Toti Soler \u201cEls dits de la m\u00fasica\u201d (Joan Bretcha Guitar Series, 34\u00e8 Jazz Granollers Festival \/ Casino-Club de Ritme, 2023-02-10. Granollers -Barcelona-) [I] Por Joan Cort\u00e8s [Flamencura AKA INSTANTZZ AKA Galer\u00eda fotogr\u00e1fica AKA Fotoblog de jazz, impro\u2026 y algo m\u00e1s] - Tomajazz 9.0 - Toti Soler con el proyecto \u201cEls dits de la m\u00fasica\u201d actu\u00f3 en las Joan Bretcha Guitar Series del 34\u00e8 Jazz Granollers Festival, el 10 de febrero de 2023. Joan Cort\u00e8s es el autor de las im\u00e1genes.\" width=\"399\" height=\"600\" srcset=\"https:\/\/tomajazz.com\/web\/wp-content\/uploads\/2023\/03\/03-Tt-Slr-\u00a9Joan-Cortes-10fbr23-33JGF-Grnllrs-Toti-Soler-34e-Jazz-Granollers-Festival-Casino-Club-de-Ritme-2023-02-10-Granollers-Barcelona-I.jpg 399w, https:\/\/tomajazz.com\/web\/wp-content\/uploads\/2023\/03\/03-Tt-Slr-\u00a9Joan-Cortes-10fbr23-33JGF-Grnllrs-Toti-Soler-34e-Jazz-Granollers-Festival-Casino-Club-de-Ritme-2023-02-10-Granollers-Barcelona-I-200x300.jpg 200w, https:\/\/tomajazz.com\/web\/wp-content\/uploads\/2023\/03\/03-Tt-Slr-\u00a9Joan-Cortes-10fbr23-33JGF-Grnllrs-Toti-Soler-34e-Jazz-Granollers-Festival-Casino-Club-de-Ritme-2023-02-10-Granollers-Barcelona-I-366x550.jpg 366w, https:\/\/tomajazz.com\/web\/wp-content\/uploads\/2023\/03\/03-Tt-Slr-\u00a9Joan-Cortes-10fbr23-33JGF-Grnllrs-Toti-Soler-34e-Jazz-Granollers-Festival-Casino-Club-de-Ritme-2023-02-10-Granollers-Barcelona-I-333x500.jpg 333w\" sizes=\"auto, (max-width: 399px) 100vw, 399px\" \/> <img loading=\"lazy\" decoding=\"async\" class=\"aligncenter size-large wp-image-72709\" title=\"Toti Soler \u201cEls dits de la m\u00fasica\u201d (Joan Bretcha Guitar Series, 34\u00e8 Jazz Granollers Festival \/ Casino-Club de Ritme, 2023-02-10. Granollers -Barcelona-) [I] Por Joan Cort\u00e8s [Flamencura AKA INSTANTZZ AKA Galer\u00eda fotogr\u00e1fica AKA Fotoblog de jazz, impro\u2026 y algo m\u00e1s] Tomajazz 9.0 04 Tt Slr \u00a9Joan Cortes 10fbr23 33JGF Grnllrs Toti Soler 34e Jazz Granollers Festival Casino Club de Ritme 2023 02 10 Granollers Barcelona I\" src=\"https:\/\/tomajazz.com\/web\/wp-content\/uploads\/2023\/03\/04-Tt-Slr-\u00a9Joan-Cortes-10fbr23-33JGF-Grnllrs-Toti-Soler-34e-Jazz-Granollers-Festival-Casino-Club-de-Ritme-2023-02-10-Granollers-Barcelona-I.jpg\" alt=\"Toti Soler \u201cEls dits de la m\u00fasica\u201d (Joan Bretcha Guitar Series, 34\u00e8 Jazz Granollers Festival \/ Casino-Club de Ritme, 2023-02-10. Granollers -Barcelona-) [I] Por Joan Cort\u00e8s [Flamencura AKA INSTANTZZ AKA Galer\u00eda fotogr\u00e1fica AKA Fotoblog de jazz, impro\u2026 y algo m\u00e1s] - Tomajazz 9.0 - Toti Soler con el proyecto \u201cEls dits de la m\u00fasica\u201d actu\u00f3 en las Joan Bretcha Guitar Series del 34\u00e8 Jazz Granollers Festival, el 10 de febrero de 2023. Joan Cort\u00e8s es el autor de las im\u00e1genes.\" width=\"399\" height=\"600\" srcset=\"https:\/\/tomajazz.com\/web\/wp-content\/uploads\/2023\/03\/04-Tt-Slr-\u00a9Joan-Cortes-10fbr23-33JGF-Grnllrs-Toti-Soler-34e-Jazz-Granollers-Festival-Casino-Club-de-Ritme-2023-02-10-Granollers-Barcelona-I.jpg 399w, https:\/\/tomajazz.com\/web\/wp-content\/uploads\/2023\/03\/04-Tt-Slr-\u00a9Joan-Cortes-10fbr23-33JGF-Grnllrs-Toti-Soler-34e-Jazz-Granollers-Festival-Casino-Club-de-Ritme-2023-02-10-Granollers-Barcelona-I-200x300.jpg 200w, https:\/\/tomajazz.com\/web\/wp-content\/uploads\/2023\/03\/04-Tt-Slr-\u00a9Joan-Cortes-10fbr23-33JGF-Grnllrs-Toti-Soler-34e-Jazz-Granollers-Festival-Casino-Club-de-Ritme-2023-02-10-Granollers-Barcelona-I-366x550.jpg 366w, https:\/\/tomajazz.com\/web\/wp-content\/uploads\/2023\/03\/04-Tt-Slr-\u00a9Joan-Cortes-10fbr23-33JGF-Grnllrs-Toti-Soler-34e-Jazz-Granollers-Festival-Casino-Club-de-Ritme-2023-02-10-Granollers-Barcelona-I-333x500.jpg 333w\" sizes=\"auto, (max-width: 399px) 100vw, 399px\" \/> <img loading=\"lazy\" decoding=\"async\" class=\"aligncenter size-large wp-image-72710\" title=\"Toti Soler \u201cEls dits de la m\u00fasica\u201d (Joan Bretcha Guitar Series, 34\u00e8 Jazz Granollers Festival \/ Casino-Club de Ritme, 2023-02-10. Granollers -Barcelona-) [I] Por Joan Cort\u00e8s [Flamencura AKA INSTANTZZ AKA Galer\u00eda fotogr\u00e1fica AKA Fotoblog de jazz, impro\u2026 y algo m\u00e1s] Tomajazz 9.0 05 Tt Slr \u00a9Joan Cortes 10fbr23 33JGF Grnllrs Toti Soler 34e Jazz Granollers Festival Casino Club de Ritme 2023 02 10 Granollers Barcelona I\" src=\"https:\/\/tomajazz.com\/web\/wp-content\/uploads\/2023\/03\/05-Tt-Slr-\u00a9Joan-Cortes-10fbr23-33JGF-Grnllrs-Toti-Soler-34e-Jazz-Granollers-Festival-Casino-Club-de-Ritme-2023-02-10-Granollers-Barcelona-I.jpg\" alt=\"Toti Soler \u201cEls dits de la m\u00fasica\u201d (Joan Bretcha Guitar Series, 34\u00e8 Jazz Granollers Festival \/ Casino-Club de Ritme, 2023-02-10. Granollers -Barcelona-) [I] Por Joan Cort\u00e8s [Flamencura AKA INSTANTZZ AKA Galer\u00eda fotogr\u00e1fica AKA Fotoblog de jazz, impro\u2026 y algo m\u00e1s] - Tomajazz 9.0 - Toti Soler con el proyecto \u201cEls dits de la m\u00fasica\u201d actu\u00f3 en las Joan Bretcha Guitar Series del 34\u00e8 Jazz Granollers Festival, el 10 de febrero de 2023. Joan Cort\u00e8s es el autor de las im\u00e1genes.\" width=\"600\" height=\"399\" srcset=\"https:\/\/tomajazz.com\/web\/wp-content\/uploads\/2023\/03\/05-Tt-Slr-\u00a9Joan-Cortes-10fbr23-33JGF-Grnllrs-Toti-Soler-34e-Jazz-Granollers-Festival-Casino-Club-de-Ritme-2023-02-10-Granollers-Barcelona-I.jpg 600w, https:\/\/tomajazz.com\/web\/wp-content\/uploads\/2023\/03\/05-Tt-Slr-\u00a9Joan-Cortes-10fbr23-33JGF-Grnllrs-Toti-Soler-34e-Jazz-Granollers-Festival-Casino-Club-de-Ritme-2023-02-10-Granollers-Barcelona-I-300x200.jpg 300w, https:\/\/tomajazz.com\/web\/wp-content\/uploads\/2023\/03\/05-Tt-Slr-\u00a9Joan-Cortes-10fbr23-33JGF-Grnllrs-Toti-Soler-34e-Jazz-Granollers-Festival-Casino-Club-de-Ritme-2023-02-10-Granollers-Barcelona-I-465x309.jpg 465w\" sizes=\"auto, (max-width: 600px) 100vw, 600px\" \/> <img loading=\"lazy\" decoding=\"async\" class=\"aligncenter size-large wp-image-72711\" title=\"Toti Soler \u201cEls dits de la m\u00fasica\u201d (Joan Bretcha Guitar Series, 34\u00e8 Jazz Granollers Festival \/ Casino-Club de Ritme, 2023-02-10. Granollers -Barcelona-) [I] Por Joan Cort\u00e8s [Flamencura AKA INSTANTZZ AKA Galer\u00eda fotogr\u00e1fica AKA Fotoblog de jazz, impro\u2026 y algo m\u00e1s] Tomajazz 9.0 06 Tt Slr \u00a9Joan Cortes 10fbr23 33JGF Grnllrs Toti Soler 34e Jazz Granollers Festival Casino Club de Ritme 2023 02 10 Granollers Barcelona I\" src=\"https:\/\/tomajazz.com\/web\/wp-content\/uploads\/2023\/03\/06-Tt-Slr-\u00a9Joan-Cortes-10fbr23-33JGF-Grnllrs-Toti-Soler-34e-Jazz-Granollers-Festival-Casino-Club-de-Ritme-2023-02-10-Granollers-Barcelona-I.jpg\" alt=\"Toti Soler \u201cEls dits de la m\u00fasica\u201d (Joan Bretcha Guitar Series, 34\u00e8 Jazz Granollers Festival \/ Casino-Club de Ritme, 2023-02-10. Granollers -Barcelona-) [I] Por Joan Cort\u00e8s [Flamencura AKA INSTANTZZ AKA Galer\u00eda fotogr\u00e1fica AKA Fotoblog de jazz, impro\u2026 y algo m\u00e1s] - Tomajazz 9.0 - Toti Soler con el proyecto \u201cEls dits de la m\u00fasica\u201d actu\u00f3 en las Joan Bretcha Guitar Series del 34\u00e8 Jazz Granollers Festival, el 10 de febrero de 2023. Joan Cort\u00e8s es el autor de las im\u00e1genes.\" width=\"399\" height=\"600\" srcset=\"https:\/\/tomajazz.com\/web\/wp-content\/uploads\/2023\/03\/06-Tt-Slr-\u00a9Joan-Cortes-10fbr23-33JGF-Grnllrs-Toti-Soler-34e-Jazz-Granollers-Festival-Casino-Club-de-Ritme-2023-02-10-Granollers-Barcelona-I.jpg 399w, https:\/\/tomajazz.com\/web\/wp-content\/uploads\/2023\/03\/06-Tt-Slr-\u00a9Joan-Cortes-10fbr23-33JGF-Grnllrs-Toti-Soler-34e-Jazz-Granollers-Festival-Casino-Club-de-Ritme-2023-02-10-Granollers-Barcelona-I-200x300.jpg 200w, https:\/\/tomajazz.com\/web\/wp-content\/uploads\/2023\/03\/06-Tt-Slr-\u00a9Joan-Cortes-10fbr23-33JGF-Grnllrs-Toti-Soler-34e-Jazz-Granollers-Festival-Casino-Club-de-Ritme-2023-02-10-Granollers-Barcelona-I-366x550.jpg 366w, https:\/\/tomajazz.com\/web\/wp-content\/uploads\/2023\/03\/06-Tt-Slr-\u00a9Joan-Cortes-10fbr23-33JGF-Grnllrs-Toti-Soler-34e-Jazz-Granollers-Festival-Casino-Club-de-Ritme-2023-02-10-Granollers-Barcelona-I-333x500.jpg 333w\" sizes=\"auto, (max-width: 399px) 100vw, 399px\" \/> <img loading=\"lazy\" decoding=\"async\" class=\"aligncenter size-large wp-image-72712\" title=\"Toti Soler \u201cEls dits de la m\u00fasica\u201d (Joan Bretcha Guitar Series, 34\u00e8 Jazz Granollers Festival \/ Casino-Club de Ritme, 2023-02-10. Granollers -Barcelona-) [I] Por Joan Cort\u00e8s [Flamencura AKA INSTANTZZ AKA Galer\u00eda fotogr\u00e1fica AKA Fotoblog de jazz, impro\u2026 y algo m\u00e1s] Tomajazz 9.0 07 Tt Slr \u00a9Joan Cortes 10fbr23 33JGF Grnllrs Toti Soler 34e Jazz Granollers Festival Casino Club de Ritme 2023 02 10 Granollers Barcelona I\" src=\"https:\/\/tomajazz.com\/web\/wp-content\/uploads\/2023\/03\/07-Tt-Slr-\u00a9Joan-Cortes-10fbr23-33JGF-Grnllrs-Toti-Soler-34e-Jazz-Granollers-Festival-Casino-Club-de-Ritme-2023-02-10-Granollers-Barcelona-I.jpg\" alt=\"Toti Soler \u201cEls dits de la m\u00fasica\u201d (Joan Bretcha Guitar Series, 34\u00e8 Jazz Granollers Festival \/ Casino-Club de Ritme, 2023-02-10. Granollers -Barcelona-) [I] Por Joan Cort\u00e8s [Flamencura AKA INSTANTZZ AKA Galer\u00eda fotogr\u00e1fica AKA Fotoblog de jazz, impro\u2026 y algo m\u00e1s] - Tomajazz 9.0 - Toti Soler con el proyecto \u201cEls dits de la m\u00fasica\u201d actu\u00f3 en las Joan Bretcha Guitar Series del 34\u00e8 Jazz Granollers Festival, el 10 de febrero de 2023. Joan Cort\u00e8s es el autor de las im\u00e1genes.\" width=\"399\" height=\"600\" srcset=\"https:\/\/tomajazz.com\/web\/wp-content\/uploads\/2023\/03\/07-Tt-Slr-\u00a9Joan-Cortes-10fbr23-33JGF-Grnllrs-Toti-Soler-34e-Jazz-Granollers-Festival-Casino-Club-de-Ritme-2023-02-10-Granollers-Barcelona-I.jpg 399w, https:\/\/tomajazz.com\/web\/wp-content\/uploads\/2023\/03\/07-Tt-Slr-\u00a9Joan-Cortes-10fbr23-33JGF-Grnllrs-Toti-Soler-34e-Jazz-Granollers-Festival-Casino-Club-de-Ritme-2023-02-10-Granollers-Barcelona-I-200x300.jpg 200w, https:\/\/tomajazz.com\/web\/wp-content\/uploads\/2023\/03\/07-Tt-Slr-\u00a9Joan-Cortes-10fbr23-33JGF-Grnllrs-Toti-Soler-34e-Jazz-Granollers-Festival-Casino-Club-de-Ritme-2023-02-10-Granollers-Barcelona-I-366x550.jpg 366w, https:\/\/tomajazz.com\/web\/wp-content\/uploads\/2023\/03\/07-Tt-Slr-\u00a9Joan-Cortes-10fbr23-33JGF-Grnllrs-Toti-Soler-34e-Jazz-Granollers-Festival-Casino-Club-de-Ritme-2023-02-10-Granollers-Barcelona-I-333x500.jpg 333w\" sizes=\"auto, (max-width: 399px) 100vw, 399px\" \/> <img loading=\"lazy\" decoding=\"async\" class=\"aligncenter size-large wp-image-72713\" title=\"Toti Soler \u201cEls dits de la m\u00fasica\u201d (Joan Bretcha Guitar Series, 34\u00e8 Jazz Granollers Festival \/ Casino-Club de Ritme, 2023-02-10. Granollers -Barcelona-) [I] Por Joan Cort\u00e8s [Flamencura AKA INSTANTZZ AKA Galer\u00eda fotogr\u00e1fica AKA Fotoblog de jazz, impro\u2026 y algo m\u00e1s] Tomajazz 9.0 08 Tt Slr \u00a9Joan Cortes 10fbr23 33JGF Grnllrs Toti Soler 34e Jazz Granollers Festival Casino Club de Ritme 2023 02 10 Granollers Barcelona I\" src=\"https:\/\/tomajazz.com\/web\/wp-content\/uploads\/2023\/03\/08-Tt-Slr-\u00a9Joan-Cortes-10fbr23-33JGF-Grnllrs-Toti-Soler-34e-Jazz-Granollers-Festival-Casino-Club-de-Ritme-2023-02-10-Granollers-Barcelona-I.jpg\" alt=\"Toti Soler \u201cEls dits de la m\u00fasica\u201d (Joan Bretcha Guitar Series, 34\u00e8 Jazz Granollers Festival \/ Casino-Club de Ritme, 2023-02-10. Granollers -Barcelona-) [I] Por Joan Cort\u00e8s [Flamencura AKA INSTANTZZ AKA Galer\u00eda fotogr\u00e1fica AKA Fotoblog de jazz, impro\u2026 y algo m\u00e1s] - Tomajazz 9.0 - Toti Soler con el proyecto \u201cEls dits de la m\u00fasica\u201d actu\u00f3 en las Joan Bretcha Guitar Series del 34\u00e8 Jazz Granollers Festival, el 10 de febrero de 2023. Joan Cort\u00e8s es el autor de las im\u00e1genes.\" width=\"600\" height=\"399\" srcset=\"https:\/\/tomajazz.com\/web\/wp-content\/uploads\/2023\/03\/08-Tt-Slr-\u00a9Joan-Cortes-10fbr23-33JGF-Grnllrs-Toti-Soler-34e-Jazz-Granollers-Festival-Casino-Club-de-Ritme-2023-02-10-Granollers-Barcelona-I.jpg 600w, https:\/\/tomajazz.com\/web\/wp-content\/uploads\/2023\/03\/08-Tt-Slr-\u00a9Joan-Cortes-10fbr23-33JGF-Grnllrs-Toti-Soler-34e-Jazz-Granollers-Festival-Casino-Club-de-Ritme-2023-02-10-Granollers-Barcelona-I-300x200.jpg 300w, https:\/\/tomajazz.com\/web\/wp-content\/uploads\/2023\/03\/08-Tt-Slr-\u00a9Joan-Cortes-10fbr23-33JGF-Grnllrs-Toti-Soler-34e-Jazz-Granollers-Festival-Casino-Club-de-Ritme-2023-02-10-Granollers-Barcelona-I-465x309.jpg 465w\" sizes=\"auto, (max-width: 600px) 100vw, 600px\" \/> <img loading=\"lazy\" decoding=\"async\" class=\"aligncenter size-large wp-image-72714\" title=\"Toti Soler \u201cEls dits de la m\u00fasica\u201d (Joan Bretcha Guitar Series, 34\u00e8 Jazz Granollers Festival \/ Casino-Club de Ritme, 2023-02-10. Granollers -Barcelona-) [I] Por Joan Cort\u00e8s [Flamencura AKA INSTANTZZ AKA Galer\u00eda fotogr\u00e1fica AKA Fotoblog de jazz, impro\u2026 y algo m\u00e1s] Tomajazz 9.0 09 Tt Slr \u00a9Joan Cortes 10fbr23 33JGF Grnllrs Toti Soler 34e Jazz Granollers Festival Casino Club de Ritme 2023 02 10 Granollers Barcelona I\" src=\"https:\/\/tomajazz.com\/web\/wp-content\/uploads\/2023\/03\/09-Tt-Slr-\u00a9Joan-Cortes-10fbr23-33JGF-Grnllrs-Toti-Soler-34e-Jazz-Granollers-Festival-Casino-Club-de-Ritme-2023-02-10-Granollers-Barcelona-I.jpg\" alt=\"Toti Soler \u201cEls dits de la m\u00fasica\u201d (Joan Bretcha Guitar Series, 34\u00e8 Jazz Granollers Festival \/ Casino-Club de Ritme, 2023-02-10. Granollers -Barcelona-) [I] Por Joan Cort\u00e8s [Flamencura AKA INSTANTZZ AKA Galer\u00eda fotogr\u00e1fica AKA Fotoblog de jazz, impro\u2026 y algo m\u00e1s] - Tomajazz 9.0 - Toti Soler con el proyecto \u201cEls dits de la m\u00fasica\u201d actu\u00f3 en las Joan Bretcha Guitar Series del 34\u00e8 Jazz Granollers Festival, el 10 de febrero de 2023. Joan Cort\u00e8s es el autor de las im\u00e1genes.\" width=\"600\" height=\"399\" srcset=\"https:\/\/tomajazz.com\/web\/wp-content\/uploads\/2023\/03\/09-Tt-Slr-\u00a9Joan-Cortes-10fbr23-33JGF-Grnllrs-Toti-Soler-34e-Jazz-Granollers-Festival-Casino-Club-de-Ritme-2023-02-10-Granollers-Barcelona-I.jpg 600w, https:\/\/tomajazz.com\/web\/wp-content\/uploads\/2023\/03\/09-Tt-Slr-\u00a9Joan-Cortes-10fbr23-33JGF-Grnllrs-Toti-Soler-34e-Jazz-Granollers-Festival-Casino-Club-de-Ritme-2023-02-10-Granollers-Barcelona-I-300x200.jpg 300w, https:\/\/tomajazz.com\/web\/wp-content\/uploads\/2023\/03\/09-Tt-Slr-\u00a9Joan-Cortes-10fbr23-33JGF-Grnllrs-Toti-Soler-34e-Jazz-Granollers-Festival-Casino-Club-de-Ritme-2023-02-10-Granollers-Barcelona-I-465x309.jpg 465w\" sizes=\"auto, (max-width: 600px) 100vw, 600px\" \/> <img loading=\"lazy\" decoding=\"async\" class=\"aligncenter size-large wp-image-72715\" title=\"Toti Soler \u201cEls dits de la m\u00fasica\u201d (Joan Bretcha Guitar Series, 34\u00e8 Jazz Granollers Festival \/ Casino-Club de Ritme, 2023-02-10. Granollers -Barcelona-) [I] Por Joan Cort\u00e8s [Flamencura AKA INSTANTZZ AKA Galer\u00eda fotogr\u00e1fica AKA Fotoblog de jazz, impro\u2026 y algo m\u00e1s] Tomajazz 9.0 10 Tt Slr \u00a9Joan Cortes 10fbr23 33JGF Grnllrs Toti Soler 34e Jazz Granollers Festival Casino Club de Ritme 2023 02 10 Granollers Barcelona I\" src=\"https:\/\/tomajazz.com\/web\/wp-content\/uploads\/2023\/03\/10-Tt-Slr-\u00a9Joan-Cortes-10fbr23-33JGF-Grnllrs-Toti-Soler-34e-Jazz-Granollers-Festival-Casino-Club-de-Ritme-2023-02-10-Granollers-Barcelona-I.jpg\" alt=\"Toti Soler \u201cEls dits de la m\u00fasica\u201d (Joan Bretcha Guitar Series, 34\u00e8 Jazz Granollers Festival \/ Casino-Club de Ritme, 2023-02-10. Granollers -Barcelona-) [I] Por Joan Cort\u00e8s [Flamencura AKA INSTANTZZ AKA Galer\u00eda fotogr\u00e1fica AKA Fotoblog de jazz, impro\u2026 y algo m\u00e1s] - Tomajazz 9.0 - Toti Soler con el proyecto \u201cEls dits de la m\u00fasica\u201d actu\u00f3 en las Joan Bretcha Guitar Series del 34\u00e8 Jazz Granollers Festival, el 10 de febrero de 2023. Joan Cort\u00e8s es el autor de las im\u00e1genes.\" width=\"600\" height=\"399\" srcset=\"https:\/\/tomajazz.com\/web\/wp-content\/uploads\/2023\/03\/10-Tt-Slr-\u00a9Joan-Cortes-10fbr23-33JGF-Grnllrs-Toti-Soler-34e-Jazz-Granollers-Festival-Casino-Club-de-Ritme-2023-02-10-Granollers-Barcelona-I.jpg 600w, https:\/\/tomajazz.com\/web\/wp-content\/uploads\/2023\/03\/10-Tt-Slr-\u00a9Joan-Cortes-10fbr23-33JGF-Grnllrs-Toti-Soler-34e-Jazz-Granollers-Festival-Casino-Club-de-Ritme-2023-02-10-Granollers-Barcelona-I-300x200.jpg 300w, https:\/\/tomajazz.com\/web\/wp-content\/uploads\/2023\/03\/10-Tt-Slr-\u00a9Joan-Cortes-10fbr23-33JGF-Grnllrs-Toti-Soler-34e-Jazz-Granollers-Festival-Casino-Club-de-Ritme-2023-02-10-Granollers-Barcelona-I-465x309.jpg 465w\" sizes=\"auto, (max-width: 600px) 100vw, 600px\" \/><\/p>\n<p style=\"text-align: right;\">Tomajazz: Fotograf\u00edas: \u00a9 <a href=\"https:\/\/www.facebook.com\/joan.cortesbenages\" target=\"_blank\" rel=\"noopener\"><strong>Joan Cort\u00e8s<\/strong><\/a>, 2023<\/p>\n<h4>M\u00e1s informaci\u00f3n<\/h4>\n<p><a href=\"https:\/\/www.totisoler.com\/es\/\" target=\"_blank\" rel=\"noopener\">https:\/\/www.totisoler.com\/es\/<\/a><\/p>\n<p><a href=\"https:\/\/tomajazz.com\/web\/?s=Toti+Soler&amp;submit=Search\" target=\"_blank\" rel=\"noopener\">https:\/\/tomajazz.com\/web\/?s=Toti+Soler&amp;submit=Search<\/a><\/p>\n<h3>Joan Cort\u00e8s en Tomajazz<\/h3>\n<p><a href=\"https:\/\/tomajazz.com\/web\/?cat=17853\" target=\"_blank\" rel=\"noopener\">https:\/\/tomajazz.com\/web\/?cat=17853<\/a><\/p>\n","protected":false},"excerpt":{"rendered":"<p>Toti Soler con el proyecto \u201cEls dits de la m\u00fasica\u201d actu\u00f3 en las Joan Bretcha Guitar Series del 34\u00e8 Jazz Granollers Festival, el 10 de febrero de 2023. Joan Cort\u00e8s es el autor de las im\u00e1genes. <span class=\"more-link\"><a href=\"https:\/\/tomajazz.com\/web\/toti-soler-34-jazz-granollers-2023\/\">Contin\u00faa leyendo<\/a><\/span><\/p>\n","protected":false},"author":1,"featured_media":72714,"comment_status":"open","ping_status":"closed","sticky":false,"template":"","format":"standard","meta":{"jetpack_post_was_ever_published":false,"_jetpack_newsletter_access":"","_jetpack_dont_email_post_to_subs":false,"_jetpack_newsletter_tier_id":0,"_jetpack_memberships_contains_paywalled_content":false,"_jetpack_memberships_contains_paid_content":false,"footnotes":""},"categories":[28642,17853,11262,15516,11261,1038],"tags":[28640,28639,15591,28641,1041,28214],"class_list":["entry","author-pachi","has-excerpt","post-72705","post","type-post","status-publish","format-standard","has-post-thumbnail","category-especial-34e-jazz-granollers-festival-2023","category-joan-cortes","category-photoblogs","category-imagenes","category-instantzz","category-contenidos","tag-34e-jazz-granollers-festival","tag-34e-jazz-granollers-festival-2023","tag-jazz-granollers-festival","tag-jazz-granollers-festival-2023","tag-joan-cortes","tag-toti-soler"],"jetpack_featured_media_url":"https:\/\/tomajazz.com\/web\/wp-content\/uploads\/2023\/03\/09-Tt-Slr-\u00a9Joan-Cortes-10fbr23-33JGF-Grnllrs-Toti-Soler-34e-Jazz-Granollers-Festival-Casino-Club-de-Ritme-2023-02-10-Granollers-Barcelona-I.jpg","jetpack_likes_enabled":true,"jetpack_sharing_enabled":true,"jetpack-related-posts":[{"id":104657,"url":"https:\/\/tomajazz.com\/web\/joan-sanmarti-5t-36-jazz-granollers-2026\/","url_meta":{"origin":72705,"position":0},"title":"Joan Sanmart\u00ed 5t (36\u00e8 Jazz Granollers Festival 2026\/ Casino, 2026-02-20 \/ Granollers -Barcelona-) [I] Por Joan Cort\u00e8s [INSTANTZZ AKA Galer\u00eda fotogr\u00e1fica AKA Fotoblog de jazz, impro\u2026 y algo m\u00e1s]","author":"Tomajazz","date":"2 abril, 2026","format":false,"excerpt":"Joan Sanmart\u00ed 5t actu\u00f3 en el 36\u00e8 Jazz Granollers Festival 2026, el 20 de febrero de 2026. Joan Cort\u00e8s lo retrata en INSTANTZZ. Joan Sanmart\u00ed 5t son Joan Sanmart\u00ed, Gabriel Amargant, Pau Dom\u00e8nech, Marc Cuevas, Joan Vidal","rel":"","context":"En \u00ab36 Jazz Granollers Festival 2026\u00bb","block_context":{"text":"36 Jazz Granollers Festival 2026","link":"https:\/\/tomajazz.com\/web\/category\/contenidos\/especial-contenidos\/36-jazz-granollers-festival-2026\/"},"img":{"alt_text":"Joan Sanmart\u00ed 5t (36\u00e8 Jazz Granollers Festival 2026\/ Casino, 2026-02-20 \/ Granollers -Barcelona-) [I] Por Joan Cort\u00e8s [INSTANTZZ AKA Galer\u00eda fotogr\u00e1fica AKA Fotoblog de jazz, impro\u2026 y algo m\u00e1s] - Tomajazz - Joan Sanmart\u00ed 5t actu\u00f3 en el 36\u00e8 Jazz Granollers Festival 2026, el 20 de febrero de 2026. Joan Cort\u00e8s lo retrata en INSTANTZZ. Joan Sanmart\u00ed 5t son Joan Sanmart\u00ed, Gabriel Amargant, Pau Dom\u00e8nech, Marc Cuevas, Joan Vidal\n","src":"https:\/\/i0.wp.com\/tomajazz.com\/web\/wp-content\/uploads\/2026\/04\/destacada-09-Jn-Snmrt-5t-Photo-By-Joan-Cortes-20fbr26-36FJG-Csn-Grn.jpg?resize=350%2C200&ssl=1","width":350,"height":200},"classes":[]},{"id":104847,"url":"https:\/\/tomajazz.com\/web\/alba-careta-group-panical-jazz-granollers-2026\/","url_meta":{"origin":72705,"position":1},"title":"Alba Careta Group \u201cPanical\u201d (36\u00e8 Jazz Granollers Festival \/ Casino, 2026-02-27 \/ Granollers -Barcelona-) [II] Por Joan Cort\u00e8s [INSTANTZZ AKA Galer\u00eda fotogr\u00e1fica AKA Fotoblog de jazz, impro\u2026 y algo m\u00e1s]","author":"Tomajazz","date":"12 abril, 2026","format":false,"excerpt":"Alba Careta Group \u201cPanical\u201d actu\u00f3 en el 36\u00e8 Jazz Granollers Festival, el 27 de febrero de 2026. Joan Cort\u00e8s lo retrata en INSTANTZZ. Alba Careta Group \u201cPanical\u201d son Alba Careta, Lucas Mart\u00ednez, Roger Santacana, Giuseppe Campisi, Jordi Pallar\u00e9s","rel":"","context":"En \u00ab36 Jazz Granollers Festival 2026\u00bb","block_context":{"text":"36 Jazz Granollers Festival 2026","link":"https:\/\/tomajazz.com\/web\/category\/contenidos\/especial-contenidos\/36-jazz-granollers-festival-2026\/"},"img":{"alt_text":"Alba Careta Group \u201cPanical\u201d (36\u00e8 Jazz Granollers Festival \/ Casino, 2026-02-27 \/ Granollers -Barcelona-) [II] Por Joan Cort\u00e8s [INSTANTZZ AKA Galer\u00eda fotogr\u00e1fica AKA Fotoblog de jazz, impro\u2026 y algo m\u00e1s] - Tomajazz - Alba Careta Group \u201cPanical\u201d actu\u00f3 en el 36\u00e8 Jazz Granollers Festival, el 27 de febrero de 2026. Joan Cort\u00e8s lo retrata en INSTANTZZ. Alba Careta Group \u201cPanical\u201d son Alba Careta, Lucas Mart\u00ednez, Roger Santacana, Giuseppe Campisi, Jordi Pallar\u00e9s\n","src":"https:\/\/i0.wp.com\/tomajazz.com\/web\/wp-content\/uploads\/2026\/04\/destacada-03-lb-Crt-Grp-Photo-by-Joan-Cortes-27fbr26-36JGF-CG-CR-Grnllrs.jpg?resize=350%2C200&ssl=1","width":350,"height":200,"srcset":"https:\/\/i0.wp.com\/tomajazz.com\/web\/wp-content\/uploads\/2026\/04\/destacada-03-lb-Crt-Grp-Photo-by-Joan-Cortes-27fbr26-36JGF-CG-CR-Grnllrs.jpg?resize=350%2C200&ssl=1 1x, https:\/\/i0.wp.com\/tomajazz.com\/web\/wp-content\/uploads\/2026\/04\/destacada-03-lb-Crt-Grp-Photo-by-Joan-Cortes-27fbr26-36JGF-CG-CR-Grnllrs.jpg?resize=525%2C300&ssl=1 1.5x"},"classes":[]},{"id":105012,"url":"https:\/\/tomajazz.com\/web\/lage-lund-trio-granollers-2026\/","url_meta":{"origin":72705,"position":2},"title":"Lage Lund Trio (36\u00e8 Jazz Granollers Festival \/ Casino, 2026-03-13 \/ Granollers -Barcelona-) [y III] Por Joan Cort\u00e8s [INSTANTZZ AKA Galer\u00eda fotogr\u00e1fica AKA Fotoblog de jazz, impro\u2026 y algo m\u00e1s]","author":"Tomajazz","date":"23 abril, 2026","format":false,"excerpt":"Lage Lund Trio actu\u00f3 en el 36\u00e8 Jazz Granollers Festival, el 13 de marzo de 2026. Joan Cort\u00e8s lo retrata en INSTANTZZ. Lage Lund Trio son Lage Lund, Orlando Le Fleming, Greg Hutchinson","rel":"","context":"En \u00ab36 Jazz Granollers Festival 2026\u00bb","block_context":{"text":"36 Jazz Granollers Festival 2026","link":"https:\/\/tomajazz.com\/web\/category\/contenidos\/especial-contenidos\/36-jazz-granollers-festival-2026\/"},"img":{"alt_text":"Lage Lund Trio (36\u00e8 Jazz Granollers Festival \/ Casino, 2026-03-13 \/ Granollers -Barcelona-) [y III] Por Joan Cort\u00e8s [INSTANTZZ AKA Galer\u00eda fotogr\u00e1fica AKA Fotoblog de jazz, impro\u2026 y algo m\u00e1s] - Tomajazz - Lage Lund Trio actu\u00f3 en el 36\u00e8 Jazz Granollers Festival, el 13 de marzo de 2026. Joan Cort\u00e8s lo retrata en INSTANTZZ. Lage Lund Trio son Lage Lund, Orlando Le Fleming, Greg Hutchinson","src":"https:\/\/i0.wp.com\/tomajazz.com\/web\/wp-content\/uploads\/2026\/04\/destacada-02-Lg-Lnd-Photo-by-Joan-Cortes-13mrc26-36JGF-Csn-Gr-bn.jpg?resize=350%2C200&ssl=1","width":350,"height":200,"srcset":"https:\/\/i0.wp.com\/tomajazz.com\/web\/wp-content\/uploads\/2026\/04\/destacada-02-Lg-Lnd-Photo-by-Joan-Cortes-13mrc26-36JGF-Csn-Gr-bn.jpg?resize=350%2C200&ssl=1 1x, https:\/\/i0.wp.com\/tomajazz.com\/web\/wp-content\/uploads\/2026\/04\/destacada-02-Lg-Lnd-Photo-by-Joan-Cortes-13mrc26-36JGF-Csn-Gr-bn.jpg?resize=525%2C300&ssl=1 1.5x"},"classes":[]},{"id":73942,"url":"https:\/\/tomajazz.com\/web\/alba-careta-jazzgranollers-ensemble-2023\/","url_meta":{"origin":72705,"position":3},"title":"Alba Careta &#038; JazzGranollers Ensemble \u201cTeia\u201d (34\u00e8 Jazz Granollers Festival \/ Casino de Granollers-Club de Ritme, 2023-03-31. Granollers -Barcelona-) [III] Por Joan Cort\u00e8s [INSTANTZZ AKA Galer\u00eda fotogr\u00e1fica AKA Fotoblog de jazz, impro\u2026 y algo m\u00e1s]","author":"Tomajazz","date":"16 mayo, 2023","format":false,"excerpt":"Alba Careta actu\u00f3 con el JazzGranollers Ensemble presentando \u201cTeia\u201d en el 34\u00e8 Jazz Granollers Festival, el 31 de marzo de 2023. Joan Cort\u00e8s retrata la actuaci\u00f3n en INSTANTZZ.","rel":"","context":"En \u00abEspecial 34\u00e8 Jazz Granollers Festival 2023\u00bb","block_context":{"text":"Especial 34\u00e8 Jazz Granollers Festival 2023","link":"https:\/\/tomajazz.com\/web\/category\/contenidos\/especial-contenidos\/especial-34e-jazz-granollers-festival-2023\/"},"img":{"alt_text":"Alba Careta & JazzGranollers Ensemble \u201cTeia\u201d (34\u00e8 Jazz Granollers Festival \/ Casino de Granollers-Club de Ritme, 2023-03-31. Granollers -Barcelona-) [III] Por Joan Cort\u00e8s [INSTANTZZ AKA Galer\u00eda fotogr\u00e1fica AKA Fotoblog de jazz, impro\u2026 y algo m\u00e1s] - Tomajazz 9.0 - Alba Careta actu\u00f3 con el JazzGranollers Ensemble presentando \u201cTeia\u201d en el 34\u00e8 Jazz Granollers Festival, el 31 de marzo de 2023. Joan Cort\u00e8s retrata la actuaci\u00f3n en INSTANTZZ.","src":"https:\/\/i0.wp.com\/tomajazz.com\/web\/wp-content\/uploads\/2023\/05\/08-lb-Crt-Jzz-Grnllrs-nsmbl-%C2%A9Joan-Cortes-31mrc23-33JGF-Grnllrs-Alba-Careta-JazzGranollers-Ensemble-Teia-2023-03-31-Granollers.jpg?resize=350%2C200&ssl=1","width":350,"height":200,"srcset":"https:\/\/i0.wp.com\/tomajazz.com\/web\/wp-content\/uploads\/2023\/05\/08-lb-Crt-Jzz-Grnllrs-nsmbl-%C2%A9Joan-Cortes-31mrc23-33JGF-Grnllrs-Alba-Careta-JazzGranollers-Ensemble-Teia-2023-03-31-Granollers.jpg?resize=350%2C200&ssl=1 1x, https:\/\/i0.wp.com\/tomajazz.com\/web\/wp-content\/uploads\/2023\/05\/08-lb-Crt-Jzz-Grnllrs-nsmbl-%C2%A9Joan-Cortes-31mrc23-33JGF-Grnllrs-Alba-Careta-JazzGranollers-Ensemble-Teia-2023-03-31-Granollers.jpg?resize=525%2C300&ssl=1 1.5x"},"classes":[]},{"id":104502,"url":"https:\/\/tomajazz.com\/web\/compania-manuel-linan-muerta-de-amor-flamencuras-2026\/","url_meta":{"origin":72705,"position":4},"title":"Compa\u00f1\u00eda Manuel Li\u00f1\u00e1n \u201cMuerta de Amor\u00bb (Teatre Auditori de Granollers -sala gran-, 2026-02-13 \/ Granollers -Barcelona-) Por Joan Cort\u00e8s [Flamencuras AKA INSTANTZZ AKA Galer\u00eda fotogr\u00e1fica AKA Fotoblog de jazz, impro\u2026 y algo m\u00e1s]","author":"Tomajazz","date":"21 marzo, 2026","format":false,"excerpt":"Compa\u00f1\u00eda Manuel Li\u00f1\u00e1n \u201cMuerta de Amor\" actu\u00f3 en el Teatre Auditori de Granollers el 13 de febrero de 2026. Joan Cort\u00e8s lo retrata en las Flamencuras de INSTANTZZ","rel":"","context":"En \u00abFlamencuras\u00bb","block_context":{"text":"Flamencuras","link":"https:\/\/tomajazz.com\/web\/category\/contenidos\/imagenes\/photoblogs\/flamencuras\/"},"img":{"alt_text":"Compa\u00f1\u00eda Manuel Li\u00f1\u00e1n \u201cMuerta de Amor\" (Teatre Auditori de Granollers -sala gran-, 2026-02-13 \/ Granollers -Barcelona-) Por Joan Cort\u00e8s [Flamencuras AKA INSTANTZZ AKA Galer\u00eda fotogr\u00e1fica AKA Fotoblog de jazz, impro\u2026 y algo m\u00e1s] - Tomajazz - Compa\u00f1\u00eda Manuel Li\u00f1\u00e1n \u201cMuerta de Amor\" actu\u00f3 en el Teatre Auditori de Granollers el 13 de febrero de 2026. Joan Cort\u00e8s lo retrata en las Flamencuras de INSTANTZZ","src":"https:\/\/i0.wp.com\/tomajazz.com\/web\/wp-content\/uploads\/2026\/03\/destacada-03-Mnl-Lnn-Photo-by-Joan-Cortes-13fbr26-Ttr-dtr-Grnllrs.jpg?resize=350%2C200&ssl=1","width":350,"height":200,"srcset":"https:\/\/i0.wp.com\/tomajazz.com\/web\/wp-content\/uploads\/2026\/03\/destacada-03-Mnl-Lnn-Photo-by-Joan-Cortes-13fbr26-Ttr-dtr-Grnllrs.jpg?resize=350%2C200&ssl=1 1x, https:\/\/i0.wp.com\/tomajazz.com\/web\/wp-content\/uploads\/2026\/03\/destacada-03-Mnl-Lnn-Photo-by-Joan-Cortes-13fbr26-Ttr-dtr-Grnllrs.jpg?resize=525%2C300&ssl=1 1.5x"},"classes":[]},{"id":84549,"url":"https:\/\/tomajazz.com\/web\/alfons-bertran-trio-granollers-2024\/","url_meta":{"origin":72705,"position":5},"title":"Alfons Bertran Trio \u201cBabela\u201d (34\u00e8 Jazz Granollers Festival 2024, Casino de Granollers &#8211; Club de Ritme, 2024-02-23. Granollers -Barcelona-) [2] Por Joan Cort\u00e8s [INSTANTZZ AKA Galer\u00eda fotogr\u00e1fica AKA Fotoblog de jazz, impro\u2026 y algo m\u00e1s]","author":"Tomajazz","date":"9 marzo, 2024","format":false,"excerpt":"Alfons Bertran Trio \u201cBabela\u201d actu\u00f3 en el 34\u00e8 Jazz Granollers Festival, en el Casino de Granollers, el 23 de febrero de 2024. Joan Cort\u00e8s retrata su actuaci\u00f3n en INSTANTZZ. Actuaron Alfons Bertran, Roger Mas, Mart\u00ed Serra","rel":"","context":"En \u00ab*_Joan Cort\u00e8s\u00bb","block_context":{"text":"*_Joan Cort\u00e8s","link":"https:\/\/tomajazz.com\/web\/category\/joan-cortes\/"},"img":{"alt_text":"Alfons Bertran Trio \u201cBabela\u201d (34\u00e8 Jazz Granollers Festival 2024, Casino de Granollers - Club de Ritme, 2024-02-23. Granollers -Barcelona-) [2] Por Joan Cort\u00e8s [INSTANTZZ AKA Galer\u00eda fotogr\u00e1fica AKA Fotoblog de jazz, impro\u2026 y algo m\u00e1s] - Tomajazz - Alfons Bertran Trio \u201cBabela\u201d  actu\u00f3 en el 34\u00e8 Jazz Granollers Festival, en el Casino de Granollers, el 23 de febrero de 2024. Joan Cort\u00e8s retrata su actuaci\u00f3n en INSTANTZZ. Actuaron Alfons Bertran, Roger Mas, Mart\u00ed Serra","src":"https:\/\/i0.wp.com\/tomajazz.com\/web\/wp-content\/uploads\/2024\/03\/destacada-3.jpg?resize=350%2C200&ssl=1","width":350,"height":200},"classes":[]}],"_links":{"self":[{"href":"https:\/\/tomajazz.com\/web\/wp-json\/wp\/v2\/posts\/72705","targetHints":{"allow":["GET"]}}],"collection":[{"href":"https:\/\/tomajazz.com\/web\/wp-json\/wp\/v2\/posts"}],"about":[{"href":"https:\/\/tomajazz.com\/web\/wp-json\/wp\/v2\/types\/post"}],"author":[{"embeddable":true,"href":"https:\/\/tomajazz.com\/web\/wp-json\/wp\/v2\/users\/1"}],"replies":[{"embeddable":true,"href":"https:\/\/tomajazz.com\/web\/wp-json\/wp\/v2\/comments?post=72705"}],"version-history":[{"count":4,"href":"https:\/\/tomajazz.com\/web\/wp-json\/wp\/v2\/posts\/72705\/revisions"}],"predecessor-version":[{"id":72767,"href":"https:\/\/tomajazz.com\/web\/wp-json\/wp\/v2\/posts\/72705\/revisions\/72767"}],"wp:featuredmedia":[{"embeddable":true,"href":"https:\/\/tomajazz.com\/web\/wp-json\/wp\/v2\/media\/72714"}],"wp:attachment":[{"href":"https:\/\/tomajazz.com\/web\/wp-json\/wp\/v2\/media?parent=72705"}],"wp:term":[{"taxonomy":"category","embeddable":true,"href":"https:\/\/tomajazz.com\/web\/wp-json\/wp\/v2\/categories?post=72705"},{"taxonomy":"post_tag","embeddable":true,"href":"https:\/\/tomajazz.com\/web\/wp-json\/wp\/v2\/tags?post=72705"}],"curies":[{"name":"wp","href":"https:\/\/api.w.org\/{rel}","templated":true}]}}