{"id":72999,"date":"2023-04-14T12:00:18","date_gmt":"2023-04-14T10:00:18","guid":{"rendered":"https:\/\/www.tomajazz.com\/web\/?p=72999"},"modified":"2023-04-14T07:43:09","modified_gmt":"2023-04-14T05:43:09","slug":"alvaro-torres-trio-barcelona-2023","status":"publish","type":"post","link":"https:\/\/tomajazz.com\/web\/alvaro-torres-trio-barcelona-2023\/","title":{"rendered":"\u00c1lvaro Torres Trio (Temporada Musical, Auditori CaixaForum, 2023-02-26. Barcelona) Por Joan Cort\u00e8s [INSTANTZZ AKA Galer\u00eda fotogr\u00e1fica AKA Fotoblog de jazz, impro\u2026 y algo m\u00e1s]"},"content":{"rendered":"<h3><strong>\u00c1lvaro Torres Trio<\/strong><\/h3>\n<ul>\n<li>Fecha: Domingo, 26 de febrero de 2023<\/li>\n<li>Lugar: Auditori CaixaForum (Barcelona)<\/li>\n<li>Componentes:<br \/>\n\u00c1lvaro Torres, piano<br \/>\nMasa Kamaguchi, contrabajo<br \/>\nKresten Osgood, bater\u00eda<\/li>\n<\/ul>\n<p style=\"text-align: center;\"><img loading=\"lazy\" decoding=\"async\" class=\"aligncenter size-full wp-image-73000\" title=\"\u00c1lvaro Torres Trio (Temporada Musical, Auditori CaixaForum, 2023-02-26. Barcelona) Por Joan Cort\u00e8s [INSTANTZZ AKA Galer\u00eda fotogr\u00e1fica AKA Fotoblog de jazz, impro\u2026 y algo m\u00e1s] Tomajazz 9.0 01 lvr Trrs Tr \u00a9Joan Cortes 26fbr23 TM dtr Cx Frm Bcn Alvaro Torres Trio Temporada Musical Auditori CaixaForum 2023 02 26 Barcelona Joan Cortes INSTANTZZ\" src=\"https:\/\/tomajazz.com\/web\/wp-content\/uploads\/2023\/04\/01-lvr-Trrs-Tr-\u00a9Joan-Cortes-26fbr23-TM-dtr-Cx-Frm-Bcn-Alvaro-Torres-Trio-Temporada-Musical-Auditori-CaixaForum-2023-02-26-Barcelona-Joan-Cortes-INSTANTZZ.jpg\" alt=\"\u00c1lvaro Torres Trio (Temporada Musical, Auditori CaixaForum, 2023-02-26. Barcelona) Por Joan Cort\u00e8s [INSTANTZZ AKA Galer\u00eda fotogr\u00e1fica AKA Fotoblog de jazz, impro\u2026 y algo m\u00e1s] - Tomajazz 9.0 - \u00c1lvaro Torres Trio actu\u00f3 en la Temporada Musical del Auditori CaixaForum de Barcelona el pasado 26 de febrero de 2023. Joan Cort\u00e8s retrata al tr\u00edo en INSTANTZZ.\" width=\"600\" height=\"399\" srcset=\"https:\/\/tomajazz.com\/web\/wp-content\/uploads\/2023\/04\/01-lvr-Trrs-Tr-\u00a9Joan-Cortes-26fbr23-TM-dtr-Cx-Frm-Bcn-Alvaro-Torres-Trio-Temporada-Musical-Auditori-CaixaForum-2023-02-26-Barcelona-Joan-Cortes-INSTANTZZ.jpg 600w, https:\/\/tomajazz.com\/web\/wp-content\/uploads\/2023\/04\/01-lvr-Trrs-Tr-\u00a9Joan-Cortes-26fbr23-TM-dtr-Cx-Frm-Bcn-Alvaro-Torres-Trio-Temporada-Musical-Auditori-CaixaForum-2023-02-26-Barcelona-Joan-Cortes-INSTANTZZ-300x200.jpg 300w, https:\/\/tomajazz.com\/web\/wp-content\/uploads\/2023\/04\/01-lvr-Trrs-Tr-\u00a9Joan-Cortes-26fbr23-TM-dtr-Cx-Frm-Bcn-Alvaro-Torres-Trio-Temporada-Musical-Auditori-CaixaForum-2023-02-26-Barcelona-Joan-Cortes-INSTANTZZ-465x309.jpg 465w\" sizes=\"auto, (max-width: 600px) 100vw, 600px\" \/> <img loading=\"lazy\" decoding=\"async\" class=\"aligncenter size-large wp-image-73001\" title=\"\u00c1lvaro Torres Trio (Temporada Musical, Auditori CaixaForum, 2023-02-26. Barcelona) Por Joan Cort\u00e8s [INSTANTZZ AKA Galer\u00eda fotogr\u00e1fica AKA Fotoblog de jazz, impro\u2026 y algo m\u00e1s] Tomajazz 9.0 02 lvr Trrs Tr \u00a9Joan Cortes 26fbr23 TM dtr Cx Frm Bcn Alvaro Torres Trio Temporada Musical Auditori CaixaForum 2023 02 26 Barcelona Joan Cortes INSTANTZZ\" src=\"https:\/\/tomajazz.com\/web\/wp-content\/uploads\/2023\/04\/02-lvr-Trrs-Tr-\u00a9Joan-Cortes-26fbr23-TM-dtr-Cx-Frm-Bcn-Alvaro-Torres-Trio-Temporada-Musical-Auditori-CaixaForum-2023-02-26-Barcelona-Joan-Cortes-INSTANTZZ.jpg\" alt=\"\u00c1lvaro Torres Trio (Temporada Musical, Auditori CaixaForum, 2023-02-26. Barcelona) Por Joan Cort\u00e8s [INSTANTZZ AKA Galer\u00eda fotogr\u00e1fica AKA Fotoblog de jazz, impro\u2026 y algo m\u00e1s] - Tomajazz 9.0 - \u00c1lvaro Torres Trio actu\u00f3 en la Temporada Musical del Auditori CaixaForum de Barcelona el pasado 26 de febrero de 2023. Joan Cort\u00e8s retrata al tr\u00edo en INSTANTZZ.\" width=\"600\" height=\"399\" srcset=\"https:\/\/tomajazz.com\/web\/wp-content\/uploads\/2023\/04\/02-lvr-Trrs-Tr-\u00a9Joan-Cortes-26fbr23-TM-dtr-Cx-Frm-Bcn-Alvaro-Torres-Trio-Temporada-Musical-Auditori-CaixaForum-2023-02-26-Barcelona-Joan-Cortes-INSTANTZZ.jpg 600w, https:\/\/tomajazz.com\/web\/wp-content\/uploads\/2023\/04\/02-lvr-Trrs-Tr-\u00a9Joan-Cortes-26fbr23-TM-dtr-Cx-Frm-Bcn-Alvaro-Torres-Trio-Temporada-Musical-Auditori-CaixaForum-2023-02-26-Barcelona-Joan-Cortes-INSTANTZZ-300x200.jpg 300w, https:\/\/tomajazz.com\/web\/wp-content\/uploads\/2023\/04\/02-lvr-Trrs-Tr-\u00a9Joan-Cortes-26fbr23-TM-dtr-Cx-Frm-Bcn-Alvaro-Torres-Trio-Temporada-Musical-Auditori-CaixaForum-2023-02-26-Barcelona-Joan-Cortes-INSTANTZZ-465x309.jpg 465w\" sizes=\"auto, (max-width: 600px) 100vw, 600px\" \/> <img loading=\"lazy\" decoding=\"async\" class=\"aligncenter size-large wp-image-73002\" title=\"\u00c1lvaro Torres Trio (Temporada Musical, Auditori CaixaForum, 2023-02-26. Barcelona) Por Joan Cort\u00e8s [INSTANTZZ AKA Galer\u00eda fotogr\u00e1fica AKA Fotoblog de jazz, impro\u2026 y algo m\u00e1s] Tomajazz 9.0 03 lvr Trrs Tr \u00a9Joan Cortes 26fbr23 TM dtr Cx Frm Bcn Alvaro Torres Trio Temporada Musical Auditori CaixaForum 2023 02 26 Barcelona Joan Cortes INSTANTZZ\" src=\"https:\/\/tomajazz.com\/web\/wp-content\/uploads\/2023\/04\/03-lvr-Trrs-Tr-\u00a9Joan-Cortes-26fbr23-TM-dtr-Cx-Frm-Bcn-Alvaro-Torres-Trio-Temporada-Musical-Auditori-CaixaForum-2023-02-26-Barcelona-Joan-Cortes-INSTANTZZ.jpg\" alt=\"\u00c1lvaro Torres Trio (Temporada Musical, Auditori CaixaForum, 2023-02-26. Barcelona) Por Joan Cort\u00e8s [INSTANTZZ AKA Galer\u00eda fotogr\u00e1fica AKA Fotoblog de jazz, impro\u2026 y algo m\u00e1s] - Tomajazz 9.0 - \u00c1lvaro Torres Trio actu\u00f3 en la Temporada Musical del Auditori CaixaForum de Barcelona el pasado 26 de febrero de 2023. Joan Cort\u00e8s retrata al tr\u00edo en INSTANTZZ.\" width=\"600\" height=\"399\" srcset=\"https:\/\/tomajazz.com\/web\/wp-content\/uploads\/2023\/04\/03-lvr-Trrs-Tr-\u00a9Joan-Cortes-26fbr23-TM-dtr-Cx-Frm-Bcn-Alvaro-Torres-Trio-Temporada-Musical-Auditori-CaixaForum-2023-02-26-Barcelona-Joan-Cortes-INSTANTZZ.jpg 600w, https:\/\/tomajazz.com\/web\/wp-content\/uploads\/2023\/04\/03-lvr-Trrs-Tr-\u00a9Joan-Cortes-26fbr23-TM-dtr-Cx-Frm-Bcn-Alvaro-Torres-Trio-Temporada-Musical-Auditori-CaixaForum-2023-02-26-Barcelona-Joan-Cortes-INSTANTZZ-300x200.jpg 300w, https:\/\/tomajazz.com\/web\/wp-content\/uploads\/2023\/04\/03-lvr-Trrs-Tr-\u00a9Joan-Cortes-26fbr23-TM-dtr-Cx-Frm-Bcn-Alvaro-Torres-Trio-Temporada-Musical-Auditori-CaixaForum-2023-02-26-Barcelona-Joan-Cortes-INSTANTZZ-465x309.jpg 465w\" sizes=\"auto, (max-width: 600px) 100vw, 600px\" \/> <img loading=\"lazy\" decoding=\"async\" class=\"aligncenter size-large wp-image-73003\" title=\"\u00c1lvaro Torres Trio (Temporada Musical, Auditori CaixaForum, 2023-02-26. Barcelona) Por Joan Cort\u00e8s [INSTANTZZ AKA Galer\u00eda fotogr\u00e1fica AKA Fotoblog de jazz, impro\u2026 y algo m\u00e1s] Tomajazz 9.0 04 lvr Trrs Tr \u00a9Joan Cortes 26fbr23 TM dtr Cx Frm Bcn Alvaro Torres Trio Temporada Musical Auditori CaixaForum 2023 02 26 Barcelona Joan Cortes INSTANTZZ\" src=\"https:\/\/tomajazz.com\/web\/wp-content\/uploads\/2023\/04\/04-lvr-Trrs-Tr-\u00a9Joan-Cortes-26fbr23-TM-dtr-Cx-Frm-Bcn-Alvaro-Torres-Trio-Temporada-Musical-Auditori-CaixaForum-2023-02-26-Barcelona-Joan-Cortes-INSTANTZZ.jpg\" alt=\"\u00c1lvaro Torres Trio (Temporada Musical, Auditori CaixaForum, 2023-02-26. Barcelona) Por Joan Cort\u00e8s [INSTANTZZ AKA Galer\u00eda fotogr\u00e1fica AKA Fotoblog de jazz, impro\u2026 y algo m\u00e1s] - Tomajazz 9.0 - \u00c1lvaro Torres Trio actu\u00f3 en la Temporada Musical del Auditori CaixaForum de Barcelona el pasado 26 de febrero de 2023. Joan Cort\u00e8s retrata al tr\u00edo en INSTANTZZ.\" width=\"399\" height=\"600\" srcset=\"https:\/\/tomajazz.com\/web\/wp-content\/uploads\/2023\/04\/04-lvr-Trrs-Tr-\u00a9Joan-Cortes-26fbr23-TM-dtr-Cx-Frm-Bcn-Alvaro-Torres-Trio-Temporada-Musical-Auditori-CaixaForum-2023-02-26-Barcelona-Joan-Cortes-INSTANTZZ.jpg 399w, https:\/\/tomajazz.com\/web\/wp-content\/uploads\/2023\/04\/04-lvr-Trrs-Tr-\u00a9Joan-Cortes-26fbr23-TM-dtr-Cx-Frm-Bcn-Alvaro-Torres-Trio-Temporada-Musical-Auditori-CaixaForum-2023-02-26-Barcelona-Joan-Cortes-INSTANTZZ-200x300.jpg 200w, https:\/\/tomajazz.com\/web\/wp-content\/uploads\/2023\/04\/04-lvr-Trrs-Tr-\u00a9Joan-Cortes-26fbr23-TM-dtr-Cx-Frm-Bcn-Alvaro-Torres-Trio-Temporada-Musical-Auditori-CaixaForum-2023-02-26-Barcelona-Joan-Cortes-INSTANTZZ-366x550.jpg 366w, https:\/\/tomajazz.com\/web\/wp-content\/uploads\/2023\/04\/04-lvr-Trrs-Tr-\u00a9Joan-Cortes-26fbr23-TM-dtr-Cx-Frm-Bcn-Alvaro-Torres-Trio-Temporada-Musical-Auditori-CaixaForum-2023-02-26-Barcelona-Joan-Cortes-INSTANTZZ-333x500.jpg 333w\" sizes=\"auto, (max-width: 399px) 100vw, 399px\" \/> <img loading=\"lazy\" decoding=\"async\" class=\"aligncenter size-large wp-image-73004\" title=\"\u00c1lvaro Torres Trio (Temporada Musical, Auditori CaixaForum, 2023-02-26. Barcelona) Por Joan Cort\u00e8s [INSTANTZZ AKA Galer\u00eda fotogr\u00e1fica AKA Fotoblog de jazz, impro\u2026 y algo m\u00e1s] Tomajazz 9.0 05 lvr Trrs Tr \u00a9Joan Cortes 26fbr23 TM dtr Cx Frm Bcn Alvaro Torres Trio Temporada Musical Auditori CaixaForum 2023 02 26 Barcelona Joan Cortes INSTANTZZ\" src=\"https:\/\/tomajazz.com\/web\/wp-content\/uploads\/2023\/04\/05-lvr-Trrs-Tr-\u00a9Joan-Cortes-26fbr23-TM-dtr-Cx-Frm-Bcn-Alvaro-Torres-Trio-Temporada-Musical-Auditori-CaixaForum-2023-02-26-Barcelona-Joan-Cortes-INSTANTZZ.jpg\" alt=\"\u00c1lvaro Torres Trio (Temporada Musical, Auditori CaixaForum, 2023-02-26. Barcelona) Por Joan Cort\u00e8s [INSTANTZZ AKA Galer\u00eda fotogr\u00e1fica AKA Fotoblog de jazz, impro\u2026 y algo m\u00e1s] - Tomajazz 9.0 - \u00c1lvaro Torres Trio actu\u00f3 en la Temporada Musical del Auditori CaixaForum de Barcelona el pasado 26 de febrero de 2023. Joan Cort\u00e8s retrata al tr\u00edo en INSTANTZZ.\" width=\"399\" height=\"600\" srcset=\"https:\/\/tomajazz.com\/web\/wp-content\/uploads\/2023\/04\/05-lvr-Trrs-Tr-\u00a9Joan-Cortes-26fbr23-TM-dtr-Cx-Frm-Bcn-Alvaro-Torres-Trio-Temporada-Musical-Auditori-CaixaForum-2023-02-26-Barcelona-Joan-Cortes-INSTANTZZ.jpg 399w, https:\/\/tomajazz.com\/web\/wp-content\/uploads\/2023\/04\/05-lvr-Trrs-Tr-\u00a9Joan-Cortes-26fbr23-TM-dtr-Cx-Frm-Bcn-Alvaro-Torres-Trio-Temporada-Musical-Auditori-CaixaForum-2023-02-26-Barcelona-Joan-Cortes-INSTANTZZ-200x300.jpg 200w, https:\/\/tomajazz.com\/web\/wp-content\/uploads\/2023\/04\/05-lvr-Trrs-Tr-\u00a9Joan-Cortes-26fbr23-TM-dtr-Cx-Frm-Bcn-Alvaro-Torres-Trio-Temporada-Musical-Auditori-CaixaForum-2023-02-26-Barcelona-Joan-Cortes-INSTANTZZ-366x550.jpg 366w, https:\/\/tomajazz.com\/web\/wp-content\/uploads\/2023\/04\/05-lvr-Trrs-Tr-\u00a9Joan-Cortes-26fbr23-TM-dtr-Cx-Frm-Bcn-Alvaro-Torres-Trio-Temporada-Musical-Auditori-CaixaForum-2023-02-26-Barcelona-Joan-Cortes-INSTANTZZ-333x500.jpg 333w\" sizes=\"auto, (max-width: 399px) 100vw, 399px\" \/> <img loading=\"lazy\" decoding=\"async\" class=\"aligncenter size-large wp-image-73005\" title=\"\u00c1lvaro Torres Trio (Temporada Musical, Auditori CaixaForum, 2023-02-26. Barcelona) Por Joan Cort\u00e8s [INSTANTZZ AKA Galer\u00eda fotogr\u00e1fica AKA Fotoblog de jazz, impro\u2026 y algo m\u00e1s] Tomajazz 9.0 06 lvr Trrs Tr \u00a9Joan Cortes 26fbr23 TM dtr Cx Frm Bcn Alvaro Torres Trio Temporada Musical Auditori CaixaForum 2023 02 26 Barcelona Joan Cortes INSTANTZZ\" src=\"https:\/\/tomajazz.com\/web\/wp-content\/uploads\/2023\/04\/06-lvr-Trrs-Tr-\u00a9Joan-Cortes-26fbr23-TM-dtr-Cx-Frm-Bcn-Alvaro-Torres-Trio-Temporada-Musical-Auditori-CaixaForum-2023-02-26-Barcelona-Joan-Cortes-INSTANTZZ.jpg\" alt=\"\u00c1lvaro Torres Trio (Temporada Musical, Auditori CaixaForum, 2023-02-26. Barcelona) Por Joan Cort\u00e8s [INSTANTZZ AKA Galer\u00eda fotogr\u00e1fica AKA Fotoblog de jazz, impro\u2026 y algo m\u00e1s] - Tomajazz 9.0 - \u00c1lvaro Torres Trio actu\u00f3 en la Temporada Musical del Auditori CaixaForum de Barcelona el pasado 26 de febrero de 2023. Joan Cort\u00e8s retrata al tr\u00edo en INSTANTZZ.\" width=\"600\" height=\"399\" srcset=\"https:\/\/tomajazz.com\/web\/wp-content\/uploads\/2023\/04\/06-lvr-Trrs-Tr-\u00a9Joan-Cortes-26fbr23-TM-dtr-Cx-Frm-Bcn-Alvaro-Torres-Trio-Temporada-Musical-Auditori-CaixaForum-2023-02-26-Barcelona-Joan-Cortes-INSTANTZZ.jpg 600w, https:\/\/tomajazz.com\/web\/wp-content\/uploads\/2023\/04\/06-lvr-Trrs-Tr-\u00a9Joan-Cortes-26fbr23-TM-dtr-Cx-Frm-Bcn-Alvaro-Torres-Trio-Temporada-Musical-Auditori-CaixaForum-2023-02-26-Barcelona-Joan-Cortes-INSTANTZZ-300x200.jpg 300w, https:\/\/tomajazz.com\/web\/wp-content\/uploads\/2023\/04\/06-lvr-Trrs-Tr-\u00a9Joan-Cortes-26fbr23-TM-dtr-Cx-Frm-Bcn-Alvaro-Torres-Trio-Temporada-Musical-Auditori-CaixaForum-2023-02-26-Barcelona-Joan-Cortes-INSTANTZZ-465x309.jpg 465w\" sizes=\"auto, (max-width: 600px) 100vw, 600px\" \/> <img loading=\"lazy\" decoding=\"async\" class=\"aligncenter size-large wp-image-73006\" title=\"\u00c1lvaro Torres Trio (Temporada Musical, Auditori CaixaForum, 2023-02-26. Barcelona) Por Joan Cort\u00e8s [INSTANTZZ AKA Galer\u00eda fotogr\u00e1fica AKA Fotoblog de jazz, impro\u2026 y algo m\u00e1s] Tomajazz 9.0 07 lvr Trrs Tr \u00a9Joan Cortes 26fbr23 TM dtr Cx Frm Bcn Alvaro Torres Trio Temporada Musical Auditori CaixaForum 2023 02 26 Barcelona Joan Cortes INSTANTZZ\" src=\"https:\/\/tomajazz.com\/web\/wp-content\/uploads\/2023\/04\/07-lvr-Trrs-Tr-\u00a9Joan-Cortes-26fbr23-TM-dtr-Cx-Frm-Bcn-Alvaro-Torres-Trio-Temporada-Musical-Auditori-CaixaForum-2023-02-26-Barcelona-Joan-Cortes-INSTANTZZ.jpg\" alt=\"\u00c1lvaro Torres Trio (Temporada Musical, Auditori CaixaForum, 2023-02-26. Barcelona) Por Joan Cort\u00e8s [INSTANTZZ AKA Galer\u00eda fotogr\u00e1fica AKA Fotoblog de jazz, impro\u2026 y algo m\u00e1s] - Tomajazz 9.0 - \u00c1lvaro Torres Trio actu\u00f3 en la Temporada Musical del Auditori CaixaForum de Barcelona el pasado 26 de febrero de 2023. Joan Cort\u00e8s retrata al tr\u00edo en INSTANTZZ.\" width=\"600\" height=\"399\" srcset=\"https:\/\/tomajazz.com\/web\/wp-content\/uploads\/2023\/04\/07-lvr-Trrs-Tr-\u00a9Joan-Cortes-26fbr23-TM-dtr-Cx-Frm-Bcn-Alvaro-Torres-Trio-Temporada-Musical-Auditori-CaixaForum-2023-02-26-Barcelona-Joan-Cortes-INSTANTZZ.jpg 600w, https:\/\/tomajazz.com\/web\/wp-content\/uploads\/2023\/04\/07-lvr-Trrs-Tr-\u00a9Joan-Cortes-26fbr23-TM-dtr-Cx-Frm-Bcn-Alvaro-Torres-Trio-Temporada-Musical-Auditori-CaixaForum-2023-02-26-Barcelona-Joan-Cortes-INSTANTZZ-300x200.jpg 300w, https:\/\/tomajazz.com\/web\/wp-content\/uploads\/2023\/04\/07-lvr-Trrs-Tr-\u00a9Joan-Cortes-26fbr23-TM-dtr-Cx-Frm-Bcn-Alvaro-Torres-Trio-Temporada-Musical-Auditori-CaixaForum-2023-02-26-Barcelona-Joan-Cortes-INSTANTZZ-465x309.jpg 465w\" sizes=\"auto, (max-width: 600px) 100vw, 600px\" \/> <img loading=\"lazy\" decoding=\"async\" class=\"aligncenter size-large wp-image-73007\" title=\"\u00c1lvaro Torres Trio (Temporada Musical, Auditori CaixaForum, 2023-02-26. Barcelona) Por Joan Cort\u00e8s [INSTANTZZ AKA Galer\u00eda fotogr\u00e1fica AKA Fotoblog de jazz, impro\u2026 y algo m\u00e1s] Tomajazz 9.0 08 lvr Trrs Tr \u00a9Joan Cortes 26fbr23 TM dtr Cx Frm Bcn Alvaro Torres Trio Temporada Musical Auditori CaixaForum 2023 02 26 Barcelona Joan Cortes INSTANTZZ\" src=\"https:\/\/tomajazz.com\/web\/wp-content\/uploads\/2023\/04\/08-lvr-Trrs-Tr-\u00a9Joan-Cortes-26fbr23-TM-dtr-Cx-Frm-Bcn-Alvaro-Torres-Trio-Temporada-Musical-Auditori-CaixaForum-2023-02-26-Barcelona-Joan-Cortes-INSTANTZZ.jpg\" alt=\"\u00c1lvaro Torres Trio (Temporada Musical, Auditori CaixaForum, 2023-02-26. Barcelona) Por Joan Cort\u00e8s [INSTANTZZ AKA Galer\u00eda fotogr\u00e1fica AKA Fotoblog de jazz, impro\u2026 y algo m\u00e1s] - Tomajazz 9.0 - \u00c1lvaro Torres Trio actu\u00f3 en la Temporada Musical del Auditori CaixaForum de Barcelona el pasado 26 de febrero de 2023. Joan Cort\u00e8s retrata al tr\u00edo en INSTANTZZ.\" width=\"600\" height=\"399\" srcset=\"https:\/\/tomajazz.com\/web\/wp-content\/uploads\/2023\/04\/08-lvr-Trrs-Tr-\u00a9Joan-Cortes-26fbr23-TM-dtr-Cx-Frm-Bcn-Alvaro-Torres-Trio-Temporada-Musical-Auditori-CaixaForum-2023-02-26-Barcelona-Joan-Cortes-INSTANTZZ.jpg 600w, https:\/\/tomajazz.com\/web\/wp-content\/uploads\/2023\/04\/08-lvr-Trrs-Tr-\u00a9Joan-Cortes-26fbr23-TM-dtr-Cx-Frm-Bcn-Alvaro-Torres-Trio-Temporada-Musical-Auditori-CaixaForum-2023-02-26-Barcelona-Joan-Cortes-INSTANTZZ-300x200.jpg 300w, https:\/\/tomajazz.com\/web\/wp-content\/uploads\/2023\/04\/08-lvr-Trrs-Tr-\u00a9Joan-Cortes-26fbr23-TM-dtr-Cx-Frm-Bcn-Alvaro-Torres-Trio-Temporada-Musical-Auditori-CaixaForum-2023-02-26-Barcelona-Joan-Cortes-INSTANTZZ-465x309.jpg 465w\" sizes=\"auto, (max-width: 600px) 100vw, 600px\" \/> <img loading=\"lazy\" decoding=\"async\" class=\"aligncenter size-large wp-image-73008\" title=\"\u00c1lvaro Torres Trio (Temporada Musical, Auditori CaixaForum, 2023-02-26. Barcelona) Por Joan Cort\u00e8s [INSTANTZZ AKA Galer\u00eda fotogr\u00e1fica AKA Fotoblog de jazz, impro\u2026 y algo m\u00e1s] Tomajazz 9.0 09 lvr Trrs Tr \u00a9Joan Cortes 26fbr23 TM dtr Cx Frm Bcn Alvaro Torres Trio Temporada Musical Auditori CaixaForum 2023 02 26 Barcelona Joan Cortes INSTANTZZ\" src=\"https:\/\/tomajazz.com\/web\/wp-content\/uploads\/2023\/04\/09-lvr-Trrs-Tr-\u00a9Joan-Cortes-26fbr23-TM-dtr-Cx-Frm-Bcn-Alvaro-Torres-Trio-Temporada-Musical-Auditori-CaixaForum-2023-02-26-Barcelona-Joan-Cortes-INSTANTZZ.jpg\" alt=\"\u00c1lvaro Torres Trio (Temporada Musical, Auditori CaixaForum, 2023-02-26. Barcelona) Por Joan Cort\u00e8s [INSTANTZZ AKA Galer\u00eda fotogr\u00e1fica AKA Fotoblog de jazz, impro\u2026 y algo m\u00e1s] - Tomajazz 9.0 - \u00c1lvaro Torres Trio actu\u00f3 en la Temporada Musical del Auditori CaixaForum de Barcelona el pasado 26 de febrero de 2023. Joan Cort\u00e8s retrata al tr\u00edo en INSTANTZZ.\" width=\"399\" height=\"600\" srcset=\"https:\/\/tomajazz.com\/web\/wp-content\/uploads\/2023\/04\/09-lvr-Trrs-Tr-\u00a9Joan-Cortes-26fbr23-TM-dtr-Cx-Frm-Bcn-Alvaro-Torres-Trio-Temporada-Musical-Auditori-CaixaForum-2023-02-26-Barcelona-Joan-Cortes-INSTANTZZ.jpg 399w, https:\/\/tomajazz.com\/web\/wp-content\/uploads\/2023\/04\/09-lvr-Trrs-Tr-\u00a9Joan-Cortes-26fbr23-TM-dtr-Cx-Frm-Bcn-Alvaro-Torres-Trio-Temporada-Musical-Auditori-CaixaForum-2023-02-26-Barcelona-Joan-Cortes-INSTANTZZ-200x300.jpg 200w, https:\/\/tomajazz.com\/web\/wp-content\/uploads\/2023\/04\/09-lvr-Trrs-Tr-\u00a9Joan-Cortes-26fbr23-TM-dtr-Cx-Frm-Bcn-Alvaro-Torres-Trio-Temporada-Musical-Auditori-CaixaForum-2023-02-26-Barcelona-Joan-Cortes-INSTANTZZ-366x550.jpg 366w, https:\/\/tomajazz.com\/web\/wp-content\/uploads\/2023\/04\/09-lvr-Trrs-Tr-\u00a9Joan-Cortes-26fbr23-TM-dtr-Cx-Frm-Bcn-Alvaro-Torres-Trio-Temporada-Musical-Auditori-CaixaForum-2023-02-26-Barcelona-Joan-Cortes-INSTANTZZ-333x500.jpg 333w\" sizes=\"auto, (max-width: 399px) 100vw, 399px\" \/> <img loading=\"lazy\" decoding=\"async\" class=\"aligncenter size-large wp-image-73009\" title=\"\u00c1lvaro Torres Trio (Temporada Musical, Auditori CaixaForum, 2023-02-26. Barcelona) Por Joan Cort\u00e8s [INSTANTZZ AKA Galer\u00eda fotogr\u00e1fica AKA Fotoblog de jazz, impro\u2026 y algo m\u00e1s] Tomajazz 9.0 10 lvr Trrs Tr \u00a9Joan Cortes 26fbr23 TM dtr Cx Frm Bcn Alvaro Torres Trio Temporada Musical Auditori CaixaForum 2023 02 26 Barcelona Joan Cortes INSTANTZZ\" src=\"https:\/\/tomajazz.com\/web\/wp-content\/uploads\/2023\/04\/10-lvr-Trrs-Tr-\u00a9Joan-Cortes-26fbr23-TM-dtr-Cx-Frm-Bcn-Alvaro-Torres-Trio-Temporada-Musical-Auditori-CaixaForum-2023-02-26-Barcelona-Joan-Cortes-INSTANTZZ.jpg\" alt=\"\u00c1lvaro Torres Trio (Temporada Musical, Auditori CaixaForum, 2023-02-26. Barcelona) Por Joan Cort\u00e8s [INSTANTZZ AKA Galer\u00eda fotogr\u00e1fica AKA Fotoblog de jazz, impro\u2026 y algo m\u00e1s] - Tomajazz 9.0 - \u00c1lvaro Torres Trio actu\u00f3 en la Temporada Musical del Auditori CaixaForum de Barcelona el pasado 26 de febrero de 2023. Joan Cort\u00e8s retrata al tr\u00edo en INSTANTZZ.\" width=\"600\" height=\"399\" srcset=\"https:\/\/tomajazz.com\/web\/wp-content\/uploads\/2023\/04\/10-lvr-Trrs-Tr-\u00a9Joan-Cortes-26fbr23-TM-dtr-Cx-Frm-Bcn-Alvaro-Torres-Trio-Temporada-Musical-Auditori-CaixaForum-2023-02-26-Barcelona-Joan-Cortes-INSTANTZZ.jpg 600w, https:\/\/tomajazz.com\/web\/wp-content\/uploads\/2023\/04\/10-lvr-Trrs-Tr-\u00a9Joan-Cortes-26fbr23-TM-dtr-Cx-Frm-Bcn-Alvaro-Torres-Trio-Temporada-Musical-Auditori-CaixaForum-2023-02-26-Barcelona-Joan-Cortes-INSTANTZZ-300x200.jpg 300w, https:\/\/tomajazz.com\/web\/wp-content\/uploads\/2023\/04\/10-lvr-Trrs-Tr-\u00a9Joan-Cortes-26fbr23-TM-dtr-Cx-Frm-Bcn-Alvaro-Torres-Trio-Temporada-Musical-Auditori-CaixaForum-2023-02-26-Barcelona-Joan-Cortes-INSTANTZZ-465x309.jpg 465w\" sizes=\"auto, (max-width: 600px) 100vw, 600px\" \/> <img loading=\"lazy\" decoding=\"async\" class=\"aligncenter size-large wp-image-73012\" title=\"\u00c1lvaro Torres Trio (Temporada Musical, Auditori CaixaForum, 2023-02-26. Barcelona) Por Joan Cort\u00e8s [INSTANTZZ AKA Galer\u00eda fotogr\u00e1fica AKA Fotoblog de jazz, impro\u2026 y algo m\u00e1s] Tomajazz 9.0 11 lvr Trrs Tr \u00a9Joan Cortes 26fbr23 TM dtr Cx Frm Bcn Alvaro Torres Trio Temporada Musical Auditori CaixaForum 2023 02 26 Barcelona Joan Cortes INSTANTZZ 1\" src=\"https:\/\/tomajazz.com\/web\/wp-content\/uploads\/2023\/04\/11-lvr-Trrs-Tr-\u00a9Joan-Cortes-26fbr23-TM-dtr-Cx-Frm-Bcn-Alvaro-Torres-Trio-Temporada-Musical-Auditori-CaixaForum-2023-02-26-Barcelona-Joan-Cortes-INSTANTZZ-1.jpg\" alt=\"\u00c1lvaro Torres Trio (Temporada Musical, Auditori CaixaForum, 2023-02-26. Barcelona) Por Joan Cort\u00e8s [INSTANTZZ AKA Galer\u00eda fotogr\u00e1fica AKA Fotoblog de jazz, impro\u2026 y algo m\u00e1s] - Tomajazz 9.0 - \u00c1lvaro Torres Trio actu\u00f3 en la Temporada Musical del Auditori CaixaForum de Barcelona el pasado 26 de febrero de 2023. Joan Cort\u00e8s retrata al tr\u00edo en INSTANTZZ.\" width=\"600\" height=\"399\" srcset=\"https:\/\/tomajazz.com\/web\/wp-content\/uploads\/2023\/04\/11-lvr-Trrs-Tr-\u00a9Joan-Cortes-26fbr23-TM-dtr-Cx-Frm-Bcn-Alvaro-Torres-Trio-Temporada-Musical-Auditori-CaixaForum-2023-02-26-Barcelona-Joan-Cortes-INSTANTZZ-1.jpg 600w, https:\/\/tomajazz.com\/web\/wp-content\/uploads\/2023\/04\/11-lvr-Trrs-Tr-\u00a9Joan-Cortes-26fbr23-TM-dtr-Cx-Frm-Bcn-Alvaro-Torres-Trio-Temporada-Musical-Auditori-CaixaForum-2023-02-26-Barcelona-Joan-Cortes-INSTANTZZ-1-300x200.jpg 300w, https:\/\/tomajazz.com\/web\/wp-content\/uploads\/2023\/04\/11-lvr-Trrs-Tr-\u00a9Joan-Cortes-26fbr23-TM-dtr-Cx-Frm-Bcn-Alvaro-Torres-Trio-Temporada-Musical-Auditori-CaixaForum-2023-02-26-Barcelona-Joan-Cortes-INSTANTZZ-1-465x309.jpg 465w\" sizes=\"auto, (max-width: 600px) 100vw, 600px\" \/> <img loading=\"lazy\" decoding=\"async\" class=\"aligncenter size-large wp-image-73013\" title=\"\u00c1lvaro Torres Trio (Temporada Musical, Auditori CaixaForum, 2023-02-26. Barcelona) Por Joan Cort\u00e8s [INSTANTZZ AKA Galer\u00eda fotogr\u00e1fica AKA Fotoblog de jazz, impro\u2026 y algo m\u00e1s] Tomajazz 9.0 12 lvr Trrs Tr \u00a9Joan Cortes 26fbr23 TM dtr Cx Frm Bcn Alvaro Torres Trio Temporada Musical Auditori CaixaForum 2023 02 26 Barcelona Joan Cortes INSTANTZZ 1\" src=\"https:\/\/tomajazz.com\/web\/wp-content\/uploads\/2023\/04\/12-lvr-Trrs-Tr-\u00a9Joan-Cortes-26fbr23-TM-dtr-Cx-Frm-Bcn-Alvaro-Torres-Trio-Temporada-Musical-Auditori-CaixaForum-2023-02-26-Barcelona-Joan-Cortes-INSTANTZZ-1.jpg\" alt=\"\u00c1lvaro Torres Trio (Temporada Musical, Auditori CaixaForum, 2023-02-26. Barcelona) Por Joan Cort\u00e8s [INSTANTZZ AKA Galer\u00eda fotogr\u00e1fica AKA Fotoblog de jazz, impro\u2026 y algo m\u00e1s] - Tomajazz 9.0 - \u00c1lvaro Torres Trio actu\u00f3 en la Temporada Musical del Auditori CaixaForum de Barcelona el pasado 26 de febrero de 2023. Joan Cort\u00e8s retrata al tr\u00edo en INSTANTZZ.\" width=\"600\" height=\"399\" srcset=\"https:\/\/tomajazz.com\/web\/wp-content\/uploads\/2023\/04\/12-lvr-Trrs-Tr-\u00a9Joan-Cortes-26fbr23-TM-dtr-Cx-Frm-Bcn-Alvaro-Torres-Trio-Temporada-Musical-Auditori-CaixaForum-2023-02-26-Barcelona-Joan-Cortes-INSTANTZZ-1.jpg 600w, https:\/\/tomajazz.com\/web\/wp-content\/uploads\/2023\/04\/12-lvr-Trrs-Tr-\u00a9Joan-Cortes-26fbr23-TM-dtr-Cx-Frm-Bcn-Alvaro-Torres-Trio-Temporada-Musical-Auditori-CaixaForum-2023-02-26-Barcelona-Joan-Cortes-INSTANTZZ-1-300x200.jpg 300w, https:\/\/tomajazz.com\/web\/wp-content\/uploads\/2023\/04\/12-lvr-Trrs-Tr-\u00a9Joan-Cortes-26fbr23-TM-dtr-Cx-Frm-Bcn-Alvaro-Torres-Trio-Temporada-Musical-Auditori-CaixaForum-2023-02-26-Barcelona-Joan-Cortes-INSTANTZZ-1-465x309.jpg 465w\" sizes=\"auto, (max-width: 600px) 100vw, 600px\" \/><\/p>\n<p style=\"text-align: right;\">Tomajazz: Fotograf\u00edas: \u00a9 <a href=\"https:\/\/www.facebook.com\/joan.cortesbenages\" target=\"_blank\" rel=\"noopener\"><strong>Joan Cort\u00e8s<\/strong><\/a>, 2023<\/p>\n<h3>M\u00e1s informaci\u00f3n sobre \u00c1lvaro Torres Tr\u00edo<\/h3>\n<p><a href=\"https:\/\/www.alvarotorresmusic.com\/\" target=\"_blank\" rel=\"noopener\">https:\/\/www.alvarotorresmusic.com\/<\/a><\/p>\n<p><a href=\"https:\/\/tomajazz.com\/web\/?s=alvaro+torres&amp;submit=Search\" target=\"_blank\" rel=\"noopener\">https:\/\/tomajazz.com\/web\/?s=alvaro+torres&amp;submit=Search<\/a><\/p>\n<h3>Joan Cort\u00e8s en Tomajazz<\/h3>\n<p><a href=\"https:\/\/tomajazz.com\/web\/?cat=17853\" target=\"_blank\" rel=\"noopener\">https:\/\/tomajazz.com\/web\/?cat=17853<\/a><\/p>\n","protected":false},"excerpt":{"rendered":"<p>\u00c1lvaro Torres Trio actu\u00f3 en la Temporada Musical del Auditori CaixaForum de Barcelona el pasado 26 de febrero de 2023. Joan Cort\u00e8s retrata al tr\u00edo en INSTANTZZ.<span class=\"more-link\"><a href=\"https:\/\/tomajazz.com\/web\/alvaro-torres-trio-barcelona-2023\/\">Contin\u00faa leyendo<\/a><\/span><\/p>\n","protected":false},"author":1,"featured_media":73013,"comment_status":"open","ping_status":"closed","sticky":false,"template":"","format":"standard","meta":{"jetpack_post_was_ever_published":false,"_jetpack_newsletter_access":"","_jetpack_dont_email_post_to_subs":false,"_jetpack_newsletter_tier_id":0,"_jetpack_memberships_contains_paywalled_content":false,"_jetpack_memberships_contains_paid_content":false,"footnotes":""},"categories":[11261,17853,11262,15516,1038],"tags":[25404,28401,1041,7601,26],"class_list":["entry","author-pachi","has-excerpt","post-72999","post","type-post","status-publish","format-standard","has-post-thumbnail","category-instantzz","category-joan-cortes","category-photoblogs","category-imagenes","category-contenidos","tag-alvaro-torres","tag-alvaro-torres-trio","tag-joan-cortes","tag-kresten-osgood","tag-masa-kamaguchi"],"jetpack_featured_media_url":"https:\/\/tomajazz.com\/web\/wp-content\/uploads\/2023\/04\/12-lvr-Trrs-Tr-\u00a9Joan-Cortes-26fbr23-TM-dtr-Cx-Frm-Bcn-Alvaro-Torres-Trio-Temporada-Musical-Auditori-CaixaForum-2023-02-26-Barcelona-Joan-Cortes-INSTANTZZ-1.jpg","jetpack_likes_enabled":true,"jetpack_sharing_enabled":true,"jetpack-related-posts":[{"id":104557,"url":"https:\/\/tomajazz.com\/web\/russ-lossing-mood-trio-jamboree-2026\/","url_meta":{"origin":72999,"position":0},"title":"Russ Lossing Mood Trio (Jamboree-01, 2026-02-18 \/ Barcelona) Por Joan Cort\u00e8s [INSTANTZZ AKA Galer\u00eda fotogr\u00e1fica AKA Fotoblog de jazz, impro\u2026 y algo m\u00e1s]","author":"Tomajazz","date":"24 marzo, 2026","format":false,"excerpt":"Russ Lossing Mood Trio actu\u00f3 en Jamboree el 18 de febrero de 2025. Joan Cort\u00e8s lo retrata en INSTANTZZ. Russ Lossing Mood Trio son Russ Lossing, Masa Kamaguchi, Dayeon Seok","rel":"","context":"En \u00abINSTANTZZ\u00bb","block_context":{"text":"INSTANTZZ","link":"https:\/\/tomajazz.com\/web\/category\/contenidos\/imagenes\/photoblogs\/instantzz\/"},"img":{"alt_text":"Russ Lossing Mood Trio (Jamboree-01, 2026-02-18 \/ Barcelona) Por Joan Cort\u00e8s [INSTANTZZ AKA Galer\u00eda fotogr\u00e1fica AKA Fotoblog de jazz, impro\u2026 y algo m\u00e1s] - Tomajazz - Russ Lossing Mood Trio actu\u00f3 en Jamboree el 18 de febrero de 2025. Joan Cort\u00e8s lo retrata en INSTANTZZ. Russ Lossing Mood Trio son \nRuss Lossing, Masa Kamaguchi, Dayeon Seok","src":"https:\/\/i0.wp.com\/tomajazz.com\/web\/wp-content\/uploads\/2026\/03\/destacado-07-Rss-Lssng-Photo-by-Joan-Cortes-18fbr26-Jmbr-Bcn.jpg?resize=350%2C200&ssl=1","width":350,"height":200,"srcset":"https:\/\/i0.wp.com\/tomajazz.com\/web\/wp-content\/uploads\/2026\/03\/destacado-07-Rss-Lssng-Photo-by-Joan-Cortes-18fbr26-Jmbr-Bcn.jpg?resize=350%2C200&ssl=1 1x, https:\/\/i0.wp.com\/tomajazz.com\/web\/wp-content\/uploads\/2026\/03\/destacado-07-Rss-Lssng-Photo-by-Joan-Cortes-18fbr26-Jmbr-Bcn.jpg?resize=525%2C300&ssl=1 1.5x"},"classes":[]},{"id":103216,"url":"https:\/\/tomajazz.com\/web\/manon-mullener-trio-jamboree-2025\/","url_meta":{"origin":72999,"position":1},"title":"Manon Mullener Trio (Jamboree, 2025-11-26 \/ Barcelona) Por Joan Cort\u00e8s [INSTANTZZ AKA Galer\u00eda fotogr\u00e1fica AKA Fotoblog de jazz, impro\u2026 y algo m\u00e1s]","author":"Tomajazz","date":"8 enero, 2026","format":false,"excerpt":"Manon Mullener Trio actu\u00f3 en Jamboree, Barcelona, el 26 de noviembre de 2025. Joan Cort\u00e8s lo retrata en INSTANTZZ. Actuaron Manon Mullener, Rodrigo Aravena, Lucien Mullener, Yuri Hern\u00e1ndez","rel":"","context":"En \u00ab*_Joan Cort\u00e8s\u00bb","block_context":{"text":"*_Joan Cort\u00e8s","link":"https:\/\/tomajazz.com\/web\/category\/joan-cortes\/"},"img":{"alt_text":"Manon Mullener Trio (Jamboree, 2025-11-26 \/ Barcelona) Por Joan Cort\u00e8s [INSTANTZZ AKA Galer\u00eda fotogr\u00e1fica AKA Fotoblog de jazz, impro\u2026 y algo m\u00e1s] - Tomajazz - Manon Mullener Trio actu\u00f3 en Jamboree, Barcelona, el 26 de noviembre de 2025. Joan Cort\u00e8s lo retrata en INSTANTZZ. Actuaron Manon Mullener, Rodrigo Aravena, Lucien Mullener, Yuri Hern\u00e1ndez\n","src":"https:\/\/i0.wp.com\/tomajazz.com\/web\/wp-content\/uploads\/2026\/01\/destacado-08-Mnn-Mllnr-Photo-by-Joan-Cortes-26nvm25-Jmbrr-Bcn.jpg?resize=350%2C200&ssl=1","width":350,"height":200,"srcset":"https:\/\/i0.wp.com\/tomajazz.com\/web\/wp-content\/uploads\/2026\/01\/destacado-08-Mnn-Mllnr-Photo-by-Joan-Cortes-26nvm25-Jmbrr-Bcn.jpg?resize=350%2C200&ssl=1 1x, https:\/\/i0.wp.com\/tomajazz.com\/web\/wp-content\/uploads\/2026\/01\/destacado-08-Mnn-Mllnr-Photo-by-Joan-Cortes-26nvm25-Jmbrr-Bcn.jpg?resize=525%2C300&ssl=1 1.5x"},"classes":[]},{"id":104814,"url":"https:\/\/tomajazz.com\/web\/pete-roth-trio-feat-bill-bruford-barcelona-2026\/","url_meta":{"origin":72999,"position":2},"title":"Pete Roth Trio featuring Bill Bruford (Luz de Gas, 2026-02-23 \/ Barcelona) Por Joan Cort\u00e8s [INSTANTZZ AKA Galer\u00eda fotogr\u00e1fica AKA Fotoblog de jazz, impro\u2026 y algo m\u00e1s]","author":"Tomajazz","date":"9 abril, 2026","format":false,"excerpt":"Pete Roth Trio featuring Bill Bruford actu\u00f3 en Luz de Gas, el 23 de febrero de 2026. Joan Cort\u00e8s lo retrata en INSTANTZZ. Con Pete Roth, Bill Bruford, Mike Pratt","rel":"","context":"En \u00ab*_Joan Cort\u00e8s\u00bb","block_context":{"text":"*_Joan Cort\u00e8s","link":"https:\/\/tomajazz.com\/web\/category\/joan-cortes\/"},"img":{"alt_text":"Pete Roth Trio featuring Bill Bruford (Luz de Gas, 2026-02-23 \/ Barcelona) Por Joan Cort\u00e8s [INSTANTZZ AKA Galer\u00eda fotogr\u00e1fica AKA Fotoblog de jazz, impro\u2026 y algo m\u00e1s] - Tomajazz - Pete Roth Trio featuring Bill Bruford actu\u00f3 en Luz de Gas, el 23 de febrero de 2026. Joan Cort\u00e8s lo retrata en INSTANTZZ. Con Pete Roth, Bill Bruford, Mike Pratt","src":"https:\/\/i0.wp.com\/tomajazz.com\/web\/wp-content\/uploads\/2026\/04\/destacada-09-Pt-Rth-Tr-Photo-by-Joan-Cortes-23fbr26-Lz-d-Gs-Bcn-bn.jpg?resize=350%2C200&ssl=1","width":350,"height":200,"srcset":"https:\/\/i0.wp.com\/tomajazz.com\/web\/wp-content\/uploads\/2026\/04\/destacada-09-Pt-Rth-Tr-Photo-by-Joan-Cortes-23fbr26-Lz-d-Gs-Bcn-bn.jpg?resize=350%2C200&ssl=1 1x, https:\/\/i0.wp.com\/tomajazz.com\/web\/wp-content\/uploads\/2026\/04\/destacada-09-Pt-Rth-Tr-Photo-by-Joan-Cortes-23fbr26-Lz-d-Gs-Bcn-bn.jpg?resize=525%2C300&ssl=1 1.5x"},"classes":[]},{"id":104948,"url":"https:\/\/tomajazz.com\/web\/rale-micic-trio-jamboree-2026\/","url_meta":{"origin":72999,"position":3},"title":"Rale Micic Trio (Jamboree-01, 2026-03-03 \/ Barcelona) Por Joan Cort\u00e8s [INSTANTZZ AKA Galer\u00eda fotogr\u00e1fica AKA Fotoblog de jazz, impro\u2026 y algo m\u00e1s]","author":"Tomajazz","date":"18 abril, 2026","format":false,"excerpt":"Rale Micic Trio actu\u00f3 en Jamboree, Barceloa, el 3 de marzo de 2026. Joan Cort\u00e8s lo retrata en INSTANTZZ. Rale Micic Trio son Rale Micic, Ugonna Okegwo, E.J. Strickland","rel":"","context":"En \u00ab*_Joan Cort\u00e8s\u00bb","block_context":{"text":"*_Joan Cort\u00e8s","link":"https:\/\/tomajazz.com\/web\/category\/joan-cortes\/"},"img":{"alt_text":"Rale Micic Trio (Jamboree-01, 2026-03-03 \/ Barcelona) Por Joan Cort\u00e8s [INSTANTZZ AKA Galer\u00eda fotogr\u00e1fica AKA Fotoblog de jazz, impro\u2026 y algo m\u00e1s] - Tomajazz - Rale Micic Trio actu\u00f3 en Jamboree, Barceloa, el 3 de marzo de 2026. Joan Cort\u00e8s lo retrata en INSTANTZZ. Rale Micic Trio son Rale Micic, Ugonna Okegwo, E.J. Strickland\n","src":"https:\/\/i0.wp.com\/tomajazz.com\/web\/wp-content\/uploads\/2026\/04\/destacada-10-Rl-Mcc-Tr-Photo-By-Joan-Cortes-03mrc26-Jmbr-Bcn.jpg?resize=350%2C200&ssl=1","width":350,"height":200,"srcset":"https:\/\/i0.wp.com\/tomajazz.com\/web\/wp-content\/uploads\/2026\/04\/destacada-10-Rl-Mcc-Tr-Photo-By-Joan-Cortes-03mrc26-Jmbr-Bcn.jpg?resize=350%2C200&ssl=1 1x, https:\/\/i0.wp.com\/tomajazz.com\/web\/wp-content\/uploads\/2026\/04\/destacada-10-Rl-Mcc-Tr-Photo-By-Joan-Cortes-03mrc26-Jmbr-Bcn.jpg?resize=525%2C300&ssl=1 1.5x"},"classes":[]},{"id":79181,"url":"https:\/\/tomajazz.com\/web\/alvaro-torres-trio-tony-malaby-2023\/","url_meta":{"origin":72999,"position":4},"title":"\u00c1lvaro Torres Trio + Tony Malaby (20\u00e8 Mas &#038; Mas Festival, Jamboree Jazz, 2023-08-25. Barcelona) Por Joan Cort\u00e8s [INSTANTZZ AKA Galer\u00eda fotogr\u00e1fica AKA Fotoblog de jazz, impro\u2026 y algo m\u00e1s]","author":"Tomajazz","date":"5 octubre, 2023","format":false,"excerpt":"\u00c1lvaro Torres Trio + Tony Malaby actu\u00f3 en el 20\u00e8 Mas & Mas Festival, en Jamboree Jazz, (Barcelona), el 25 de agosto de 2023. Joan Cort\u00e8s retrata en INSTANTZZ a los m\u00fasicos.","rel":"","context":"En \u00abINSTANTZZ\u00bb","block_context":{"text":"INSTANTZZ","link":"https:\/\/tomajazz.com\/web\/category\/contenidos\/imagenes\/photoblogs\/instantzz\/"},"img":{"alt_text":"\u00c1lvaro Torres Trio + Tony Malaby (20\u00e8 Mas & Mas Festival, Jamboree Jazz, 2023-08-25. Barcelona) Por Joan Cort\u00e8s [INSTANTZZ AKA Galer\u00eda fotogr\u00e1fica AKA Fotoblog de jazz, impro\u2026 y algo m\u00e1s] - Tomajazz 9.0 - \u00c1lvaro Torres Trio + Tony Malaby actu\u00f3 en el 20\u00e8 Mas & Mas Festival, en Jamboree Jazz, (Barcelona), el 25 de agosto de 2023. Joan Cort\u00e8s retrata en INSTANTZZ a los m\u00fasicos.","src":"https:\/\/i0.wp.com\/tomajazz.com\/web\/wp-content\/uploads\/2023\/10\/09-lvr-Trrs-Tr-Tny-Mlby-%C2%A9Joan-Cortes-25gst23-20MMF-Jmbr-Bcn-Alvaro-Torres-Trio-Tony-Malaby-2023-08-25-Joan-Cortes-Tomajazz-INSTANTZZ.jpg?resize=350%2C200&ssl=1","width":350,"height":200,"srcset":"https:\/\/i0.wp.com\/tomajazz.com\/web\/wp-content\/uploads\/2023\/10\/09-lvr-Trrs-Tr-Tny-Mlby-%C2%A9Joan-Cortes-25gst23-20MMF-Jmbr-Bcn-Alvaro-Torres-Trio-Tony-Malaby-2023-08-25-Joan-Cortes-Tomajazz-INSTANTZZ.jpg?resize=350%2C200&ssl=1 1x, https:\/\/i0.wp.com\/tomajazz.com\/web\/wp-content\/uploads\/2023\/10\/09-lvr-Trrs-Tr-Tny-Mlby-%C2%A9Joan-Cortes-25gst23-20MMF-Jmbr-Bcn-Alvaro-Torres-Trio-Tony-Malaby-2023-08-25-Joan-Cortes-Tomajazz-INSTANTZZ.jpg?resize=525%2C300&ssl=1 1.5x"},"classes":[]},{"id":102232,"url":"https:\/\/tomajazz.com\/web\/andre-marques-trio-jamboree-2025\/","url_meta":{"origin":72999,"position":5},"title":"Andr\u00e9 Marques Trio (Jamboree -sala 1-, 2025-11-07 \/ Barcelona) Por Joan Cort\u00e8s [INSTANTZZ AKA Galer\u00eda fotogr\u00e1fica AKA Fotoblog de jazz, impro\u2026 y algo m\u00e1s]","author":"Tomajazz","date":"27 noviembre, 2025","format":false,"excerpt":"Andr\u00e9 Marques Trio actu\u00f3 en Jamboree, el 7 de noviembre de 2025. Joan Cort\u00e8s lo retrata en INSTANTZZ. Actuaron Andr\u00e9 Marques, Marcel Bottaro, Fulvio Alberto Moraes","rel":"","context":"En \u00ab*_Joan Cort\u00e8s\u00bb","block_context":{"text":"*_Joan Cort\u00e8s","link":"https:\/\/tomajazz.com\/web\/category\/joan-cortes\/"},"img":{"alt_text":"Andr\u00e9 Marques Trio (Jamboree -sala 1-, 2025-11-07 \/ Barcelona) Por Joan Cort\u00e8s [INSTANTZZ AKA Galer\u00eda fotogr\u00e1fica AKA Fotoblog de jazz, impro\u2026 y algo m\u00e1s] - Tomajazz - Andr\u00e9 Marques Trio actu\u00f3 en Jamboree, el 7 de noviembre de 2025. Joan Cort\u00e8s lo retrata en INSTANTZZ. Actuaron Andr\u00e9 Marques, Marcel Bottaro, Fulvio Alberto Moraes\n","src":"https:\/\/i0.wp.com\/tomajazz.com\/web\/wp-content\/uploads\/2025\/11\/destacada-05-ndr-Mrqs-tr-%C2%A9Joan-Cortes-07nvm25-Jmbr-Bcn.jpg?resize=350%2C200&ssl=1","width":350,"height":200,"srcset":"https:\/\/i0.wp.com\/tomajazz.com\/web\/wp-content\/uploads\/2025\/11\/destacada-05-ndr-Mrqs-tr-%C2%A9Joan-Cortes-07nvm25-Jmbr-Bcn.jpg?resize=350%2C200&ssl=1 1x, https:\/\/i0.wp.com\/tomajazz.com\/web\/wp-content\/uploads\/2025\/11\/destacada-05-ndr-Mrqs-tr-%C2%A9Joan-Cortes-07nvm25-Jmbr-Bcn.jpg?resize=525%2C300&ssl=1 1.5x"},"classes":[]}],"_links":{"self":[{"href":"https:\/\/tomajazz.com\/web\/wp-json\/wp\/v2\/posts\/72999","targetHints":{"allow":["GET"]}}],"collection":[{"href":"https:\/\/tomajazz.com\/web\/wp-json\/wp\/v2\/posts"}],"about":[{"href":"https:\/\/tomajazz.com\/web\/wp-json\/wp\/v2\/types\/post"}],"author":[{"embeddable":true,"href":"https:\/\/tomajazz.com\/web\/wp-json\/wp\/v2\/users\/1"}],"replies":[{"embeddable":true,"href":"https:\/\/tomajazz.com\/web\/wp-json\/wp\/v2\/comments?post=72999"}],"version-history":[{"count":1,"href":"https:\/\/tomajazz.com\/web\/wp-json\/wp\/v2\/posts\/72999\/revisions"}],"predecessor-version":[{"id":73014,"href":"https:\/\/tomajazz.com\/web\/wp-json\/wp\/v2\/posts\/72999\/revisions\/73014"}],"wp:featuredmedia":[{"embeddable":true,"href":"https:\/\/tomajazz.com\/web\/wp-json\/wp\/v2\/media\/73013"}],"wp:attachment":[{"href":"https:\/\/tomajazz.com\/web\/wp-json\/wp\/v2\/media?parent=72999"}],"wp:term":[{"taxonomy":"category","embeddable":true,"href":"https:\/\/tomajazz.com\/web\/wp-json\/wp\/v2\/categories?post=72999"},{"taxonomy":"post_tag","embeddable":true,"href":"https:\/\/tomajazz.com\/web\/wp-json\/wp\/v2\/tags?post=72999"}],"curies":[{"name":"wp","href":"https:\/\/api.w.org\/{rel}","templated":true}]}}