{"id":73377,"date":"2023-04-30T12:00:53","date_gmt":"2023-04-30T10:00:53","guid":{"rendered":"https:\/\/www.tomajazz.com\/web\/?p=73377"},"modified":"2024-10-27T13:27:51","modified_gmt":"2024-10-27T12:27:51","slug":"nu2-juan-saiz-baldo-martinez-huesca-2023","status":"publish","type":"post","link":"https:\/\/tomajazz.com\/web\/nu2-juan-saiz-baldo-martinez-huesca-2023\/","title":{"rendered":"NU2 (Juan Saiz &#8211; Baldo Mart\u00ednez) (Juan Sebasti\u00e1n Bar, Huesca. 2023-04-27) Por Fabio Galicia [INSTANTZZ AKA Galer\u00eda fotogr\u00e1fica AKA Fotoblog de jazz, impro\u2026 y algo m\u00e1s]"},"content":{"rendered":"<h3>NU2\u00a0(Juan Saiz &#8211; Baldo Mart\u00ednez)<\/h3>\n<ul>\n<li>Lugar: Juan Sebasti\u00e1n Bar (Huesca)<\/li>\n<li>Fecha y hora: 20.30 h, del jueves 27 de abril de 2023<\/li>\n<li>Grupo:<br \/>\nJuan Saiz: flauta, saxos tenor y soprano<br \/>\nBaldo Mart\u00ednez: contrabajo<\/li>\n<\/ul>\n<p style=\"text-align: center;\"><img loading=\"lazy\" decoding=\"async\" class=\"aligncenter size-full wp-image-73379\" title=\"NU2 (Juan Saiz - Baldo Mart\u00ednez) (Juan Sebasti\u00e1n Bar, Huesca. 2023-04-27) Por Fabio Galicia [INSTANTZZ AKA Galer\u00eda fotogr\u00e1fica AKA Fotoblog de jazz, impro\u2026 y algo m\u00e1s] Tomajazz 9.0 NU2 1 NU2 Juan Saiz Baldo Mart\u00ednez Juan Sebasti\u00e1n Bar Huesca 2023 04 27 Por Fabio Galicia INSTANTZZ\" src=\"https:\/\/tomajazz.com\/web\/wp-content\/uploads\/2023\/04\/NU2-1-NU2-Juan-Saiz-Baldo-Martinez-Juan-Sebastian-Bar-Huesca-2023-04-27-Por-Fabio-Galicia-INSTANTZZ.jpg\" alt=\"NU2 (Juan Saiz - Baldo Mart\u00ednez) (Juan Sebasti\u00e1n Bar, Huesca. 2023-04-27) Por Fabio Galicia [INSTANTZZ AKA Galer\u00eda fotogr\u00e1fica AKA Fotoblog de jazz, impro\u2026 y algo m\u00e1s] - Tomajazz 9.0 - NU2 (Juan Saiz - Baldo Mart\u00ednez) actuaron en Juan Sebasti\u00e1n Bar de Huesca, el pasado 27 de abril de 2023-04-27. Fabio Galicia retrata el concierto en INSTANTZZ.\" width=\"600\" height=\"400\" srcset=\"https:\/\/tomajazz.com\/web\/wp-content\/uploads\/2023\/04\/NU2-1-NU2-Juan-Saiz-Baldo-Martinez-Juan-Sebastian-Bar-Huesca-2023-04-27-Por-Fabio-Galicia-INSTANTZZ.jpg 600w, https:\/\/tomajazz.com\/web\/wp-content\/uploads\/2023\/04\/NU2-1-NU2-Juan-Saiz-Baldo-Martinez-Juan-Sebastian-Bar-Huesca-2023-04-27-Por-Fabio-Galicia-INSTANTZZ-300x200.jpg 300w, https:\/\/tomajazz.com\/web\/wp-content\/uploads\/2023\/04\/NU2-1-NU2-Juan-Saiz-Baldo-Martinez-Juan-Sebastian-Bar-Huesca-2023-04-27-Por-Fabio-Galicia-INSTANTZZ-465x310.jpg 465w\" sizes=\"auto, (max-width: 600px) 100vw, 600px\" \/> <img loading=\"lazy\" decoding=\"async\" class=\"aligncenter size-large wp-image-73380\" title=\"NU2 (Juan Saiz - Baldo Mart\u00ednez) (Juan Sebasti\u00e1n Bar, Huesca. 2023-04-27) Por Fabio Galicia [INSTANTZZ AKA Galer\u00eda fotogr\u00e1fica AKA Fotoblog de jazz, impro\u2026 y algo m\u00e1s] Tomajazz 9.0 NU2 4 NU2 Juan Saiz Baldo Mart\u00ednez Juan Sebasti\u00e1n Bar Huesca 2023 04 27 Por Fabio Galicia INSTANTZZ\" src=\"https:\/\/tomajazz.com\/web\/wp-content\/uploads\/2023\/04\/NU2-4-NU2-Juan-Saiz-Baldo-Martinez-Juan-Sebastian-Bar-Huesca-2023-04-27-Por-Fabio-Galicia-INSTANTZZ.jpg\" alt=\"NU2 (Juan Saiz - Baldo Mart\u00ednez) (Juan Sebasti\u00e1n Bar, Huesca. 2023-04-27) Por Fabio Galicia [INSTANTZZ AKA Galer\u00eda fotogr\u00e1fica AKA Fotoblog de jazz, impro\u2026 y algo m\u00e1s] - Tomajazz 9.0 - NU2 (Juan Saiz - Baldo Mart\u00ednez) actuaron en Juan Sebasti\u00e1n Bar de Huesca, el pasado 27 de abril de 2023-04-27. Fabio Galicia retrata el concierto en INSTANTZZ.\" width=\"401\" height=\"600\" srcset=\"https:\/\/tomajazz.com\/web\/wp-content\/uploads\/2023\/04\/NU2-4-NU2-Juan-Saiz-Baldo-Martinez-Juan-Sebastian-Bar-Huesca-2023-04-27-Por-Fabio-Galicia-INSTANTZZ.jpg 401w, https:\/\/tomajazz.com\/web\/wp-content\/uploads\/2023\/04\/NU2-4-NU2-Juan-Saiz-Baldo-Martinez-Juan-Sebastian-Bar-Huesca-2023-04-27-Por-Fabio-Galicia-INSTANTZZ-201x300.jpg 201w, https:\/\/tomajazz.com\/web\/wp-content\/uploads\/2023\/04\/NU2-4-NU2-Juan-Saiz-Baldo-Martinez-Juan-Sebastian-Bar-Huesca-2023-04-27-Por-Fabio-Galicia-INSTANTZZ-368x550.jpg 368w, https:\/\/tomajazz.com\/web\/wp-content\/uploads\/2023\/04\/NU2-4-NU2-Juan-Saiz-Baldo-Martinez-Juan-Sebastian-Bar-Huesca-2023-04-27-Por-Fabio-Galicia-INSTANTZZ-334x500.jpg 334w\" sizes=\"auto, (max-width: 401px) 100vw, 401px\" \/> <img loading=\"lazy\" decoding=\"async\" class=\"aligncenter size-large wp-image-73381\" title=\"NU2 (Juan Saiz - Baldo Mart\u00ednez) (Juan Sebasti\u00e1n Bar, Huesca. 2023-04-27) Por Fabio Galicia [INSTANTZZ AKA Galer\u00eda fotogr\u00e1fica AKA Fotoblog de jazz, impro\u2026 y algo m\u00e1s] Tomajazz 9.0 NU2 5 NU2 Juan Saiz Baldo Mart\u00ednez Juan Sebasti\u00e1n Bar Huesca 2023 04 27 Por Fabio Galicia INSTANTZZ\" src=\"https:\/\/tomajazz.com\/web\/wp-content\/uploads\/2023\/04\/NU2-5-NU2-Juan-Saiz-Baldo-Martinez-Juan-Sebastian-Bar-Huesca-2023-04-27-Por-Fabio-Galicia-INSTANTZZ.jpg\" alt=\"NU2 (Juan Saiz - Baldo Mart\u00ednez) (Juan Sebasti\u00e1n Bar, Huesca. 2023-04-27) Por Fabio Galicia [INSTANTZZ AKA Galer\u00eda fotogr\u00e1fica AKA Fotoblog de jazz, impro\u2026 y algo m\u00e1s] - Tomajazz 9.0 - NU2 (Juan Saiz - Baldo Mart\u00ednez) actuaron en Juan Sebasti\u00e1n Bar de Huesca, el pasado 27 de abril de 2023-04-27. Fabio Galicia retrata el concierto en INSTANTZZ.\" width=\"401\" height=\"600\" srcset=\"https:\/\/tomajazz.com\/web\/wp-content\/uploads\/2023\/04\/NU2-5-NU2-Juan-Saiz-Baldo-Martinez-Juan-Sebastian-Bar-Huesca-2023-04-27-Por-Fabio-Galicia-INSTANTZZ.jpg 401w, https:\/\/tomajazz.com\/web\/wp-content\/uploads\/2023\/04\/NU2-5-NU2-Juan-Saiz-Baldo-Martinez-Juan-Sebastian-Bar-Huesca-2023-04-27-Por-Fabio-Galicia-INSTANTZZ-201x300.jpg 201w, https:\/\/tomajazz.com\/web\/wp-content\/uploads\/2023\/04\/NU2-5-NU2-Juan-Saiz-Baldo-Martinez-Juan-Sebastian-Bar-Huesca-2023-04-27-Por-Fabio-Galicia-INSTANTZZ-368x550.jpg 368w, https:\/\/tomajazz.com\/web\/wp-content\/uploads\/2023\/04\/NU2-5-NU2-Juan-Saiz-Baldo-Martinez-Juan-Sebastian-Bar-Huesca-2023-04-27-Por-Fabio-Galicia-INSTANTZZ-334x500.jpg 334w\" sizes=\"auto, (max-width: 401px) 100vw, 401px\" \/> <img loading=\"lazy\" decoding=\"async\" class=\"aligncenter size-large wp-image-73382\" title=\"NU2 (Juan Saiz - Baldo Mart\u00ednez) (Juan Sebasti\u00e1n Bar, Huesca. 2023-04-27) Por Fabio Galicia [INSTANTZZ AKA Galer\u00eda fotogr\u00e1fica AKA Fotoblog de jazz, impro\u2026 y algo m\u00e1s] Tomajazz 9.0 NU2 14 NU2 Juan Saiz Baldo Mart\u00ednez Juan Sebasti\u00e1n Bar Huesca 2023 04 27 Por Fabio Galicia INSTANTZZ\" src=\"https:\/\/tomajazz.com\/web\/wp-content\/uploads\/2023\/04\/NU2-14-NU2-Juan-Saiz-Baldo-Martinez-Juan-Sebastian-Bar-Huesca-2023-04-27-Por-Fabio-Galicia-INSTANTZZ.jpg\" alt=\"NU2 (Juan Saiz - Baldo Mart\u00ednez) (Juan Sebasti\u00e1n Bar, Huesca. 2023-04-27) Por Fabio Galicia [INSTANTZZ AKA Galer\u00eda fotogr\u00e1fica AKA Fotoblog de jazz, impro\u2026 y algo m\u00e1s] - Tomajazz 9.0 - NU2 (Juan Saiz - Baldo Mart\u00ednez) actuaron en Juan Sebasti\u00e1n Bar de Huesca, el pasado 27 de abril de 2023-04-27. Fabio Galicia retrata el concierto en INSTANTZZ.\" width=\"401\" height=\"600\" srcset=\"https:\/\/tomajazz.com\/web\/wp-content\/uploads\/2023\/04\/NU2-14-NU2-Juan-Saiz-Baldo-Martinez-Juan-Sebastian-Bar-Huesca-2023-04-27-Por-Fabio-Galicia-INSTANTZZ.jpg 401w, https:\/\/tomajazz.com\/web\/wp-content\/uploads\/2023\/04\/NU2-14-NU2-Juan-Saiz-Baldo-Martinez-Juan-Sebastian-Bar-Huesca-2023-04-27-Por-Fabio-Galicia-INSTANTZZ-201x300.jpg 201w, https:\/\/tomajazz.com\/web\/wp-content\/uploads\/2023\/04\/NU2-14-NU2-Juan-Saiz-Baldo-Martinez-Juan-Sebastian-Bar-Huesca-2023-04-27-Por-Fabio-Galicia-INSTANTZZ-368x550.jpg 368w, https:\/\/tomajazz.com\/web\/wp-content\/uploads\/2023\/04\/NU2-14-NU2-Juan-Saiz-Baldo-Martinez-Juan-Sebastian-Bar-Huesca-2023-04-27-Por-Fabio-Galicia-INSTANTZZ-334x500.jpg 334w\" sizes=\"auto, (max-width: 401px) 100vw, 401px\" \/> <img loading=\"lazy\" decoding=\"async\" class=\"aligncenter size-large wp-image-73383\" title=\"NU2 (Juan Saiz - Baldo Mart\u00ednez) (Juan Sebasti\u00e1n Bar, Huesca. 2023-04-27) Por Fabio Galicia [INSTANTZZ AKA Galer\u00eda fotogr\u00e1fica AKA Fotoblog de jazz, impro\u2026 y algo m\u00e1s] Tomajazz 9.0 NU2 15 NU2 Juan Saiz Baldo Mart\u00ednez Juan Sebasti\u00e1n Bar Huesca 2023 04 27 Por Fabio Galicia INSTANTZZ\" src=\"https:\/\/tomajazz.com\/web\/wp-content\/uploads\/2023\/04\/NU2-15-NU2-Juan-Saiz-Baldo-Martinez-Juan-Sebastian-Bar-Huesca-2023-04-27-Por-Fabio-Galicia-INSTANTZZ.jpg\" alt=\"NU2 (Juan Saiz - Baldo Mart\u00ednez) (Juan Sebasti\u00e1n Bar, Huesca. 2023-04-27) Por Fabio Galicia [INSTANTZZ AKA Galer\u00eda fotogr\u00e1fica AKA Fotoblog de jazz, impro\u2026 y algo m\u00e1s] - Tomajazz 9.0 - NU2 (Juan Saiz - Baldo Mart\u00ednez) actuaron en Juan Sebasti\u00e1n Bar de Huesca, el pasado 27 de abril de 2023-04-27. Fabio Galicia retrata el concierto en INSTANTZZ.\" width=\"401\" height=\"600\" srcset=\"https:\/\/tomajazz.com\/web\/wp-content\/uploads\/2023\/04\/NU2-15-NU2-Juan-Saiz-Baldo-Martinez-Juan-Sebastian-Bar-Huesca-2023-04-27-Por-Fabio-Galicia-INSTANTZZ.jpg 401w, https:\/\/tomajazz.com\/web\/wp-content\/uploads\/2023\/04\/NU2-15-NU2-Juan-Saiz-Baldo-Martinez-Juan-Sebastian-Bar-Huesca-2023-04-27-Por-Fabio-Galicia-INSTANTZZ-201x300.jpg 201w, https:\/\/tomajazz.com\/web\/wp-content\/uploads\/2023\/04\/NU2-15-NU2-Juan-Saiz-Baldo-Martinez-Juan-Sebastian-Bar-Huesca-2023-04-27-Por-Fabio-Galicia-INSTANTZZ-368x550.jpg 368w, https:\/\/tomajazz.com\/web\/wp-content\/uploads\/2023\/04\/NU2-15-NU2-Juan-Saiz-Baldo-Martinez-Juan-Sebastian-Bar-Huesca-2023-04-27-Por-Fabio-Galicia-INSTANTZZ-334x500.jpg 334w\" sizes=\"auto, (max-width: 401px) 100vw, 401px\" \/> <img loading=\"lazy\" decoding=\"async\" class=\"aligncenter size-large wp-image-73384\" title=\"NU2 (Juan Saiz - Baldo Mart\u00ednez) (Juan Sebasti\u00e1n Bar, Huesca. 2023-04-27) Por Fabio Galicia [INSTANTZZ AKA Galer\u00eda fotogr\u00e1fica AKA Fotoblog de jazz, impro\u2026 y algo m\u00e1s] Tomajazz 9.0 NU2 16 NU2 Juan Saiz Baldo Mart\u00ednez Juan Sebasti\u00e1n Bar Huesca 2023 04 27 Por Fabio Galicia INSTANTZZ\" src=\"https:\/\/tomajazz.com\/web\/wp-content\/uploads\/2023\/04\/NU2-16-NU2-Juan-Saiz-Baldo-Martinez-Juan-Sebastian-Bar-Huesca-2023-04-27-Por-Fabio-Galicia-INSTANTZZ.jpg\" alt=\"NU2 (Juan Saiz - Baldo Mart\u00ednez) (Juan Sebasti\u00e1n Bar, Huesca. 2023-04-27) Por Fabio Galicia [INSTANTZZ AKA Galer\u00eda fotogr\u00e1fica AKA Fotoblog de jazz, impro\u2026 y algo m\u00e1s] - Tomajazz 9.0 - NU2 (Juan Saiz - Baldo Mart\u00ednez) actuaron en Juan Sebasti\u00e1n Bar de Huesca, el pasado 27 de abril de 2023-04-27. Fabio Galicia retrata el concierto en INSTANTZZ.\" width=\"401\" height=\"600\" srcset=\"https:\/\/tomajazz.com\/web\/wp-content\/uploads\/2023\/04\/NU2-16-NU2-Juan-Saiz-Baldo-Martinez-Juan-Sebastian-Bar-Huesca-2023-04-27-Por-Fabio-Galicia-INSTANTZZ.jpg 401w, https:\/\/tomajazz.com\/web\/wp-content\/uploads\/2023\/04\/NU2-16-NU2-Juan-Saiz-Baldo-Martinez-Juan-Sebastian-Bar-Huesca-2023-04-27-Por-Fabio-Galicia-INSTANTZZ-201x300.jpg 201w, https:\/\/tomajazz.com\/web\/wp-content\/uploads\/2023\/04\/NU2-16-NU2-Juan-Saiz-Baldo-Martinez-Juan-Sebastian-Bar-Huesca-2023-04-27-Por-Fabio-Galicia-INSTANTZZ-368x550.jpg 368w, https:\/\/tomajazz.com\/web\/wp-content\/uploads\/2023\/04\/NU2-16-NU2-Juan-Saiz-Baldo-Martinez-Juan-Sebastian-Bar-Huesca-2023-04-27-Por-Fabio-Galicia-INSTANTZZ-334x500.jpg 334w\" sizes=\"auto, (max-width: 401px) 100vw, 401px\" \/> <img loading=\"lazy\" decoding=\"async\" class=\"aligncenter size-large wp-image-73385\" title=\"NU2 (Juan Saiz - Baldo Mart\u00ednez) (Juan Sebasti\u00e1n Bar, Huesca. 2023-04-27) Por Fabio Galicia [INSTANTZZ AKA Galer\u00eda fotogr\u00e1fica AKA Fotoblog de jazz, impro\u2026 y algo m\u00e1s] Tomajazz 9.0 NU2 21 NU2 Juan Saiz Baldo Mart\u00ednez Juan Sebasti\u00e1n Bar Huesca 2023 04 27 Por Fabio Galicia INSTANTZZ\" src=\"https:\/\/tomajazz.com\/web\/wp-content\/uploads\/2023\/04\/NU2-21-NU2-Juan-Saiz-Baldo-Martinez-Juan-Sebastian-Bar-Huesca-2023-04-27-Por-Fabio-Galicia-INSTANTZZ.jpg\" alt=\"NU2 (Juan Saiz - Baldo Mart\u00ednez) (Juan Sebasti\u00e1n Bar, Huesca. 2023-04-27) Por Fabio Galicia [INSTANTZZ AKA Galer\u00eda fotogr\u00e1fica AKA Fotoblog de jazz, impro\u2026 y algo m\u00e1s] - Tomajazz 9.0 - NU2 (Juan Saiz - Baldo Mart\u00ednez) actuaron en Juan Sebasti\u00e1n Bar de Huesca, el pasado 27 de abril de 2023-04-27. Fabio Galicia retrata el concierto en INSTANTZZ.\" width=\"401\" height=\"600\" srcset=\"https:\/\/tomajazz.com\/web\/wp-content\/uploads\/2023\/04\/NU2-21-NU2-Juan-Saiz-Baldo-Martinez-Juan-Sebastian-Bar-Huesca-2023-04-27-Por-Fabio-Galicia-INSTANTZZ.jpg 401w, https:\/\/tomajazz.com\/web\/wp-content\/uploads\/2023\/04\/NU2-21-NU2-Juan-Saiz-Baldo-Martinez-Juan-Sebastian-Bar-Huesca-2023-04-27-Por-Fabio-Galicia-INSTANTZZ-201x300.jpg 201w, https:\/\/tomajazz.com\/web\/wp-content\/uploads\/2023\/04\/NU2-21-NU2-Juan-Saiz-Baldo-Martinez-Juan-Sebastian-Bar-Huesca-2023-04-27-Por-Fabio-Galicia-INSTANTZZ-368x550.jpg 368w, https:\/\/tomajazz.com\/web\/wp-content\/uploads\/2023\/04\/NU2-21-NU2-Juan-Saiz-Baldo-Martinez-Juan-Sebastian-Bar-Huesca-2023-04-27-Por-Fabio-Galicia-INSTANTZZ-334x500.jpg 334w\" sizes=\"auto, (max-width: 401px) 100vw, 401px\" \/> <img loading=\"lazy\" decoding=\"async\" class=\"aligncenter size-large wp-image-73386\" title=\"NU2 (Juan Saiz - Baldo Mart\u00ednez) (Juan Sebasti\u00e1n Bar, Huesca. 2023-04-27) Por Fabio Galicia [INSTANTZZ AKA Galer\u00eda fotogr\u00e1fica AKA Fotoblog de jazz, impro\u2026 y algo m\u00e1s] Tomajazz 9.0 NU2 22 NU2 Juan Saiz Baldo Mart\u00ednez Juan Sebasti\u00e1n Bar Huesca 2023 04 27 Por Fabio Galicia INSTANTZZ\" src=\"https:\/\/tomajazz.com\/web\/wp-content\/uploads\/2023\/04\/NU2-22-NU2-Juan-Saiz-Baldo-Martinez-Juan-Sebastian-Bar-Huesca-2023-04-27-Por-Fabio-Galicia-INSTANTZZ.jpg\" alt=\"NU2 (Juan Saiz - Baldo Mart\u00ednez) (Juan Sebasti\u00e1n Bar, Huesca. 2023-04-27) Por Fabio Galicia [INSTANTZZ AKA Galer\u00eda fotogr\u00e1fica AKA Fotoblog de jazz, impro\u2026 y algo m\u00e1s] - Tomajazz 9.0 - NU2 (Juan Saiz - Baldo Mart\u00ednez) actuaron en Juan Sebasti\u00e1n Bar de Huesca, el pasado 27 de abril de 2023-04-27. Fabio Galicia retrata el concierto en INSTANTZZ.\" width=\"400\" height=\"600\" srcset=\"https:\/\/tomajazz.com\/web\/wp-content\/uploads\/2023\/04\/NU2-22-NU2-Juan-Saiz-Baldo-Martinez-Juan-Sebastian-Bar-Huesca-2023-04-27-Por-Fabio-Galicia-INSTANTZZ.jpg 400w, https:\/\/tomajazz.com\/web\/wp-content\/uploads\/2023\/04\/NU2-22-NU2-Juan-Saiz-Baldo-Martinez-Juan-Sebastian-Bar-Huesca-2023-04-27-Por-Fabio-Galicia-INSTANTZZ-200x300.jpg 200w, https:\/\/tomajazz.com\/web\/wp-content\/uploads\/2023\/04\/NU2-22-NU2-Juan-Saiz-Baldo-Martinez-Juan-Sebastian-Bar-Huesca-2023-04-27-Por-Fabio-Galicia-INSTANTZZ-367x550.jpg 367w, https:\/\/tomajazz.com\/web\/wp-content\/uploads\/2023\/04\/NU2-22-NU2-Juan-Saiz-Baldo-Martinez-Juan-Sebastian-Bar-Huesca-2023-04-27-Por-Fabio-Galicia-INSTANTZZ-333x500.jpg 333w\" sizes=\"auto, (max-width: 400px) 100vw, 400px\" \/> <img loading=\"lazy\" decoding=\"async\" class=\"aligncenter size-large wp-image-73387\" title=\"NU2 (Juan Saiz - Baldo Mart\u00ednez) (Juan Sebasti\u00e1n Bar, Huesca. 2023-04-27) Por Fabio Galicia [INSTANTZZ AKA Galer\u00eda fotogr\u00e1fica AKA Fotoblog de jazz, impro\u2026 y algo m\u00e1s] Tomajazz 9.0 NU2 23 NU2 Juan Saiz Baldo Mart\u00ednez Juan Sebasti\u00e1n Bar Huesca 2023 04 27 Por Fabio Galicia INSTANTZZ\" src=\"https:\/\/tomajazz.com\/web\/wp-content\/uploads\/2023\/04\/NU2-23-NU2-Juan-Saiz-Baldo-Martinez-Juan-Sebastian-Bar-Huesca-2023-04-27-Por-Fabio-Galicia-INSTANTZZ.jpg\" alt=\"NU2 (Juan Saiz - Baldo Mart\u00ednez) (Juan Sebasti\u00e1n Bar, Huesca. 2023-04-27) Por Fabio Galicia [INSTANTZZ AKA Galer\u00eda fotogr\u00e1fica AKA Fotoblog de jazz, impro\u2026 y algo m\u00e1s] - Tomajazz 9.0 - NU2 (Juan Saiz - Baldo Mart\u00ednez) actuaron en Juan Sebasti\u00e1n Bar de Huesca, el pasado 27 de abril de 2023-04-27. Fabio Galicia retrata el concierto en INSTANTZZ.\" width=\"600\" height=\"401\" srcset=\"https:\/\/tomajazz.com\/web\/wp-content\/uploads\/2023\/04\/NU2-23-NU2-Juan-Saiz-Baldo-Martinez-Juan-Sebastian-Bar-Huesca-2023-04-27-Por-Fabio-Galicia-INSTANTZZ.jpg 600w, https:\/\/tomajazz.com\/web\/wp-content\/uploads\/2023\/04\/NU2-23-NU2-Juan-Saiz-Baldo-Martinez-Juan-Sebastian-Bar-Huesca-2023-04-27-Por-Fabio-Galicia-INSTANTZZ-300x201.jpg 300w, https:\/\/tomajazz.com\/web\/wp-content\/uploads\/2023\/04\/NU2-23-NU2-Juan-Saiz-Baldo-Martinez-Juan-Sebastian-Bar-Huesca-2023-04-27-Por-Fabio-Galicia-INSTANTZZ-465x311.jpg 465w\" sizes=\"auto, (max-width: 600px) 100vw, 600px\" \/> <img loading=\"lazy\" decoding=\"async\" class=\"aligncenter size-large wp-image-73388\" title=\"NU2 (Juan Saiz - Baldo Mart\u00ednez) (Juan Sebasti\u00e1n Bar, Huesca. 2023-04-27) Por Fabio Galicia [INSTANTZZ AKA Galer\u00eda fotogr\u00e1fica AKA Fotoblog de jazz, impro\u2026 y algo m\u00e1s] Tomajazz 9.0 NU2 24 NU2 Juan Saiz Baldo Mart\u00ednez Juan Sebasti\u00e1n Bar Huesca 2023 04 27 Por Fabio Galicia INSTANTZZ\" src=\"https:\/\/tomajazz.com\/web\/wp-content\/uploads\/2023\/04\/NU2-24-NU2-Juan-Saiz-Baldo-Martinez-Juan-Sebastian-Bar-Huesca-2023-04-27-Por-Fabio-Galicia-INSTANTZZ.jpg\" alt=\"NU2 (Juan Saiz - Baldo Mart\u00ednez) (Juan Sebasti\u00e1n Bar, Huesca. 2023-04-27) Por Fabio Galicia [INSTANTZZ AKA Galer\u00eda fotogr\u00e1fica AKA Fotoblog de jazz, impro\u2026 y algo m\u00e1s] - Tomajazz 9.0 - NU2 (Juan Saiz - Baldo Mart\u00ednez) actuaron en Juan Sebasti\u00e1n Bar de Huesca, el pasado 27 de abril de 2023-04-27. Fabio Galicia retrata el concierto en INSTANTZZ.\" width=\"600\" height=\"401\" srcset=\"https:\/\/tomajazz.com\/web\/wp-content\/uploads\/2023\/04\/NU2-24-NU2-Juan-Saiz-Baldo-Martinez-Juan-Sebastian-Bar-Huesca-2023-04-27-Por-Fabio-Galicia-INSTANTZZ.jpg 600w, https:\/\/tomajazz.com\/web\/wp-content\/uploads\/2023\/04\/NU2-24-NU2-Juan-Saiz-Baldo-Martinez-Juan-Sebastian-Bar-Huesca-2023-04-27-Por-Fabio-Galicia-INSTANTZZ-300x201.jpg 300w, https:\/\/tomajazz.com\/web\/wp-content\/uploads\/2023\/04\/NU2-24-NU2-Juan-Saiz-Baldo-Martinez-Juan-Sebastian-Bar-Huesca-2023-04-27-Por-Fabio-Galicia-INSTANTZZ-465x311.jpg 465w\" sizes=\"auto, (max-width: 600px) 100vw, 600px\" \/> <img loading=\"lazy\" decoding=\"async\" class=\"aligncenter size-large wp-image-73389\" title=\"NU2 (Juan Saiz - Baldo Mart\u00ednez) (Juan Sebasti\u00e1n Bar, Huesca. 2023-04-27) Por Fabio Galicia [INSTANTZZ AKA Galer\u00eda fotogr\u00e1fica AKA Fotoblog de jazz, impro\u2026 y algo m\u00e1s] Tomajazz 9.0 NU2 25 NU2 Juan Saiz Baldo Mart\u00ednez Juan Sebasti\u00e1n Bar Huesca 2023 04 27 Por Fabio Galicia INSTANTZZ\" src=\"https:\/\/tomajazz.com\/web\/wp-content\/uploads\/2023\/04\/NU2-25-NU2-Juan-Saiz-Baldo-Martinez-Juan-Sebastian-Bar-Huesca-2023-04-27-Por-Fabio-Galicia-INSTANTZZ.jpg\" alt=\"NU2 (Juan Saiz - Baldo Mart\u00ednez) (Juan Sebasti\u00e1n Bar, Huesca. 2023-04-27) Por Fabio Galicia [INSTANTZZ AKA Galer\u00eda fotogr\u00e1fica AKA Fotoblog de jazz, impro\u2026 y algo m\u00e1s] - Tomajazz 9.0 - NU2 (Juan Saiz - Baldo Mart\u00ednez) actuaron en Juan Sebasti\u00e1n Bar de Huesca, el pasado 27 de abril de 2023-04-27. Fabio Galicia retrata el concierto en INSTANTZZ.\" width=\"400\" height=\"600\" srcset=\"https:\/\/tomajazz.com\/web\/wp-content\/uploads\/2023\/04\/NU2-25-NU2-Juan-Saiz-Baldo-Martinez-Juan-Sebastian-Bar-Huesca-2023-04-27-Por-Fabio-Galicia-INSTANTZZ.jpg 400w, https:\/\/tomajazz.com\/web\/wp-content\/uploads\/2023\/04\/NU2-25-NU2-Juan-Saiz-Baldo-Martinez-Juan-Sebastian-Bar-Huesca-2023-04-27-Por-Fabio-Galicia-INSTANTZZ-200x300.jpg 200w, https:\/\/tomajazz.com\/web\/wp-content\/uploads\/2023\/04\/NU2-25-NU2-Juan-Saiz-Baldo-Martinez-Juan-Sebastian-Bar-Huesca-2023-04-27-Por-Fabio-Galicia-INSTANTZZ-367x550.jpg 367w, https:\/\/tomajazz.com\/web\/wp-content\/uploads\/2023\/04\/NU2-25-NU2-Juan-Saiz-Baldo-Martinez-Juan-Sebastian-Bar-Huesca-2023-04-27-Por-Fabio-Galicia-INSTANTZZ-333x500.jpg 333w\" sizes=\"auto, (max-width: 400px) 100vw, 400px\" \/> <img loading=\"lazy\" decoding=\"async\" class=\"aligncenter size-large wp-image-73390\" title=\"NU2 (Juan Saiz - Baldo Mart\u00ednez) (Juan Sebasti\u00e1n Bar, Huesca. 2023-04-27) Por Fabio Galicia [INSTANTZZ AKA Galer\u00eda fotogr\u00e1fica AKA Fotoblog de jazz, impro\u2026 y algo m\u00e1s] Tomajazz 9.0 NU2 26 NU2 Juan Saiz Baldo Mart\u00ednez Juan Sebasti\u00e1n Bar Huesca 2023 04 27 Por Fabio Galicia INSTANTZZ\" src=\"https:\/\/tomajazz.com\/web\/wp-content\/uploads\/2023\/04\/NU2-26-NU2-Juan-Saiz-Baldo-Martinez-Juan-Sebastian-Bar-Huesca-2023-04-27-Por-Fabio-Galicia-INSTANTZZ.jpg\" alt=\"NU2 (Juan Saiz - Baldo Mart\u00ednez) (Juan Sebasti\u00e1n Bar, Huesca. 2023-04-27) Por Fabio Galicia [INSTANTZZ AKA Galer\u00eda fotogr\u00e1fica AKA Fotoblog de jazz, impro\u2026 y algo m\u00e1s] - Tomajazz 9.0 - NU2 (Juan Saiz - Baldo Mart\u00ednez) actuaron en Juan Sebasti\u00e1n Bar de Huesca, el pasado 27 de abril de 2023-04-27. Fabio Galicia retrata el concierto en INSTANTZZ.\" width=\"600\" height=\"400\" srcset=\"https:\/\/tomajazz.com\/web\/wp-content\/uploads\/2023\/04\/NU2-26-NU2-Juan-Saiz-Baldo-Martinez-Juan-Sebastian-Bar-Huesca-2023-04-27-Por-Fabio-Galicia-INSTANTZZ.jpg 600w, https:\/\/tomajazz.com\/web\/wp-content\/uploads\/2023\/04\/NU2-26-NU2-Juan-Saiz-Baldo-Martinez-Juan-Sebastian-Bar-Huesca-2023-04-27-Por-Fabio-Galicia-INSTANTZZ-300x200.jpg 300w, https:\/\/tomajazz.com\/web\/wp-content\/uploads\/2023\/04\/NU2-26-NU2-Juan-Saiz-Baldo-Martinez-Juan-Sebastian-Bar-Huesca-2023-04-27-Por-Fabio-Galicia-INSTANTZZ-465x310.jpg 465w\" sizes=\"auto, (max-width: 600px) 100vw, 600px\" \/> <img loading=\"lazy\" decoding=\"async\" class=\"aligncenter size-large wp-image-73391\" title=\"NU2 (Juan Saiz - Baldo Mart\u00ednez) (Juan Sebasti\u00e1n Bar, Huesca. 2023-04-27) Por Fabio Galicia [INSTANTZZ AKA Galer\u00eda fotogr\u00e1fica AKA Fotoblog de jazz, impro\u2026 y algo m\u00e1s] Tomajazz 9.0 NU2 27 NU2 Juan Saiz Baldo Mart\u00ednez Juan Sebasti\u00e1n Bar Huesca 2023 04 27 Por Fabio Galicia INSTANTZZ\" src=\"https:\/\/tomajazz.com\/web\/wp-content\/uploads\/2023\/04\/NU2-27-NU2-Juan-Saiz-Baldo-Martinez-Juan-Sebastian-Bar-Huesca-2023-04-27-Por-Fabio-Galicia-INSTANTZZ.jpg\" alt=\"NU2 (Juan Saiz - Baldo Mart\u00ednez) (Juan Sebasti\u00e1n Bar, Huesca. 2023-04-27) Por Fabio Galicia [INSTANTZZ AKA Galer\u00eda fotogr\u00e1fica AKA Fotoblog de jazz, impro\u2026 y algo m\u00e1s] - Tomajazz 9.0 - NU2 (Juan Saiz - Baldo Mart\u00ednez) actuaron en Juan Sebasti\u00e1n Bar de Huesca, el pasado 27 de abril de 2023-04-27. Fabio Galicia retrata el concierto en INSTANTZZ.\" width=\"400\" height=\"600\" srcset=\"https:\/\/tomajazz.com\/web\/wp-content\/uploads\/2023\/04\/NU2-27-NU2-Juan-Saiz-Baldo-Martinez-Juan-Sebastian-Bar-Huesca-2023-04-27-Por-Fabio-Galicia-INSTANTZZ.jpg 400w, https:\/\/tomajazz.com\/web\/wp-content\/uploads\/2023\/04\/NU2-27-NU2-Juan-Saiz-Baldo-Martinez-Juan-Sebastian-Bar-Huesca-2023-04-27-Por-Fabio-Galicia-INSTANTZZ-200x300.jpg 200w, https:\/\/tomajazz.com\/web\/wp-content\/uploads\/2023\/04\/NU2-27-NU2-Juan-Saiz-Baldo-Martinez-Juan-Sebastian-Bar-Huesca-2023-04-27-Por-Fabio-Galicia-INSTANTZZ-367x550.jpg 367w, https:\/\/tomajazz.com\/web\/wp-content\/uploads\/2023\/04\/NU2-27-NU2-Juan-Saiz-Baldo-Martinez-Juan-Sebastian-Bar-Huesca-2023-04-27-Por-Fabio-Galicia-INSTANTZZ-333x500.jpg 333w\" sizes=\"auto, (max-width: 400px) 100vw, 400px\" \/> <img loading=\"lazy\" decoding=\"async\" class=\"aligncenter size-large wp-image-73392\" title=\"NU2 (Juan Saiz - Baldo Mart\u00ednez) (Juan Sebasti\u00e1n Bar, Huesca. 2023-04-27) Por Fabio Galicia [INSTANTZZ AKA Galer\u00eda fotogr\u00e1fica AKA Fotoblog de jazz, impro\u2026 y algo m\u00e1s] Tomajazz 9.0 NU2 28 NU2 Juan Saiz Baldo Mart\u00ednez Juan Sebasti\u00e1n Bar Huesca 2023 04 27 Por Fabio Galicia INSTANTZZ\" src=\"https:\/\/tomajazz.com\/web\/wp-content\/uploads\/2023\/04\/NU2-28-NU2-Juan-Saiz-Baldo-Martinez-Juan-Sebastian-Bar-Huesca-2023-04-27-Por-Fabio-Galicia-INSTANTZZ.jpg\" alt=\"NU2 (Juan Saiz - Baldo Mart\u00ednez) (Juan Sebasti\u00e1n Bar, Huesca. 2023-04-27) Por Fabio Galicia [INSTANTZZ AKA Galer\u00eda fotogr\u00e1fica AKA Fotoblog de jazz, impro\u2026 y algo m\u00e1s] - Tomajazz 9.0 - NU2 (Juan Saiz - Baldo Mart\u00ednez) actuaron en Juan Sebasti\u00e1n Bar de Huesca, el pasado 27 de abril de 2023-04-27. Fabio Galicia retrata el concierto en INSTANTZZ.\" width=\"400\" height=\"600\" srcset=\"https:\/\/tomajazz.com\/web\/wp-content\/uploads\/2023\/04\/NU2-28-NU2-Juan-Saiz-Baldo-Martinez-Juan-Sebastian-Bar-Huesca-2023-04-27-Por-Fabio-Galicia-INSTANTZZ.jpg 400w, https:\/\/tomajazz.com\/web\/wp-content\/uploads\/2023\/04\/NU2-28-NU2-Juan-Saiz-Baldo-Martinez-Juan-Sebastian-Bar-Huesca-2023-04-27-Por-Fabio-Galicia-INSTANTZZ-200x300.jpg 200w, https:\/\/tomajazz.com\/web\/wp-content\/uploads\/2023\/04\/NU2-28-NU2-Juan-Saiz-Baldo-Martinez-Juan-Sebastian-Bar-Huesca-2023-04-27-Por-Fabio-Galicia-INSTANTZZ-367x550.jpg 367w, https:\/\/tomajazz.com\/web\/wp-content\/uploads\/2023\/04\/NU2-28-NU2-Juan-Saiz-Baldo-Martinez-Juan-Sebastian-Bar-Huesca-2023-04-27-Por-Fabio-Galicia-INSTANTZZ-333x500.jpg 333w\" sizes=\"auto, (max-width: 400px) 100vw, 400px\" \/> <img loading=\"lazy\" decoding=\"async\" class=\"aligncenter size-large wp-image-73393\" title=\"NU2 (Juan Saiz - Baldo Mart\u00ednez) (Juan Sebasti\u00e1n Bar, Huesca. 2023-04-27) Por Fabio Galicia [INSTANTZZ AKA Galer\u00eda fotogr\u00e1fica AKA Fotoblog de jazz, impro\u2026 y algo m\u00e1s] Tomajazz 9.0 NU2 29 NU2 Juan Saiz Baldo Mart\u00ednez Juan Sebasti\u00e1n Bar Huesca 2023 04 27 Por Fabio Galicia INSTANTZZ\" src=\"https:\/\/tomajazz.com\/web\/wp-content\/uploads\/2023\/04\/NU2-29-NU2-Juan-Saiz-Baldo-Martinez-Juan-Sebastian-Bar-Huesca-2023-04-27-Por-Fabio-Galicia-INSTANTZZ.jpg\" alt=\"NU2 (Juan Saiz - Baldo Mart\u00ednez) (Juan Sebasti\u00e1n Bar, Huesca. 2023-04-27) Por Fabio Galicia [INSTANTZZ AKA Galer\u00eda fotogr\u00e1fica AKA Fotoblog de jazz, impro\u2026 y algo m\u00e1s] - Tomajazz 9.0 - NU2 (Juan Saiz - Baldo Mart\u00ednez) actuaron en Juan Sebasti\u00e1n Bar de Huesca, el pasado 27 de abril de 2023-04-27. Fabio Galicia retrata el concierto en INSTANTZZ.\" width=\"400\" height=\"600\" srcset=\"https:\/\/tomajazz.com\/web\/wp-content\/uploads\/2023\/04\/NU2-29-NU2-Juan-Saiz-Baldo-Martinez-Juan-Sebastian-Bar-Huesca-2023-04-27-Por-Fabio-Galicia-INSTANTZZ.jpg 400w, https:\/\/tomajazz.com\/web\/wp-content\/uploads\/2023\/04\/NU2-29-NU2-Juan-Saiz-Baldo-Martinez-Juan-Sebastian-Bar-Huesca-2023-04-27-Por-Fabio-Galicia-INSTANTZZ-200x300.jpg 200w, https:\/\/tomajazz.com\/web\/wp-content\/uploads\/2023\/04\/NU2-29-NU2-Juan-Saiz-Baldo-Martinez-Juan-Sebastian-Bar-Huesca-2023-04-27-Por-Fabio-Galicia-INSTANTZZ-367x550.jpg 367w, https:\/\/tomajazz.com\/web\/wp-content\/uploads\/2023\/04\/NU2-29-NU2-Juan-Saiz-Baldo-Martinez-Juan-Sebastian-Bar-Huesca-2023-04-27-Por-Fabio-Galicia-INSTANTZZ-333x500.jpg 333w\" sizes=\"auto, (max-width: 400px) 100vw, 400px\" \/><\/p>\n<p style=\"text-align: right;\">Tomajazz: \u00a9\u00a0<a href=\"https:\/\/www.flickr.com\/photos\/fgjazzgz\" target=\"_blank\" rel=\"noopener noreferrer\"><strong>Fabio Galicia<\/strong><\/a>, 2023<\/p>\n<h3>M\u00e1s informaci\u00f3n<\/h3>\n<p><a href=\"https:\/\/baldomartinez.com\/prueba\/nu2-baldo-mart%C3%ADnez-juan-saiz\" target=\"_blank\" rel=\"noopener\">https:\/\/baldomartinez.com\/prueba\/nu2-baldo-mart%C3%ADnez-juan-saiz<\/a><\/p>\n<p><a href=\"https:\/\/tomajazz.com\/web\/?s=nu2&amp;submit=Search\" target=\"_blank\" rel=\"noopener\">https:\/\/tomajazz.com\/web\/?s=nu2&amp;submit=Search<\/a><\/p>\n<p><a href=\"https:\/\/tomajazz.com\/web\/?s=baldo+martinez&amp;submit=Search\" target=\"_blank\" rel=\"noopener\">https:\/\/tomajazz.com\/web\/?s=baldo+martinez&amp;submit=Search<\/a><\/p>\n<p><a href=\"https:\/\/tomajazz.com\/web\/?s=juan+saiz&amp;submit=Search\" target=\"_blank\" rel=\"noopener\">https:\/\/tomajazz.com\/web\/?s=juan+saiz&amp;submit=Search<\/a><\/p>\n<h3>Fabio Galicia en Tomajazz<\/h3>\n<p><a href=\"https:\/\/tomajazz.com\/web\/?cat=22655\" target=\"_blank\" rel=\"noopener\">https:\/\/tomajazz.com\/web\/?cat=22655<\/a><\/p>\n","protected":false},"excerpt":{"rendered":"<p>NU2 (Juan Saiz &#8211; Baldo Mart\u00ednez) actuaron en Juan Sebasti\u00e1n Bar de Huesca, el pasado 27 de abril de 2023-04-27. Fabio Galicia retrata el concierto en INSTANTZZ.<span class=\"more-link\"><a href=\"https:\/\/tomajazz.com\/web\/nu2-juan-saiz-baldo-martinez-huesca-2023\/\">Contin\u00faa leyendo<\/a><\/span><\/p>\n","protected":false},"author":1,"featured_media":73392,"comment_status":"open","ping_status":"closed","sticky":false,"template":"","format":"standard","meta":{"jetpack_post_was_ever_published":false,"_jetpack_newsletter_access":"","_jetpack_dont_email_post_to_subs":false,"_jetpack_newsletter_tier_id":0,"_jetpack_memberships_contains_paywalled_content":false,"_jetpack_memberships_contains_paid_content":false,"footnotes":""},"categories":[11261,22655,11262,15516,30743,1038],"tags":[334,22659,14324,14449,28740],"class_list":["entry","author-pachi","has-excerpt","post-73377","post","type-post","status-publish","format-standard","has-post-thumbnail","category-instantzz","category-_fabio-galicia","category-photoblogs","category-imagenes","category-juan-sebastian-bar-huesca","category-contenidos","tag-baldo-martinez","tag-fabio-galicia","tag-juan-saiz","tag-juan-sebastian-bar","tag-nu2"],"jetpack_featured_media_url":"https:\/\/tomajazz.com\/web\/wp-content\/uploads\/2023\/04\/NU2-28-NU2-Juan-Saiz-Baldo-Martinez-Juan-Sebastian-Bar-Huesca-2023-04-27-Por-Fabio-Galicia-INSTANTZZ.jpg","jetpack_likes_enabled":true,"jetpack_sharing_enabled":true,"jetpack-related-posts":[{"id":73184,"url":"https:\/\/tomajazz.com\/web\/nu2-juan-sebastian-bar-huesca-2023-news\/","url_meta":{"origin":73377,"position":0},"title":"NU2 (Baldo Mart\u00ednez &#8211; Juan Saiz) en concierto (Juan Sebasti\u00e1n Bar, Huesca. 2023-04-27) [Noticias de jazz]","author":"Tomajazz","date":"23 abril, 2023","format":false,"excerpt":"El jueves 27 de abril a las 20:30 actuar\u00e1 NU2 (Baldo Mart\u00ednez, Juan Saiz), en Juan Sebasti\u00e1n Bar de Huesca.","rel":"","context":"En \u00abNoticias\u00bb","block_context":{"text":"Noticias","link":"https:\/\/tomajazz.com\/web\/category\/contenidos\/noticias-2\/"},"img":{"alt_text":"NU2 (Baldo Mart\u00ednez &#8211; Juan Saiz) en concierto (Juan Sebasti\u00e1n Bar, Huesca. 2023-04-27) [Noticias de jazz] - Tomajazz 9.0 - El jueves 27 de abril a las 20:30 actuar\u00e1 NU2 (Baldo Mart\u00ednez, Juan Saiz), en Juan Sebasti\u00e1n Bar de Huesca.","src":"https:\/\/i0.wp.com\/tomajazz.com\/web\/wp-content\/uploads\/2023\/04\/NU2-Baldo-Martinez-Juan-Saiz-%40-Juan-Sebastian-Bar-Huesca-Jueves-27-de-abril-de-2023-20-23-horas-NEWS-Tomajazz-com.jpg?resize=350%2C200&ssl=1","width":350,"height":200,"srcset":"https:\/\/i0.wp.com\/tomajazz.com\/web\/wp-content\/uploads\/2023\/04\/NU2-Baldo-Martinez-Juan-Saiz-%40-Juan-Sebastian-Bar-Huesca-Jueves-27-de-abril-de-2023-20-23-horas-NEWS-Tomajazz-com.jpg?resize=350%2C200&ssl=1 1x, https:\/\/i0.wp.com\/tomajazz.com\/web\/wp-content\/uploads\/2023\/04\/NU2-Baldo-Martinez-Juan-Saiz-%40-Juan-Sebastian-Bar-Huesca-Jueves-27-de-abril-de-2023-20-23-horas-NEWS-Tomajazz-com.jpg?resize=525%2C300&ssl=1 1.5x"},"classes":[]},{"id":104863,"url":"https:\/\/tomajazz.com\/web\/oye-trio-juan-sebastian-bar-huesca-2026\/","url_meta":{"origin":73377,"position":1},"title":"OYE Tr\u00edo (Juan Sebasti\u00e1n Bar, Huesca. 2026-04-09) Por Fabio Galicia [INSTANTZZ AKA Galer\u00eda fotogr\u00e1fica AKA Fotoblog de jazz, impro\u2026 y algo m\u00e1s]","author":"Tomajazz","date":"13 abril, 2026","format":false,"excerpt":"OYE Tr\u00edo actu\u00f3 en Juan Sebasti\u00e1n Bar de Huesca, el 9 de abril de 2026. Fabio Galicia lo retrata en INSTANTZZ. OYE Tr\u00edo son Jason Owens, Juan Pablo Eg\u00fasquiza, Ken Ychicawa","rel":"","context":"En \u00abJuan Sebasti\u00e1n Bar (Huesca)\u00bb","block_context":{"text":"Juan Sebasti\u00e1n Bar (Huesca)","link":"https:\/\/tomajazz.com\/web\/category\/contenidos\/especial-contenidos\/juan-sebastian-bar-huesca\/"},"img":{"alt_text":"OYE Tr\u00edo (Juan Sebasti\u00e1n Bar, Huesca. 2026-04-09) Por Fabio Galicia [INSTANTZZ AKA Galer\u00eda fotogr\u00e1fica AKA Fotoblog de jazz, impro\u2026 y algo m\u00e1s] - Tomajazz - OYE Tr\u00edo actu\u00f3 en Juan Sebasti\u00e1n Bar de Huesca, el 9 de abril de 2026. Fabio Galicia lo retrata en INSTANTZZ. OYE Tr\u00edo son Jason Owens, Juan Pablo Eg\u00fasquiza, Ken Ychicawa","src":"https:\/\/i0.wp.com\/tomajazz.com\/web\/wp-content\/uploads\/2026\/04\/260409-OYE-TRIO-12.jpg?resize=350%2C200&ssl=1","width":350,"height":200,"srcset":"https:\/\/i0.wp.com\/tomajazz.com\/web\/wp-content\/uploads\/2026\/04\/260409-OYE-TRIO-12.jpg?resize=350%2C200&ssl=1 1x, https:\/\/i0.wp.com\/tomajazz.com\/web\/wp-content\/uploads\/2026\/04\/260409-OYE-TRIO-12.jpg?resize=525%2C300&ssl=1 1.5x, https:\/\/i0.wp.com\/tomajazz.com\/web\/wp-content\/uploads\/2026\/04\/260409-OYE-TRIO-12.jpg?resize=700%2C400&ssl=1 2x, https:\/\/i0.wp.com\/tomajazz.com\/web\/wp-content\/uploads\/2026\/04\/260409-OYE-TRIO-12.jpg?resize=1050%2C600&ssl=1 3x"},"classes":[]},{"id":101587,"url":"https:\/\/tomajazz.com\/web\/pocket-corner-juan-sebastian-bar-2025\/","url_meta":{"origin":73377,"position":2},"title":"Pocket Corner \u00abFree Keys\u00bb (Juan Sebasti\u00e1n Bar, Huesca. 2025-11-06) Por Fabio Galicia [INSTANTZZ AKA Galer\u00eda fotogr\u00e1fica AKA Fotoblog de jazz, impro\u2026 y algo m\u00e1s]","author":"Tomajazz","date":"9 noviembre, 2025","format":false,"excerpt":"Pocket Corner actuaron en Juan Sebasti\u00e1n Bar de Huesca, el 6 de noviembre de 2025. Fabio Galicia lo retrata en INSTANTZZ. Actuaron Didrik Ingvaldsen, Glenn B. Henriksen, Kjetil Jerve, St\u00e5le Birkeland","rel":"","context":"En \u00abJuan Sebasti\u00e1n Bar (Huesca)\u00bb","block_context":{"text":"Juan Sebasti\u00e1n Bar (Huesca)","link":"https:\/\/tomajazz.com\/web\/category\/contenidos\/especial-contenidos\/juan-sebastian-bar-huesca\/"},"img":{"alt_text":"Pocket Corner \"Free Keys\" (Juan Sebasti\u00e1n Bar, Huesca. 2025-11-06) Por Fabio Galicia [INSTANTZZ AKA Galer\u00eda fotogr\u00e1fica AKA Fotoblog de jazz, impro\u2026 y algo m\u00e1s] - Tomajazz - Pocket Corner actuaron en Juan Sebasti\u00e1n Bar de Huesca, el 6 de noviembre de 2025. Fabio Galicia lo retrata en INSTANTZZ. Actuaron","src":"https:\/\/i0.wp.com\/tomajazz.com\/web\/wp-content\/uploads\/2025\/11\/Pocket-Corner-12.jpg?resize=350%2C200&ssl=1","width":350,"height":200,"srcset":"https:\/\/i0.wp.com\/tomajazz.com\/web\/wp-content\/uploads\/2025\/11\/Pocket-Corner-12.jpg?resize=350%2C200&ssl=1 1x, https:\/\/i0.wp.com\/tomajazz.com\/web\/wp-content\/uploads\/2025\/11\/Pocket-Corner-12.jpg?resize=525%2C300&ssl=1 1.5x, https:\/\/i0.wp.com\/tomajazz.com\/web\/wp-content\/uploads\/2025\/11\/Pocket-Corner-12.jpg?resize=700%2C400&ssl=1 2x, https:\/\/i0.wp.com\/tomajazz.com\/web\/wp-content\/uploads\/2025\/11\/Pocket-Corner-12.jpg?resize=1050%2C600&ssl=1 3x"},"classes":[]},{"id":100690,"url":"https:\/\/tomajazz.com\/web\/belen-bandera-jaume-llombart-juanse-huesca-2025\/","url_meta":{"origin":73377,"position":3},"title":"Bel\u00e9n Bandera &#8211; Jaume Llombart (Juan Sebasti\u00e1n Bar, Huesca. 2025-10-16) Por Fabio Galicia [INSTANTZZ AKA Galer\u00eda fotogr\u00e1fica AKA Fotoblog de jazz, impro\u2026 y algo m\u00e1s]","author":"Tomajazz","date":"19 octubre, 2025","format":false,"excerpt":"Bel\u00e9n Bandera - Jaume Llombart actuaron en el Juan Sebasti\u00e1n Bar de Huesca el 16 de octubre de 2025. Fabio Galicia retrata el concierto en INSTANTZZ","rel":"","context":"En \u00abJuan Sebasti\u00e1n Bar (Huesca)\u00bb","block_context":{"text":"Juan Sebasti\u00e1n Bar (Huesca)","link":"https:\/\/tomajazz.com\/web\/category\/contenidos\/especial-contenidos\/juan-sebastian-bar-huesca\/"},"img":{"alt_text":"Bel\u00e9n Bandera - Jaume Llombart (Juan Sebasti\u00e1n Bar, Huesca. 2025-10-16) Por Fabio Galicia [INSTANTZZ AKA Galer\u00eda fotogr\u00e1fica AKA Fotoblog de jazz, impro\u2026 y algo m\u00e1s] - Tomajazz - Bel\u00e9n Bandera - Jaume Llombart actuaron e(Juan Sebasti\u00e1n Bar, Huesca. 2025-10-16) Por Fabio Galicia [INSTANTZZ","src":"https:\/\/i0.wp.com\/tomajazz.com\/web\/wp-content\/uploads\/2025\/10\/251016-BELEN-PORTELA-JAUME-LLOMBART-5.jpg?resize=350%2C200&ssl=1","width":350,"height":200,"srcset":"https:\/\/i0.wp.com\/tomajazz.com\/web\/wp-content\/uploads\/2025\/10\/251016-BELEN-PORTELA-JAUME-LLOMBART-5.jpg?resize=350%2C200&ssl=1 1x, https:\/\/i0.wp.com\/tomajazz.com\/web\/wp-content\/uploads\/2025\/10\/251016-BELEN-PORTELA-JAUME-LLOMBART-5.jpg?resize=525%2C300&ssl=1 1.5x, https:\/\/i0.wp.com\/tomajazz.com\/web\/wp-content\/uploads\/2025\/10\/251016-BELEN-PORTELA-JAUME-LLOMBART-5.jpg?resize=700%2C400&ssl=1 2x, https:\/\/i0.wp.com\/tomajazz.com\/web\/wp-content\/uploads\/2025\/10\/251016-BELEN-PORTELA-JAUME-LLOMBART-5.jpg?resize=1050%2C600&ssl=1 3x"},"classes":[]},{"id":103866,"url":"https:\/\/tomajazz.com\/web\/povidona-yodada-juan-sebastian-bar-2026\/","url_meta":{"origin":73377,"position":4},"title":"Povidona Yodada (Juan Sebasti\u00e1n Bar, Huesca. 2026-01-22) Por Fabio Galicia [INSTANTZZ AKA Galer\u00eda fotogr\u00e1fica AKA Fotoblog de jazz, impro\u2026 y algo m\u00e1s]","author":"Tomajazz","date":"2 febrero, 2026","format":false,"excerpt":"Povidona Yodada actuaron en Juan Sebasti\u00e1n Bar de Huesca el 22 de enero de 2026. Fabio Galicia lo retrata en INSTANTZZ. Povidona Yodada son Marc Florensa, Miquel Galceran, Sergi Sirvent","rel":"","context":"En \u00abJuan Sebasti\u00e1n Bar (Huesca)\u00bb","block_context":{"text":"Juan Sebasti\u00e1n Bar (Huesca)","link":"https:\/\/tomajazz.com\/web\/category\/contenidos\/especial-contenidos\/juan-sebastian-bar-huesca\/"},"img":{"alt_text":"Povidona Yodada (Juan Sebasti\u00e1n Bar, Huesca. 2026-01-22) Por Fabio Galicia [INSTANTZZ AKA Galer\u00eda fotogr\u00e1fica AKA Fotoblog de jazz, impro\u2026 y algo m\u00e1s] - Tomajazz - Povidona Yodada actuaron en Juan Sebasti\u00e1n Bar de Huesca el 22 de enero de 2026. Fabio Galicia lo retrata en INSTANTZZ. Povidona Yodada son Marc Florensa, Miquel Galceran, Sergi Sirvent\n","src":"https:\/\/i0.wp.com\/tomajazz.com\/web\/wp-content\/uploads\/2026\/02\/POVIDONA-YODADA-8.jpg?resize=350%2C200&ssl=1","width":350,"height":200,"srcset":"https:\/\/i0.wp.com\/tomajazz.com\/web\/wp-content\/uploads\/2026\/02\/POVIDONA-YODADA-8.jpg?resize=350%2C200&ssl=1 1x, https:\/\/i0.wp.com\/tomajazz.com\/web\/wp-content\/uploads\/2026\/02\/POVIDONA-YODADA-8.jpg?resize=525%2C300&ssl=1 1.5x, https:\/\/i0.wp.com\/tomajazz.com\/web\/wp-content\/uploads\/2026\/02\/POVIDONA-YODADA-8.jpg?resize=700%2C400&ssl=1 2x, https:\/\/i0.wp.com\/tomajazz.com\/web\/wp-content\/uploads\/2026\/02\/POVIDONA-YODADA-8.jpg?resize=1050%2C600&ssl=1 3x"},"classes":[]},{"id":100087,"url":"https:\/\/tomajazz.com\/web\/barbara-togander-joao-valinho-clara-lai-juanse-2025\/","url_meta":{"origin":73377,"position":5},"title":"B\u00e1rbara Togander \u2013 Jo\u00e3o Valinho \u2013 Clara Lai (Juan Sebasti\u00e1n Bar, Huesca. 2025-10-02) Por Fabio Galicia [INSTANTZZ AKA Galer\u00eda fotogr\u00e1fica AKA Fotoblog de jazz, impro\u2026 y algo m\u00e1s]","author":"Tomajazz","date":"5 octubre, 2025","format":false,"excerpt":"B\u00e1rbara Togander \u2013 Jo\u00e3o Valinho \u2013 Clara Lai actuaron en Juan Sebasti\u00e1n Bar, Huesca, el 2 de octubre de 2025, inaugurando la temporada de conciertos 2025-2026. Fabio Galicia los retrata en INSTANTZZ","rel":"","context":"En \u00abJuan Sebasti\u00e1n Bar (Huesca)\u00bb","block_context":{"text":"Juan Sebasti\u00e1n Bar (Huesca)","link":"https:\/\/tomajazz.com\/web\/category\/contenidos\/especial-contenidos\/juan-sebastian-bar-huesca\/"},"img":{"alt_text":"B\u00e1rbara Togander \u2013 Jo\u00e3o Valinho \u2013 Clara Lai  (Juan Sebasti\u00e1n Bar, Huesca. 2025-10-02) Por Fabio Galicia [INSTANTZZ AKA Galer\u00eda fotogr\u00e1fica AKA Fotoblog de jazz, impro\u2026 y algo m\u00e1s] - Tomajazz - B\u00e1rbara Togander \u2013 Jo\u00e3o Valinho \u2013 Clara Lai actuaron en Juan Sebasti\u00e1n Bar, Huesca, el 2 de octubre de 2025, inaugurando la temporada de conciertos 2025-2026. Fabio Galicia los retrata en INSTANTZZ","src":"https:\/\/i0.wp.com\/tomajazz.com\/web\/wp-content\/uploads\/2025\/10\/251002-CLARA-LAI-TRIO-1.jpg?resize=350%2C200&ssl=1","width":350,"height":200,"srcset":"https:\/\/i0.wp.com\/tomajazz.com\/web\/wp-content\/uploads\/2025\/10\/251002-CLARA-LAI-TRIO-1.jpg?resize=350%2C200&ssl=1 1x, https:\/\/i0.wp.com\/tomajazz.com\/web\/wp-content\/uploads\/2025\/10\/251002-CLARA-LAI-TRIO-1.jpg?resize=525%2C300&ssl=1 1.5x, https:\/\/i0.wp.com\/tomajazz.com\/web\/wp-content\/uploads\/2025\/10\/251002-CLARA-LAI-TRIO-1.jpg?resize=700%2C400&ssl=1 2x, https:\/\/i0.wp.com\/tomajazz.com\/web\/wp-content\/uploads\/2025\/10\/251002-CLARA-LAI-TRIO-1.jpg?resize=1050%2C600&ssl=1 3x"},"classes":[]}],"_links":{"self":[{"href":"https:\/\/tomajazz.com\/web\/wp-json\/wp\/v2\/posts\/73377","targetHints":{"allow":["GET"]}}],"collection":[{"href":"https:\/\/tomajazz.com\/web\/wp-json\/wp\/v2\/posts"}],"about":[{"href":"https:\/\/tomajazz.com\/web\/wp-json\/wp\/v2\/types\/post"}],"author":[{"embeddable":true,"href":"https:\/\/tomajazz.com\/web\/wp-json\/wp\/v2\/users\/1"}],"replies":[{"embeddable":true,"href":"https:\/\/tomajazz.com\/web\/wp-json\/wp\/v2\/comments?post=73377"}],"version-history":[{"count":1,"href":"https:\/\/tomajazz.com\/web\/wp-json\/wp\/v2\/posts\/73377\/revisions"}],"predecessor-version":[{"id":73394,"href":"https:\/\/tomajazz.com\/web\/wp-json\/wp\/v2\/posts\/73377\/revisions\/73394"}],"wp:featuredmedia":[{"embeddable":true,"href":"https:\/\/tomajazz.com\/web\/wp-json\/wp\/v2\/media\/73392"}],"wp:attachment":[{"href":"https:\/\/tomajazz.com\/web\/wp-json\/wp\/v2\/media?parent=73377"}],"wp:term":[{"taxonomy":"category","embeddable":true,"href":"https:\/\/tomajazz.com\/web\/wp-json\/wp\/v2\/categories?post=73377"},{"taxonomy":"post_tag","embeddable":true,"href":"https:\/\/tomajazz.com\/web\/wp-json\/wp\/v2\/tags?post=73377"}],"curies":[{"name":"wp","href":"https:\/\/api.w.org\/{rel}","templated":true}]}}