{"id":73745,"date":"2023-05-08T09:30:29","date_gmt":"2023-05-08T07:30:29","guid":{"rendered":"https:\/\/www.tomajazz.com\/web\/?p=73745"},"modified":"2023-06-18T15:12:24","modified_gmt":"2023-06-18T13:12:24","slug":"iii-festival-internacional-de-jazz-barbastro-2023","status":"publish","type":"post","link":"https:\/\/tomajazz.com\/web\/iii-festival-internacional-de-jazz-barbastro-2023\/","title":{"rendered":"III Festival Internacional de Jazz Barbastro 2023 (Barbastro, Huesca. 9 al 21 de junio de 2023) [Noticias de jazz]"},"content":{"rendered":"<p style=\"text-align: center;\"><img loading=\"lazy\" decoding=\"async\" class=\"aligncenter size-large wp-image-73746\" title=\"III Festival Internacional de Jazz Barbastro 2023 (Barbastro, Huesca. 9 al 21 de junio de 2023) [Noticias de jazz] Tomajazz 9.0 III Festival Internacional de Jazz Barbastro 2023 TomajazzNews\" src=\"https:\/\/tomajazz.com\/web\/wp-content\/uploads\/2023\/05\/III-Festival-Internacional-de-Jazz-Barbastro-2023-TomajazzNews-399x600.jpg\" alt=\"III Festival Internacional de Jazz Barbastro 2023 (Barbastro, Huesca. 9 al 21 de junio de 2023) [Noticias de jazz] - Tomajazz 9.0 - Entre el 9 y el 21 de junio de 2023 tendr\u00e1 lugar el III Festival Internacional de Jazz Barbastro 2023.\" width=\"399\" height=\"600\" srcset=\"https:\/\/tomajazz.com\/web\/wp-content\/uploads\/2023\/05\/III-Festival-Internacional-de-Jazz-Barbastro-2023-TomajazzNews-399x600.jpg 399w, https:\/\/tomajazz.com\/web\/wp-content\/uploads\/2023\/05\/III-Festival-Internacional-de-Jazz-Barbastro-2023-TomajazzNews-199x300.jpg 199w, https:\/\/tomajazz.com\/web\/wp-content\/uploads\/2023\/05\/III-Festival-Internacional-de-Jazz-Barbastro-2023-TomajazzNews-768x1156.jpg 768w, https:\/\/tomajazz.com\/web\/wp-content\/uploads\/2023\/05\/III-Festival-Internacional-de-Jazz-Barbastro-2023-TomajazzNews-365x550.jpg 365w, https:\/\/tomajazz.com\/web\/wp-content\/uploads\/2023\/05\/III-Festival-Internacional-de-Jazz-Barbastro-2023-TomajazzNews-332x500.jpg 332w, https:\/\/tomajazz.com\/web\/wp-content\/uploads\/2023\/05\/III-Festival-Internacional-de-Jazz-Barbastro-2023-TomajazzNews.jpg 800w\" sizes=\"auto, (max-width: 399px) 100vw, 399px\" \/><\/p>\n<p>Entre el 9 y el 21 de junio de 2023 tendr\u00e1 lugar el III Festival Internacional de Jazz Barbastro 2023.<\/p>\n<h3>III Festival Internacional de Jazz Barbastro 2023<\/h3>\n<p>Lluis Coloma Tr\u00edo, Lib\u00e9rica, Jazz For Kids &amp; Friends o Viktorija Pilatovic ser\u00e1n algunos de los artistas que actuar\u00e1n en la tercera edici\u00f3n del Festival Internacional de Jazz de la ciudad Oscense.<\/p>\n<h3>M\u00e1s informaci\u00f3n<\/h3>\n<p><a href=\"https:\/\/barbastro.org\/actualidad\/250-institucional\/actualidad\/fiestas\/4129-el-festival-de-jazz-de-barbastro-vuelve-en-junio-con-el-mejor-jazz-nacional-e-internacional\" target=\"_blank\" rel=\"noopener\">https:\/\/barbastro.org\/actualidad\/250-institucional\/actualidad\/fiestas\/4129-el-festival-de-jazz-de-barbastro-vuelve-en-junio-con-el-mejor-jazz-nacional-e-internacional<\/a><\/p>\n<p><a href=\"https:\/\/tomajazz.com\/web\/?s=barbastro&amp;submit=Search\" target=\"_blank\" rel=\"noopener\">https:\/\/tomajazz.com\/web\/?s=barbastro&amp;submit=Search<\/a><\/p>\n","protected":false},"excerpt":{"rendered":"<p>Entre el 9 y el 21 de junio de 2023 tendr\u00e1 lugar el III Festival Internacional de Jazz Barbastro 2023. Lluis Coloma Tr\u00edo, Lib\u00e9rica, Jazz For Kids &#038; Friends o Viktorija Pilatovic actuar\u00e1n en este Festival. <span class=\"more-link\"><a href=\"https:\/\/tomajazz.com\/web\/iii-festival-internacional-de-jazz-barbastro-2023\/\">Contin\u00faa leyendo<\/a><\/span><\/p>\n","protected":false},"author":1,"featured_media":73746,"comment_status":"open","ping_status":"closed","sticky":false,"template":"","format":"standard","meta":{"jetpack_post_was_ever_published":false,"_jetpack_newsletter_access":"","_jetpack_dont_email_post_to_subs":false,"_jetpack_newsletter_tier_id":0,"_jetpack_memberships_contains_paywalled_content":false,"_jetpack_memberships_contains_paid_content":false,"footnotes":""},"categories":[15795,17858,28875,1038],"tags":[28780,28779,28778,28777],"class_list":["entry","author-pachi","has-excerpt","post-73745","post","type-post","status-publish","format-standard","has-post-thumbnail","category-noticias-2","category-redaccion","category-festivales-de-jazz-de-verano-2023","category-contenidos","tag-festival-internacional-de-jazz-barbastro","tag-festival-internacional-de-jazz-barbastro-2023","tag-iii-festival-internacional-de-jazz-barbastro","tag-iii-festival-internacional-de-jazz-barbastro-2023"],"jetpack_featured_media_url":"https:\/\/tomajazz.com\/web\/wp-content\/uploads\/2023\/05\/III-Festival-Internacional-de-Jazz-Barbastro-2023-TomajazzNews.jpg","jetpack_likes_enabled":true,"jetpack_sharing_enabled":true,"jetpack-related-posts":[{"id":86914,"url":"https:\/\/tomajazz.com\/web\/iv-festival-internacional-de-jazz-barbastro-2024\/","url_meta":{"origin":73745,"position":0},"title":"IV Festival Internacional de Jazz Barbastro 2024 (Barbastro, Huesca. 7 al 16 de junio de 2024) [Noticias de jazz]","author":"Tomajazz","date":"31 mayo, 2024","format":false,"excerpt":"Entre el 7 y el 16 de junio de 2024 tendr\u00e1 lugar en Barbastro (Huesca) el IV Festival Internacional de Jazz Barbastro 2024 #Ciclodejazz #FestivalDeJazz #Festivalesdejazz #Noticiasdejazz","rel":"","context":"En \u00abFestivales de Jazz Primavera 2024\u00bb","block_context":{"text":"Festivales de Jazz Primavera 2024","link":"https:\/\/tomajazz.com\/web\/category\/contenidos\/noticias-2\/festivales-de-jazz-primavera-2024\/"},"img":{"alt_text":"IV Festival Internacional de Jazz Barbastro 2024 (Barbastro, Huesca. 7 al 16 de junio de 2024) [Noticias de jazz] - Tomajazz - Entre el 7 y el 16 de junio de 2024 tendr\u00e1 lugar en Barbastro (Huesca) el IV Festival Internacional de Jazz Barbastro 2024 #Ciclodejazz #FestivalDeJazz #Festivalesdejazz #Noticiasdejazz","src":"https:\/\/i0.wp.com\/tomajazz.com\/web\/wp-content\/uploads\/2024\/05\/IV-Festival-Internacional-de-Jazz-Barbastro-2024-Tomajazz-Noticias.jpg?resize=350%2C200&ssl=1","width":350,"height":200,"srcset":"https:\/\/i0.wp.com\/tomajazz.com\/web\/wp-content\/uploads\/2024\/05\/IV-Festival-Internacional-de-Jazz-Barbastro-2024-Tomajazz-Noticias.jpg?resize=350%2C200&ssl=1 1x, https:\/\/i0.wp.com\/tomajazz.com\/web\/wp-content\/uploads\/2024\/05\/IV-Festival-Internacional-de-Jazz-Barbastro-2024-Tomajazz-Noticias.jpg?resize=525%2C300&ssl=1 1.5x"},"classes":[]},{"id":55262,"url":"https:\/\/tomajazz.com\/web\/instantzz-perico-sambeat-taller-de-musics-ensemble-barbastro-huesca-2021-06-26-galeria-fotografica-aka-fotoblog-de-jazz-impro-y-algo-mas-por-fabio-galicia\/","url_meta":{"origin":73745,"position":1},"title":"INSTANTZZ: Perico Sambeat &#038; Taller de Musics Ensemble (Barbastro, Huesca. 2021-06-26) [Galer\u00eda fotogr\u00e1fica AKA Fotoblog de jazz, impro\u2026 y algo m\u00e1s] Por Fabio Galicia","author":"Tomajazz","date":"28 junio, 2021","format":false,"excerpt":"Fabio Galicia retrata en INSTANTZZ la actuaci\u00f3n de Perico Sambeat con el Taller de Musics Ensemble en el Auditorio del Centro de Congresos de Barbastro (Huesca).","rel":"","context":"En \u00abINSTANTZZ\u00bb","block_context":{"text":"INSTANTZZ","link":"https:\/\/tomajazz.com\/web\/category\/contenidos\/imagenes\/photoblogs\/instantzz\/"},"img":{"alt_text":"","src":"https:\/\/i0.wp.com\/tomajazz.com\/web\/wp-content\/uploads\/2021\/06\/08_Perico-Sambeat-TME-7.jpg?resize=350%2C200&ssl=1","width":350,"height":200,"srcset":"https:\/\/i0.wp.com\/tomajazz.com\/web\/wp-content\/uploads\/2021\/06\/08_Perico-Sambeat-TME-7.jpg?resize=350%2C200&ssl=1 1x, https:\/\/i0.wp.com\/tomajazz.com\/web\/wp-content\/uploads\/2021\/06\/08_Perico-Sambeat-TME-7.jpg?resize=525%2C300&ssl=1 1.5x"},"classes":[]},{"id":105012,"url":"https:\/\/tomajazz.com\/web\/lage-lund-trio-granollers-2026\/","url_meta":{"origin":73745,"position":2},"title":"Lage Lund Trio (36\u00e8 Jazz Granollers Festival \/ Casino, 2026-03-13 \/ Granollers -Barcelona-) [y III] Por Joan Cort\u00e8s [INSTANTZZ AKA Galer\u00eda fotogr\u00e1fica AKA Fotoblog de jazz, impro\u2026 y algo m\u00e1s]","author":"Tomajazz","date":"23 abril, 2026","format":false,"excerpt":"Lage Lund Trio actu\u00f3 en el 36\u00e8 Jazz Granollers Festival, el 13 de marzo de 2026. Joan Cort\u00e8s lo retrata en INSTANTZZ. Lage Lund Trio son Lage Lund, Orlando Le Fleming, Greg Hutchinson","rel":"","context":"En \u00ab36 Jazz Granollers Festival 2026\u00bb","block_context":{"text":"36 Jazz Granollers Festival 2026","link":"https:\/\/tomajazz.com\/web\/category\/contenidos\/especial-contenidos\/36-jazz-granollers-festival-2026\/"},"img":{"alt_text":"Lage Lund Trio (36\u00e8 Jazz Granollers Festival \/ Casino, 2026-03-13 \/ Granollers -Barcelona-) [y III] Por Joan Cort\u00e8s [INSTANTZZ AKA Galer\u00eda fotogr\u00e1fica AKA Fotoblog de jazz, impro\u2026 y algo m\u00e1s] - Tomajazz - Lage Lund Trio actu\u00f3 en el 36\u00e8 Jazz Granollers Festival, el 13 de marzo de 2026. Joan Cort\u00e8s lo retrata en INSTANTZZ. Lage Lund Trio son Lage Lund, Orlando Le Fleming, Greg Hutchinson","src":"https:\/\/i0.wp.com\/tomajazz.com\/web\/wp-content\/uploads\/2026\/04\/destacada-02-Lg-Lnd-Photo-by-Joan-Cortes-13mrc26-36JGF-Csn-Gr-bn.jpg?resize=350%2C200&ssl=1","width":350,"height":200,"srcset":"https:\/\/i0.wp.com\/tomajazz.com\/web\/wp-content\/uploads\/2026\/04\/destacada-02-Lg-Lnd-Photo-by-Joan-Cortes-13mrc26-36JGF-Csn-Gr-bn.jpg?resize=350%2C200&ssl=1 1x, https:\/\/i0.wp.com\/tomajazz.com\/web\/wp-content\/uploads\/2026\/04\/destacada-02-Lg-Lnd-Photo-by-Joan-Cortes-13mrc26-36JGF-Csn-Gr-bn.jpg?resize=525%2C300&ssl=1 1.5x"},"classes":[]},{"id":75319,"url":"https:\/\/tomajazz.com\/web\/iii-vigo-jazz-class-2023\/","url_meta":{"origin":73745,"position":3},"title":"III Vigo Jazz Class 2023 (28 de junio al 1 de julio de 2023. Vigo, Pontevedra) [Noticias de jazz]","author":"Tomajazz","date":"26 junio, 2023","format":false,"excerpt":"Entre el 28 de junio y el 1 de julio de 2023 se celebrar\u00e1 en Vigo el III Vigo Jazz Class 2023, III Festival Internacional de m\u00fasica Cl\u00e1sica y Jazz #Festivalesdejazz #Noticiasdejazz #Festivaldejazz","rel":"","context":"En \u00abFestivales de jazz de verano 2023\u00bb","block_context":{"text":"Festivales de jazz de verano 2023","link":"https:\/\/tomajazz.com\/web\/category\/contenidos\/noticias-2\/festivales-de-jazz-de-verano-2023\/"},"img":{"alt_text":"III Vigo Jazz Class 2023 (28 de junio al 1 de julio de 2023. Vigo, Pontevedra) [Noticias de jazz] - Tomajazz 9.0 - Entre el 28 de junio y el 1 de julio de 2023 se celebrar\u00e1 en Vigo el III Vigo Jazz-Class 2023, III Festival Internacional de m\u00fasica Cl\u00e1sica y Jazz #Festivalesdejazz #Noticiasdejazz #Festivaldejazz","src":"https:\/\/i0.wp.com\/tomajazz.com\/web\/wp-content\/uploads\/2023\/06\/Vigo-Jazz-Class-2023-cartel2022-Tomajazz-Noticias.jpg?resize=350%2C200&ssl=1","width":350,"height":200,"srcset":"https:\/\/i0.wp.com\/tomajazz.com\/web\/wp-content\/uploads\/2023\/06\/Vigo-Jazz-Class-2023-cartel2022-Tomajazz-Noticias.jpg?resize=350%2C200&ssl=1 1x, https:\/\/i0.wp.com\/tomajazz.com\/web\/wp-content\/uploads\/2023\/06\/Vigo-Jazz-Class-2023-cartel2022-Tomajazz-Noticias.jpg?resize=525%2C300&ssl=1 1.5x"},"classes":[]},{"id":100155,"url":"https:\/\/tomajazz.com\/web\/festival-internacional-jazzmadrid-2025-noticias\/","url_meta":{"origin":73745,"position":4},"title":"Festival Internacional JAZZMADRID 2025 (Madrid. Del 5 de octubre al 30 de noviembre de 2025) [Noticias de jazz]","author":"Tomajazz","date":"6 octubre, 2025","format":false,"excerpt":"Entre el 5 de octubre y el 30 de noviembre de 2025 tendr\u00e1 lugar el Festival Internacional JAZZMADRID 2025","rel":"","context":"En \u00abNoticias\u00bb","block_context":{"text":"Noticias","link":"https:\/\/tomajazz.com\/web\/category\/contenidos\/noticias-2\/"},"img":{"alt_text":"Festival Internacional JAZZMADRID 2025 (Madrid. Del 5 de octubre al 30 de noviembre de 2025) [Noticias de jazz] - Tomajazz","src":"https:\/\/i0.wp.com\/tomajazz.com\/web\/wp-content\/uploads\/2025\/10\/JazzMadrid-2025-Festival-Internacional-Jazz-Madrid-2025.jpg?resize=350%2C200&ssl=1","width":350,"height":200,"srcset":"https:\/\/i0.wp.com\/tomajazz.com\/web\/wp-content\/uploads\/2025\/10\/JazzMadrid-2025-Festival-Internacional-Jazz-Madrid-2025.jpg?resize=350%2C200&ssl=1 1x, https:\/\/i0.wp.com\/tomajazz.com\/web\/wp-content\/uploads\/2025\/10\/JazzMadrid-2025-Festival-Internacional-Jazz-Madrid-2025.jpg?resize=525%2C300&ssl=1 1.5x, https:\/\/i0.wp.com\/tomajazz.com\/web\/wp-content\/uploads\/2025\/10\/JazzMadrid-2025-Festival-Internacional-Jazz-Madrid-2025.jpg?resize=700%2C400&ssl=1 2x"},"classes":[]},{"id":103597,"url":"https:\/\/tomajazz.com\/web\/moonjune-festival-2026\/","url_meta":{"origin":73745,"position":5},"title":"4\u00aa Edici\u00f3n del Festival Internacional de M\u00fasica Ecl\u00e9ctica MoonJune &#8211; MoonJune Festival 2026 (Teramo, Italia. 22 al 25 de julio de 2026) [Noticias de jazz]","author":"Tomajazz","date":"20 enero, 2026","format":false,"excerpt":"Del 22 al 25 de julio de 2026 se celebra en Teramo (Italia) el Moonjune Festival 2026, conmemorando el 25\u00ba aniversario de MoonJune #Noticiasdejazz","rel":"","context":"En \u00abNoticias\u00bb","block_context":{"text":"Noticias","link":"https:\/\/tomajazz.com\/web\/category\/contenidos\/noticias-2\/"},"img":{"alt_text":"4\u00aa Edici\u00f3n del Festival Internacional de M\u00fasica Ecl\u00e9ctica MoonJune - MoonJune Festival 2026 (Teramo, Italia. 22 al 25 de julio de 2026) [Noticias de jazz] - Tomajazz - Del 22 al 25 de julio de 2026 se celebra en Teramo (Italia) el Moonjune Festival 2026, conmemorando el 25\u00ba aniversario de MoonJune #Noticiasdejazz","src":"https:\/\/i0.wp.com\/tomajazz.com\/web\/wp-content\/uploads\/2026\/01\/moonjune-festival-2026-Tomajazz-news.jpg?resize=350%2C200&ssl=1","width":350,"height":200,"srcset":"https:\/\/i0.wp.com\/tomajazz.com\/web\/wp-content\/uploads\/2026\/01\/moonjune-festival-2026-Tomajazz-news.jpg?resize=350%2C200&ssl=1 1x, https:\/\/i0.wp.com\/tomajazz.com\/web\/wp-content\/uploads\/2026\/01\/moonjune-festival-2026-Tomajazz-news.jpg?resize=525%2C300&ssl=1 1.5x, https:\/\/i0.wp.com\/tomajazz.com\/web\/wp-content\/uploads\/2026\/01\/moonjune-festival-2026-Tomajazz-news.jpg?resize=700%2C400&ssl=1 2x"},"classes":[]}],"_links":{"self":[{"href":"https:\/\/tomajazz.com\/web\/wp-json\/wp\/v2\/posts\/73745","targetHints":{"allow":["GET"]}}],"collection":[{"href":"https:\/\/tomajazz.com\/web\/wp-json\/wp\/v2\/posts"}],"about":[{"href":"https:\/\/tomajazz.com\/web\/wp-json\/wp\/v2\/types\/post"}],"author":[{"embeddable":true,"href":"https:\/\/tomajazz.com\/web\/wp-json\/wp\/v2\/users\/1"}],"replies":[{"embeddable":true,"href":"https:\/\/tomajazz.com\/web\/wp-json\/wp\/v2\/comments?post=73745"}],"version-history":[{"count":2,"href":"https:\/\/tomajazz.com\/web\/wp-json\/wp\/v2\/posts\/73745\/revisions"}],"predecessor-version":[{"id":74717,"href":"https:\/\/tomajazz.com\/web\/wp-json\/wp\/v2\/posts\/73745\/revisions\/74717"}],"wp:featuredmedia":[{"embeddable":true,"href":"https:\/\/tomajazz.com\/web\/wp-json\/wp\/v2\/media\/73746"}],"wp:attachment":[{"href":"https:\/\/tomajazz.com\/web\/wp-json\/wp\/v2\/media?parent=73745"}],"wp:term":[{"taxonomy":"category","embeddable":true,"href":"https:\/\/tomajazz.com\/web\/wp-json\/wp\/v2\/categories?post=73745"},{"taxonomy":"post_tag","embeddable":true,"href":"https:\/\/tomajazz.com\/web\/wp-json\/wp\/v2\/tags?post=73745"}],"curies":[{"name":"wp","href":"https:\/\/api.w.org\/{rel}","templated":true}]}}