{"id":74904,"date":"2023-06-14T10:30:03","date_gmt":"2023-06-14T08:30:03","guid":{"rendered":"https:\/\/www.tomajazz.com\/web\/?p=74904"},"modified":"2023-06-13T21:18:39","modified_gmt":"2023-06-13T19:18:39","slug":"iii-festival-de-jazz-de-alboraya-2023","status":"publish","type":"post","link":"https:\/\/tomajazz.com\/web\/iii-festival-de-jazz-de-alboraya-2023\/","title":{"rendered":"III Festival de Jazz de Alboraya 2023 (Alboraya, Valencia. Del 15 al 18 de junio de 2023) [Noticias de jazz]"},"content":{"rendered":"<p style=\"text-align: center;\"><img loading=\"lazy\" decoding=\"async\" class=\"aligncenter size-large wp-image-74905\" title=\"III Festival de Jazz de Alboraya 2023 (Alboraya, Valencia. Del 15 al 18 de junio de 2023) [Noticias de jazz] Tomajazz 9.0 III Festival de Jazz de Alboraya 2023 Tomajazz Noticias\" src=\"https:\/\/tomajazz.com\/web\/wp-content\/uploads\/2023\/06\/III-Festival-de-Jazz-de-Alboraya-2023-Tomajazz-Noticias-431x600.jpg\" alt=\"III Festival de Jazz de Alboraya 2023 (Alboraya, Valencia. Del 15 al 18 de junio de 2023) [Noticias de jazz] - Tomajazz 9.0\" width=\"431\" height=\"600\" srcset=\"https:\/\/tomajazz.com\/web\/wp-content\/uploads\/2023\/06\/III-Festival-de-Jazz-de-Alboraya-2023-Tomajazz-Noticias-431x600.jpg 431w, https:\/\/tomajazz.com\/web\/wp-content\/uploads\/2023\/06\/III-Festival-de-Jazz-de-Alboraya-2023-Tomajazz-Noticias-215x300.jpg 215w, https:\/\/tomajazz.com\/web\/wp-content\/uploads\/2023\/06\/III-Festival-de-Jazz-de-Alboraya-2023-Tomajazz-Noticias-395x550.jpg 395w, https:\/\/tomajazz.com\/web\/wp-content\/uploads\/2023\/06\/III-Festival-de-Jazz-de-Alboraya-2023-Tomajazz-Noticias-359x500.jpg 359w, https:\/\/tomajazz.com\/web\/wp-content\/uploads\/2023\/06\/III-Festival-de-Jazz-de-Alboraya-2023-Tomajazz-Noticias.jpg 600w\" sizes=\"auto, (max-width: 431px) 100vw, 431px\" \/><\/p>\n<p>Entre el 15 y el 18 de junio tendr\u00e1 lugar en Alboraya, Valencia, el III Festival de Jazz de Alboraya 2023.<\/p>\n<h3>Programaci\u00f3n<\/h3>\n<p>Jueves 15 de Junio<br \/>\nAlex Conde Trio<\/p>\n<p>Viernes 16 de Junio<br \/>\nBach Goes Jazz<br \/>\nPerico Sambeat Quartet<\/p>\n<p>S\u00e1bado 17 de Junio<br \/>\nThe Sure Cards<br \/>\nSara Dowling &amp; Big Band Sedajazz<\/p>\n<p>Domingo 18 de Junio<br \/>\nBig Band Blue &#8211; Sma<\/p>\n<h3>M\u00e1s informaci\u00f3n del III Festival de Jazz de Alboraya 2023<\/h3>\n<p><a href=\"https:\/\/alborajazz.com\/\" target=\"_blank\" rel=\"noopener\">https:\/\/alborajazz.com\/<\/a><\/p>\n<h3>Y adem\u00e1s&#8230;<\/h3>\n<p><a href=\"https:\/\/tomajazz.com\/web\/?s=alborajazz&amp;submit=Search\" target=\"_blank\" rel=\"noopener\">https:\/\/tomajazz.com\/web\/?s=alborajazz&amp;submit=Search<\/a><\/p>\n<h3>Especial Festivales de Jazz de Verano de 2023 en Tomajazz<\/h3>\n<p><iframe loading=\"lazy\" class=\"wp-embedded-content\" title=\"\u00abEspecial Festivales de jazz de verano de 2023 en Espa\u00f1a [Especial Noticias de jazz]\u00bb \u2014 Tomajazz 9.0\" src=\"https:\/\/tomajazz.com\/web\/especial-festivales-de-jazz-de-verano-de-2023\/embed\/#?secret=fEZ1yAXeEV#?secret=jJ8VMsWPRe\" width=\"600\" height=\"534\" frameborder=\"0\" marginwidth=\"0\" marginheight=\"0\" scrolling=\"no\" sandbox=\"allow-scripts\" data-secret=\"jJ8VMsWPRe\" data-mce-fragment=\"1\"><\/iframe><\/p>\n","protected":false},"excerpt":{"rendered":"<p>Entre el 15 y el 18 de junio tendr\u00e1 lugar en Alboraya, Valencia, el III Festival de Jazz de Alboraya 2023 #FestivalesdeJazz #NoticiasdeJazz<span class=\"more-link\"><a href=\"https:\/\/tomajazz.com\/web\/iii-festival-de-jazz-de-alboraya-2023\/\">Contin\u00faa leyendo<\/a><\/span><\/p>\n","protected":false},"author":1,"featured_media":74905,"comment_status":"open","ping_status":"closed","sticky":false,"template":"","format":"standard","meta":{"jetpack_post_was_ever_published":false,"_jetpack_newsletter_access":"","_jetpack_dont_email_post_to_subs":false,"_jetpack_newsletter_tier_id":0,"_jetpack_memberships_contains_paywalled_content":false,"_jetpack_memberships_contains_paid_content":false,"footnotes":""},"categories":[28875,17858,15795,1038],"tags":[29059,29058,29060,29061],"class_list":["entry","author-pachi","has-excerpt","post-74904","post","type-post","status-publish","format-standard","has-post-thumbnail","category-festivales-de-jazz-de-verano-2023","category-redaccion","category-noticias-2","category-contenidos","tag-festival-de-jazz-de-alboraya","tag-festival-de-jazz-de-alboraya-2023","tag-iii-festival-de-jazz-de-alboraya","tag-iii-festival-de-jazz-de-alboraya-2023"],"jetpack_featured_media_url":"https:\/\/tomajazz.com\/web\/wp-content\/uploads\/2023\/06\/III-Festival-de-Jazz-de-Alboraya-2023-Tomajazz-Noticias.jpg","jetpack_likes_enabled":true,"jetpack_sharing_enabled":true,"jetpack-related-posts":[{"id":86922,"url":"https:\/\/tomajazz.com\/web\/iiii-alborajazz-2024\/","url_meta":{"origin":74904,"position":0},"title":"IV AlboraJazz 2024. Festival de Jazz de Alboraia (Alboraya, Valencia. 31 de mayo al 16 de junio de 2024) [Noticias de jazz]","author":"Tomajazz","date":"31 mayo, 2024","format":false,"excerpt":"Entre el 31 de mayo y el 16 de junio de 2024 tendr\u00e1 lugar en Alboraya (Valencia) el IV AlboraJazz 2024. Festival de Jazz de Alboraia #Ciclodejazz #FestivalDeJazz #Festivalesdejazz #Noticiasdejazz","rel":"","context":"En \u00abFestivales de Jazz Primavera 2024\u00bb","block_context":{"text":"Festivales de Jazz Primavera 2024","link":"https:\/\/tomajazz.com\/web\/category\/contenidos\/noticias-2\/festivales-de-jazz-primavera-2024\/"},"img":{"alt_text":"IVI AlboraJazz 2024. Festival de Jazz de Alboraia (Alboraya, Valencia. 31 de mayo al 16 de junio de 2024) [Noticias de jazz] - Tomajazz - Entre el 31 de mayo y el 16 de junio de 2024 tendr\u00e1 lugar en Alboraya (Valencia) el IV AlboraJazz 2024. Festival de Jazz de Alboraia #Ciclodejazz #FestivalDeJazz #Festivalesdejazz #Noticiasdejazz","src":"https:\/\/i0.wp.com\/tomajazz.com\/web\/wp-content\/uploads\/2024\/05\/cartel-alborajazz-2024-Tomajazz-Noticias.jpg?resize=350%2C200&ssl=1","width":350,"height":200,"srcset":"https:\/\/i0.wp.com\/tomajazz.com\/web\/wp-content\/uploads\/2024\/05\/cartel-alborajazz-2024-Tomajazz-Noticias.jpg?resize=350%2C200&ssl=1 1x, https:\/\/i0.wp.com\/tomajazz.com\/web\/wp-content\/uploads\/2024\/05\/cartel-alborajazz-2024-Tomajazz-Noticias.jpg?resize=525%2C300&ssl=1 1.5x, https:\/\/i0.wp.com\/tomajazz.com\/web\/wp-content\/uploads\/2024\/05\/cartel-alborajazz-2024-Tomajazz-Noticias.jpg?resize=700%2C400&ssl=1 2x"},"classes":[]},{"id":73745,"url":"https:\/\/tomajazz.com\/web\/iii-festival-internacional-de-jazz-barbastro-2023\/","url_meta":{"origin":74904,"position":1},"title":"III Festival Internacional de Jazz Barbastro 2023 (Barbastro, Huesca. 9 al 21 de junio de 2023) [Noticias de jazz]","author":"Tomajazz","date":"8 mayo, 2023","format":false,"excerpt":"Entre el 9 y el 21 de junio de 2023 tendr\u00e1 lugar el III Festival Internacional de Jazz Barbastro 2023. Lluis Coloma Tr\u00edo, Lib\u00e9rica, Jazz For Kids & Friends o Viktorija Pilatovic actuar\u00e1n en este Festival.","rel":"","context":"En \u00abNoticias\u00bb","block_context":{"text":"Noticias","link":"https:\/\/tomajazz.com\/web\/category\/contenidos\/noticias-2\/"},"img":{"alt_text":"III Festival Internacional de Jazz Barbastro 2023 (Barbastro, Huesca. 9 al 21 de junio de 2023) [Noticias de jazz] - Tomajazz 9.0 - Entre el 9 y el 21 de junio de 2023 tendr\u00e1 lugar el III Festival Internacional de Jazz Barbastro 2023.","src":"https:\/\/i0.wp.com\/tomajazz.com\/web\/wp-content\/uploads\/2023\/05\/III-Festival-Internacional-de-Jazz-Barbastro-2023-TomajazzNews.jpg?resize=350%2C200&ssl=1","width":350,"height":200,"srcset":"https:\/\/i0.wp.com\/tomajazz.com\/web\/wp-content\/uploads\/2023\/05\/III-Festival-Internacional-de-Jazz-Barbastro-2023-TomajazzNews.jpg?resize=350%2C200&ssl=1 1x, https:\/\/i0.wp.com\/tomajazz.com\/web\/wp-content\/uploads\/2023\/05\/III-Festival-Internacional-de-Jazz-Barbastro-2023-TomajazzNews.jpg?resize=525%2C300&ssl=1 1.5x, https:\/\/i0.wp.com\/tomajazz.com\/web\/wp-content\/uploads\/2023\/05\/III-Festival-Internacional-de-Jazz-Barbastro-2023-TomajazzNews.jpg?resize=700%2C400&ssl=1 2x"},"classes":[]},{"id":87062,"url":"https:\/\/tomajazz.com\/web\/iii-aljarafe-jazz-2024\/","url_meta":{"origin":74904,"position":2},"title":"III Aljarafe Jazz 2024 (Mairena del Aljarafe, Sevilla. 14 y 15 de junio de 2024) [Noticias de jazz]","author":"Tomajazz","date":"5 junio, 2024","format":false,"excerpt":"Entre el 14 y el 15 de junio de 2024 tendr\u00e1 lugar en Mairena del Aljarafe (Sevilla), el III Aljarafe Jazz 2024 #FestivalDeJazz #Festivalesdejazz #Noticiasdejazz","rel":"","context":"En \u00abFestivales de Jazz Primavera 2024\u00bb","block_context":{"text":"Festivales de Jazz Primavera 2024","link":"https:\/\/tomajazz.com\/web\/category\/contenidos\/noticias-2\/festivales-de-jazz-primavera-2024\/"},"img":{"alt_text":"III Aljarafe Jazz 2024 (Mairena del Aljarafe, Sevilla. 14 y 15 de junio de 2024) [Noticias de jazz] - Tomajazz","src":"https:\/\/i0.wp.com\/tomajazz.com\/web\/wp-content\/uploads\/2024\/06\/III-Festival-Aljarafe-Jazz-2024.jpg?resize=350%2C200&ssl=1","width":350,"height":200},"classes":[]},{"id":105012,"url":"https:\/\/tomajazz.com\/web\/lage-lund-trio-granollers-2026\/","url_meta":{"origin":74904,"position":3},"title":"Lage Lund Trio (36\u00e8 Jazz Granollers Festival \/ Casino, 2026-03-13 \/ Granollers -Barcelona-) [y III] Por Joan Cort\u00e8s [INSTANTZZ AKA Galer\u00eda fotogr\u00e1fica AKA Fotoblog de jazz, impro\u2026 y algo m\u00e1s]","author":"Tomajazz","date":"23 abril, 2026","format":false,"excerpt":"Lage Lund Trio actu\u00f3 en el 36\u00e8 Jazz Granollers Festival, el 13 de marzo de 2026. Joan Cort\u00e8s lo retrata en INSTANTZZ. Lage Lund Trio son Lage Lund, Orlando Le Fleming, Greg Hutchinson","rel":"","context":"En \u00ab36 Jazz Granollers Festival 2026\u00bb","block_context":{"text":"36 Jazz Granollers Festival 2026","link":"https:\/\/tomajazz.com\/web\/category\/contenidos\/especial-contenidos\/36-jazz-granollers-festival-2026\/"},"img":{"alt_text":"Lage Lund Trio (36\u00e8 Jazz Granollers Festival \/ Casino, 2026-03-13 \/ Granollers -Barcelona-) [y III] Por Joan Cort\u00e8s [INSTANTZZ AKA Galer\u00eda fotogr\u00e1fica AKA Fotoblog de jazz, impro\u2026 y algo m\u00e1s] - Tomajazz - Lage Lund Trio actu\u00f3 en el 36\u00e8 Jazz Granollers Festival, el 13 de marzo de 2026. Joan Cort\u00e8s lo retrata en INSTANTZZ. Lage Lund Trio son Lage Lund, Orlando Le Fleming, Greg Hutchinson","src":"https:\/\/i0.wp.com\/tomajazz.com\/web\/wp-content\/uploads\/2026\/04\/destacada-02-Lg-Lnd-Photo-by-Joan-Cortes-13mrc26-36JGF-Csn-Gr-bn.jpg?resize=350%2C200&ssl=1","width":350,"height":200,"srcset":"https:\/\/i0.wp.com\/tomajazz.com\/web\/wp-content\/uploads\/2026\/04\/destacada-02-Lg-Lnd-Photo-by-Joan-Cortes-13mrc26-36JGF-Csn-Gr-bn.jpg?resize=350%2C200&ssl=1 1x, https:\/\/i0.wp.com\/tomajazz.com\/web\/wp-content\/uploads\/2026\/04\/destacada-02-Lg-Lnd-Photo-by-Joan-Cortes-13mrc26-36JGF-Csn-Gr-bn.jpg?resize=525%2C300&ssl=1 1.5x"},"classes":[]},{"id":75319,"url":"https:\/\/tomajazz.com\/web\/iii-vigo-jazz-class-2023\/","url_meta":{"origin":74904,"position":4},"title":"III Vigo Jazz Class 2023 (28 de junio al 1 de julio de 2023. Vigo, Pontevedra) [Noticias de jazz]","author":"Tomajazz","date":"26 junio, 2023","format":false,"excerpt":"Entre el 28 de junio y el 1 de julio de 2023 se celebrar\u00e1 en Vigo el III Vigo Jazz Class 2023, III Festival Internacional de m\u00fasica Cl\u00e1sica y Jazz #Festivalesdejazz #Noticiasdejazz #Festivaldejazz","rel":"","context":"En \u00abFestivales de jazz de verano 2023\u00bb","block_context":{"text":"Festivales de jazz de verano 2023","link":"https:\/\/tomajazz.com\/web\/category\/contenidos\/noticias-2\/festivales-de-jazz-de-verano-2023\/"},"img":{"alt_text":"III Vigo Jazz Class 2023 (28 de junio al 1 de julio de 2023. Vigo, Pontevedra) [Noticias de jazz] - Tomajazz 9.0 - Entre el 28 de junio y el 1 de julio de 2023 se celebrar\u00e1 en Vigo el III Vigo Jazz-Class 2023, III Festival Internacional de m\u00fasica Cl\u00e1sica y Jazz #Festivalesdejazz #Noticiasdejazz #Festivaldejazz","src":"https:\/\/i0.wp.com\/tomajazz.com\/web\/wp-content\/uploads\/2023\/06\/Vigo-Jazz-Class-2023-cartel2022-Tomajazz-Noticias.jpg?resize=350%2C200&ssl=1","width":350,"height":200,"srcset":"https:\/\/i0.wp.com\/tomajazz.com\/web\/wp-content\/uploads\/2023\/06\/Vigo-Jazz-Class-2023-cartel2022-Tomajazz-Noticias.jpg?resize=350%2C200&ssl=1 1x, https:\/\/i0.wp.com\/tomajazz.com\/web\/wp-content\/uploads\/2023\/06\/Vigo-Jazz-Class-2023-cartel2022-Tomajazz-Noticias.jpg?resize=525%2C300&ssl=1 1.5x"},"classes":[]},{"id":74879,"url":"https:\/\/tomajazz.com\/web\/iii-festival-de-jazz-casas-viejazz-2023\/","url_meta":{"origin":74904,"position":5},"title":"III Festival de Jazz Casas Viejazz 2023 (Benalup &#8211; Casa Viejas, C\u00e1diz. 30 de junio y 1 de julio de 2023) [Noticias de jazz]","author":"Tomajazz","date":"14 junio, 2023","format":false,"excerpt":"El viernes 30 de junio y el s\u00e1bado 1 de julio se celebrar\u00e1 el III Festival de Jazz Casas Viejazz 2023 en Benalup - Casa Viejas (C\u00e1diz) #NoticiasdeJazz #FestivaldeJazz","rel":"","context":"En \u00abFestivales de jazz de verano 2023\u00bb","block_context":{"text":"Festivales de jazz de verano 2023","link":"https:\/\/tomajazz.com\/web\/category\/contenidos\/noticias-2\/festivales-de-jazz-de-verano-2023\/"},"img":{"alt_text":"III Festival de Jazz Casas Viejazz 2023 (Benalup - Casa Viejas, C\u00e1diz. 30 de junio y 1 de julio de 2023) [Noticias de jazz] - Tomajazz 9.0","src":"https:\/\/i0.wp.com\/tomajazz.com\/web\/wp-content\/uploads\/2023\/06\/III-Festival-de-Jazz-CasasViejazz-2023-Noticias-Tomajazz.jpg?resize=350%2C200&ssl=1","width":350,"height":200,"srcset":"https:\/\/i0.wp.com\/tomajazz.com\/web\/wp-content\/uploads\/2023\/06\/III-Festival-de-Jazz-CasasViejazz-2023-Noticias-Tomajazz.jpg?resize=350%2C200&ssl=1 1x, https:\/\/i0.wp.com\/tomajazz.com\/web\/wp-content\/uploads\/2023\/06\/III-Festival-de-Jazz-CasasViejazz-2023-Noticias-Tomajazz.jpg?resize=525%2C300&ssl=1 1.5x, https:\/\/i0.wp.com\/tomajazz.com\/web\/wp-content\/uploads\/2023\/06\/III-Festival-de-Jazz-CasasViejazz-2023-Noticias-Tomajazz.jpg?resize=700%2C400&ssl=1 2x"},"classes":[]}],"_links":{"self":[{"href":"https:\/\/tomajazz.com\/web\/wp-json\/wp\/v2\/posts\/74904","targetHints":{"allow":["GET"]}}],"collection":[{"href":"https:\/\/tomajazz.com\/web\/wp-json\/wp\/v2\/posts"}],"about":[{"href":"https:\/\/tomajazz.com\/web\/wp-json\/wp\/v2\/types\/post"}],"author":[{"embeddable":true,"href":"https:\/\/tomajazz.com\/web\/wp-json\/wp\/v2\/users\/1"}],"replies":[{"embeddable":true,"href":"https:\/\/tomajazz.com\/web\/wp-json\/wp\/v2\/comments?post=74904"}],"version-history":[{"count":2,"href":"https:\/\/tomajazz.com\/web\/wp-json\/wp\/v2\/posts\/74904\/revisions"}],"predecessor-version":[{"id":74907,"href":"https:\/\/tomajazz.com\/web\/wp-json\/wp\/v2\/posts\/74904\/revisions\/74907"}],"wp:featuredmedia":[{"embeddable":true,"href":"https:\/\/tomajazz.com\/web\/wp-json\/wp\/v2\/media\/74905"}],"wp:attachment":[{"href":"https:\/\/tomajazz.com\/web\/wp-json\/wp\/v2\/media?parent=74904"}],"wp:term":[{"taxonomy":"category","embeddable":true,"href":"https:\/\/tomajazz.com\/web\/wp-json\/wp\/v2\/categories?post=74904"},{"taxonomy":"post_tag","embeddable":true,"href":"https:\/\/tomajazz.com\/web\/wp-json\/wp\/v2\/tags?post=74904"}],"curies":[{"name":"wp","href":"https:\/\/api.w.org\/{rel}","templated":true}]}}