{"id":74930,"date":"2023-06-15T10:00:55","date_gmt":"2023-06-15T08:00:55","guid":{"rendered":"https:\/\/www.tomajazz.com\/web\/?p=74930"},"modified":"2024-10-09T20:48:04","modified_gmt":"2024-10-09T18:48:04","slug":"universos-paralelos-t28-p35-2022-23","status":"publish","type":"post","link":"https:\/\/tomajazz.com\/web\/universos-paralelos-t28-p35-2022-23\/","title":{"rendered":"Universos Paralelos: emisi\u00f3n 15 de junio de 2023 (UP.T.28 P.35) [Noticias de jazz]"},"content":{"rendered":"<blockquote>\n<p style=\"padding-left: 120px;\"><b>Descubriendo las m\u00fasicas instrumentales que hay m\u00e1s all\u00e1 de la radio f\u00f3rmula desde 1995 ERA 28 temporadas en el aire<\/b> (y unos pocos en la red)&#8230; \u00a1y seguimos descubriendo buena m\u00fasica!<\/p>\n<\/blockquote>\n<p><img loading=\"lazy\" decoding=\"async\" class=\"alignleft wp-image-74931 size-medium\" title=\"Universos Paralelos: emisi\u00f3n 15 de junio de 2023 (UP.T.28 P.35) [Noticias de jazz] Tomajazz 9.0 Dusan Jevtovic City Hustling UP\" src=\"https:\/\/tomajazz.com\/web\/wp-content\/uploads\/2023\/06\/Dusan-Jevtovic-City-Hustling-UP-300x300.jpg\" alt=\"Universos Paralelos: emisi\u00f3n 15 de junio de 2023 (UP.T.28 P.35) [Noticias de jazz] - Tomajazz 9.0 - City Hustling de Dusan Jevtovic es el disco de portada de la edici\u00f3n del 15 de junio\" width=\"300\" height=\"300\" srcset=\"https:\/\/tomajazz.com\/web\/wp-content\/uploads\/2023\/06\/Dusan-Jevtovic-City-Hustling-UP-300x300.jpg 300w, https:\/\/tomajazz.com\/web\/wp-content\/uploads\/2023\/06\/Dusan-Jevtovic-City-Hustling-UP-200x200.jpg 200w, https:\/\/tomajazz.com\/web\/wp-content\/uploads\/2023\/06\/Dusan-Jevtovic-City-Hustling-UP-465x465.jpg 465w, https:\/\/tomajazz.com\/web\/wp-content\/uploads\/2023\/06\/Dusan-Jevtovic-City-Hustling-UP-500x500.jpg 500w, https:\/\/tomajazz.com\/web\/wp-content\/uploads\/2023\/06\/Dusan-Jevtovic-City-Hustling-UP.jpg 600w\" sizes=\"auto, (max-width: 300px) 100vw, 300px\" \/><\/p>\n<div>Ya est\u00e1 disponible una nueva emisi\u00f3n de <strong>Universos Paralelos<\/strong>, el programa de radio dirigido por <strong>Sergio Cabanillas<\/strong>.<\/div>\n<div>\n<p>En la emisi\u00f3n del 15 de junio de 2023 suena m\u00fasica de&#8230; Dusan Jevtovic, Fernando Lamas, Lucas Cobo 7Tet, Szabolcs Ol\u00e1h, Joan Mar Sauqu\u00e9, Liam Noble &amp; Geoff Simkins.<\/p>\n<p>Disponible en <a href=\"https:\/\/universosparalelosradioshow.blogspot.com\/2023\/06\/emision-15062023.html\" target=\"_blank\" rel=\"noopener\">universosparalelosradioshow.blogspot.com.es<\/a><\/p>\n<\/div>\n<div style=\"text-align: right;\">\n<p>\u00a9 <strong>Tomajazz<\/strong>, 2023<\/p>\n<\/div>\n<h4>Escucha el \u00faltimo programa&#8230;<\/h4>\n<p><a href=\"https:\/\/universosparalelosradioshow.blogspot.com\/2023\/06\/emision-15062023.html\" target=\"_blank\" rel=\"noopener\">https:\/\/universosparalelosradioshow.blogspot.com<\/a><\/p>\n<h4 style=\"text-align: left;\">Anteriormente Dusan Jevtovic en Universos Paralelos AKA UP&#8230;<\/h4>\n<blockquote class=\"wp-embedded-content\" data-secret=\"I0QwD69r55\"><p><a href=\"https:\/\/tomajazz.com\/web\/universos-paralelos-emision-16-de-febrero-de-2022-t-27-p-22-noticias-de-jazz\/\">Universos Paralelos: emisi\u00f3n 23 de febrero de 2022 (T.27 P.22) [Noticias de jazz]<\/a><\/p><\/blockquote>\n<p><iframe loading=\"lazy\" class=\"wp-embedded-content\" sandbox=\"allow-scripts\" security=\"restricted\" style=\"position: absolute; visibility: hidden;\" title=\"\u00abUniversos Paralelos: emisi\u00f3n 23 de febrero de 2022 (T.27 P.22) [Noticias de jazz]\u00bb \u2014 Tomajazz\" src=\"https:\/\/tomajazz.com\/web\/universos-paralelos-emision-16-de-febrero-de-2022-t-27-p-22-noticias-de-jazz\/embed\/#?secret=Kq3Ny7xYI9#?secret=I0QwD69r55\" data-secret=\"I0QwD69r55\" width=\"600\" height=\"338\" frameborder=\"0\" marginwidth=\"0\" marginheight=\"0\" scrolling=\"no\"><\/iframe><\/p>\n<h3 style=\"text-align: left;\">UP en Telegram<\/h3>\n<div style=\"text-align: left;\">\u00a1Novedad! Para estar al tanto en primicia de sus nuevos contenidos, <strong>Universos Paralelos<\/strong> ha puesto a disposici\u00f3n de los seguidores del programa un canal de Telegram en <a href=\"https:\/\/t.me\/universosparalelosradioshow\" target=\"_blank\" rel=\"noopener\">https:\/\/t.me\/universosparalelosradioshow<\/a><\/div>\n<h3 style=\"text-align: left;\">M\u00e1s informaci\u00f3n&#8230;<\/h3>\n<p style=\"text-align: left;\"><a href=\"https:\/\/universosparalelosradioshow.blogspot.com\/\" target=\"_blank\" rel=\"noopener\">https:\/\/universosparalelosradioshow.blogspot.com\/<\/a><\/p>\n<h3 style=\"text-align: left;\">Sergio Cabanillas en Tomajazz<\/h3>\n<p style=\"text-align: left;\"><a href=\"https:\/\/tomajazz.com\/web\/?s=Sergio+cabanillas&amp;submit=Search\" target=\"_blank\" rel=\"noopener\">https:\/\/tomajazz.com\/web\/?s=Sergio+cabanillas&amp;submit=Search<\/a><\/p>\n<p>&nbsp;<\/p>\n","protected":false},"excerpt":{"rendered":"<p>City Hustling de Dusan Jevtovic es el disco de portada de la edici\u00f3n del 15 de junio de Universos Paralelos. Adem\u00e1s, suena m\u00fasica de Fernando Lamas, Lucas Cobo 7Tet, Szabolcs Ol\u00e1h, Joan Mar Sauqu\u00e9, Liam Noble &#038; Geoff Simkins. UP es un programa de radio de Sergio Cabanillas.<br \/>\n<span class=\"more-link\"><a href=\"https:\/\/tomajazz.com\/web\/universos-paralelos-t28-p35-2022-23\/\">Contin\u00faa leyendo<\/a><\/span><\/p>\n","protected":false},"author":1,"featured_media":74931,"comment_status":"open","ping_status":"closed","sticky":false,"template":"","format":"standard","meta":{"jetpack_post_was_ever_published":false,"_jetpack_newsletter_access":"","_jetpack_dont_email_post_to_subs":false,"_jetpack_newsletter_tier_id":0,"_jetpack_memberships_contains_paywalled_content":false,"_jetpack_memberships_contains_paid_content":false,"footnotes":""},"categories":[15795,17858,1038,31550],"tags":[15310,27953,187,7664,27856],"class_list":["entry","author-pachi","has-excerpt","post-74930","post","type-post","status-publish","format-standard","has-post-thumbnail","category-noticias-2","category-redaccion","category-contenidos","category-universos-paralelos-up","tag-podcast-de-jazz","tag-programa-de-jazz","tag-sergio-cabanillas","tag-universos-paralelos","tag-up"],"jetpack_featured_media_url":"https:\/\/tomajazz.com\/web\/wp-content\/uploads\/2023\/06\/Dusan-Jevtovic-City-Hustling-UP.jpg","jetpack_likes_enabled":true,"jetpack_sharing_enabled":true,"jetpack-related-posts":[{"id":70825,"url":"https:\/\/tomajazz.com\/web\/universos-paralelos-t28-p187-2022-23\/","url_meta":{"origin":74930,"position":0},"title":"Universos Paralelos: Emisi\u00f3n 9 de febrero de 2023 (UP.T.28 P.18) [Noticias de jazz]","author":"Tomajazz","date":"9 febrero, 2023","format":false,"excerpt":"En la edici\u00f3n del 9 de febrero de 2023 de Universos Paralelos suena m\u00fasica de Joan Claver, Ossi Maristo, Tassos Spiliotopoulos, V\u00edctor Ant\u00f3n Group (que es el disco destacado del programa), Lucas Cobo 7Tet, Deadeye, RS Faktor. Universos Paralelos es un programa de radio de Sergio Cabanillas.","rel":"","context":"En \u00abNoticias\u00bb","block_context":{"text":"Noticias","link":"https:\/\/tomajazz.com\/web\/category\/contenidos\/noticias-2\/"},"img":{"alt_text":"En la edici\u00f3n del 9 de febrero de 2023 de Universos Paralelos suena m\u00fasica de Joan Claver, Ossi Maristo, Tassos Spiliotopoulos, V\u00edctor Ant\u00f3n Group (que es el disco destacado del programa), Lucas Cobo 7Tet, Deadeye, RS Faktor. Universos Paralelos es un programa de radio de Sergio Cabanillas.","src":"https:\/\/i0.wp.com\/tomajazz.com\/web\/wp-content\/uploads\/2023\/01\/Victor-Anton-Group-Centennial-Light-Errabal-2023.jpg?resize=350%2C200&ssl=1","width":350,"height":200,"srcset":"https:\/\/i0.wp.com\/tomajazz.com\/web\/wp-content\/uploads\/2023\/01\/Victor-Anton-Group-Centennial-Light-Errabal-2023.jpg?resize=350%2C200&ssl=1 1x, https:\/\/i0.wp.com\/tomajazz.com\/web\/wp-content\/uploads\/2023\/01\/Victor-Anton-Group-Centennial-Light-Errabal-2023.jpg?resize=525%2C300&ssl=1 1.5x"},"classes":[]},{"id":69066,"url":"https:\/\/tomajazz.com\/web\/universos-paralelos-t28-p14\/","url_meta":{"origin":74930,"position":1},"title":"Universos Paralelos: Emisi\u00f3n 15 de diciembre de 2022 (UP.T.28 P.14) [Noticias de jazz]","author":"Tomajazz","date":"15 diciembre, 2022","format":false,"excerpt":"Ya est\u00e1 disponible una nueva edici\u00f3n de Universos Paralelos. Lucas Cobo 7Tet, Aki Rissanen o Felix Rossy Quintet son algunos de los proyectos que suenan en el programa. Universos Paralelos es un programa de radio editado, dirigido y presentado por Sergio Cabanillas.","rel":"","context":"En \u00abNoticias\u00bb","block_context":{"text":"Noticias","link":"https:\/\/tomajazz.com\/web\/category\/contenidos\/noticias-2\/"},"img":{"alt_text":"Ya est\u00e1 disponible una nueva edici\u00f3n de Universos Paralelos. Lucas Cobo 7Tet, Aki Rissanen o Felix Rossy Quintet son algunos de los proyectos que suenan en el programa. Universos Paralelos es un programa de radio editado, dirigido y presentado por Sergio Cabanillas.","src":"https:\/\/i0.wp.com\/tomajazz.com\/web\/wp-content\/uploads\/2022\/12\/Lucas_Cobo_7tet_Para_Pichi.jpg?resize=350%2C200&ssl=1","width":350,"height":200},"classes":[]},{"id":100330,"url":"https:\/\/tomajazz.com\/web\/universos-paralelos-t31-p04-2025-26\/","url_meta":{"origin":74930,"position":2},"title":"Universos Paralelos: emisi\u00f3n 9 de octubre de 2025 (UP.T.31 P.04) [Noticias de jazz]","author":"Tomajazz","date":"9 octubre, 2025","format":false,"excerpt":"En los Universos Paralelos dirigidos por Sergio Cabanillas, el 9 de octubre de 2025 suena m\u00fasica de Chronojazz, Gilad Hekselman, Hakan Ba\u015far, Miguel \u00c2ngelo Trio, Diego Alonso, Matthias Loibner #Noticiasdejazz","rel":"","context":"En \u00abUniversos Paralelos - UP\u00bb","block_context":{"text":"Universos Paralelos - UP","link":"https:\/\/tomajazz.com\/web\/category\/contenidos\/noticias-2\/universos-paralelos-up\/"},"img":{"alt_text":"Universos Paralelos: emisi\u00f3n 9 de octubre de 2025 (UP.T.31 P.04) [Noticias de jazz] - Tomajazz - En los Universos Paralelos dirigidos por Sergio Cabanillas, el 9 de octubre de 2025 suena m\u00fasica de Chronojazz, Gilad Hekselman, Hakan Ba\u015far, Miguel \u00c2ngelo Trio, Diego Alonso, Matthias Loibner #Noticiasdejazz","src":"https:\/\/i0.wp.com\/tomajazz.com\/web\/wp-content\/uploads\/2025\/10\/destacado-Matthias-Loibner-Aussichten-1080.jpg?resize=350%2C200&ssl=1","width":350,"height":200,"srcset":"https:\/\/i0.wp.com\/tomajazz.com\/web\/wp-content\/uploads\/2025\/10\/destacado-Matthias-Loibner-Aussichten-1080.jpg?resize=350%2C200&ssl=1 1x, https:\/\/i0.wp.com\/tomajazz.com\/web\/wp-content\/uploads\/2025\/10\/destacado-Matthias-Loibner-Aussichten-1080.jpg?resize=525%2C300&ssl=1 1.5x, https:\/\/i0.wp.com\/tomajazz.com\/web\/wp-content\/uploads\/2025\/10\/destacado-Matthias-Loibner-Aussichten-1080.jpg?resize=700%2C400&ssl=1 2x"},"classes":[]},{"id":79197,"url":"https:\/\/tomajazz.com\/web\/universos-paralelos-t29-p03\/","url_meta":{"origin":74930,"position":3},"title":"Universos Paralelos: emisi\u00f3n 5 de octubre de 2023 (UP.T.29 P.03) [Noticias de jazz]","author":"Tomajazz","date":"5 octubre, 2023","format":false,"excerpt":"En el programa del 5 de octubre de 2023 de Universos Paralelos suena m\u00fasica de Dusan Jevtovic, Emma Rawicz, Halli Gudmundsson, Lluc Casares, Nostos, Manuel Guti\u00e9rrez. UP es un programa de Sergio Cabanillas.","rel":"","context":"En \u00abNoticias\u00bb","block_context":{"text":"Noticias","link":"https:\/\/tomajazz.com\/web\/category\/contenidos\/noticias-2\/"},"img":{"alt_text":"Universos Paralelos: emisi\u00f3n 5 de octubre de 2023 (UP.T.29 P.03) [Noticias de jazz] - Tomajazz 9.0 - En el programa del 5 de octubre de 2023 de Universos Paralelos suena m\u00fasica de Dusan Jevtovic, Emma Rawicz, Halli Gudmundsson, Lluc Casares, Nostos, Manuel Guti\u00e9rrez. UP es un programa de Sergio Cabanillas.","src":"https:\/\/i0.wp.com\/tomajazz.com\/web\/wp-content\/uploads\/2023\/10\/Manuel-Gutierrez-Norte-Insta-Tomajazz-UP.jpg?resize=350%2C200&ssl=1","width":350,"height":200,"srcset":"https:\/\/i0.wp.com\/tomajazz.com\/web\/wp-content\/uploads\/2023\/10\/Manuel-Gutierrez-Norte-Insta-Tomajazz-UP.jpg?resize=350%2C200&ssl=1 1x, https:\/\/i0.wp.com\/tomajazz.com\/web\/wp-content\/uploads\/2023\/10\/Manuel-Gutierrez-Norte-Insta-Tomajazz-UP.jpg?resize=525%2C300&ssl=1 1.5x, https:\/\/i0.wp.com\/tomajazz.com\/web\/wp-content\/uploads\/2023\/10\/Manuel-Gutierrez-Norte-Insta-Tomajazz-UP.jpg?resize=700%2C400&ssl=1 2x, https:\/\/i0.wp.com\/tomajazz.com\/web\/wp-content\/uploads\/2023\/10\/Manuel-Gutierrez-Norte-Insta-Tomajazz-UP.jpg?resize=1050%2C600&ssl=1 3x"},"classes":[]},{"id":101457,"url":"https:\/\/tomajazz.com\/web\/universos-paralelos-t31-p08-2025-26\/","url_meta":{"origin":74930,"position":4},"title":"Universos Paralelos: emisi\u00f3n 6 de noviembre de 2025 (UP.T.31 P.08) [Noticias de jazz]","author":"Tomajazz","date":"6 noviembre, 2025","format":false,"excerpt":"En la edici\u00f3n del 6 de noviembre de 2025 de Universos Paralelos, Sergio Cabanillas elige el nuevo disco de Max Villavecchia como disco de portada, pero no es lo \u00fanico... #Noticiasdejazz","rel":"","context":"En \u00abUniversos Paralelos - UP\u00bb","block_context":{"text":"Universos Paralelos - UP","link":"https:\/\/tomajazz.com\/web\/category\/contenidos\/noticias-2\/universos-paralelos-up\/"},"img":{"alt_text":"Universos Paralelos: emisi\u00f3n 6 de noviembre de 2025 (UP.T.31 P.08) [Noticias de jazz] - Tomajazz - En la edici\u00f3n del 6 de noviembre de 2025 de Universos Paralelos, Sergio Cabanillas elige el nuevo disco de Max Villavecchia como disco de portada, pero no es lo \u00fanico... #Noticiasdejazz","src":"https:\/\/i0.wp.com\/tomajazz.com\/web\/wp-content\/uploads\/2025\/11\/destacada-Max-Villavecchia-Entre-Mar-i-Roca-1080.jpg?resize=350%2C200&ssl=1","width":350,"height":200,"srcset":"https:\/\/i0.wp.com\/tomajazz.com\/web\/wp-content\/uploads\/2025\/11\/destacada-Max-Villavecchia-Entre-Mar-i-Roca-1080.jpg?resize=350%2C200&ssl=1 1x, https:\/\/i0.wp.com\/tomajazz.com\/web\/wp-content\/uploads\/2025\/11\/destacada-Max-Villavecchia-Entre-Mar-i-Roca-1080.jpg?resize=525%2C300&ssl=1 1.5x, https:\/\/i0.wp.com\/tomajazz.com\/web\/wp-content\/uploads\/2025\/11\/destacada-Max-Villavecchia-Entre-Mar-i-Roca-1080.jpg?resize=700%2C400&ssl=1 2x"},"classes":[]},{"id":101979,"url":"https:\/\/tomajazz.com\/web\/universos-paralelos-t31-p10-2025-26-xxx-aniv\/","url_meta":{"origin":74930,"position":5},"title":"Emisi\u00f3n XXX Aniversario Universos Paralelos: 20 de noviembre de 2025 (UP.T.31 P.10) [Noticias de jazz]","author":"Tomajazz","date":"20 noviembre, 2025","format":false,"excerpt":"Universos Paralelos celebra su XXX Aniversario el 20 de noviembre de 2025 con un especial dedicado a Kevin Kastning. Desde Tomajazz enviamos nuestra felicitaci\u00f3n a Sergio Cabanillas y a todos los escuchantes de UP #Noticiasdejazz","rel":"","context":"En \u00abUniversos Paralelos - UP\u00bb","block_context":{"text":"Universos Paralelos - UP","link":"https:\/\/tomajazz.com\/web\/category\/contenidos\/noticias-2\/universos-paralelos-up\/"},"img":{"alt_text":"Emisi\u00f3n XXX Aniversario Universos Paralelos: 20 de noviembre de 2025 (UP.T.31 P.10) [Noticias de jazz] - Tomajazz - Universos Paralelos celebra su XXX Aniversario el 20 de noviembre de 2025 con un especial dedicado a Kevin Kastning. Desde Tomajazz enviamos nuestra felicitaci\u00f3n a Sergio Cabanillas y a todos los escuchantes de UP #Noticiasdejazz","src":"https:\/\/i0.wp.com\/tomajazz.com\/web\/wp-content\/uploads\/2025\/11\/destadado-Portada-Composicion-XXX-Aniversario-1080.jpg?resize=350%2C200&ssl=1","width":350,"height":200,"srcset":"https:\/\/i0.wp.com\/tomajazz.com\/web\/wp-content\/uploads\/2025\/11\/destadado-Portada-Composicion-XXX-Aniversario-1080.jpg?resize=350%2C200&ssl=1 1x, https:\/\/i0.wp.com\/tomajazz.com\/web\/wp-content\/uploads\/2025\/11\/destadado-Portada-Composicion-XXX-Aniversario-1080.jpg?resize=525%2C300&ssl=1 1.5x, https:\/\/i0.wp.com\/tomajazz.com\/web\/wp-content\/uploads\/2025\/11\/destadado-Portada-Composicion-XXX-Aniversario-1080.jpg?resize=700%2C400&ssl=1 2x"},"classes":[]}],"_links":{"self":[{"href":"https:\/\/tomajazz.com\/web\/wp-json\/wp\/v2\/posts\/74930","targetHints":{"allow":["GET"]}}],"collection":[{"href":"https:\/\/tomajazz.com\/web\/wp-json\/wp\/v2\/posts"}],"about":[{"href":"https:\/\/tomajazz.com\/web\/wp-json\/wp\/v2\/types\/post"}],"author":[{"embeddable":true,"href":"https:\/\/tomajazz.com\/web\/wp-json\/wp\/v2\/users\/1"}],"replies":[{"embeddable":true,"href":"https:\/\/tomajazz.com\/web\/wp-json\/wp\/v2\/comments?post=74930"}],"version-history":[{"count":2,"href":"https:\/\/tomajazz.com\/web\/wp-json\/wp\/v2\/posts\/74930\/revisions"}],"predecessor-version":[{"id":74964,"href":"https:\/\/tomajazz.com\/web\/wp-json\/wp\/v2\/posts\/74930\/revisions\/74964"}],"wp:featuredmedia":[{"embeddable":true,"href":"https:\/\/tomajazz.com\/web\/wp-json\/wp\/v2\/media\/74931"}],"wp:attachment":[{"href":"https:\/\/tomajazz.com\/web\/wp-json\/wp\/v2\/media?parent=74930"}],"wp:term":[{"taxonomy":"category","embeddable":true,"href":"https:\/\/tomajazz.com\/web\/wp-json\/wp\/v2\/categories?post=74930"},{"taxonomy":"post_tag","embeddable":true,"href":"https:\/\/tomajazz.com\/web\/wp-json\/wp\/v2\/tags?post=74930"}],"curies":[{"name":"wp","href":"https:\/\/api.w.org\/{rel}","templated":true}]}}