{"id":75033,"date":"2023-06-19T11:30:17","date_gmt":"2023-06-19T09:30:17","guid":{"rendered":"https:\/\/www.tomajazz.com\/web\/?p=75033"},"modified":"2023-06-18T13:09:44","modified_gmt":"2023-06-18T11:09:44","slug":"xxi-festival-jazz-en-el-lago-2023","status":"publish","type":"post","link":"https:\/\/tomajazz.com\/web\/xxi-festival-jazz-en-el-lago-2023\/","title":{"rendered":"XXI Festival Jazz en el Lago 2023 (Atarfe, Granada. 30 de junio y 1 de julio de 2023) [Noticias de jazz]"},"content":{"rendered":"<p style=\"text-align: center;\"><img loading=\"lazy\" decoding=\"async\" class=\"aligncenter size-large wp-image-75034\" title=\"XXI Festival Jazz en el Lago 2023 (Atarfe, Granada. 30 de junio y 1 de julio de 2023) [Noticias de jazz] Tomajazz 9.0 XXI Festival Jazz en el Lago 2023 Tomajazz Noticias\" src=\"https:\/\/tomajazz.com\/web\/wp-content\/uploads\/2023\/06\/XXI-Festival-Jazz-en-el-Lago-2023-Tomajazz-Noticias-424x600.jpg\" alt=\"XXI Festival Jazz en el Lago 2023 (Atarfe, Granada. 30 de junio y 1 de julio de 2023) [Noticias de jazz] - Tomajazz 9.0\" width=\"424\" height=\"600\" srcset=\"https:\/\/tomajazz.com\/web\/wp-content\/uploads\/2023\/06\/XXI-Festival-Jazz-en-el-Lago-2023-Tomajazz-Noticias-424x600.jpg 424w, https:\/\/tomajazz.com\/web\/wp-content\/uploads\/2023\/06\/XXI-Festival-Jazz-en-el-Lago-2023-Tomajazz-Noticias-212x300.jpg 212w, https:\/\/tomajazz.com\/web\/wp-content\/uploads\/2023\/06\/XXI-Festival-Jazz-en-el-Lago-2023-Tomajazz-Noticias-768x1087.jpg 768w, https:\/\/tomajazz.com\/web\/wp-content\/uploads\/2023\/06\/XXI-Festival-Jazz-en-el-Lago-2023-Tomajazz-Noticias-389x550.jpg 389w, https:\/\/tomajazz.com\/web\/wp-content\/uploads\/2023\/06\/XXI-Festival-Jazz-en-el-Lago-2023-Tomajazz-Noticias-353x500.jpg 353w, https:\/\/tomajazz.com\/web\/wp-content\/uploads\/2023\/06\/XXI-Festival-Jazz-en-el-Lago-2023-Tomajazz-Noticias.jpg 800w\" sizes=\"auto, (max-width: 424px) 100vw, 424px\" \/><\/p>\n<p>El 30 de junio y el 1 de julio de 2023 tendr\u00e1 lugar en Atarfe (Granada), el XXI Festival Jazz en el Lago.<br \/>\nConciertos a partir de las 22:30. Entrada individual 10 euros. Abono 15 euros.<\/p>\n<h3>Programaci\u00f3n<\/h3>\n<p>30 de junio. Wayne Scoffery Quartet. Move Quartet<br \/>\n1 de julio. Nel Begley. V\u00edctor de Diego On Trane \u00abThe Music of John Coltrane\u00bb<\/p>\n<h3>M\u00e1s informaci\u00f3n del XXI Festival Jazz en el Lago 2023<\/h3>\n<p><a href=\"https:\/\/www.turgranada.es\/agenda\/xxi-festival-jazz-en-el-lago\/\" target=\"_blank\" rel=\"noopener\">https:\/\/www.turgranada.es\/agenda\/xxi-festival-jazz-en-el-lago\/<\/a><\/p>\n<h3>Y adem\u00e1s&#8230;<\/h3>\n<p><a href=\"https:\/\/tomajazz.com\/web\/?s=atarfe&amp;submit=Search\" target=\"_blank\" rel=\"noopener\">https:\/\/tomajazz.com\/web\/?s=atarfe&amp;submit=Search<\/a><\/p>\n<h3>Especial Festivales de Jazz de Verano de 2023 en Tomajazz<\/h3>\n<blockquote class=\"wp-embedded-content\" data-secret=\"9YVAPQQY1g\"><p><a href=\"https:\/\/tomajazz.com\/web\/especial-festivales-de-jazz-de-verano-de-2023\/\">Especial Festivales de jazz de verano de 2023 en Espa\u00f1a [Especial Noticias de jazz]<\/a><\/p><\/blockquote>\n<p><iframe loading=\"lazy\" class=\"wp-embedded-content\" sandbox=\"allow-scripts\" security=\"restricted\" style=\"position: absolute; visibility: hidden;\" title=\"\u00abEspecial Festivales de jazz de verano de 2023 en Espa\u00f1a [Especial Noticias de jazz]\u00bb \u2014 Tomajazz\" src=\"https:\/\/tomajazz.com\/web\/especial-festivales-de-jazz-de-verano-de-2023\/embed\/#?secret=6fXIltBw1p#?secret=9YVAPQQY1g\" data-secret=\"9YVAPQQY1g\" width=\"600\" height=\"338\" frameborder=\"0\" marginwidth=\"0\" marginheight=\"0\" scrolling=\"no\"><\/iframe><\/p>\n","protected":false},"excerpt":{"rendered":"<p>El 30 de junio y el 1 de julio de 2023 tendr\u00e1 lugar en Atarfe (Granada), el XXI Festival Jazz en el Lago 2023 #Festivalesdejazz #Noticiasdejazz <span class=\"more-link\"><a href=\"https:\/\/tomajazz.com\/web\/xxi-festival-jazz-en-el-lago-2023\/\">Contin\u00faa leyendo<\/a><\/span><\/p>\n","protected":false},"author":1,"featured_media":75034,"comment_status":"open","ping_status":"closed","sticky":false,"template":"","format":"standard","meta":{"jetpack_post_was_ever_published":false,"_jetpack_newsletter_access":"","_jetpack_dont_email_post_to_subs":false,"_jetpack_newsletter_tier_id":0,"_jetpack_memberships_contains_paywalled_content":false,"_jetpack_memberships_contains_paid_content":false,"footnotes":""},"categories":[28875,17858,15795,1038,27440],"tags":[29100,29099,29103,29102,29104,29101],"class_list":["entry","author-pachi","has-excerpt","post-75033","post","type-post","status-publish","format-standard","has-post-thumbnail","category-festivales-de-jazz-de-verano-2023","category-redaccion","category-noticias-2","category-contenidos","category-tomajazz-los-discos","tag-festival-jazz-en-el-lago","tag-festival-jazz-en-el-lago-2023","tag-jazz-en-el-lago","tag-jazz-en-el-lago-2023","tag-xxi-festival-jazz-en-el-lago","tag-xxi-festival-jazz-en-el-lago-2023"],"jetpack_featured_media_url":"https:\/\/tomajazz.com\/web\/wp-content\/uploads\/2023\/06\/XXI-Festival-Jazz-en-el-Lago-2023-Tomajazz-Noticias.jpg","jetpack_likes_enabled":true,"jetpack_sharing_enabled":true,"jetpack-related-posts":[{"id":86647,"url":"https:\/\/tomajazz.com\/web\/xxii-festival-internacional-jazz-en-el-lago-2024\/","url_meta":{"origin":75033,"position":0},"title":"XXII Festival Internacional Jazz en el Lago 2024 (Atarfe, Granada. 5 de julio de 2023) [Noticias de jazz]","author":"Tomajazz","date":"21 mayo, 2024","format":false,"excerpt":"El 5 de julio de 2024 tendr\u00e1 lugar en Atarfe (Granada), el XXII Festival Internacional Jazz en el Lago 2024 #Ciclodejazz #FestivalDeJazz #Festivalesdejazz #Noticiasdejazz","rel":"","context":"En \u00abFestivales de Jazz Verano 2024\u00bb","block_context":{"text":"Festivales de Jazz Verano 2024","link":"https:\/\/tomajazz.com\/web\/category\/contenidos\/noticias-2\/festivales-de-jazz-verano-2024\/"},"img":{"alt_text":"XXII Festival Internacional Jazz en el Lago 2024 (Atarfe, Granada. 5 de julio de 2023) [Noticias de jazz] - Tomajazz","src":"https:\/\/i0.wp.com\/tomajazz.com\/web\/wp-content\/uploads\/2024\/05\/XXII-Festival-Internacional-Jazz-en-el-Lago-2024-Tomajazz-Noticias.jpg?resize=350%2C200&ssl=1","width":350,"height":200,"srcset":"https:\/\/i0.wp.com\/tomajazz.com\/web\/wp-content\/uploads\/2024\/05\/XXII-Festival-Internacional-Jazz-en-el-Lago-2024-Tomajazz-Noticias.jpg?resize=350%2C200&ssl=1 1x, https:\/\/i0.wp.com\/tomajazz.com\/web\/wp-content\/uploads\/2024\/05\/XXII-Festival-Internacional-Jazz-en-el-Lago-2024-Tomajazz-Noticias.jpg?resize=525%2C300&ssl=1 1.5x, https:\/\/i0.wp.com\/tomajazz.com\/web\/wp-content\/uploads\/2024\/05\/XXII-Festival-Internacional-Jazz-en-el-Lago-2024-Tomajazz-Noticias.jpg?resize=700%2C400&ssl=1 2x"},"classes":[]},{"id":105012,"url":"https:\/\/tomajazz.com\/web\/lage-lund-trio-granollers-2026\/","url_meta":{"origin":75033,"position":1},"title":"Lage Lund Trio (36\u00e8 Jazz Granollers Festival \/ Casino, 2026-03-13 \/ Granollers -Barcelona-) [y III] Por Joan Cort\u00e8s [INSTANTZZ AKA Galer\u00eda fotogr\u00e1fica AKA Fotoblog de jazz, impro\u2026 y algo m\u00e1s]","author":"Tomajazz","date":"23 abril, 2026","format":false,"excerpt":"Lage Lund Trio actu\u00f3 en el 36\u00e8 Jazz Granollers Festival, el 13 de marzo de 2026. Joan Cort\u00e8s lo retrata en INSTANTZZ. Lage Lund Trio son Lage Lund, Orlando Le Fleming, Greg Hutchinson","rel":"","context":"En \u00ab36 Jazz Granollers Festival 2026\u00bb","block_context":{"text":"36 Jazz Granollers Festival 2026","link":"https:\/\/tomajazz.com\/web\/category\/contenidos\/especial-contenidos\/36-jazz-granollers-festival-2026\/"},"img":{"alt_text":"Lage Lund Trio (36\u00e8 Jazz Granollers Festival \/ Casino, 2026-03-13 \/ Granollers -Barcelona-) [y III] Por Joan Cort\u00e8s [INSTANTZZ AKA Galer\u00eda fotogr\u00e1fica AKA Fotoblog de jazz, impro\u2026 y algo m\u00e1s] - Tomajazz - Lage Lund Trio actu\u00f3 en el 36\u00e8 Jazz Granollers Festival, el 13 de marzo de 2026. Joan Cort\u00e8s lo retrata en INSTANTZZ. Lage Lund Trio son Lage Lund, Orlando Le Fleming, Greg Hutchinson","src":"https:\/\/i0.wp.com\/tomajazz.com\/web\/wp-content\/uploads\/2026\/04\/destacada-02-Lg-Lnd-Photo-by-Joan-Cortes-13mrc26-36JGF-Csn-Gr-bn.jpg?resize=350%2C200&ssl=1","width":350,"height":200,"srcset":"https:\/\/i0.wp.com\/tomajazz.com\/web\/wp-content\/uploads\/2026\/04\/destacada-02-Lg-Lnd-Photo-by-Joan-Cortes-13mrc26-36JGF-Csn-Gr-bn.jpg?resize=350%2C200&ssl=1 1x, https:\/\/i0.wp.com\/tomajazz.com\/web\/wp-content\/uploads\/2026\/04\/destacada-02-Lg-Lnd-Photo-by-Joan-Cortes-13mrc26-36JGF-Csn-Gr-bn.jpg?resize=525%2C300&ssl=1 1.5x"},"classes":[]},{"id":101567,"url":"https:\/\/tomajazz.com\/web\/julian-lage-jazzmadrid-2025\/","url_meta":{"origin":75033,"position":2},"title":"Julian Lage (Festival Internacional JazzMadrid 2025. Teatro Fern\u00e1n G\u00f3mez &#8211; Centro Cultural de la Villa. Madrid. 2025-11-07) Por Carlos Lara y Enrique Farelo [Concierto de jazz]","author":"Tomajazz","date":"9 noviembre, 2025","format":false,"excerpt":"Julian Lage actu\u00f3 en solitario en el Festival Internacional JazzMadrid 2025, en Teatro Fern\u00e1n G\u00f3mez, el 7 de noviembre de 2025. Carlos Lara y Enrique Farelo repasan el concierto","rel":"","context":"En \u00abFestival Internacional JazzMadrid 2025\u00bb","block_context":{"text":"Festival Internacional JazzMadrid 2025","link":"https:\/\/tomajazz.com\/web\/category\/contenidos\/especial-contenidos\/festival-internacional-jazzmadrid-2025\/"},"img":{"alt_text":"Julian Lage (Festival Internacional JazzMadrid 2025. Teatro Fern\u00e1n G\u00f3mez - Centro Cultural de la Villa. Madrid. 2025-11-07) Por Carlos Lara y Enrique Farelo [Concierto de jazz] - Tomajazz - Julian Lage actu\u00f3 en solitario en el Festival Internacional JazzMadrid 2025, en Teatro Fern\u00e1n G\u00f3mez, el 7 de noviembre de 2025. Carlos Lara y Enrique Farelo repasan el concierto","src":"https:\/\/i0.wp.com\/tomajazz.com\/web\/wp-content\/uploads\/2025\/11\/destacada-Julian-Lage-1.jpg?resize=350%2C200&ssl=1","width":350,"height":200,"srcset":"https:\/\/i0.wp.com\/tomajazz.com\/web\/wp-content\/uploads\/2025\/11\/destacada-Julian-Lage-1.jpg?resize=350%2C200&ssl=1 1x, https:\/\/i0.wp.com\/tomajazz.com\/web\/wp-content\/uploads\/2025\/11\/destacada-Julian-Lage-1.jpg?resize=525%2C300&ssl=1 1.5x, https:\/\/i0.wp.com\/tomajazz.com\/web\/wp-content\/uploads\/2025\/11\/destacada-Julian-Lage-1.jpg?resize=700%2C400&ssl=1 2x"},"classes":[]},{"id":74994,"url":"https:\/\/tomajazz.com\/web\/xxi-universijazz-2023-valladolid\/","url_meta":{"origin":75033,"position":3},"title":"XXI Universijazz 2023. Festival Internacional de Jazz de la Universidad de Valladolid (Valladolid. 18 al 21 de julio de 2023) [Noticias de Jazz]","author":"Tomajazz","date":"17 junio, 2023","format":false,"excerpt":"Entre el 18 al 21 de julio de 2023 se celebrar\u00e1 el XXI Universijazz 2023, Festival Internacional de Jazz de la Universidad de Valladolid #NoticiasdeJazz #FestivaldeJazz","rel":"","context":"En \u00abFestivales de jazz de verano 2023\u00bb","block_context":{"text":"Festivales de jazz de verano 2023","link":"https:\/\/tomajazz.com\/web\/category\/contenidos\/noticias-2\/festivales-de-jazz-de-verano-2023\/"},"img":{"alt_text":"XXI Universijazz 2023. Festival Internacional de Jazz de la Universidad de Valladolid (Valladolid. 18 al 21 de julio de 2023) [Noticias de Jazz] - Tomajazz 9.0","src":"https:\/\/i0.wp.com\/tomajazz.com\/web\/wp-content\/uploads\/2023\/06\/XXI-Universijazz-2023-Tomajazz-Noticias.jpg?resize=350%2C200&ssl=1","width":350,"height":200,"srcset":"https:\/\/i0.wp.com\/tomajazz.com\/web\/wp-content\/uploads\/2023\/06\/XXI-Universijazz-2023-Tomajazz-Noticias.jpg?resize=350%2C200&ssl=1 1x, https:\/\/i0.wp.com\/tomajazz.com\/web\/wp-content\/uploads\/2023\/06\/XXI-Universijazz-2023-Tomajazz-Noticias.jpg?resize=525%2C300&ssl=1 1.5x, https:\/\/i0.wp.com\/tomajazz.com\/web\/wp-content\/uploads\/2023\/06\/XXI-Universijazz-2023-Tomajazz-Noticias.jpg?resize=700%2C400&ssl=1 2x, https:\/\/i0.wp.com\/tomajazz.com\/web\/wp-content\/uploads\/2023\/06\/XXI-Universijazz-2023-Tomajazz-Noticias.jpg?resize=1050%2C600&ssl=1 3x"},"classes":[]},{"id":100155,"url":"https:\/\/tomajazz.com\/web\/festival-internacional-jazzmadrid-2025-noticias\/","url_meta":{"origin":75033,"position":4},"title":"Festival Internacional JAZZMADRID 2025 (Madrid. Del 5 de octubre al 30 de noviembre de 2025) [Noticias de jazz]","author":"Tomajazz","date":"6 octubre, 2025","format":false,"excerpt":"Entre el 5 de octubre y el 30 de noviembre de 2025 tendr\u00e1 lugar el Festival Internacional JAZZMADRID 2025","rel":"","context":"En \u00abNoticias\u00bb","block_context":{"text":"Noticias","link":"https:\/\/tomajazz.com\/web\/category\/contenidos\/noticias-2\/"},"img":{"alt_text":"Festival Internacional JAZZMADRID 2025 (Madrid. Del 5 de octubre al 30 de noviembre de 2025) [Noticias de jazz] - Tomajazz","src":"https:\/\/i0.wp.com\/tomajazz.com\/web\/wp-content\/uploads\/2025\/10\/JazzMadrid-2025-Festival-Internacional-Jazz-Madrid-2025.jpg?resize=350%2C200&ssl=1","width":350,"height":200,"srcset":"https:\/\/i0.wp.com\/tomajazz.com\/web\/wp-content\/uploads\/2025\/10\/JazzMadrid-2025-Festival-Internacional-Jazz-Madrid-2025.jpg?resize=350%2C200&ssl=1 1x, https:\/\/i0.wp.com\/tomajazz.com\/web\/wp-content\/uploads\/2025\/10\/JazzMadrid-2025-Festival-Internacional-Jazz-Madrid-2025.jpg?resize=525%2C300&ssl=1 1.5x, https:\/\/i0.wp.com\/tomajazz.com\/web\/wp-content\/uploads\/2025\/10\/JazzMadrid-2025-Festival-Internacional-Jazz-Madrid-2025.jpg?resize=700%2C400&ssl=1 2x"},"classes":[]},{"id":75040,"url":"https:\/\/tomajazz.com\/web\/xviii-galapajazz-2023\/","url_meta":{"origin":75033,"position":5},"title":"XVIII GalapaJazz 2023 (Galapagar, Madrid. Del 23 de junio al 1 de julio de 2023) [Noticias de jazz]","author":"Tomajazz","date":"19 junio, 2023","format":false,"excerpt":"Entre el 23 de junio y el 1 de julio de 2023 tendr\u00e1 lugar en Galapagar (Madrid), el XVIII GalapaJazz 2023 #Festivalesdejazz #Noticiasdejazz","rel":"","context":"En \u00abFestivales de jazz de verano 2023\u00bb","block_context":{"text":"Festivales de jazz de verano 2023","link":"https:\/\/tomajazz.com\/web\/category\/contenidos\/noticias-2\/festivales-de-jazz-de-verano-2023\/"},"img":{"alt_text":"XVIII GalapaJazz 2023 (Galapagar, Madrid. Del 23 de junio al 1 de julio de 2023) [Noticias de jazz] - Tomajazz 9.0 - Entre el 23 de junio y el 1 de julio de 2023 tendr\u00e1 lugar en Galapagar (Madrid), el XVIII GalapaJazz 2023 #Festivalesdejazz #Noticiasdejazz","src":"https:\/\/i0.wp.com\/tomajazz.com\/web\/wp-content\/uploads\/2023\/06\/XVIII-GalapaJazz-2023-Tomajazz-Noticias.jpg?resize=350%2C200&ssl=1","width":350,"height":200,"srcset":"https:\/\/i0.wp.com\/tomajazz.com\/web\/wp-content\/uploads\/2023\/06\/XVIII-GalapaJazz-2023-Tomajazz-Noticias.jpg?resize=350%2C200&ssl=1 1x, https:\/\/i0.wp.com\/tomajazz.com\/web\/wp-content\/uploads\/2023\/06\/XVIII-GalapaJazz-2023-Tomajazz-Noticias.jpg?resize=525%2C300&ssl=1 1.5x, https:\/\/i0.wp.com\/tomajazz.com\/web\/wp-content\/uploads\/2023\/06\/XVIII-GalapaJazz-2023-Tomajazz-Noticias.jpg?resize=700%2C400&ssl=1 2x"},"classes":[]}],"_links":{"self":[{"href":"https:\/\/tomajazz.com\/web\/wp-json\/wp\/v2\/posts\/75033","targetHints":{"allow":["GET"]}}],"collection":[{"href":"https:\/\/tomajazz.com\/web\/wp-json\/wp\/v2\/posts"}],"about":[{"href":"https:\/\/tomajazz.com\/web\/wp-json\/wp\/v2\/types\/post"}],"author":[{"embeddable":true,"href":"https:\/\/tomajazz.com\/web\/wp-json\/wp\/v2\/users\/1"}],"replies":[{"embeddable":true,"href":"https:\/\/tomajazz.com\/web\/wp-json\/wp\/v2\/comments?post=75033"}],"version-history":[{"count":2,"href":"https:\/\/tomajazz.com\/web\/wp-json\/wp\/v2\/posts\/75033\/revisions"}],"predecessor-version":[{"id":75039,"href":"https:\/\/tomajazz.com\/web\/wp-json\/wp\/v2\/posts\/75033\/revisions\/75039"}],"wp:featuredmedia":[{"embeddable":true,"href":"https:\/\/tomajazz.com\/web\/wp-json\/wp\/v2\/media\/75034"}],"wp:attachment":[{"href":"https:\/\/tomajazz.com\/web\/wp-json\/wp\/v2\/media?parent=75033"}],"wp:term":[{"taxonomy":"category","embeddable":true,"href":"https:\/\/tomajazz.com\/web\/wp-json\/wp\/v2\/categories?post=75033"},{"taxonomy":"post_tag","embeddable":true,"href":"https:\/\/tomajazz.com\/web\/wp-json\/wp\/v2\/tags?post=75033"}],"curies":[{"name":"wp","href":"https:\/\/api.w.org\/{rel}","templated":true}]}}