{"id":75769,"date":"2023-07-05T11:30:31","date_gmt":"2023-07-05T09:30:31","guid":{"rendered":"https:\/\/www.tomajazz.com\/web\/?p=75769"},"modified":"2023-08-19T15:37:10","modified_gmt":"2023-08-19T13:37:10","slug":"festival-km-251-ponferrada-es-jazz-2023","status":"publish","type":"post","link":"https:\/\/tomajazz.com\/web\/festival-km-251-ponferrada-es-jazz-2023\/","title":{"rendered":"Festival KM 251 Ponferrada es Jazz 2023 (Ponferrada, Le\u00f3n. 22 al 26 de agosto de 2023) [Noticias de jazz]"},"content":{"rendered":"<p style=\"text-align: center;\"><img loading=\"lazy\" decoding=\"async\" class=\"aligncenter size-large wp-image-75770\" title=\"KM 251 Ponferrada es Jazz 2023 (Ponferrada, Le\u00f3n. 22 al 26 de agosto de 2023) [Noticias de jazz] Tomajazz 9.0 KM 251 Ponferrada es Jazz 2023 Tomajazz Noticias\" src=\"https:\/\/tomajazz.com\/web\/wp-content\/uploads\/2023\/07\/KM-251-Ponferrada-es-Jazz-2023-Tomajazz-Noticias-510x600.jpg\" alt=\"Festival KM 251 Ponferrada es Jazz 2023 (Ponferrada, Le\u00f3n. 22 al 26 de agosto de 2023) [Noticias de jazz] - Tomajazz 9.0 - Entre el 22 y el 26 de agosto de 2023 tendr\u00e1n lugar en Ponferrada (Le\u00f3n), el Festival KM 251 Ponferrada es Jazz 2023 #Ciclodejazz #FestivalDeJazz #Festivalesdejazz #Noticiasdejazz\" width=\"510\" height=\"600\" srcset=\"https:\/\/tomajazz.com\/web\/wp-content\/uploads\/2023\/07\/KM-251-Ponferrada-es-Jazz-2023-Tomajazz-Noticias-510x600.jpg 510w, https:\/\/tomajazz.com\/web\/wp-content\/uploads\/2023\/07\/KM-251-Ponferrada-es-Jazz-2023-Tomajazz-Noticias-255x300.jpg 255w, https:\/\/tomajazz.com\/web\/wp-content\/uploads\/2023\/07\/KM-251-Ponferrada-es-Jazz-2023-Tomajazz-Noticias-768x903.jpg 768w, https:\/\/tomajazz.com\/web\/wp-content\/uploads\/2023\/07\/KM-251-Ponferrada-es-Jazz-2023-Tomajazz-Noticias-465x547.jpg 465w, https:\/\/tomajazz.com\/web\/wp-content\/uploads\/2023\/07\/KM-251-Ponferrada-es-Jazz-2023-Tomajazz-Noticias-425x500.jpg 425w, https:\/\/tomajazz.com\/web\/wp-content\/uploads\/2023\/07\/KM-251-Ponferrada-es-Jazz-2023-Tomajazz-Noticias.jpg 800w\" sizes=\"auto, (max-width: 510px) 100vw, 510px\" \/><\/p>\n<p>Entre el 22 y el 26 de agosto de 2023 tendr\u00e1n lugar en Ponferrada (Le\u00f3n), Festival KM 251 Ponferrada es Jazz 2023.<\/p>\n<h3>M\u00e1s informaci\u00f3n<\/h3>\n<p>Actuar\u00e1n Two and Two, Lara Hoevenaar Quintet, Os Bregadiers, Lou &amp; Jane en cuarteto, The Machetazo, Mezzoforte Sound Machine, Brassica Rapa, David Cid Tr\u00edo con Perico Sambeat, El Puntillo Canalla Brass Band, Mois\u00e9s P. S\u00e1nchez Quinteto y Galifunk Brass.<\/p>\n<h3>M\u00e1s informaci\u00f3n de Festival KM 251 Ponferrada es Jazz 2023<\/h3>\n<p><a href=\"https:\/\/teatro.ponferrada.org\/\" target=\"_blank\" rel=\"noopener\">https:\/\/teatro.ponferrada.org\/<\/a><\/p>\n<p><a href=\"https:\/\/www.facebook.com\/ponferradaesjazz\" target=\"_blank\" rel=\"noopener\">https:\/\/www.facebook.com\/ponferradaesjazz<\/a><\/p>\n<h3>Y adem\u00e1s&#8230;<\/h3>\n<p><a href=\"https:\/\/tomajazz.com\/web\/?s=KM+251+Ponferrada+es+Jazz&amp;submit=Search\" target=\"_blank\" rel=\"noopener\">https:\/\/tomajazz.com\/web\/?s=KM+251+Ponferrada+es+Jazz&amp;submit=Search<\/a><\/p>\n<h3>Especial Festivales de Jazz de Verano de 2023 en Tomajazz<\/h3>\n<blockquote class=\"wp-embedded-content\" data-secret=\"FZ3UwXMP8K\"><p><a href=\"https:\/\/tomajazz.com\/web\/especial-festivales-de-jazz-de-verano-de-2023\/\">Especial Festivales de jazz de verano de 2023 en Espa\u00f1a [Especial Noticias de jazz]<\/a><\/p><\/blockquote>\n<p><iframe loading=\"lazy\" class=\"wp-embedded-content\" sandbox=\"allow-scripts\" security=\"restricted\" style=\"position: absolute; visibility: hidden;\" title=\"\u00abEspecial Festivales de jazz de verano de 2023 en Espa\u00f1a [Especial Noticias de jazz]\u00bb \u2014 Tomajazz\" src=\"https:\/\/tomajazz.com\/web\/especial-festivales-de-jazz-de-verano-de-2023\/embed\/#?secret=XY1fk2U81J#?secret=FZ3UwXMP8K\" data-secret=\"FZ3UwXMP8K\" width=\"600\" height=\"338\" frameborder=\"0\" marginwidth=\"0\" marginheight=\"0\" scrolling=\"no\"><\/iframe><\/p>\n","protected":false},"excerpt":{"rendered":"<p>Entre el 22 y el 26 de agosto de 2023 tendr\u00e1n lugar en Ponferrada (Le\u00f3n), el Festival KM 251 Ponferrada es Jazz 2023 #Ciclodejazz #FestivalDeJazz #Festivalesdejazz #Noticiasdejazz<span class=\"more-link\"><a href=\"https:\/\/tomajazz.com\/web\/festival-km-251-ponferrada-es-jazz-2023\/\">Contin\u00faa leyendo<\/a><\/span><\/p>\n","protected":false},"author":1,"featured_media":75770,"comment_status":"open","ping_status":"closed","sticky":false,"template":"","format":"standard","meta":{"jetpack_post_was_ever_published":false,"_jetpack_newsletter_access":"","_jetpack_dont_email_post_to_subs":false,"_jetpack_newsletter_tier_id":0,"_jetpack_memberships_contains_paywalled_content":false,"_jetpack_memberships_contains_paid_content":false,"footnotes":""},"categories":[28875,17858,15795,1038],"tags":[29691,29690,29343,29342],"class_list":["entry","author-pachi","has-excerpt","post-75769","post","type-post","status-publish","format-standard","has-post-thumbnail","category-festivales-de-jazz-de-verano-2023","category-redaccion","category-noticias-2","category-contenidos","tag-festival-km-251-ponferrada-es-jazz","tag-festival-km-251-ponferrada-es-jazz-2023","tag-km-251-ponferrada-es-jazz","tag-km-251-ponferrada-es-jazz-2023"],"jetpack_featured_media_url":"https:\/\/tomajazz.com\/web\/wp-content\/uploads\/2023\/07\/KM-251-Ponferrada-es-Jazz-2023-Tomajazz-Noticias.jpg","jetpack_likes_enabled":true,"jetpack_sharing_enabled":true,"jetpack-related-posts":[{"id":49208,"url":"https:\/\/tomajazz.com\/web\/concierto-javier-colina-y-gio-yanez-teatro-villafranquino-villafranca-del-bierzo-leon-noticias\/","url_meta":{"origin":75769,"position":0},"title":"Concierto Javier Colina y Gio Ya\u00f1ez (Teatro Villafranquino, Villafranca del Bierzo, Le\u00f3n) [Noticias]","author":"Tomajazz","date":"24 febrero, 2020","format":false,"excerpt":"Colina y Gio nos presentar\u00e1n un concierto in\u00e9dito hasta el momento en el marco del CICLO BINOMIOS que el Teatro Villafranquino y Bierzo Vivo van a poner en marcha durante este a\u00f1o reuniendo artistas del Bierzo y grandes figuras de la escena internacional.","rel":"","context":"En \u00abNoticias\u00bb","block_context":{"text":"Noticias","link":"https:\/\/tomajazz.com\/web\/category\/contenidos\/noticias-2\/"},"img":{"alt_text":"","src":"https:\/\/i0.wp.com\/tomajazz.com\/web\/wp-content\/uploads\/2020\/02\/Javier-Colina-Gio-Y%C3%A1%C3%B1ez_Villafranca-del-Bierzo.-2020-03-14-scaled.jpg?resize=350%2C200&ssl=1","width":350,"height":200,"srcset":"https:\/\/i0.wp.com\/tomajazz.com\/web\/wp-content\/uploads\/2020\/02\/Javier-Colina-Gio-Y%C3%A1%C3%B1ez_Villafranca-del-Bierzo.-2020-03-14-scaled.jpg?resize=350%2C200&ssl=1 1x, https:\/\/i0.wp.com\/tomajazz.com\/web\/wp-content\/uploads\/2020\/02\/Javier-Colina-Gio-Y%C3%A1%C3%B1ez_Villafranca-del-Bierzo.-2020-03-14-scaled.jpg?resize=525%2C300&ssl=1 1.5x, https:\/\/i0.wp.com\/tomajazz.com\/web\/wp-content\/uploads\/2020\/02\/Javier-Colina-Gio-Y%C3%A1%C3%B1ez_Villafranca-del-Bierzo.-2020-03-14-scaled.jpg?resize=700%2C400&ssl=1 2x, https:\/\/i0.wp.com\/tomajazz.com\/web\/wp-content\/uploads\/2020\/02\/Javier-Colina-Gio-Y%C3%A1%C3%B1ez_Villafranca-del-Bierzo.-2020-03-14-scaled.jpg?resize=1050%2C600&ssl=1 3x, https:\/\/i0.wp.com\/tomajazz.com\/web\/wp-content\/uploads\/2020\/02\/Javier-Colina-Gio-Y%C3%A1%C3%B1ez_Villafranca-del-Bierzo.-2020-03-14-scaled.jpg?resize=1400%2C800&ssl=1 4x"},"classes":[]},{"id":75707,"url":"https:\/\/tomajazz.com\/web\/jazz-al-relente-2023\/","url_meta":{"origin":75769,"position":1},"title":"Jazz al Relente 2023 (Algeciras, C\u00e1diz. 6 de julio al 30 de agosto 2023) [Noticias de jazz]","author":"Tomajazz","date":"4 julio, 2023","format":false,"excerpt":"Entre el 6 de julio y el 30 de agosto tendr\u00e1 lugar el ciclo Jazz al Relente 2023 #Ciclodejazz #FestivalDeJazz #Festivalesdejazz #Noticiasdejazz","rel":"","context":"En \u00abFestivales de jazz de verano 2023\u00bb","block_context":{"text":"Festivales de jazz de verano 2023","link":"https:\/\/tomajazz.com\/web\/category\/contenidos\/noticias-2\/festivales-de-jazz-de-verano-2023\/"},"img":{"alt_text":"Jazz al Relente 2023 (Algeciras, C\u00e1diz. 6 de julio al 30 de agosto 2023) [Noticias de jazz] - Tomajazz 9.0 - Entre el 6 de julio y el 30 de agosto tendr\u00e1 lugar el ciclo Jazz al Relente 2023 #Ciclodejazz #FestivalDeJazz #Festivalesdejazz #Noticiasdejazz","src":"https:\/\/i0.wp.com\/tomajazz.com\/web\/wp-content\/uploads\/2023\/07\/Jazz-al-Relente-2023-Tomajazz-Noticias.jpg?resize=350%2C200&ssl=1","width":350,"height":200,"srcset":"https:\/\/i0.wp.com\/tomajazz.com\/web\/wp-content\/uploads\/2023\/07\/Jazz-al-Relente-2023-Tomajazz-Noticias.jpg?resize=350%2C200&ssl=1 1x, https:\/\/i0.wp.com\/tomajazz.com\/web\/wp-content\/uploads\/2023\/07\/Jazz-al-Relente-2023-Tomajazz-Noticias.jpg?resize=525%2C300&ssl=1 1.5x"},"classes":[]},{"id":103597,"url":"https:\/\/tomajazz.com\/web\/moonjune-festival-2026\/","url_meta":{"origin":75769,"position":2},"title":"4\u00aa Edici\u00f3n del Festival Internacional de M\u00fasica Ecl\u00e9ctica MoonJune &#8211; MoonJune Festival 2026 (Teramo, Italia. 22 al 25 de julio de 2026) [Noticias de jazz]","author":"Tomajazz","date":"20 enero, 2026","format":false,"excerpt":"Del 22 al 25 de julio de 2026 se celebra en Teramo (Italia) el Moonjune Festival 2026, conmemorando el 25\u00ba aniversario de MoonJune #Noticiasdejazz","rel":"","context":"En \u00abNoticias\u00bb","block_context":{"text":"Noticias","link":"https:\/\/tomajazz.com\/web\/category\/contenidos\/noticias-2\/"},"img":{"alt_text":"4\u00aa Edici\u00f3n del Festival Internacional de M\u00fasica Ecl\u00e9ctica MoonJune - MoonJune Festival 2026 (Teramo, Italia. 22 al 25 de julio de 2026) [Noticias de jazz] - Tomajazz - Del 22 al 25 de julio de 2026 se celebra en Teramo (Italia) el Moonjune Festival 2026, conmemorando el 25\u00ba aniversario de MoonJune #Noticiasdejazz","src":"https:\/\/i0.wp.com\/tomajazz.com\/web\/wp-content\/uploads\/2026\/01\/moonjune-festival-2026-Tomajazz-news.jpg?resize=350%2C200&ssl=1","width":350,"height":200,"srcset":"https:\/\/i0.wp.com\/tomajazz.com\/web\/wp-content\/uploads\/2026\/01\/moonjune-festival-2026-Tomajazz-news.jpg?resize=350%2C200&ssl=1 1x, https:\/\/i0.wp.com\/tomajazz.com\/web\/wp-content\/uploads\/2026\/01\/moonjune-festival-2026-Tomajazz-news.jpg?resize=525%2C300&ssl=1 1.5x, https:\/\/i0.wp.com\/tomajazz.com\/web\/wp-content\/uploads\/2026\/01\/moonjune-festival-2026-Tomajazz-news.jpg?resize=700%2C400&ssl=1 2x"},"classes":[]},{"id":75698,"url":"https:\/\/tomajazz.com\/web\/iii-seminario-internacional-de-jazz-leon-2023\/","url_meta":{"origin":75769,"position":3},"title":"III Seminario Internacional de Jazz Le\u00f3n 2023 (Le\u00f3n. 1 al 4 de agosto de 2023) [Noticias de jazz]","author":"Tomajazz","date":"4 julio, 2023","format":false,"excerpt":"Entre el 1 y el 4 de agosto de 2023 tendr\u00e1 lugar en Le\u00f3n el III Seminario Internacional de Jazz Le\u00f3n 2023 #Ciclodejazz #FestivalDeJazz #Festivalesdejazz #Noticiasdejazz","rel":"","context":"En \u00abFestivales de jazz de verano 2023\u00bb","block_context":{"text":"Festivales de jazz de verano 2023","link":"https:\/\/tomajazz.com\/web\/category\/contenidos\/noticias-2\/festivales-de-jazz-de-verano-2023\/"},"img":{"alt_text":"III Seminario Internacional de Jazz Le\u00f3n 2023 (Le\u00f3n. 1 al 4 de agosto de 2023) [Noticias de jazz] - Tomajazz 9.0 - Entre el 1 y el 4 de agosto de 2023 tendr\u00e1 lugar en Le\u00f3n el III Seminario Internacional de Jazz Le\u00f3n 2023 #Ciclodejazz #FestivalDeJazz #Festivalesdejazz #Noticiasdejazz","src":"https:\/\/i0.wp.com\/tomajazz.com\/web\/wp-content\/uploads\/2023\/07\/III-Seminario-Internacional-de-Jazz-Leon-2023-Tomajazz-Noticias.jpg?resize=350%2C200&ssl=1","width":350,"height":200,"srcset":"https:\/\/i0.wp.com\/tomajazz.com\/web\/wp-content\/uploads\/2023\/07\/III-Seminario-Internacional-de-Jazz-Leon-2023-Tomajazz-Noticias.jpg?resize=350%2C200&ssl=1 1x, https:\/\/i0.wp.com\/tomajazz.com\/web\/wp-content\/uploads\/2023\/07\/III-Seminario-Internacional-de-Jazz-Leon-2023-Tomajazz-Noticias.jpg?resize=525%2C300&ssl=1 1.5x, https:\/\/i0.wp.com\/tomajazz.com\/web\/wp-content\/uploads\/2023\/07\/III-Seminario-Internacional-de-Jazz-Leon-2023-Tomajazz-Noticias.jpg?resize=700%2C400&ssl=1 2x"},"classes":[]},{"id":29821,"url":"https:\/\/tomajazz.com\/web\/hdo-251-en-concierto-con-albert-marques-trio-presenta-live-in-the-south-bronx-podcast\/","url_meta":{"origin":75769,"position":4},"title":"HDO 251. En concierto con&#8230; Albert Marqu\u00e8s Trio presenta &#8216;Live In The South Bronx&#8217; [Podcast]","author":"Tomajazz","date":"22 marzo, 2017","format":false,"excerpt":"Entre el 23 de marzo y el 1 de abril de 2017, el pianista Albert Marqu\u00e8s presentar\u00e1 en directo su grabaci\u00f3n Live In The South Bronx (Zoho Music, 2016), junto al baterista Zack O'Farrill y el contrabajista Pep Colls. En HDO 251 escuchamos cuatro temas de esta grabaci\u00f3n (en HDO\u2026","rel":"","context":"En \u00ab*_Pachi Tapiz\u00bb","block_context":{"text":"*_Pachi Tapiz","link":"https:\/\/tomajazz.com\/web\/category\/pachi-tapiz\/"},"img":{"alt_text":"","src":"https:\/\/i0.wp.com\/tomajazz.com\/web\/wp-content\/uploads\/2017\/01\/Alber-Marques-Trio_Live-in-the-South-Bronx_Zoho-Music_2016.jpg?resize=350%2C200&ssl=1","width":350,"height":200,"srcset":"https:\/\/i0.wp.com\/tomajazz.com\/web\/wp-content\/uploads\/2017\/01\/Alber-Marques-Trio_Live-in-the-South-Bronx_Zoho-Music_2016.jpg?resize=350%2C200&ssl=1 1x, https:\/\/i0.wp.com\/tomajazz.com\/web\/wp-content\/uploads\/2017\/01\/Alber-Marques-Trio_Live-in-the-South-Bronx_Zoho-Music_2016.jpg?resize=525%2C300&ssl=1 1.5x, https:\/\/i0.wp.com\/tomajazz.com\/web\/wp-content\/uploads\/2017\/01\/Alber-Marques-Trio_Live-in-the-South-Bronx_Zoho-Music_2016.jpg?resize=700%2C400&ssl=1 2x, https:\/\/i0.wp.com\/tomajazz.com\/web\/wp-content\/uploads\/2017\/01\/Alber-Marques-Trio_Live-in-the-South-Bronx_Zoho-Music_2016.jpg?resize=1050%2C600&ssl=1 3x, https:\/\/i0.wp.com\/tomajazz.com\/web\/wp-content\/uploads\/2017\/01\/Alber-Marques-Trio_Live-in-the-South-Bronx_Zoho-Music_2016.jpg?resize=1400%2C800&ssl=1 4x"},"classes":[]},{"id":75944,"url":"https:\/\/tomajazz.com\/web\/29-mallorca-jazz-sa-pobla-2023\/","url_meta":{"origin":75769,"position":5},"title":"29 Mallorca Jazz Sa Pobla 2023 (Sa Pobla, Mallorca. 26 de julio al 30 de agosto de 2023) [Noticias de jazz]","author":"Tomajazz","date":"9 julio, 2023","format":false,"excerpt":"Entre el 26 de julio y el 30 de agosto tendr\u00e1 lugar en Sa Pobla (Mallorca),\u00a0el 29 Mallorca Jazz Sa Pobla 2023 #Ciclodejazz #FestivalDeJazz #Festivalesdejazz #Noticiasdejazz","rel":"","context":"En \u00abFestivales de jazz de verano 2023\u00bb","block_context":{"text":"Festivales de jazz de verano 2023","link":"https:\/\/tomajazz.com\/web\/category\/contenidos\/noticias-2\/festivales-de-jazz-de-verano-2023\/"},"img":{"alt_text":"29 Mallorca Jazz Sa Pobla 2023 (Sa Pobla, Mallorca. 26 de julio al 30 de agosto de 2023) [Noticias de jazz] - Tomajazz 9.0 - Entre el 26 de julio y el 30 de agosto tendr\u00e1 lugar el 29 Mallorca Jazz Sa Pobla 2023 #Ciclodejazz #FestivalDeJazz #Festivalesdejazz #Noticiasdejazz","src":"https:\/\/i0.wp.com\/tomajazz.com\/web\/wp-content\/uploads\/2023\/07\/29-Mallorca-Jazz-Sa-Pobla-2023-Tomajazz-Noticias.jpg?resize=350%2C200&ssl=1","width":350,"height":200,"srcset":"https:\/\/i0.wp.com\/tomajazz.com\/web\/wp-content\/uploads\/2023\/07\/29-Mallorca-Jazz-Sa-Pobla-2023-Tomajazz-Noticias.jpg?resize=350%2C200&ssl=1 1x, https:\/\/i0.wp.com\/tomajazz.com\/web\/wp-content\/uploads\/2023\/07\/29-Mallorca-Jazz-Sa-Pobla-2023-Tomajazz-Noticias.jpg?resize=525%2C300&ssl=1 1.5x, https:\/\/i0.wp.com\/tomajazz.com\/web\/wp-content\/uploads\/2023\/07\/29-Mallorca-Jazz-Sa-Pobla-2023-Tomajazz-Noticias.jpg?resize=700%2C400&ssl=1 2x"},"classes":[]}],"_links":{"self":[{"href":"https:\/\/tomajazz.com\/web\/wp-json\/wp\/v2\/posts\/75769","targetHints":{"allow":["GET"]}}],"collection":[{"href":"https:\/\/tomajazz.com\/web\/wp-json\/wp\/v2\/posts"}],"about":[{"href":"https:\/\/tomajazz.com\/web\/wp-json\/wp\/v2\/types\/post"}],"author":[{"embeddable":true,"href":"https:\/\/tomajazz.com\/web\/wp-json\/wp\/v2\/users\/1"}],"replies":[{"embeddable":true,"href":"https:\/\/tomajazz.com\/web\/wp-json\/wp\/v2\/comments?post=75769"}],"version-history":[{"count":5,"href":"https:\/\/tomajazz.com\/web\/wp-json\/wp\/v2\/posts\/75769\/revisions"}],"predecessor-version":[{"id":77566,"href":"https:\/\/tomajazz.com\/web\/wp-json\/wp\/v2\/posts\/75769\/revisions\/77566"}],"wp:featuredmedia":[{"embeddable":true,"href":"https:\/\/tomajazz.com\/web\/wp-json\/wp\/v2\/media\/75770"}],"wp:attachment":[{"href":"https:\/\/tomajazz.com\/web\/wp-json\/wp\/v2\/media?parent=75769"}],"wp:term":[{"taxonomy":"category","embeddable":true,"href":"https:\/\/tomajazz.com\/web\/wp-json\/wp\/v2\/categories?post=75769"},{"taxonomy":"post_tag","embeddable":true,"href":"https:\/\/tomajazz.com\/web\/wp-json\/wp\/v2\/tags?post=75769"}],"curies":[{"name":"wp","href":"https:\/\/api.w.org\/{rel}","templated":true}]}}