{"id":75944,"date":"2023-07-09T12:00:09","date_gmt":"2023-07-09T10:00:09","guid":{"rendered":"https:\/\/www.tomajazz.com\/web\/?p=75944"},"modified":"2023-07-08T18:36:03","modified_gmt":"2023-07-08T16:36:03","slug":"29-mallorca-jazz-sa-pobla-2023","status":"publish","type":"post","link":"https:\/\/tomajazz.com\/web\/29-mallorca-jazz-sa-pobla-2023\/","title":{"rendered":"29 Mallorca Jazz Sa Pobla 2023 (Sa Pobla, Mallorca. 26 de julio al 30 de agosto de 2023) [Noticias de jazz]"},"content":{"rendered":"<p style=\"text-align: center;\"><img loading=\"lazy\" decoding=\"async\" class=\"aligncenter size-large wp-image-75945\" title=\"29 Mallorca Jazz Sa Pobla 2023 (Sa Pobla, Mallorca. 26 de julio al 30 de agosto de 2023) [Noticias de jazz] Tomajazz 9.0 29 Mallorca Jazz Sa Pobla 2023 Tomajazz Noticias\" src=\"https:\/\/tomajazz.com\/web\/wp-content\/uploads\/2023\/07\/29-Mallorca-Jazz-Sa-Pobla-2023-Tomajazz-Noticias-600x600.jpg\" alt=\"29 Mallorca Jazz Sa Pobla 2023 (Sa Pobla, Mallorca. 26 de julio al 30 de agosto de 2023) [Noticias de jazz] - Tomajazz 9.0 - Entre el 26 de julio y el 30 de agosto tendr\u00e1 lugar el 29 Mallorca Jazz Sa Pobla 2023 #Ciclodejazz #FestivalDeJazz #Festivalesdejazz #Noticiasdejazz\" width=\"600\" height=\"600\" srcset=\"https:\/\/tomajazz.com\/web\/wp-content\/uploads\/2023\/07\/29-Mallorca-Jazz-Sa-Pobla-2023-Tomajazz-Noticias-600x600.jpg 600w, https:\/\/tomajazz.com\/web\/wp-content\/uploads\/2023\/07\/29-Mallorca-Jazz-Sa-Pobla-2023-Tomajazz-Noticias-300x300.jpg 300w, https:\/\/tomajazz.com\/web\/wp-content\/uploads\/2023\/07\/29-Mallorca-Jazz-Sa-Pobla-2023-Tomajazz-Noticias-200x200.jpg 200w, https:\/\/tomajazz.com\/web\/wp-content\/uploads\/2023\/07\/29-Mallorca-Jazz-Sa-Pobla-2023-Tomajazz-Noticias-768x768.jpg 768w, https:\/\/tomajazz.com\/web\/wp-content\/uploads\/2023\/07\/29-Mallorca-Jazz-Sa-Pobla-2023-Tomajazz-Noticias-465x465.jpg 465w, https:\/\/tomajazz.com\/web\/wp-content\/uploads\/2023\/07\/29-Mallorca-Jazz-Sa-Pobla-2023-Tomajazz-Noticias-500x500.jpg 500w, https:\/\/tomajazz.com\/web\/wp-content\/uploads\/2023\/07\/29-Mallorca-Jazz-Sa-Pobla-2023-Tomajazz-Noticias.jpg 900w\" sizes=\"auto, (max-width: 600px) 100vw, 600px\" \/><\/p>\n<p>Entre el 26 de julio y el 30 de agosto tendr\u00e1 lugar en Sa Pobla (Mallorca),\u00a0 el <strong>29 Mallorca Jazz Sa Pobla 2023<\/strong>.<\/p>\n<p>Todos los conciertos tendr\u00e1n lugar a las 22:00. Adem\u00e1s, tendr\u00e1 lugar el <strong>18 Seminari Traveling School Playjazz 2023<\/strong>.<\/p>\n<h3>Programaci\u00f3n 29 Mallorca Jazz Sa Pobla 2023<\/h3>\n<p>Mi\u00e9rcoles 26 de julio. Plaza Mayor. <strong>Shakura S&#8217;Aida<\/strong><\/p>\n<p>Martes 1 de agosto. Parc Can Cirera Prim. <strong>Kenny Barron Trio<\/strong><br \/>\n15 \u20ac<\/p>\n<p>Lunes 7 de agosto. Parc Can Cirera Prim. <strong>Mary Halvorson Amaryllis Sextet<\/strong><br \/>\n15 \u20ac<\/p>\n<p>Mi\u00e9rcoles 16 de agosto. Parc Can Cirera Prim. <strong>Gillespie Big Band<\/strong><br \/>\n5 \u20ac<\/p>\n<p>Martes 22 de agosto. Parc Can Cirera Prim. <strong>Pere Bujosa Trio<\/strong><br \/>\n5 \u20ac<\/p>\n<p>Mi\u00e9rcoles 30 de agosto. Parc Can Cirera Prim. <strong>Huialf\u00e0s Ensemble<\/strong><br \/>\n5 \u20ac<\/p>\n<p>Toni Miranda recibir\u00e1 el Premio Festival Mallorca sa Pobla 2023.<br \/>\nConcierto el jueves 3 de agosto a las 20:30 en Parc Can Cirera Prim.<br \/>\n<strong>Toni Miranda, un homenatge<\/strong><\/p>\n<p>Adem\u00e1s, entre el 1 y el 30 de agosto en el Parc Can Cirera Prim tendr\u00e1 lugar una exposici\u00f3n de fotograf\u00edas al aire libre de <strong>Joana Cresp\u00ed \u00abEt regalo la meva mirada\u00bb<\/strong><\/p>\n<h3>M\u00e1s informaci\u00f3n de 29 Mallorca Jazz Sa Pobla 2023<\/h3>\n<p><a href=\"https:\/\/www.facebook.com\/mallorcajazzsapobla\/\" target=\"_blank\" rel=\"noopener\">https:\/\/www.facebook.com\/mallorcajazzsapobla\/<\/a><\/p>\n<p><a href=\"https:\/\/www.sapobla.cat\/index.php\/que-fer\/festival-de-jazz\" target=\"_blank\" rel=\"noopener\">https:\/\/www.sapobla.cat\/index.php\/que-fer\/festival-de-jazz<\/a><\/p>\n<h3>Y adem\u00e1s&#8230;<\/h3>\n<p><a href=\"https:\/\/tomajazz.com\/web\/?s=mallorca+jazz+sa+pobla&amp;submit=Search\" target=\"_blank\" rel=\"noopener\">https:\/\/tomajazz.com\/web\/?s=mallorca+jazz+sa+pobla&amp;submit=Search<\/a><\/p>\n<h3>Especial Festivales de Jazz de Verano de 2023 en Tomajazz<\/h3>\n<blockquote class=\"wp-embedded-content\" data-secret=\"m1Wg9V6vI7\"><p><a href=\"https:\/\/tomajazz.com\/web\/especial-festivales-de-jazz-de-verano-de-2023\/\">Especial Festivales de jazz de verano de 2023 en Espa\u00f1a [Especial Noticias de jazz]<\/a><\/p><\/blockquote>\n<p><iframe loading=\"lazy\" class=\"wp-embedded-content\" sandbox=\"allow-scripts\" security=\"restricted\" style=\"position: absolute; visibility: hidden;\" title=\"\u00abEspecial Festivales de jazz de verano de 2023 en Espa\u00f1a [Especial Noticias de jazz]\u00bb \u2014 Tomajazz\" src=\"https:\/\/tomajazz.com\/web\/especial-festivales-de-jazz-de-verano-de-2023\/embed\/#?secret=941BOuwD1F#?secret=m1Wg9V6vI7\" data-secret=\"m1Wg9V6vI7\" width=\"600\" height=\"338\" frameborder=\"0\" marginwidth=\"0\" marginheight=\"0\" scrolling=\"no\"><\/iframe><\/p>\n","protected":false},"excerpt":{"rendered":"<p>Entre el 26 de julio y el 30 de agosto tendr\u00e1 lugar en Sa Pobla (Mallorca),\u00a0el 29 Mallorca Jazz Sa Pobla 2023 #Ciclodejazz #FestivalDeJazz #Festivalesdejazz #Noticiasdejazz<span class=\"more-link\"><a href=\"https:\/\/tomajazz.com\/web\/29-mallorca-jazz-sa-pobla-2023\/\">Contin\u00faa leyendo<\/a><\/span><\/p>\n","protected":false},"author":1,"featured_media":75945,"comment_status":"open","ping_status":"closed","sticky":false,"template":"","format":"standard","meta":{"_jetpack_newsletter_access":"","_jetpack_dont_email_post_to_subs":false,"_jetpack_newsletter_tier_id":0,"_jetpack_memberships_contains_paywalled_content":false,"_jetpack_feature_clip_id":0,"_jetpack_memberships_contains_paid_content":false,"footnotes":"","jetpack_post_was_ever_published":false},"categories":[28875,17858,15795,1038],"tags":[29390,29391,17003,29389],"class_list":["entry","author-pachi","has-excerpt","post-75944","post","type-post","status-publish","format-standard","has-post-thumbnail","category-festivales-de-jazz-de-verano-2023","category-redaccion","category-noticias-2","category-contenidos","tag-29-mallorca-jazz-sa-pobla","tag-29-mallorca-jazz-sa-pobla-2023","tag-mallorca-jazz-sa-pobla","tag-mallorca-jazz-sa-pobla-2023"],"jetpack_likes_enabled":true,"jetpack_sharing_enabled":true,"jetpack-related-posts":[{"id":106583,"url":"https:\/\/tomajazz.com\/web\/fran-ramos-quartet-sa-pobla-2026\/","url_meta":{"origin":75944,"position":0},"title":"Fran Ramos Quartet (32 Mallorca Jazz Sa Pobla 2026. Sa Pobla, Mallorca. 2026-07-30) Por Jos\u00e9 Luis Luna Rocafort [INSTANTZZ AKA Galer\u00eda fotogr\u00e1fica AKA Fotoblog de jazz, impro\u2026 y algo m\u00e1s]","author":"Tomajazz","date":"19 agosto, 2026","format":false,"excerpt":"Fran Ramos Quartet actu\u00f3 en el 32 Mallorca Jazz Sa Pobla 2026 en Mallorca, el 30 de julio de 2026. Jos\u00e9 Luis Luna Rocafort lo retrata en INSTANTZZ. Actuaron Fran Ramos, Diego Hervalejo, Camil Alcarazo, Enric\u00a0Fuster, Gaizka Taro","rel":"","context":"En \u00ab32 Mallorca Jazz Sa Pobla 2026\u00bb","block_context":{"text":"32 Mallorca Jazz Sa Pobla 2026","link":"https:\/\/tomajazz.com\/web\/category\/contenidos\/especial-contenidos\/32-mallorca-jazz-sa-pobla-2026\/"},"img":{"alt_text":"Fran Ramos Quartet (32 Mallorca Jazz Sa Pobla 2026. Sa Pobla, Mallorca. 2026-07-30) Por Jos\u00e9 Luis Luna Rocafort [INSTANTZZ AKA Galer\u00eda fotogr\u00e1fica AKA Fotoblog de jazz, impro\u2026 y algo m\u00e1s] - Tomajazz - Fran Ramos Quartet actu\u00f3 en el 32 Mallorca Jazz Sa Pobla 2026 en Mallorca, el 30 de julio de 202. Sa Pobla, Mallorca. 2026-07-30) Por Jos\u00e9 Luis Luna Rocafort [INSTANTZZ AKA Galer\u00eda fotogr\u00e1fica AKA Fotoblog de jazz, impro\u2026 y algo m\u00e1s]","src":"https:\/\/i0.wp.com\/tomajazz.com\/web\/wp-content\/uploads\/2026\/08\/018-4.jpg?resize=350%2C200&ssl=1","width":350,"height":200,"srcset":"https:\/\/i0.wp.com\/tomajazz.com\/web\/wp-content\/uploads\/2026\/08\/018-4.jpg?resize=350%2C200&ssl=1 1x, https:\/\/i0.wp.com\/tomajazz.com\/web\/wp-content\/uploads\/2026\/08\/018-4.jpg?resize=525%2C300&ssl=1 1.5x"},"classes":[]},{"id":101757,"url":"https:\/\/tomajazz.com\/web\/sa-pobla-jazz-collective-sa-pobla-2025\/","url_meta":{"origin":75944,"position":1},"title":"Sa Pobla Jazz Collective (31 Mallorca Jazz Sa Pobla 2025. Sa Pobla. Mallorca. 2025-08-11) Por Jos\u00e9 Luis Luna Rocafort [INSTANTZZ AKA Galer\u00eda fotogr\u00e1fica AKA Fotoblog de jazz, impro\u2026 y algo m\u00e1s]","author":"Tomajazz","date":"14 noviembre, 2025","format":false,"excerpt":"Sa Pobla Jazz Collective actu\u00f3 en el 31 Mallorca Jazz Sa Pobla 2025 el 11 de agosto de 2025. Jos\u00e9 Luis Luna Rocafort retrata el concierto en INSTANTZZ","rel":"","context":"En \u00abINSTANTZZ\u00bb","block_context":{"text":"INSTANTZZ","link":"https:\/\/tomajazz.com\/web\/category\/contenidos\/imagenes\/photoblogs\/instantzz\/"},"img":{"alt_text":"Sa Pobla Jazz Collective (31 Mallorca Jazz Sa Pobla 2025. Sa Pobla. Mallorca. 2025-08-11) Por Jos\u00e9 Luis Luna Rocafort [INSTANTZZ AKA Galer\u00eda fotogr\u00e1fica AKA Fotoblog de jazz, impro\u2026 y algo m\u00e1s] - Tomajazz - Sa Pobla Jazz Collective actu\u00f3 en el 31 Mallorca Jazz Sa Pobla 2025 el 11 de agosto de 2025. Jos\u00e9 Luis Luna Rocafort retrata el concierto en INSTANTZZ","src":"https:\/\/i0.wp.com\/tomajazz.com\/web\/wp-content\/uploads\/2025\/11\/014-9.jpg?resize=350%2C200&ssl=1","width":350,"height":200,"srcset":"https:\/\/i0.wp.com\/tomajazz.com\/web\/wp-content\/uploads\/2025\/11\/014-9.jpg?resize=350%2C200&ssl=1 1x, https:\/\/i0.wp.com\/tomajazz.com\/web\/wp-content\/uploads\/2025\/11\/014-9.jpg?resize=525%2C300&ssl=1 1.5x"},"classes":[]},{"id":106527,"url":"https:\/\/tomajazz.com\/web\/blau-salvatge-sa-pobla-2026\/","url_meta":{"origin":75944,"position":2},"title":"Blau Salvatge (32 Mallorca Jazz Sa Pobla 2026. Sa Pobla, Mallorca. 2026-08-10) Por Miquel \u00c0ngel Segu\u00ed y Jos\u00e9 Luis Luna Rocafort [Concierto de jazz]","author":"Tomajazz","date":"17 agosto, 2026","format":false,"excerpt":"Blau Salvatge actu\u00f3 en el 32 Mallorca Jazz Sa Pobla 2026, en Mallorca, el 10 de agosto de 2026. Miquel \u00c0ngel Segu\u00ed y Jos\u00e9 Luis Luna Rocafort relatan el concierto. Actuaron Joan P\u00e9rez-Villegas, Zo\u00eb Gordon, Nancy Meier, Paula Haeni, Felix Grandjean, Pere Molines, Joan Garcias, Llu\u00eds P\u00e9rez-Villegas, Leyre Estruch","rel":"","context":"En \u00ab32 Mallorca Jazz Sa Pobla 2026\u00bb","block_context":{"text":"32 Mallorca Jazz Sa Pobla 2026","link":"https:\/\/tomajazz.com\/web\/category\/contenidos\/especial-contenidos\/32-mallorca-jazz-sa-pobla-2026\/"},"img":{"alt_text":"Blau Salvatge (32 Mallorca Jazz Sa Pobla 2026. Sa Pobla, Mallorca. 2026-08-10) Por Miquel \u00c0ngel Segu\u00ed y Jos\u00e9 Luis Luna Rocafort [Concierto de jazz] - Tomajazz - Blau Salvatge actu\u00f3 en el 32 Mallorca Jazz Sa Pobla 2026, en Mallorca, el 10 de agosto de 2026. Miquel \u00c0ngel Segu\u00ed y Jos\u00e9 Luis Luna Rocafort relatan el concierto. Actuaron Joan P\u00e9rez-Villegas, Zo\u00eb Gordon, Nancy Meier, Paula Haeni, Felix Grandjean, Pere Molines, Joan Garcias, Llu\u00eds P\u00e9rez-Villegas, Leyre Estruch","src":"https:\/\/i0.wp.com\/tomajazz.com\/web\/wp-content\/uploads\/2026\/08\/017-4.jpg?resize=350%2C200&ssl=1","width":350,"height":200,"srcset":"https:\/\/i0.wp.com\/tomajazz.com\/web\/wp-content\/uploads\/2026\/08\/017-4.jpg?resize=350%2C200&ssl=1 1x, https:\/\/i0.wp.com\/tomajazz.com\/web\/wp-content\/uploads\/2026\/08\/017-4.jpg?resize=525%2C300&ssl=1 1.5x"},"classes":[]},{"id":106697,"url":"https:\/\/tomajazz.com\/web\/lucia-rey-quartet-sa-pobla-2026\/","url_meta":{"origin":75944,"position":3},"title":"Luc\u00eda Rey Quartet  (32 Mallorca Jazz Sa Pobla 2026. Sa Pobla, Mallorca. 2026-08-18) Por Miquel \u00c0ngel Segu\u00ed y Jos\u00e9 Luis Luna Rocafort [Concierto de jazz]","author":"Tomajazz","date":"24 agosto, 2026","format":false,"excerpt":"Luc\u00eda Rey Quartet actu\u00f3 en el 32 Mallorca Jazz Sa Pobla 2026, el 18 de agosto de 2026. Miquel \u00c0ngel Segu\u00ed y Jos\u00e9 Luis Luna Rocafort relatan el concierto. Actuaron Luc\u00eda Rey, Ander Garc\u00eda, Michael Olivera, Juan Carlos Aracil","rel":"","context":"En \u00ab32 Mallorca Jazz Sa Pobla 2026\u00bb","block_context":{"text":"32 Mallorca Jazz Sa Pobla 2026","link":"https:\/\/tomajazz.com\/web\/category\/contenidos\/especial-contenidos\/32-mallorca-jazz-sa-pobla-2026\/"},"img":{"alt_text":"Luc\u00eda Rey Quartet  (32 Mallorca Jazz Sa Pobla 2026. Sa Pobla, Mallorca. 2026-08-18) Por Miquel \u00c0ngel Segu\u00ed y Jos\u00e9 Luis Luna Rocafort [Concierto de jazz] - Tomajazz - Luc\u00eda Rey Quartet actu\u00f3 en el 32 Mallorca Jazz Sa Pobla 2026, el 18 de agosto de 2026. Miquel \u00c0ngel Segu\u00ed y Jos\u00e9 Luis Luna Rocafort relatan el concierto. Actuaron Luc\u00eda Rey, Ander Garc\u00eda, Michael Olivera, Juan Carlos Aracil","src":"https:\/\/i0.wp.com\/tomajazz.com\/web\/wp-content\/uploads\/2026\/08\/011-11.jpg?resize=350%2C200&ssl=1","width":350,"height":200,"srcset":"https:\/\/i0.wp.com\/tomajazz.com\/web\/wp-content\/uploads\/2026\/08\/011-11.jpg?resize=350%2C200&ssl=1 1x, https:\/\/i0.wp.com\/tomajazz.com\/web\/wp-content\/uploads\/2026\/08\/011-11.jpg?resize=525%2C300&ssl=1 1.5x"},"classes":[]},{"id":106401,"url":"https:\/\/tomajazz.com\/web\/china-moses-mallorca-jazz-sa-pobla-2026\/","url_meta":{"origin":75944,"position":4},"title":"China Moses (32 Mallorca Jazz Sa Pobla 2026. Sa Pobla, Mallorca. 2026-08-04) Por Miquel \u00c0ngel Segu\u00ed y Jos\u00e9 Luis Luna Rocafort [Concierto de jazz]","author":"Tomajazz","date":"12 agosto, 2026","format":false,"excerpt":"China Moses actu\u00f3 en el 32 Mallorca Jazz Sa Pobla 2026 de Mallorca el 4 de agosto de 2026. Miquel \u00c0ngel Segu\u00ed y Jos\u00e9 Luis Luna Rocafort relatan\/retratan el concierto. Actuaron China Moses, Joshua Eniraiyetan \u201cInsxght\u201d, Ebow Mensah \u201cLox\u201d, Immanuel Simelane, J\u00e9r\u00f4me Cornelis","rel":"","context":"En \u00ab32 Mallorca Jazz Sa Pobla 2026\u00bb","block_context":{"text":"32 Mallorca Jazz Sa Pobla 2026","link":"https:\/\/tomajazz.com\/web\/category\/contenidos\/especial-contenidos\/32-mallorca-jazz-sa-pobla-2026\/"},"img":{"alt_text":"China Moses (32 Mallorca Jazz Sa Pobla 2026. Sa Pobla, Mallorca. 2026-08-04) Por Miquel \u00c0ngel Segu\u00ed y Jos\u00e9 Luis Luna Rocafort [Concierto de jazz] - Tomajazz - China Moses actu\u00f3 en el 32 Mallorca Jazz Sa Pobla 2026 de Mallorca el 4 de agosto de 2026. Miquel \u00c0ngel Segu\u00ed y Jos\u00e9 Luis Luna Rocafort relatan\/retratan el concierto. Actuaron China Moses, Joshua Eniraiyetan \u201cInsxght\u201d, Ebow Mensah \u201cLox\u201d, Immanuel Simelane, J\u00e9r\u00f4me Cornelis","src":"https:\/\/i0.wp.com\/tomajazz.com\/web\/wp-content\/uploads\/2026\/08\/011-4.jpg?resize=350%2C200&ssl=1","width":350,"height":200,"srcset":"https:\/\/i0.wp.com\/tomajazz.com\/web\/wp-content\/uploads\/2026\/08\/011-4.jpg?resize=350%2C200&ssl=1 1x, https:\/\/i0.wp.com\/tomajazz.com\/web\/wp-content\/uploads\/2026\/08\/011-4.jpg?resize=525%2C300&ssl=1 1.5x"},"classes":[]},{"id":77941,"url":"https:\/\/tomajazz.com\/web\/kenny-barron-trio-sa-pobla-2023\/","url_meta":{"origin":75944,"position":5},"title":"Kenny Barron Trio [Especial 29 Mallorca Jazz Sa Pobla 2023 I] (Parc Can Cirera Prim. Sa Pobla, Mallorca. 2023-08-01) Por Jos\u00e9 Luis Luna Rocafort [INSTANTZZ AKA Galer\u00eda fotogr\u00e1fica AKA Fotoblog de jazz, impro\u2026 y algo m\u00e1s]","author":"Tomajazz","date":"1 septiembre, 2023","format":false,"excerpt":"Kenny Barron Trio actu\u00f3 en el 29 Mallorca Jazz Sa Pobla 2023, en Parc Can Cirera Prim en Sa Pobla, Mallorca, el 1 de agosto de 2023. Jos\u00e9 Luis Luna Rocafort comienza en INSTANTZZ el repaso visual a la edici\u00f3n de la cita en Sa Pobla.","rel":"","context":"En \u00abEspecial 29 Mallorca Jazz Sa Pobla 2023\u00bb","block_context":{"text":"Especial 29 Mallorca Jazz Sa Pobla 2023","link":"https:\/\/tomajazz.com\/web\/category\/contenidos\/especial-contenidos\/especial-29-mallorca-jazz-sa-pobla-2023\/"},"img":{"alt_text":"Kenny Barron Trio [Especial 29 Mallorca Jazz Sa Pobla 2023 I] (Parc Can Cirera Prim. Sa Pobla, Mallorca. 2023-08-01) Por Jos\u00e9 Luis Luna Rocafort [INSTANTZZ AKA Galer\u00eda fotogr\u00e1fica AKA Fotoblog de jazz, impro\u2026 y algo m\u00e1s] - Tomajazz 9.0 - Kenny Barron Trio actu\u00f3 en el 29 Mallorca Jazz Sa Pobla 2023, en Parc Can Cirera Prim en Sa Pobla, Mallorca, el 1 de agosto de 2023. Jos\u00e9 Luis Luna Rocafort comienza en INSTANTZZ el repaso visual a la edici\u00f3n de la cita en Sa Pobla.","src":"https:\/\/i0.wp.com\/tomajazz.com\/web\/wp-content\/uploads\/2023\/08\/013-Kenny-Barron-Trio-Especial-29-Mallorca-Jazz-Sa-Pobla-2023-I-Mallorca-2023-08-01-Por-Jose-Luis-Luna-Rocafort-INSTANTZZ-Tomajazz.jpg?resize=350%2C200&ssl=1","width":350,"height":200,"srcset":"https:\/\/i0.wp.com\/tomajazz.com\/web\/wp-content\/uploads\/2023\/08\/013-Kenny-Barron-Trio-Especial-29-Mallorca-Jazz-Sa-Pobla-2023-I-Mallorca-2023-08-01-Por-Jose-Luis-Luna-Rocafort-INSTANTZZ-Tomajazz.jpg?resize=350%2C200&ssl=1 1x, https:\/\/i0.wp.com\/tomajazz.com\/web\/wp-content\/uploads\/2023\/08\/013-Kenny-Barron-Trio-Especial-29-Mallorca-Jazz-Sa-Pobla-2023-I-Mallorca-2023-08-01-Por-Jose-Luis-Luna-Rocafort-INSTANTZZ-Tomajazz.jpg?resize=525%2C300&ssl=1 1.5x"},"classes":[]}],"jetpack_featured_media_url":"https:\/\/tomajazz.com\/web\/wp-content\/uploads\/2023\/07\/29-Mallorca-Jazz-Sa-Pobla-2023-Tomajazz-Noticias.jpg","_links":{"self":[{"href":"https:\/\/tomajazz.com\/web\/wp-json\/wp\/v2\/posts\/75944","targetHints":{"allow":["GET"]}}],"collection":[{"href":"https:\/\/tomajazz.com\/web\/wp-json\/wp\/v2\/posts"}],"about":[{"href":"https:\/\/tomajazz.com\/web\/wp-json\/wp\/v2\/types\/post"}],"author":[{"embeddable":true,"href":"https:\/\/tomajazz.com\/web\/wp-json\/wp\/v2\/users\/1"}],"replies":[{"embeddable":true,"href":"https:\/\/tomajazz.com\/web\/wp-json\/wp\/v2\/comments?post=75944"}],"version-history":[{"count":4,"href":"https:\/\/tomajazz.com\/web\/wp-json\/wp\/v2\/posts\/75944\/revisions"}],"predecessor-version":[{"id":75959,"href":"https:\/\/tomajazz.com\/web\/wp-json\/wp\/v2\/posts\/75944\/revisions\/75959"}],"wp:featuredmedia":[{"embeddable":true,"href":"https:\/\/tomajazz.com\/web\/wp-json\/wp\/v2\/media\/75945"}],"wp:attachment":[{"href":"https:\/\/tomajazz.com\/web\/wp-json\/wp\/v2\/media?parent=75944"}],"wp:term":[{"taxonomy":"category","embeddable":true,"href":"https:\/\/tomajazz.com\/web\/wp-json\/wp\/v2\/categories?post=75944"},{"taxonomy":"post_tag","embeddable":true,"href":"https:\/\/tomajazz.com\/web\/wp-json\/wp\/v2\/tags?post=75944"}],"curies":[{"name":"wp","href":"https:\/\/api.w.org\/{rel}","templated":true}]}}