{"id":77546,"date":"2023-08-19T18:00:58","date_gmt":"2023-08-19T16:00:58","guid":{"rendered":"https:\/\/www.tomajazz.com\/web\/?p=77546"},"modified":"2023-08-23T10:26:45","modified_gmt":"2023-08-23T08:26:45","slug":"jordi-rossy-quartet-jamboree-2023","status":"publish","type":"post","link":"https:\/\/tomajazz.com\/web\/jordi-rossy-quartet-jamboree-2023\/","title":{"rendered":"Jordi Rossy Quartet featuring Ethan Iverson, Bill McHenry, Masa Kamaguchi (Jamboree, sala 3, 2023-07-03. Barcelona) Por Joan Cort\u00e8s [INSTANTZZ AKA Galer\u00eda fotogr\u00e1fica AKA Fotoblog de jazz, impro\u2026 y algo m\u00e1s]"},"content":{"rendered":"<h3><strong>Jordi Rossy Quartet<\/strong><\/h3>\n<ul>\n<li>Fecha: Lunes, 03 de julio de 2023<\/li>\n<li>Lugar: Jamboree, sala 3 (Barcelona)<\/li>\n<li>Componentes:<br \/>\nJorge Rossy, bater\u00eda<br \/>\nEthan Iverson, piano<br \/>\nBill McHenry, saxo tenor<br \/>\nMasa Kamaguchi, contrabajo<\/li>\n<\/ul>\n<p style=\"text-align: center;\"><img loading=\"lazy\" decoding=\"async\" class=\"aligncenter size-full wp-image-77547\" title=\"Jordi Rossy Quartet featuring Ethan Iverson, Bill McHenry, Masa Kamaguchi (Jamboree, sala 3, 2023-07-03. Barcelona) Por Joan Cort\u00e8s [INSTANTZZ AKA Galer\u00eda fotogr\u00e1fica AKA Fotoblog de jazz, impro\u2026 y algo m\u00e1s] Tomajazz 9.0 01 Jrg Rssy mb thn vrsn \u00a9Joan Cort\u00e8s 03jll23 Jmbrr3 Bcn Jordi Rossy Quartet Jamboree sala 3 2023 07 03 Barcelona INSTANTZZ Tomajazz\" src=\"https:\/\/tomajazz.com\/web\/wp-content\/uploads\/2023\/08\/01-Jrg-Rssy-mb-thn-vrsn-\u00a9Joan-Cortes-03jll23-Jmbrr3-Bcn-Jordi-Rossy-Quartet-Jamboree-sala-3-2023-07-03-Barcelona-INSTANTZZ-Tomajazz.jpg\" alt=\"Jordi Rossy Quartet featuring Ethan Iverson, Bill McHenry, Masa Kamaguchi (Jamboree, sala 3, 2023-07-03. Barcelona) Por Joan Cort\u00e8s [INSTANTZZ AKA Galer\u00eda fotogr\u00e1fica AKA Fotoblog de jazz, impro\u2026 y algo m\u00e1s] - Tomajazz 9.0 - Jordi Rossy Quartet featuring Ethan Iverson, Bill McHenry, Masa Kamaguchi actu\u00f3 en Jamboree, el 3 de julio de 2023-07-03 Joan Cort\u00e8s repasa en INSTANTZZ la actuaci\u00f3n del super cuarteto.\" width=\"399\" height=\"600\" srcset=\"https:\/\/tomajazz.com\/web\/wp-content\/uploads\/2023\/08\/01-Jrg-Rssy-mb-thn-vrsn-\u00a9Joan-Cortes-03jll23-Jmbrr3-Bcn-Jordi-Rossy-Quartet-Jamboree-sala-3-2023-07-03-Barcelona-INSTANTZZ-Tomajazz.jpg 399w, https:\/\/tomajazz.com\/web\/wp-content\/uploads\/2023\/08\/01-Jrg-Rssy-mb-thn-vrsn-\u00a9Joan-Cortes-03jll23-Jmbrr3-Bcn-Jordi-Rossy-Quartet-Jamboree-sala-3-2023-07-03-Barcelona-INSTANTZZ-Tomajazz-200x300.jpg 200w, https:\/\/tomajazz.com\/web\/wp-content\/uploads\/2023\/08\/01-Jrg-Rssy-mb-thn-vrsn-\u00a9Joan-Cortes-03jll23-Jmbrr3-Bcn-Jordi-Rossy-Quartet-Jamboree-sala-3-2023-07-03-Barcelona-INSTANTZZ-Tomajazz-366x550.jpg 366w, https:\/\/tomajazz.com\/web\/wp-content\/uploads\/2023\/08\/01-Jrg-Rssy-mb-thn-vrsn-\u00a9Joan-Cortes-03jll23-Jmbrr3-Bcn-Jordi-Rossy-Quartet-Jamboree-sala-3-2023-07-03-Barcelona-INSTANTZZ-Tomajazz-333x500.jpg 333w\" sizes=\"auto, (max-width: 399px) 100vw, 399px\" \/><\/p>\n<p><img loading=\"lazy\" decoding=\"async\" class=\"aligncenter size-large wp-image-77548\" title=\"Jordi Rossy Quartet featuring Ethan Iverson, Bill McHenry, Masa Kamaguchi (Jamboree, sala 3, 2023-07-03. Barcelona) Por Joan Cort\u00e8s [INSTANTZZ AKA Galer\u00eda fotogr\u00e1fica AKA Fotoblog de jazz, impro\u2026 y algo m\u00e1s] Tomajazz 9.0 02 Jrg Rssy mb thn vrsn \u00a9Joan Cort\u00e8s 03jll23 Jmbrr3 Bcn Jordi Rossy Quartet Jamboree sala 3 2023 07 03 Barcelona INSTANTZZ Tomajazz\" src=\"https:\/\/tomajazz.com\/web\/wp-content\/uploads\/2023\/08\/02-Jrg-Rssy-mb-thn-vrsn-\u00a9Joan-Cortes-03jll23-Jmbrr3-Bcn-Jordi-Rossy-Quartet-Jamboree-sala-3-2023-07-03-Barcelona-INSTANTZZ-Tomajazz.jpg\" alt=\"Jordi Rossy Quartet featuring Ethan Iverson, Bill McHenry, Masa Kamaguchi (Jamboree, sala 3, 2023-07-03. Barcelona) Por Joan Cort\u00e8s [INSTANTZZ AKA Galer\u00eda fotogr\u00e1fica AKA Fotoblog de jazz, impro\u2026 y algo m\u00e1s] - Tomajazz 9.0 - Jordi Rossy Quartet featuring Ethan Iverson, Bill McHenry, Masa Kamaguchi actu\u00f3 en Jamboree, el 3 de julio de 2023-07-03 Joan Cort\u00e8s repasa en INSTANTZZ la actuaci\u00f3n del super cuarteto.\" width=\"600\" height=\"399\" srcset=\"https:\/\/tomajazz.com\/web\/wp-content\/uploads\/2023\/08\/02-Jrg-Rssy-mb-thn-vrsn-\u00a9Joan-Cortes-03jll23-Jmbrr3-Bcn-Jordi-Rossy-Quartet-Jamboree-sala-3-2023-07-03-Barcelona-INSTANTZZ-Tomajazz.jpg 600w, https:\/\/tomajazz.com\/web\/wp-content\/uploads\/2023\/08\/02-Jrg-Rssy-mb-thn-vrsn-\u00a9Joan-Cortes-03jll23-Jmbrr3-Bcn-Jordi-Rossy-Quartet-Jamboree-sala-3-2023-07-03-Barcelona-INSTANTZZ-Tomajazz-300x200.jpg 300w, https:\/\/tomajazz.com\/web\/wp-content\/uploads\/2023\/08\/02-Jrg-Rssy-mb-thn-vrsn-\u00a9Joan-Cortes-03jll23-Jmbrr3-Bcn-Jordi-Rossy-Quartet-Jamboree-sala-3-2023-07-03-Barcelona-INSTANTZZ-Tomajazz-465x309.jpg 465w\" sizes=\"auto, (max-width: 600px) 100vw, 600px\" \/><\/p>\n<p><img loading=\"lazy\" decoding=\"async\" class=\"aligncenter size-large wp-image-77549\" title=\"Jordi Rossy Quartet featuring Ethan Iverson, Bill McHenry, Masa Kamaguchi (Jamboree, sala 3, 2023-07-03. Barcelona) Por Joan Cort\u00e8s [INSTANTZZ AKA Galer\u00eda fotogr\u00e1fica AKA Fotoblog de jazz, impro\u2026 y algo m\u00e1s] Tomajazz 9.0 03 Jrg Rssy mb thn vrsn \u00a9Joan Cort\u00e8s 03jll23 Jmbrr3 Bcn Jordi Rossy Quartet Jamboree sala 3 2023 07 03 Barcelona INSTANTZZ Tomajazz\" src=\"https:\/\/tomajazz.com\/web\/wp-content\/uploads\/2023\/08\/03-Jrg-Rssy-mb-thn-vrsn-\u00a9Joan-Cortes-03jll23-Jmbrr3-Bcn-Jordi-Rossy-Quartet-Jamboree-sala-3-2023-07-03-Barcelona-INSTANTZZ-Tomajazz.jpg\" alt=\"Jordi Rossy Quartet featuring Ethan Iverson, Bill McHenry, Masa Kamaguchi (Jamboree, sala 3, 2023-07-03. Barcelona) Por Joan Cort\u00e8s [INSTANTZZ AKA Galer\u00eda fotogr\u00e1fica AKA Fotoblog de jazz, impro\u2026 y algo m\u00e1s] - Tomajazz 9.0 - Jordi Rossy Quartet featuring Ethan Iverson, Bill McHenry, Masa Kamaguchi actu\u00f3 en Jamboree, el 3 de julio de 2023-07-03 Joan Cort\u00e8s repasa en INSTANTZZ la actuaci\u00f3n del super cuarteto.\" width=\"600\" height=\"399\" srcset=\"https:\/\/tomajazz.com\/web\/wp-content\/uploads\/2023\/08\/03-Jrg-Rssy-mb-thn-vrsn-\u00a9Joan-Cortes-03jll23-Jmbrr3-Bcn-Jordi-Rossy-Quartet-Jamboree-sala-3-2023-07-03-Barcelona-INSTANTZZ-Tomajazz.jpg 600w, https:\/\/tomajazz.com\/web\/wp-content\/uploads\/2023\/08\/03-Jrg-Rssy-mb-thn-vrsn-\u00a9Joan-Cortes-03jll23-Jmbrr3-Bcn-Jordi-Rossy-Quartet-Jamboree-sala-3-2023-07-03-Barcelona-INSTANTZZ-Tomajazz-300x200.jpg 300w, https:\/\/tomajazz.com\/web\/wp-content\/uploads\/2023\/08\/03-Jrg-Rssy-mb-thn-vrsn-\u00a9Joan-Cortes-03jll23-Jmbrr3-Bcn-Jordi-Rossy-Quartet-Jamboree-sala-3-2023-07-03-Barcelona-INSTANTZZ-Tomajazz-465x309.jpg 465w\" sizes=\"auto, (max-width: 600px) 100vw, 600px\" \/><\/p>\n<p><img loading=\"lazy\" decoding=\"async\" class=\"aligncenter size-large wp-image-77550\" title=\"Jordi Rossy Quartet featuring Ethan Iverson, Bill McHenry, Masa Kamaguchi (Jamboree, sala 3, 2023-07-03. Barcelona) Por Joan Cort\u00e8s [INSTANTZZ AKA Galer\u00eda fotogr\u00e1fica AKA Fotoblog de jazz, impro\u2026 y algo m\u00e1s] Tomajazz 9.0 04 Jrg Rssy mb thn vrsn \u00a9Joan Cort\u00e8s 03jll23 Jmbrr3 Bcn Jordi Rossy Quartet Jamboree sala 3 2023 07 03 Barcelona INSTANTZZ Tomajazz\" src=\"https:\/\/tomajazz.com\/web\/wp-content\/uploads\/2023\/08\/04-Jrg-Rssy-mb-thn-vrsn-\u00a9Joan-Cortes-03jll23-Jmbrr3-Bcn-Jordi-Rossy-Quartet-Jamboree-sala-3-2023-07-03-Barcelona-INSTANTZZ-Tomajazz.jpg\" alt=\"Jordi Rossy Quartet featuring Ethan Iverson, Bill McHenry, Masa Kamaguchi (Jamboree, sala 3, 2023-07-03. Barcelona) Por Joan Cort\u00e8s [INSTANTZZ AKA Galer\u00eda fotogr\u00e1fica AKA Fotoblog de jazz, impro\u2026 y algo m\u00e1s] - Tomajazz 9.0 - Jordi Rossy Quartet featuring Ethan Iverson, Bill McHenry, Masa Kamaguchi actu\u00f3 en Jamboree, el 3 de julio de 2023-07-03 Joan Cort\u00e8s repasa en INSTANTZZ la actuaci\u00f3n del super cuarteto.\" width=\"399\" height=\"600\" srcset=\"https:\/\/tomajazz.com\/web\/wp-content\/uploads\/2023\/08\/04-Jrg-Rssy-mb-thn-vrsn-\u00a9Joan-Cortes-03jll23-Jmbrr3-Bcn-Jordi-Rossy-Quartet-Jamboree-sala-3-2023-07-03-Barcelona-INSTANTZZ-Tomajazz.jpg 399w, https:\/\/tomajazz.com\/web\/wp-content\/uploads\/2023\/08\/04-Jrg-Rssy-mb-thn-vrsn-\u00a9Joan-Cortes-03jll23-Jmbrr3-Bcn-Jordi-Rossy-Quartet-Jamboree-sala-3-2023-07-03-Barcelona-INSTANTZZ-Tomajazz-200x300.jpg 200w, https:\/\/tomajazz.com\/web\/wp-content\/uploads\/2023\/08\/04-Jrg-Rssy-mb-thn-vrsn-\u00a9Joan-Cortes-03jll23-Jmbrr3-Bcn-Jordi-Rossy-Quartet-Jamboree-sala-3-2023-07-03-Barcelona-INSTANTZZ-Tomajazz-366x550.jpg 366w, https:\/\/tomajazz.com\/web\/wp-content\/uploads\/2023\/08\/04-Jrg-Rssy-mb-thn-vrsn-\u00a9Joan-Cortes-03jll23-Jmbrr3-Bcn-Jordi-Rossy-Quartet-Jamboree-sala-3-2023-07-03-Barcelona-INSTANTZZ-Tomajazz-333x500.jpg 333w\" sizes=\"auto, (max-width: 399px) 100vw, 399px\" \/><\/p>\n<p><img loading=\"lazy\" decoding=\"async\" class=\"aligncenter size-large wp-image-77551\" title=\"Jordi Rossy Quartet featuring Ethan Iverson, Bill McHenry, Masa Kamaguchi (Jamboree, sala 3, 2023-07-03. Barcelona) Por Joan Cort\u00e8s [INSTANTZZ AKA Galer\u00eda fotogr\u00e1fica AKA Fotoblog de jazz, impro\u2026 y algo m\u00e1s] Tomajazz 9.0 05 Jrg Rssy mb thn vrsn \u00a9Joan Cort\u00e8s 03jll23 Jmbrr3 Bcn Jordi Rossy Quartet Jamboree sala 3 2023 07 03 Barcelona INSTANTZZ Tomajazz\" src=\"https:\/\/tomajazz.com\/web\/wp-content\/uploads\/2023\/08\/05-Jrg-Rssy-mb-thn-vrsn-\u00a9Joan-Cortes-03jll23-Jmbrr3-Bcn-Jordi-Rossy-Quartet-Jamboree-sala-3-2023-07-03-Barcelona-INSTANTZZ-Tomajazz.jpg\" alt=\"Jordi Rossy Quartet featuring Ethan Iverson, Bill McHenry, Masa Kamaguchi (Jamboree, sala 3, 2023-07-03. Barcelona) Por Joan Cort\u00e8s [INSTANTZZ AKA Galer\u00eda fotogr\u00e1fica AKA Fotoblog de jazz, impro\u2026 y algo m\u00e1s] - Tomajazz 9.0 - Jordi Rossy Quartet featuring Ethan Iverson, Bill McHenry, Masa Kamaguchi actu\u00f3 en Jamboree, el 3 de julio de 2023-07-03 Joan Cort\u00e8s repasa en INSTANTZZ la actuaci\u00f3n del super cuarteto.\" width=\"600\" height=\"399\" srcset=\"https:\/\/tomajazz.com\/web\/wp-content\/uploads\/2023\/08\/05-Jrg-Rssy-mb-thn-vrsn-\u00a9Joan-Cortes-03jll23-Jmbrr3-Bcn-Jordi-Rossy-Quartet-Jamboree-sala-3-2023-07-03-Barcelona-INSTANTZZ-Tomajazz.jpg 600w, https:\/\/tomajazz.com\/web\/wp-content\/uploads\/2023\/08\/05-Jrg-Rssy-mb-thn-vrsn-\u00a9Joan-Cortes-03jll23-Jmbrr3-Bcn-Jordi-Rossy-Quartet-Jamboree-sala-3-2023-07-03-Barcelona-INSTANTZZ-Tomajazz-300x200.jpg 300w, https:\/\/tomajazz.com\/web\/wp-content\/uploads\/2023\/08\/05-Jrg-Rssy-mb-thn-vrsn-\u00a9Joan-Cortes-03jll23-Jmbrr3-Bcn-Jordi-Rossy-Quartet-Jamboree-sala-3-2023-07-03-Barcelona-INSTANTZZ-Tomajazz-465x309.jpg 465w\" sizes=\"auto, (max-width: 600px) 100vw, 600px\" \/><\/p>\n<p><img loading=\"lazy\" decoding=\"async\" class=\"aligncenter size-large wp-image-77552\" title=\"Jordi Rossy Quartet featuring Ethan Iverson, Bill McHenry, Masa Kamaguchi (Jamboree, sala 3, 2023-07-03. Barcelona) Por Joan Cort\u00e8s [INSTANTZZ AKA Galer\u00eda fotogr\u00e1fica AKA Fotoblog de jazz, impro\u2026 y algo m\u00e1s] Tomajazz 9.0 06 Jrg Rssy mb thn vrsn \u00a9Joan Cort\u00e8s 03jll23 Jmbrr3 Bcn Jordi Rossy Quartet Jamboree sala 3 2023 07 03 Barcelona INSTANTZZ Tomajazz\" src=\"https:\/\/tomajazz.com\/web\/wp-content\/uploads\/2023\/08\/06-Jrg-Rssy-mb-thn-vrsn-\u00a9Joan-Cortes-03jll23-Jmbrr3-Bcn-Jordi-Rossy-Quartet-Jamboree-sala-3-2023-07-03-Barcelona-INSTANTZZ-Tomajazz.jpg\" alt=\"Jordi Rossy Quartet featuring Ethan Iverson, Bill McHenry, Masa Kamaguchi (Jamboree, sala 3, 2023-07-03. Barcelona) Por Joan Cort\u00e8s [INSTANTZZ AKA Galer\u00eda fotogr\u00e1fica AKA Fotoblog de jazz, impro\u2026 y algo m\u00e1s] - Tomajazz 9.0 - Jordi Rossy Quartet featuring Ethan Iverson, Bill McHenry, Masa Kamaguchi actu\u00f3 en Jamboree, el 3 de julio de 2023-07-03 Joan Cort\u00e8s repasa en INSTANTZZ la actuaci\u00f3n del super cuarteto.\" width=\"600\" height=\"399\" srcset=\"https:\/\/tomajazz.com\/web\/wp-content\/uploads\/2023\/08\/06-Jrg-Rssy-mb-thn-vrsn-\u00a9Joan-Cortes-03jll23-Jmbrr3-Bcn-Jordi-Rossy-Quartet-Jamboree-sala-3-2023-07-03-Barcelona-INSTANTZZ-Tomajazz.jpg 600w, https:\/\/tomajazz.com\/web\/wp-content\/uploads\/2023\/08\/06-Jrg-Rssy-mb-thn-vrsn-\u00a9Joan-Cortes-03jll23-Jmbrr3-Bcn-Jordi-Rossy-Quartet-Jamboree-sala-3-2023-07-03-Barcelona-INSTANTZZ-Tomajazz-300x200.jpg 300w, https:\/\/tomajazz.com\/web\/wp-content\/uploads\/2023\/08\/06-Jrg-Rssy-mb-thn-vrsn-\u00a9Joan-Cortes-03jll23-Jmbrr3-Bcn-Jordi-Rossy-Quartet-Jamboree-sala-3-2023-07-03-Barcelona-INSTANTZZ-Tomajazz-465x309.jpg 465w\" sizes=\"auto, (max-width: 600px) 100vw, 600px\" \/><\/p>\n<p><img loading=\"lazy\" decoding=\"async\" class=\"aligncenter size-large wp-image-77553\" title=\"Jordi Rossy Quartet featuring Ethan Iverson, Bill McHenry, Masa Kamaguchi (Jamboree, sala 3, 2023-07-03. Barcelona) Por Joan Cort\u00e8s [INSTANTZZ AKA Galer\u00eda fotogr\u00e1fica AKA Fotoblog de jazz, impro\u2026 y algo m\u00e1s] Tomajazz 9.0 07 Jrg Rssy mb thn vrsn \u00a9Joan Cort\u00e8s 03jll23 Jmbrr3 Bcn Jordi Rossy Quartet Jamboree sala 3 2023 07 03 Barcelona INSTANTZZ Tomajazz\" src=\"https:\/\/tomajazz.com\/web\/wp-content\/uploads\/2023\/08\/07-Jrg-Rssy-mb-thn-vrsn-\u00a9Joan-Cortes-03jll23-Jmbrr3-Bcn-Jordi-Rossy-Quartet-Jamboree-sala-3-2023-07-03-Barcelona-INSTANTZZ-Tomajazz.jpg\" alt=\"Jordi Rossy Quartet featuring Ethan Iverson, Bill McHenry, Masa Kamaguchi (Jamboree, sala 3, 2023-07-03. Barcelona) Por Joan Cort\u00e8s [INSTANTZZ AKA Galer\u00eda fotogr\u00e1fica AKA Fotoblog de jazz, impro\u2026 y algo m\u00e1s] - Tomajazz 9.0 - Jordi Rossy Quartet featuring Ethan Iverson, Bill McHenry, Masa Kamaguchi actu\u00f3 en Jamboree, el 3 de julio de 2023-07-03 Joan Cort\u00e8s repasa en INSTANTZZ la actuaci\u00f3n del super cuarteto.\" width=\"600\" height=\"399\" srcset=\"https:\/\/tomajazz.com\/web\/wp-content\/uploads\/2023\/08\/07-Jrg-Rssy-mb-thn-vrsn-\u00a9Joan-Cortes-03jll23-Jmbrr3-Bcn-Jordi-Rossy-Quartet-Jamboree-sala-3-2023-07-03-Barcelona-INSTANTZZ-Tomajazz.jpg 600w, https:\/\/tomajazz.com\/web\/wp-content\/uploads\/2023\/08\/07-Jrg-Rssy-mb-thn-vrsn-\u00a9Joan-Cortes-03jll23-Jmbrr3-Bcn-Jordi-Rossy-Quartet-Jamboree-sala-3-2023-07-03-Barcelona-INSTANTZZ-Tomajazz-300x200.jpg 300w, https:\/\/tomajazz.com\/web\/wp-content\/uploads\/2023\/08\/07-Jrg-Rssy-mb-thn-vrsn-\u00a9Joan-Cortes-03jll23-Jmbrr3-Bcn-Jordi-Rossy-Quartet-Jamboree-sala-3-2023-07-03-Barcelona-INSTANTZZ-Tomajazz-465x309.jpg 465w\" sizes=\"auto, (max-width: 600px) 100vw, 600px\" \/><\/p>\n<p><img loading=\"lazy\" decoding=\"async\" class=\"aligncenter size-large wp-image-77554\" title=\"Jordi Rossy Quartet featuring Ethan Iverson, Bill McHenry, Masa Kamaguchi (Jamboree, sala 3, 2023-07-03. Barcelona) Por Joan Cort\u00e8s [INSTANTZZ AKA Galer\u00eda fotogr\u00e1fica AKA Fotoblog de jazz, impro\u2026 y algo m\u00e1s] Tomajazz 9.0 08 Jrg Rssy mb thn vrsn \u00a9Joan Cort\u00e8s 03jll23 Jmbrr3 Bcn Jordi Rossy Quartet Jamboree sala 3 2023 07 03 Barcelona INSTANTZZ Tomajazz\" src=\"https:\/\/tomajazz.com\/web\/wp-content\/uploads\/2023\/08\/08-Jrg-Rssy-mb-thn-vrsn-\u00a9Joan-Cortes-03jll23-Jmbrr3-Bcn-Jordi-Rossy-Quartet-Jamboree-sala-3-2023-07-03-Barcelona-INSTANTZZ-Tomajazz.jpg\" alt=\"Jordi Rossy Quartet featuring Ethan Iverson, Bill McHenry, Masa Kamaguchi (Jamboree, sala 3, 2023-07-03. Barcelona) Por Joan Cort\u00e8s [INSTANTZZ AKA Galer\u00eda fotogr\u00e1fica AKA Fotoblog de jazz, impro\u2026 y algo m\u00e1s] - Tomajazz 9.0 - Jordi Rossy Quartet featuring Ethan Iverson, Bill McHenry, Masa Kamaguchi actu\u00f3 en Jamboree, el 3 de julio de 2023-07-03 Joan Cort\u00e8s repasa en INSTANTZZ la actuaci\u00f3n del super cuarteto.\" width=\"399\" height=\"600\" srcset=\"https:\/\/tomajazz.com\/web\/wp-content\/uploads\/2023\/08\/08-Jrg-Rssy-mb-thn-vrsn-\u00a9Joan-Cortes-03jll23-Jmbrr3-Bcn-Jordi-Rossy-Quartet-Jamboree-sala-3-2023-07-03-Barcelona-INSTANTZZ-Tomajazz.jpg 399w, https:\/\/tomajazz.com\/web\/wp-content\/uploads\/2023\/08\/08-Jrg-Rssy-mb-thn-vrsn-\u00a9Joan-Cortes-03jll23-Jmbrr3-Bcn-Jordi-Rossy-Quartet-Jamboree-sala-3-2023-07-03-Barcelona-INSTANTZZ-Tomajazz-200x300.jpg 200w, https:\/\/tomajazz.com\/web\/wp-content\/uploads\/2023\/08\/08-Jrg-Rssy-mb-thn-vrsn-\u00a9Joan-Cortes-03jll23-Jmbrr3-Bcn-Jordi-Rossy-Quartet-Jamboree-sala-3-2023-07-03-Barcelona-INSTANTZZ-Tomajazz-366x550.jpg 366w, https:\/\/tomajazz.com\/web\/wp-content\/uploads\/2023\/08\/08-Jrg-Rssy-mb-thn-vrsn-\u00a9Joan-Cortes-03jll23-Jmbrr3-Bcn-Jordi-Rossy-Quartet-Jamboree-sala-3-2023-07-03-Barcelona-INSTANTZZ-Tomajazz-333x500.jpg 333w\" sizes=\"auto, (max-width: 399px) 100vw, 399px\" \/><\/p>\n<p><img loading=\"lazy\" decoding=\"async\" class=\"aligncenter size-large wp-image-77555\" title=\"Jordi Rossy Quartet featuring Ethan Iverson, Bill McHenry, Masa Kamaguchi (Jamboree, sala 3, 2023-07-03. Barcelona) Por Joan Cort\u00e8s [INSTANTZZ AKA Galer\u00eda fotogr\u00e1fica AKA Fotoblog de jazz, impro\u2026 y algo m\u00e1s] Tomajazz 9.0 09 Jrg Rssy mb thn vrsn \u00a9Joan Cort\u00e8s 03jll23 Jmbrr3 Bcn Jordi Rossy Quartet Jamboree sala 3 2023 07 03 Barcelona INSTANTZZ Tomajazz\" src=\"https:\/\/tomajazz.com\/web\/wp-content\/uploads\/2023\/08\/09-Jrg-Rssy-mb-thn-vrsn-\u00a9Joan-Cortes-03jll23-Jmbrr3-Bcn-Jordi-Rossy-Quartet-Jamboree-sala-3-2023-07-03-Barcelona-INSTANTZZ-Tomajazz.jpg\" alt=\"Jordi Rossy Quartet featuring Ethan Iverson, Bill McHenry, Masa Kamaguchi (Jamboree, sala 3, 2023-07-03. Barcelona) Por Joan Cort\u00e8s [INSTANTZZ AKA Galer\u00eda fotogr\u00e1fica AKA Fotoblog de jazz, impro\u2026 y algo m\u00e1s] - Tomajazz 9.0 - Jordi Rossy Quartet featuring Ethan Iverson, Bill McHenry, Masa Kamaguchi actu\u00f3 en Jamboree, el 3 de julio de 2023-07-03 Joan Cort\u00e8s repasa en INSTANTZZ la actuaci\u00f3n del super cuarteto.\" width=\"399\" height=\"600\" srcset=\"https:\/\/tomajazz.com\/web\/wp-content\/uploads\/2023\/08\/09-Jrg-Rssy-mb-thn-vrsn-\u00a9Joan-Cortes-03jll23-Jmbrr3-Bcn-Jordi-Rossy-Quartet-Jamboree-sala-3-2023-07-03-Barcelona-INSTANTZZ-Tomajazz.jpg 399w, https:\/\/tomajazz.com\/web\/wp-content\/uploads\/2023\/08\/09-Jrg-Rssy-mb-thn-vrsn-\u00a9Joan-Cortes-03jll23-Jmbrr3-Bcn-Jordi-Rossy-Quartet-Jamboree-sala-3-2023-07-03-Barcelona-INSTANTZZ-Tomajazz-200x300.jpg 200w, https:\/\/tomajazz.com\/web\/wp-content\/uploads\/2023\/08\/09-Jrg-Rssy-mb-thn-vrsn-\u00a9Joan-Cortes-03jll23-Jmbrr3-Bcn-Jordi-Rossy-Quartet-Jamboree-sala-3-2023-07-03-Barcelona-INSTANTZZ-Tomajazz-366x550.jpg 366w, https:\/\/tomajazz.com\/web\/wp-content\/uploads\/2023\/08\/09-Jrg-Rssy-mb-thn-vrsn-\u00a9Joan-Cortes-03jll23-Jmbrr3-Bcn-Jordi-Rossy-Quartet-Jamboree-sala-3-2023-07-03-Barcelona-INSTANTZZ-Tomajazz-333x500.jpg 333w\" sizes=\"auto, (max-width: 399px) 100vw, 399px\" \/><\/p>\n<p><img loading=\"lazy\" decoding=\"async\" class=\"aligncenter size-large wp-image-77556\" title=\"Jordi Rossy Quartet featuring Ethan Iverson, Bill McHenry, Masa Kamaguchi (Jamboree, sala 3, 2023-07-03. Barcelona) Por Joan Cort\u00e8s [INSTANTZZ AKA Galer\u00eda fotogr\u00e1fica AKA Fotoblog de jazz, impro\u2026 y algo m\u00e1s] Tomajazz 9.0 10 Jrg Rssy mb thn vrsn \u00a9Joan Cort\u00e8s 03jll23 Jmbrr3 Bcn Jordi Rossy Quartet Jamboree sala 3 2023 07 03 Barcelona INSTANTZZ Tomajazz\" src=\"https:\/\/tomajazz.com\/web\/wp-content\/uploads\/2023\/08\/10-Jrg-Rssy-mb-thn-vrsn-\u00a9Joan-Cortes-03jll23-Jmbrr3-Bcn-Jordi-Rossy-Quartet-Jamboree-sala-3-2023-07-03-Barcelona-INSTANTZZ-Tomajazz.jpg\" alt=\"Jordi Rossy Quartet featuring Ethan Iverson, Bill McHenry, Masa Kamaguchi (Jamboree, sala 3, 2023-07-03. Barcelona) Por Joan Cort\u00e8s [INSTANTZZ AKA Galer\u00eda fotogr\u00e1fica AKA Fotoblog de jazz, impro\u2026 y algo m\u00e1s] - Tomajazz 9.0 - Jordi Rossy Quartet featuring Ethan Iverson, Bill McHenry, Masa Kamaguchi actu\u00f3 en Jamboree, el 3 de julio de 2023-07-03 Joan Cort\u00e8s repasa en INSTANTZZ la actuaci\u00f3n del super cuarteto.\" width=\"600\" height=\"399\" srcset=\"https:\/\/tomajazz.com\/web\/wp-content\/uploads\/2023\/08\/10-Jrg-Rssy-mb-thn-vrsn-\u00a9Joan-Cortes-03jll23-Jmbrr3-Bcn-Jordi-Rossy-Quartet-Jamboree-sala-3-2023-07-03-Barcelona-INSTANTZZ-Tomajazz.jpg 600w, https:\/\/tomajazz.com\/web\/wp-content\/uploads\/2023\/08\/10-Jrg-Rssy-mb-thn-vrsn-\u00a9Joan-Cortes-03jll23-Jmbrr3-Bcn-Jordi-Rossy-Quartet-Jamboree-sala-3-2023-07-03-Barcelona-INSTANTZZ-Tomajazz-300x200.jpg 300w, https:\/\/tomajazz.com\/web\/wp-content\/uploads\/2023\/08\/10-Jrg-Rssy-mb-thn-vrsn-\u00a9Joan-Cortes-03jll23-Jmbrr3-Bcn-Jordi-Rossy-Quartet-Jamboree-sala-3-2023-07-03-Barcelona-INSTANTZZ-Tomajazz-465x309.jpg 465w\" sizes=\"auto, (max-width: 600px) 100vw, 600px\" \/><\/p>\n<p><img loading=\"lazy\" decoding=\"async\" class=\"aligncenter size-large wp-image-77557\" title=\"Jordi Rossy Quartet featuring Ethan Iverson, Bill McHenry, Masa Kamaguchi (Jamboree, sala 3, 2023-07-03. Barcelona) Por Joan Cort\u00e8s [INSTANTZZ AKA Galer\u00eda fotogr\u00e1fica AKA Fotoblog de jazz, impro\u2026 y algo m\u00e1s] Tomajazz 9.0 11 Jrg Rssy mb thn vrsn \u00a9Joan Cort\u00e8s 03jll23 Jmbrr3 Bcn Jordi Rossy Quartet Jamboree sala 3 2023 07 03 Barcelona INSTANTZZ Tomajazz\" src=\"https:\/\/tomajazz.com\/web\/wp-content\/uploads\/2023\/08\/11-Jrg-Rssy-mb-thn-vrsn-\u00a9Joan-Cortes-03jll23-Jmbrr3-Bcn-Jordi-Rossy-Quartet-Jamboree-sala-3-2023-07-03-Barcelona-INSTANTZZ-Tomajazz.jpg\" alt=\"Jordi Rossy Quartet featuring Ethan Iverson, Bill McHenry, Masa Kamaguchi (Jamboree, sala 3, 2023-07-03. Barcelona) Por Joan Cort\u00e8s [INSTANTZZ AKA Galer\u00eda fotogr\u00e1fica AKA Fotoblog de jazz, impro\u2026 y algo m\u00e1s] - Tomajazz 9.0 - Jordi Rossy Quartet featuring Ethan Iverson, Bill McHenry, Masa Kamaguchi actu\u00f3 en Jamboree, el 3 de julio de 2023-07-03 Joan Cort\u00e8s repasa en INSTANTZZ la actuaci\u00f3n del super cuarteto.\" width=\"399\" height=\"600\" srcset=\"https:\/\/tomajazz.com\/web\/wp-content\/uploads\/2023\/08\/11-Jrg-Rssy-mb-thn-vrsn-\u00a9Joan-Cortes-03jll23-Jmbrr3-Bcn-Jordi-Rossy-Quartet-Jamboree-sala-3-2023-07-03-Barcelona-INSTANTZZ-Tomajazz.jpg 399w, https:\/\/tomajazz.com\/web\/wp-content\/uploads\/2023\/08\/11-Jrg-Rssy-mb-thn-vrsn-\u00a9Joan-Cortes-03jll23-Jmbrr3-Bcn-Jordi-Rossy-Quartet-Jamboree-sala-3-2023-07-03-Barcelona-INSTANTZZ-Tomajazz-200x300.jpg 200w, https:\/\/tomajazz.com\/web\/wp-content\/uploads\/2023\/08\/11-Jrg-Rssy-mb-thn-vrsn-\u00a9Joan-Cortes-03jll23-Jmbrr3-Bcn-Jordi-Rossy-Quartet-Jamboree-sala-3-2023-07-03-Barcelona-INSTANTZZ-Tomajazz-366x550.jpg 366w, https:\/\/tomajazz.com\/web\/wp-content\/uploads\/2023\/08\/11-Jrg-Rssy-mb-thn-vrsn-\u00a9Joan-Cortes-03jll23-Jmbrr3-Bcn-Jordi-Rossy-Quartet-Jamboree-sala-3-2023-07-03-Barcelona-INSTANTZZ-Tomajazz-333x500.jpg 333w\" sizes=\"auto, (max-width: 399px) 100vw, 399px\" \/><\/p>\n<p style=\"text-align: right;\">Tomajazz: Fotograf\u00edas: \u00a9 <a href=\"https:\/\/www.facebook.com\/joan.cortesbenages\" target=\"_blank\" rel=\"noopener\"><strong>Joan Cort\u00e8s<\/strong><\/a>, 2023<\/p>\n<h3>M\u00e1s informaci\u00f3n<\/h3>\n<p><a href=\"https:\/\/jorgerossy.com\/\" target=\"_blank\" rel=\"noopener\">https:\/\/jorgerossy.com\/<\/a><\/p>\n<p><a href=\"https:\/\/tomajazz.com\/web\/?s=jordi+rossy&amp;submit=Search\" target=\"_blank\" rel=\"noopener\">https:\/\/tomajazz.com\/web\/?s=jordi+rossy&amp;submit=Search<\/a><\/p>\n<h3>Joan Cort\u00e8s en Tomajazz<\/h3>\n<p><a href=\"https:\/\/tomajazz.com\/web\/?cat=17853\" target=\"_blank\" rel=\"noopener\">https:\/\/tomajazz.com\/web\/?cat=17853<\/a><\/p>\n<p>&nbsp;<\/p>\n","protected":false},"excerpt":{"rendered":"<p>Jordi Rossy Quartet featuring Ethan Iverson, Bill McHenry, Masa Kamaguchi actu\u00f3 en Jamboree, el 3 de julio de 2023. Joan Cort\u00e8s repasa en INSTANTZZ la actuaci\u00f3n del super cuarteto. <span class=\"more-link\"><a href=\"https:\/\/tomajazz.com\/web\/jordi-rossy-quartet-jamboree-2023\/\">Contin\u00faa leyendo<\/a><\/span><\/p>\n","protected":false},"author":1,"featured_media":77556,"comment_status":"open","ping_status":"closed","sticky":false,"template":"","format":"standard","meta":{"jetpack_post_was_ever_published":false,"_jetpack_newsletter_access":"","_jetpack_dont_email_post_to_subs":false,"_jetpack_newsletter_tier_id":0,"_jetpack_memberships_contains_paywalled_content":false,"_jetpack_memberships_contains_paid_content":false,"footnotes":""},"categories":[11261,17853,11262,15516,1038],"tags":[12974,6252,1041,442,29689,29688,26],"class_list":["entry","author-pachi","has-excerpt","post-77546","post","type-post","status-publish","format-standard","has-post-thumbnail","category-instantzz","category-joan-cortes","category-photoblogs","category-imagenes","category-contenidos","tag-bill-mchenry","tag-ethan-iverson","tag-joan-cortes","tag-jordi-rossy","tag-jordi-rossy-quartet","tag-jordi-rossy-quartet-featuring-ethan-iverson-bill-mchenry-masa-kamaguchi","tag-masa-kamaguchi"],"jetpack_featured_media_url":"https:\/\/tomajazz.com\/web\/wp-content\/uploads\/2023\/08\/10-Jrg-Rssy-mb-thn-vrsn-\u00a9Joan-Cortes-03jll23-Jmbrr3-Bcn-Jordi-Rossy-Quartet-Jamboree-sala-3-2023-07-03-Barcelona-INSTANTZZ-Tomajazz.jpg","jetpack_likes_enabled":true,"jetpack_sharing_enabled":true,"jetpack-related-posts":[{"id":102503,"url":"https:\/\/tomajazz.com\/web\/eddie-mejia-jamboree-2025\/","url_meta":{"origin":77546,"position":0},"title":"Eddie Mej\u00eda 4t \u201cPar\u00e9ntesis del Miedo\u201d (Jamboree -sala 1-, 2025-11-14 \/ Barcelona) Por Joan Cort\u00e8s [INSTANTZZ AKA Galer\u00eda fotogr\u00e1fica AKA Fotoblog de jazz, impro\u2026 y algo m\u00e1s]","author":"Tomajazz","date":"4 diciembre, 2025","format":false,"excerpt":"Eddie Mej\u00eda 4t present\u00f3 \u201cPar\u00e9ntesis del Miedo\u201d en Jamboree, Barcelona, el 14 de noviembre de 2025. Joan Cort\u00e8s lo retrata en INSTANTZZ. Actuaron Eddie Mej\u00eda, Bill McHenry, Masa Kamaguchi, Ramon Prats, Magda Garre","rel":"","context":"En \u00ab*_Joan Cort\u00e8s\u00bb","block_context":{"text":"*_Joan Cort\u00e8s","link":"https:\/\/tomajazz.com\/web\/category\/joan-cortes\/"},"img":{"alt_text":"Eddie Mej\u00eda 4t \u201cPar\u00e9ntesis del Miedo\u201d (Jamboree -sala 1-, 2025-11-14 \/ Barcelona) Por Joan Cort\u00e8s [INSTANTZZ AKA Galer\u00eda fotogr\u00e1fica AKA Fotoblog de jazz, impro\u2026 y algo m\u00e1s] - Tomajazz - Eddie Mej\u00eda 4t present\u00f3 \u201cPar\u00e9ntesis del Miedo\u201d en Jamboree, Barcelona, el 14 de noviembre de 2025. Joan Cort\u00e8s lo retrata en INSTANTZZ. Actuaron Eddie Mej\u00eda, Bill McHenry, Masa Kamaguchi, Ramon Prats, Magda Garre\n","src":"https:\/\/i0.wp.com\/tomajazz.com\/web\/wp-content\/uploads\/2025\/12\/destacado-02-dd-Mj-4t-Photo-By-Joan-Cortes-14nov25-Jmbrr.jpg?resize=350%2C200&ssl=1","width":350,"height":200,"srcset":"https:\/\/i0.wp.com\/tomajazz.com\/web\/wp-content\/uploads\/2025\/12\/destacado-02-dd-Mj-4t-Photo-By-Joan-Cortes-14nov25-Jmbrr.jpg?resize=350%2C200&ssl=1 1x, https:\/\/i0.wp.com\/tomajazz.com\/web\/wp-content\/uploads\/2025\/12\/destacado-02-dd-Mj-4t-Photo-By-Joan-Cortes-14nov25-Jmbrr.jpg?resize=525%2C300&ssl=1 1.5x"},"classes":[]},{"id":104557,"url":"https:\/\/tomajazz.com\/web\/russ-lossing-mood-trio-jamboree-2026\/","url_meta":{"origin":77546,"position":1},"title":"Russ Lossing Mood Trio (Jamboree-01, 2026-02-18 \/ Barcelona) Por Joan Cort\u00e8s [INSTANTZZ AKA Galer\u00eda fotogr\u00e1fica AKA Fotoblog de jazz, impro\u2026 y algo m\u00e1s]","author":"Tomajazz","date":"24 marzo, 2026","format":false,"excerpt":"Russ Lossing Mood Trio actu\u00f3 en Jamboree el 18 de febrero de 2025. Joan Cort\u00e8s lo retrata en INSTANTZZ. Russ Lossing Mood Trio son Russ Lossing, Masa Kamaguchi, Dayeon Seok","rel":"","context":"En \u00abINSTANTZZ\u00bb","block_context":{"text":"INSTANTZZ","link":"https:\/\/tomajazz.com\/web\/category\/contenidos\/imagenes\/photoblogs\/instantzz\/"},"img":{"alt_text":"Russ Lossing Mood Trio (Jamboree-01, 2026-02-18 \/ Barcelona) Por Joan Cort\u00e8s [INSTANTZZ AKA Galer\u00eda fotogr\u00e1fica AKA Fotoblog de jazz, impro\u2026 y algo m\u00e1s] - Tomajazz - Russ Lossing Mood Trio actu\u00f3 en Jamboree el 18 de febrero de 2025. Joan Cort\u00e8s lo retrata en INSTANTZZ. Russ Lossing Mood Trio son \nRuss Lossing, Masa Kamaguchi, Dayeon Seok","src":"https:\/\/i0.wp.com\/tomajazz.com\/web\/wp-content\/uploads\/2026\/03\/destacado-07-Rss-Lssng-Photo-by-Joan-Cortes-18fbr26-Jmbr-Bcn.jpg?resize=350%2C200&ssl=1","width":350,"height":200,"srcset":"https:\/\/i0.wp.com\/tomajazz.com\/web\/wp-content\/uploads\/2026\/03\/destacado-07-Rss-Lssng-Photo-by-Joan-Cortes-18fbr26-Jmbr-Bcn.jpg?resize=350%2C200&ssl=1 1x, https:\/\/i0.wp.com\/tomajazz.com\/web\/wp-content\/uploads\/2026\/03\/destacado-07-Rss-Lssng-Photo-by-Joan-Cortes-18fbr26-Jmbr-Bcn.jpg?resize=525%2C300&ssl=1 1.5x"},"classes":[]},{"id":104359,"url":"https:\/\/tomajazz.com\/web\/natsuko-sugao-ns-big-jamboree-2026\/","url_meta":{"origin":77546,"position":2},"title":"Natsuko Sugao NS Big Band \u201cImpermanencia de los asuntos\u201d (Jamboree-3, 2026-01-24 \/ Barcelona) Por Joan Cort\u00e8s [INSTANTZZ AKA Galer\u00eda fotogr\u00e1fica AKA Fotoblog de jazz, impro\u2026 y algo m\u00e1s]","author":"Tomajazz","date":"11 marzo, 2026","format":false,"excerpt":"Natsuko Sugao NS Big Band \u201cImpermanencia de los asuntos\u201d actu\u00f3 en Jamboree de Barcelona el 24 de enero de 2026. Joan Cort\u00e8s lo retrata en INSTANTZZ. Con Natsuko Sugao, Dani P\u00e9rez, Ester Quevedo, Gorka Ben\u00edtez, Jordi Santanach, Marcel\u2022l\u00ed Bayer, Marta Duran, Andreu Dom\u00e8nech, Maria Ant\u00f2nia Gili, \u00d2scar Latorre, Pol Padr\u00f3s,\u2026","rel":"","context":"En \u00ab*_Joan Cort\u00e8s\u00bb","block_context":{"text":"*_Joan Cort\u00e8s","link":"https:\/\/tomajazz.com\/web\/category\/joan-cortes\/"},"img":{"alt_text":"Natsuko Sugao NS Big Band \u201cImpermanencia de los asuntos\u201d (Jamboree-3, 2026-01-24 \/ Barcelona) Por Joan Cort\u00e8s [INSTANTZZ AKA Galer\u00eda fotogr\u00e1fica AKA Fotoblog de jazz, impro\u2026 y algo m\u00e1s] - Tomajazz - Natsuko Sugao NS Big Band \u201cImpermanencia de los asuntos\u201d actu\u00f3 en Jamboree de Barcelona el 24 de enero de 2026. Joan Cort\u00e8s lo retrata en INSTANTZZ. Con Natsuko Sugao, Dani P\u00e9rez, Ester Quevedo, Gorka Ben\u00edtez, Jordi Santanach, Marcel\u2022l\u00ed Bayer, Marta Duran, Andreu Dom\u00e8nech, Maria Ant\u00f2nia Gili, \u00d2scar Latorre, Pol Padr\u00f3s, Paco Fern\u00e1ndez, V\u00edctor Colomer,  Daniel Noguero, Aram Montagud,  Dar\u00edo Garc\u00eda,  Masa Kamaguchi, Andreu Pitarch","src":"https:\/\/i0.wp.com\/tomajazz.com\/web\/wp-content\/uploads\/2026\/03\/destacada-09-Ntsk-Sg-NS-BB-Photo-by-Joan-Cortes-24gnr26-Jmbr-3-Bcn.jpg?resize=350%2C200&ssl=1","width":350,"height":200,"srcset":"https:\/\/i0.wp.com\/tomajazz.com\/web\/wp-content\/uploads\/2026\/03\/destacada-09-Ntsk-Sg-NS-BB-Photo-by-Joan-Cortes-24gnr26-Jmbr-3-Bcn.jpg?resize=350%2C200&ssl=1 1x, https:\/\/i0.wp.com\/tomajazz.com\/web\/wp-content\/uploads\/2026\/03\/destacada-09-Ntsk-Sg-NS-BB-Photo-by-Joan-Cortes-24gnr26-Jmbr-3-Bcn.jpg?resize=525%2C300&ssl=1 1.5x"},"classes":[]},{"id":28330,"url":"https:\/\/tomajazz.com\/web\/instantzz-the-bad-plus-conservatori-del-liceu-48e-voll-damm-festival-internacional-de-jazz-de-barcelona-barcelona-2016-11-15-galeria-fotografica\/","url_meta":{"origin":77546,"position":3},"title":"INSTANTZZ: The Bad Plus (Conservatori del Liceu, 48\u00e8 Voll-Damm Festival Internacional de Jazz de Barcelona, Barcelona. 2016-11-15) [Galer\u00eda fotogr\u00e1fica]","author":"Tomajazz","date":"5 enero, 2017","format":false,"excerpt":"Joan Cort\u00e8s retrata en INSTANTZZ a The Bad Plus en su actuaci\u00f3n en el Conservatori del Liceu, dentro de la programaci\u00f3n del 48\u00e8 Voll-Damm Festival Internacional de Jazz de Barcelona.","rel":"","context":"En \u00ab*_Joan Cort\u00e8s\u00bb","block_context":{"text":"*_Joan Cort\u00e8s","link":"https:\/\/tomajazz.com\/web\/category\/joan-cortes\/"},"img":{"alt_text":"","src":"https:\/\/i0.wp.com\/tomajazz.com\/web\/wp-content\/uploads\/2016\/12\/04_ThBdPls-%C2%A9Joan-Cort%C3%A8s_15nov16_CnsrvtrLc_48FIJBcn.jpg?resize=350%2C200&ssl=1","width":350,"height":200,"srcset":"https:\/\/i0.wp.com\/tomajazz.com\/web\/wp-content\/uploads\/2016\/12\/04_ThBdPls-%C2%A9Joan-Cort%C3%A8s_15nov16_CnsrvtrLc_48FIJBcn.jpg?resize=350%2C200&ssl=1 1x, https:\/\/i0.wp.com\/tomajazz.com\/web\/wp-content\/uploads\/2016\/12\/04_ThBdPls-%C2%A9Joan-Cort%C3%A8s_15nov16_CnsrvtrLc_48FIJBcn.jpg?resize=525%2C300&ssl=1 1.5x"},"classes":[]},{"id":104814,"url":"https:\/\/tomajazz.com\/web\/pete-roth-trio-feat-bill-bruford-barcelona-2026\/","url_meta":{"origin":77546,"position":4},"title":"Pete Roth Trio featuring Bill Bruford (Luz de Gas, 2026-02-23 \/ Barcelona) Por Joan Cort\u00e8s [INSTANTZZ AKA Galer\u00eda fotogr\u00e1fica AKA Fotoblog de jazz, impro\u2026 y algo m\u00e1s]","author":"Tomajazz","date":"9 abril, 2026","format":false,"excerpt":"Pete Roth Trio featuring Bill Bruford actu\u00f3 en Luz de Gas, el 23 de febrero de 2026. Joan Cort\u00e8s lo retrata en INSTANTZZ. Con Pete Roth, Bill Bruford, Mike Pratt","rel":"","context":"En \u00ab*_Joan Cort\u00e8s\u00bb","block_context":{"text":"*_Joan Cort\u00e8s","link":"https:\/\/tomajazz.com\/web\/category\/joan-cortes\/"},"img":{"alt_text":"Pete Roth Trio featuring Bill Bruford (Luz de Gas, 2026-02-23 \/ Barcelona) Por Joan Cort\u00e8s [INSTANTZZ AKA Galer\u00eda fotogr\u00e1fica AKA Fotoblog de jazz, impro\u2026 y algo m\u00e1s] - Tomajazz - Pete Roth Trio featuring Bill Bruford actu\u00f3 en Luz de Gas, el 23 de febrero de 2026. Joan Cort\u00e8s lo retrata en INSTANTZZ. Con Pete Roth, Bill Bruford, Mike Pratt","src":"https:\/\/i0.wp.com\/tomajazz.com\/web\/wp-content\/uploads\/2026\/04\/destacada-09-Pt-Rth-Tr-Photo-by-Joan-Cortes-23fbr26-Lz-d-Gs-Bcn-bn.jpg?resize=350%2C200&ssl=1","width":350,"height":200,"srcset":"https:\/\/i0.wp.com\/tomajazz.com\/web\/wp-content\/uploads\/2026\/04\/destacada-09-Pt-Rth-Tr-Photo-by-Joan-Cortes-23fbr26-Lz-d-Gs-Bcn-bn.jpg?resize=350%2C200&ssl=1 1x, https:\/\/i0.wp.com\/tomajazz.com\/web\/wp-content\/uploads\/2026\/04\/destacada-09-Pt-Rth-Tr-Photo-by-Joan-Cortes-23fbr26-Lz-d-Gs-Bcn-bn.jpg?resize=525%2C300&ssl=1 1.5x"},"classes":[]},{"id":90760,"url":"https:\/\/tomajazz.com\/web\/eddie-mejia-quartet-vitoria-2024\/","url_meta":{"origin":77546,"position":5},"title":"Eddie Mej\u00eda Quartet (47 Festival de Jazz de Vitoria &#8211; Gasteiz. 2024-07-19) Por Jos\u00e9 Luis Luna Rocafort [INSTANTZZ AKA Galer\u00eda fotogr\u00e1fica AKA Fotoblog de jazz, impro\u2026 y algo m\u00e1s]","author":"Tomajazz","date":"23 octubre, 2024","format":false,"excerpt":"Eddie Mej\u00eda Quartet actu\u00f3 en el 47 Festival de Jazz de Vitoria - Gasteiz, el 19 de julio de 2024. Jos\u00e9 Luis Luna Rocafort retrata el concierto en INSTANTZZ. Actuaron Eddie Mej\u00eda, Bill McHenry, Masa Kamaguchi, Ramon Prats, Magda Garre","rel":"","context":"En \u00ab47 Festival de Jazz de Vitoria Gasteiz 2024\u00bb","block_context":{"text":"47 Festival de Jazz de Vitoria Gasteiz 2024","link":"https:\/\/tomajazz.com\/web\/category\/contenidos\/especial-contenidos\/47-festival-de-jazz-de-vitoria-gasteiz-2024\/"},"img":{"alt_text":"Eddie Mej\u00eda Quartet (47 Festival de Jazz de Vitoria - Gasteiz. 2024-07-19) Por Jos\u00e9 Luis Luna Rocafort [INSTANTZZ AKA Galer\u00eda fotogr\u00e1fica AKA Fotoblog de jazz, impro\u2026 y algo m\u00e1s] - Tomajazz - Eddie Mej\u00eda Quartet actu\u00f3 en el 47 Festival de Jazz de Vitoria - Gasteiz, el 19 de julio de 2024. Jos\u00e9 Luis Luna Rocafort retrata el concierto en INSTANTZZ. Actuaron Eddie Mej\u00eda, Bill McHenry, Masa Kamaguchi, Ramon Prats, Magda Garr\u00e9","src":"https:\/\/i0.wp.com\/tomajazz.com\/web\/wp-content\/uploads\/2024\/10\/014-12.jpg?resize=350%2C200&ssl=1","width":350,"height":200,"srcset":"https:\/\/i0.wp.com\/tomajazz.com\/web\/wp-content\/uploads\/2024\/10\/014-12.jpg?resize=350%2C200&ssl=1 1x, https:\/\/i0.wp.com\/tomajazz.com\/web\/wp-content\/uploads\/2024\/10\/014-12.jpg?resize=525%2C300&ssl=1 1.5x"},"classes":[]}],"_links":{"self":[{"href":"https:\/\/tomajazz.com\/web\/wp-json\/wp\/v2\/posts\/77546","targetHints":{"allow":["GET"]}}],"collection":[{"href":"https:\/\/tomajazz.com\/web\/wp-json\/wp\/v2\/posts"}],"about":[{"href":"https:\/\/tomajazz.com\/web\/wp-json\/wp\/v2\/types\/post"}],"author":[{"embeddable":true,"href":"https:\/\/tomajazz.com\/web\/wp-json\/wp\/v2\/users\/1"}],"replies":[{"embeddable":true,"href":"https:\/\/tomajazz.com\/web\/wp-json\/wp\/v2\/comments?post=77546"}],"version-history":[{"count":4,"href":"https:\/\/tomajazz.com\/web\/wp-json\/wp\/v2\/posts\/77546\/revisions"}],"predecessor-version":[{"id":77649,"href":"https:\/\/tomajazz.com\/web\/wp-json\/wp\/v2\/posts\/77546\/revisions\/77649"}],"wp:featuredmedia":[{"embeddable":true,"href":"https:\/\/tomajazz.com\/web\/wp-json\/wp\/v2\/media\/77556"}],"wp:attachment":[{"href":"https:\/\/tomajazz.com\/web\/wp-json\/wp\/v2\/media?parent=77546"}],"wp:term":[{"taxonomy":"category","embeddable":true,"href":"https:\/\/tomajazz.com\/web\/wp-json\/wp\/v2\/categories?post=77546"},{"taxonomy":"post_tag","embeddable":true,"href":"https:\/\/tomajazz.com\/web\/wp-json\/wp\/v2\/tags?post=77546"}],"curies":[{"name":"wp","href":"https:\/\/api.w.org\/{rel}","templated":true}]}}