{"id":78822,"date":"2023-09-25T10:00:54","date_gmt":"2023-09-25T08:00:54","guid":{"rendered":"https:\/\/www.tomajazz.com\/web\/?p=78822"},"modified":"2023-09-24T19:41:21","modified_gmt":"2023-09-24T17:41:21","slug":"iv-festival-medinaceli-jazz-2023","status":"publish","type":"post","link":"https:\/\/tomajazz.com\/web\/iv-festival-medinaceli-jazz-2023\/","title":{"rendered":"IV Festival Medinaceli Jazz 2023 (Medinaceli, Soria. 12 al 15 de octubre de 2023) [Noticias de jazz]"},"content":{"rendered":"<p style=\"text-align: center;\"><img loading=\"lazy\" decoding=\"async\" class=\"aligncenter size-large wp-image-78823\" title=\"IV Festival Medinaceli Jazz 2023 (Medinaceli, Soria. 12 al 15 de octubre de 2023) [Noticias de jazz] Tomajazz 9.0 IV Festival Medinaceli Jazz 2023 Tomajazz Noticias\" src=\"https:\/\/tomajazz.com\/web\/wp-content\/uploads\/2023\/09\/IV-Festival-Medinaceli-Jazz-2023-Tomajazz-Noticias-422x600.jpg\" alt=\"IV Festival Medinaceli Jazz 2023 (Medinaceli, Soria. 12 al 15 de octubre de 2023) [Noticias de jazz] - Tomajazz 9.0 - Entre el 12 y el 15 de octubre de 2023 tendr\u00e1 lugar en Medinaceli (Soria), el IV Festival Medinaceli Jazz 2023 #Ciclodejazz #FestivalDeJazz #Festivalesdejazz #Noticiasdejazz\" width=\"422\" height=\"600\" srcset=\"https:\/\/tomajazz.com\/web\/wp-content\/uploads\/2023\/09\/IV-Festival-Medinaceli-Jazz-2023-Tomajazz-Noticias-422x600.jpg 422w, https:\/\/tomajazz.com\/web\/wp-content\/uploads\/2023\/09\/IV-Festival-Medinaceli-Jazz-2023-Tomajazz-Noticias-211x300.jpg 211w, https:\/\/tomajazz.com\/web\/wp-content\/uploads\/2023\/09\/IV-Festival-Medinaceli-Jazz-2023-Tomajazz-Noticias-387x550.jpg 387w, https:\/\/tomajazz.com\/web\/wp-content\/uploads\/2023\/09\/IV-Festival-Medinaceli-Jazz-2023-Tomajazz-Noticias-352x500.jpg 352w, https:\/\/tomajazz.com\/web\/wp-content\/uploads\/2023\/09\/IV-Festival-Medinaceli-Jazz-2023-Tomajazz-Noticias.jpg 750w\" sizes=\"auto, (max-width: 422px) 100vw, 422px\" \/><\/p>\n<p>Entre el 12 y el 15 de octubre de 2023 tendr\u00e1 lugar en Medinaceli (Soria), el IV Festival Medinaceli Jazz 2023.<\/p>\n<p>Los conciertos tendr\u00e1n lugar en el Palacio Ducal. Precio de las entradas 20\u20ac.<\/p>\n<h3>Programaci\u00f3n<\/h3>\n<p>Jueves 12. 20:00 Alicia Tamariz Sextet<br \/>\nViernes 13. 20:00. Sacri Delfino Tr\u00edo<br \/>\nS\u00e1bado 14. 20:00. Quique G\u00f3mez Quartet \u00abAn Evening with Sinatra\u00bb<br \/>\nDomingo 15. 13:00. Torrej\u00f3n Big Band<\/p>\n<h3>M\u00e1s informaci\u00f3n de IV Festival Medinaceli Jazz 2023<\/h3>\n<p><a href=\"https:\/\/www.dearte.info\/jazz\/medinaceli-jazz-iv-edicion\/\" target=\"_blank\" rel=\"noopener\">https:\/\/www.dearte.info\/jazz\/medinaceli-jazz-iv-edicion\/<\/a><\/p>\n<h3>Y adem\u00e1s&#8230;<\/h3>\n<p><a href=\"https:\/\/tomajazz.com\/web\/?s=medinaceli+jazz&amp;submit=Search\" target=\"_blank\" rel=\"noopener\">https:\/\/tomajazz.com\/web\/?s=medinaceli+jazz&amp;submit=Search<\/a><\/p>\n<h3>Especial Festivales de Jazz en Tomajazz<\/h3>\n<blockquote class=\"wp-embedded-content\" data-secret=\"CpNWQzis1n\"><p><a href=\"https:\/\/tomajazz.com\/web\/festivales-de-jazz\/\">Los Festivales de jazz, Ciclos, Seminarios, Conciertos, Exposiciones y Eventos de jazz en Espa\u00f1a [Especial jazz en Espa\u00f1a]<\/a><\/p><\/blockquote>\n<p><iframe loading=\"lazy\" class=\"wp-embedded-content\" sandbox=\"allow-scripts\" security=\"restricted\" style=\"position: absolute; visibility: hidden;\" title=\"\u00abLos Festivales de jazz, Ciclos, Seminarios, Conciertos, Exposiciones y Eventos de jazz en Espa\u00f1a [Especial jazz en Espa\u00f1a]\u00bb \u2014 Tomajazz\" src=\"https:\/\/tomajazz.com\/web\/festivales-de-jazz\/embed\/#?secret=9zDy1dUeAF#?secret=CpNWQzis1n\" data-secret=\"CpNWQzis1n\" width=\"600\" height=\"338\" frameborder=\"0\" marginwidth=\"0\" marginheight=\"0\" scrolling=\"no\"><\/iframe><\/p>\n","protected":false},"excerpt":{"rendered":"<p>Entre el 12 y el 15 de octubre de 2023 tendr\u00e1 lugar en Medinaceli (Soria), el IV Festival Medinaceli Jazz 2023 #Ciclodejazz #FestivalDeJazz #Festivalesdejazz #Noticiasdejazz<span class=\"more-link\"><a href=\"https:\/\/tomajazz.com\/web\/iv-festival-medinaceli-jazz-2023\/\">Contin\u00faa leyendo<\/a><\/span><\/p>\n","protected":false},"author":1,"featured_media":78823,"comment_status":"open","ping_status":"closed","sticky":false,"template":"","format":"standard","meta":{"jetpack_post_was_ever_published":false,"_jetpack_newsletter_access":"","_jetpack_dont_email_post_to_subs":false,"_jetpack_newsletter_tier_id":0,"_jetpack_memberships_contains_paywalled_content":false,"_jetpack_memberships_contains_paid_content":false,"footnotes":""},"categories":[29375,17858,15795,1038],"tags":[29974,29975,29976,25807,29973],"class_list":["entry","author-pachi","has-excerpt","post-78822","post","type-post","status-publish","format-standard","has-post-thumbnail","category-festivales-jazz-otono-invierno-2023-2024","category-redaccion","category-noticias-2","category-contenidos","tag-festival-medinaceli-jazz","tag-iv-festival-medinaceli-jazz","tag-iv-festival-medinaceli-jazz-2023","tag-medinaceli-jazz","tag-medinaceli-jazz-2023"],"jetpack_featured_media_url":"https:\/\/tomajazz.com\/web\/wp-content\/uploads\/2023\/09\/IV-Festival-Medinaceli-Jazz-2023-Tomajazz-Noticias.jpg","jetpack_likes_enabled":true,"jetpack_sharing_enabled":true,"jetpack-related-posts":[{"id":98543,"url":"https:\/\/tomajazz.com\/web\/malvasia-medinaceli-jazz-2025-noticias\/","url_meta":{"origin":78822,"position":0},"title":"VI Edici\u00f3n Malvas\u00eda Medinaceli Jazz 2025 (Medinaceli, Soria \u00b7 10 al 12 de octubre de 2025) [Noticias de jazz]","author":"Tomajazz","date":"1 septiembre, 2025","format":false,"excerpt":"Entre el 10 y el 12 de octubre de 2025 tendr\u00e1 lugar la VI Edici\u00f3n del festival Malvas\u00eda Medinaceli Jazz 2025","rel":"","context":"En \u00abNoticias\u00bb","block_context":{"text":"Noticias","link":"https:\/\/tomajazz.com\/web\/category\/contenidos\/noticias-2\/"},"img":{"alt_text":"VI Edici\u00f3n Malvas\u00eda Medinaceli Jazz 2025 (Medinaceli, Soria \u00b7 10 al 12 de octubre de 2025) [Noticias de jazz] - Tomajazz","src":"https:\/\/i0.wp.com\/tomajazz.com\/web\/wp-content\/uploads\/2025\/08\/Malvasia-Medinaceli-Jazz-2025-Tomajazz-Noticias.jpg?resize=350%2C200&ssl=1","width":350,"height":200,"srcset":"https:\/\/i0.wp.com\/tomajazz.com\/web\/wp-content\/uploads\/2025\/08\/Malvasia-Medinaceli-Jazz-2025-Tomajazz-Noticias.jpg?resize=350%2C200&ssl=1 1x, https:\/\/i0.wp.com\/tomajazz.com\/web\/wp-content\/uploads\/2025\/08\/Malvasia-Medinaceli-Jazz-2025-Tomajazz-Noticias.jpg?resize=525%2C300&ssl=1 1.5x, https:\/\/i0.wp.com\/tomajazz.com\/web\/wp-content\/uploads\/2025\/08\/Malvasia-Medinaceli-Jazz-2025-Tomajazz-Noticias.jpg?resize=700%2C400&ssl=1 2x"},"classes":[]},{"id":57358,"url":"https:\/\/tomajazz.com\/web\/medinaceli-jazz-2021-9-al-12-de-octubre-de-2021-noticias-de-jazz\/","url_meta":{"origin":78822,"position":1},"title":"Medinaceli Jazz 2021 (9 al 12 de octubre. Medinaceli, Soria) [Noticias de jazz]","author":"Tomajazz","date":"28 septiembre, 2021","format":false,"excerpt":"Entre el 9 y el 12 de octubre de 2021 tendr\u00e1 lugar Medinaceli Jazz.","rel":"","context":"En \u00abNoticias\u00bb","block_context":{"text":"Noticias","link":"https:\/\/tomajazz.com\/web\/category\/contenidos\/noticias-2\/"},"img":{"alt_text":"","src":"https:\/\/i0.wp.com\/tomajazz.com\/web\/wp-content\/uploads\/2021\/09\/Medinaceli-Jazz-2021_definitivo-scaled.jpg?resize=350%2C200&ssl=1","width":350,"height":200,"srcset":"https:\/\/i0.wp.com\/tomajazz.com\/web\/wp-content\/uploads\/2021\/09\/Medinaceli-Jazz-2021_definitivo-scaled.jpg?resize=350%2C200&ssl=1 1x, https:\/\/i0.wp.com\/tomajazz.com\/web\/wp-content\/uploads\/2021\/09\/Medinaceli-Jazz-2021_definitivo-scaled.jpg?resize=525%2C300&ssl=1 1.5x, https:\/\/i0.wp.com\/tomajazz.com\/web\/wp-content\/uploads\/2021\/09\/Medinaceli-Jazz-2021_definitivo-scaled.jpg?resize=700%2C400&ssl=1 2x, https:\/\/i0.wp.com\/tomajazz.com\/web\/wp-content\/uploads\/2021\/09\/Medinaceli-Jazz-2021_definitivo-scaled.jpg?resize=1050%2C600&ssl=1 3x, https:\/\/i0.wp.com\/tomajazz.com\/web\/wp-content\/uploads\/2021\/09\/Medinaceli-Jazz-2021_definitivo-scaled.jpg?resize=1400%2C800&ssl=1 4x"},"classes":[]},{"id":78890,"url":"https:\/\/tomajazz.com\/web\/x-jazz-palencia-festival-2023\/","url_meta":{"origin":78822,"position":2},"title":"X Jazz Palencia Festival 2023 (Palencia. 4 al 18 de noviembre de 2023) [Noticias de jazz]","author":"Tomajazz","date":"26 septiembre, 2023","format":false,"excerpt":"Entre el 4 y el 18 de noviembre de 2023 tendr\u00e1 lugar en Palencia, el X Jazz Palencia Festival 2023 #Ciclodejazz #FestivalDeJazz #Festivalesdejazz #Noticiasdejazz","rel":"","context":"En \u00abFestivales Jazz Oto\u00f1o - Invierno 2023 - 2024\u00bb","block_context":{"text":"Festivales Jazz Oto\u00f1o - Invierno 2023 - 2024","link":"https:\/\/tomajazz.com\/web\/category\/contenidos\/noticias-2\/festivales-jazz-otono-invierno-2023-2024\/"},"img":{"alt_text":"X Jazz Palencia Festival 2023 (Palencia. 4 al 18 de noviembre de 2023) [Noticias de jazz] - Tomajazz 9.0 - Entre el 4 y el 18 de noviembre de 2023 tendr\u00e1 lugar en Palencia, el X Jazz Palencia Festival 2023 #Ciclodejazz #FestivalDeJazz #Festivalesdejazz #Noticiasdejazz","src":"https:\/\/i0.wp.com\/tomajazz.com\/web\/wp-content\/uploads\/2023\/09\/X-Jazz-Palencia-Festival-2023-Tomajazz-Noticias.jpg?resize=350%2C200&ssl=1","width":350,"height":200,"srcset":"https:\/\/i0.wp.com\/tomajazz.com\/web\/wp-content\/uploads\/2023\/09\/X-Jazz-Palencia-Festival-2023-Tomajazz-Noticias.jpg?resize=350%2C200&ssl=1 1x, https:\/\/i0.wp.com\/tomajazz.com\/web\/wp-content\/uploads\/2023\/09\/X-Jazz-Palencia-Festival-2023-Tomajazz-Noticias.jpg?resize=525%2C300&ssl=1 1.5x"},"classes":[]},{"id":78118,"url":"https:\/\/tomajazz.com\/web\/iv-jazz-festival-caceres-2023\/","url_meta":{"origin":78822,"position":3},"title":"IV Jazz Festival C\u00e1ceres 2023 (C\u00e1ceres. 27 de septiembre al 1 de octubre de 2023) [Noticias de jazz]","author":"Tomajazz","date":"6 septiembre, 2023","format":false,"excerpt":"Entre el 27 de septiembre y el 1 de octubre de 2023 tendr\u00e1 lugar en C\u00e1ceres, el IV Jazz Festival C\u00e1ceres 2023\u00a0#Ciclodejazz #FestivalDeJazz #Festivalesdejazz #Noticiasdejazz","rel":"","context":"En \u00ab*_Redacci\u00f3n\u00bb","block_context":{"text":"*_Redacci\u00f3n","link":"https:\/\/tomajazz.com\/web\/category\/redaccion\/"},"img":{"alt_text":"IV Jazz Festival C\u00e1ceres 2023 (C\u00e1ceres. 27 de septiembre al 1 de octubre de 2023) [Noticias de jazz] - Tomajazz 9.0 - Entre el 27 de septiembre y el 1 de octubre de 2023 tendr\u00e1 lugar en C\u00e1ceres, el IV Jazz Festival C\u00e1ceres 2023\u00a0#Ciclodejazz #FestivalDeJazz #Festivalesdejazz #Noticiasdejazz","src":"https:\/\/i0.wp.com\/tomajazz.com\/web\/wp-content\/uploads\/2023\/09\/IV-Jazz-Fesival-Caceres-2023-Tomajazz-Noticias.jpg?resize=350%2C200&ssl=1","width":350,"height":200,"srcset":"https:\/\/i0.wp.com\/tomajazz.com\/web\/wp-content\/uploads\/2023\/09\/IV-Jazz-Fesival-Caceres-2023-Tomajazz-Noticias.jpg?resize=350%2C200&ssl=1 1x, https:\/\/i0.wp.com\/tomajazz.com\/web\/wp-content\/uploads\/2023\/09\/IV-Jazz-Fesival-Caceres-2023-Tomajazz-Noticias.jpg?resize=525%2C300&ssl=1 1.5x"},"classes":[]},{"id":78745,"url":"https:\/\/tomajazz.com\/web\/iv-jazzahara-2023\/","url_meta":{"origin":78822,"position":4},"title":"IV Jazzahara 2023 (Zahara de los Atunes, C\u00e1diz. 27 al 29 de octubre de 2023) [Noticias de jazz]","author":"Tomajazz","date":"23 septiembre, 2023","format":false,"excerpt":"Entre el 27 y el 29 de octubre de 2023 tendr\u00e1 lugar en Zahara de los Atunes (C\u00e1diz), el IV Jazzahara 2023 #Ciclodejazz #FestivalDeJazz #Festivalesdejazz #Noticiasdejazz","rel":"","context":"En \u00ab*_Redacci\u00f3n\u00bb","block_context":{"text":"*_Redacci\u00f3n","link":"https:\/\/tomajazz.com\/web\/category\/redaccion\/"},"img":{"alt_text":"IV Jazzahara 2023 (Zahara de los Atunes, C\u00e1diz. 27 al 29 de octubre de 2023) [Noticias de jazz] - Tomajazz 9.0 - Entre el 27 y el 29 de octubre de 2023 tendr\u00e1 lugar en Zahara de los Atunes (C\u00e1diz), el IV Jazzahara 2023 #Ciclodejazz #FestivalDeJazz #Festivalesdejazz #Noticiasdejazz","src":"https:\/\/i0.wp.com\/tomajazz.com\/web\/wp-content\/uploads\/2023\/09\/IV-Jazzahara-2023-Tomajazz-Noticias.jpg?resize=350%2C200&ssl=1","width":350,"height":200,"srcset":"https:\/\/i0.wp.com\/tomajazz.com\/web\/wp-content\/uploads\/2023\/09\/IV-Jazzahara-2023-Tomajazz-Noticias.jpg?resize=350%2C200&ssl=1 1x, https:\/\/i0.wp.com\/tomajazz.com\/web\/wp-content\/uploads\/2023\/09\/IV-Jazzahara-2023-Tomajazz-Noticias.jpg?resize=525%2C300&ssl=1 1.5x"},"classes":[]},{"id":2765,"url":"https:\/\/tomajazz.com\/web\/hoy-no-puedo-dejar-de-escuchar-bill-dixon\/","url_meta":{"origin":78822,"position":5},"title":"Hoy no puedo dejar de escuchar&#8230; Bill Dixon","author":"Tomajazz","date":"9 noviembre, 2010","format":false,"excerpt":"Domingo 7 de noviembre. Viaje de vuelta en coche a Pamplona tras el memorable concierto del Peter Br\u00f6tzmann Chicago Tentet\u00a0de la noche anterior en el Johnny. La ruta es por la nacional II. Transcurre por autov\u00edas, autopistas, pero tambi\u00e9n por la carretera nacional que une Medinaceli con Tudela. Poco tr\u00e1fico,\u2026","rel":"","context":"Entrada similar","block_context":{"text":"Entrada similar","link":""},"img":{"alt_text":"","src":"https:\/\/i0.wp.com\/1.bp.blogspot.com\/_huJnG8dEQz8\/TNh4T3m5SVI\/AAAAAAAACLA\/GY0lMdeikww\/s200\/dixon_november%2B1981.jpg?resize=350%2C200","width":350,"height":200},"classes":[]}],"_links":{"self":[{"href":"https:\/\/tomajazz.com\/web\/wp-json\/wp\/v2\/posts\/78822","targetHints":{"allow":["GET"]}}],"collection":[{"href":"https:\/\/tomajazz.com\/web\/wp-json\/wp\/v2\/posts"}],"about":[{"href":"https:\/\/tomajazz.com\/web\/wp-json\/wp\/v2\/types\/post"}],"author":[{"embeddable":true,"href":"https:\/\/tomajazz.com\/web\/wp-json\/wp\/v2\/users\/1"}],"replies":[{"embeddable":true,"href":"https:\/\/tomajazz.com\/web\/wp-json\/wp\/v2\/comments?post=78822"}],"version-history":[{"count":2,"href":"https:\/\/tomajazz.com\/web\/wp-json\/wp\/v2\/posts\/78822\/revisions"}],"predecessor-version":[{"id":78826,"href":"https:\/\/tomajazz.com\/web\/wp-json\/wp\/v2\/posts\/78822\/revisions\/78826"}],"wp:featuredmedia":[{"embeddable":true,"href":"https:\/\/tomajazz.com\/web\/wp-json\/wp\/v2\/media\/78823"}],"wp:attachment":[{"href":"https:\/\/tomajazz.com\/web\/wp-json\/wp\/v2\/media?parent=78822"}],"wp:term":[{"taxonomy":"category","embeddable":true,"href":"https:\/\/tomajazz.com\/web\/wp-json\/wp\/v2\/categories?post=78822"},{"taxonomy":"post_tag","embeddable":true,"href":"https:\/\/tomajazz.com\/web\/wp-json\/wp\/v2\/tags?post=78822"}],"curies":[{"name":"wp","href":"https:\/\/api.w.org\/{rel}","templated":true}]}}