{"id":80514,"date":"2023-11-16T10:00:24","date_gmt":"2023-11-16T09:00:24","guid":{"rendered":"https:\/\/www.tomajazz.com\/web\/?p=80514"},"modified":"2024-10-09T20:47:57","modified_gmt":"2024-10-09T18:47:57","slug":"universos-paralelos-t29-p08","status":"publish","type":"post","link":"https:\/\/tomajazz.com\/web\/universos-paralelos-t29-p08\/","title":{"rendered":"Universos Paralelos: emisi\u00f3n 16 de noviembre de 2023 (UP.T.29 P.08) [Noticias de jazz]"},"content":{"rendered":"<p style=\"text-align: center;\"><img loading=\"lazy\" decoding=\"async\" class=\"aligncenter size-full wp-image-33503\" title=\"Universos Paralelos Logo\" src=\"https:\/\/tomajazz.com\/web\/wp-content\/uploads\/2017\/11\/UP_AVATAR2.jpg\" alt=\"Universos Paralelos\" width=\"600\" height=\"600\" srcset=\"https:\/\/tomajazz.com\/web\/wp-content\/uploads\/2017\/11\/UP_AVATAR2.jpg 600w, https:\/\/tomajazz.com\/web\/wp-content\/uploads\/2017\/11\/UP_AVATAR2-150x150.jpg 150w, https:\/\/tomajazz.com\/web\/wp-content\/uploads\/2017\/11\/UP_AVATAR2-200x200.jpg 200w, https:\/\/tomajazz.com\/web\/wp-content\/uploads\/2017\/11\/UP_AVATAR2-55x55.jpg 55w, https:\/\/tomajazz.com\/web\/wp-content\/uploads\/2017\/11\/UP_AVATAR2-50x50.jpg 50w\" sizes=\"auto, (max-width: 600px) 100vw, 600px\" \/><\/p>\n<blockquote>\n<p style=\"padding-left: 120px;\"><b>Descubriendo las m\u00fasicas instrumentales que hay m\u00e1s all\u00e1 de la radio f\u00f3rmula desde 1995 ERA 29 temporadas en el aire<\/b> (y unos pocos en la red)&#8230; \u00a1y seguimos descubriendo buena m\u00fasica!<\/p>\n<\/blockquote>\n<p>&nbsp;<\/p>\n<div><img loading=\"lazy\" decoding=\"async\" class=\"alignleft wp-image-80515 size-medium\" title=\"Universos Paralelos: emisi\u00f3n 16 de noviembre de 2023 (UP.T.29 P.08) [Noticias de jazz] Tomajazz 9.0 Anatol Rivero As Long Tomajazz Noticias\" src=\"https:\/\/tomajazz.com\/web\/wp-content\/uploads\/2023\/11\/Anatol-Rivero-As-Long-Tomajazz-Noticias-300x300.jpg\" alt=\"Universos Paralelos: emisi\u00f3n 16 de noviembre de 2023 (UP.T.29 P.08) [Noticias de jazz] - Tomajazz 9.0 - Ya est\u00e1 disponible el programa del 16 de noviembre de 2023 de Universos Paralelos. En portada la nueva grabaci\u00f3n de Anatol Rivero. Y adem\u00e1s... Architects Of Hysteria, Amoeba Split, Jos\u00e9 Andr\u00e9s P\u00e9rez Vargas, Mayra D\u00f3mine &amp; Rodrigo Gonz\u00e1lez, Ra\u00fal Cantizano &amp; Hidden Forces Trio, Anatol Rivero.\" width=\"300\" height=\"300\" srcset=\"https:\/\/tomajazz.com\/web\/wp-content\/uploads\/2023\/11\/Anatol-Rivero-As-Long-Tomajazz-Noticias-300x300.jpg 300w, https:\/\/tomajazz.com\/web\/wp-content\/uploads\/2023\/11\/Anatol-Rivero-As-Long-Tomajazz-Noticias-200x200.jpg 200w, https:\/\/tomajazz.com\/web\/wp-content\/uploads\/2023\/11\/Anatol-Rivero-As-Long-Tomajazz-Noticias-465x465.jpg 465w, https:\/\/tomajazz.com\/web\/wp-content\/uploads\/2023\/11\/Anatol-Rivero-As-Long-Tomajazz-Noticias-500x500.jpg 500w, https:\/\/tomajazz.com\/web\/wp-content\/uploads\/2023\/11\/Anatol-Rivero-As-Long-Tomajazz-Noticias.jpg 600w\" sizes=\"auto, (max-width: 300px) 100vw, 300px\" \/>Ya est\u00e1 disponible una nueva emisi\u00f3n de <strong>Universos Paralelos<\/strong>, el programa de radio dirigido por <strong>Sergio Cabanillas<\/strong>.<\/div>\n<div>\n<p>En el programa del 16 de noviembre de 2023 suena m\u00fasica de \u00a0Architects Of Hysteria, Amoeba Split, Jos\u00e9 Andr\u00e9s P\u00e9rez Vargas, Mayra D\u00f3mine &amp; Rodrigo Gonz\u00e1lez, Ra\u00fal Cantizano &amp; Hidden Forces Trio, Anatol Rivero.<\/p>\n<p>Disponible en <a href=\"https:\/\/universosparalelosradioshow.blogspot.com\/2023\/11\/emision-16112023.html\" target=\"_blank\" rel=\"noopener\">universosparalelosradioshow.blogspot.com.es<\/a><\/p>\n<\/div>\n<div style=\"text-align: right;\">\n<p>\u00a9 <strong>Tomajazz<\/strong>, 2023<\/p>\n<\/div>\n<h4>Escucha el \u00faltimo programa de Universos Paralelos&#8230;<\/h4>\n<p><a href=\"https:\/\/universosparalelosradioshow.blogspot.com\/2023\/11\/emision-16112023.html\" target=\"_blank\" rel=\"noopener\">https:\/\/universosparalelosradioshow.blogspot.com<\/a><\/p>\n<h4 style=\"text-align: left;\">Anteriormente&#8230; <b>Anatol Rivero<\/b> en UP&#8230;<\/h4>\n<blockquote class=\"wp-embedded-content\" data-secret=\"KF9ydrt74X\"><p><a href=\"https:\/\/tomajazz.com\/web\/universos-paralelos-emision-26-de-mayo-de-2022-t-27-p-32-noticias-de-jazz\/\">Universos Paralelos: emisi\u00f3n 26 de mayo de 2022 (T.27 P.32) [Noticias de jazz]<\/a><\/p><\/blockquote>\n<p><iframe loading=\"lazy\" class=\"wp-embedded-content\" sandbox=\"allow-scripts\" security=\"restricted\" style=\"position: absolute; visibility: hidden;\" title=\"\u00abUniversos Paralelos: emisi\u00f3n 26 de mayo de 2022 (T.27 P.32) [Noticias de jazz]\u00bb \u2014 Tomajazz\" src=\"https:\/\/tomajazz.com\/web\/universos-paralelos-emision-26-de-mayo-de-2022-t-27-p-32-noticias-de-jazz\/embed\/#?secret=1ly8m6G3V1#?secret=KF9ydrt74X\" data-secret=\"KF9ydrt74X\" width=\"600\" height=\"338\" frameborder=\"0\" marginwidth=\"0\" marginheight=\"0\" scrolling=\"no\"><\/iframe><\/p>\n<h3 style=\"text-align: left;\">UP en Telegram<\/h3>\n<div style=\"text-align: left;\">\u00a1Novedad! Para estar al tanto en primicia de sus nuevos contenidos, <strong>Universos Paralelos<\/strong> ha puesto a disposici\u00f3n de los seguidores del programa un canal de Telegram en <a href=\"https:\/\/t.me\/universosparalelosradioshow\" target=\"_blank\" rel=\"noopener\">https:\/\/t.me\/universosparalelosradioshow<\/a><\/div>\n<h3 style=\"text-align: left;\">M\u00e1s informaci\u00f3n&#8230;<\/h3>\n<p style=\"text-align: left;\"><a href=\"https:\/\/universosparalelosradioshow.blogspot.com\/\" target=\"_blank\" rel=\"noopener\">https:\/\/universosparalelosradioshow.blogspot.com\/<\/a><\/p>\n<h3 style=\"text-align: left;\">Sergio Cabanillas en Tomajazz<\/h3>\n<p style=\"text-align: left;\"><a href=\"https:\/\/tomajazz.com\/web\/?s=Sergio+cabanillas&amp;submit=Search\" target=\"_blank\" rel=\"noopener\">https:\/\/tomajazz.com\/web\/?s=Sergio+cabanillas&amp;submit=Search<\/a><\/p>\n<p>&nbsp;<\/p>\n","protected":false},"excerpt":{"rendered":"<p>Ya est\u00e1 disponible el programa del 16 de noviembre de 2023 de Universos Paralelos. En portada la nueva grabaci\u00f3n de Anatol Rivero. Y adem\u00e1s&#8230; Architects Of Hysteria, Amoeba Split, Jos\u00e9 Andr\u00e9s P\u00e9rez Vargas, Mayra D\u00f3mine &#038; Rodrigo Gonz\u00e1lez, Ra\u00fal Cantizano &#038; Hidden Forces Trio.<span class=\"more-link\"><a href=\"https:\/\/tomajazz.com\/web\/universos-paralelos-t29-p08\/\">Contin\u00faa leyendo<\/a><\/span><\/p>\n","protected":false},"author":1,"featured_media":80515,"comment_status":"open","ping_status":"closed","sticky":false,"template":"","format":"standard","meta":{"jetpack_post_was_ever_published":false,"_jetpack_newsletter_access":"","_jetpack_dont_email_post_to_subs":false,"_jetpack_newsletter_tier_id":0,"_jetpack_memberships_contains_paywalled_content":false,"_jetpack_memberships_contains_paid_content":false,"footnotes":""},"categories":[15795,17858,1038,31550],"tags":[15310,27953,187,7664,27856],"class_list":["entry","author-pachi","has-excerpt","post-80514","post","type-post","status-publish","format-standard","has-post-thumbnail","category-noticias-2","category-redaccion","category-contenidos","category-universos-paralelos-up","tag-podcast-de-jazz","tag-programa-de-jazz","tag-sergio-cabanillas","tag-universos-paralelos","tag-up"],"jetpack_featured_media_url":"https:\/\/tomajazz.com\/web\/wp-content\/uploads\/2023\/11\/Anatol-Rivero-As-Long-Tomajazz-Noticias.jpg","jetpack_likes_enabled":true,"jetpack_sharing_enabled":true,"jetpack-related-posts":[{"id":101979,"url":"https:\/\/tomajazz.com\/web\/universos-paralelos-t31-p10-2025-26-xxx-aniv\/","url_meta":{"origin":80514,"position":0},"title":"Emisi\u00f3n XXX Aniversario Universos Paralelos: 20 de noviembre de 2025 (UP.T.31 P.10) [Noticias de jazz]","author":"Tomajazz","date":"20 noviembre, 2025","format":false,"excerpt":"Universos Paralelos celebra su XXX Aniversario el 20 de noviembre de 2025 con un especial dedicado a Kevin Kastning. Desde Tomajazz enviamos nuestra felicitaci\u00f3n a Sergio Cabanillas y a todos los escuchantes de UP #Noticiasdejazz","rel":"","context":"En \u00abUniversos Paralelos - UP\u00bb","block_context":{"text":"Universos Paralelos - UP","link":"https:\/\/tomajazz.com\/web\/category\/contenidos\/noticias-2\/universos-paralelos-up\/"},"img":{"alt_text":"Emisi\u00f3n XXX Aniversario Universos Paralelos: 20 de noviembre de 2025 (UP.T.31 P.10) [Noticias de jazz] - Tomajazz - Universos Paralelos celebra su XXX Aniversario el 20 de noviembre de 2025 con un especial dedicado a Kevin Kastning. Desde Tomajazz enviamos nuestra felicitaci\u00f3n a Sergio Cabanillas y a todos los escuchantes de UP #Noticiasdejazz","src":"https:\/\/i0.wp.com\/tomajazz.com\/web\/wp-content\/uploads\/2025\/11\/destadado-Portada-Composicion-XXX-Aniversario-1080.jpg?resize=350%2C200&ssl=1","width":350,"height":200,"srcset":"https:\/\/i0.wp.com\/tomajazz.com\/web\/wp-content\/uploads\/2025\/11\/destadado-Portada-Composicion-XXX-Aniversario-1080.jpg?resize=350%2C200&ssl=1 1x, https:\/\/i0.wp.com\/tomajazz.com\/web\/wp-content\/uploads\/2025\/11\/destadado-Portada-Composicion-XXX-Aniversario-1080.jpg?resize=525%2C300&ssl=1 1.5x, https:\/\/i0.wp.com\/tomajazz.com\/web\/wp-content\/uploads\/2025\/11\/destadado-Portada-Composicion-XXX-Aniversario-1080.jpg?resize=700%2C400&ssl=1 2x"},"classes":[]},{"id":101457,"url":"https:\/\/tomajazz.com\/web\/universos-paralelos-t31-p08-2025-26\/","url_meta":{"origin":80514,"position":1},"title":"Universos Paralelos: emisi\u00f3n 6 de noviembre de 2025 (UP.T.31 P.08) [Noticias de jazz]","author":"Tomajazz","date":"6 noviembre, 2025","format":false,"excerpt":"En la edici\u00f3n del 6 de noviembre de 2025 de Universos Paralelos, Sergio Cabanillas elige el nuevo disco de Max Villavecchia como disco de portada, pero no es lo \u00fanico... #Noticiasdejazz","rel":"","context":"En \u00abUniversos Paralelos - UP\u00bb","block_context":{"text":"Universos Paralelos - UP","link":"https:\/\/tomajazz.com\/web\/category\/contenidos\/noticias-2\/universos-paralelos-up\/"},"img":{"alt_text":"Universos Paralelos: emisi\u00f3n 6 de noviembre de 2025 (UP.T.31 P.08) [Noticias de jazz] - Tomajazz - En la edici\u00f3n del 6 de noviembre de 2025 de Universos Paralelos, Sergio Cabanillas elige el nuevo disco de Max Villavecchia como disco de portada, pero no es lo \u00fanico... #Noticiasdejazz","src":"https:\/\/i0.wp.com\/tomajazz.com\/web\/wp-content\/uploads\/2025\/11\/destacada-Max-Villavecchia-Entre-Mar-i-Roca-1080.jpg?resize=350%2C200&ssl=1","width":350,"height":200,"srcset":"https:\/\/i0.wp.com\/tomajazz.com\/web\/wp-content\/uploads\/2025\/11\/destacada-Max-Villavecchia-Entre-Mar-i-Roca-1080.jpg?resize=350%2C200&ssl=1 1x, https:\/\/i0.wp.com\/tomajazz.com\/web\/wp-content\/uploads\/2025\/11\/destacada-Max-Villavecchia-Entre-Mar-i-Roca-1080.jpg?resize=525%2C300&ssl=1 1.5x, https:\/\/i0.wp.com\/tomajazz.com\/web\/wp-content\/uploads\/2025\/11\/destacada-Max-Villavecchia-Entre-Mar-i-Roca-1080.jpg?resize=700%2C400&ssl=1 2x"},"classes":[]},{"id":101719,"url":"https:\/\/tomajazz.com\/web\/universos-paralelos-t31-p09-2025-26\/","url_meta":{"origin":80514,"position":2},"title":"Universos Paralelos: emisi\u00f3n 13 de noviembre de 2025 (UP.T.31 P.09) [Noticias de jazz]","author":"Tomajazz","date":"13 noviembre, 2025","format":false,"excerpt":"En el segundo programa del mes de noviembre de 2025 los Universos Paralelos de Sergio Cabanillas, suena m\u00fasica de Jos\u00e9 Recacha, Simon Phillips \/ Antony Papamichael \/ Jimmy Haslip, Cuarteto Fuerte, Miguel Rodrigues, Third Coast Percussion #Noticiasdejazz","rel":"","context":"En \u00abUniversos Paralelos - UP\u00bb","block_context":{"text":"Universos Paralelos - UP","link":"https:\/\/tomajazz.com\/web\/category\/contenidos\/noticias-2\/universos-paralelos-up\/"},"img":{"alt_text":"Universos Paralelos: emisi\u00f3n 13 de noviembre de 2025 (UP.T.31 P.09) [Noticias de jazz] - Tomajazz - En el segundo programa del mes de noviembre de los Universos Paralelos de Sergio Cabanillas, suena m\u00fasica de Jos\u00e9 Recacha, Simon Phillips \/ Antony Papamichael \/ Jimmy Haslip, Cuarteto Fuerte, Miguel Rodrigues, Third Coast Percussion #Noticiasdejazz","src":"https:\/\/i0.wp.com\/tomajazz.com\/web\/wp-content\/uploads\/2025\/11\/destacada-Jose-Recacha-Aristolochia-1080.jpg?resize=350%2C200&ssl=1","width":350,"height":200,"srcset":"https:\/\/i0.wp.com\/tomajazz.com\/web\/wp-content\/uploads\/2025\/11\/destacada-Jose-Recacha-Aristolochia-1080.jpg?resize=350%2C200&ssl=1 1x, https:\/\/i0.wp.com\/tomajazz.com\/web\/wp-content\/uploads\/2025\/11\/destacada-Jose-Recacha-Aristolochia-1080.jpg?resize=525%2C300&ssl=1 1.5x, https:\/\/i0.wp.com\/tomajazz.com\/web\/wp-content\/uploads\/2025\/11\/destacada-Jose-Recacha-Aristolochia-1080.jpg?resize=700%2C400&ssl=1 2x"},"classes":[]},{"id":103919,"url":"https:\/\/tomajazz.com\/web\/universos-paralelos-t31-p16-2025-26\/","url_meta":{"origin":80514,"position":3},"title":"Universos Paralelos: primer programa de 2026 (UP.T.31 P.16) [Noticias de jazz]","author":"Tomajazz","date":"8 febrero, 2026","format":false,"excerpt":"El programa de radio Universos Paralelos retoma su actividad en 2026 tras el par\u00f3n de enero. El en programa del 5 de febrero de 2026 suena m\u00fasica de Sumrr\u00e1, Fieldworks, Ra\u00fan Mannola & Juan Carlos Aracil y otros... #Noticiasdejazz","rel":"","context":"En \u00abUniversos Paralelos - UP\u00bb","block_context":{"text":"Universos Paralelos - UP","link":"https:\/\/tomajazz.com\/web\/category\/contenidos\/noticias-2\/universos-paralelos-up\/"},"img":{"alt_text":"Universos Paralelos: primer programa de 2026 (UP.T.31 P.16) [Noticias de jazz] - Tomajazz - El programa de radio Universos Paralelos retoma su actividad en 2026 tras el par\u00f3n de enero. El en programa del 5 de febrero de 2026 suena m\u00fasica de Sumrr\u00e1, Fieldworks, Ra\u00fan Mannola & Juan Carlos Aracil y otros... #Noticiasdejazz","src":"https:\/\/i0.wp.com\/tomajazz.com\/web\/wp-content\/uploads\/2026\/02\/destacada-Sumrra-Revoluti8n-1080.jpg?resize=350%2C200&ssl=1","width":350,"height":200,"srcset":"https:\/\/i0.wp.com\/tomajazz.com\/web\/wp-content\/uploads\/2026\/02\/destacada-Sumrra-Revoluti8n-1080.jpg?resize=350%2C200&ssl=1 1x, https:\/\/i0.wp.com\/tomajazz.com\/web\/wp-content\/uploads\/2026\/02\/destacada-Sumrra-Revoluti8n-1080.jpg?resize=525%2C300&ssl=1 1.5x, https:\/\/i0.wp.com\/tomajazz.com\/web\/wp-content\/uploads\/2026\/02\/destacada-Sumrra-Revoluti8n-1080.jpg?resize=700%2C400&ssl=1 2x"},"classes":[]},{"id":105026,"url":"https:\/\/tomajazz.com\/web\/universos-paralelos-up-t31-p25-2025-26\/","url_meta":{"origin":80514,"position":4},"title":"Universos Paralelos: emisi\u00f3n 16 de abril de 2026 (UP.T.31 P.25) [Noticias de jazz]","author":"Tomajazz","date":"22 abril, 2026","format":false,"excerpt":"En Universos Paralelos del 16 de abril de 2026, Sergio Cabanillas elige lo nuevo de V\u00edctor de Diego como disco de portada. Adem\u00e1s suena m\u00fasica de Juzz, Rai Castells, Manuel \u00c1lvarez Trio, Baptiste Bailly \/ Matthew Baker \/ Efr\u00e9n L\u00f3pez #Noticiasdejazz","rel":"","context":"En \u00ab*_Redacci\u00f3n\u00bb","block_context":{"text":"*_Redacci\u00f3n","link":"https:\/\/tomajazz.com\/web\/category\/redaccion\/"},"img":{"alt_text":"Universos Paralelos: emisi\u00f3n 16 de abril de 2026 (UP.T.31 P.25) [Noticias de jazz] - Tomajazz - En Universos Paralelos del 16 de abril de 2026, Sergio Cabanillas elige lo nuevo de V\u00edctor de Diego como disco de portada. Adem\u00e1s suena m\u00fasica de Juzz, Rai Castells, Manuel \u00c1lvarez Trio, Baptiste Bailly \/ Matthew Baker \/ Efr\u00e9n L\u00f3pez #Noticiasdejazz","src":"https:\/\/i0.wp.com\/tomajazz.com\/web\/wp-content\/uploads\/2026\/04\/portada-Victor-De-Diego-Haize-1080.jpg?resize=350%2C200&ssl=1","width":350,"height":200,"srcset":"https:\/\/i0.wp.com\/tomajazz.com\/web\/wp-content\/uploads\/2026\/04\/portada-Victor-De-Diego-Haize-1080.jpg?resize=350%2C200&ssl=1 1x, https:\/\/i0.wp.com\/tomajazz.com\/web\/wp-content\/uploads\/2026\/04\/portada-Victor-De-Diego-Haize-1080.jpg?resize=525%2C300&ssl=1 1.5x, https:\/\/i0.wp.com\/tomajazz.com\/web\/wp-content\/uploads\/2026\/04\/portada-Victor-De-Diego-Haize-1080.jpg?resize=700%2C400&ssl=1 2x"},"classes":[]},{"id":80807,"url":"https:\/\/tomajazz.com\/web\/universos-paralelos-emision-23-de-noviembre-de-2023-up-t-29-p-09-noticias-de-jazz\/","url_meta":{"origin":80514,"position":5},"title":"Universos Paralelos: emisi\u00f3n 23 de noviembre de 2023 (UP.T.29 P.09) [Noticias de jazz]","author":"Tomajazz","date":"23 noviembre, 2023","format":false,"excerpt":"Ya est\u00e1 disponible la entrega del 23 de noviembre de 2023 de Universos Paralelos, el programa de radio de Sergio Cabanillas.","rel":"","context":"En \u00abNoticias\u00bb","block_context":{"text":"Noticias","link":"https:\/\/tomajazz.com\/web\/category\/contenidos\/noticias-2\/"},"img":{"alt_text":"Universos Paralelos: emisi\u00f3n 23 de noviembre de 2023 (UP.T.29 P.09) [Noticias de jazz] - Tomajazz 9.0 - Ya est\u00e1 disponible la entrega del 23 de noviem","src":"https:\/\/i0.wp.com\/tomajazz.com\/web\/wp-content\/uploads\/2023\/11\/Enemy-The-Betrayal-Tomajazz-Noticias.jpg?resize=350%2C200&ssl=1","width":350,"height":200,"srcset":"https:\/\/i0.wp.com\/tomajazz.com\/web\/wp-content\/uploads\/2023\/11\/Enemy-The-Betrayal-Tomajazz-Noticias.jpg?resize=350%2C200&ssl=1 1x, https:\/\/i0.wp.com\/tomajazz.com\/web\/wp-content\/uploads\/2023\/11\/Enemy-The-Betrayal-Tomajazz-Noticias.jpg?resize=525%2C300&ssl=1 1.5x"},"classes":[]}],"_links":{"self":[{"href":"https:\/\/tomajazz.com\/web\/wp-json\/wp\/v2\/posts\/80514","targetHints":{"allow":["GET"]}}],"collection":[{"href":"https:\/\/tomajazz.com\/web\/wp-json\/wp\/v2\/posts"}],"about":[{"href":"https:\/\/tomajazz.com\/web\/wp-json\/wp\/v2\/types\/post"}],"author":[{"embeddable":true,"href":"https:\/\/tomajazz.com\/web\/wp-json\/wp\/v2\/users\/1"}],"replies":[{"embeddable":true,"href":"https:\/\/tomajazz.com\/web\/wp-json\/wp\/v2\/comments?post=80514"}],"version-history":[{"count":5,"href":"https:\/\/tomajazz.com\/web\/wp-json\/wp\/v2\/posts\/80514\/revisions"}],"predecessor-version":[{"id":80523,"href":"https:\/\/tomajazz.com\/web\/wp-json\/wp\/v2\/posts\/80514\/revisions\/80523"}],"wp:featuredmedia":[{"embeddable":true,"href":"https:\/\/tomajazz.com\/web\/wp-json\/wp\/v2\/media\/80515"}],"wp:attachment":[{"href":"https:\/\/tomajazz.com\/web\/wp-json\/wp\/v2\/media?parent=80514"}],"wp:term":[{"taxonomy":"category","embeddable":true,"href":"https:\/\/tomajazz.com\/web\/wp-json\/wp\/v2\/categories?post=80514"},{"taxonomy":"post_tag","embeddable":true,"href":"https:\/\/tomajazz.com\/web\/wp-json\/wp\/v2\/tags?post=80514"}],"curies":[{"name":"wp","href":"https:\/\/api.w.org\/{rel}","templated":true}]}}