{"id":82616,"date":"2024-01-16T12:00:43","date_gmt":"2024-01-16T11:00:43","guid":{"rendered":"https:\/\/www.tomajazz.com\/web\/?p=82616"},"modified":"2025-01-12T13:45:04","modified_gmt":"2025-01-12T12:45:04","slug":"2023-en-25-imagenes-2","status":"publish","type":"post","link":"https:\/\/tomajazz.com\/web\/2023-en-25-imagenes-2\/","title":{"rendered":"2023 en 25 im\u00e1genes -jazz, improvisaci\u00f3n y flamenco- (segunda parte) Por Joan Cort\u00e8s [INSTANTZZ AKA Galer\u00eda fotogr\u00e1fica AKA Fotoblog de jazz, impro\u2026 y algo m\u00e1s]"},"content":{"rendered":"<h3 style=\"text-align: left;\">2023 en 25 im\u00e1genes -jazz, improvisaci\u00f3n y flamenco- (primera parte)<\/h3>\n<ul>\n<li>Fecha: del 5 de julio al 20 de diciembre de 2023 (anotadas en cada imagen)<\/li>\n<li>Lugar: Escenarios y localidades especificadas en cada fotograf\u00eda<\/li>\n<li>Componentes: Formaciones detalladas en los enlaces respectivos<\/li>\n<\/ul>\n<p>&nbsp;<\/p>\n<p style=\"text-align: center;\"><img loading=\"lazy\" decoding=\"async\" class=\"aligncenter size-full wp-image-82617\" title=\"2023 en 25 im\u00e1genes -jazz, improvisaci\u00f3n y flamenco- (primera parte) Por Joan Cort\u00e8s [INSTANTZZ AKA Galer\u00eda fotogr\u00e1fica AKA Fotoblog de jazz, impro\u2026 y algo m\u00e1s] Tomajazz 14 Mrk Gln 4t \u00a9Joan Cort\u00e8s 08jll23 VJzz Vlfrnc VdP bn\" src=\"https:\/\/tomajazz.com\/web\/wp-content\/uploads\/2024\/01\/14-Mrk-Gln-4t-\u00a9Joan-Cortes-08jll23-VJzz-Vlfrnc-VdP-bn.jpg\" alt=\"2023 en 25 im\u00e1genes -jazz, improvisaci\u00f3n y flamenco- (segunda parte) Por Joan Cort\u00e8s [INSTANTZZ AKA Galer\u00eda fotogr\u00e1fica AKA Fotoblog de jazz, impro\u2026 y algo m\u00e1s] - Tomajazz - Un cl\u00e1sico en Tomajazz es el repaso, con su visi\u00f3n particular, de Joan Cort\u00e8s del a\u00f1o anterior, de t\u00edtulo \" width=\"600\" height=\"399\" srcset=\"https:\/\/tomajazz.com\/web\/wp-content\/uploads\/2024\/01\/14-Mrk-Gln-4t-\u00a9Joan-Cortes-08jll23-VJzz-Vlfrnc-VdP-bn.jpg 600w, https:\/\/tomajazz.com\/web\/wp-content\/uploads\/2024\/01\/14-Mrk-Gln-4t-\u00a9Joan-Cortes-08jll23-VJzz-Vlfrnc-VdP-bn-300x200.jpg 300w, https:\/\/tomajazz.com\/web\/wp-content\/uploads\/2024\/01\/14-Mrk-Gln-4t-\u00a9Joan-Cortes-08jll23-VJzz-Vlfrnc-VdP-bn-465x309.jpg 465w\" sizes=\"auto, (max-width: 600px) 100vw, 600px\" \/>Mark Guiliana Quartet\u00a0<a href=\"https:\/\/tomajazz.com\/web\/mark-guiliana-4t-16-vijazz-2023\/\" target=\"_blank\" rel=\"noopener\">https:\/\/tomajazz.com\/web\/mark-guiliana-4t-16-vijazz-2023\/<\/a><\/p>\n<p>&nbsp;<\/p>\n<p style=\"text-align: center;\"><img loading=\"lazy\" decoding=\"async\" class=\"aligncenter size-full wp-image-82618\" title=\"2023 en 25 im\u00e1genes -jazz, improvisaci\u00f3n y flamenco- (segunda parte) Por Joan Cort\u00e8s [INSTANTZZ AKA Galer\u00eda fotogr\u00e1fica AKA Fotoblog de jazz, impro\u2026 y algo m\u00e1s] Tomajazz 15 Pl Frs 4t \u00a9Joan Cort\u00e8s 18jll23 Crrrs 30JzzJns Jns\" src=\"https:\/\/tomajazz.com\/web\/wp-content\/uploads\/2024\/01\/15-Pl-Frs-4t-\u00a9Joan-Cortes-18jll23-Crrrs-30JzzJns-Jns.jpg\" alt=\"2023 en 25 im\u00e1genes -jazz, improvisaci\u00f3n y flamenco- (segunda parte) Por Joan Cort\u00e8s [INSTANTZZ AKA Galer\u00eda fotogr\u00e1fica AKA Fotoblog de jazz, impro\u2026 y algo m\u00e1s] - Tomajazz - Un cl\u00e1sico en Tomajazz es el repaso, con su visi\u00f3n particular, de Joan Cort\u00e8s del a\u00f1o anterior, de t\u00edtulo \" width=\"600\" height=\"399\" srcset=\"https:\/\/tomajazz.com\/web\/wp-content\/uploads\/2024\/01\/15-Pl-Frs-4t-\u00a9Joan-Cortes-18jll23-Crrrs-30JzzJns-Jns.jpg 600w, https:\/\/tomajazz.com\/web\/wp-content\/uploads\/2024\/01\/15-Pl-Frs-4t-\u00a9Joan-Cortes-18jll23-Crrrs-30JzzJns-Jns-300x200.jpg 300w, https:\/\/tomajazz.com\/web\/wp-content\/uploads\/2024\/01\/15-Pl-Frs-4t-\u00a9Joan-Cortes-18jll23-Crrrs-30JzzJns-Jns-465x309.jpg 465w\" sizes=\"auto, (max-width: 600px) 100vw, 600px\" \/>Paolo Fresu Quartet \u201cFerlinghetti\u201d\u00a0<a href=\"https:\/\/tomajazz.com\/web\/instantzz-pansanel-salis-andersen-heral-4t-paolo-fresu-4t-junas-2023\/\" target=\"_blank\" rel=\"noopener\">https:\/\/tomajazz.com\/web\/instantzz-pansanel-salis-andersen-heral-4t-paolo-fresu-4t-junas-2023\/<\/a><\/p>\n<p>&nbsp;<\/p>\n<p style=\"text-align: center;\"><img loading=\"lazy\" decoding=\"async\" class=\"aligncenter size-full wp-image-82619\" title=\"2023 en 25 im\u00e1genes -jazz, improvisaci\u00f3n y flamenco- (segunda parte) Por Joan Cort\u00e8s [INSTANTZZ AKA Galer\u00eda fotogr\u00e1fica AKA Fotoblog de jazz, impro\u2026 y algo m\u00e1s] Tomajazz 16 Vncnt Prn Jkrs \u00a9Joan Cort\u00e8s Crrrs 30JzzJns Jns\" src=\"https:\/\/tomajazz.com\/web\/wp-content\/uploads\/2024\/01\/16-Vncnt-Prn-Jkrs-\u00a9Joan-Cortes-Crrrs-30JzzJns-Jns.jpg\" alt=\"2023 en 25 im\u00e1genes -jazz, improvisaci\u00f3n y flamenco- (segunda parte) Por Joan Cort\u00e8s [INSTANTZZ AKA Galer\u00eda fotogr\u00e1fica AKA Fotoblog de jazz, impro\u2026 y algo m\u00e1s] - Tomajazz - Un cl\u00e1sico en Tomajazz es el repaso, con su visi\u00f3n particular, de Joan Cort\u00e8s del a\u00f1o anterior, de t\u00edtulo \" width=\"600\" height=\"399\" srcset=\"https:\/\/tomajazz.com\/web\/wp-content\/uploads\/2024\/01\/16-Vncnt-Prn-Jkrs-\u00a9Joan-Cortes-Crrrs-30JzzJns-Jns.jpg 600w, https:\/\/tomajazz.com\/web\/wp-content\/uploads\/2024\/01\/16-Vncnt-Prn-Jkrs-\u00a9Joan-Cortes-Crrrs-30JzzJns-Jns-300x200.jpg 300w, https:\/\/tomajazz.com\/web\/wp-content\/uploads\/2024\/01\/16-Vncnt-Prn-Jkrs-\u00a9Joan-Cortes-Crrrs-30JzzJns-Jns-465x309.jpg 465w\" sizes=\"auto, (max-width: 600px) 100vw, 600px\" \/>Vincent Peirani \u201cJokers\u201d\u00a0<a href=\"https:\/\/tomajazz.com\/web\/noe-clerc-trio-daniel-humair-4t-vincent-peirani-30-jazz-a-junas-2023\/\" target=\"_blank\" rel=\"noopener\">https:\/\/tomajazz.com\/web\/noe-clerc-trio-daniel-humair-4t-vincent-peirani-30-jazz-a-junas-2023\/<\/a><\/p>\n<p>&nbsp;<\/p>\n<p style=\"text-align: center;\"><img loading=\"lazy\" decoding=\"async\" class=\"aligncenter size-full wp-image-82620\" title=\"2023 en 25 im\u00e1genes -jazz, improvisaci\u00f3n y flamenco- (segunda parte) Por Joan Cort\u00e8s [INSTANTZZ AKA Galer\u00eda fotogr\u00e1fica AKA Fotoblog de jazz, impro\u2026 y algo m\u00e1s] Tomajazz 17 L Scr d Tympn \u00a9Joan Cort\u00e8s 22jll23 Crrrs 30Jzz Jns\" src=\"https:\/\/tomajazz.com\/web\/wp-content\/uploads\/2024\/01\/17-L-Scr-d-Tympn-\u00a9Joan-Cortes-22jll23-Crrrs-30Jzz-Jns.jpg\" alt=\"2023 en 25 im\u00e1genes -jazz, improvisaci\u00f3n y flamenco- (segunda parte) Por Joan Cort\u00e8s [INSTANTZZ AKA Galer\u00eda fotogr\u00e1fica AKA Fotoblog de jazz, impro\u2026 y algo m\u00e1s] - Tomajazz - Un cl\u00e1sico en Tomajazz es el repaso, con su visi\u00f3n particular, de Joan Cort\u00e8s del a\u00f1o anterior, de t\u00edtulo \" width=\"600\" height=\"399\" srcset=\"https:\/\/tomajazz.com\/web\/wp-content\/uploads\/2024\/01\/17-L-Scr-d-Tympn-\u00a9Joan-Cortes-22jll23-Crrrs-30Jzz-Jns.jpg 600w, https:\/\/tomajazz.com\/web\/wp-content\/uploads\/2024\/01\/17-L-Scr-d-Tympn-\u00a9Joan-Cortes-22jll23-Crrrs-30Jzz-Jns-300x200.jpg 300w, https:\/\/tomajazz.com\/web\/wp-content\/uploads\/2024\/01\/17-L-Scr-d-Tympn-\u00a9Joan-Cortes-22jll23-Crrrs-30Jzz-Jns-465x309.jpg 465w\" sizes=\"auto, (max-width: 600px) 100vw, 600px\" \/>Fred Pallem &amp; Le Sacre du Tympan \u201cX\u201d\u00a0<a href=\"https:\/\/tomajazz.com\/web\/arnotto-fred-pallem-kutu-junas-2023\/\" target=\"_blank\" rel=\"noopener\">https:\/\/tomajazz.com\/web\/arnotto-fred-pallem-kutu-junas-2023\/<\/a><\/p>\n<p>&nbsp;<\/p>\n<p style=\"text-align: center;\"><img loading=\"lazy\" decoding=\"async\" class=\"aligncenter size-full wp-image-82621\" title=\"2023 en 25 im\u00e1genes -jazz, improvisaci\u00f3n y flamenco- (segunda parte) Por Joan Cort\u00e8s [INSTANTZZ AKA Galer\u00eda fotogr\u00e1fica AKA Fotoblog de jazz, impro\u2026 y algo m\u00e1s] Tomajazz 18 Ls Sclvs 4t \u00a9Joan Cort\u00e8s 30stm23 35Jzzbr Thtr Mncpl Prpgnn\" src=\"https:\/\/tomajazz.com\/web\/wp-content\/uploads\/2024\/01\/18-Ls-Sclvs-4t-\u00a9Joan-Cortes-30stm23-35Jzzbr-Thtr-Mncpl-Prpgnn.jpg\" alt=\"2023 en 25 im\u00e1genes -jazz, improvisaci\u00f3n y flamenco- (segunda parte) Por Joan Cort\u00e8s [INSTANTZZ AKA Galer\u00eda fotogr\u00e1fica AKA Fotoblog de jazz, impro\u2026 y algo m\u00e1s] - Tomajazz - Un cl\u00e1sico en Tomajazz es el repaso, con su visi\u00f3n particular, de Joan Cort\u00e8s del a\u00f1o anterior, de t\u00edtulo \" width=\"399\" height=\"600\" srcset=\"https:\/\/tomajazz.com\/web\/wp-content\/uploads\/2024\/01\/18-Ls-Sclvs-4t-\u00a9Joan-Cortes-30stm23-35Jzzbr-Thtr-Mncpl-Prpgnn.jpg 399w, https:\/\/tomajazz.com\/web\/wp-content\/uploads\/2024\/01\/18-Ls-Sclvs-4t-\u00a9Joan-Cortes-30stm23-35Jzzbr-Thtr-Mncpl-Prpgnn-200x300.jpg 200w, https:\/\/tomajazz.com\/web\/wp-content\/uploads\/2024\/01\/18-Ls-Sclvs-4t-\u00a9Joan-Cortes-30stm23-35Jzzbr-Thtr-Mncpl-Prpgnn-366x550.jpg 366w, https:\/\/tomajazz.com\/web\/wp-content\/uploads\/2024\/01\/18-Ls-Sclvs-4t-\u00a9Joan-Cortes-30stm23-35Jzzbr-Thtr-Mncpl-Prpgnn-333x500.jpg 333w\" sizes=\"auto, (max-width: 399px) 100vw, 399px\" \/>Louis Sclavis Quartet \u201cLes cadences du mondes\u201d\u00a0<a href=\"https:\/\/tomajazz.com\/web\/louis-sclavis-4t-jazzebre-2023\/\" target=\"_blank\" rel=\"noopener\">https:\/\/tomajazz.com\/web\/louis-sclavis-4t-jazzebre-2023\/<\/a><\/p>\n<p>&nbsp;<\/p>\n<p style=\"text-align: center;\"><img loading=\"lazy\" decoding=\"async\" class=\"aligncenter size-full wp-image-82622\" title=\"2023 en 25 im\u00e1genes -jazz, improvisaci\u00f3n y flamenco- (segunda parte) Por Joan Cort\u00e8s [INSTANTZZ AKA Galer\u00eda fotogr\u00e1fica AKA Fotoblog de jazz, impro\u2026 y algo m\u00e1s] Tomajazz 19 Pl Ly \u00a9Joan Cort\u00e8s 21ctb23 Cls Pchm Fstvl Trrr Prrt Grtllps\" src=\"https:\/\/tomajazz.com\/web\/wp-content\/uploads\/2024\/01\/19-Pl-Ly-\u00a9Joan-Cortes-21ctb23-Cls-Pchm-Fstvl-Trrr-Prrt-Grtllps.jpg\" alt=\"2023 en 25 im\u00e1genes -jazz, improvisaci\u00f3n y flamenco- (segunda parte) Por Joan Cort\u00e8s [INSTANTZZ AKA Galer\u00eda fotogr\u00e1fica AKA Fotoblog de jazz, impro\u2026 y algo m\u00e1s] - Tomajazz - Un cl\u00e1sico en Tomajazz es el repaso, con su visi\u00f3n particular, de Joan Cort\u00e8s del a\u00f1o anterior, de t\u00edtulo \" width=\"399\" height=\"600\" srcset=\"https:\/\/tomajazz.com\/web\/wp-content\/uploads\/2024\/01\/19-Pl-Ly-\u00a9Joan-Cortes-21ctb23-Cls-Pchm-Fstvl-Trrr-Prrt-Grtllps.jpg 399w, https:\/\/tomajazz.com\/web\/wp-content\/uploads\/2024\/01\/19-Pl-Ly-\u00a9Joan-Cortes-21ctb23-Cls-Pchm-Fstvl-Trrr-Prrt-Grtllps-200x300.jpg 200w, https:\/\/tomajazz.com\/web\/wp-content\/uploads\/2024\/01\/19-Pl-Ly-\u00a9Joan-Cortes-21ctb23-Cls-Pchm-Fstvl-Trrr-Prrt-Grtllps-366x550.jpg 366w, https:\/\/tomajazz.com\/web\/wp-content\/uploads\/2024\/01\/19-Pl-Ly-\u00a9Joan-Cortes-21ctb23-Cls-Pchm-Fstvl-Trrr-Prrt-Grtllps-333x500.jpg 333w\" sizes=\"auto, (max-width: 399px) 100vw, 399px\" \/>Paul Lay <a href=\"https:\/\/tomajazz.com\/web\/paul-lay-solo-2023\/\" target=\"_blank\" rel=\"noopener\">https:\/\/tomajazz.com\/web\/paul-lay-solo-2023\/<\/a> <a href=\"https:\/\/tomajazz.com\/web\/paul-lay-solo-tarragona-2023-txt\/\" target=\"_blank\" rel=\"noopener\">https:\/\/tomajazz.com\/web\/paul-lay-solo-tarragona-2023-txt\/<\/a><\/p>\n<p>&nbsp;<\/p>\n<p style=\"text-align: center;\"><img loading=\"lazy\" decoding=\"async\" class=\"aligncenter size-full wp-image-82623\" title=\"2023 en 25 im\u00e1genes -jazz, improvisaci\u00f3n y flamenco- (segunda parte) Por Joan Cort\u00e8s [INSTANTZZ AKA Galer\u00eda fotogr\u00e1fica AKA Fotoblog de jazz, impro\u2026 y algo m\u00e1s] Tomajazz 20 Crvsr Hlvrsn \u00a9Joan Cort\u00e8s 25oct23 55FdJB CdL Bcn bn\" src=\"https:\/\/tomajazz.com\/web\/wp-content\/uploads\/2024\/01\/20-Crvsr-Hlvrsn-\u00a9Joan-Cortes-25oct23-55FdJB-CdL-Bcn-bn.jpg\" alt=\"2023 en 25 im\u00e1genes -jazz, improvisaci\u00f3n y flamenco- (segunda parte) Por Joan Cort\u00e8s [INSTANTZZ AKA Galer\u00eda fotogr\u00e1fica AKA Fotoblog de jazz, impro\u2026 y algo m\u00e1s] - Tomajazz - Un cl\u00e1sico en Tomajazz es el repaso, con su visi\u00f3n particular, de Joan Cort\u00e8s del a\u00f1o anterior, de t\u00edtulo \" width=\"600\" height=\"399\" srcset=\"https:\/\/tomajazz.com\/web\/wp-content\/uploads\/2024\/01\/20-Crvsr-Hlvrsn-\u00a9Joan-Cortes-25oct23-55FdJB-CdL-Bcn-bn.jpg 600w, https:\/\/tomajazz.com\/web\/wp-content\/uploads\/2024\/01\/20-Crvsr-Hlvrsn-\u00a9Joan-Cortes-25oct23-55FdJB-CdL-Bcn-bn-300x200.jpg 300w, https:\/\/tomajazz.com\/web\/wp-content\/uploads\/2024\/01\/20-Crvsr-Hlvrsn-\u00a9Joan-Cortes-25oct23-55FdJB-CdL-Bcn-bn-465x309.jpg 465w\" sizes=\"auto, (max-width: 600px) 100vw, 600px\" \/>Sylvie Courvoisier &amp; Mary Halvorson\u00a0<a href=\"https:\/\/tomajazz.com\/web\/sylvie-courvoisier-mary-halvorson-2023\/\" target=\"_blank\" rel=\"noopener\">https:\/\/tomajazz.com\/web\/sylvie-courvoisier-mary-halvorson-2023\/<\/a><\/p>\n<p>&nbsp;<\/p>\n<p style=\"text-align: center;\"><img loading=\"lazy\" decoding=\"async\" class=\"aligncenter size-full wp-image-82624\" title=\"2023 en 25 im\u00e1genes -jazz, improvisaci\u00f3n y flamenco- (segunda parte) Por Joan Cort\u00e8s [INSTANTZZ AKA Galer\u00eda fotogr\u00e1fica AKA Fotoblog de jazz, impro\u2026 y algo m\u00e1s] Tomajazz 21 Ptrc Grrr Joan Cort\u00e8s 28ctb23 30Ctt Flmnc Lz d Gs Bcn\" src=\"https:\/\/tomajazz.com\/web\/wp-content\/uploads\/2024\/01\/21-Ptrc-Grrr-Joan-Cortes-28ctb23-30Ctt-Flmnc-Lz-d-Gs-Bcn.jpg\" alt=\"2023 en 25 im\u00e1genes -jazz, improvisaci\u00f3n y flamenco- (segunda parte) Por Joan Cort\u00e8s [INSTANTZZ AKA Galer\u00eda fotogr\u00e1fica AKA Fotoblog de jazz, impro\u2026 y algo m\u00e1s] - Tomajazz - Un cl\u00e1sico en Tomajazz es el repaso, con su visi\u00f3n particular, de Joan Cort\u00e8s del a\u00f1o anterior, de t\u00edtulo \" width=\"399\" height=\"600\" srcset=\"https:\/\/tomajazz.com\/web\/wp-content\/uploads\/2024\/01\/21-Ptrc-Grrr-Joan-Cortes-28ctb23-30Ctt-Flmnc-Lz-d-Gs-Bcn.jpg 399w, https:\/\/tomajazz.com\/web\/wp-content\/uploads\/2024\/01\/21-Ptrc-Grrr-Joan-Cortes-28ctb23-30Ctt-Flmnc-Lz-d-Gs-Bcn-200x300.jpg 200w, https:\/\/tomajazz.com\/web\/wp-content\/uploads\/2024\/01\/21-Ptrc-Grrr-Joan-Cortes-28ctb23-30Ctt-Flmnc-Lz-d-Gs-Bcn-366x550.jpg 366w, https:\/\/tomajazz.com\/web\/wp-content\/uploads\/2024\/01\/21-Ptrc-Grrr-Joan-Cortes-28ctb23-30Ctt-Flmnc-Lz-d-Gs-Bcn-333x500.jpg 333w\" sizes=\"auto, (max-width: 399px) 100vw, 399px\" \/>Patricia Guerrero \u201cProceso eterno\u201d\u00a0<a href=\"https:\/\/tomajazz.com\/web\/patricia-guerrero-ciutat-flamenco-2023\/\" target=\"_blank\" rel=\"noopener\">https:\/\/tomajazz.com\/web\/patricia-guerrero-ciutat-flamenco-2023\/<\/a><\/p>\n<p>&nbsp;<\/p>\n<p style=\"text-align: center;\"><img loading=\"lazy\" decoding=\"async\" class=\"aligncenter size-full wp-image-82625\" title=\"2023 en 25 im\u00e1genes -jazz, improvisaci\u00f3n y flamenco- (segunda parte) Por Joan Cort\u00e8s [INSTANTZZ AKA Galer\u00eda fotogr\u00e1fica AKA Fotoblog de jazz, impro\u2026 y algo m\u00e1s] Tomajazz 22 lfrd Lgs \u00a9Joan Cort\u00e8s 02nvm23 lDrd CCPS Bcn bn\" src=\"https:\/\/tomajazz.com\/web\/wp-content\/uploads\/2024\/01\/22-lfrd-Lgs-\u00a9Joan-Cortes-02nvm23-lDrd-CCPS-Bcn-bn.jpg\" alt=\"2023 en 25 im\u00e1genes -jazz, improvisaci\u00f3n y flamenco- (segunda parte) Por Joan Cort\u00e8s [INSTANTZZ AKA Galer\u00eda fotogr\u00e1fica AKA Fotoblog de jazz, impro\u2026 y algo m\u00e1s] - Tomajazz - Un cl\u00e1sico en Tomajazz es el repaso, con su visi\u00f3n particular, de Joan Cort\u00e8s del a\u00f1o anterior, de t\u00edtulo \" width=\"600\" height=\"399\" srcset=\"https:\/\/tomajazz.com\/web\/wp-content\/uploads\/2024\/01\/22-lfrd-Lgs-\u00a9Joan-Cortes-02nvm23-lDrd-CCPS-Bcn-bn.jpg 600w, https:\/\/tomajazz.com\/web\/wp-content\/uploads\/2024\/01\/22-lfrd-Lgs-\u00a9Joan-Cortes-02nvm23-lDrd-CCPS-Bcn-bn-300x200.jpg 300w, https:\/\/tomajazz.com\/web\/wp-content\/uploads\/2024\/01\/22-lfrd-Lgs-\u00a9Joan-Cortes-02nvm23-lDrd-CCPS-Bcn-bn-465x309.jpg 465w\" sizes=\"auto, (max-width: 600px) 100vw, 600px\" \/>Alfredo Lagos\u00a0<a href=\"https:\/\/tomajazz.com\/web\/alfredo-lagos-solo-barcelona-2023\/\" target=\"_blank\" rel=\"noopener\">https:\/\/tomajazz.com\/web\/alfredo-lagos-solo-barcelona-2023\/<\/a><\/p>\n<p>&nbsp;<\/p>\n<p style=\"text-align: center;\"><img loading=\"lazy\" decoding=\"async\" class=\"aligncenter size-full wp-image-82626\" title=\"2023 en 25 im\u00e1genes -jazz, improvisaci\u00f3n y flamenco- (segunda parte) Por Joan Cort\u00e8s [INSTANTZZ AKA Galer\u00eda fotogr\u00e1fica AKA Fotoblog de jazz, impro\u2026 y algo m\u00e1s] Tomajazz 23 Rn Crtr Frsght \u00a9Joan Cort\u00e8s 09nvm23 Prll 62 55FJBcn\" src=\"https:\/\/tomajazz.com\/web\/wp-content\/uploads\/2024\/01\/23-Rn-Crtr-Frsght-\u00a9Joan-Cortes-09nvm23-Prll-62-55FJBcn.jpg\" alt=\"2023 en 25 im\u00e1genes -jazz, improvisaci\u00f3n y flamenco- (segunda parte) Por Joan Cort\u00e8s [INSTANTZZ AKA Galer\u00eda fotogr\u00e1fica AKA Fotoblog de jazz, impro\u2026 y algo m\u00e1s] - Tomajazz - Un cl\u00e1sico en Tomajazz es el repaso, con su visi\u00f3n particular, de Joan Cort\u00e8s del a\u00f1o anterior, de t\u00edtulo \" width=\"600\" height=\"399\" srcset=\"https:\/\/tomajazz.com\/web\/wp-content\/uploads\/2024\/01\/23-Rn-Crtr-Frsght-\u00a9Joan-Cortes-09nvm23-Prll-62-55FJBcn.jpg 600w, https:\/\/tomajazz.com\/web\/wp-content\/uploads\/2024\/01\/23-Rn-Crtr-Frsght-\u00a9Joan-Cortes-09nvm23-Prll-62-55FJBcn-300x200.jpg 300w, https:\/\/tomajazz.com\/web\/wp-content\/uploads\/2024\/01\/23-Rn-Crtr-Frsght-\u00a9Joan-Cortes-09nvm23-Prll-62-55FJBcn-465x309.jpg 465w\" sizes=\"auto, (max-width: 600px) 100vw, 600px\" \/>Ron Carter Foursight\u00a0<a href=\"https:\/\/tomajazz.com\/web\/ron-carter-foursight-barcelona-2023\/\" target=\"_blank\" rel=\"noopener\">https:\/\/tomajazz.com\/web\/ron-carter-foursight-barcelona-2023\/<\/a><\/p>\n<p>&nbsp;<\/p>\n<p style=\"text-align: center;\"><img loading=\"lazy\" decoding=\"async\" class=\"aligncenter size-full wp-image-82627\" title=\"2023 en 25 im\u00e1genes -jazz, improvisaci\u00f3n y flamenco- (segunda parte) Por Joan Cort\u00e8s [INSTANTZZ AKA Galer\u00eda fotogr\u00e1fica AKA Fotoblog de jazz, impro\u2026 y algo m\u00e1s] Tomajazz 24 nmMM VL \u00a9Joan Cort\u00e8s 11nvm23 7MMF TPC SsP\" src=\"https:\/\/tomajazz.com\/web\/wp-content\/uploads\/2024\/01\/24-nmMM-VL-\u00a9Joan-Cortes-11nvm23-7MMF-TPC-SsP.jpg\" alt=\"2023 en 25 im\u00e1genes -jazz, improvisaci\u00f3n y flamenco- (segunda parte) Por Joan Cort\u00e8s [INSTANTZZ AKA Galer\u00eda fotogr\u00e1fica AKA Fotoblog de jazz, impro\u2026 y algo m\u00e1s] - Tomajazz - Un cl\u00e1sico en Tomajazz es el repaso, con su visi\u00f3n particular, de Joan Cort\u00e8s del a\u00f1o anterior, de t\u00edtulo \" width=\"600\" height=\"399\" srcset=\"https:\/\/tomajazz.com\/web\/wp-content\/uploads\/2024\/01\/24-nmMM-VL-\u00a9Joan-Cortes-11nvm23-7MMF-TPC-SsP.jpg 600w, https:\/\/tomajazz.com\/web\/wp-content\/uploads\/2024\/01\/24-nmMM-VL-\u00a9Joan-Cortes-11nvm23-7MMF-TPC-SsP-300x200.jpg 300w, https:\/\/tomajazz.com\/web\/wp-content\/uploads\/2024\/01\/24-nmMM-VL-\u00a9Joan-Cortes-11nvm23-7MMF-TPC-SsP-465x309.jpg 465w\" sizes=\"auto, (max-width: 600px) 100vw, 600px\" \/>EIMM &amp; VL \u201cHomenatge a Marianne Brull\u201d\u00a0<a href=\"https:\/\/tomajazz.com\/web\/eimm-vl-7e-montmusic-festival-2023\/\" target=\"_blank\" rel=\"noopener\">https:\/\/tomajazz.com\/web\/eimm-vl-7e-montmusic-festival-2023\/<\/a><\/p>\n<p>&nbsp;<\/p>\n<p style=\"text-align: center;\"><img loading=\"lazy\" decoding=\"async\" class=\"aligncenter size-full wp-image-82628\" title=\"2023 en 25 im\u00e1genes -jazz, improvisaci\u00f3n y flamenco- (segunda parte) Por Joan Cort\u00e8s [INSTANTZZ AKA Galer\u00eda fotogr\u00e1fica AKA Fotoblog de jazz, impro\u2026 y algo m\u00e1s] Tomajazz 25 Mrc Mzqd Trnd Joan Cort\u00e8s 20nvm23 55FJB L dtr Bcn\" src=\"https:\/\/tomajazz.com\/web\/wp-content\/uploads\/2024\/01\/25-Mrc-Mzqd-Trnd-Joan-Cortes-20nvm23-55FJB-L-dtr-Bcn.jpg\" alt=\"2023 en 25 im\u00e1genes -jazz, improvisaci\u00f3n y flamenco- (segunda parte) Por Joan Cort\u00e8s [INSTANTZZ AKA Galer\u00eda fotogr\u00e1fica AKA Fotoblog de jazz, impro\u2026 y algo m\u00e1s] - Tomajazz - Un cl\u00e1sico en Tomajazz es el repaso, con su visi\u00f3n particular, de Joan Cort\u00e8s del a\u00f1o anterior, de t\u00edtulo \" width=\"600\" height=\"399\" srcset=\"https:\/\/tomajazz.com\/web\/wp-content\/uploads\/2024\/01\/25-Mrc-Mzqd-Trnd-Joan-Cortes-20nvm23-55FJB-L-dtr-Bcn.jpg 600w, https:\/\/tomajazz.com\/web\/wp-content\/uploads\/2024\/01\/25-Mrc-Mzqd-Trnd-Joan-Cortes-20nvm23-55FJB-L-dtr-Bcn-300x200.jpg 300w, https:\/\/tomajazz.com\/web\/wp-content\/uploads\/2024\/01\/25-Mrc-Mzqd-Trnd-Joan-Cortes-20nvm23-55FJB-L-dtr-Bcn-465x309.jpg 465w\" sizes=\"auto, (max-width: 600px) 100vw, 600px\" \/>Marco Mezquida \u201cTornado\u201d -de pr\u00f2xima publicaci\u00f3n-<\/p>\n<p style=\"text-align: right;\">Tomajazz: Fotograf\u00edas: \u00a9\u00a0<a href=\"https:\/\/www.facebook.com\/joan.cortesbenages\" target=\"_blank\" rel=\"noopener\"><strong>Joan Cort\u00e8s<\/strong><\/a>, 2024<\/p>\n<p>&nbsp;<\/p>\n<h3>2023 en 25 im\u00e1genes<\/h3>\n<blockquote class=\"wp-embedded-content\" data-secret=\"VRII5IpMaa\"><p><a href=\"https:\/\/tomajazz.com\/web\/2023-en-25-imagenes-1\/\">2023 en 25 im\u00e1genes -jazz, improvisaci\u00f3n y flamenco- (primera parte) Por Joan Cort\u00e8s [INSTANTZZ AKA Galer\u00eda fotogr\u00e1fica AKA Fotoblog de jazz, impro\u2026 y algo m\u00e1s]<\/a><\/p><\/blockquote>\n<p><iframe loading=\"lazy\" class=\"wp-embedded-content\" sandbox=\"allow-scripts\" security=\"restricted\" style=\"position: absolute; visibility: hidden;\" title=\"\u00ab2023 en 25 im\u00e1genes -jazz, improvisaci\u00f3n y flamenco- (primera parte) Por Joan Cort\u00e8s [INSTANTZZ AKA Galer\u00eda fotogr\u00e1fica AKA Fotoblog de jazz, impro\u2026 y algo m\u00e1s]\u00bb \u2014 Tomajazz\" src=\"https:\/\/tomajazz.com\/web\/2023-en-25-imagenes-1\/embed\/#?secret=n7611aoeFw#?secret=VRII5IpMaa\" data-secret=\"VRII5IpMaa\" width=\"600\" height=\"338\" frameborder=\"0\" marginwidth=\"0\" marginheight=\"0\" scrolling=\"no\"><\/iframe><\/p>\n<h3>Joan Cort\u00e8s en Tomajazz<\/h3>\n<p><a href=\"https:\/\/tomajazz.com\/web\/?cat=17853\" target=\"_blank\" rel=\"noopener\">https:\/\/tomajazz.com\/web\/?cat=17853<\/a><\/p>\n","protected":false},"excerpt":{"rendered":"<p>Un cl\u00e1sico en Tomajazz es el repaso, con su visi\u00f3n particular, de Joan Cort\u00e8s del a\u00f1o anterior, de t\u00edtulo \u00ab2023 en 25 im\u00e1genes\u00bb. Finaliza el repaso de 2023 con la segunda parte de este especial <span class=\"more-link\"><a href=\"https:\/\/tomajazz.com\/web\/2023-en-25-imagenes-2\/\">Contin\u00faa leyendo<\/a><\/span><\/p>\n","protected":false},"author":1,"featured_media":82617,"comment_status":"open","ping_status":"closed","sticky":false,"template":"","format":"standard","meta":{"jetpack_post_was_ever_published":false,"_jetpack_newsletter_access":"","_jetpack_dont_email_post_to_subs":false,"_jetpack_newsletter_tier_id":0,"_jetpack_memberships_contains_paywalled_content":false,"_jetpack_memberships_contains_paid_content":false,"footnotes":""},"categories":[17853,30608,11262,15516,11261,1038],"tags":[1041],"class_list":["entry","author-pachi","has-excerpt","post-82616","post","type-post","status-publish","format-standard","has-post-thumbnail","category-joan-cortes","category-el-ano-en-25-imagenes-por-joan-cortes","category-photoblogs","category-imagenes","category-instantzz","category-contenidos","tag-joan-cortes"],"jetpack_featured_media_url":"https:\/\/tomajazz.com\/web\/wp-content\/uploads\/2024\/01\/14-Mrk-Gln-4t-\u00a9Joan-Cortes-08jll23-VJzz-Vlfrnc-VdP-bn.jpg","jetpack_likes_enabled":true,"jetpack_sharing_enabled":true,"jetpack-related-posts":[{"id":103886,"url":"https:\/\/tomajazz.com\/web\/2025-en-25-imagenes-2\/","url_meta":{"origin":82616,"position":0},"title":"2025 en 25 im\u00e1genes -jazz, improvisaci\u00f3n y flamenco- (segunda parte) Por Joan Cort\u00e8s [INSTANTZZ AKA Galer\u00eda fotogr\u00e1fica AKA Fotoblog de jazz, impro\u2026 y algo m\u00e1s]","author":"Tomajazz","date":"3 febrero, 2026","format":false,"excerpt":"2025 en 25 im\u00e1genes -jazz, improvisaci\u00f3n y flamenco- )en esta ocasi\u00f3n con la segunda parte) es un cl\u00e1sico de Joan Cort\u00e8s cada inicio de a\u00f1o en INSTANTZZ","rel":"","context":"En \u00abINSTANTZZ\u00bb","block_context":{"text":"INSTANTZZ","link":"https:\/\/tomajazz.com\/web\/category\/contenidos\/imagenes\/photoblogs\/instantzz\/"},"img":{"alt_text":"2025 en 25 im\u00e1genes -jazz, improvisaci\u00f3n y flamenco- (segunda parte) Por Joan Cort\u00e8s [INSTANTZZ AKA Galer\u00eda fotogr\u00e1fica AKA Fotoblog de jazz, impro\u2026 y algo m\u00e1s] - Tomajazz - 2025 en 25 im\u00e1genes -jazz, improvisaci\u00f3n y flamenco- )en esta ocasi\u00f3n con la segunda parte) es un cl\u00e1sico de Joan Cort\u00e8s cada inicio de a\u00f1o en INSTANTZZ","src":"https:\/\/i0.wp.com\/tomajazz.com\/web\/wp-content\/uploads\/2026\/02\/destacada-22-Blsr-Dcrt-Brn-Photo-by-Joan-Cortes-20nvm25-JzzCv-Vc.jpg?resize=350%2C200&ssl=1","width":350,"height":200,"srcset":"https:\/\/i0.wp.com\/tomajazz.com\/web\/wp-content\/uploads\/2026\/02\/destacada-22-Blsr-Dcrt-Brn-Photo-by-Joan-Cortes-20nvm25-JzzCv-Vc.jpg?resize=350%2C200&ssl=1 1x, https:\/\/i0.wp.com\/tomajazz.com\/web\/wp-content\/uploads\/2026\/02\/destacada-22-Blsr-Dcrt-Brn-Photo-by-Joan-Cortes-20nvm25-JzzCv-Vc.jpg?resize=525%2C300&ssl=1 1.5x"},"classes":[]},{"id":103649,"url":"https:\/\/tomajazz.com\/web\/2025-en-25-imagenes-1\/","url_meta":{"origin":82616,"position":1},"title":"2025 en 25 im\u00e1genes -jazz, improvisaci\u00f3n y flamenco- (primera parte) Por Joan Cort\u00e8s [INSTANTZZ AKA Galer\u00eda fotogr\u00e1fica AKA Fotoblog de jazz, impro\u2026 y algo m\u00e1s]","author":"Tomajazz","date":"22 enero, 2026","format":false,"excerpt":"2025 en 25 im\u00e1genes -jazz, improvisaci\u00f3n y flamenco- (primera parte) es un cl\u00e1sico de Joan Cort\u00e8s cada inicio de a\u00f1o en INSTANTZZ","rel":"","context":"En \u00ab*_Joan Cort\u00e8s\u00bb","block_context":{"text":"*_Joan Cort\u00e8s","link":"https:\/\/tomajazz.com\/web\/category\/joan-cortes\/"},"img":{"alt_text":"2025 en 25 im\u00e1genes -jazz, improvisaci\u00f3n y flamenco- (primera parte) Por Joan Cort\u00e8s [INSTANTZZ AKA Galer\u00eda fotogr\u00e1fica AKA Fotoblog de jazz, impro\u2026 y algo m\u00e1s] - Tomajazz - 2025 en 25 im\u00e1genes -jazz, improvisaci\u00f3n y flamenco- (primera parte) es un cl\u00e1sico de Joan Cort\u00e8s cada inicio de a\u00f1o en INSTANTZZ","src":"https:\/\/i0.wp.com\/tomajazz.com\/web\/wp-content\/uploads\/2026\/01\/destacado-03-Nr-ndrr-sqllrm-Photo-by-Joan-Cortes-22fbr25-L-dtr-S1-Bcn.jpg?resize=350%2C200&ssl=1","width":350,"height":200,"srcset":"https:\/\/i0.wp.com\/tomajazz.com\/web\/wp-content\/uploads\/2026\/01\/destacado-03-Nr-ndrr-sqllrm-Photo-by-Joan-Cortes-22fbr25-L-dtr-S1-Bcn.jpg?resize=350%2C200&ssl=1 1x, https:\/\/i0.wp.com\/tomajazz.com\/web\/wp-content\/uploads\/2026\/01\/destacado-03-Nr-ndrr-sqllrm-Photo-by-Joan-Cortes-22fbr25-L-dtr-S1-Bcn.jpg?resize=525%2C300&ssl=1 1.5x"},"classes":[]},{"id":103771,"url":"https:\/\/tomajazz.com\/web\/otono-femenino-2025-ii\/","url_meta":{"origin":82616,"position":2},"title":"Oto\u00f1o Femenino 2025 (II) Por Joan Cort\u00e8s [INSTANTZZ AKA Galer\u00eda fotogr\u00e1fica AKA Fotoblog de jazz, impro\u2026 y algo m\u00e1s]","author":"Tomajazz","date":"29 enero, 2026","format":false,"excerpt":"Un cl\u00e1sico en Tomajazz son los repasos estacionales de Joan Cort\u00e8s en INSTANTZZ, en esta ocasi\u00f3n con la segunda parte de Oto\u00f1o Femenino 2025","rel":"","context":"En \u00abOto\u00f1o Femenino\u00bb","block_context":{"text":"Oto\u00f1o Femenino","link":"https:\/\/tomajazz.com\/web\/category\/contenidos\/especial-contenidos\/otono-femenino\/"},"img":{"alt_text":"Oto\u00f1o Femenino 2025 (II) Por Joan Cort\u00e8s [INSTANTZZ AKA Galer\u00eda fotogr\u00e1fica AKA Fotoblog de jazz, impro\u2026 y algo m\u00e1s] - Tomajazz - Un cl\u00e1sico en Tomajazz son los repasos estacionales de Joan Cort\u00e8s en INSTANTZZ, en esta ocasi\u00f3n con la segunda parte de Oto\u00f1o Femenino 2025","src":"https:\/\/i0.wp.com\/tomajazz.com\/web\/wp-content\/uploads\/2026\/01\/destacada-21-Nr-nsmbl-Photo-By-Joan-Cortes-14dsm25-Hngr-Sl-Rcsn-Bcn.jpg?resize=350%2C200&ssl=1","width":350,"height":200,"srcset":"https:\/\/i0.wp.com\/tomajazz.com\/web\/wp-content\/uploads\/2026\/01\/destacada-21-Nr-nsmbl-Photo-By-Joan-Cortes-14dsm25-Hngr-Sl-Rcsn-Bcn.jpg?resize=350%2C200&ssl=1 1x, https:\/\/i0.wp.com\/tomajazz.com\/web\/wp-content\/uploads\/2026\/01\/destacada-21-Nr-nsmbl-Photo-By-Joan-Cortes-14dsm25-Hngr-Sl-Rcsn-Bcn.jpg?resize=525%2C300&ssl=1 1.5x"},"classes":[]},{"id":103276,"url":"https:\/\/tomajazz.com\/web\/otono-femenino-2025-i\/","url_meta":{"origin":82616,"position":3},"title":"Oto\u00f1o Femenino 2025 (I) Por Joan Cort\u00e8s [INSTANTZZ AKA Galer\u00eda fotogr\u00e1fica AKA Fotoblog de jazz, impro\u2026 y algo m\u00e1s]","author":"Tomajazz","date":"10 enero, 2026","format":false,"excerpt":"Un cl\u00e1sico en Tomajazz son los repasos estacionales de Joan Cort\u00e8s en INSTANTZZ. Comenzamos con Oto\u00f1o Femenino 2025 primera parte con... Na\u00efssam Jalal, Emile Calme, Morgane Pommier, Christine Salem, Gabrielle Rachel, Christine Roch, Thibault du Cheyron, Cl\u00e9a Torales, Souad Asla, Ensemble Lemma","rel":"","context":"En \u00abOto\u00f1o Femenino\u00bb","block_context":{"text":"Oto\u00f1o Femenino","link":"https:\/\/tomajazz.com\/web\/category\/contenidos\/especial-contenidos\/otono-femenino\/"},"img":{"alt_text":"Oto\u00f1o Femenino 2025 (I) Por Joan Cort\u00e8s [INSTANTZZ AKA Galer\u00eda fotogr\u00e1fica AKA Fotoblog de jazz, impro\u2026 y algo m\u00e1s] - Tomajazz - Un cl\u00e1sico en Tomajazz son los repasos estacionales de Joan Cort\u00e8s en INSTANTZZ. Comenzamos con Oto\u00f1o Femenino 2025 primera parte con... Na\u00efssam Jalal, Emile Calme, Morgane Pommier, Christine Salem, Gabrielle Rachel, Christine Roch, Thibault du Cheyron, Cl\u00e9a Torales, Souad Asla, Ensemble Lemma","src":"https:\/\/i0.wp.com\/tomajazz.com\/web\/wp-content\/uploads\/2026\/01\/destacado-08-Cl-Trls-Photo-By-Joan-Cortes-12ctb25-MrHR-37Jzzbr-Prpgnn.jpg?resize=350%2C200&ssl=1","width":350,"height":200,"srcset":"https:\/\/i0.wp.com\/tomajazz.com\/web\/wp-content\/uploads\/2026\/01\/destacado-08-Cl-Trls-Photo-By-Joan-Cortes-12ctb25-MrHR-37Jzzbr-Prpgnn.jpg?resize=350%2C200&ssl=1 1x, https:\/\/i0.wp.com\/tomajazz.com\/web\/wp-content\/uploads\/2026\/01\/destacado-08-Cl-Trls-Photo-By-Joan-Cortes-12ctb25-MrHR-37Jzzbr-Prpgnn.jpg?resize=525%2C300&ssl=1 1.5x"},"classes":[]},{"id":101727,"url":"https:\/\/tomajazz.com\/web\/sara-jimenez-ciutat-flamenco-2025\/","url_meta":{"origin":82616,"position":4},"title":"Sara Jim\u00e9nez \u201cAve de Plata\u201d (Ciutat Flamenco \/ Fabra i Coats, 2025-10-18 \/ Barcelona) Por Joan Cort\u00e8s [Flamencuras AKA INSTANTZZ AKA Galer\u00eda fotogr\u00e1fica AKA Fotoblog de jazz, impro\u2026 y algo m\u00e1s]","author":"Tomajazz","date":"13 noviembre, 2025","format":false,"excerpt":"Sara Jim\u00e9nez \u201cAve de Plata\u201d actu\u00f3 en Ciutat Flamenco de Barcelona el 18 de octubre de 2025. Joan Cort\u00e8s lo retrata en las Flamencuras de INSTANTZZ","rel":"","context":"En \u00abFlamencuras\u00bb","block_context":{"text":"Flamencuras","link":"https:\/\/tomajazz.com\/web\/category\/contenidos\/imagenes\/photoblogs\/flamencuras\/"},"img":{"alt_text":"Sara Jim\u00e9nez \u201cAve de Plata\u201d (Ciutat Flamenco \/ Fabra i Coats, 2025-10-18 \/ Barcelona) Por Joan Cort\u00e8s [Flamencuras AKA INSTANTZZ AKA Galer\u00eda fotogr\u00e1fica AKA Fotoblog de jazz, impro\u2026 y algo m\u00e1s] - Tomajazz - Sara Jim\u00e9nez \u201cAve de Plata\u201d actu\u00f3 en Ciutat Flamenco de Barcelona el 18 de octubre de 2025. Joan Cort\u00e8s lo retrata en las Flamencuras de INSTANTZZ","src":"https:\/\/i0.wp.com\/tomajazz.com\/web\/wp-content\/uploads\/2025\/11\/destacada-02-Sr-Jmnz-Photo-By-Joan-Cortes-18ctb25-Ctt-Flmnc-Fbr-Cts-Bc.jpg?resize=350%2C200&ssl=1","width":350,"height":200,"srcset":"https:\/\/i0.wp.com\/tomajazz.com\/web\/wp-content\/uploads\/2025\/11\/destacada-02-Sr-Jmnz-Photo-By-Joan-Cortes-18ctb25-Ctt-Flmnc-Fbr-Cts-Bc.jpg?resize=350%2C200&ssl=1 1x, https:\/\/i0.wp.com\/tomajazz.com\/web\/wp-content\/uploads\/2025\/11\/destacada-02-Sr-Jmnz-Photo-By-Joan-Cortes-18ctb25-Ctt-Flmnc-Fbr-Cts-Bc.jpg?resize=525%2C300&ssl=1 1.5x"},"classes":[]},{"id":101861,"url":"https:\/\/tomajazz.com\/web\/jose-manuel-alvarez-ciutat-flamenco-2025\/","url_meta":{"origin":82616,"position":5},"title":"Jose Manuel \u00c1lvarez \u00abCaptura y Fuga\u00bb (Ciutat Flamenco \/ SAT!, 2025-10-23 \/ Barcelona) [V] Por Joan Cort\u00e8s [Flamencuras AKA INSTANTZZ AKA Galer\u00eda fotogr\u00e1fica AKA Fotoblog de jazz, impro\u2026 y algo m\u00e1s]","author":"Tomajazz","date":"18 noviembre, 2025","format":false,"excerpt":"Jose Manuel \u00c1lvarez \u00abCaptura y Fuga\u00bb actu\u00f3 en Ciutat Flamenco de Barcelona el 23 de octubre de 2025. Joan Cort\u00e8s lo retrata en las Flamencuras de INSTANTZZ","rel":"","context":"En \u00abCiutat Flamenco 2025\u00bb","block_context":{"text":"Ciutat Flamenco 2025","link":"https:\/\/tomajazz.com\/web\/category\/contenidos\/especial-contenidos\/ciutat-flamenco-2025\/"},"img":{"alt_text":"Jose Manuel \u00c1lvarez \u00abCaptura y Fuga\u00bb (Ciutat Flamenco \/ SAT!, 2025-10-23 \/ Barcelona) [V] Por Joan Cort\u00e8s [Flamencuras AKA INSTANTZZ AKA Galer\u00eda fotogr\u00e1fica AKA Fotoblog de jazz, impro\u2026 y algo m\u00e1s] - Tomajazz - Jose Manuel \u00c1lvarez \u00abCaptura y Fuga\u00bb actu\u00f3 en Ciutat Flamenco de Barcelona el 23 de octubre de 2025. Joan Cort\u00e8s lo retrata en las Flamencuras de INSTANTZZ","src":"https:\/\/i0.wp.com\/tomajazz.com\/web\/wp-content\/uploads\/2025\/11\/destacada-07-Js-Mnl-lvrz-Photo-By-Joan-Cortes-23ctb25-Ctt-Flmnc-SnTjpg.jpg?resize=350%2C200&ssl=1","width":350,"height":200,"srcset":"https:\/\/i0.wp.com\/tomajazz.com\/web\/wp-content\/uploads\/2025\/11\/destacada-07-Js-Mnl-lvrz-Photo-By-Joan-Cortes-23ctb25-Ctt-Flmnc-SnTjpg.jpg?resize=350%2C200&ssl=1 1x, https:\/\/i0.wp.com\/tomajazz.com\/web\/wp-content\/uploads\/2025\/11\/destacada-07-Js-Mnl-lvrz-Photo-By-Joan-Cortes-23ctb25-Ctt-Flmnc-SnTjpg.jpg?resize=525%2C300&ssl=1 1.5x"},"classes":[]}],"_links":{"self":[{"href":"https:\/\/tomajazz.com\/web\/wp-json\/wp\/v2\/posts\/82616","targetHints":{"allow":["GET"]}}],"collection":[{"href":"https:\/\/tomajazz.com\/web\/wp-json\/wp\/v2\/posts"}],"about":[{"href":"https:\/\/tomajazz.com\/web\/wp-json\/wp\/v2\/types\/post"}],"author":[{"embeddable":true,"href":"https:\/\/tomajazz.com\/web\/wp-json\/wp\/v2\/users\/1"}],"replies":[{"embeddable":true,"href":"https:\/\/tomajazz.com\/web\/wp-json\/wp\/v2\/comments?post=82616"}],"version-history":[{"count":3,"href":"https:\/\/tomajazz.com\/web\/wp-json\/wp\/v2\/posts\/82616\/revisions"}],"predecessor-version":[{"id":82644,"href":"https:\/\/tomajazz.com\/web\/wp-json\/wp\/v2\/posts\/82616\/revisions\/82644"}],"wp:featuredmedia":[{"embeddable":true,"href":"https:\/\/tomajazz.com\/web\/wp-json\/wp\/v2\/media\/82617"}],"wp:attachment":[{"href":"https:\/\/tomajazz.com\/web\/wp-json\/wp\/v2\/media?parent=82616"}],"wp:term":[{"taxonomy":"category","embeddable":true,"href":"https:\/\/tomajazz.com\/web\/wp-json\/wp\/v2\/categories?post=82616"},{"taxonomy":"post_tag","embeddable":true,"href":"https:\/\/tomajazz.com\/web\/wp-json\/wp\/v2\/tags?post=82616"}],"curies":[{"name":"wp","href":"https:\/\/api.w.org\/{rel}","templated":true}]}}