{"id":82873,"date":"2024-01-22T10:30:57","date_gmt":"2024-01-22T09:30:57","guid":{"rendered":"https:\/\/www.tomajazz.com\/web\/?p=82873"},"modified":"2024-01-21T21:42:44","modified_gmt":"2024-01-21T20:42:44","slug":"ii-festival-de-jazz-de-illescas-2024","status":"publish","type":"post","link":"https:\/\/tomajazz.com\/web\/ii-festival-de-jazz-de-illescas-2024\/","title":{"rendered":"II Festival de Jazz de Illescas 2024 (16 al 24 de febrero de 2024. Illescas, Toledo) [Noticias de jazz]"},"content":{"rendered":"<p style=\"text-align: center;\"><img loading=\"lazy\" decoding=\"async\" class=\"aligncenter size-large wp-image-82874\" title=\"II Festival de Jazz de Illescas 2024 (16 al 24 de febrero de 2024. Illescas, Toledo) [Noticias de jazz] Tomajazz II Festival Jazz Illescas 2024 Tomajazz Noticias\" src=\"https:\/\/tomajazz.com\/web\/wp-content\/uploads\/2024\/01\/II-Festival-Jazz-Illescas-2024-Tomajazz-Noticias-315x600.jpg\" alt=\"II Festival de Jazz de Illescas 2024 (16 al 24 de febrero de 2024. Illescas, Toledo) [Noticias de jazz] - Tomajazz - Entre el 16 y el 24 de febrero de 2024 tendr\u00e1 lugar en Illescas (Toledo), el II Festival de Jazz de Illescas 2024 #Ciclodejazz #FestivalDeJazz #Festivalesdejazz #Noticiasdejazz\" width=\"315\" height=\"600\" srcset=\"https:\/\/tomajazz.com\/web\/wp-content\/uploads\/2024\/01\/II-Festival-Jazz-Illescas-2024-Tomajazz-Noticias-315x600.jpg 315w, https:\/\/tomajazz.com\/web\/wp-content\/uploads\/2024\/01\/II-Festival-Jazz-Illescas-2024-Tomajazz-Noticias-158x300.jpg 158w, https:\/\/tomajazz.com\/web\/wp-content\/uploads\/2024\/01\/II-Festival-Jazz-Illescas-2024-Tomajazz-Noticias-289x550.jpg 289w, https:\/\/tomajazz.com\/web\/wp-content\/uploads\/2024\/01\/II-Festival-Jazz-Illescas-2024-Tomajazz-Noticias-263x500.jpg 263w, https:\/\/tomajazz.com\/web\/wp-content\/uploads\/2024\/01\/II-Festival-Jazz-Illescas-2024-Tomajazz-Noticias.jpg 446w\" sizes=\"auto, (max-width: 315px) 100vw, 315px\" \/><\/p>\n<p>Entre el 16 y el 24 de febrero de 2024 tendr\u00e1 lugar en Illescas (Toledo), el II Festival de Jazz de Illescas 2024.<\/p>\n<p>La presentaci\u00f3n tendr\u00e1 lugar el 2 de febrero. Los conciertos tendr\u00e1n lugar en la Casa de Cultura. Precio de las entradas 3 euros, salvo el \u00faltimo que tendr\u00e1 un precio de 2 euros.<\/p>\n<h3>Programaci\u00f3n<\/h3>\n<p>Viernes 16. 20:30<br \/>\nThe All Night Long Big Band<\/p>\n<p>S\u00e1bado 17. 20:30<br \/>\nCarlos Childe<\/p>\n<p>Viernes 23. 20:30<br \/>\nMarco Mezquida<\/p>\n<p>S\u00e1bado 24. 17:00<br \/>\nMastretta en familia<\/p>\n<h3>M\u00e1s informaci\u00f3n de II Festival de Jazz de Illescas 2024<\/h3>\n<p><a href=\"https:\/\/illescas.es\/illescas-presenta-su-programacion-cultural-para-el-primer-semestre-de-2024\/\" target=\"_blank\" rel=\"noopener\">https:\/\/illescas.es\/illescas-presenta-su-programacion-cultural-para-el-primer-semestre-de-2024\/<\/a><\/p>\n<h3>Y adem\u00e1s&#8230;<\/h3>\n<p><a href=\"https:\/\/tomajazz.com\/web\/?s=festival+jazz+illescas&amp;submit=Search\" target=\"_blank\" rel=\"noopener\">https:\/\/tomajazz.com\/web\/?s=festival+jazz+illescas&amp;submit=Search<\/a><\/p>\n<h3>Especial Festivales, ciclos y conciertos de Jazz en Tomajazz<\/h3>\n<blockquote class=\"wp-embedded-content\" data-secret=\"nS5RAVwihA\"><p><a href=\"https:\/\/tomajazz.com\/web\/festivales-de-jazz\/\">Los Festivales de jazz, Ciclos, Seminarios, Conciertos, Exposiciones y Eventos de jazz en Espa\u00f1a [Especial jazz en Espa\u00f1a]<\/a><\/p><\/blockquote>\n<p><iframe loading=\"lazy\" class=\"wp-embedded-content\" sandbox=\"allow-scripts\" security=\"restricted\" style=\"position: absolute; visibility: hidden;\" title=\"\u00abLos Festivales de jazz, Ciclos, Seminarios, Conciertos, Exposiciones y Eventos de jazz en Espa\u00f1a [Especial jazz en Espa\u00f1a]\u00bb \u2014 Tomajazz\" src=\"https:\/\/tomajazz.com\/web\/festivales-de-jazz\/embed\/#?secret=rNKYUYoaZo#?secret=nS5RAVwihA\" data-secret=\"nS5RAVwihA\" width=\"600\" height=\"338\" frameborder=\"0\" marginwidth=\"0\" marginheight=\"0\" scrolling=\"no\"><\/iframe><\/p>\n<p>&nbsp;<\/p>\n","protected":false},"excerpt":{"rendered":"<p>Entre el 16 y el 24 de febrero de 2024 tendr\u00e1 lugar en Illescas (Toledo), el II Festival de Jazz de Illescas 2024 #Ciclodejazz #FestivalDeJazz #Festivalesdejazz #Noticiasdejazz<span class=\"more-link\"><a href=\"https:\/\/tomajazz.com\/web\/ii-festival-de-jazz-de-illescas-2024\/\">Contin\u00faa leyendo<\/a><\/span><\/p>\n","protected":false},"author":1,"featured_media":82874,"comment_status":"open","ping_status":"closed","sticky":false,"template":"","format":"standard","meta":{"jetpack_post_was_ever_published":false,"_jetpack_newsletter_access":"","_jetpack_dont_email_post_to_subs":false,"_jetpack_newsletter_tier_id":0,"_jetpack_memberships_contains_paywalled_content":false,"_jetpack_memberships_contains_paid_content":false,"footnotes":""},"categories":[29375,17858,15795,1038],"tags":[30636,30635,30637,30638],"class_list":["entry","author-pachi","has-excerpt","post-82873","post","type-post","status-publish","format-standard","has-post-thumbnail","category-festivales-jazz-otono-invierno-2023-2024","category-redaccion","category-noticias-2","category-contenidos","tag-festival-de-jazz-de-illescas","tag-festival-de-jazz-de-illescas-2024","tag-ii-festival-de-jazz-de-illescas","tag-ii-festival-de-jazz-de-illescas-2024"],"jetpack_featured_media_url":"https:\/\/tomajazz.com\/web\/wp-content\/uploads\/2024\/01\/II-Festival-Jazz-Illescas-2024-Tomajazz-Noticias.jpg","jetpack_likes_enabled":true,"jetpack_sharing_enabled":true,"jetpack-related-posts":[{"id":83491,"url":"https:\/\/tomajazz.com\/web\/ii-festival-de-jazz-alpedrete-2024\/","url_meta":{"origin":82873,"position":0},"title":"II Festival de Jazz Alpedrete 2024 (10 al 24 de febrero de 2024. Alpedrete, Madrid) [Noticias de jazz]","author":"Tomajazz","date":"5 febrero, 2024","format":false,"excerpt":"Entre el 10 y el 24 de febrero de 2024 tendr\u00e1 lugar en Alpedrete (Madrid), el II Festival de Jazz de Alpedrete 2024 #Ciclodejazz #FestivalDeJazz #Festivalesdejazz #Noticiasdejazz","rel":"","context":"En \u00abFestivales Jazz Oto\u00f1o - Invierno 2023 - 2024\u00bb","block_context":{"text":"Festivales Jazz Oto\u00f1o - Invierno 2023 - 2024","link":"https:\/\/tomajazz.com\/web\/category\/contenidos\/noticias-2\/festivales-jazz-otono-invierno-2023-2024\/"},"img":{"alt_text":"II Festival de Jazz Alpedrete 2024 (10 al 24 de febrero de 2024. Alpedrete, Madrid) [Noticias de jazz] - Tomajazz - Entre el 10 y el 24 de febrero de 2024 tendr\u00e1 lugar en Alpedrete (Madrid), el II Festival de Jazz de Alpedrete 2024 #Ciclodejazz #FestivalDeJazz #Festivalesdejazz #Noticiasdejazz","src":"https:\/\/i0.wp.com\/tomajazz.com\/web\/wp-content\/uploads\/2024\/02\/II-Festival-Jazz-Alpedrete-2024-Tomajazz-Noticias.jpg?resize=350%2C200&ssl=1","width":350,"height":200,"srcset":"https:\/\/i0.wp.com\/tomajazz.com\/web\/wp-content\/uploads\/2024\/02\/II-Festival-Jazz-Alpedrete-2024-Tomajazz-Noticias.jpg?resize=350%2C200&ssl=1 1x, https:\/\/i0.wp.com\/tomajazz.com\/web\/wp-content\/uploads\/2024\/02\/II-Festival-Jazz-Alpedrete-2024-Tomajazz-Noticias.jpg?resize=525%2C300&ssl=1 1.5x, https:\/\/i0.wp.com\/tomajazz.com\/web\/wp-content\/uploads\/2024\/02\/II-Festival-Jazz-Alpedrete-2024-Tomajazz-Noticias.jpg?resize=700%2C400&ssl=1 2x"},"classes":[]},{"id":104847,"url":"https:\/\/tomajazz.com\/web\/alba-careta-group-panical-jazz-granollers-2026\/","url_meta":{"origin":82873,"position":1},"title":"Alba Careta Group \u201cPanical\u201d (36\u00e8 Jazz Granollers Festival \/ Casino, 2026-02-27 \/ Granollers -Barcelona-) [II] Por Joan Cort\u00e8s [INSTANTZZ AKA Galer\u00eda fotogr\u00e1fica AKA Fotoblog de jazz, impro\u2026 y algo m\u00e1s]","author":"Tomajazz","date":"12 abril, 2026","format":false,"excerpt":"Alba Careta Group \u201cPanical\u201d actu\u00f3 en el 36\u00e8 Jazz Granollers Festival, el 27 de febrero de 2026. Joan Cort\u00e8s lo retrata en INSTANTZZ. Alba Careta Group \u201cPanical\u201d son Alba Careta, Lucas Mart\u00ednez, Roger Santacana, Giuseppe Campisi, Jordi Pallar\u00e9s","rel":"","context":"En \u00ab36 Jazz Granollers Festival 2026\u00bb","block_context":{"text":"36 Jazz Granollers Festival 2026","link":"https:\/\/tomajazz.com\/web\/category\/contenidos\/especial-contenidos\/36-jazz-granollers-festival-2026\/"},"img":{"alt_text":"Alba Careta Group \u201cPanical\u201d (36\u00e8 Jazz Granollers Festival \/ Casino, 2026-02-27 \/ Granollers -Barcelona-) [II] Por Joan Cort\u00e8s [INSTANTZZ AKA Galer\u00eda fotogr\u00e1fica AKA Fotoblog de jazz, impro\u2026 y algo m\u00e1s] - Tomajazz - Alba Careta Group \u201cPanical\u201d actu\u00f3 en el 36\u00e8 Jazz Granollers Festival, el 27 de febrero de 2026. Joan Cort\u00e8s lo retrata en INSTANTZZ. Alba Careta Group \u201cPanical\u201d son Alba Careta, Lucas Mart\u00ednez, Roger Santacana, Giuseppe Campisi, Jordi Pallar\u00e9s\n","src":"https:\/\/i0.wp.com\/tomajazz.com\/web\/wp-content\/uploads\/2026\/04\/destacada-03-lb-Crt-Grp-Photo-by-Joan-Cortes-27fbr26-36JGF-CG-CR-Grnllrs.jpg?resize=350%2C200&ssl=1","width":350,"height":200,"srcset":"https:\/\/i0.wp.com\/tomajazz.com\/web\/wp-content\/uploads\/2026\/04\/destacada-03-lb-Crt-Grp-Photo-by-Joan-Cortes-27fbr26-36JGF-CG-CR-Grnllrs.jpg?resize=350%2C200&ssl=1 1x, https:\/\/i0.wp.com\/tomajazz.com\/web\/wp-content\/uploads\/2026\/04\/destacada-03-lb-Crt-Grp-Photo-by-Joan-Cortes-27fbr26-36JGF-CG-CR-Grnllrs.jpg?resize=525%2C300&ssl=1 1.5x"},"classes":[]},{"id":103771,"url":"https:\/\/tomajazz.com\/web\/otono-femenino-2025-ii\/","url_meta":{"origin":82873,"position":2},"title":"Oto\u00f1o Femenino 2025 (II) Por Joan Cort\u00e8s [INSTANTZZ AKA Galer\u00eda fotogr\u00e1fica AKA Fotoblog de jazz, impro\u2026 y algo m\u00e1s]","author":"Tomajazz","date":"29 enero, 2026","format":false,"excerpt":"Un cl\u00e1sico en Tomajazz son los repasos estacionales de Joan Cort\u00e8s en INSTANTZZ, en esta ocasi\u00f3n con la segunda parte de Oto\u00f1o Femenino 2025","rel":"","context":"En \u00abOto\u00f1o Femenino\u00bb","block_context":{"text":"Oto\u00f1o Femenino","link":"https:\/\/tomajazz.com\/web\/category\/contenidos\/especial-contenidos\/otono-femenino\/"},"img":{"alt_text":"Oto\u00f1o Femenino 2025 (II) Por Joan Cort\u00e8s [INSTANTZZ AKA Galer\u00eda fotogr\u00e1fica AKA Fotoblog de jazz, impro\u2026 y algo m\u00e1s] - Tomajazz - Un cl\u00e1sico en Tomajazz son los repasos estacionales de Joan Cort\u00e8s en INSTANTZZ, en esta ocasi\u00f3n con la segunda parte de Oto\u00f1o Femenino 2025","src":"https:\/\/i0.wp.com\/tomajazz.com\/web\/wp-content\/uploads\/2026\/01\/destacada-21-Nr-nsmbl-Photo-By-Joan-Cortes-14dsm25-Hngr-Sl-Rcsn-Bcn.jpg?resize=350%2C200&ssl=1","width":350,"height":200,"srcset":"https:\/\/i0.wp.com\/tomajazz.com\/web\/wp-content\/uploads\/2026\/01\/destacada-21-Nr-nsmbl-Photo-By-Joan-Cortes-14dsm25-Hngr-Sl-Rcsn-Bcn.jpg?resize=350%2C200&ssl=1 1x, https:\/\/i0.wp.com\/tomajazz.com\/web\/wp-content\/uploads\/2026\/01\/destacada-21-Nr-nsmbl-Photo-By-Joan-Cortes-14dsm25-Hngr-Sl-Rcsn-Bcn.jpg?resize=525%2C300&ssl=1 1.5x"},"classes":[]},{"id":75888,"url":"https:\/\/tomajazz.com\/web\/rueda-prensa-moonjune-music-festival-toledo-2023\/","url_meta":{"origin":82873,"position":3},"title":"Rueda de prensa presentaci\u00f3n del II International MoonJune Music Festival Toledo 2023 (12 de julio de 2023) [Noticias de jazz]","author":"Tomajazz","date":"8 julio, 2023","format":false,"excerpt":"El 12 de julio de 2023 tendr\u00e1 lugar la rueda de prensa del Festival Moonjune Toledo 2023. En la presentaci\u00f3n actuar\u00e1n John Etheridge (Soft Machine), Am\u00f3s Lora y Fernando Gir\u00f3n #Ciclodejazz #FestivalDeJazz #Festivalesdejazz #Noticiasdejazz","rel":"","context":"En \u00abFestivales de jazz de verano 2023\u00bb","block_context":{"text":"Festivales de jazz de verano 2023","link":"https:\/\/tomajazz.com\/web\/category\/contenidos\/noticias-2\/festivales-de-jazz-de-verano-2023\/"},"img":{"alt_text":"Rueda de prensa presentaci\u00f3n del II International MoonJune Music Festival Toledo 2023 (12 de julio de 2023) [Noticias de jazz] - Tomajazz 9.0 - El 12 de julio de 2023 tendr\u00e1 lugar la rueda de prensa del Festival Moonjune Toledo 2023. En la presentaci\u00f3n actuar\u00e1n John Etheridge (Soft Machine), Am\u00f3s Lora y Fernando Gir\u00f3n  #Ciclodejazz #FestivalDeJazz #Festivalesdejazz #Noticiasdejazz","src":"https:\/\/i0.wp.com\/tomajazz.com\/web\/wp-content\/uploads\/2023\/07\/Rueda-de-prensa-presentacion-Moonjune-Festival-2023-Tomajazz-Noticias.jpg?resize=350%2C200&ssl=1","width":350,"height":200,"srcset":"https:\/\/i0.wp.com\/tomajazz.com\/web\/wp-content\/uploads\/2023\/07\/Rueda-de-prensa-presentacion-Moonjune-Festival-2023-Tomajazz-Noticias.jpg?resize=350%2C200&ssl=1 1x, https:\/\/i0.wp.com\/tomajazz.com\/web\/wp-content\/uploads\/2023\/07\/Rueda-de-prensa-presentacion-Moonjune-Festival-2023-Tomajazz-Noticias.jpg?resize=525%2C300&ssl=1 1.5x, https:\/\/i0.wp.com\/tomajazz.com\/web\/wp-content\/uploads\/2023\/07\/Rueda-de-prensa-presentacion-Moonjune-Festival-2023-Tomajazz-Noticias.jpg?resize=700%2C400&ssl=1 2x"},"classes":[]},{"id":82359,"url":"https:\/\/tomajazz.com\/web\/oviedo-jazz-2024\/","url_meta":{"origin":82873,"position":4},"title":"Oviedo Jazz 2024 (19 de enero al 1 de marzo de 2024. Oviedo, Principado de Asturias) [Noticias de jazz]","author":"Tomajazz","date":"7 enero, 2024","format":false,"excerpt":"Entre el 19 de enero y el 1 de marzo de 2024 tendr\u00e1 lugar en Oviedo (Principado de Asturias), el ciclo Oviedo Jazz 2024 #Ciclodejazz #FestivalDeJazz #Festivalesdejazz #Noticiasdejazz","rel":"","context":"En \u00abFestivales Jazz Oto\u00f1o - Invierno 2023 - 2024\u00bb","block_context":{"text":"Festivales Jazz Oto\u00f1o - Invierno 2023 - 2024","link":"https:\/\/tomajazz.com\/web\/category\/contenidos\/noticias-2\/festivales-jazz-otono-invierno-2023-2024\/"},"img":{"alt_text":"Oviedo Jazz 2024 (19 de enero al 1 de marzo de 2024. Oviedo, Principado de Asturias) [Noticias de jazz] - Tomajazz - Entre el 19 de enero y el 1 de marzo de 2024 tendr\u00e1 lugar en Oviedo (Principado de Asturias), el ciclo Oviedo Jazz 2024 #Ciclodejazz #FestivalDeJazz #Festivalesdejazz #Noticiasdejazz","src":"https:\/\/i0.wp.com\/tomajazz.com\/web\/wp-content\/uploads\/2024\/01\/Oviedo-Jazz-2024-Tomajazz-Noticias.jpg?resize=350%2C200&ssl=1","width":350,"height":200,"srcset":"https:\/\/i0.wp.com\/tomajazz.com\/web\/wp-content\/uploads\/2024\/01\/Oviedo-Jazz-2024-Tomajazz-Noticias.jpg?resize=350%2C200&ssl=1 1x, https:\/\/i0.wp.com\/tomajazz.com\/web\/wp-content\/uploads\/2024\/01\/Oviedo-Jazz-2024-Tomajazz-Noticias.jpg?resize=525%2C300&ssl=1 1.5x"},"classes":[]},{"id":83504,"url":"https:\/\/tomajazz.com\/web\/26e-menorca-jazz-festival-2024\/","url_meta":{"origin":82873,"position":5},"title":"26\u00e8 Menorca Jazz Festival 2024 (23 de febrero al 1 de junio de 2024. Menorca) [Noticias de jazz]","author":"Tomajazz","date":"5 febrero, 2024","format":false,"excerpt":"Entre el 23 de febrero y el 1 de junio de 2024 tendr\u00e1 lugar en Menorca el 26\u00e8 Menorca Jazz Festival 2024 #Ciclodejazz #FestivalDeJazz #Festivalesdejazz #Noticiasdejazz","rel":"","context":"En \u00abFestivales Jazz Oto\u00f1o - Invierno 2023 - 2024\u00bb","block_context":{"text":"Festivales Jazz Oto\u00f1o - Invierno 2023 - 2024","link":"https:\/\/tomajazz.com\/web\/category\/contenidos\/noticias-2\/festivales-jazz-otono-invierno-2023-2024\/"},"img":{"alt_text":"26\u00e8 Menorca Jazz Festival 2024 (23 de febrero al 1 de junio de 2024. Menorca) [Noticias de jazz] - Tomajazz - Entre el 23 de febrero y el 1 de junio de 2024 tendr\u00e1 lugar en Menorca el 26\u00e8 Menorca Jazz Festival 2024 #Ciclodejazz #FestivalDeJazz #Festivalesdejazz #Noticiasdejazz","src":"https:\/\/i0.wp.com\/tomajazz.com\/web\/wp-content\/uploads\/2024\/02\/26e-Menorca-Jazz-Festival-2024-Tomajazz-Noticias.jpg?resize=350%2C200&ssl=1","width":350,"height":200,"srcset":"https:\/\/i0.wp.com\/tomajazz.com\/web\/wp-content\/uploads\/2024\/02\/26e-Menorca-Jazz-Festival-2024-Tomajazz-Noticias.jpg?resize=350%2C200&ssl=1 1x, https:\/\/i0.wp.com\/tomajazz.com\/web\/wp-content\/uploads\/2024\/02\/26e-Menorca-Jazz-Festival-2024-Tomajazz-Noticias.jpg?resize=525%2C300&ssl=1 1.5x, https:\/\/i0.wp.com\/tomajazz.com\/web\/wp-content\/uploads\/2024\/02\/26e-Menorca-Jazz-Festival-2024-Tomajazz-Noticias.jpg?resize=700%2C400&ssl=1 2x"},"classes":[]}],"_links":{"self":[{"href":"https:\/\/tomajazz.com\/web\/wp-json\/wp\/v2\/posts\/82873","targetHints":{"allow":["GET"]}}],"collection":[{"href":"https:\/\/tomajazz.com\/web\/wp-json\/wp\/v2\/posts"}],"about":[{"href":"https:\/\/tomajazz.com\/web\/wp-json\/wp\/v2\/types\/post"}],"author":[{"embeddable":true,"href":"https:\/\/tomajazz.com\/web\/wp-json\/wp\/v2\/users\/1"}],"replies":[{"embeddable":true,"href":"https:\/\/tomajazz.com\/web\/wp-json\/wp\/v2\/comments?post=82873"}],"version-history":[{"count":2,"href":"https:\/\/tomajazz.com\/web\/wp-json\/wp\/v2\/posts\/82873\/revisions"}],"predecessor-version":[{"id":82876,"href":"https:\/\/tomajazz.com\/web\/wp-json\/wp\/v2\/posts\/82873\/revisions\/82876"}],"wp:featuredmedia":[{"embeddable":true,"href":"https:\/\/tomajazz.com\/web\/wp-json\/wp\/v2\/media\/82874"}],"wp:attachment":[{"href":"https:\/\/tomajazz.com\/web\/wp-json\/wp\/v2\/media?parent=82873"}],"wp:term":[{"taxonomy":"category","embeddable":true,"href":"https:\/\/tomajazz.com\/web\/wp-json\/wp\/v2\/categories?post=82873"},{"taxonomy":"post_tag","embeddable":true,"href":"https:\/\/tomajazz.com\/web\/wp-json\/wp\/v2\/tags?post=82873"}],"curies":[{"name":"wp","href":"https:\/\/api.w.org\/{rel}","templated":true}]}}