{"id":8302,"date":"2013-10-01T11:10:27","date_gmt":"2013-10-01T09:10:27","guid":{"rendered":"http:\/\/www.tomajazz.com\/web\/?p=8302"},"modified":"2016-11-13T22:53:10","modified_gmt":"2016-11-13T21:53:10","slug":"all-jazz-sera-mu","status":"publish","type":"post","link":"https:\/\/tomajazz.com\/web\/all-jazz-sera-mu\/","title":{"rendered":"All Jazz Sera: M\u00fb"},"content":{"rendered":"<p style=\"text-align: center;\"><a href=\"http:\/\/www.tomajazz.com\/web\/?attachment_id=8303\" rel=\"attachment wp-att-8303\"><img loading=\"lazy\" decoding=\"async\" class=\"size-full wp-image-8303 aligncenter\" alt=\"IMG_4965.JPG_Nuaconmarcowm\" src=\"http:\/\/www.tomajazz.com\/web\/wp-content\/uploads\/2013\/09\/IMG_4965.JPG_Nuaconmarcowm.jpg\" width=\"424\" height=\"642\" title=\"\" srcset=\"https:\/\/tomajazz.com\/web\/wp-content\/uploads\/2013\/09\/IMG_4965.JPG_Nuaconmarcowm.jpg 424w, https:\/\/tomajazz.com\/web\/wp-content\/uploads\/2013\/09\/IMG_4965.JPG_Nuaconmarcowm-99x150.jpg 99w, https:\/\/tomajazz.com\/web\/wp-content\/uploads\/2013\/09\/IMG_4965.JPG_Nuaconmarcowm-198x300.jpg 198w, https:\/\/tomajazz.com\/web\/wp-content\/uploads\/2013\/09\/IMG_4965.JPG_Nuaconmarcowm-36x55.jpg 36w\" sizes=\"auto, (max-width: 424px) 100vw, 424px\" \/><\/a><\/p>\n<p>M\u00fb<br \/>\nNua Tr\u00edo<br \/>\n<a title=\"N\u00faa Tr\u00edo \u2013 Tracey Reid and the Sweet Rhythm Kings \u2013 Pat Martino Trio (XII Ciclo de Jazz en la UPNA, Auditorio Baluarte, Pamplona, Navarra)\" href=\"http:\/\/www.tomajazz.com\/web\/?p=8189\" target=\"_blank\">XII Ciclo de Jazz en la UPNA<\/a><br \/>\nSala de C\u00e1mara. Auditorio Baluarte, Pamplona, Navarra. 2012-04-26<\/p>\n","protected":false},"excerpt":{"rendered":"<p>M\u00fb Nua Tr\u00edo XII Ciclo de Jazz en la UPNA Sala de C\u00e1mara. Auditorio Baluarte, Pamplona, Navarra. 2012-04-26<span class=\"more-link\"><a href=\"https:\/\/tomajazz.com\/web\/all-jazz-sera-mu\/\">Contin\u00faa leyendo<\/a><\/span><\/p>\n","protected":false},"author":1,"featured_media":8303,"comment_status":"open","ping_status":"closed","sticky":false,"template":"","format":"standard","meta":{"jetpack_post_was_ever_published":false,"_jetpack_newsletter_access":"","_jetpack_dont_email_post_to_subs":true,"_jetpack_newsletter_tier_id":0,"_jetpack_memberships_contains_paywalled_content":false,"_jetpack_memberships_contains_paid_content":false,"footnotes":""},"categories":[17852,7219,15516,1038,4758],"tags":[12656,15275,13,7342,7341,12657,209,16099,77,16100],"class_list":["entry","author-pachi","post-8302","post","type-post","status-publish","format-standard","has-post-thumbnail","category-sera-martin","category-alljazzsera","category-imagenes","category-contenidos","category-blogs","tag-fotoblog","tag-galeria-fotografica","tag-jazz","tag-mu","tag-nua-trio","tag-photoblog","tag-sera-martin","tag-toma-jazz","tag-tomajazz","tag-tomajazz-toma-jazz"],"jetpack_featured_media_url":"https:\/\/tomajazz.com\/web\/wp-content\/uploads\/2013\/09\/IMG_4965.JPG_Nuaconmarcowm.jpg","jetpack_likes_enabled":true,"jetpack_sharing_enabled":true,"jetpack-related-posts":[{"id":100011,"url":"https:\/\/tomajazz.com\/web\/alex-conde-trio-37-eivissa-jazz-2025\/","url_meta":{"origin":8302,"position":0},"title":"\u00c1lex Conde Tr\u00edo (37 Eivissa Jazz 2025. 2025-09-04) Por Jos\u00e9 Luis Luna Rocafort [INSTANTZZ AKA Galer\u00eda fotogr\u00e1fica AKA Fotoblog de jazz, impro\u2026 y algo m\u00e1s]","author":"Tomajazz","date":"3 octubre, 2025","format":false,"excerpt":"\u00c1lex Conde Tr\u00edo actu\u00f3 en el 37 Eivissa Jazz 2025. Jos\u00e9 Luis Luna Rocafort lo retrata en INSTANTZZ. Actuaron \u00c1lex Conde, Pablo Mart\u00edn Caminero, Michael Olivera","rel":"","context":"En \u00ab*_Jos\u00e9 Luis Luna Rocafort\u00bb","block_context":{"text":"*_Jos\u00e9 Luis Luna Rocafort","link":"https:\/\/tomajazz.com\/web\/category\/jose-luis-luna-rocafort\/"},"img":{"alt_text":"\u00c1lex Conde Tr\u00edo (37 Eivissa Jazz 2025. 2025-09-04) Por Jos\u00e9 Luis Luna Rocafort [INSTANTZZ AKA Galer\u00eda fotogr\u00e1fica AKA Fotoblog de jazz, impro\u2026 y algo m\u00e1s] - Tomajazz - \u00c1lex Conde Tr\u00edo actu\u00f3 en el 37 Eivissa Jazz 2025. Jos\u00e9 Luis Luna Rocafort lo retrata en INSTANTZZ. Actuaron \u00c1lex Conde, Pablo Mart\u00edn Caminero, Michael Olivera","src":"https:\/\/i0.wp.com\/tomajazz.com\/web\/wp-content\/uploads\/2025\/10\/004.jpg?resize=350%2C200&ssl=1","width":350,"height":200,"srcset":"https:\/\/i0.wp.com\/tomajazz.com\/web\/wp-content\/uploads\/2025\/10\/004.jpg?resize=350%2C200&ssl=1 1x, https:\/\/i0.wp.com\/tomajazz.com\/web\/wp-content\/uploads\/2025\/10\/004.jpg?resize=525%2C300&ssl=1 1.5x"},"classes":[]},{"id":102203,"url":"https:\/\/tomajazz.com\/web\/kahil-elzabars-let-the-spirit-out-2025\/","url_meta":{"origin":8302,"position":1},"title":"Kahil El\u2019Zabar\u2019s Ethnic Heritage Ensemble: Let The Spirit Out, Live at \u201cmu\u201d London (Spiritmuse Records; 2025) Por Pachi Tapiz [Grabaci\u00f3n de jazz]","author":"Tomajazz","date":"26 noviembre, 2025","format":false,"excerpt":"Let The Spirit Out, Live at \u201cmu\u201d London (Spiritmuse Records; 2025) es la nueva grabaci\u00f3n del Kahil El\u2019Zabar y su Ethnic Heritage Ensemble. Pachi Tapiz repasa la grabaci\u00f3n. Con Kahil El'Zabar, Corey Wilkes, Alex Harding, Ishmael Ali","rel":"","context":"En \u00abGrabaciones...\u00bb","block_context":{"text":"Grabaciones...","link":"https:\/\/tomajazz.com\/web\/category\/contenidos\/textos\/grabaciones\/"},"img":{"alt_text":"Kahil El\u2019Zabar\u2019s Ethnic Heritage Ensemble: Let The Spirit Out, Live at \u201cmu\u201d London (Spiritmuse Records; 2025) Por Pachi Tapiz [Grabaci\u00f3n de jazz] - Tomajazz","src":"https:\/\/i0.wp.com\/tomajazz.com\/web\/wp-content\/uploads\/2025\/11\/Kahil-ElZabars-Ethnic-Heritage-Ensemble-Let-The-Spirit-Out-Live-at-mu-London-Spiritmuse-Records-2025-Tomajazz.jpg?resize=350%2C200&ssl=1","width":350,"height":200,"srcset":"https:\/\/i0.wp.com\/tomajazz.com\/web\/wp-content\/uploads\/2025\/11\/Kahil-ElZabars-Ethnic-Heritage-Ensemble-Let-The-Spirit-Out-Live-at-mu-London-Spiritmuse-Records-2025-Tomajazz.jpg?resize=350%2C200&ssl=1 1x, https:\/\/i0.wp.com\/tomajazz.com\/web\/wp-content\/uploads\/2025\/11\/Kahil-ElZabars-Ethnic-Heritage-Ensemble-Let-The-Spirit-Out-Live-at-mu-London-Spiritmuse-Records-2025-Tomajazz.jpg?resize=525%2C300&ssl=1 1.5x, https:\/\/i0.wp.com\/tomajazz.com\/web\/wp-content\/uploads\/2025\/11\/Kahil-ElZabars-Ethnic-Heritage-Ensemble-Let-The-Spirit-Out-Live-at-mu-London-Spiritmuse-Records-2025-Tomajazz.jpg?resize=700%2C400&ssl=1 2x"},"classes":[]},{"id":100882,"url":"https:\/\/tomajazz.com\/web\/giulia-valle-trio-jazz-palma-festival-2025\/","url_meta":{"origin":8302,"position":2},"title":"Giulia Valle Tr\u00edo (Jazz Palma Festival 2025. Castell de Bellver. Palma. 2025-08-21) Por Jos\u00e9 Luis Luna Rocafort [INSTANTZZ AKA Galer\u00eda fotogr\u00e1fica AKA Fotoblog de jazz, impro\u2026 y algo m\u00e1s]","author":"Tomajazz","date":"23 octubre, 2025","format":false,"excerpt":"Giulia Valle Tr\u00edo (actu\u00f3 en el Jazz Palma Festival 2025 en el Castell de Bellver el 21 de agosto de 2025. Jos\u00e9 Luis Luna Rocafort la retrata en INSTANTZZ. Actuaron Giulia Valle, Tom\u00e1s Amat, Adri\u00e0 Caramunt","rel":"","context":"En \u00abINSTANTZZ\u00bb","block_context":{"text":"INSTANTZZ","link":"https:\/\/tomajazz.com\/web\/category\/contenidos\/imagenes\/photoblogs\/instantzz\/"},"img":{"alt_text":"Giulia Valle Tr\u00edo (Jazz Palma Festival 2025. Castell de Bellver. Palma. 2025-08-21) Por Jos\u00e9 Luis Luna Rocafort [INSTANTZZ AKA Galer\u00eda fotogr\u00e1fica AKA Fotoblog de jazz, impro\u2026 y algo m\u00e1s] - Tomajazz - Giulia Valle Tr\u00edo (actu\u00f3 en el Jazz Palma Festival 2025 en el Castell de Bellver el 21 de agosto de 2025. Jos\u00e9 Luis Luna Rocafort la retrata en INSTANTZZ. Actuaron","src":"https:\/\/i0.wp.com\/tomajazz.com\/web\/wp-content\/uploads\/2025\/10\/016-13.jpg?resize=350%2C200&ssl=1","width":350,"height":200,"srcset":"https:\/\/i0.wp.com\/tomajazz.com\/web\/wp-content\/uploads\/2025\/10\/016-13.jpg?resize=350%2C200&ssl=1 1x, https:\/\/i0.wp.com\/tomajazz.com\/web\/wp-content\/uploads\/2025\/10\/016-13.jpg?resize=525%2C300&ssl=1 1.5x"},"classes":[]},{"id":104748,"url":"https:\/\/tomajazz.com\/web\/ivan-lewis-trio-jaca-club-de-jazz-2026\/","url_meta":{"origin":8302,"position":3},"title":"Iv\u00e1n Lewis Tr\u00edo \u201cLuces y sombras\u201d (Ciclo Jaca Club de Jazz 2026. Palacio de Congresos, Jaca. 2026-03-28) Por Fabio Galicia [INSTANTZZ AKA Galer\u00eda fotogr\u00e1fica AKA Fotoblog de jazz, impro\u2026 y algo m\u00e1s]","author":"Tomajazz","date":"6 abril, 2026","format":false,"excerpt":"Iv\u00e1n Lewis Tr\u00edo \u201cLuces y sombras\u201d actu\u00f3 en el Ciclo Jaca Club de Jazz 2026, el 28 de marzo de 2026. Fabio Galicia lo retrata en INSTANTZZ. Actuaron Iv\u00e1n Lewis, Yandy Mart\u00ednez, Georvis Pico","rel":"","context":"En \u00abINSTANTZZ\u00bb","block_context":{"text":"INSTANTZZ","link":"https:\/\/tomajazz.com\/web\/category\/contenidos\/imagenes\/photoblogs\/instantzz\/"},"img":{"alt_text":"Iv\u00e1n Lewis Tr\u00edo \u201cLuces y sombras\u201d (Ciclo Jaca Club de Jazz 2026. Palacio de Congresos, Jaca. 2026-03-28) Por Fabio Galicia [INSTANTZZ AKA Galer\u00eda fotogr\u00e1fica AKA Fotoblog de jazz, impro\u2026 y algo m\u00e1s] - Tomajazz - Iv\u00e1n Lewis Tr\u00edo \u201cLuces y sombras\u201d actu\u00f3 en el Ciclo Jaca Club de Jazz 2026, el 28 de marzo de 2026. Fabio Galicia lo retrata en INSTANTZZ. Actuaron","src":"https:\/\/i0.wp.com\/tomajazz.com\/web\/wp-content\/uploads\/2026\/04\/260328-IVAN-LEWIS-9.jpg?resize=350%2C200&ssl=1","width":350,"height":200,"srcset":"https:\/\/i0.wp.com\/tomajazz.com\/web\/wp-content\/uploads\/2026\/04\/260328-IVAN-LEWIS-9.jpg?resize=350%2C200&ssl=1 1x, https:\/\/i0.wp.com\/tomajazz.com\/web\/wp-content\/uploads\/2026\/04\/260328-IVAN-LEWIS-9.jpg?resize=525%2C300&ssl=1 1.5x, https:\/\/i0.wp.com\/tomajazz.com\/web\/wp-content\/uploads\/2026\/04\/260328-IVAN-LEWIS-9.jpg?resize=700%2C400&ssl=1 2x, https:\/\/i0.wp.com\/tomajazz.com\/web\/wp-content\/uploads\/2026\/04\/260328-IVAN-LEWIS-9.jpg?resize=1050%2C600&ssl=1 3x"},"classes":[]},{"id":105012,"url":"https:\/\/tomajazz.com\/web\/lage-lund-trio-granollers-2026\/","url_meta":{"origin":8302,"position":4},"title":"Lage Lund Trio (36\u00e8 Jazz Granollers Festival \/ Casino, 2026-03-13 \/ Granollers -Barcelona-) [y III] Por Joan Cort\u00e8s [INSTANTZZ AKA Galer\u00eda fotogr\u00e1fica AKA Fotoblog de jazz, impro\u2026 y algo m\u00e1s]","author":"Tomajazz","date":"23 abril, 2026","format":false,"excerpt":"Lage Lund Trio actu\u00f3 en el 36\u00e8 Jazz Granollers Festival, el 13 de marzo de 2026. Joan Cort\u00e8s lo retrata en INSTANTZZ. Lage Lund Trio son Lage Lund, Orlando Le Fleming, Greg Hutchinson","rel":"","context":"En \u00ab36 Jazz Granollers Festival 2026\u00bb","block_context":{"text":"36 Jazz Granollers Festival 2026","link":"https:\/\/tomajazz.com\/web\/category\/contenidos\/especial-contenidos\/36-jazz-granollers-festival-2026\/"},"img":{"alt_text":"Lage Lund Trio (36\u00e8 Jazz Granollers Festival \/ Casino, 2026-03-13 \/ Granollers -Barcelona-) [y III] Por Joan Cort\u00e8s [INSTANTZZ AKA Galer\u00eda fotogr\u00e1fica AKA Fotoblog de jazz, impro\u2026 y algo m\u00e1s] - Tomajazz - Lage Lund Trio actu\u00f3 en el 36\u00e8 Jazz Granollers Festival, el 13 de marzo de 2026. Joan Cort\u00e8s lo retrata en INSTANTZZ. Lage Lund Trio son Lage Lund, Orlando Le Fleming, Greg Hutchinson","src":"https:\/\/i0.wp.com\/tomajazz.com\/web\/wp-content\/uploads\/2026\/04\/destacada-02-Lg-Lnd-Photo-by-Joan-Cortes-13mrc26-36JGF-Csn-Gr-bn.jpg?resize=350%2C200&ssl=1","width":350,"height":200,"srcset":"https:\/\/i0.wp.com\/tomajazz.com\/web\/wp-content\/uploads\/2026\/04\/destacada-02-Lg-Lnd-Photo-by-Joan-Cortes-13mrc26-36JGF-Csn-Gr-bn.jpg?resize=350%2C200&ssl=1 1x, https:\/\/i0.wp.com\/tomajazz.com\/web\/wp-content\/uploads\/2026\/04\/destacada-02-Lg-Lnd-Photo-by-Joan-Cortes-13mrc26-36JGF-Csn-Gr-bn.jpg?resize=525%2C300&ssl=1 1.5x"},"classes":[]},{"id":100610,"url":"https:\/\/tomajazz.com\/web\/jacky-terrasson-trio-eivissa-2025\/","url_meta":{"origin":8302,"position":5},"title":"Jacky Terrasson Trio (37 Eivissa Jazz 2025. Baluard de Santa Ll\u00facia. Eivissa. 2025-09-05) Por Jos\u00e9 Luis Luna Rocafort [INSTANTZZ AKA Galer\u00eda fotogr\u00e1fica AKA Fotoblog de jazz, impro\u2026 y algo m\u00e1s]","author":"Tomajazz","date":"17 octubre, 2025","format":false,"excerpt":"Jacky Terrasson Trio actu\u00f3 en el 37 Eivissa Jazz 2025. Jos\u00e9 Luis Luna Rocafort retrata el concierto en INSTANTZZ. Actuaron Jacky Terrasson, Sylvain Romano, Marc Miralta","rel":"","context":"En \u00ab37 Eivissa Jazz 2025\u00bb","block_context":{"text":"37 Eivissa Jazz 2025","link":"https:\/\/tomajazz.com\/web\/category\/contenidos\/especial-contenidos\/37-eivissa-jazz-2025\/"},"img":{"alt_text":"Jacky Terrasson Trio (37 Eivissa Jazz 2025. Baluard de Santa Ll\u00facia. Eivissa. 2025-09-05) Por Jos\u00e9 Luis Luna Rocafort [INSTANTZZ AKA Galer\u00eda fotogr\u00e1fica AKA Fotoblog de jazz, impro\u2026 y algo m\u00e1s] - Tomajazz - Jacky Terrasson Trio actu\u00f3 en el 37 Eivissa Jazz 2025. Jos\u00e9 Luis Luna Rocafort retrata el concierto en INSTANTZZ. Actuaron Jacky Terrasson, Sylvain Romano, Marc Miralta","src":"https:\/\/i0.wp.com\/tomajazz.com\/web\/wp-content\/uploads\/2025\/10\/011-11.jpg?resize=350%2C200&ssl=1","width":350,"height":200,"srcset":"https:\/\/i0.wp.com\/tomajazz.com\/web\/wp-content\/uploads\/2025\/10\/011-11.jpg?resize=350%2C200&ssl=1 1x, https:\/\/i0.wp.com\/tomajazz.com\/web\/wp-content\/uploads\/2025\/10\/011-11.jpg?resize=525%2C300&ssl=1 1.5x"},"classes":[]}],"_links":{"self":[{"href":"https:\/\/tomajazz.com\/web\/wp-json\/wp\/v2\/posts\/8302","targetHints":{"allow":["GET"]}}],"collection":[{"href":"https:\/\/tomajazz.com\/web\/wp-json\/wp\/v2\/posts"}],"about":[{"href":"https:\/\/tomajazz.com\/web\/wp-json\/wp\/v2\/types\/post"}],"author":[{"embeddable":true,"href":"https:\/\/tomajazz.com\/web\/wp-json\/wp\/v2\/users\/1"}],"replies":[{"embeddable":true,"href":"https:\/\/tomajazz.com\/web\/wp-json\/wp\/v2\/comments?post=8302"}],"version-history":[{"count":1,"href":"https:\/\/tomajazz.com\/web\/wp-json\/wp\/v2\/posts\/8302\/revisions"}],"predecessor-version":[{"id":8304,"href":"https:\/\/tomajazz.com\/web\/wp-json\/wp\/v2\/posts\/8302\/revisions\/8304"}],"wp:featuredmedia":[{"embeddable":true,"href":"https:\/\/tomajazz.com\/web\/wp-json\/wp\/v2\/media\/8303"}],"wp:attachment":[{"href":"https:\/\/tomajazz.com\/web\/wp-json\/wp\/v2\/media?parent=8302"}],"wp:term":[{"taxonomy":"category","embeddable":true,"href":"https:\/\/tomajazz.com\/web\/wp-json\/wp\/v2\/categories?post=8302"},{"taxonomy":"post_tag","embeddable":true,"href":"https:\/\/tomajazz.com\/web\/wp-json\/wp\/v2\/tags?post=8302"}],"curies":[{"name":"wp","href":"https:\/\/api.w.org\/{rel}","templated":true}]}}