{"id":83484,"date":"2024-02-05T10:00:27","date_gmt":"2024-02-05T09:00:27","guid":{"rendered":"https:\/\/www.tomajazz.com\/web\/?p=83484"},"modified":"2024-02-04T21:26:18","modified_gmt":"2024-02-04T20:26:18","slug":"32-festival-jazz-a-castello-2024","status":"publish","type":"post","link":"https:\/\/tomajazz.com\/web\/32-festival-jazz-a-castello-2024\/","title":{"rendered":"32 Festival Jazz A Castell\u00f3 2024 (5 al 24 de febrero de 2024. Castell\u00f3n) [Noticias de jazz]"},"content":{"rendered":"<p style=\"text-align: center;\"><img loading=\"lazy\" decoding=\"async\" class=\"aligncenter size-large wp-image-83485\" title=\"32 Festival Jazz A Castell\u00f3 2024 (5 al 24 de febrero de 2024. Castell\u00f3n) [Noticias de jazz] Tomajazz 32 Festival Jazz A Castell\u00f3 2024\" src=\"https:\/\/tomajazz.com\/web\/wp-content\/uploads\/2024\/02\/32-Festival-Jazz-A-Castello-2024-427x600.jpg\" alt=\"32 Festival Jazz A Castell\u00f3 2024 (5 al 24 de febrero de 2024. Castell\u00f3n) [Noticias de jazz] - Tomajazz - Entre el 5 y el 24 de febrero de 2024 tendr\u00e1 lugar en Castell\u00f3n el 32 Festival Jazz A Castell\u00f3 2024 #Ciclodejazz #FestivalDeJazz #Festivalesdejazz #Noticiasdejazz\" width=\"427\" height=\"600\" srcset=\"https:\/\/tomajazz.com\/web\/wp-content\/uploads\/2024\/02\/32-Festival-Jazz-A-Castello-2024-427x600.jpg 427w, https:\/\/tomajazz.com\/web\/wp-content\/uploads\/2024\/02\/32-Festival-Jazz-A-Castello-2024-214x300.jpg 214w, https:\/\/tomajazz.com\/web\/wp-content\/uploads\/2024\/02\/32-Festival-Jazz-A-Castello-2024-392x550.jpg 392w, https:\/\/tomajazz.com\/web\/wp-content\/uploads\/2024\/02\/32-Festival-Jazz-A-Castello-2024-356x500.jpg 356w, https:\/\/tomajazz.com\/web\/wp-content\/uploads\/2024\/02\/32-Festival-Jazz-A-Castello-2024.jpg 540w\" sizes=\"auto, (max-width: 427px) 100vw, 427px\" \/><\/p>\n<p>Entre el 5 y el 24 de febrero de 2024 tendr\u00e1 lugar en Castell\u00f3n el 32 Festival Jazz A Castell\u00f3 2024.<\/p>\n<h3>Programaci\u00f3n<\/h3>\n<p>5 de febrero. 19:00<br \/>\nWax&amp;Boogie<br \/>\nCasino Antic<\/p>\n<p>9 de febrero 20:00<br \/>\nSantiago Auser\u00f3n Academia Nocturna<br \/>\nAuditorio de Castell\u00f3n 15\u20ac<\/p>\n<p>12 de febrero 19:00<br \/>\nJuan Cor\u00e9s Trio<br \/>\nCasino Antic<\/p>\n<p>19 de febrero 19:00<br \/>\nLlu\u00eds Coloma Trio<br \/>\nCasino Antic<\/p>\n<p>20 de febrero 19:00<br \/>\nBanda Municipal de Castell\u00f3n<br \/>\nTetre del Raval<\/p>\n<p>21 de febrero 19:00<br \/>\nNina Dinamita &amp; La Swing Milicia<br \/>\nTeatre del Raval 5\u20ac<\/p>\n<p>22 de febrero 19:00<br \/>\nLola Bou Bol\u00e9rame<br \/>\nTeatre del Raval 5\u20ac<\/p>\n<p>23 de febrero 19:00<br \/>\nLaDinamo Music On Cycles<br \/>\nItinerante Pl. Hort dels Corders<\/p>\n<p>23 de febrero 20:00<br \/>\nScream Pillows<br \/>\nAuditori 5\u20ac<\/p>\n<p>23 de febrero 22:30<br \/>\nTango Jazz Trio<br \/>\nTeatre del Raval 6\u20ac<\/p>\n<p>24 de febrero 12:00<br \/>\nLaDinamo Music On Cycles<br \/>\nItinerante Pl. Major<\/p>\n<p>24 de febrero 19:00<br \/>\nNacho Ma\u00f1\u00f3 y Gisela Renes Quintet<br \/>\nTeatre del Raval 6\u20ac<\/p>\n<p>25 de febrero 19:00<br \/>\nVera Lu &amp; Enrique Pedr\u00f3n Terra Banyada<br \/>\nTeatre del Raval 4\u20ac<\/p>\n<h3>Datos de inter\u00e9s<\/h3>\n<p>Los conciertos en Casino Antic son gratuitos.<br \/>\nEl cartel est\u00e1 dise\u00f1ado por Gema Arnal.<br \/>\nEl festival est\u00e1 organizado por el Ayuntambiento de Castell\u00f3 Cultura.<\/p>\n<h3>M\u00e1s informaci\u00f3n de 32 Festival Jazz A Castell\u00f3 2024<\/h3>\n<p><a href=\"https:\/\/www.castello.es\/va\/cultura\" target=\"_blank\" rel=\"noopener\">https:\/\/www.castello.es\/va\/cultura<\/a><\/p>\n<p><a href=\"https:\/\/www.castello.es\/es\/w\/el-festival-jazz-a-castell%C3%B3-calienta-motores\" target=\"_blank\" rel=\"noopener\">https:\/\/www.castello.es\/es\/w\/el-festival-jazz-a-castell%C3%B3-calienta-motores<\/a><\/p>\n<h3>Y adem\u00e1s&#8230;<\/h3>\n<p><a href=\"https:\/\/tomajazz.com\/web\/?s=festival+jazz+a+castello&amp;submit=Search\" target=\"_blank\" rel=\"noopener\">https:\/\/tomajazz.com\/web\/?s=festival+jazz+a+castello&amp;submit=Search<\/a><\/p>\n<h3>Especial Festivales, ciclos, conciertos, seminarios, conciertos, concursos y eventos de Jazz en Tomajazz<\/h3>\n<blockquote class=\"wp-embedded-content\" data-secret=\"lqA6g5Dwbl\"><p><a href=\"https:\/\/tomajazz.com\/web\/festivales-de-jazz\/\">Los Festivales de jazz, Ciclos, Seminarios, Conciertos, Exposiciones y Eventos de jazz en Espa\u00f1a [Especial jazz en Espa\u00f1a]<\/a><\/p><\/blockquote>\n<p><iframe loading=\"lazy\" class=\"wp-embedded-content\" sandbox=\"allow-scripts\" security=\"restricted\" style=\"position: absolute; visibility: hidden;\" title=\"\u00abLos Festivales de jazz, Ciclos, Seminarios, Conciertos, Exposiciones y Eventos de jazz en Espa\u00f1a [Especial jazz en Espa\u00f1a]\u00bb \u2014 Tomajazz\" src=\"https:\/\/tomajazz.com\/web\/festivales-de-jazz\/embed\/#?secret=2dXikwfzBU#?secret=lqA6g5Dwbl\" data-secret=\"lqA6g5Dwbl\" width=\"600\" height=\"338\" frameborder=\"0\" marginwidth=\"0\" marginheight=\"0\" scrolling=\"no\"><\/iframe><\/p>\n","protected":false},"excerpt":{"rendered":"<p>Entre el 5 y el 24 de febrero de 2024 tendr\u00e1 lugar en Castell\u00f3n el 32 Festival Jazz A Castell\u00f3 2024 #Ciclodejazz #FestivalDeJazz #Festivalesdejazz #Noticiasdejazz<span class=\"more-link\"><a href=\"https:\/\/tomajazz.com\/web\/32-festival-jazz-a-castello-2024\/\">Contin\u00faa leyendo<\/a><\/span><\/p>\n","protected":false},"author":1,"featured_media":83485,"comment_status":"open","ping_status":"closed","sticky":false,"template":"","format":"standard","meta":{"_jetpack_newsletter_access":"","_jetpack_dont_email_post_to_subs":false,"_jetpack_newsletter_tier_id":0,"_jetpack_memberships_contains_paywalled_content":false,"_jetpack_feature_clip_id":0,"_jetpack_memberships_contains_paid_content":false,"footnotes":"","jetpack_post_was_ever_published":false},"categories":[29375,17858,15795,1038],"tags":[30695,30696,30694,30693],"class_list":["entry","author-pachi","has-excerpt","post-83484","post","type-post","status-publish","format-standard","has-post-thumbnail","category-festivales-jazz-otono-invierno-2023-2024","category-redaccion","category-noticias-2","category-contenidos","tag-32-festival-jazz-a-castello","tag-32-festival-jazz-a-castello-2024","tag-festival-jazz-a-castello","tag-festival-jazz-a-castello-2024"],"jetpack_likes_enabled":true,"jetpack_sharing_enabled":true,"jetpack-related-posts":[{"id":87443,"url":"https:\/\/tomajazz.com\/web\/iv-castejazz-2024\/","url_meta":{"origin":83484,"position":0},"title":"IV Castejazz 2024 (Castellar de la Frontera, C\u00e1diz. 29 y 30 de junio de 2024) [Noticias de jazz]","author":"Tomajazz","date":"25 junio, 2024","format":false,"excerpt":"Entre el 29 y el 30 de junio de 2024 tendr\u00e1 lugar en el Castellar de la Frontera (C\u00e1diz), el IV Castejazz 2024 #FestivalDeJazz #Festivalesdejazz #Noticiasdejazz","rel":"","context":"En \u00abFestivales de Jazz Verano 2024\u00bb","block_context":{"text":"Festivales de Jazz Verano 2024","link":"https:\/\/tomajazz.com\/web\/category\/contenidos\/noticias-2\/festivales-de-jazz-verano-2024\/"},"img":{"alt_text":"IV Castejazz 2024 (Castellar de la Frontera, C\u00e1diz. 29 y 30 de junio de 2024) [Noticias de jazz] - Tomajazz - Entre el 29 y el 30 de junio de 2024 tendr\u00e1 lugar en el Castellar de la Frontera (C\u00e1diz), el IV Castejazz 2024 #FestivalDeJazz #Festivalesdejazz #Noticiasdejazz","src":"https:\/\/i0.wp.com\/tomajazz.com\/web\/wp-content\/uploads\/2024\/06\/IV-Castejazz-2024-Tomajazz-Noticias.jpg?resize=350%2C200&ssl=1","width":350,"height":200,"srcset":"https:\/\/i0.wp.com\/tomajazz.com\/web\/wp-content\/uploads\/2024\/06\/IV-Castejazz-2024-Tomajazz-Noticias.jpg?resize=350%2C200&ssl=1 1x, https:\/\/i0.wp.com\/tomajazz.com\/web\/wp-content\/uploads\/2024\/06\/IV-Castejazz-2024-Tomajazz-Noticias.jpg?resize=525%2C300&ssl=1 1.5x, https:\/\/i0.wp.com\/tomajazz.com\/web\/wp-content\/uploads\/2024\/06\/IV-Castejazz-2024-Tomajazz-Noticias.jpg?resize=700%2C400&ssl=1 2x"},"classes":[]},{"id":82653,"url":"https:\/\/tomajazz.com\/web\/vii-festival-de-jazz-de-concabella-2024\/","url_meta":{"origin":83484,"position":1},"title":"VII Festival de Jazz de Concabella 2024 (13 de enero al 16 de marzo de 2024. Concabella, L\u00e9rida) [Noticias de jazz]","author":"Tomajazz","date":"17 enero, 2024","format":false,"excerpt":"Entre el 13 de enero y el 16 de marzo de 2024 tendr\u00e1 lugar en Concabella (L\u00e9rida), el VII Festival de Jazz de Concabella 2024 #Ciclodejazz #FestivalDeJazz #Festivalesdejazz #Noticiasdejazz","rel":"","context":"En \u00ab*_Redacci\u00f3n\u00bb","block_context":{"text":"*_Redacci\u00f3n","link":"https:\/\/tomajazz.com\/web\/category\/redaccion\/"},"img":{"alt_text":"VII Festival de Jazz de Concabella 2024 (13 de enero al 16 de marzo de 2024. Concabella, L\u00e9rida) [Noticias de jazz] - Tomajazz - Entre el 13 de enero y el 16 de marzo de 2024 tendr\u00e1 lugar en Concabella (L\u00e9rida), el VII Festival de Jazz de Concabella 2024 #Ciclodejazz #FestivalDeJazz #Festivalesdejazz #Noticiasdejazz","src":"https:\/\/i0.wp.com\/tomajazz.com\/web\/wp-content\/uploads\/2024\/01\/VII-Festival-de-Jazz-de-Concabella-2024-Tomajazz-Noticias.jpg?resize=350%2C200&ssl=1","width":350,"height":200,"srcset":"https:\/\/i0.wp.com\/tomajazz.com\/web\/wp-content\/uploads\/2024\/01\/VII-Festival-de-Jazz-de-Concabella-2024-Tomajazz-Noticias.jpg?resize=350%2C200&ssl=1 1x, https:\/\/i0.wp.com\/tomajazz.com\/web\/wp-content\/uploads\/2024\/01\/VII-Festival-de-Jazz-de-Concabella-2024-Tomajazz-Noticias.jpg?resize=525%2C300&ssl=1 1.5x, https:\/\/i0.wp.com\/tomajazz.com\/web\/wp-content\/uploads\/2024\/01\/VII-Festival-de-Jazz-de-Concabella-2024-Tomajazz-Noticias.jpg?resize=700%2C400&ssl=1 2x"},"classes":[]},{"id":83491,"url":"https:\/\/tomajazz.com\/web\/ii-festival-de-jazz-alpedrete-2024\/","url_meta":{"origin":83484,"position":2},"title":"II Festival de Jazz Alpedrete 2024 (10 al 24 de febrero de 2024. Alpedrete, Madrid) [Noticias de jazz]","author":"Tomajazz","date":"5 febrero, 2024","format":false,"excerpt":"Entre el 10 y el 24 de febrero de 2024 tendr\u00e1 lugar en Alpedrete (Madrid), el II Festival de Jazz de Alpedrete 2024 #Ciclodejazz #FestivalDeJazz #Festivalesdejazz #Noticiasdejazz","rel":"","context":"En \u00abFestivales Jazz Oto\u00f1o - Invierno 2023 - 2024\u00bb","block_context":{"text":"Festivales Jazz Oto\u00f1o - Invierno 2023 - 2024","link":"https:\/\/tomajazz.com\/web\/category\/contenidos\/noticias-2\/festivales-jazz-otono-invierno-2023-2024\/"},"img":{"alt_text":"II Festival de Jazz Alpedrete 2024 (10 al 24 de febrero de 2024. Alpedrete, Madrid) [Noticias de jazz] - Tomajazz - Entre el 10 y el 24 de febrero de 2024 tendr\u00e1 lugar en Alpedrete (Madrid), el II Festival de Jazz de Alpedrete 2024 #Ciclodejazz #FestivalDeJazz #Festivalesdejazz #Noticiasdejazz","src":"https:\/\/i0.wp.com\/tomajazz.com\/web\/wp-content\/uploads\/2024\/02\/II-Festival-Jazz-Alpedrete-2024-Tomajazz-Noticias.jpg?resize=350%2C200&ssl=1","width":350,"height":200,"srcset":"https:\/\/i0.wp.com\/tomajazz.com\/web\/wp-content\/uploads\/2024\/02\/II-Festival-Jazz-Alpedrete-2024-Tomajazz-Noticias.jpg?resize=350%2C200&ssl=1 1x, https:\/\/i0.wp.com\/tomajazz.com\/web\/wp-content\/uploads\/2024\/02\/II-Festival-Jazz-Alpedrete-2024-Tomajazz-Noticias.jpg?resize=525%2C300&ssl=1 1.5x, https:\/\/i0.wp.com\/tomajazz.com\/web\/wp-content\/uploads\/2024\/02\/II-Festival-Jazz-Alpedrete-2024-Tomajazz-Noticias.jpg?resize=700%2C400&ssl=1 2x"},"classes":[]},{"id":83739,"url":"https:\/\/tomajazz.com\/web\/v-festival-jazz-vocal-pinto-2024\/","url_meta":{"origin":83484,"position":3},"title":"V Festival Jazz Vocal Pinto 2024 (Pinto, Madrid. Del 9 al 24 de febrero de 2024) [Noticias de jazz]","author":"Tomajazz","date":"11 febrero, 2024","format":false,"excerpt":"Entre el 9 y el 24 de febrero de 2024 tendr\u00e1 lugar en Pinto (Madrid), el V Festival Jazz Vocal Pinto 2024 #Ciclodejazz #FestivalDeJazz #Festivalesdejazz #Noticiasdejazz","rel":"","context":"En \u00ab*_Redacci\u00f3n\u00bb","block_context":{"text":"*_Redacci\u00f3n","link":"https:\/\/tomajazz.com\/web\/category\/redaccion\/"},"img":{"alt_text":"V Festival Jazz Vocal Pinto 2024 (Pinto, Madrid. Del 9 al 24 de febrero de 2024) [Noticias de jazz] - Tomajazz","src":"https:\/\/i0.wp.com\/tomajazz.com\/web\/wp-content\/uploads\/2024\/02\/V-Festival-Jazz-Vocal-Pinto-2024-Pinto-Madrid-Del-9-al-24-de-febrero-de-2024-Tomajazz-Noticias-de-jazz.jpg?resize=350%2C200&ssl=1","width":350,"height":200,"srcset":"https:\/\/i0.wp.com\/tomajazz.com\/web\/wp-content\/uploads\/2024\/02\/V-Festival-Jazz-Vocal-Pinto-2024-Pinto-Madrid-Del-9-al-24-de-febrero-de-2024-Tomajazz-Noticias-de-jazz.jpg?resize=350%2C200&ssl=1 1x, https:\/\/i0.wp.com\/tomajazz.com\/web\/wp-content\/uploads\/2024\/02\/V-Festival-Jazz-Vocal-Pinto-2024-Pinto-Madrid-Del-9-al-24-de-febrero-de-2024-Tomajazz-Noticias-de-jazz.jpg?resize=525%2C300&ssl=1 1.5x, https:\/\/i0.wp.com\/tomajazz.com\/web\/wp-content\/uploads\/2024\/02\/V-Festival-Jazz-Vocal-Pinto-2024-Pinto-Madrid-Del-9-al-24-de-febrero-de-2024-Tomajazz-Noticias-de-jazz.jpg?resize=700%2C400&ssl=1 2x"},"classes":[]},{"id":83735,"url":"https:\/\/tomajazz.com\/web\/34o-fias-2024-madrid\/","url_meta":{"origin":83484,"position":4},"title":"34\u00ba FIAS 2024 (Festival Internacional de Arte Sacro. Madrid. Del 15 de febrero al 19 de marzo de 2024) [Noticias de jazz]","author":"Tomajazz","date":"11 febrero, 2024","format":false,"excerpt":"Entre el 15 de febrero y el 19 de marzo de 2024 tendr\u00e1 lugar en Madrid FIAS 2024, Festival Internacional de Arte Sacro #Ciclodejazz #FestivalDeJazz #Festivalesdejazz #Noticiasdejazz","rel":"","context":"En \u00ab*_Redacci\u00f3n\u00bb","block_context":{"text":"*_Redacci\u00f3n","link":"https:\/\/tomajazz.com\/web\/category\/redaccion\/"},"img":{"alt_text":"34\u00ba FIAS 2024 (Festival Internacional de Arte Sacro. Madrid. Del 15 de febrero al 19 de marzo de 2024) [Noticias de jazz] - Tomajazz","src":"https:\/\/i0.wp.com\/tomajazz.com\/web\/wp-content\/uploads\/2024\/02\/fias2024-Tomajazz-Noticias.jpg?resize=350%2C200&ssl=1","width":350,"height":200,"srcset":"https:\/\/i0.wp.com\/tomajazz.com\/web\/wp-content\/uploads\/2024\/02\/fias2024-Tomajazz-Noticias.jpg?resize=350%2C200&ssl=1 1x, https:\/\/i0.wp.com\/tomajazz.com\/web\/wp-content\/uploads\/2024\/02\/fias2024-Tomajazz-Noticias.jpg?resize=525%2C300&ssl=1 1.5x, https:\/\/i0.wp.com\/tomajazz.com\/web\/wp-content\/uploads\/2024\/02\/fias2024-Tomajazz-Noticias.jpg?resize=700%2C400&ssl=1 2x"},"classes":[]},{"id":88881,"url":"https:\/\/tomajazz.com\/web\/andrea-motis-jazz-palma-festival-2024\/","url_meta":{"origin":83484,"position":5},"title":"Andrea Motis (Jazz Palma Festival 2024. 2024-08-01) Por Jos\u00e9 Luis Luna Rocafort [INSTANTZZ AKA Galer\u00eda fotogr\u00e1fica AKA Fotoblog de jazz, impro\u2026 y algo m\u00e1s]","author":"Tomajazz","date":"3 septiembre, 2024","format":false,"excerpt":"Andrea Motis actu\u00f3 en el Jazz Palma Festival 2024, el 1 de agosto, en Castell de Bellver, Palma. Jos\u00e9 Luis Luna Rocafort retrata el concierto en INSTANTZZ. Actuaron Andrea Motis, Christoph Mallinger, Z\u00e9 Luis Nascimento","rel":"","context":"En \u00abINSTANTZZ\u00bb","block_context":{"text":"INSTANTZZ","link":"https:\/\/tomajazz.com\/web\/category\/contenidos\/imagenes\/photoblogs\/instantzz\/"},"img":{"alt_text":"Andrea Motis (Jazz Palma Festival 2024. 2024-08-01) Por Jos\u00e9 Luis Luna Rocafort [INSTANTZZ AKA Galer\u00eda fotogr\u00e1fica AKA Fotoblog de jazz, impro\u2026 y algo m\u00e1s] - Tomajazz - Andrea Motis actu\u00f3 en el Jazz Palma Festival 2024, el 1 de agosto, en Castell de Bellver, Palma. Jos\u00e9 Luis Luna Rocafort retrata el concierto en INSTANTZZ. Actuaron Andrea Motis, Chistoph Mallinger: viol\u00edn, la\u00fad\nZ\u00e9 Luis Nascimento: bater\u00eda, percusi\u00f3n","src":"https:\/\/i0.wp.com\/tomajazz.com\/web\/wp-content\/uploads\/2024\/09\/011-1.jpg?resize=350%2C200&ssl=1","width":350,"height":200,"srcset":"https:\/\/i0.wp.com\/tomajazz.com\/web\/wp-content\/uploads\/2024\/09\/011-1.jpg?resize=350%2C200&ssl=1 1x, https:\/\/i0.wp.com\/tomajazz.com\/web\/wp-content\/uploads\/2024\/09\/011-1.jpg?resize=525%2C300&ssl=1 1.5x"},"classes":[]}],"jetpack_featured_media_url":"https:\/\/tomajazz.com\/web\/wp-content\/uploads\/2024\/02\/32-Festival-Jazz-A-Castello-2024.jpg","_links":{"self":[{"href":"https:\/\/tomajazz.com\/web\/wp-json\/wp\/v2\/posts\/83484","targetHints":{"allow":["GET"]}}],"collection":[{"href":"https:\/\/tomajazz.com\/web\/wp-json\/wp\/v2\/posts"}],"about":[{"href":"https:\/\/tomajazz.com\/web\/wp-json\/wp\/v2\/types\/post"}],"author":[{"embeddable":true,"href":"https:\/\/tomajazz.com\/web\/wp-json\/wp\/v2\/users\/1"}],"replies":[{"embeddable":true,"href":"https:\/\/tomajazz.com\/web\/wp-json\/wp\/v2\/comments?post=83484"}],"version-history":[{"count":2,"href":"https:\/\/tomajazz.com\/web\/wp-json\/wp\/v2\/posts\/83484\/revisions"}],"predecessor-version":[{"id":83487,"href":"https:\/\/tomajazz.com\/web\/wp-json\/wp\/v2\/posts\/83484\/revisions\/83487"}],"wp:featuredmedia":[{"embeddable":true,"href":"https:\/\/tomajazz.com\/web\/wp-json\/wp\/v2\/media\/83485"}],"wp:attachment":[{"href":"https:\/\/tomajazz.com\/web\/wp-json\/wp\/v2\/media?parent=83484"}],"wp:term":[{"taxonomy":"category","embeddable":true,"href":"https:\/\/tomajazz.com\/web\/wp-json\/wp\/v2\/categories?post=83484"},{"taxonomy":"post_tag","embeddable":true,"href":"https:\/\/tomajazz.com\/web\/wp-json\/wp\/v2\/tags?post=83484"}],"curies":[{"name":"wp","href":"https:\/\/api.w.org\/{rel}","templated":true}]}}