{"id":83491,"date":"2024-02-05T10:30:18","date_gmt":"2024-02-05T09:30:18","guid":{"rendered":"https:\/\/www.tomajazz.com\/web\/?p=83491"},"modified":"2024-02-04T22:00:31","modified_gmt":"2024-02-04T21:00:31","slug":"ii-festival-de-jazz-alpedrete-2024","status":"publish","type":"post","link":"https:\/\/tomajazz.com\/web\/ii-festival-de-jazz-alpedrete-2024\/","title":{"rendered":"II Festival de Jazz Alpedrete 2024 (10 al 24 de febrero de 2024. Alpedrete, Madrid) [Noticias de jazz]"},"content":{"rendered":"<p style=\"text-align: center;\"><img loading=\"lazy\" decoding=\"async\" class=\"aligncenter size-large wp-image-83492\" title=\"II Festival de Jazz Alpedrete 2024 (10 al 24 de febrero de 2024. Alpedrete, Madrid) [Noticias de jazz] Tomajazz II Festival Jazz Alpedrete 2024 Tomajazz Noticias\" src=\"https:\/\/tomajazz.com\/web\/wp-content\/uploads\/2024\/02\/II-Festival-Jazz-Alpedrete-2024-Tomajazz-Noticias-423x600.jpg\" alt=\"II Festival de Jazz Alpedrete 2024 (10 al 24 de febrero de 2024. Alpedrete, Madrid) [Noticias de jazz] - Tomajazz - Entre el 10 y el 24 de febrero de 2024 tendr\u00e1 lugar en Alpedrete (Madrid), el II Festival de Jazz de Alpedrete 2024 #Ciclodejazz #FestivalDeJazz #Festivalesdejazz #Noticiasdejazz\" width=\"423\" height=\"600\" srcset=\"https:\/\/tomajazz.com\/web\/wp-content\/uploads\/2024\/02\/II-Festival-Jazz-Alpedrete-2024-Tomajazz-Noticias-423x600.jpg 423w, https:\/\/tomajazz.com\/web\/wp-content\/uploads\/2024\/02\/II-Festival-Jazz-Alpedrete-2024-Tomajazz-Noticias-211x300.jpg 211w, https:\/\/tomajazz.com\/web\/wp-content\/uploads\/2024\/02\/II-Festival-Jazz-Alpedrete-2024-Tomajazz-Noticias-768x1090.jpg 768w, https:\/\/tomajazz.com\/web\/wp-content\/uploads\/2024\/02\/II-Festival-Jazz-Alpedrete-2024-Tomajazz-Noticias-388x550.jpg 388w, https:\/\/tomajazz.com\/web\/wp-content\/uploads\/2024\/02\/II-Festival-Jazz-Alpedrete-2024-Tomajazz-Noticias-352x500.jpg 352w, https:\/\/tomajazz.com\/web\/wp-content\/uploads\/2024\/02\/II-Festival-Jazz-Alpedrete-2024-Tomajazz-Noticias.jpg 800w\" sizes=\"auto, (max-width: 423px) 100vw, 423px\" \/><\/p>\n<p>Entre el 10 y el 24 de febrero de 2024 tendr\u00e1 lugar en Alpedrete (Madrid), el II Festival de Jazz Alpedrete 2024.<\/p>\n<h3>Programaci\u00f3n<\/h3>\n<p>10 de febrero. 20:00<br \/>\nJavier Moreno &amp; Quinteto Capital<\/p>\n<p>17 de febrero. 19:30<br \/>\nMandonga Homenaje a Neil Larsen<\/p>\n<p>24 de febrero. 11:00 y 12:30<br \/>\nEstim\u00fasica Jazz impartido por Cucal Albert (Indigo Jazz)<\/p>\n<p>24 de febrero 19:30<br \/>\nMaureen Choi and Quartet 10\u00ba Aniversario<\/p>\n<h3>Datos de inter\u00e9s<\/h3>\n<p>Todos los conciertos y actividades ser\u00e1n en el Auditorio Centro Cultural.<\/p>\n<p>Direcci\u00f3n Auditorio Centro Cultural. Ayuntamiento de Alpedrete.<\/p>\n<h3>M\u00e1s informaci\u00f3n de II Festival de Jazz Alpedrete 2024<\/h3>\n<p><a href=\"https:\/\/www.alpedrete.es\/58753-2\/\" target=\"_blank\" rel=\"noopener\">https:\/\/www.alpedrete.es\/58753-2\/<\/a><\/p>\n<h3>Y adem\u00e1s&#8230;<\/h3>\n<p><a href=\"https:\/\/tomajazz.com\/web\/?s=festival+de+jazz+alpedrete&amp;submit=Search\" target=\"_blank\" rel=\"noopener\">https:\/\/tomajazz.com\/web\/?s=festival+de+jazz+alpedrete&amp;submit=Search<\/a><\/p>\n<h3>Especial Festivales, ciclos, conciertos, seminarios, conciertos, concursos y eventos de Jazz en Tomajazz<\/h3>\n<blockquote class=\"wp-embedded-content\" data-secret=\"fuBhuXcO2P\"><p><a href=\"https:\/\/tomajazz.com\/web\/festivales-de-jazz\/\">Los Festivales de jazz, Ciclos, Seminarios, Conciertos, Exposiciones y Eventos de jazz en Espa\u00f1a [Especial jazz en Espa\u00f1a]<\/a><\/p><\/blockquote>\n<p><iframe loading=\"lazy\" class=\"wp-embedded-content\" sandbox=\"allow-scripts\" security=\"restricted\" style=\"position: absolute; visibility: hidden;\" title=\"\u00abLos Festivales de jazz, Ciclos, Seminarios, Conciertos, Exposiciones y Eventos de jazz en Espa\u00f1a [Especial jazz en Espa\u00f1a]\u00bb \u2014 Tomajazz\" src=\"https:\/\/tomajazz.com\/web\/festivales-de-jazz\/embed\/#?secret=rXXvi1RBfl#?secret=fuBhuXcO2P\" data-secret=\"fuBhuXcO2P\" width=\"600\" height=\"338\" frameborder=\"0\" marginwidth=\"0\" marginheight=\"0\" scrolling=\"no\"><\/iframe><\/p>\n<p>&nbsp;<\/p>\n<p>&nbsp;<\/p>\n","protected":false},"excerpt":{"rendered":"<p>Entre el 10 y el 24 de febrero de 2024 tendr\u00e1 lugar en Alpedrete (Madrid), el II Festival de Jazz de Alpedrete 2024 #Ciclodejazz #FestivalDeJazz #Festivalesdejazz #Noticiasdejazz<span class=\"more-link\"><a href=\"https:\/\/tomajazz.com\/web\/ii-festival-de-jazz-alpedrete-2024\/\">Contin\u00faa leyendo<\/a><\/span><\/p>\n","protected":false},"author":1,"featured_media":83492,"comment_status":"open","ping_status":"closed","sticky":false,"template":"","format":"standard","meta":{"jetpack_post_was_ever_published":false,"_jetpack_newsletter_access":"","_jetpack_dont_email_post_to_subs":false,"_jetpack_newsletter_tier_id":0,"_jetpack_memberships_contains_paywalled_content":false,"_jetpack_memberships_contains_paid_content":false,"footnotes":""},"categories":[29375,17858,15795,1038],"tags":[30698,30697,30699,30700],"class_list":["entry","author-pachi","has-excerpt","post-83491","post","type-post","status-publish","format-standard","has-post-thumbnail","category-festivales-jazz-otono-invierno-2023-2024","category-redaccion","category-noticias-2","category-contenidos","tag-festival-de-jazz-alpedrete","tag-festival-de-jazz-alpedrete-2024","tag-ii-festival-de-jazz-alpedrete","tag-ii-festival-de-jazz-alpedrete-2024"],"jetpack_featured_media_url":"https:\/\/tomajazz.com\/web\/wp-content\/uploads\/2024\/02\/II-Festival-Jazz-Alpedrete-2024-Tomajazz-Noticias.jpg","jetpack_likes_enabled":true,"jetpack_sharing_enabled":true,"jetpack-related-posts":[{"id":82873,"url":"https:\/\/tomajazz.com\/web\/ii-festival-de-jazz-de-illescas-2024\/","url_meta":{"origin":83491,"position":0},"title":"II Festival de Jazz de Illescas 2024 (16 al 24 de febrero de 2024. Illescas, Toledo) [Noticias de jazz]","author":"Tomajazz","date":"22 enero, 2024","format":false,"excerpt":"Entre el 16 y el 24 de febrero de 2024 tendr\u00e1 lugar en Illescas (Toledo), el II Festival de Jazz de Illescas 2024 #Ciclodejazz #FestivalDeJazz #Festivalesdejazz #Noticiasdejazz","rel":"","context":"En \u00abFestivales Jazz Oto\u00f1o - Invierno 2023 - 2024\u00bb","block_context":{"text":"Festivales Jazz Oto\u00f1o - Invierno 2023 - 2024","link":"https:\/\/tomajazz.com\/web\/category\/contenidos\/noticias-2\/festivales-jazz-otono-invierno-2023-2024\/"},"img":{"alt_text":"II Festival de Jazz de Illescas 2024 (16 al 24 de febrero de 2024. Illescas, Toledo) [Noticias de jazz] - Tomajazz - Entre el 16 y el 24 de febrero de 2024 tendr\u00e1 lugar en Illescas (Toledo), el II Festival de Jazz de Illescas 2024 #Ciclodejazz #FestivalDeJazz #Festivalesdejazz #Noticiasdejazz","src":"https:\/\/i0.wp.com\/tomajazz.com\/web\/wp-content\/uploads\/2024\/01\/II-Festival-Jazz-Illescas-2024-Tomajazz-Noticias.jpg?resize=350%2C200&ssl=1","width":350,"height":200},"classes":[]},{"id":104847,"url":"https:\/\/tomajazz.com\/web\/alba-careta-group-panical-jazz-granollers-2026\/","url_meta":{"origin":83491,"position":1},"title":"Alba Careta Group \u201cPanical\u201d (36\u00e8 Jazz Granollers Festival \/ Casino, 2026-02-27 \/ Granollers -Barcelona-) [II] Por Joan Cort\u00e8s [INSTANTZZ AKA Galer\u00eda fotogr\u00e1fica AKA Fotoblog de jazz, impro\u2026 y algo m\u00e1s]","author":"Tomajazz","date":"12 abril, 2026","format":false,"excerpt":"Alba Careta Group \u201cPanical\u201d actu\u00f3 en el 36\u00e8 Jazz Granollers Festival, el 27 de febrero de 2026. Joan Cort\u00e8s lo retrata en INSTANTZZ. Alba Careta Group \u201cPanical\u201d son Alba Careta, Lucas Mart\u00ednez, Roger Santacana, Giuseppe Campisi, Jordi Pallar\u00e9s","rel":"","context":"En \u00ab36 Jazz Granollers Festival 2026\u00bb","block_context":{"text":"36 Jazz Granollers Festival 2026","link":"https:\/\/tomajazz.com\/web\/category\/contenidos\/especial-contenidos\/36-jazz-granollers-festival-2026\/"},"img":{"alt_text":"Alba Careta Group \u201cPanical\u201d (36\u00e8 Jazz Granollers Festival \/ Casino, 2026-02-27 \/ Granollers -Barcelona-) [II] Por Joan Cort\u00e8s [INSTANTZZ AKA Galer\u00eda fotogr\u00e1fica AKA Fotoblog de jazz, impro\u2026 y algo m\u00e1s] - Tomajazz - Alba Careta Group \u201cPanical\u201d actu\u00f3 en el 36\u00e8 Jazz Granollers Festival, el 27 de febrero de 2026. Joan Cort\u00e8s lo retrata en INSTANTZZ. Alba Careta Group \u201cPanical\u201d son Alba Careta, Lucas Mart\u00ednez, Roger Santacana, Giuseppe Campisi, Jordi Pallar\u00e9s\n","src":"https:\/\/i0.wp.com\/tomajazz.com\/web\/wp-content\/uploads\/2026\/04\/destacada-03-lb-Crt-Grp-Photo-by-Joan-Cortes-27fbr26-36JGF-CG-CR-Grnllrs.jpg?resize=350%2C200&ssl=1","width":350,"height":200,"srcset":"https:\/\/i0.wp.com\/tomajazz.com\/web\/wp-content\/uploads\/2026\/04\/destacada-03-lb-Crt-Grp-Photo-by-Joan-Cortes-27fbr26-36JGF-CG-CR-Grnllrs.jpg?resize=350%2C200&ssl=1 1x, https:\/\/i0.wp.com\/tomajazz.com\/web\/wp-content\/uploads\/2026\/04\/destacada-03-lb-Crt-Grp-Photo-by-Joan-Cortes-27fbr26-36JGF-CG-CR-Grnllrs.jpg?resize=525%2C300&ssl=1 1.5x"},"classes":[]},{"id":83484,"url":"https:\/\/tomajazz.com\/web\/32-festival-jazz-a-castello-2024\/","url_meta":{"origin":83491,"position":2},"title":"32 Festival Jazz A Castell\u00f3 2024 (5 al 24 de febrero de 2024. Castell\u00f3n) [Noticias de jazz]","author":"Tomajazz","date":"5 febrero, 2024","format":false,"excerpt":"Entre el 5 y el 24 de febrero de 2024 tendr\u00e1 lugar en Castell\u00f3n el 32 Festival Jazz A Castell\u00f3 2024 #Ciclodejazz #FestivalDeJazz #Festivalesdejazz #Noticiasdejazz","rel":"","context":"En \u00abFestivales Jazz Oto\u00f1o - Invierno 2023 - 2024\u00bb","block_context":{"text":"Festivales Jazz Oto\u00f1o - Invierno 2023 - 2024","link":"https:\/\/tomajazz.com\/web\/category\/contenidos\/noticias-2\/festivales-jazz-otono-invierno-2023-2024\/"},"img":{"alt_text":"32 Festival Jazz A Castell\u00f3 2024 (5 al 24 de febrero de 2024. Castell\u00f3n) [Noticias de jazz] - Tomajazz - Entre el 5 y el 24 de febrero de 2024 tendr\u00e1 lugar en Castell\u00f3n el 32 Festival Jazz A Castell\u00f3 2024 #Ciclodejazz #FestivalDeJazz #Festivalesdejazz #Noticiasdejazz","src":"https:\/\/i0.wp.com\/tomajazz.com\/web\/wp-content\/uploads\/2024\/02\/32-Festival-Jazz-A-Castello-2024.jpg?resize=350%2C200&ssl=1","width":350,"height":200,"srcset":"https:\/\/i0.wp.com\/tomajazz.com\/web\/wp-content\/uploads\/2024\/02\/32-Festival-Jazz-A-Castello-2024.jpg?resize=350%2C200&ssl=1 1x, https:\/\/i0.wp.com\/tomajazz.com\/web\/wp-content\/uploads\/2024\/02\/32-Festival-Jazz-A-Castello-2024.jpg?resize=525%2C300&ssl=1 1.5x"},"classes":[]},{"id":83739,"url":"https:\/\/tomajazz.com\/web\/v-festival-jazz-vocal-pinto-2024\/","url_meta":{"origin":83491,"position":3},"title":"V Festival Jazz Vocal Pinto 2024 (Pinto, Madrid. Del 9 al 24 de febrero de 2024) [Noticias de jazz]","author":"Tomajazz","date":"11 febrero, 2024","format":false,"excerpt":"Entre el 9 y el 24 de febrero de 2024 tendr\u00e1 lugar en Pinto (Madrid), el V Festival Jazz Vocal Pinto 2024 #Ciclodejazz #FestivalDeJazz #Festivalesdejazz #Noticiasdejazz","rel":"","context":"En \u00ab*_Redacci\u00f3n\u00bb","block_context":{"text":"*_Redacci\u00f3n","link":"https:\/\/tomajazz.com\/web\/category\/redaccion\/"},"img":{"alt_text":"V Festival Jazz Vocal Pinto 2024 (Pinto, Madrid. Del 9 al 24 de febrero de 2024) [Noticias de jazz] - Tomajazz","src":"https:\/\/i0.wp.com\/tomajazz.com\/web\/wp-content\/uploads\/2024\/02\/V-Festival-Jazz-Vocal-Pinto-2024-Pinto-Madrid-Del-9-al-24-de-febrero-de-2024-Tomajazz-Noticias-de-jazz.jpg?resize=350%2C200&ssl=1","width":350,"height":200,"srcset":"https:\/\/i0.wp.com\/tomajazz.com\/web\/wp-content\/uploads\/2024\/02\/V-Festival-Jazz-Vocal-Pinto-2024-Pinto-Madrid-Del-9-al-24-de-febrero-de-2024-Tomajazz-Noticias-de-jazz.jpg?resize=350%2C200&ssl=1 1x, https:\/\/i0.wp.com\/tomajazz.com\/web\/wp-content\/uploads\/2024\/02\/V-Festival-Jazz-Vocal-Pinto-2024-Pinto-Madrid-Del-9-al-24-de-febrero-de-2024-Tomajazz-Noticias-de-jazz.jpg?resize=525%2C300&ssl=1 1.5x, https:\/\/i0.wp.com\/tomajazz.com\/web\/wp-content\/uploads\/2024\/02\/V-Festival-Jazz-Vocal-Pinto-2024-Pinto-Madrid-Del-9-al-24-de-febrero-de-2024-Tomajazz-Noticias-de-jazz.jpg?resize=700%2C400&ssl=1 2x"},"classes":[]},{"id":83498,"url":"https:\/\/tomajazz.com\/web\/iii-big-band-festival-latina-2024\/","url_meta":{"origin":83491,"position":4},"title":"III Big Band Festival Latina 2024 (2 al 25 de febrero de 2024. Madrid) [Noticias de jazz]","author":"Tomajazz","date":"5 febrero, 2024","format":false,"excerpt":"Entre el 2 y el 25 de febrero de 2024 tendr\u00e1 lugar en Madrid, el III Big Band Festival Latina 2024 #Ciclodejazz #FestivalDeJazz #Festivalesdejazz #Noticiasdejazz","rel":"","context":"En \u00abFestivales Jazz Oto\u00f1o - Invierno 2023 - 2024\u00bb","block_context":{"text":"Festivales Jazz Oto\u00f1o - Invierno 2023 - 2024","link":"https:\/\/tomajazz.com\/web\/category\/contenidos\/noticias-2\/festivales-jazz-otono-invierno-2023-2024\/"},"img":{"alt_text":"III Big Band Festival Latina 2024 (2 al 25 de febrero de 2024. Madrid) [Noticias de jazz] - Tomajazz","src":"https:\/\/i0.wp.com\/tomajazz.com\/web\/wp-content\/uploads\/2024\/02\/III-Festival-Big-Band-de-Latina-2024.jpeg?resize=350%2C200&ssl=1","width":350,"height":200,"srcset":"https:\/\/i0.wp.com\/tomajazz.com\/web\/wp-content\/uploads\/2024\/02\/III-Festival-Big-Band-de-Latina-2024.jpeg?resize=350%2C200&ssl=1 1x, https:\/\/i0.wp.com\/tomajazz.com\/web\/wp-content\/uploads\/2024\/02\/III-Festival-Big-Band-de-Latina-2024.jpeg?resize=525%2C300&ssl=1 1.5x, https:\/\/i0.wp.com\/tomajazz.com\/web\/wp-content\/uploads\/2024\/02\/III-Festival-Big-Band-de-Latina-2024.jpeg?resize=700%2C400&ssl=1 2x"},"classes":[]},{"id":103771,"url":"https:\/\/tomajazz.com\/web\/otono-femenino-2025-ii\/","url_meta":{"origin":83491,"position":5},"title":"Oto\u00f1o Femenino 2025 (II) Por Joan Cort\u00e8s [INSTANTZZ AKA Galer\u00eda fotogr\u00e1fica AKA Fotoblog de jazz, impro\u2026 y algo m\u00e1s]","author":"Tomajazz","date":"29 enero, 2026","format":false,"excerpt":"Un cl\u00e1sico en Tomajazz son los repasos estacionales de Joan Cort\u00e8s en INSTANTZZ, en esta ocasi\u00f3n con la segunda parte de Oto\u00f1o Femenino 2025","rel":"","context":"En \u00abOto\u00f1o Femenino\u00bb","block_context":{"text":"Oto\u00f1o Femenino","link":"https:\/\/tomajazz.com\/web\/category\/contenidos\/especial-contenidos\/otono-femenino\/"},"img":{"alt_text":"Oto\u00f1o Femenino 2025 (II) Por Joan Cort\u00e8s [INSTANTZZ AKA Galer\u00eda fotogr\u00e1fica AKA Fotoblog de jazz, impro\u2026 y algo m\u00e1s] - Tomajazz - Un cl\u00e1sico en Tomajazz son los repasos estacionales de Joan Cort\u00e8s en INSTANTZZ, en esta ocasi\u00f3n con la segunda parte de Oto\u00f1o Femenino 2025","src":"https:\/\/i0.wp.com\/tomajazz.com\/web\/wp-content\/uploads\/2026\/01\/destacada-21-Nr-nsmbl-Photo-By-Joan-Cortes-14dsm25-Hngr-Sl-Rcsn-Bcn.jpg?resize=350%2C200&ssl=1","width":350,"height":200,"srcset":"https:\/\/i0.wp.com\/tomajazz.com\/web\/wp-content\/uploads\/2026\/01\/destacada-21-Nr-nsmbl-Photo-By-Joan-Cortes-14dsm25-Hngr-Sl-Rcsn-Bcn.jpg?resize=350%2C200&ssl=1 1x, https:\/\/i0.wp.com\/tomajazz.com\/web\/wp-content\/uploads\/2026\/01\/destacada-21-Nr-nsmbl-Photo-By-Joan-Cortes-14dsm25-Hngr-Sl-Rcsn-Bcn.jpg?resize=525%2C300&ssl=1 1.5x"},"classes":[]}],"_links":{"self":[{"href":"https:\/\/tomajazz.com\/web\/wp-json\/wp\/v2\/posts\/83491","targetHints":{"allow":["GET"]}}],"collection":[{"href":"https:\/\/tomajazz.com\/web\/wp-json\/wp\/v2\/posts"}],"about":[{"href":"https:\/\/tomajazz.com\/web\/wp-json\/wp\/v2\/types\/post"}],"author":[{"embeddable":true,"href":"https:\/\/tomajazz.com\/web\/wp-json\/wp\/v2\/users\/1"}],"replies":[{"embeddable":true,"href":"https:\/\/tomajazz.com\/web\/wp-json\/wp\/v2\/comments?post=83491"}],"version-history":[{"count":2,"href":"https:\/\/tomajazz.com\/web\/wp-json\/wp\/v2\/posts\/83491\/revisions"}],"predecessor-version":[{"id":83494,"href":"https:\/\/tomajazz.com\/web\/wp-json\/wp\/v2\/posts\/83491\/revisions\/83494"}],"wp:featuredmedia":[{"embeddable":true,"href":"https:\/\/tomajazz.com\/web\/wp-json\/wp\/v2\/media\/83492"}],"wp:attachment":[{"href":"https:\/\/tomajazz.com\/web\/wp-json\/wp\/v2\/media?parent=83491"}],"wp:term":[{"taxonomy":"category","embeddable":true,"href":"https:\/\/tomajazz.com\/web\/wp-json\/wp\/v2\/categories?post=83491"},{"taxonomy":"post_tag","embeddable":true,"href":"https:\/\/tomajazz.com\/web\/wp-json\/wp\/v2\/tags?post=83491"}],"curies":[{"name":"wp","href":"https:\/\/api.w.org\/{rel}","templated":true}]}}