{"id":83639,"date":"2024-02-08T10:05:53","date_gmt":"2024-02-08T09:05:53","guid":{"rendered":"https:\/\/www.tomajazz.com\/web\/?p=83639"},"modified":"2024-02-08T10:11:06","modified_gmt":"2024-02-08T09:11:06","slug":"jazz-en-las-cosicas-de-pamplona-iruna-2024-nws","status":"publish","type":"post","link":"https:\/\/tomajazz.com\/web\/jazz-en-las-cosicas-de-pamplona-iruna-2024-nws\/","title":{"rendered":"Jazz en Las cosicas de Pamplona &#8211; Iru\u00f1a [Noticias de jazz]"},"content":{"rendered":"<p style=\"text-align: center;\"><img loading=\"lazy\" decoding=\"async\" class=\"aligncenter size-full wp-image-83640\" title=\"Jazz en Las cosicas de Pamplona - Iru\u00f1a [Noticias de jazz] Tomajazz Logo Las Cosicas de Pamplona 1\" src=\"https:\/\/tomajazz.com\/web\/wp-content\/uploads\/2024\/02\/Logo-Las-Cosicas-de-Pamplona-1.png\" alt=\"Jazz en Las cosicas de Pamplona - Iru\u00f1a [Noticias de jazz] - Tomajazz - La comunidad de WhatsApp\u00a0Las cosicas de Pamplona - Iru\u00f1a estrena una secci\u00f3n semanal de jazz. La secci\u00f3n estar\u00e1 en activo a partir del 13 de febrero #Noticiasdejazz\" width=\"512\" height=\"152\" srcset=\"https:\/\/tomajazz.com\/web\/wp-content\/uploads\/2024\/02\/Logo-Las-Cosicas-de-Pamplona-1.png 512w, https:\/\/tomajazz.com\/web\/wp-content\/uploads\/2024\/02\/Logo-Las-Cosicas-de-Pamplona-1-300x89.png 300w, https:\/\/tomajazz.com\/web\/wp-content\/uploads\/2024\/02\/Logo-Las-Cosicas-de-Pamplona-1-465x138.png 465w\" sizes=\"auto, (max-width: 512px) 100vw, 512px\" \/><\/p>\n<p>La comunidad de WhatsApp\u00a0<em>Las cosicas de Pamplona &#8211; Iru\u00f1a<\/em> estrena una secci\u00f3n semanal de jazz. La secci\u00f3n comenzar\u00e1 su actividad el martes 13 de febrero.<\/p>\n<p>En esta secci\u00f3n de jazz (presentada a la comunidad el 7 de febrero) contar\u00e1 con la colaboraci\u00f3n de Pachi Tapiz, que realizar\u00e1 una recomendaci\u00f3n semanal. Las aportaciones estar\u00e1n centradas principalmente en el Jazz en Navarra, aunque no exclusivamente.<\/p>\n<h3>M\u00e1s informaci\u00f3n<\/h3>\n<p><em>Las cosicas de Pamplona &#8211; Iru\u00f1a<\/em> es una iniciativa del periodista Diego Macaya. Su nueva aventura se present\u00f3 el 23 de enero de 2024 y comenz\u00f3 su andadura el d\u00eda 25 del primer mes de ese mismo a\u00f1o.<\/p>\n<p>Diariamente informa a los seguidores del canal de WhatsApp de distintas noticias y de la agenda cultural de Pamplona a las diez de la ma\u00f1ana y de la noche. No se olvida del tiempo, de aportar sus notas de humor y tambi\u00e9n incluye distintas secciones que versan sobre asuntos de lo m\u00e1s variado. Como un medio de informaci\u00f3n vivo y directo, tambi\u00e9n est\u00e1 abierto a la colaboraci\u00f3n de los miembros de la comunidad.<\/p>\n<p>Las suscripciones al canal se pueden realizar en <a href=\"https:\/\/b2xk.short.gy\/GXhqEn\" target=\"_blank\" rel=\"noopener\">https:\/\/b2xk.short.gy\/GXhqEn<\/a> o en <a href=\"https:\/\/chat.whatsapp.com\/ECRkFN6cag2KoLTKZaFvD3\" target=\"_blank\" rel=\"noopener\">https:\/\/chat.whatsapp.com\/ECRkFN6cag2KoLTKZaFvD3<\/a>, as\u00ed como desde su p\u00e1gina web <a href=\"https:\/\/lascosicas.com\/\" target=\"_blank\" rel=\"noopener\">https:\/\/lascosicas.com\/<\/a>. Tambi\u00e9n dispone de un canal en Youtube <a href=\"https:\/\/www.youtube.com\/@LasCosicasdePamplonaIruna\" target=\"_blank\" rel=\"noopener\">https:\/\/www.youtube.com\/@LasCosicasdePamplonaIruna<\/a><\/p>\n<p><iframe loading=\"lazy\" title=\"Presentaci\u00f3n Diego Macaya - Las Cosicas de Pamplona\" width=\"1440\" height=\"810\" src=\"https:\/\/www.youtube.com\/embed\/XQmPiSUytlw?feature=oembed\" frameborder=\"0\" allow=\"accelerometer; autoplay; clipboard-write; encrypted-media; gyroscope; picture-in-picture; web-share\" referrerpolicy=\"strict-origin-when-cross-origin\" allowfullscreen><\/iframe><\/p>\n<h3>Y adem\u00e1s&#8230;<\/h3>\n<p><a href=\"https:\/\/tomajazz.com\/web\/?s=las+cosicas+de+pamplona&amp;submit=search\" target=\"_blank\" rel=\"noopener\">https:\/\/tomajazz.com\/web\/?s=las+cosicas+de+pamplona&amp;submit=search<\/a><\/p>\n<p>&nbsp;<\/p>\n","protected":false},"excerpt":{"rendered":"<p>La comunidad de WhatsApp\u00a0Las cosicas de Pamplona &#8211; Iru\u00f1a estrena una secci\u00f3n semanal de jazz. La secci\u00f3n estar\u00e1 en activo a partir del 13 de febrero #Noticiasdejazz<span class=\"more-link\"><a href=\"https:\/\/tomajazz.com\/web\/jazz-en-las-cosicas-de-pamplona-iruna-2024-nws\/\">Contin\u00faa leyendo<\/a><\/span><\/p>\n","protected":false},"author":1,"featured_media":83640,"comment_status":"open","ping_status":"closed","sticky":false,"template":"","format":"standard","meta":{"_jetpack_newsletter_access":"","_jetpack_dont_email_post_to_subs":false,"_jetpack_newsletter_tier_id":0,"_jetpack_memberships_contains_paywalled_content":false,"_jetpack_feature_clip_id":0,"_jetpack_memberships_contains_paid_content":false,"footnotes":"","jetpack_post_was_ever_published":false},"categories":[15795,17858,1038],"tags":[30722],"class_list":["entry","author-pachi","has-excerpt","post-83639","post","type-post","status-publish","format-standard","has-post-thumbnail","category-noticias-2","category-redaccion","category-contenidos","tag-las-cosicas-de-pamplona-iruna"],"jetpack_likes_enabled":true,"jetpack_sharing_enabled":true,"jetpack-related-posts":[{"id":41319,"url":"https:\/\/tomajazz.com\/web\/ramon-cardo-con-asociacion-pamplona-jazz-iruna-jazz-pamplona-navarra-25-y-26-enero-2019-noticias\/","url_meta":{"origin":83639,"position":0},"title":"Ram\u00f3n Cardo con Asociaci\u00f3n Pamplona Jazz \/ Iru\u00f1a Jazz (Pamplona, Navarra. 25 y 26 enero 2019) [Noticias]","author":"Tomajazz","date":"24 enero, 2019","format":false,"excerpt":"Por Redacci\u00f3n. La Asociaci\u00f3n Pamplona Jazz \/ Iru\u00f1a Jazz invita a Ram\u00f3n Cardo. Tendr\u00e1n lugar las siguientes actividades: Viernes 25 de enero de 9:30h a 12:30h. Civivox Jus La Rocha Ensayo abierto con la Pamplona Jazz Orquesta\/Iru\u00f1a Jazz Orkestra S\u00e1bado 26 de enero de 9:30h a 12:30h. Civivox Jus La\u2026","rel":"","context":"En \u00ab*_Redacci\u00f3n\u00bb","block_context":{"text":"*_Redacci\u00f3n","link":"https:\/\/tomajazz.com\/web\/category\/redaccion\/"},"img":{"alt_text":"","src":"https:\/\/i0.wp.com\/tomajazz.com\/web\/wp-content\/uploads\/2019\/01\/Ramon-Cardo-Asociacion-Pamplona-Jazz-Iru%C3%B1a-Jazz.jpg?resize=350%2C200&ssl=1","width":350,"height":200,"srcset":"https:\/\/i0.wp.com\/tomajazz.com\/web\/wp-content\/uploads\/2019\/01\/Ramon-Cardo-Asociacion-Pamplona-Jazz-Iru%C3%B1a-Jazz.jpg?resize=350%2C200&ssl=1 1x, https:\/\/i0.wp.com\/tomajazz.com\/web\/wp-content\/uploads\/2019\/01\/Ramon-Cardo-Asociacion-Pamplona-Jazz-Iru%C3%B1a-Jazz.jpg?resize=525%2C300&ssl=1 1.5x, https:\/\/i0.wp.com\/tomajazz.com\/web\/wp-content\/uploads\/2019\/01\/Ramon-Cardo-Asociacion-Pamplona-Jazz-Iru%C3%B1a-Jazz.jpg?resize=700%2C400&ssl=1 2x, https:\/\/i0.wp.com\/tomajazz.com\/web\/wp-content\/uploads\/2019\/01\/Ramon-Cardo-Asociacion-Pamplona-Jazz-Iru%C3%B1a-Jazz.jpg?resize=1050%2C600&ssl=1 3x"},"classes":[]},{"id":102548,"url":"https:\/\/tomajazz.com\/web\/estreno-suite-pompaelo-pamplona-2025\/","url_meta":{"origin":83639,"position":1},"title":"Estreno absoluto de la Suite Pompaelo (Pamplona \u2013 Iru\u00f1a. 28 de diciembre de 2025) [Noticias de jazz]","author":"Tomajazz","date":"4 diciembre, 2025","format":false,"excerpt":"El pr\u00f3ximo 28 de diciembre de 2025 tendr\u00e1 lugar el estreno absoluto de la obra Suite Pompaelo, compuesta por Josetxo Goia-Aribe. El concierto se celebrar\u00e1 en Civivox Pompelo (Salesianos) a las 20:00 h, con entrada gratuita #Noticiasdejazz","rel":"","context":"En \u00ab*_Redacci\u00f3n\u00bb","block_context":{"text":"*_Redacci\u00f3n","link":"https:\/\/tomajazz.com\/web\/category\/redaccion\/"},"img":{"alt_text":"Estreno absoluto de la Suite Pompaelo (Pamplona \u2013 Iru\u00f1a. 28 de diciembre de 2025) [Noticias de jazz] - Tomajazz - El pr\u00f3ximo 28 de diciembre de 2025 tendr\u00e1 lugar el estreno absoluto de la obra Suite Pompaelo, compuesta por Josetxo Goia-Aribe. El concierto se celebrar\u00e1 en Civivox Pompelo (Salesianos) a las 20:00 h, con entrada gratuita #Noticiasdejazz","src":"https:\/\/i0.wp.com\/tomajazz.com\/web\/wp-content\/uploads\/2025\/12\/estreno-suite-pompaelo-noticias-tomajazz.jpeg?resize=350%2C200&ssl=1","width":350,"height":200,"srcset":"https:\/\/i0.wp.com\/tomajazz.com\/web\/wp-content\/uploads\/2025\/12\/estreno-suite-pompaelo-noticias-tomajazz.jpeg?resize=350%2C200&ssl=1 1x, https:\/\/i0.wp.com\/tomajazz.com\/web\/wp-content\/uploads\/2025\/12\/estreno-suite-pompaelo-noticias-tomajazz.jpeg?resize=525%2C300&ssl=1 1.5x, https:\/\/i0.wp.com\/tomajazz.com\/web\/wp-content\/uploads\/2025\/12\/estreno-suite-pompaelo-noticias-tomajazz.jpeg?resize=700%2C400&ssl=1 2x"},"classes":[]},{"id":36042,"url":"https:\/\/tomajazz.com\/web\/big-band-csmn-hutsun-txalaparta-j-e-l-trio-2o-iruna-jazz-festival-pamplona-abril-mayo-2018-conciertos\/","url_meta":{"origin":83639,"position":2},"title":"Big Band CSMN \/ Hutsun Txalaparta + J.E.L. Tr\u00edo (2\u00ba Iru\u00f1a Jazz Festival, Pamplona. Abril &#8211; Mayo 2018) [Conciertos]","author":"Tomajazz","date":"11 abril, 2018","format":false,"excerpt":"\u00a0 2\u00ba Iru\u00f1a Jazz Festival Jueves 19 de abril. Big Band CSMN - Conservatorio de M\u00fasica de Navarra Jueves 3 de mayo. Hutsun Txalaparta + J.E.L. Tr\u00edo (Jaso - Escrich - Lizarraga) Toda la informaci\u00f3n en www.zentralpamplona.com","rel":"","context":"En \u00ab*_Redacci\u00f3n\u00bb","block_context":{"text":"*_Redacci\u00f3n","link":"https:\/\/tomajazz.com\/web\/category\/redaccion\/"},"img":{"alt_text":"","src":"https:\/\/i0.wp.com\/tomajazz.com\/web\/wp-content\/uploads\/2018\/04\/2-Iru%C3%B1a-Jazz-Festival-2018-e1523470448596.jpeg?resize=350%2C200&ssl=1","width":350,"height":200,"srcset":"https:\/\/i0.wp.com\/tomajazz.com\/web\/wp-content\/uploads\/2018\/04\/2-Iru%C3%B1a-Jazz-Festival-2018-e1523470448596.jpeg?resize=350%2C200&ssl=1 1x, https:\/\/i0.wp.com\/tomajazz.com\/web\/wp-content\/uploads\/2018\/04\/2-Iru%C3%B1a-Jazz-Festival-2018-e1523470448596.jpeg?resize=525%2C300&ssl=1 1.5x, https:\/\/i0.wp.com\/tomajazz.com\/web\/wp-content\/uploads\/2018\/04\/2-Iru%C3%B1a-Jazz-Festival-2018-e1523470448596.jpeg?resize=700%2C400&ssl=1 2x"},"classes":[]},{"id":29703,"url":"https:\/\/tomajazz.com\/web\/instantzz-marcelo-escrich-silent-trio-zentral-pamplona-iruna-jazz-festival-2017-03-09-galeria-fotografica\/","url_meta":{"origin":83639,"position":3},"title":"INSTANTZZ: Marcelo Escrich Silent Trio (Zentral, Pamplona. Iru\u00f1a Jazz Festival. 2017-03-09) [Galer\u00eda fotogr\u00e1fica]","author":"Tomajazz","date":"15 marzo, 2017","format":false,"excerpt":"Fecha: jueves, 9 de marzo de 2017 Lugar: Iru\u00f1a Jazz Festival. Zentral, Pamplona - Iru\u00f1a Grupo: Marcelo Escrich Silent Trio + Invitados Marcelo Escrich: contrabajo Luis Gim\u00e9nez: guitarras Alberto Arteta: saxos tenor y soprano Invitados: Javier L\u00f3pez Jaso: acorde\u00f3n Mikel Andueza: saxo alto Tomajazz: \u00a9 AllJazzSera, 2017","rel":"","context":"En \u00ab*_Sera Mart\u00edn\u00bb","block_context":{"text":"*_Sera Mart\u00edn","link":"https:\/\/tomajazz.com\/web\/category\/sera-martin\/"},"img":{"alt_text":"","src":"https:\/\/i0.wp.com\/tomajazz.com\/web\/wp-content\/uploads\/2017\/03\/02_IMG_0617.JPG-Marcelo-Escrichwm.jpg?resize=350%2C200&ssl=1","width":350,"height":200},"classes":[]},{"id":40167,"url":"https:\/\/tomajazz.com\/web\/concierto-de-pamplona-jazz-big-band-pamplona-jazz-orquesta-con-pamplona-swing-civivox-jus-la-rocha-pamplona-2018-12-15-noticias\/","url_meta":{"origin":83639,"position":4},"title":"Concierto de Pamplona Jazz Big Band \/ Pamplona Jazz Orquesta con Pamplona Swing (Civivox Jus La Rocha, Pamplona. 2018-12-15) [Noticias]","author":"Tomajazz","date":"28 noviembre, 2018","format":false,"excerpt":"\u00a0 Christmas Swing Party Concierto de Pamplona Jazz Big Band y Pamplona Jazz Orquesta junto con Pamplona Swing. 15 de diciembre de 2018 a las 12:00 Civivox Jus La Rocha, Pamplona. Fiesta organizada por la asociaci\u00f3n de baile Pamplona Swing en colaboraci\u00f3n con Pamplona Jazz \/Iru\u00f1a Jazz. M\u00e1s informaci\u00f3n en\u00a0https:\/\/pamplonajazz.wordpress.com\/","rel":"","context":"En \u00ab*_Redacci\u00f3n\u00bb","block_context":{"text":"*_Redacci\u00f3n","link":"https:\/\/tomajazz.com\/web\/category\/redaccion\/"},"img":{"alt_text":"","src":"https:\/\/i0.wp.com\/tomajazz.com\/web\/wp-content\/uploads\/2018\/11\/2018-12-15_Christmas-Swing-Party.jpg?resize=350%2C200&ssl=1","width":350,"height":200,"srcset":"https:\/\/i0.wp.com\/tomajazz.com\/web\/wp-content\/uploads\/2018\/11\/2018-12-15_Christmas-Swing-Party.jpg?resize=350%2C200&ssl=1 1x, https:\/\/i0.wp.com\/tomajazz.com\/web\/wp-content\/uploads\/2018\/11\/2018-12-15_Christmas-Swing-Party.jpg?resize=525%2C300&ssl=1 1.5x"},"classes":[]},{"id":29437,"url":"https:\/\/tomajazz.com\/web\/hdo-241-en-concierto-en-iruna-jazz-festival-2017-podcast\/","url_meta":{"origin":83639,"position":5},"title":"HDO 241. En concierto en&#8230; Iru\u00f1a Jazz Festival 2017 [Podcast]","author":"Tomajazz","date":"21 febrero, 2017","format":false,"excerpt":"El mi\u00e9rcoles 22 de febrero de 2017 comienza la primera edici\u00f3n del Iru\u00f1a Jazz Festival en la sala Zentral de Pamplona. En la entrega n\u00famero 241 del podcast HDO, Pachi Tapiz repasa la programaci\u00f3n y selecciona m\u00fasica de la mayor parte de las formaciones que pasar\u00e1n por el festival: Eva\u2026","rel":"","context":"En \u00ab*_Pachi Tapiz\u00bb","block_context":{"text":"*_Pachi Tapiz","link":"https:\/\/tomajazz.com\/web\/category\/pachi-tapiz\/"},"img":{"alt_text":"","src":"https:\/\/i0.wp.com\/tomajazz.com\/web\/wp-content\/uploads\/2017\/02\/Iru%C3%B1a-Jazz-Festival-definitivo.jpg?resize=350%2C200&ssl=1","width":350,"height":200,"srcset":"https:\/\/i0.wp.com\/tomajazz.com\/web\/wp-content\/uploads\/2017\/02\/Iru%C3%B1a-Jazz-Festival-definitivo.jpg?resize=350%2C200&ssl=1 1x, https:\/\/i0.wp.com\/tomajazz.com\/web\/wp-content\/uploads\/2017\/02\/Iru%C3%B1a-Jazz-Festival-definitivo.jpg?resize=525%2C300&ssl=1 1.5x, https:\/\/i0.wp.com\/tomajazz.com\/web\/wp-content\/uploads\/2017\/02\/Iru%C3%B1a-Jazz-Festival-definitivo.jpg?resize=700%2C400&ssl=1 2x, https:\/\/i0.wp.com\/tomajazz.com\/web\/wp-content\/uploads\/2017\/02\/Iru%C3%B1a-Jazz-Festival-definitivo.jpg?resize=1050%2C600&ssl=1 3x"},"classes":[]}],"jetpack_featured_media_url":"https:\/\/tomajazz.com\/web\/wp-content\/uploads\/2024\/02\/Logo-Las-Cosicas-de-Pamplona-1.png","_links":{"self":[{"href":"https:\/\/tomajazz.com\/web\/wp-json\/wp\/v2\/posts\/83639","targetHints":{"allow":["GET"]}}],"collection":[{"href":"https:\/\/tomajazz.com\/web\/wp-json\/wp\/v2\/posts"}],"about":[{"href":"https:\/\/tomajazz.com\/web\/wp-json\/wp\/v2\/types\/post"}],"author":[{"embeddable":true,"href":"https:\/\/tomajazz.com\/web\/wp-json\/wp\/v2\/users\/1"}],"replies":[{"embeddable":true,"href":"https:\/\/tomajazz.com\/web\/wp-json\/wp\/v2\/comments?post=83639"}],"version-history":[{"count":6,"href":"https:\/\/tomajazz.com\/web\/wp-json\/wp\/v2\/posts\/83639\/revisions"}],"predecessor-version":[{"id":83650,"href":"https:\/\/tomajazz.com\/web\/wp-json\/wp\/v2\/posts\/83639\/revisions\/83650"}],"wp:featuredmedia":[{"embeddable":true,"href":"https:\/\/tomajazz.com\/web\/wp-json\/wp\/v2\/media\/83640"}],"wp:attachment":[{"href":"https:\/\/tomajazz.com\/web\/wp-json\/wp\/v2\/media?parent=83639"}],"wp:term":[{"taxonomy":"category","embeddable":true,"href":"https:\/\/tomajazz.com\/web\/wp-json\/wp\/v2\/categories?post=83639"},{"taxonomy":"post_tag","embeddable":true,"href":"https:\/\/tomajazz.com\/web\/wp-json\/wp\/v2\/tags?post=83639"}],"curies":[{"name":"wp","href":"https:\/\/api.w.org\/{rel}","templated":true}]}}