{"id":84636,"date":"2024-03-12T12:00:16","date_gmt":"2024-03-12T11:00:16","guid":{"rendered":"https:\/\/www.tomajazz.com\/web\/?p=84636"},"modified":"2024-03-18T22:18:27","modified_gmt":"2024-03-18T21:18:27","slug":"enemy-the-betrayal-jazz-granollers-2024","status":"publish","type":"post","link":"https:\/\/tomajazz.com\/web\/enemy-the-betrayal-jazz-granollers-2024\/","title":{"rendered":"Enemy \u201cThe Betrayal\u201d (34\u00e8 Jazz Granollers Festival 2024, Casino de Granollers &#8211; Club de Ritme, 2024-03-01. Granollers -Barcelona-) [3] Por Joan Cort\u00e8s [INSTANTZZ AKA Galer\u00eda fotogr\u00e1fica AKA Fotoblog de jazz, impro\u2026 y algo m\u00e1s]"},"content":{"rendered":"<h3>Enemy \u201cThe Betrayal\u201d<\/h3>\n<h3>34\u00e8 Jazz Granollers Festival 2024<\/h3>\n<ul>\n<li>Fecha: Viernes, 01 de marzo de 2024<\/li>\n<li>Lugar: Casino de Granollers &#8211; Club de Ritme (Granollers -Barcelona-)<\/li>\n<li>Componentes:<br \/>\nKit Downes, piano<br \/>\nPeter Eldh, contrabajo<br \/>\nJames Maddren, bater\u00eda<\/li>\n<\/ul>\n<p style=\"text-align: center;\"><img loading=\"lazy\" decoding=\"async\" class=\"aligncenter size-full wp-image-84865\" title=\"Enemy \u201cThe Betrayal\u201d (34\u00e8 Jazz Granollers Festival 2024, Casino de Granollers - Club de Ritme, 2024-03-01. Granollers -Barcelona-) [3] Por Joan Cort\u00e8s [INSTANTZZ AKA Galer\u00eda fotogr\u00e1fica AKA Fotoblog de jazz, impro\u2026 y algo m\u00e1s] Tomajazz Enemy The Betrayal Photo \u00a9 Joan Cort\u00e8s 2024 001\" src=\"https:\/\/tomajazz.com\/web\/wp-content\/uploads\/2024\/03\/Enemy-The-Betrayal-Photo-\u00a9-Joan-Cortes-2024-001.jpg\" alt=\"Enemy \u201cThe Betrayal\u201d (34\u00e8 Jazz Granollers Festival 2024, Casino de Granollers - Club de Ritme, 2024-03-01. Granollers -Barcelona-) [3] Por Joan Cort\u00e8s [INSTANTZZ AKA Galer\u00eda fotogr\u00e1fica AKA Fotoblog de jazz, impro\u2026 y algo m\u00e1s] - Tomajazz - Enemy \u201cThe Betrayal\u201d actu\u00f3 en el 34\u00e8 Jazz Granollers Festival 2024, el 1 de marzo de 2024. Joan Cort\u00e8s retrato el tr\u00edo en su concierto en el Casino de Granollers. Enemy son Kit Downes, Peter Eldh, James Maddren \" width=\"399\" height=\"600\" srcset=\"https:\/\/tomajazz.com\/web\/wp-content\/uploads\/2024\/03\/Enemy-The-Betrayal-Photo-\u00a9-Joan-Cortes-2024-001.jpg 399w, https:\/\/tomajazz.com\/web\/wp-content\/uploads\/2024\/03\/Enemy-The-Betrayal-Photo-\u00a9-Joan-Cortes-2024-001-200x300.jpg 200w, https:\/\/tomajazz.com\/web\/wp-content\/uploads\/2024\/03\/Enemy-The-Betrayal-Photo-\u00a9-Joan-Cortes-2024-001-366x550.jpg 366w, https:\/\/tomajazz.com\/web\/wp-content\/uploads\/2024\/03\/Enemy-The-Betrayal-Photo-\u00a9-Joan-Cortes-2024-001-333x500.jpg 333w\" sizes=\"auto, (max-width: 399px) 100vw, 399px\" \/><\/p>\n<p><img loading=\"lazy\" decoding=\"async\" class=\"aligncenter size-large wp-image-84866\" title=\"Enemy \u201cThe Betrayal\u201d (34\u00e8 Jazz Granollers Festival 2024, Casino de Granollers - Club de Ritme, 2024-03-01. Granollers -Barcelona-) [3] Por Joan Cort\u00e8s [INSTANTZZ AKA Galer\u00eda fotogr\u00e1fica AKA Fotoblog de jazz, impro\u2026 y algo m\u00e1s] Tomajazz Enemy The Betrayal Photo \u00a9 Joan Cort\u00e8s 2024 002\" src=\"https:\/\/tomajazz.com\/web\/wp-content\/uploads\/2024\/03\/Enemy-The-Betrayal-Photo-\u00a9-Joan-Cortes-2024-002.jpg\" alt=\"Enemy \u201cThe Betrayal\u201d (34\u00e8 Jazz Granollers Festival 2024, Casino de Granollers - Club de Ritme, 2024-03-01. Granollers -Barcelona-) [3] Por Joan Cort\u00e8s [INSTANTZZ AKA Galer\u00eda fotogr\u00e1fica AKA Fotoblog de jazz, impro\u2026 y algo m\u00e1s] - Tomajazz - Enemy \u201cThe Betrayal\u201d actu\u00f3 en el 34\u00e8 Jazz Granollers Festival 2024, el 1 de marzo de 2024. Joan Cort\u00e8s retrato el tr\u00edo en su concierto en el Casino de Granollers. Enemy son Kit Downes, Peter Eldh, James Maddren \" width=\"600\" height=\"399\" srcset=\"https:\/\/tomajazz.com\/web\/wp-content\/uploads\/2024\/03\/Enemy-The-Betrayal-Photo-\u00a9-Joan-Cortes-2024-002.jpg 600w, https:\/\/tomajazz.com\/web\/wp-content\/uploads\/2024\/03\/Enemy-The-Betrayal-Photo-\u00a9-Joan-Cortes-2024-002-300x200.jpg 300w, https:\/\/tomajazz.com\/web\/wp-content\/uploads\/2024\/03\/Enemy-The-Betrayal-Photo-\u00a9-Joan-Cortes-2024-002-465x309.jpg 465w\" sizes=\"auto, (max-width: 600px) 100vw, 600px\" \/><\/p>\n<p><img loading=\"lazy\" decoding=\"async\" class=\"aligncenter size-large wp-image-84867\" title=\"Enemy \u201cThe Betrayal\u201d (34\u00e8 Jazz Granollers Festival 2024, Casino de Granollers - Club de Ritme, 2024-03-01. Granollers -Barcelona-) [3] Por Joan Cort\u00e8s [INSTANTZZ AKA Galer\u00eda fotogr\u00e1fica AKA Fotoblog de jazz, impro\u2026 y algo m\u00e1s] Tomajazz Enemy The Betrayal Photo \u00a9 Joan Cort\u00e8s 2024 003\" src=\"https:\/\/tomajazz.com\/web\/wp-content\/uploads\/2024\/03\/Enemy-The-Betrayal-Photo-\u00a9-Joan-Cortes-2024-003.jpg\" alt=\"Enemy \u201cThe Betrayal\u201d (34\u00e8 Jazz Granollers Festival 2024, Casino de Granollers - Club de Ritme, 2024-03-01. Granollers -Barcelona-) [3] Por Joan Cort\u00e8s [INSTANTZZ AKA Galer\u00eda fotogr\u00e1fica AKA Fotoblog de jazz, impro\u2026 y algo m\u00e1s] - Tomajazz - Enemy \u201cThe Betrayal\u201d actu\u00f3 en el 34\u00e8 Jazz Granollers Festival 2024, el 1 de marzo de 2024. Joan Cort\u00e8s retrato el tr\u00edo en su concierto en el Casino de Granollers. Enemy son Kit Downes, Peter Eldh, James Maddren \" width=\"600\" height=\"399\" srcset=\"https:\/\/tomajazz.com\/web\/wp-content\/uploads\/2024\/03\/Enemy-The-Betrayal-Photo-\u00a9-Joan-Cortes-2024-003.jpg 600w, https:\/\/tomajazz.com\/web\/wp-content\/uploads\/2024\/03\/Enemy-The-Betrayal-Photo-\u00a9-Joan-Cortes-2024-003-300x200.jpg 300w, https:\/\/tomajazz.com\/web\/wp-content\/uploads\/2024\/03\/Enemy-The-Betrayal-Photo-\u00a9-Joan-Cortes-2024-003-465x309.jpg 465w\" sizes=\"auto, (max-width: 600px) 100vw, 600px\" \/><\/p>\n<p><img loading=\"lazy\" decoding=\"async\" class=\"aligncenter size-large wp-image-84868\" title=\"Enemy \u201cThe Betrayal\u201d (34\u00e8 Jazz Granollers Festival 2024, Casino de Granollers - Club de Ritme, 2024-03-01. Granollers -Barcelona-) [3] Por Joan Cort\u00e8s [INSTANTZZ AKA Galer\u00eda fotogr\u00e1fica AKA Fotoblog de jazz, impro\u2026 y algo m\u00e1s] Tomajazz Enemy The Betrayal Photo \u00a9 Joan Cort\u00e8s 2024 004\" src=\"https:\/\/tomajazz.com\/web\/wp-content\/uploads\/2024\/03\/Enemy-The-Betrayal-Photo-\u00a9-Joan-Cortes-2024-004.jpg\" alt=\"Enemy \u201cThe Betrayal\u201d (34\u00e8 Jazz Granollers Festival 2024, Casino de Granollers - Club de Ritme, 2024-03-01. Granollers -Barcelona-) [3] Por Joan Cort\u00e8s [INSTANTZZ AKA Galer\u00eda fotogr\u00e1fica AKA Fotoblog de jazz, impro\u2026 y algo m\u00e1s] - Tomajazz - Enemy \u201cThe Betrayal\u201d actu\u00f3 en el 34\u00e8 Jazz Granollers Festival 2024, el 1 de marzo de 2024. Joan Cort\u00e8s retrato el tr\u00edo en su concierto en el Casino de Granollers. Enemy son Kit Downes, Peter Eldh, James Maddren \" width=\"399\" height=\"600\" srcset=\"https:\/\/tomajazz.com\/web\/wp-content\/uploads\/2024\/03\/Enemy-The-Betrayal-Photo-\u00a9-Joan-Cortes-2024-004.jpg 399w, https:\/\/tomajazz.com\/web\/wp-content\/uploads\/2024\/03\/Enemy-The-Betrayal-Photo-\u00a9-Joan-Cortes-2024-004-200x300.jpg 200w, https:\/\/tomajazz.com\/web\/wp-content\/uploads\/2024\/03\/Enemy-The-Betrayal-Photo-\u00a9-Joan-Cortes-2024-004-366x550.jpg 366w, https:\/\/tomajazz.com\/web\/wp-content\/uploads\/2024\/03\/Enemy-The-Betrayal-Photo-\u00a9-Joan-Cortes-2024-004-333x500.jpg 333w\" sizes=\"auto, (max-width: 399px) 100vw, 399px\" \/><\/p>\n<p><img loading=\"lazy\" decoding=\"async\" class=\"aligncenter size-large wp-image-84869\" title=\"Enemy \u201cThe Betrayal\u201d (34\u00e8 Jazz Granollers Festival 2024, Casino de Granollers - Club de Ritme, 2024-03-01. Granollers -Barcelona-) [3] Por Joan Cort\u00e8s [INSTANTZZ AKA Galer\u00eda fotogr\u00e1fica AKA Fotoblog de jazz, impro\u2026 y algo m\u00e1s] Tomajazz Enemy The Betrayal Photo \u00a9 Joan Cort\u00e8s 2024 005\" src=\"https:\/\/tomajazz.com\/web\/wp-content\/uploads\/2024\/03\/Enemy-The-Betrayal-Photo-\u00a9-Joan-Cortes-2024-005.jpg\" alt=\"Enemy \u201cThe Betrayal\u201d (34\u00e8 Jazz Granollers Festival 2024, Casino de Granollers - Club de Ritme, 2024-03-01. Granollers -Barcelona-) [3] Por Joan Cort\u00e8s [INSTANTZZ AKA Galer\u00eda fotogr\u00e1fica AKA Fotoblog de jazz, impro\u2026 y algo m\u00e1s] - Tomajazz - Enemy \u201cThe Betrayal\u201d actu\u00f3 en el 34\u00e8 Jazz Granollers Festival 2024, el 1 de marzo de 2024. Joan Cort\u00e8s retrato el tr\u00edo en su concierto en el Casino de Granollers. Enemy son Kit Downes, Peter Eldh, James Maddren \" width=\"399\" height=\"600\" srcset=\"https:\/\/tomajazz.com\/web\/wp-content\/uploads\/2024\/03\/Enemy-The-Betrayal-Photo-\u00a9-Joan-Cortes-2024-005.jpg 399w, https:\/\/tomajazz.com\/web\/wp-content\/uploads\/2024\/03\/Enemy-The-Betrayal-Photo-\u00a9-Joan-Cortes-2024-005-200x300.jpg 200w, https:\/\/tomajazz.com\/web\/wp-content\/uploads\/2024\/03\/Enemy-The-Betrayal-Photo-\u00a9-Joan-Cortes-2024-005-366x550.jpg 366w, https:\/\/tomajazz.com\/web\/wp-content\/uploads\/2024\/03\/Enemy-The-Betrayal-Photo-\u00a9-Joan-Cortes-2024-005-333x500.jpg 333w\" sizes=\"auto, (max-width: 399px) 100vw, 399px\" \/><\/p>\n<p><img loading=\"lazy\" decoding=\"async\" class=\"aligncenter size-large wp-image-84870\" title=\"Enemy \u201cThe Betrayal\u201d (34\u00e8 Jazz Granollers Festival 2024, Casino de Granollers - Club de Ritme, 2024-03-01. Granollers -Barcelona-) [3] Por Joan Cort\u00e8s [INSTANTZZ AKA Galer\u00eda fotogr\u00e1fica AKA Fotoblog de jazz, impro\u2026 y algo m\u00e1s] Tomajazz Enemy The Betrayal Photo \u00a9 Joan Cort\u00e8s 2024 006\" src=\"https:\/\/tomajazz.com\/web\/wp-content\/uploads\/2024\/03\/Enemy-The-Betrayal-Photo-\u00a9-Joan-Cortes-2024-006.jpg\" alt=\"Enemy \u201cThe Betrayal\u201d (34\u00e8 Jazz Granollers Festival 2024, Casino de Granollers - Club de Ritme, 2024-03-01. Granollers -Barcelona-) [3] Por Joan Cort\u00e8s [INSTANTZZ AKA Galer\u00eda fotogr\u00e1fica AKA Fotoblog de jazz, impro\u2026 y algo m\u00e1s] - Tomajazz - Enemy \u201cThe Betrayal\u201d actu\u00f3 en el 34\u00e8 Jazz Granollers Festival 2024, el 1 de marzo de 2024. Joan Cort\u00e8s retrato el tr\u00edo en su concierto en el Casino de Granollers. Enemy son Kit Downes, Peter Eldh, James Maddren \" width=\"600\" height=\"399\" srcset=\"https:\/\/tomajazz.com\/web\/wp-content\/uploads\/2024\/03\/Enemy-The-Betrayal-Photo-\u00a9-Joan-Cortes-2024-006.jpg 600w, https:\/\/tomajazz.com\/web\/wp-content\/uploads\/2024\/03\/Enemy-The-Betrayal-Photo-\u00a9-Joan-Cortes-2024-006-300x200.jpg 300w, https:\/\/tomajazz.com\/web\/wp-content\/uploads\/2024\/03\/Enemy-The-Betrayal-Photo-\u00a9-Joan-Cortes-2024-006-465x309.jpg 465w\" sizes=\"auto, (max-width: 600px) 100vw, 600px\" \/><\/p>\n<p><img loading=\"lazy\" decoding=\"async\" class=\"aligncenter size-large wp-image-84871\" title=\"Enemy \u201cThe Betrayal\u201d (34\u00e8 Jazz Granollers Festival 2024, Casino de Granollers - Club de Ritme, 2024-03-01. Granollers -Barcelona-) [3] Por Joan Cort\u00e8s [INSTANTZZ AKA Galer\u00eda fotogr\u00e1fica AKA Fotoblog de jazz, impro\u2026 y algo m\u00e1s] Tomajazz Enemy The Betrayal Photo \u00a9 Joan Cort\u00e8s 2024 007\" src=\"https:\/\/tomajazz.com\/web\/wp-content\/uploads\/2024\/03\/Enemy-The-Betrayal-Photo-\u00a9-Joan-Cortes-2024-007.jpg\" alt=\"Enemy \u201cThe Betrayal\u201d (34\u00e8 Jazz Granollers Festival 2024, Casino de Granollers - Club de Ritme, 2024-03-01. Granollers -Barcelona-) [3] Por Joan Cort\u00e8s [INSTANTZZ AKA Galer\u00eda fotogr\u00e1fica AKA Fotoblog de jazz, impro\u2026 y algo m\u00e1s] - Tomajazz - Enemy \u201cThe Betrayal\u201d actu\u00f3 en el 34\u00e8 Jazz Granollers Festival 2024, el 1 de marzo de 2024. Joan Cort\u00e8s retrato el tr\u00edo en su concierto en el Casino de Granollers. Enemy son Kit Downes, Peter Eldh, James Maddren \" width=\"399\" height=\"600\" srcset=\"https:\/\/tomajazz.com\/web\/wp-content\/uploads\/2024\/03\/Enemy-The-Betrayal-Photo-\u00a9-Joan-Cortes-2024-007.jpg 399w, https:\/\/tomajazz.com\/web\/wp-content\/uploads\/2024\/03\/Enemy-The-Betrayal-Photo-\u00a9-Joan-Cortes-2024-007-200x300.jpg 200w, https:\/\/tomajazz.com\/web\/wp-content\/uploads\/2024\/03\/Enemy-The-Betrayal-Photo-\u00a9-Joan-Cortes-2024-007-366x550.jpg 366w, https:\/\/tomajazz.com\/web\/wp-content\/uploads\/2024\/03\/Enemy-The-Betrayal-Photo-\u00a9-Joan-Cortes-2024-007-333x500.jpg 333w\" sizes=\"auto, (max-width: 399px) 100vw, 399px\" \/><\/p>\n<p><img loading=\"lazy\" decoding=\"async\" class=\"aligncenter size-large wp-image-84872\" title=\"Enemy \u201cThe Betrayal\u201d (34\u00e8 Jazz Granollers Festival 2024, Casino de Granollers - Club de Ritme, 2024-03-01. Granollers -Barcelona-) [3] Por Joan Cort\u00e8s [INSTANTZZ AKA Galer\u00eda fotogr\u00e1fica AKA Fotoblog de jazz, impro\u2026 y algo m\u00e1s] Tomajazz Enemy The Betrayal Photo \u00a9 Joan Cort\u00e8s 2024 008\" src=\"https:\/\/tomajazz.com\/web\/wp-content\/uploads\/2024\/03\/Enemy-The-Betrayal-Photo-\u00a9-Joan-Cortes-2024-008.jpg\" alt=\"Enemy \u201cThe Betrayal\u201d (34\u00e8 Jazz Granollers Festival 2024, Casino de Granollers - Club de Ritme, 2024-03-01. Granollers -Barcelona-) [3] Por Joan Cort\u00e8s [INSTANTZZ AKA Galer\u00eda fotogr\u00e1fica AKA Fotoblog de jazz, impro\u2026 y algo m\u00e1s] - Tomajazz - Enemy \u201cThe Betrayal\u201d actu\u00f3 en el 34\u00e8 Jazz Granollers Festival 2024, el 1 de marzo de 2024. Joan Cort\u00e8s retrato el tr\u00edo en su concierto en el Casino de Granollers. Enemy son Kit Downes, Peter Eldh, James Maddren \" width=\"600\" height=\"399\" srcset=\"https:\/\/tomajazz.com\/web\/wp-content\/uploads\/2024\/03\/Enemy-The-Betrayal-Photo-\u00a9-Joan-Cortes-2024-008.jpg 600w, https:\/\/tomajazz.com\/web\/wp-content\/uploads\/2024\/03\/Enemy-The-Betrayal-Photo-\u00a9-Joan-Cortes-2024-008-300x200.jpg 300w, https:\/\/tomajazz.com\/web\/wp-content\/uploads\/2024\/03\/Enemy-The-Betrayal-Photo-\u00a9-Joan-Cortes-2024-008-465x309.jpg 465w\" sizes=\"auto, (max-width: 600px) 100vw, 600px\" \/><\/p>\n<p><img loading=\"lazy\" decoding=\"async\" class=\"aligncenter size-large wp-image-84873\" title=\"Enemy \u201cThe Betrayal\u201d (34\u00e8 Jazz Granollers Festival 2024, Casino de Granollers - Club de Ritme, 2024-03-01. Granollers -Barcelona-) [3] Por Joan Cort\u00e8s [INSTANTZZ AKA Galer\u00eda fotogr\u00e1fica AKA Fotoblog de jazz, impro\u2026 y algo m\u00e1s] Tomajazz Enemy The Betrayal Photo \u00a9 Joan Cort\u00e8s 2024 009\" src=\"https:\/\/tomajazz.com\/web\/wp-content\/uploads\/2024\/03\/Enemy-The-Betrayal-Photo-\u00a9-Joan-Cortes-2024-009.jpg\" alt=\"Enemy \u201cThe Betrayal\u201d (34\u00e8 Jazz Granollers Festival 2024, Casino de Granollers - Club de Ritme, 2024-03-01. Granollers -Barcelona-) [3] Por Joan Cort\u00e8s [INSTANTZZ AKA Galer\u00eda fotogr\u00e1fica AKA Fotoblog de jazz, impro\u2026 y algo m\u00e1s] - Tomajazz - Enemy \u201cThe Betrayal\u201d actu\u00f3 en el 34\u00e8 Jazz Granollers Festival 2024, el 1 de marzo de 2024. Joan Cort\u00e8s retrato el tr\u00edo en su concierto en el Casino de Granollers. Enemy son Kit Downes, Peter Eldh, James Maddren \" width=\"600\" height=\"399\" srcset=\"https:\/\/tomajazz.com\/web\/wp-content\/uploads\/2024\/03\/Enemy-The-Betrayal-Photo-\u00a9-Joan-Cortes-2024-009.jpg 600w, https:\/\/tomajazz.com\/web\/wp-content\/uploads\/2024\/03\/Enemy-The-Betrayal-Photo-\u00a9-Joan-Cortes-2024-009-300x200.jpg 300w, https:\/\/tomajazz.com\/web\/wp-content\/uploads\/2024\/03\/Enemy-The-Betrayal-Photo-\u00a9-Joan-Cortes-2024-009-465x309.jpg 465w\" sizes=\"auto, (max-width: 600px) 100vw, 600px\" \/><\/p>\n<p><img loading=\"lazy\" decoding=\"async\" class=\"aligncenter size-large wp-image-84874\" title=\"Enemy \u201cThe Betrayal\u201d (34\u00e8 Jazz Granollers Festival 2024, Casino de Granollers - Club de Ritme, 2024-03-01. Granollers -Barcelona-) [3] Por Joan Cort\u00e8s [INSTANTZZ AKA Galer\u00eda fotogr\u00e1fica AKA Fotoblog de jazz, impro\u2026 y algo m\u00e1s] Tomajazz Enemy The Betrayal Photo \u00a9 Joan Cort\u00e8s 2024 010\" src=\"https:\/\/tomajazz.com\/web\/wp-content\/uploads\/2024\/03\/Enemy-The-Betrayal-Photo-\u00a9-Joan-Cortes-2024-010.jpg\" alt=\"Enemy \u201cThe Betrayal\u201d (34\u00e8 Jazz Granollers Festival 2024, Casino de Granollers - Club de Ritme, 2024-03-01. Granollers -Barcelona-) [3] Por Joan Cort\u00e8s [INSTANTZZ AKA Galer\u00eda fotogr\u00e1fica AKA Fotoblog de jazz, impro\u2026 y algo m\u00e1s] - Tomajazz - Enemy \u201cThe Betrayal\u201d actu\u00f3 en el 34\u00e8 Jazz Granollers Festival 2024, el 1 de marzo de 2024. Joan Cort\u00e8s retrato el tr\u00edo en su concierto en el Casino de Granollers. Enemy son Kit Downes, Peter Eldh, James Maddren \" width=\"600\" height=\"399\" srcset=\"https:\/\/tomajazz.com\/web\/wp-content\/uploads\/2024\/03\/Enemy-The-Betrayal-Photo-\u00a9-Joan-Cortes-2024-010.jpg 600w, https:\/\/tomajazz.com\/web\/wp-content\/uploads\/2024\/03\/Enemy-The-Betrayal-Photo-\u00a9-Joan-Cortes-2024-010-300x200.jpg 300w, https:\/\/tomajazz.com\/web\/wp-content\/uploads\/2024\/03\/Enemy-The-Betrayal-Photo-\u00a9-Joan-Cortes-2024-010-465x309.jpg 465w\" sizes=\"auto, (max-width: 600px) 100vw, 600px\" \/><\/p>\n<p>&nbsp;<\/p>\n<p style=\"text-align: right;\">Tomajazz: Fotograf\u00edas: \u00a9\u00a0<a href=\"https:\/\/www.facebook.com\/joan.cortesbenages\" target=\"_blank\" rel=\"noopener\"><strong>Joan Cort\u00e8s<\/strong><\/a>, 2024<\/p>\n<p>&nbsp;<\/p>\n<h3>M\u00e1s informaci\u00f3n<\/h3>\n<p><a href=\"https:\/\/www.kitdownesmusic.com\/\" target=\"_blank\" rel=\"noopener\">https:\/\/www.kitdownesmusic.com\/<\/a><\/p>\n<p><a href=\"https:\/\/www.pettereldh.com\/\" target=\"_blank\" rel=\"noopener\">https:\/\/www.pettereldh.com\/<\/a><\/p>\n<p><a href=\"https:\/\/www.instagram.com\/jmaddrendrums\/\" target=\"_blank\" rel=\"noopener\">https:\/\/www.instagram.com\/jmaddrendrums\/<\/a><\/p>\n<p><a href=\"https:\/\/wejazzrecords.bandcamp.com\/album\/the-betrayal\" target=\"_blank\" rel=\"noopener\">https:\/\/wejazzrecords.bandcamp.com\/album\/the-betrayal<\/a><\/p>\n<p><a href=\"https:\/\/tomajazz.com\/web\/?s=kit+downes&amp;submit=Search\" target=\"_blank\" rel=\"noopener\">https:\/\/tomajazz.com\/web\/?s=kit+downes&amp;submit=Search<\/a><\/p>\n<p><a href=\"https:\/\/tomajazz.com\/web\/?s=petter+eldh&amp;submit=Search\" target=\"_blank\" rel=\"noopener\">https:\/\/tomajazz.com\/web\/?s=petter+eldh&amp;submit=Search<\/a><\/p>\n<p><a href=\"https:\/\/tomajazz.com\/web\/?s=james+maddren&amp;submit=Search\" target=\"_blank\" rel=\"noopener\">https:\/\/tomajazz.com\/web\/?s=james+maddren&amp;submit=Search<\/a><\/p>\n<p><a href=\"http:\/\/jazzgranollers.com\/\" target=\"_blank\" rel=\"noopener\">http:\/\/jazzgranollers.com\/<\/a><\/p>\n<p><a href=\"https:\/\/tomajazz.com\/web\/?s=jazz+granollers&amp;submit=Search\" target=\"_blank\" rel=\"noopener\">https:\/\/tomajazz.com\/web\/?s=jazz+granollers&amp;submit=Search<\/a><\/p>\n<h3>34\u00e8 Jazz Granollers Festival 2024 en Tomajazz<\/h3>\n<blockquote class=\"wp-embedded-content\" data-secret=\"WjkrZ8VTMe\"><p><a href=\"https:\/\/tomajazz.com\/web\/alfons-bertran-trio-granollers-2024\/\">Alfons Bertran Trio \u201cBabela\u201d (34\u00e8 Jazz Granollers Festival 2024, Casino de Granollers &#8211; Club de Ritme, 2024-02-23. Granollers -Barcelona-) [2] Por Joan Cort\u00e8s [INSTANTZZ AKA Galer\u00eda fotogr\u00e1fica AKA Fotoblog de jazz, impro\u2026 y algo m\u00e1s]<\/a><\/p><\/blockquote>\n<p><iframe loading=\"lazy\" class=\"wp-embedded-content\" sandbox=\"allow-scripts\" security=\"restricted\" style=\"position: absolute; visibility: hidden;\" title=\"\u00abAlfons Bertran Trio \u201cBabela\u201d (34\u00e8 Jazz Granollers Festival 2024, Casino de Granollers &#8211; Club de Ritme, 2024-02-23. Granollers -Barcelona-) [2] Por Joan Cort\u00e8s [INSTANTZZ AKA Galer\u00eda fotogr\u00e1fica AKA Fotoblog de jazz, impro\u2026 y algo m\u00e1s]\u00bb \u2014 Tomajazz\" src=\"https:\/\/tomajazz.com\/web\/alfons-bertran-trio-granollers-2024\/embed\/#?secret=4BLqqAmiaE#?secret=WjkrZ8VTMe\" data-secret=\"WjkrZ8VTMe\" width=\"600\" height=\"338\" frameborder=\"0\" marginwidth=\"0\" marginheight=\"0\" scrolling=\"no\"><\/iframe><\/p>\n<blockquote class=\"wp-embedded-content\" data-secret=\"QPO6hU3TmW\"><p><a href=\"https:\/\/tomajazz.com\/web\/big-band-granollers-2024\/\">Big Band Granollers \u201cHomenatge a N\u00faria Feliu\u201d (34\u00e8 Jazz Granollers Festival 2024, Teatre Auditori Granollers, 2024-02-09. Granollers -Barcelona-) [1] Por Joan Cort\u00e8s [INSTANTZZ AKA Galer\u00eda fotogr\u00e1fica AKA Fotoblog de jazz, impro\u2026 y algo m\u00e1s]<\/a><\/p><\/blockquote>\n<p><iframe loading=\"lazy\" class=\"wp-embedded-content\" sandbox=\"allow-scripts\" security=\"restricted\" style=\"position: absolute; visibility: hidden;\" title=\"\u00abBig Band Granollers \u201cHomenatge a N\u00faria Feliu\u201d (34\u00e8 Jazz Granollers Festival 2024, Teatre Auditori Granollers, 2024-02-09. Granollers -Barcelona-) [1] Por Joan Cort\u00e8s [INSTANTZZ AKA Galer\u00eda fotogr\u00e1fica AKA Fotoblog de jazz, impro\u2026 y algo m\u00e1s]\u00bb \u2014 Tomajazz\" src=\"https:\/\/tomajazz.com\/web\/big-band-granollers-2024\/embed\/#?secret=Ru3ldpzhlN#?secret=QPO6hU3TmW\" data-secret=\"QPO6hU3TmW\" width=\"600\" height=\"338\" frameborder=\"0\" marginwidth=\"0\" marginheight=\"0\" scrolling=\"no\"><\/iframe><\/p>\n<blockquote class=\"wp-embedded-content\" data-secret=\"V7LzVjKtJW\"><p><a href=\"https:\/\/tomajazz.com\/web\/jazz-granollers-festival-2024\/\">34\u00e8 Jazz Granollers Festival 2024 (Del 26 de enero al 22 de marzo de 2024. Granollers, Barcelona) [Noticias de jazz]<\/a><\/p><\/blockquote>\n<p><iframe loading=\"lazy\" class=\"wp-embedded-content\" sandbox=\"allow-scripts\" security=\"restricted\" style=\"position: absolute; visibility: hidden;\" title=\"\u00ab34\u00e8 Jazz Granollers Festival 2024 (Del 26 de enero al 22 de marzo de 2024. Granollers, Barcelona) [Noticias de jazz]\u00bb \u2014 Tomajazz\" src=\"https:\/\/tomajazz.com\/web\/jazz-granollers-festival-2024\/embed\/#?secret=4iaB9cidei#?secret=V7LzVjKtJW\" data-secret=\"V7LzVjKtJW\" width=\"600\" height=\"338\" frameborder=\"0\" marginwidth=\"0\" marginheight=\"0\" scrolling=\"no\"><\/iframe><\/p>\n<h3>Joan Cort\u00e8s en Tomajazz<\/h3>\n<p><a href=\"https:\/\/tomajazz.com\/web\/?cat=17853\" target=\"_blank\" rel=\"noopener\">https:\/\/tomajazz.com\/web\/?cat=17853<\/a><\/p>\n","protected":false},"excerpt":{"rendered":"<p>Enemy \u201cThe Betrayal\u201d actu\u00f3 en el 34\u00e8 Jazz Granollers Festival 2024, el 1 de marzo de 2024. Joan Cort\u00e8s retrato el tr\u00edo en su concierto en el Casino de Granollers. Enemy son Kit Downes, Peter Eldh, James Maddren<br \/>\n<span class=\"more-link\"><a href=\"https:\/\/tomajazz.com\/web\/enemy-the-betrayal-jazz-granollers-2024\/\">Contin\u00faa leyendo<\/a><\/span><\/p>\n","protected":false},"author":1,"featured_media":84892,"comment_status":"open","ping_status":"closed","sticky":false,"template":"","format":"standard","meta":{"jetpack_post_was_ever_published":false,"_jetpack_newsletter_access":"","_jetpack_dont_email_post_to_subs":false,"_jetpack_newsletter_tier_id":0,"_jetpack_memberships_contains_paywalled_content":false,"_jetpack_memberships_contains_paid_content":false,"footnotes":""},"categories":[17853,30793,11262,15516,11261,1038],"tags":[28640,30649,5146,15591,30648,1041,5144,30870],"class_list":["entry","author-pachi","has-excerpt","post-84636","post","type-post","status-publish","format-standard","has-post-thumbnail","category-joan-cortes","category-34e-jazz-granollers-festival-2024","category-photoblogs","category-imagenes","category-instantzz","category-contenidos","tag-34e-jazz-granollers-festival","tag-34e-jazz-granollers-festival-2024","tag-james-maddren","tag-jazz-granollers-festival","tag-jazz-granollers-festival-2024","tag-joan-cortes","tag-kit-downes","tag-peter-eldh"],"jetpack_featured_media_url":"https:\/\/tomajazz.com\/web\/wp-content\/uploads\/2024\/03\/destacada.jpg","jetpack_likes_enabled":true,"jetpack_sharing_enabled":true,"jetpack-related-posts":[{"id":105012,"url":"https:\/\/tomajazz.com\/web\/lage-lund-trio-granollers-2026\/","url_meta":{"origin":84636,"position":0},"title":"Lage Lund Trio (36\u00e8 Jazz Granollers Festival \/ Casino, 2026-03-13 \/ Granollers -Barcelona-) [y III] Por Joan Cort\u00e8s [INSTANTZZ AKA Galer\u00eda fotogr\u00e1fica AKA Fotoblog de jazz, impro\u2026 y algo m\u00e1s]","author":"Tomajazz","date":"23 abril, 2026","format":false,"excerpt":"Lage Lund Trio actu\u00f3 en el 36\u00e8 Jazz Granollers Festival, el 13 de marzo de 2026. Joan Cort\u00e8s lo retrata en INSTANTZZ. Lage Lund Trio son Lage Lund, Orlando Le Fleming, Greg Hutchinson","rel":"","context":"En \u00ab36 Jazz Granollers Festival 2026\u00bb","block_context":{"text":"36 Jazz Granollers Festival 2026","link":"https:\/\/tomajazz.com\/web\/category\/contenidos\/especial-contenidos\/36-jazz-granollers-festival-2026\/"},"img":{"alt_text":"Lage Lund Trio (36\u00e8 Jazz Granollers Festival \/ Casino, 2026-03-13 \/ Granollers -Barcelona-) [y III] Por Joan Cort\u00e8s [INSTANTZZ AKA Galer\u00eda fotogr\u00e1fica AKA Fotoblog de jazz, impro\u2026 y algo m\u00e1s] - Tomajazz - Lage Lund Trio actu\u00f3 en el 36\u00e8 Jazz Granollers Festival, el 13 de marzo de 2026. Joan Cort\u00e8s lo retrata en INSTANTZZ. Lage Lund Trio son Lage Lund, Orlando Le Fleming, Greg Hutchinson","src":"https:\/\/i0.wp.com\/tomajazz.com\/web\/wp-content\/uploads\/2026\/04\/destacada-02-Lg-Lnd-Photo-by-Joan-Cortes-13mrc26-36JGF-Csn-Gr-bn.jpg?resize=350%2C200&ssl=1","width":350,"height":200,"srcset":"https:\/\/i0.wp.com\/tomajazz.com\/web\/wp-content\/uploads\/2026\/04\/destacada-02-Lg-Lnd-Photo-by-Joan-Cortes-13mrc26-36JGF-Csn-Gr-bn.jpg?resize=350%2C200&ssl=1 1x, https:\/\/i0.wp.com\/tomajazz.com\/web\/wp-content\/uploads\/2026\/04\/destacada-02-Lg-Lnd-Photo-by-Joan-Cortes-13mrc26-36JGF-Csn-Gr-bn.jpg?resize=525%2C300&ssl=1 1.5x"},"classes":[]},{"id":104657,"url":"https:\/\/tomajazz.com\/web\/joan-sanmarti-5t-36-jazz-granollers-2026\/","url_meta":{"origin":84636,"position":1},"title":"Joan Sanmart\u00ed 5t (36\u00e8 Jazz Granollers Festival 2026\/ Casino, 2026-02-20 \/ Granollers -Barcelona-) [I] Por Joan Cort\u00e8s [INSTANTZZ AKA Galer\u00eda fotogr\u00e1fica AKA Fotoblog de jazz, impro\u2026 y algo m\u00e1s]","author":"Tomajazz","date":"2 abril, 2026","format":false,"excerpt":"Joan Sanmart\u00ed 5t actu\u00f3 en el 36\u00e8 Jazz Granollers Festival 2026, el 20 de febrero de 2026. Joan Cort\u00e8s lo retrata en INSTANTZZ. Joan Sanmart\u00ed 5t son Joan Sanmart\u00ed, Gabriel Amargant, Pau Dom\u00e8nech, Marc Cuevas, Joan Vidal","rel":"","context":"En \u00ab36 Jazz Granollers Festival 2026\u00bb","block_context":{"text":"36 Jazz Granollers Festival 2026","link":"https:\/\/tomajazz.com\/web\/category\/contenidos\/especial-contenidos\/36-jazz-granollers-festival-2026\/"},"img":{"alt_text":"Joan Sanmart\u00ed 5t (36\u00e8 Jazz Granollers Festival 2026\/ Casino, 2026-02-20 \/ Granollers -Barcelona-) [I] Por Joan Cort\u00e8s [INSTANTZZ AKA Galer\u00eda fotogr\u00e1fica AKA Fotoblog de jazz, impro\u2026 y algo m\u00e1s] - Tomajazz - Joan Sanmart\u00ed 5t actu\u00f3 en el 36\u00e8 Jazz Granollers Festival 2026, el 20 de febrero de 2026. Joan Cort\u00e8s lo retrata en INSTANTZZ. Joan Sanmart\u00ed 5t son Joan Sanmart\u00ed, Gabriel Amargant, Pau Dom\u00e8nech, Marc Cuevas, Joan Vidal\n","src":"https:\/\/i0.wp.com\/tomajazz.com\/web\/wp-content\/uploads\/2026\/04\/destacada-09-Jn-Snmrt-5t-Photo-By-Joan-Cortes-20fbr26-36FJG-Csn-Grn.jpg?resize=350%2C200&ssl=1","width":350,"height":200},"classes":[]},{"id":104847,"url":"https:\/\/tomajazz.com\/web\/alba-careta-group-panical-jazz-granollers-2026\/","url_meta":{"origin":84636,"position":2},"title":"Alba Careta Group \u201cPanical\u201d (36\u00e8 Jazz Granollers Festival \/ Casino, 2026-02-27 \/ Granollers -Barcelona-) [II] Por Joan Cort\u00e8s [INSTANTZZ AKA Galer\u00eda fotogr\u00e1fica AKA Fotoblog de jazz, impro\u2026 y algo m\u00e1s]","author":"Tomajazz","date":"12 abril, 2026","format":false,"excerpt":"Alba Careta Group \u201cPanical\u201d actu\u00f3 en el 36\u00e8 Jazz Granollers Festival, el 27 de febrero de 2026. Joan Cort\u00e8s lo retrata en INSTANTZZ. Alba Careta Group \u201cPanical\u201d son Alba Careta, Lucas Mart\u00ednez, Roger Santacana, Giuseppe Campisi, Jordi Pallar\u00e9s","rel":"","context":"En \u00ab36 Jazz Granollers Festival 2026\u00bb","block_context":{"text":"36 Jazz Granollers Festival 2026","link":"https:\/\/tomajazz.com\/web\/category\/contenidos\/especial-contenidos\/36-jazz-granollers-festival-2026\/"},"img":{"alt_text":"Alba Careta Group \u201cPanical\u201d (36\u00e8 Jazz Granollers Festival \/ Casino, 2026-02-27 \/ Granollers -Barcelona-) [II] Por Joan Cort\u00e8s [INSTANTZZ AKA Galer\u00eda fotogr\u00e1fica AKA Fotoblog de jazz, impro\u2026 y algo m\u00e1s] - Tomajazz - Alba Careta Group \u201cPanical\u201d actu\u00f3 en el 36\u00e8 Jazz Granollers Festival, el 27 de febrero de 2026. Joan Cort\u00e8s lo retrata en INSTANTZZ. Alba Careta Group \u201cPanical\u201d son Alba Careta, Lucas Mart\u00ednez, Roger Santacana, Giuseppe Campisi, Jordi Pallar\u00e9s\n","src":"https:\/\/i0.wp.com\/tomajazz.com\/web\/wp-content\/uploads\/2026\/04\/destacada-03-lb-Crt-Grp-Photo-by-Joan-Cortes-27fbr26-36JGF-CG-CR-Grnllrs.jpg?resize=350%2C200&ssl=1","width":350,"height":200,"srcset":"https:\/\/i0.wp.com\/tomajazz.com\/web\/wp-content\/uploads\/2026\/04\/destacada-03-lb-Crt-Grp-Photo-by-Joan-Cortes-27fbr26-36JGF-CG-CR-Grnllrs.jpg?resize=350%2C200&ssl=1 1x, https:\/\/i0.wp.com\/tomajazz.com\/web\/wp-content\/uploads\/2026\/04\/destacada-03-lb-Crt-Grp-Photo-by-Joan-Cortes-27fbr26-36JGF-CG-CR-Grnllrs.jpg?resize=525%2C300&ssl=1 1.5x"},"classes":[]},{"id":83020,"url":"https:\/\/tomajazz.com\/web\/jazz-granollers-festival-2024\/","url_meta":{"origin":84636,"position":3},"title":"34\u00e8 Jazz Granollers Festival 2024 (Del 26 de enero al 22 de marzo de 2024. Granollers, Barcelona) [Noticias de jazz]","author":"Tomajazz","date":"25 enero, 2024","format":false,"excerpt":"Entre el 26 de enero y el 22 de marzo de 2024 tendr\u00e1 lugar en Granollers (Barcelona), el 34\u00e8 Jazz Granollers Festival 2024 #Ciclodejazz #FestivalDeJazz #Festivalesdejazz #Noticiasdejazz","rel":"","context":"En \u00ab34\u00e8 Jazz Granollers Festival 2024\u00bb","block_context":{"text":"34\u00e8 Jazz Granollers Festival 2024","link":"https:\/\/tomajazz.com\/web\/category\/contenidos\/especial-contenidos\/34e-jazz-granollers-festival-2024\/"},"img":{"alt_text":"34\u00e8 Jazz Granollers Festival 2024 (Del 26 de enero al 22 de marzo de 2024. Granollers, Barcelona) [Noticias de jazz] - Tomajazz - Entre el 26 de enero y el 22 de marzo de 2024 tendr\u00e1 lugar en Granollers (Barcelona), el 34\u00e8 Jazz Granollers Festival 2024  #Ciclodejazz #FestivalDeJazz #Festivalesdejazz #Noticiasdejazz","src":"https:\/\/i0.wp.com\/tomajazz.com\/web\/wp-content\/uploads\/2024\/01\/34e-Jazz-Granollers-Festival-2024-Del-26-de-enero-al-22-de-marzo-de-2024-Tomajazz-Noticias.jpg?resize=350%2C200&ssl=1","width":350,"height":200,"srcset":"https:\/\/i0.wp.com\/tomajazz.com\/web\/wp-content\/uploads\/2024\/01\/34e-Jazz-Granollers-Festival-2024-Del-26-de-enero-al-22-de-marzo-de-2024-Tomajazz-Noticias.jpg?resize=350%2C200&ssl=1 1x, https:\/\/i0.wp.com\/tomajazz.com\/web\/wp-content\/uploads\/2024\/01\/34e-Jazz-Granollers-Festival-2024-Del-26-de-enero-al-22-de-marzo-de-2024-Tomajazz-Noticias.jpg?resize=525%2C300&ssl=1 1.5x"},"classes":[]},{"id":84897,"url":"https:\/\/tomajazz.com\/web\/kit-downes-solo-organ-granollers-2024\/","url_meta":{"origin":84636,"position":4},"title":"Kit Downes \u201cVia Crucis in Jazz\u201d (34\u00e8 Jazz Granollers Festival 2024, Esgl\u00e9sia Sant Esteve, 2024-03-03. Granollers -Barcelona-) [4] Por Joan Cort\u00e8s [INSTANTZZ AKA Galer\u00eda fotogr\u00e1fica AKA Fotoblog de jazz, impro\u2026 y algo m\u00e1s]","author":"Tomajazz","date":"19 marzo, 2024","format":false,"excerpt":"Kit Downes actu\u00f3 en solitario con el proyecto \u201cVia Crucis in Jazz\u201d en el 34\u00e8 Jazz Granollers Festival en la Esgl\u00e9sia Sant Esteve el 3 de marzo de 2024. Joan Cort\u00e8s lo retrata en INSTANTZZ","rel":"","context":"En \u00ab34\u00e8 Jazz Granollers Festival 2024\u00bb","block_context":{"text":"34\u00e8 Jazz Granollers Festival 2024","link":"https:\/\/tomajazz.com\/web\/category\/contenidos\/especial-contenidos\/34e-jazz-granollers-festival-2024\/"},"img":{"alt_text":"Kit Downes \u201cVia Crucis in Jazz\u201d (34\u00e8 Jazz Granollers Festival 2024, Esgl\u00e9sia Sant Esteve, 2024-03-03. Granollers -Barcelona-) [4] Por Joan Cort\u00e8s [INSTANTZZ AKA Galer\u00eda fotogr\u00e1fica AKA Fotoblog de jazz, impro\u2026 y algo m\u00e1s] - Tomajazz - Kit Downes actu\u00f3 en solitario con el proyecto \u201cVia Crucis in Jazz\u201d en el 34\u00e8 Jazz Granollers Festival en la Esgl\u00e9sia Sant Esteve el 3 de marzo de 2024. Joan Cort\u00e8s lo retrata en INSTANTZZ","src":"https:\/\/i0.wp.com\/tomajazz.com\/web\/wp-content\/uploads\/2024\/03\/destacada-1.jpg?resize=350%2C200&ssl=1","width":350,"height":200,"srcset":"https:\/\/i0.wp.com\/tomajazz.com\/web\/wp-content\/uploads\/2024\/03\/destacada-1.jpg?resize=350%2C200&ssl=1 1x, https:\/\/i0.wp.com\/tomajazz.com\/web\/wp-content\/uploads\/2024\/03\/destacada-1.jpg?resize=525%2C300&ssl=1 1.5x"},"classes":[]},{"id":85968,"url":"https:\/\/tomajazz.com\/web\/joan-diaz-jazzgranollers-ensemble-2024\/","url_meta":{"origin":84636,"position":5},"title":"Joan D\u00edaz &#038; JazzGranollers Ensemble \u201cLo c\u00e1rdeno sobre lo rojo\u201d (34\u00e8 Jazz Granollers Festival, Casino de Granollers-Club de Ritme, 2024-03-22. Granollers -Barcelona-) [5] Por Joan Cort\u00e8s [INSTANTZZ AKA Galer\u00eda fotogr\u00e1fica AKA Fotoblog de jazz, impro\u2026 y algo m\u00e1s]","author":"Tomajazz","date":"27 abril, 2024","format":false,"excerpt":"Joan D\u00edaz & JazzGranollers Ensemble presentaron \u201cLo c\u00e1rdeno sobre lo rojo\u201d en el 34\u00e8 Jazz Granollers Festival, el 22 de marzo de 2024. Joan Cort\u00e8s los retrata en INSTANTZZ. Actuaron Joan Sanmart\u00ed, Joan D\u00edaz, Maria Escudero, Lluna Arag\u00f3n, Jaime del Blanco, Irene Arg\u00fcello, Sandrine Robilliard, Pablo Selnik, Carla Aguilar, Gabriel\u2026","rel":"","context":"En \u00ab34\u00e8 Jazz Granollers Festival 2024\u00bb","block_context":{"text":"34\u00e8 Jazz Granollers Festival 2024","link":"https:\/\/tomajazz.com\/web\/category\/contenidos\/especial-contenidos\/34e-jazz-granollers-festival-2024\/"},"img":{"alt_text":"Joan D\u00edaz & JazzGranollers Ensemble \u201cLo c\u00e1rdeno sobre lo rojo\u201d (34\u00e8 Jazz Granollers Festival, Casino de Granollers-Club de Ritme, 2024-03-22. Granollers -Barcelona-) [5] Por Joan Cort\u00e8s [INSTANTZZ AKA Galer\u00eda fotogr\u00e1fica AKA Fotoblog de jazz, impro\u2026 y algo m\u00e1s] - Tomajazz - Joan D\u00edaz & JazzGranollers Ensemble presentaron \u201cLo c\u00e1rdeno sobre lo rojo\u201d en el 34\u00e8 Jazz Granollers Festival, el 22 de marzo de 2024. Joan Cort\u00e8s los retrata en INSTANTZZ. Actuaron Joan Sanmart\u00ed, Joan D\u00edaz, Maria Escudero, Lluna Arag\u00f3n, Jaime del Blanco, Irene Arg\u00fcello, Sandrine Robilliard, Pablo Selnik, Carla Aguilar, Gabriel Amargant, Pau Dom\u00e8nech, Marc Cuevas, Joan Vidal","src":"https:\/\/i0.wp.com\/tomajazz.com\/web\/wp-content\/uploads\/2024\/04\/destacada-Joan-Diaz-JazzGranollers-Ensemble-34e-Jazz-Granollers-Festival-2024-Tomajazz-Photo-by-Joan-Cortes-2024-005-copia.jpg?resize=350%2C200&ssl=1","width":350,"height":200,"srcset":"https:\/\/i0.wp.com\/tomajazz.com\/web\/wp-content\/uploads\/2024\/04\/destacada-Joan-Diaz-JazzGranollers-Ensemble-34e-Jazz-Granollers-Festival-2024-Tomajazz-Photo-by-Joan-Cortes-2024-005-copia.jpg?resize=350%2C200&ssl=1 1x, https:\/\/i0.wp.com\/tomajazz.com\/web\/wp-content\/uploads\/2024\/04\/destacada-Joan-Diaz-JazzGranollers-Ensemble-34e-Jazz-Granollers-Festival-2024-Tomajazz-Photo-by-Joan-Cortes-2024-005-copia.jpg?resize=525%2C300&ssl=1 1.5x"},"classes":[]}],"_links":{"self":[{"href":"https:\/\/tomajazz.com\/web\/wp-json\/wp\/v2\/posts\/84636","targetHints":{"allow":["GET"]}}],"collection":[{"href":"https:\/\/tomajazz.com\/web\/wp-json\/wp\/v2\/posts"}],"about":[{"href":"https:\/\/tomajazz.com\/web\/wp-json\/wp\/v2\/types\/post"}],"author":[{"embeddable":true,"href":"https:\/\/tomajazz.com\/web\/wp-json\/wp\/v2\/users\/1"}],"replies":[{"embeddable":true,"href":"https:\/\/tomajazz.com\/web\/wp-json\/wp\/v2\/comments?post=84636"}],"version-history":[{"count":5,"href":"https:\/\/tomajazz.com\/web\/wp-json\/wp\/v2\/posts\/84636\/revisions"}],"predecessor-version":[{"id":84893,"href":"https:\/\/tomajazz.com\/web\/wp-json\/wp\/v2\/posts\/84636\/revisions\/84893"}],"wp:featuredmedia":[{"embeddable":true,"href":"https:\/\/tomajazz.com\/web\/wp-json\/wp\/v2\/media\/84892"}],"wp:attachment":[{"href":"https:\/\/tomajazz.com\/web\/wp-json\/wp\/v2\/media?parent=84636"}],"wp:term":[{"taxonomy":"category","embeddable":true,"href":"https:\/\/tomajazz.com\/web\/wp-json\/wp\/v2\/categories?post=84636"},{"taxonomy":"post_tag","embeddable":true,"href":"https:\/\/tomajazz.com\/web\/wp-json\/wp\/v2\/tags?post=84636"}],"curies":[{"name":"wp","href":"https:\/\/api.w.org\/{rel}","templated":true}]}}