{"id":8554,"date":"2013-10-23T11:20:37","date_gmt":"2013-10-23T09:20:37","guid":{"rendered":"http:\/\/www.tomajazz.com\/web\/?p=8554"},"modified":"2016-11-13T16:33:13","modified_gmt":"2016-11-13T15:33:13","slug":"imatjazz-linda-ho","status":"publish","type":"post","link":"https:\/\/tomajazz.com\/web\/imatjazz-linda-ho\/","title":{"rendered":"IMATJAZZ: Linda Oh"},"content":{"rendered":"<p style=\"text-align: center;\"><a href=\"http:\/\/www.tomajazz.com\/web\/?attachment_id=8559\" rel=\"attachment wp-att-8559\"><img loading=\"lazy\" decoding=\"async\" class=\" wp-image-8559 aligncenter\" alt=\"IMJ012_LINDA HO (\u00a9Joan Cort\u00e8s)_13oct12_Th\u00e9\u00e2tre de l&#039;Archipel_24Jazz\u00e8bre_Perpiny\u00e0\" src=\"http:\/\/www.tomajazz.com\/web\/wp-content\/uploads\/2013\/10\/IMJ012_LINDA-HO-\u00a9Joan-Cort\u00e8s_13oct12_Th\u00e9\u00e2tre-de-lArchipel_24Jazz\u00e8bre_Perpiny\u00e0.jpg\" width=\"399\" height=\"600\" title=\"\" srcset=\"https:\/\/tomajazz.com\/web\/wp-content\/uploads\/2013\/10\/IMJ012_LINDA-HO-\u00a9Joan-Cort\u00e8s_13oct12_Th\u00e9\u00e2tre-de-lArchipel_24Jazz\u00e8bre_Perpiny\u00e0.jpg 399w, https:\/\/tomajazz.com\/web\/wp-content\/uploads\/2013\/10\/IMJ012_LINDA-HO-\u00a9Joan-Cort\u00e8s_13oct12_Th\u00e9\u00e2tre-de-lArchipel_24Jazz\u00e8bre_Perpiny\u00e0-99x150.jpg 99w, https:\/\/tomajazz.com\/web\/wp-content\/uploads\/2013\/10\/IMJ012_LINDA-HO-\u00a9Joan-Cort\u00e8s_13oct12_Th\u00e9\u00e2tre-de-lArchipel_24Jazz\u00e8bre_Perpiny\u00e0-199x300.jpg 199w, https:\/\/tomajazz.com\/web\/wp-content\/uploads\/2013\/10\/IMJ012_LINDA-HO-\u00a9Joan-Cort\u00e8s_13oct12_Th\u00e9\u00e2tre-de-lArchipel_24Jazz\u00e8bre_Perpiny\u00e0-36x55.jpg 36w\" sizes=\"auto, (max-width: 399px) 100vw, 399px\" \/><\/a><\/p>\n<p>Linda Oh<br \/>\nJoe Lovano &amp; Dave Douglas Quintet: Sound Prints<br \/>\n24 Jazz\u00e8bre<br \/>\nTh\u00e9\u00e2tre de l\u2019Archipel, Perpiny\u00e0, Francia. 2012-10-13<\/p>\n<p>\u00a9 Joan Cort\u00e8s, 2013<\/p>\n","protected":false},"excerpt":{"rendered":"<p>Linda Oh Joe Lovano &amp; Dave Douglas Quintet: Sound Prints 24 Jazz\u00e8bre Th\u00e9\u00e2tre de l\u2019Archipel, Perpiny\u00e0, Francia. 2012-10-13 \u00a9 Joan Cort\u00e8s, 2013<span class=\"more-link\"><a href=\"https:\/\/tomajazz.com\/web\/imatjazz-linda-ho\/\">Contin\u00faa leyendo<\/a><\/span><\/p>\n","protected":false},"author":1,"featured_media":8511,"comment_status":"open","ping_status":"closed","sticky":false,"template":"","format":"standard","meta":{"jetpack_post_was_ever_published":false,"_jetpack_newsletter_access":"","_jetpack_dont_email_post_to_subs":true,"_jetpack_newsletter_tier_id":0,"_jetpack_memberships_contains_paywalled_content":false,"_jetpack_memberships_contains_paid_content":false,"footnotes":""},"categories":[17853,15516,1038,7292,4758],"tags":[12656,15275,7462,13,1041,7594,12657,16099,77,16100],"class_list":["entry","author-pachi","post-8554","post","type-post","status-publish","format-standard","has-post-thumbnail","category-joan-cortes","category-imagenes","category-contenidos","category-imatjazz","category-blogs","tag-fotoblog","tag-galeria-fotografica","tag-imatjazz-2","tag-jazz","tag-joan-cortes","tag-linda-oh","tag-photoblog","tag-toma-jazz","tag-tomajazz","tag-tomajazz-toma-jazz"],"jetpack_featured_media_url":"https:\/\/tomajazz.com\/web\/wp-content\/uploads\/2013\/10\/IMJ012_LINDA-HO-\u00a9Joan-Cort\u00e8s_13oct12_Th\u00e9\u00e2tre-de-lArchipel_24Jazz\u00e8bre_Perpiny\u00e0_peq.jpg","jetpack_likes_enabled":true,"jetpack_sharing_enabled":true,"jetpack-related-posts":[{"id":15521,"url":"https:\/\/tomajazz.com\/web\/instantzz-joe-lovano-dave-douglas-quintet-46-voll-damm-festival-internacional-de-jazz-de-barcelona-lauditori-sala-oriol-martorell-barcelona-2014-11-12\/","url_meta":{"origin":8554,"position":0},"title":"INSTANTZZ: Joe Lovano &#038; Dave Douglas Quintet (46 Voll-Damm Festival Internacional de Jazz de Barcelona, L\u2019Auditori, Sala Oriol Martorell, Barcelona. 2014-11-12)","author":"Tomajazz","date":"19 noviembre, 2014","format":false,"excerpt":"46 Voll-Damm Festival Internacional De Jazz De Barcelona Joe Lovano & Dave Douglas Quintet Fecha: Mi\u00e9rcoles, 12 de noviembre de 2014 Lugar: L\u2019Auditori (Sala Oriol Martorell) Componentes: Joe Lovano, saxo tenor Dave Douglas, trompeta Lawrence Fields, piano Linda Oh, contrabajo Joey Baron, bater\u00eda \u00a9 Joan Cort\u00e8s, 2014","rel":"","context":"En \u00ab*_Joan Cort\u00e8s\u00bb","block_context":{"text":"*_Joan Cort\u00e8s","link":"https:\/\/tomajazz.com\/web\/category\/joan-cortes\/"},"img":{"alt_text":"","src":"https:\/\/i0.wp.com\/tomajazz.com\/web\/wp-content\/uploads\/2014\/11\/06_JLDD5t-%C2%A9Joan-Cort%C3%A8s_12nov14_LASOM_46FIJ_Bcn.jpg?resize=350%2C200&ssl=1","width":350,"height":200,"srcset":"https:\/\/i0.wp.com\/tomajazz.com\/web\/wp-content\/uploads\/2014\/11\/06_JLDD5t-%C2%A9Joan-Cort%C3%A8s_12nov14_LASOM_46FIJ_Bcn.jpg?resize=350%2C200&ssl=1 1x, https:\/\/i0.wp.com\/tomajazz.com\/web\/wp-content\/uploads\/2014\/11\/06_JLDD5t-%C2%A9Joan-Cort%C3%A8s_12nov14_LASOM_46FIJ_Bcn.jpg?resize=525%2C300&ssl=1 1.5x"},"classes":[]},{"id":60563,"url":"https:\/\/tomajazz.com\/web\/instantzz-vijay-iyer-trio-uneasy-53e-festival-de-jazz-de-barcelona-conservatori-del-liceu-barcelona-2021-11-08-iv-xiii-galeria-fotografica-aka-fotoblog-de-jazz-impro\/","url_meta":{"origin":8554,"position":1},"title":"INSTANTZZ: Vijay Iyer Trio \u201cUneasy\u201d (53\u00e8 Festival de Jazz de Barcelona \/ Conservatori del Liceu, Barcelona. 2021-11-08) (IV\/XIII) [Galer\u00eda fotogr\u00e1fica AKA Fotoblog de jazz, impro\u2026 y algo m\u00e1s] Por Joan Cort\u00e8s","author":"Tomajazz","date":"25 enero, 2022","format":false,"excerpt":"En INSTANTZZ una galer\u00eda fotogr\u00e1fica de Joan Cort\u00e8s con la actuaci\u00f3n de Vijay Iyer Trio \"Uneasy\" en la edici\u00f3n 53\u00aa del Festival de Jazz de Barcelona.","rel":"","context":"En \u00abINSTANTZZ\u00bb","block_context":{"text":"INSTANTZZ","link":"https:\/\/tomajazz.com\/web\/category\/contenidos\/imagenes\/photoblogs\/instantzz\/"},"img":{"alt_text":"INSTANTZZ: Vijay Iyer Trio \u201cUneasy\u201d (53\u00e8 Festival de Jazz de Barcelona \/ Conservatori del Liceu, Barcelona. 2021-11-08) (IV\/XIII) [Galer\u00eda fotogr\u00e1fica AKA Fotoblog de jazz, impro\u2026 y algo m\u00e1s] Por Joan Cort\u00e8s","src":"https:\/\/i0.wp.com\/tomajazz.com\/web\/wp-content\/uploads\/2022\/01\/09_Vjy-yr-Tr-Joan-Cortes_08nov21_Cnsrvtr-Lc_53FJBcn.jpg?resize=350%2C200&ssl=1","width":350,"height":200},"classes":[]},{"id":99816,"url":"https:\/\/tomajazz.com\/web\/linda-may-han-oh-strange-heavens-2025\/","url_meta":{"origin":8554,"position":2},"title":"Linda May Han Oh, Ambrose Akinmusire &#038; Tyshawn Sorey: Strange Heavens (Biophilia Records, 2025) Por Carlos Lara [Grabaci\u00f3n de jazz]","author":"Tomajazz","date":"29 septiembre, 2025","format":false,"excerpt":"Strange Heavens (Biophilia Records, 2025), es el nuevo disco de Linda May Han Oh. Carlos Lara repasa la grabaci\u00f3n. Con Linda May Han Oh, Ambrose Akinmusire, Tyshawn Sorey","rel":"","context":"En \u00ab*_Carlos Lara\u00bb","block_context":{"text":"*_Carlos Lara","link":"https:\/\/tomajazz.com\/web\/category\/carlos-lara\/"},"img":{"alt_text":"Linda May Han Oh, Ambrose Akinmusire & Tyshawn Sorey: Strange Heavens (Biophilia Records, 2025) Por Carlos Lara [Grabaci\u00f3n de jazz] - Tomajazz - Strange Heavens (Biophilia Records, 2025), es el nuevo disco de Linda May Han Oh. Carlos Lara repasa la grabaci\u00f3n. Con Linda May Han Oh, Ambrose Akinmusire & Tyshawn Sorey:","src":"https:\/\/i0.wp.com\/tomajazz.com\/web\/wp-content\/uploads\/2025\/09\/Linda-May-Han-Oh-Ambrose-Akinmusire-Tyshawn-Sorey-Strange-Heavens-Biophilia-Records-2025-Tomajazz.jpg?resize=350%2C200&ssl=1","width":350,"height":200,"srcset":"https:\/\/i0.wp.com\/tomajazz.com\/web\/wp-content\/uploads\/2025\/09\/Linda-May-Han-Oh-Ambrose-Akinmusire-Tyshawn-Sorey-Strange-Heavens-Biophilia-Records-2025-Tomajazz.jpg?resize=350%2C200&ssl=1 1x, https:\/\/i0.wp.com\/tomajazz.com\/web\/wp-content\/uploads\/2025\/09\/Linda-May-Han-Oh-Ambrose-Akinmusire-Tyshawn-Sorey-Strange-Heavens-Biophilia-Records-2025-Tomajazz.jpg?resize=525%2C300&ssl=1 1.5x, https:\/\/i0.wp.com\/tomajazz.com\/web\/wp-content\/uploads\/2025\/09\/Linda-May-Han-Oh-Ambrose-Akinmusire-Tyshawn-Sorey-Strange-Heavens-Biophilia-Records-2025-Tomajazz.jpg?resize=700%2C400&ssl=1 2x"},"classes":[]},{"id":56280,"url":"https:\/\/tomajazz.com\/web\/jazzx5235-vijay-iyer-tyshawn-sorey-linda-may-han-oh-drummers-song-uneasy-ecm-2021-minipodcast-por-pachi-tapiz\/","url_meta":{"origin":8554,"position":3},"title":"JazzX5#235. Vijay Iyer, Tyshawn Sorey, Linda May Han Oh: \u00abDrummer&#8217;s Song\u00bb [Uneasy (ECM, 2021)] [Minipodcast] Por Pachi Tapiz","author":"Tomajazz","date":"9 agosto, 2021","format":false,"excerpt":"En JazzX5 la composici\u00f3n de Geri Allen \"Drummer's Song\" interpretada por el tr\u00edo formado por Vijay Iyer, Tyshawn Sorey, Linda May Han Oh que aparece en la grabaci\u00f3n Uneasy (ECM, 2021)","rel":"","context":"En \u00ab*_Pachi Tapiz\u00bb","block_context":{"text":"*_Pachi Tapiz","link":"https:\/\/tomajazz.com\/web\/category\/pachi-tapiz\/"},"img":{"alt_text":"","src":"https:\/\/i0.wp.com\/tomajazz.com\/web\/wp-content\/uploads\/2021\/08\/JazzX5_235.jpg?resize=350%2C200&ssl=1","width":350,"height":200,"srcset":"https:\/\/i0.wp.com\/tomajazz.com\/web\/wp-content\/uploads\/2021\/08\/JazzX5_235.jpg?resize=350%2C200&ssl=1 1x, https:\/\/i0.wp.com\/tomajazz.com\/web\/wp-content\/uploads\/2021\/08\/JazzX5_235.jpg?resize=525%2C300&ssl=1 1.5x, https:\/\/i0.wp.com\/tomajazz.com\/web\/wp-content\/uploads\/2021\/08\/JazzX5_235.jpg?resize=700%2C400&ssl=1 2x"},"classes":[]},{"id":103488,"url":"https:\/\/tomajazz.com\/web\/musicos-fallecidos-en-2025-un-recuerdo\/","url_meta":{"origin":8554,"position":4},"title":"M\u00fasicos fallecidos en 2025 -un recuerdo- Por Joan Cort\u00e8s [INSTANTZZ AKA Galer\u00eda fotogr\u00e1fica AKA Fotoblog de jazz, impro\u2026 y algo m\u00e1s]","author":"Tomajazz","date":"17 enero, 2026","format":false,"excerpt":"M\u00fasicos fallecidos en 2025 -un recuerdo- Desde INSTANTZZ, Joan Cort\u00e8s recuerda a algunos de las y los m\u00fasicos fallecidos en el pasado 2025","rel":"","context":"En \u00ab*_Joan Cort\u00e8s\u00bb","block_context":{"text":"*_Joan Cort\u00e8s","link":"https:\/\/tomajazz.com\/web\/category\/joan-cortes\/"},"img":{"alt_text":"M\u00fasicos fallecidos en 2025 -un recuerdo- Por Joan Cort\u00e8s [INSTANTZZ AKA Galer\u00eda fotogr\u00e1fica AKA Fotoblog de jazz, impro\u2026 y algo m\u00e1s] - Tomajazz - Desde INSTANTZZ, Joan Cort\u00e8s recuerda a algunos de las y los m\u00fasicos fallecidos en el pasado 2025.","src":"https:\/\/i0.wp.com\/tomajazz.com\/web\/wp-content\/uploads\/2026\/01\/12-251026-Jck-DJnhtt-Joan-Cortes-Sl-Brts-Bcn.jpg?resize=350%2C200&ssl=1","width":350,"height":200,"srcset":"https:\/\/i0.wp.com\/tomajazz.com\/web\/wp-content\/uploads\/2026\/01\/12-251026-Jck-DJnhtt-Joan-Cortes-Sl-Brts-Bcn.jpg?resize=350%2C200&ssl=1 1x, https:\/\/i0.wp.com\/tomajazz.com\/web\/wp-content\/uploads\/2026\/01\/12-251026-Jck-DJnhtt-Joan-Cortes-Sl-Brts-Bcn.jpg?resize=525%2C300&ssl=1 1.5x"},"classes":[]},{"id":104436,"url":"https:\/\/tomajazz.com\/web\/juanma-trujillo-baldo-martinez-cdj25-2026\/","url_meta":{"origin":8554,"position":5},"title":"Juanma Trujillo &#038; Baldo Mart\u00ednez (25 aniversario Club de Jazz \/ Jamboree-01, 2026-02-14 \/ Barcelona) [I] Por Joan Cort\u00e8s [INSTANTZZ AKA Galer\u00eda fotogr\u00e1fica AKA Fotoblog de jazz, impro\u2026 y algo m\u00e1s]","author":"Tomajazz","date":"17 marzo, 2026","format":false,"excerpt":"Juanma Trujillo & Baldo Mart\u00ednez actuaron en Jamboree en el 25 aniversario de Club de Jazz. Joan Cort\u00e8s lo retrata en INSTANTZZ","rel":"","context":"En \u00ab*_Joan Cort\u00e8s\u00bb","block_context":{"text":"*_Joan Cort\u00e8s","link":"https:\/\/tomajazz.com\/web\/category\/joan-cortes\/"},"img":{"alt_text":"Juanma Trujillo & Baldo Mart\u00ednez (25 aniversario Club de Jazz \/ Jamboree-01, 2026-02-14 \/ Barcelona) [I] Por Joan Cort\u00e8s [INSTANTZZ AKA Galer\u00eda fotogr\u00e1fica AKA Fotoblog de jazz, impro\u2026 y algo m\u00e1s] - Tomajazz - Juanma Trujillo & Baldo Mart\u00ednez actuaron en Jamboree en el 25 aniversario de Club de Jazz. Joan Cort\u00e8s lo retrata en INSTANTZZ","src":"https:\/\/i0.wp.com\/tomajazz.com\/web\/wp-content\/uploads\/2026\/03\/destacada-11-Jnm-Trjll-Bld-Mrtnz-Photo-by-Joan-Cortes-14fbr26-25nCdJ-Jmbr01-Bcn.jpg?resize=350%2C200&ssl=1","width":350,"height":200,"srcset":"https:\/\/i0.wp.com\/tomajazz.com\/web\/wp-content\/uploads\/2026\/03\/destacada-11-Jnm-Trjll-Bld-Mrtnz-Photo-by-Joan-Cortes-14fbr26-25nCdJ-Jmbr01-Bcn.jpg?resize=350%2C200&ssl=1 1x, https:\/\/i0.wp.com\/tomajazz.com\/web\/wp-content\/uploads\/2026\/03\/destacada-11-Jnm-Trjll-Bld-Mrtnz-Photo-by-Joan-Cortes-14fbr26-25nCdJ-Jmbr01-Bcn.jpg?resize=525%2C300&ssl=1 1.5x"},"classes":[]}],"_links":{"self":[{"href":"https:\/\/tomajazz.com\/web\/wp-json\/wp\/v2\/posts\/8554","targetHints":{"allow":["GET"]}}],"collection":[{"href":"https:\/\/tomajazz.com\/web\/wp-json\/wp\/v2\/posts"}],"about":[{"href":"https:\/\/tomajazz.com\/web\/wp-json\/wp\/v2\/types\/post"}],"author":[{"embeddable":true,"href":"https:\/\/tomajazz.com\/web\/wp-json\/wp\/v2\/users\/1"}],"replies":[{"embeddable":true,"href":"https:\/\/tomajazz.com\/web\/wp-json\/wp\/v2\/comments?post=8554"}],"version-history":[{"count":2,"href":"https:\/\/tomajazz.com\/web\/wp-json\/wp\/v2\/posts\/8554\/revisions"}],"predecessor-version":[{"id":8634,"href":"https:\/\/tomajazz.com\/web\/wp-json\/wp\/v2\/posts\/8554\/revisions\/8634"}],"wp:featuredmedia":[{"embeddable":true,"href":"https:\/\/tomajazz.com\/web\/wp-json\/wp\/v2\/media\/8511"}],"wp:attachment":[{"href":"https:\/\/tomajazz.com\/web\/wp-json\/wp\/v2\/media?parent=8554"}],"wp:term":[{"taxonomy":"category","embeddable":true,"href":"https:\/\/tomajazz.com\/web\/wp-json\/wp\/v2\/categories?post=8554"},{"taxonomy":"post_tag","embeddable":true,"href":"https:\/\/tomajazz.com\/web\/wp-json\/wp\/v2\/tags?post=8554"}],"curies":[{"name":"wp","href":"https:\/\/api.w.org\/{rel}","templated":true}]}}