{"id":86647,"date":"2024-05-21T10:30:40","date_gmt":"2024-05-21T08:30:40","guid":{"rendered":"https:\/\/www.tomajazz.com\/web\/?p=86647"},"modified":"2024-05-20T22:21:23","modified_gmt":"2024-05-20T20:21:23","slug":"xxii-festival-internacional-jazz-en-el-lago-2024","status":"publish","type":"post","link":"https:\/\/tomajazz.com\/web\/xxii-festival-internacional-jazz-en-el-lago-2024\/","title":{"rendered":"XXII Festival Internacional Jazz en el Lago 2024 (Atarfe, Granada. 5 de julio de 2023) [Noticias de jazz]"},"content":{"rendered":"<p>El 5 de julio de 2024 tendr\u00e1 lugar en Atarfe (Granada), el XXII Festival Internacional Jazz en el Lago 2024.<\/p>\n<p style=\"text-align: center;\"><img loading=\"lazy\" decoding=\"async\" class=\"aligncenter size-large wp-image-86648\" title=\"XXII Festival Internacional Jazz en el Lago 2024 (Atarfe, Granada. 5 de julio de 2023) [Noticias de jazz] Tomajazz XXII Festival Internacional Jazz en el Lago 2024 Tomajazz Noticias\" src=\"https:\/\/tomajazz.com\/web\/wp-content\/uploads\/2024\/05\/XXII-Festival-Internacional-Jazz-en-el-Lago-2024-Tomajazz-Noticias-423x600.jpg\" alt=\"XXII Festival Internacional Jazz en el Lago 2024 (Atarfe, Granada. 5 de julio de 2023) [Noticias de jazz] - Tomajazz\" width=\"423\" height=\"600\" srcset=\"https:\/\/tomajazz.com\/web\/wp-content\/uploads\/2024\/05\/XXII-Festival-Internacional-Jazz-en-el-Lago-2024-Tomajazz-Noticias-423x600.jpg 423w, https:\/\/tomajazz.com\/web\/wp-content\/uploads\/2024\/05\/XXII-Festival-Internacional-Jazz-en-el-Lago-2024-Tomajazz-Noticias-211x300.jpg 211w, https:\/\/tomajazz.com\/web\/wp-content\/uploads\/2024\/05\/XXII-Festival-Internacional-Jazz-en-el-Lago-2024-Tomajazz-Noticias-768x1091.jpg 768w, https:\/\/tomajazz.com\/web\/wp-content\/uploads\/2024\/05\/XXII-Festival-Internacional-Jazz-en-el-Lago-2024-Tomajazz-Noticias-387x550.jpg 387w, https:\/\/tomajazz.com\/web\/wp-content\/uploads\/2024\/05\/XXII-Festival-Internacional-Jazz-en-el-Lago-2024-Tomajazz-Noticias-352x500.jpg 352w, https:\/\/tomajazz.com\/web\/wp-content\/uploads\/2024\/05\/XXII-Festival-Internacional-Jazz-en-el-Lago-2024-Tomajazz-Noticias.jpg 800w\" sizes=\"auto, (max-width: 423px) 100vw, 423px\" \/><\/p>\n<h3>Programaci\u00f3n<\/h3>\n<p>Viernes 5. Paquito D&#8217;Rivera Trio featuring \u00c1ngela Cervantes<\/p>\n<p>Big Band Atarfe &amp; Sergio Pamies<\/p>\n<h3>Datos de inter\u00e9s del XXII Festival Internacional Jazz en el Lago 2024<\/h3>\n<p>Los conciertos tendr\u00e1n lugar en el paraje del Lago de los Tres Juanes. Entradas 25\u20ac<\/p>\n<h3>M\u00e1s informaci\u00f3n<\/h3>\n<p><a href=\"https:\/\/www.atarfe.es\/xxii-edicion-del-festival-internacional-de-jazz-en-el-lago\" target=\"_blank\" rel=\"noopener\">https:\/\/www.atarfe.es\/xxii-edicion-del-festival-internacional-de-jazz-en-el-lago<\/a><\/p>\n<h3>Y adem\u00e1s<\/h3>\n<p><a href=\"https:\/\/tomajazz.com\/web\/?s=jazz+en+el+lago&amp;submit=Search\" target=\"_blank\" rel=\"noopener\">https:\/\/tomajazz.com\/web\/?s=jazz+en+el+lago&amp;submit=Search<\/a><\/p>\n<blockquote class=\"wp-embedded-content\" data-secret=\"B8uOVnEPnq\"><p><a href=\"https:\/\/tomajazz.com\/web\/xxi-festival-jazz-en-el-lago-2023\/\">XXI Festival Jazz en el Lago 2023 (Atarfe, Granada. 30 de junio y 1 de julio de 2023) [Noticias de jazz]<\/a><\/p><\/blockquote>\n<p><iframe loading=\"lazy\" class=\"wp-embedded-content\" sandbox=\"allow-scripts\" security=\"restricted\" style=\"position: absolute; visibility: hidden;\" title=\"\u00abXXI Festival Jazz en el Lago 2023 (Atarfe, Granada. 30 de junio y 1 de julio de 2023) [Noticias de jazz]\u00bb \u2014 Tomajazz\" src=\"https:\/\/tomajazz.com\/web\/xxi-festival-jazz-en-el-lago-2023\/embed\/#?secret=juKbXhumGo#?secret=B8uOVnEPnq\" data-secret=\"B8uOVnEPnq\" width=\"600\" height=\"338\" frameborder=\"0\" marginwidth=\"0\" marginheight=\"0\" scrolling=\"no\"><\/iframe><\/p>\n<h3>Especial Festivales, ciclos, conciertos, seminarios, conciertos, concursos y eventos de Jazz en Tomajazz<\/h3>\n<blockquote class=\"wp-embedded-content\" data-secret=\"jLfnqaioWe\"><p><a href=\"https:\/\/tomajazz.com\/web\/festivales-de-jazz\/\">Los Festivales de jazz, Ciclos, Seminarios, Conciertos, Exposiciones y Eventos de jazz en Espa\u00f1a [Especial jazz en Espa\u00f1a]<\/a><\/p><\/blockquote>\n<p><iframe loading=\"lazy\" class=\"wp-embedded-content\" sandbox=\"allow-scripts\" security=\"restricted\" style=\"position: absolute; visibility: hidden;\" title=\"\u00abLos Festivales de jazz, Ciclos, Seminarios, Conciertos, Exposiciones y Eventos de jazz en Espa\u00f1a [Especial jazz en Espa\u00f1a]\u00bb \u2014 Tomajazz\" src=\"https:\/\/tomajazz.com\/web\/festivales-de-jazz\/embed\/#?secret=duTHGT9YsW#?secret=jLfnqaioWe\" data-secret=\"jLfnqaioWe\" width=\"600\" height=\"338\" frameborder=\"0\" marginwidth=\"0\" marginheight=\"0\" scrolling=\"no\"><\/iframe><\/p>\n<p>&nbsp;<\/p>\n<p>&nbsp;<\/p>\n","protected":false},"excerpt":{"rendered":"<p>El 5 de julio de 2024 tendr\u00e1 lugar en Atarfe (Granada), el XXII Festival Internacional Jazz en el Lago 2024 #Ciclodejazz #FestivalDeJazz #Festivalesdejazz #Noticiasdejazz<span class=\"more-link\"><a href=\"https:\/\/tomajazz.com\/web\/xxii-festival-internacional-jazz-en-el-lago-2024\/\">Contin\u00faa leyendo<\/a><\/span><\/p>\n","protected":false},"author":1,"featured_media":86648,"comment_status":"open","ping_status":"closed","sticky":false,"template":"","format":"standard","meta":{"jetpack_post_was_ever_published":false,"_jetpack_newsletter_access":"","_jetpack_dont_email_post_to_subs":false,"_jetpack_newsletter_tier_id":0,"_jetpack_memberships_contains_paywalled_content":false,"_jetpack_memberships_contains_paid_content":false,"footnotes":""},"categories":[30914,17858,15795,1038],"tags":[31152,31151,31153,31154],"class_list":["entry","author-pachi","has-excerpt","post-86647","post","type-post","status-publish","format-standard","has-post-thumbnail","category-festivales-de-jazz-verano-2024","category-redaccion","category-noticias-2","category-contenidos","tag-festival-internacional-jazz-en-el-lago","tag-festival-internacional-jazz-en-el-lago-2024","tag-xxii-festival-internacional-jazz-en-el-lago","tag-xxii-festival-internacional-jazz-en-el-lago-2024"],"jetpack_featured_media_url":"https:\/\/tomajazz.com\/web\/wp-content\/uploads\/2024\/05\/XXII-Festival-Internacional-Jazz-en-el-Lago-2024-Tomajazz-Noticias.jpg","jetpack_likes_enabled":true,"jetpack_sharing_enabled":true,"jetpack-related-posts":[{"id":101567,"url":"https:\/\/tomajazz.com\/web\/julian-lage-jazzmadrid-2025\/","url_meta":{"origin":86647,"position":0},"title":"Julian Lage (Festival Internacional JazzMadrid 2025. Teatro Fern\u00e1n G\u00f3mez &#8211; Centro Cultural de la Villa. Madrid. 2025-11-07) Por Carlos Lara y Enrique Farelo [Concierto de jazz]","author":"Tomajazz","date":"9 noviembre, 2025","format":false,"excerpt":"Julian Lage actu\u00f3 en solitario en el Festival Internacional JazzMadrid 2025, en Teatro Fern\u00e1n G\u00f3mez, el 7 de noviembre de 2025. Carlos Lara y Enrique Farelo repasan el concierto","rel":"","context":"En \u00abFestival Internacional JazzMadrid 2025\u00bb","block_context":{"text":"Festival Internacional JazzMadrid 2025","link":"https:\/\/tomajazz.com\/web\/category\/contenidos\/especial-contenidos\/festival-internacional-jazzmadrid-2025\/"},"img":{"alt_text":"Julian Lage (Festival Internacional JazzMadrid 2025. Teatro Fern\u00e1n G\u00f3mez - Centro Cultural de la Villa. Madrid. 2025-11-07) Por Carlos Lara y Enrique Farelo [Concierto de jazz] - Tomajazz - Julian Lage actu\u00f3 en solitario en el Festival Internacional JazzMadrid 2025, en Teatro Fern\u00e1n G\u00f3mez, el 7 de noviembre de 2025. Carlos Lara y Enrique Farelo repasan el concierto","src":"https:\/\/i0.wp.com\/tomajazz.com\/web\/wp-content\/uploads\/2025\/11\/destacada-Julian-Lage-1.jpg?resize=350%2C200&ssl=1","width":350,"height":200,"srcset":"https:\/\/i0.wp.com\/tomajazz.com\/web\/wp-content\/uploads\/2025\/11\/destacada-Julian-Lage-1.jpg?resize=350%2C200&ssl=1 1x, https:\/\/i0.wp.com\/tomajazz.com\/web\/wp-content\/uploads\/2025\/11\/destacada-Julian-Lage-1.jpg?resize=525%2C300&ssl=1 1.5x, https:\/\/i0.wp.com\/tomajazz.com\/web\/wp-content\/uploads\/2025\/11\/destacada-Julian-Lage-1.jpg?resize=700%2C400&ssl=1 2x"},"classes":[]},{"id":105012,"url":"https:\/\/tomajazz.com\/web\/lage-lund-trio-granollers-2026\/","url_meta":{"origin":86647,"position":1},"title":"Lage Lund Trio (36\u00e8 Jazz Granollers Festival \/ Casino, 2026-03-13 \/ Granollers -Barcelona-) [y III] Por Joan Cort\u00e8s [INSTANTZZ AKA Galer\u00eda fotogr\u00e1fica AKA Fotoblog de jazz, impro\u2026 y algo m\u00e1s]","author":"Tomajazz","date":"23 abril, 2026","format":false,"excerpt":"Lage Lund Trio actu\u00f3 en el 36\u00e8 Jazz Granollers Festival, el 13 de marzo de 2026. Joan Cort\u00e8s lo retrata en INSTANTZZ. Lage Lund Trio son Lage Lund, Orlando Le Fleming, Greg Hutchinson","rel":"","context":"En \u00ab36 Jazz Granollers Festival 2026\u00bb","block_context":{"text":"36 Jazz Granollers Festival 2026","link":"https:\/\/tomajazz.com\/web\/category\/contenidos\/especial-contenidos\/36-jazz-granollers-festival-2026\/"},"img":{"alt_text":"Lage Lund Trio (36\u00e8 Jazz Granollers Festival \/ Casino, 2026-03-13 \/ Granollers -Barcelona-) [y III] Por Joan Cort\u00e8s [INSTANTZZ AKA Galer\u00eda fotogr\u00e1fica AKA Fotoblog de jazz, impro\u2026 y algo m\u00e1s] - Tomajazz - Lage Lund Trio actu\u00f3 en el 36\u00e8 Jazz Granollers Festival, el 13 de marzo de 2026. Joan Cort\u00e8s lo retrata en INSTANTZZ. Lage Lund Trio son Lage Lund, Orlando Le Fleming, Greg Hutchinson","src":"https:\/\/i0.wp.com\/tomajazz.com\/web\/wp-content\/uploads\/2026\/04\/destacada-02-Lg-Lnd-Photo-by-Joan-Cortes-13mrc26-36JGF-Csn-Gr-bn.jpg?resize=350%2C200&ssl=1","width":350,"height":200,"srcset":"https:\/\/i0.wp.com\/tomajazz.com\/web\/wp-content\/uploads\/2026\/04\/destacada-02-Lg-Lnd-Photo-by-Joan-Cortes-13mrc26-36JGF-Csn-Gr-bn.jpg?resize=350%2C200&ssl=1 1x, https:\/\/i0.wp.com\/tomajazz.com\/web\/wp-content\/uploads\/2026\/04\/destacada-02-Lg-Lnd-Photo-by-Joan-Cortes-13mrc26-36JGF-Csn-Gr-bn.jpg?resize=525%2C300&ssl=1 1.5x"},"classes":[]},{"id":37652,"url":"https:\/\/tomajazz.com\/web\/xvii-festival-internacional-jazz-en-el-lago-2018-atarfe-granada-6-y-7-de-julio-de-2018-noticias\/","url_meta":{"origin":86647,"position":2},"title":"XVII Festival Internacional Jazz en el lago 2018 (Atarfe, Granada. 6 y 7 de julio de 2018) [Noticias]","author":"Tomajazz","date":"5 julio, 2018","format":false,"excerpt":"XVII Festival Internacional Jazz en el lago 2018 Paraje Ermita de los Tres Juanes. Atarfe, Granada. 6 y 7 de julio de 2018 Viernes 6. Kenny Garrett Quintet. The Jump Club. 14\u20ac S\u00e1bado 7. Claire Martin Quartet. Sergio Pamies Quartet. 10\u20ac","rel":"","context":"En \u00ab*_Redacci\u00f3n\u00bb","block_context":{"text":"*_Redacci\u00f3n","link":"https:\/\/tomajazz.com\/web\/category\/redaccion\/"},"img":{"alt_text":"","src":"https:\/\/i0.wp.com\/tomajazz.com\/web\/wp-content\/uploads\/2018\/07\/JAZZen-el-lago-Atarfe_2018.jpg?resize=350%2C200&ssl=1","width":350,"height":200,"srcset":"https:\/\/i0.wp.com\/tomajazz.com\/web\/wp-content\/uploads\/2018\/07\/JAZZen-el-lago-Atarfe_2018.jpg?resize=350%2C200&ssl=1 1x, https:\/\/i0.wp.com\/tomajazz.com\/web\/wp-content\/uploads\/2018\/07\/JAZZen-el-lago-Atarfe_2018.jpg?resize=525%2C300&ssl=1 1.5x, https:\/\/i0.wp.com\/tomajazz.com\/web\/wp-content\/uploads\/2018\/07\/JAZZen-el-lago-Atarfe_2018.jpg?resize=700%2C400&ssl=1 2x, https:\/\/i0.wp.com\/tomajazz.com\/web\/wp-content\/uploads\/2018\/07\/JAZZen-el-lago-Atarfe_2018.jpg?resize=1050%2C600&ssl=1 3x, https:\/\/i0.wp.com\/tomajazz.com\/web\/wp-content\/uploads\/2018\/07\/JAZZen-el-lago-Atarfe_2018.jpg?resize=1400%2C800&ssl=1 4x"},"classes":[]},{"id":75033,"url":"https:\/\/tomajazz.com\/web\/xxi-festival-jazz-en-el-lago-2023\/","url_meta":{"origin":86647,"position":3},"title":"XXI Festival Jazz en el Lago 2023 (Atarfe, Granada. 30 de junio y 1 de julio de 2023) [Noticias de jazz]","author":"Tomajazz","date":"19 junio, 2023","format":false,"excerpt":"El 30 de junio y el 1 de julio de 2023 tendr\u00e1 lugar en Atarfe (Granada), el XXI Festival Jazz en el Lago 2023 #Festivalesdejazz #Noticiasdejazz","rel":"","context":"En \u00abFestivales de jazz de verano 2023\u00bb","block_context":{"text":"Festivales de jazz de verano 2023","link":"https:\/\/tomajazz.com\/web\/category\/contenidos\/noticias-2\/festivales-de-jazz-de-verano-2023\/"},"img":{"alt_text":"XXI Festival Jazz en el Lago 2023 (Atarfe, Granada. 30 de junio y 1 de julio de 2023) [Noticias de jazz] - Tomajazz 9.0","src":"https:\/\/i0.wp.com\/tomajazz.com\/web\/wp-content\/uploads\/2023\/06\/XXI-Festival-Jazz-en-el-Lago-2023-Tomajazz-Noticias.jpg?resize=350%2C200&ssl=1","width":350,"height":200,"srcset":"https:\/\/i0.wp.com\/tomajazz.com\/web\/wp-content\/uploads\/2023\/06\/XXI-Festival-Jazz-en-el-Lago-2023-Tomajazz-Noticias.jpg?resize=350%2C200&ssl=1 1x, https:\/\/i0.wp.com\/tomajazz.com\/web\/wp-content\/uploads\/2023\/06\/XXI-Festival-Jazz-en-el-Lago-2023-Tomajazz-Noticias.jpg?resize=525%2C300&ssl=1 1.5x, https:\/\/i0.wp.com\/tomajazz.com\/web\/wp-content\/uploads\/2023\/06\/XXI-Festival-Jazz-en-el-Lago-2023-Tomajazz-Noticias.jpg?resize=700%2C400&ssl=1 2x"},"classes":[]},{"id":100155,"url":"https:\/\/tomajazz.com\/web\/festival-internacional-jazzmadrid-2025-noticias\/","url_meta":{"origin":86647,"position":4},"title":"Festival Internacional JAZZMADRID 2025 (Madrid. Del 5 de octubre al 30 de noviembre de 2025) [Noticias de jazz]","author":"Tomajazz","date":"6 octubre, 2025","format":false,"excerpt":"Entre el 5 de octubre y el 30 de noviembre de 2025 tendr\u00e1 lugar el Festival Internacional JAZZMADRID 2025","rel":"","context":"En \u00abNoticias\u00bb","block_context":{"text":"Noticias","link":"https:\/\/tomajazz.com\/web\/category\/contenidos\/noticias-2\/"},"img":{"alt_text":"Festival Internacional JAZZMADRID 2025 (Madrid. Del 5 de octubre al 30 de noviembre de 2025) [Noticias de jazz] - Tomajazz","src":"https:\/\/i0.wp.com\/tomajazz.com\/web\/wp-content\/uploads\/2025\/10\/JazzMadrid-2025-Festival-Internacional-Jazz-Madrid-2025.jpg?resize=350%2C200&ssl=1","width":350,"height":200,"srcset":"https:\/\/i0.wp.com\/tomajazz.com\/web\/wp-content\/uploads\/2025\/10\/JazzMadrid-2025-Festival-Internacional-Jazz-Madrid-2025.jpg?resize=350%2C200&ssl=1 1x, https:\/\/i0.wp.com\/tomajazz.com\/web\/wp-content\/uploads\/2025\/10\/JazzMadrid-2025-Festival-Internacional-Jazz-Madrid-2025.jpg?resize=525%2C300&ssl=1 1.5x, https:\/\/i0.wp.com\/tomajazz.com\/web\/wp-content\/uploads\/2025\/10\/JazzMadrid-2025-Festival-Internacional-Jazz-Madrid-2025.jpg?resize=700%2C400&ssl=1 2x"},"classes":[]},{"id":83112,"url":"https:\/\/tomajazz.com\/web\/xxii-mes-del-jazz-de-azuqueca-de-henares-2024\/","url_meta":{"origin":86647,"position":5},"title":"XXII Mes del Jazz de Azuqueca de Henares 2024 (3 al 24 de febrero de 2024. Azuqueca de Henares, Guadalajara)  [Noticias de jazz]","author":"Tomajazz","date":"29 enero, 2024","format":false,"excerpt":"Entre el 3 y el 24 de febrero de 2024 tendr\u00e1 lugar en Azuqueca de Henares (Guadalajara), el XXII Mes del Jazz de Azuqueca de Henares 2024 #Ciclodejazz #FestivalDeJazz #Festivalesdejazz #Noticiasdejazz","rel":"","context":"En \u00abFestivales Jazz Oto\u00f1o - Invierno 2023 - 2024\u00bb","block_context":{"text":"Festivales Jazz Oto\u00f1o - Invierno 2023 - 2024","link":"https:\/\/tomajazz.com\/web\/category\/contenidos\/noticias-2\/festivales-jazz-otono-invierno-2023-2024\/"},"img":{"alt_text":"XXII Mes del Jazz de Azuqueca de Henares 2024 (3 al 24 de febrero de 2024. Azuqueca de Henares, Guadalajara)  [Noticias de jazz] - Tomajazz - Entre el 3 y el 24 de febrero de 2024 tendr\u00e1 lugar en Azuqueca de Henares (Guadalajara), el XXII Mes del Jazz de Azuqueca de Henares 2024 #Ciclodejazz #FestivalDeJazz #Festivalesdejazz #Noticiasdejazz","src":"https:\/\/i0.wp.com\/tomajazz.com\/web\/wp-content\/uploads\/2024\/01\/XXII-Mes-del-Jazz-de-Azuqueca-de-Henares-2024-Tomajazz-Noticias.jpg?resize=350%2C200&ssl=1","width":350,"height":200,"srcset":"https:\/\/i0.wp.com\/tomajazz.com\/web\/wp-content\/uploads\/2024\/01\/XXII-Mes-del-Jazz-de-Azuqueca-de-Henares-2024-Tomajazz-Noticias.jpg?resize=350%2C200&ssl=1 1x, https:\/\/i0.wp.com\/tomajazz.com\/web\/wp-content\/uploads\/2024\/01\/XXII-Mes-del-Jazz-de-Azuqueca-de-Henares-2024-Tomajazz-Noticias.jpg?resize=525%2C300&ssl=1 1.5x, https:\/\/i0.wp.com\/tomajazz.com\/web\/wp-content\/uploads\/2024\/01\/XXII-Mes-del-Jazz-de-Azuqueca-de-Henares-2024-Tomajazz-Noticias.jpg?resize=700%2C400&ssl=1 2x"},"classes":[]}],"_links":{"self":[{"href":"https:\/\/tomajazz.com\/web\/wp-json\/wp\/v2\/posts\/86647","targetHints":{"allow":["GET"]}}],"collection":[{"href":"https:\/\/tomajazz.com\/web\/wp-json\/wp\/v2\/posts"}],"about":[{"href":"https:\/\/tomajazz.com\/web\/wp-json\/wp\/v2\/types\/post"}],"author":[{"embeddable":true,"href":"https:\/\/tomajazz.com\/web\/wp-json\/wp\/v2\/users\/1"}],"replies":[{"embeddable":true,"href":"https:\/\/tomajazz.com\/web\/wp-json\/wp\/v2\/comments?post=86647"}],"version-history":[{"count":1,"href":"https:\/\/tomajazz.com\/web\/wp-json\/wp\/v2\/posts\/86647\/revisions"}],"predecessor-version":[{"id":86649,"href":"https:\/\/tomajazz.com\/web\/wp-json\/wp\/v2\/posts\/86647\/revisions\/86649"}],"wp:featuredmedia":[{"embeddable":true,"href":"https:\/\/tomajazz.com\/web\/wp-json\/wp\/v2\/media\/86648"}],"wp:attachment":[{"href":"https:\/\/tomajazz.com\/web\/wp-json\/wp\/v2\/media?parent=86647"}],"wp:term":[{"taxonomy":"category","embeddable":true,"href":"https:\/\/tomajazz.com\/web\/wp-json\/wp\/v2\/categories?post=86647"},{"taxonomy":"post_tag","embeddable":true,"href":"https:\/\/tomajazz.com\/web\/wp-json\/wp\/v2\/tags?post=86647"}],"curies":[{"name":"wp","href":"https:\/\/api.w.org\/{rel}","templated":true}]}}