{"id":87474,"date":"2024-06-27T10:00:48","date_gmt":"2024-06-27T08:00:48","guid":{"rendered":"https:\/\/www.tomajazz.com\/web\/?p=87474"},"modified":"2024-10-09T20:47:42","modified_gmt":"2024-10-09T18:47:42","slug":"universos-paralelos-emision-t29-p33","status":"publish","type":"post","link":"https:\/\/tomajazz.com\/web\/universos-paralelos-emision-t29-p33\/","title":{"rendered":"Universos Paralelos: emisi\u00f3n 27 de junio de 2024 (UP.T.29 P.33) [Noticias de jazz]"},"content":{"rendered":"<p style=\"text-align: center;\"><img loading=\"lazy\" decoding=\"async\" class=\"aligncenter size-full wp-image-33503\" title=\"Universos Paralelos Logo\" src=\"https:\/\/tomajazz.com\/web\/wp-content\/uploads\/2017\/11\/UP_AVATAR2.jpg\" alt=\"Universos Paralelos: emisi\u00f3n 27 de junio de 2024 (UP.T.29 P.33) [Noticias de jazz] - Tomajazz - En la edici\u00f3n de Universos Paralelos del 27 de junio de 2024, suena m\u00fasica de The Aristocrats, The Messthetics And James Brandon Lewis, Chris Potter \/ Brad Mehldau \/ John Patitucci \/ BrianBlade, Fernando Brox, New 4, \u00c1ngel Unzu #Noticiasdejazz\" width=\"600\" height=\"600\" srcset=\"https:\/\/tomajazz.com\/web\/wp-content\/uploads\/2017\/11\/UP_AVATAR2.jpg 600w, https:\/\/tomajazz.com\/web\/wp-content\/uploads\/2017\/11\/UP_AVATAR2-150x150.jpg 150w, https:\/\/tomajazz.com\/web\/wp-content\/uploads\/2017\/11\/UP_AVATAR2-200x200.jpg 200w, https:\/\/tomajazz.com\/web\/wp-content\/uploads\/2017\/11\/UP_AVATAR2-55x55.jpg 55w, https:\/\/tomajazz.com\/web\/wp-content\/uploads\/2017\/11\/UP_AVATAR2-50x50.jpg 50w\" sizes=\"auto, (max-width: 600px) 100vw, 600px\" \/><\/p>\n<blockquote>\n<p style=\"padding-left: 120px;\"><b>Descubriendo las m\u00fasicas instrumentales que hay m\u00e1s all\u00e1 de la radio f\u00f3rmula desde 1995 ERA 29 temporadas en el aire<\/b> (y unos pocos en la red)&#8230; \u00a1y seguimos descubriendo buena m\u00fasica!<\/p>\n<\/blockquote>\n<p>&nbsp;<\/p>\n<div><img loading=\"lazy\" decoding=\"async\" class=\"alignleft wp-image-87475 size-medium\" title=\"Universos Paralelos: emisi\u00f3n 27 de junio de 2024 (UP.T.29 P.33) [Noticias de jazz] Tomajazz Brox Within Tomajazz Noticias\" src=\"https:\/\/tomajazz.com\/web\/wp-content\/uploads\/2024\/06\/Brox-Within-Tomajazz-Noticias-300x300.jpg\" alt=\"Universos Paralelos: emisi\u00f3n 27 de junio de 2024 (UP.T.29 P.33) [Noticias de jazz] - Tomajazz - En la edici\u00f3n de Universos Paralelos del 27 de junio de 2024, suena m\u00fasica de The Aristocrats, The Messthetics And James Brandon Lewis, Chris Potter \/ Brad Mehldau \/ John Patitucci \/ BrianBlade, Fernando Brox, New 4, \u00c1ngel Unzu #Noticiasdejazz\" width=\"300\" height=\"300\" srcset=\"https:\/\/tomajazz.com\/web\/wp-content\/uploads\/2024\/06\/Brox-Within-Tomajazz-Noticias-300x300.jpg 300w, https:\/\/tomajazz.com\/web\/wp-content\/uploads\/2024\/06\/Brox-Within-Tomajazz-Noticias-600x600.jpg 600w, https:\/\/tomajazz.com\/web\/wp-content\/uploads\/2024\/06\/Brox-Within-Tomajazz-Noticias-200x200.jpg 200w, https:\/\/tomajazz.com\/web\/wp-content\/uploads\/2024\/06\/Brox-Within-Tomajazz-Noticias-768x768.jpg 768w, https:\/\/tomajazz.com\/web\/wp-content\/uploads\/2024\/06\/Brox-Within-Tomajazz-Noticias-465x465.jpg 465w, https:\/\/tomajazz.com\/web\/wp-content\/uploads\/2024\/06\/Brox-Within-Tomajazz-Noticias-500x500.jpg 500w, https:\/\/tomajazz.com\/web\/wp-content\/uploads\/2024\/06\/Brox-Within-Tomajazz-Noticias.jpg 800w\" sizes=\"auto, (max-width: 300px) 100vw, 300px\" \/>Ya est\u00e1 disponible una nueva emisi\u00f3n de <strong>Universos Paralelos<\/strong>, el programa de radio dirigido por <strong>Sergio Cabanillas<\/strong>.<\/div>\n<div>\n<p>En el programa del 27 de junio de 2024, suena m\u00fasica de The Aristocrats, The Messthetics And James Brandon Lewis, Chris Potter \/ Brad Mehldau \/ John Patitucci \/ BrianBlade, Fernando Brox, New 4, \u00c1ngel Unzu.<\/p>\n<p>Disponible en <a href=\"https:\/\/universosparalelosradioshow.blogspot.com\/2024\/06\/emision-27062024.html\" target=\"_blank\" rel=\"noopener\">universosparalelosradioshow.blogspot.com.es<\/a><\/p>\n<\/div>\n<div style=\"text-align: right;\">\n<p>\u00a9 <strong>Tomajazz<\/strong>, 2024<\/p>\n<\/div>\n<h4>Escucha el \u00faltimo programa de Universos Paralelos&#8230;<\/h4>\n<p><a href=\"https:\/\/universosparalelosradioshow.blogspot.com\/2024\/06\/emision-27062024.html\" target=\"_blank\" rel=\"noopener\">https:\/\/universosparalelosradioshow.blogspot.com<\/a><\/p>\n<h4 style=\"text-align: left;\">Anteriormente&#8230; Fernando Brox en UP&#8230;<\/h4>\n<blockquote class=\"wp-embedded-content\" data-secret=\"AP4RfXelNq\"><p><a href=\"https:\/\/tomajazz.com\/web\/universos-paralelos-emision-18-de-febrero-de-2021-t-26-p-23-noticias-de-jazz\/\">Universos Paralelos: Emisi\u00f3n 18 de febrero de 2021 (T.26 P.23) [Noticias de jazz]<\/a><\/p><\/blockquote>\n<p><iframe loading=\"lazy\" class=\"wp-embedded-content\" sandbox=\"allow-scripts\" security=\"restricted\" style=\"position: absolute; visibility: hidden;\" title=\"\u00abUniversos Paralelos: Emisi\u00f3n 18 de febrero de 2021 (T.26 P.23) [Noticias de jazz]\u00bb \u2014 Tomajazz\" src=\"https:\/\/tomajazz.com\/web\/universos-paralelos-emision-18-de-febrero-de-2021-t-26-p-23-noticias-de-jazz\/embed\/#?secret=8NiLXTMjdo#?secret=AP4RfXelNq\" data-secret=\"AP4RfXelNq\" width=\"600\" height=\"338\" frameborder=\"0\" marginwidth=\"0\" marginheight=\"0\" scrolling=\"no\"><\/iframe><\/p>\n<h3 style=\"text-align: left;\">UP en Telegram<\/h3>\n<div style=\"text-align: left;\">\u00a1Novedad! Para estar al tanto en primicia de sus nuevos contenidos, <strong>Universos Paralelos<\/strong> ha puesto a disposici\u00f3n de los seguidores del programa un canal de Telegram en <a href=\"https:\/\/t.me\/universosparalelosradioshow\" target=\"_blank\" rel=\"noopener\">https:\/\/t.me\/universosparalelosradioshow<\/a><\/div>\n<h3 style=\"text-align: left;\">M\u00e1s informaci\u00f3n&#8230;<\/h3>\n<p style=\"text-align: left;\"><a href=\"https:\/\/universosparalelosradioshow.blogspot.com\/\" target=\"_blank\" rel=\"noopener\">https:\/\/universosparalelosradioshow.blogspot.com\/<\/a><\/p>\n<h3 style=\"text-align: left;\">Sergio Cabanillas en Tomajazz<\/h3>\n<p style=\"text-align: left;\"><a href=\"https:\/\/tomajazz.com\/web\/?s=Sergio+cabanillas&amp;submit=Search\" target=\"_blank\" rel=\"noopener\">https:\/\/tomajazz.com\/web\/?s=Sergio+cabanillas&amp;submit=Search<\/a><\/p>\n<p>&nbsp;<\/p>\n","protected":false},"excerpt":{"rendered":"<p>En la edici\u00f3n de Universos Paralelos del 27 de junio de 2024, suena m\u00fasica de The Aristocrats, The Messthetics And James Brandon Lewis, Chris Potter \/ Brad Mehldau \/ John Patitucci \/ BrianBlade, Fernando Brox, New 4, \u00c1ngel Unzu #Noticiasdejazz<span class=\"more-link\"><a href=\"https:\/\/tomajazz.com\/web\/universos-paralelos-emision-t29-p33\/\">Contin\u00faa leyendo<\/a><\/span><\/p>\n","protected":false},"author":1,"featured_media":87475,"comment_status":"open","ping_status":"closed","sticky":false,"template":"","format":"standard","meta":{"jetpack_post_was_ever_published":false,"_jetpack_newsletter_access":"","_jetpack_dont_email_post_to_subs":false,"_jetpack_newsletter_tier_id":0,"_jetpack_memberships_contains_paywalled_content":false,"_jetpack_memberships_contains_paid_content":false,"footnotes":""},"categories":[17858,15795,1038,31550],"tags":[15310,27953,187,7664,27856],"class_list":["entry","author-pachi","has-excerpt","post-87474","post","type-post","status-publish","format-standard","has-post-thumbnail","category-redaccion","category-noticias-2","category-contenidos","category-universos-paralelos-up","tag-podcast-de-jazz","tag-programa-de-jazz","tag-sergio-cabanillas","tag-universos-paralelos","tag-up"],"jetpack_featured_media_url":"https:\/\/tomajazz.com\/web\/wp-content\/uploads\/2024\/06\/Brox-Within-Tomajazz-Noticias.jpg","jetpack_likes_enabled":true,"jetpack_sharing_enabled":true,"jetpack-related-posts":[{"id":104087,"url":"https:\/\/tomajazz.com\/web\/universos-paralelos-t31-p18-2025-26\/","url_meta":{"origin":87474,"position":0},"title":"Universos Paralelos: emisi\u00f3n 19 de febrero de 2026 (UP.T.31 P.18) [Noticias de jazz]","author":"Tomajazz","date":"18 febrero, 2026","format":false,"excerpt":"En la entrega de Universos Paralelos del 19 de febrero de 2026, Sergio Cabanillas selecciona m\u00fasicas de Grand Discovery & Andre Nieri, The Adr\u00e9s Le\u00f3n Project, Freysteinn, Natsuko Sugao Big Band, John Scofield & Dave Holland #Noticiasdejazz","rel":"","context":"En \u00abUniversos Paralelos - UP\u00bb","block_context":{"text":"Universos Paralelos - UP","link":"https:\/\/tomajazz.com\/web\/category\/contenidos\/noticias-2\/universos-paralelos-up\/"},"img":{"alt_text":"Universos Paralelos: emisi\u00f3n 19 de febrero de 2026 (UP.T.31 P.18) [Noticias de jazz] - Tomajazz - En la entrega de Universos Paralelos del 19 de febrero de 2026, Sergio Cabanillas selecciona m\u00fasicas de Grand Discovery & Andre Nieri, The Adr\u00e9s Le\u00f3n Project, Freysteinn, Natsuko Sugao Big Band, John Scofield & Dave Holland #Noticiasdejazz","src":"https:\/\/i0.wp.com\/tomajazz.com\/web\/wp-content\/uploads\/2026\/02\/destacada-Freysteinn-Thoughts-1080.jpg?resize=350%2C200&ssl=1","width":350,"height":200,"srcset":"https:\/\/i0.wp.com\/tomajazz.com\/web\/wp-content\/uploads\/2026\/02\/destacada-Freysteinn-Thoughts-1080.jpg?resize=350%2C200&ssl=1 1x, https:\/\/i0.wp.com\/tomajazz.com\/web\/wp-content\/uploads\/2026\/02\/destacada-Freysteinn-Thoughts-1080.jpg?resize=525%2C300&ssl=1 1.5x, https:\/\/i0.wp.com\/tomajazz.com\/web\/wp-content\/uploads\/2026\/02\/destacada-Freysteinn-Thoughts-1080.jpg?resize=700%2C400&ssl=1 2x, https:\/\/i0.wp.com\/tomajazz.com\/web\/wp-content\/uploads\/2026\/02\/destacada-Freysteinn-Thoughts-1080.jpg?resize=1050%2C600&ssl=1 3x"},"classes":[]},{"id":100946,"url":"https:\/\/tomajazz.com\/web\/universos-paralelos-t31-p06-2025-26\/","url_meta":{"origin":87474,"position":1},"title":"Universos Paralelos: emisi\u00f3n 23 de octubre de 2025 (UP.T.31 P.06) [Noticias de jazz]","author":"Tomajazz","date":"25 octubre, 2025","format":false,"excerpt":"Lo nuevo de Xose Migu\u00e9lez es la portada de Universos Paralelos del 23 de octubre de 2025. Pero no es la \u00fanica m\u00fasica elegida por Sergio Cabanillas... #Noticiasdejazz","rel":"","context":"En \u00abUniversos Paralelos - UP\u00bb","block_context":{"text":"Universos Paralelos - UP","link":"https:\/\/tomajazz.com\/web\/category\/contenidos\/noticias-2\/universos-paralelos-up\/"},"img":{"alt_text":"Universos Paralelos: emisi\u00f3n 23 de octubre de 2025 (UP.T.31 P.06) [Noticias de jazz] - Tomajazz - Lo nuevo de Xose Migu\u00e9lez es la portada de Universos Paralelos del 23 de octubre de 2025. Pero no es la \u00fanica m\u00fasica elegida por Sergio Cabanillas... #Noticiasdejazz","src":"https:\/\/i0.wp.com\/tomajazz.com\/web\/wp-content\/uploads\/2025\/10\/destacada-02-Xose-Miguelez-Live-Colon-1080.jpg?resize=350%2C200&ssl=1","width":350,"height":200,"srcset":"https:\/\/i0.wp.com\/tomajazz.com\/web\/wp-content\/uploads\/2025\/10\/destacada-02-Xose-Miguelez-Live-Colon-1080.jpg?resize=350%2C200&ssl=1 1x, https:\/\/i0.wp.com\/tomajazz.com\/web\/wp-content\/uploads\/2025\/10\/destacada-02-Xose-Miguelez-Live-Colon-1080.jpg?resize=525%2C300&ssl=1 1.5x, https:\/\/i0.wp.com\/tomajazz.com\/web\/wp-content\/uploads\/2025\/10\/destacada-02-Xose-Miguelez-Live-Colon-1080.jpg?resize=700%2C400&ssl=1 2x"},"classes":[]},{"id":86513,"url":"https:\/\/tomajazz.com\/web\/universos-paralelos-emision-t29-p27\/","url_meta":{"origin":87474,"position":2},"title":"Universos Paralelos: emisi\u00f3n 16 de mayo de 2024 (UP.T.29 P.27) [Noticias de jazz]","author":"Tomajazz","date":"16 mayo, 2024","format":false,"excerpt":"En Universos Paralelos del 16 de mayo de 2024 suena m\u00fasica de Marina Vallet, Srdjan Ivanovic, Andy Milne And Unison, Xavi Olkoz 4Tet, \u00c1lvaro Torres Quartet, Ernesto Jodos #Noticiasdejazz","rel":"","context":"En \u00ab*_Redacci\u00f3n\u00bb","block_context":{"text":"*_Redacci\u00f3n","link":"https:\/\/tomajazz.com\/web\/category\/redaccion\/"},"img":{"alt_text":"Universos Paralelos: emisi\u00f3n 16 de mayo de 2024 (UP.T.29 P.27) [Noticias de jazz] - Tomajazz - En Universos Paralelos del 16 de mayo de 2024 suena m\u00fasica de Marina Vallet, Srdjan Ivanovic, Andy Milne And Unison, Xavi Olkoz 4Tet, \u00c1lvaro Torres Quartet, Ernesto Jodos #Noticiasdejazz","src":"https:\/\/i0.wp.com\/tomajazz.com\/web\/wp-content\/uploads\/2024\/05\/Alvaro-Torres-Live-Barcelona-Tomajazz-Universos-Paralelos.jpg?resize=350%2C200&ssl=1","width":350,"height":200,"srcset":"https:\/\/i0.wp.com\/tomajazz.com\/web\/wp-content\/uploads\/2024\/05\/Alvaro-Torres-Live-Barcelona-Tomajazz-Universos-Paralelos.jpg?resize=350%2C200&ssl=1 1x, https:\/\/i0.wp.com\/tomajazz.com\/web\/wp-content\/uploads\/2024\/05\/Alvaro-Torres-Live-Barcelona-Tomajazz-Universos-Paralelos.jpg?resize=525%2C300&ssl=1 1.5x, https:\/\/i0.wp.com\/tomajazz.com\/web\/wp-content\/uploads\/2024\/05\/Alvaro-Torres-Live-Barcelona-Tomajazz-Universos-Paralelos.jpg?resize=700%2C400&ssl=1 2x"},"classes":[]},{"id":103987,"url":"https:\/\/tomajazz.com\/web\/universos-paralelos-t31-p17-2025-26\/","url_meta":{"origin":87474,"position":3},"title":"Universos Paralelos: emisi\u00f3n 12 de febrero de 2026 (UP.T.31 P.17) [Noticias de jazz]","author":"Tomajazz","date":"12 febrero, 2026","format":false,"excerpt":"Universos Paralelos. Emisi\u00f3n del 12 de febrero de 2026. Sergio Cabanillas selecciona y comenta m\u00fasicas de Eelco Van Zanten, Cuarteto Fuerte, Rai Castells, Weber \/ Morris Big Band, Josep Llu\u00eds Galiana #Noticiasdejazz","rel":"","context":"En \u00abUniversos Paralelos - UP\u00bb","block_context":{"text":"Universos Paralelos - UP","link":"https:\/\/tomajazz.com\/web\/category\/contenidos\/noticias-2\/universos-paralelos-up\/"},"img":{"alt_text":"Universos Paralelos: emisi\u00f3n 12 de febrero de 2026 (UP.T.31 P.17) [Noticias de jazz] - Tomajazz - Universos Paralelos. Emisi\u00f3n del 12 de febrero de 2026. Sergio Cabanillas selecciona y comenta m\u00fasicas de Eelco Van Zanten, Cuarteto Fuerte, Rai Castells, Weber \/ Morris Big Band, Josep Llu\u00eds Galiana #Noticiasdejazz","src":"https:\/\/i0.wp.com\/tomajazz.com\/web\/wp-content\/uploads\/2026\/02\/destacada-Rai-Castells-Shifting-1080.jpg?resize=350%2C200&ssl=1","width":350,"height":200,"srcset":"https:\/\/i0.wp.com\/tomajazz.com\/web\/wp-content\/uploads\/2026\/02\/destacada-Rai-Castells-Shifting-1080.jpg?resize=350%2C200&ssl=1 1x, https:\/\/i0.wp.com\/tomajazz.com\/web\/wp-content\/uploads\/2026\/02\/destacada-Rai-Castells-Shifting-1080.jpg?resize=525%2C300&ssl=1 1.5x, https:\/\/i0.wp.com\/tomajazz.com\/web\/wp-content\/uploads\/2026\/02\/destacada-Rai-Castells-Shifting-1080.jpg?resize=700%2C400&ssl=1 2x"},"classes":[]},{"id":105026,"url":"https:\/\/tomajazz.com\/web\/universos-paralelos-up-t31-p25-2025-26\/","url_meta":{"origin":87474,"position":4},"title":"Universos Paralelos: emisi\u00f3n 16 de abril de 2026 (UP.T.31 P.25) [Noticias de jazz]","author":"Tomajazz","date":"22 abril, 2026","format":false,"excerpt":"En Universos Paralelos del 16 de abril de 2026, Sergio Cabanillas elige lo nuevo de V\u00edctor de Diego como disco de portada. Adem\u00e1s suena m\u00fasica de Juzz, Rai Castells, Manuel \u00c1lvarez Trio, Baptiste Bailly \/ Matthew Baker \/ Efr\u00e9n L\u00f3pez #Noticiasdejazz","rel":"","context":"En \u00ab*_Redacci\u00f3n\u00bb","block_context":{"text":"*_Redacci\u00f3n","link":"https:\/\/tomajazz.com\/web\/category\/redaccion\/"},"img":{"alt_text":"Universos Paralelos: emisi\u00f3n 16 de abril de 2026 (UP.T.31 P.25) [Noticias de jazz] - Tomajazz - En Universos Paralelos del 16 de abril de 2026, Sergio Cabanillas elige lo nuevo de V\u00edctor de Diego como disco de portada. Adem\u00e1s suena m\u00fasica de Juzz, Rai Castells, Manuel \u00c1lvarez Trio, Baptiste Bailly \/ Matthew Baker \/ Efr\u00e9n L\u00f3pez #Noticiasdejazz","src":"https:\/\/i0.wp.com\/tomajazz.com\/web\/wp-content\/uploads\/2026\/04\/portada-Victor-De-Diego-Haize-1080.jpg?resize=350%2C200&ssl=1","width":350,"height":200,"srcset":"https:\/\/i0.wp.com\/tomajazz.com\/web\/wp-content\/uploads\/2026\/04\/portada-Victor-De-Diego-Haize-1080.jpg?resize=350%2C200&ssl=1 1x, https:\/\/i0.wp.com\/tomajazz.com\/web\/wp-content\/uploads\/2026\/04\/portada-Victor-De-Diego-Haize-1080.jpg?resize=525%2C300&ssl=1 1.5x, https:\/\/i0.wp.com\/tomajazz.com\/web\/wp-content\/uploads\/2026\/04\/portada-Victor-De-Diego-Haize-1080.jpg?resize=700%2C400&ssl=1 2x"},"classes":[]},{"id":104729,"url":"https:\/\/tomajazz.com\/web\/universos-paralelos-t31-p23-2025-26\/","url_meta":{"origin":87474,"position":5},"title":"Universos Paralelos: emisi\u00f3n 26 de marzo de 2026 (UP.T.31 P.23) [Noticias de jazz]","author":"Tomajazz","date":"6 abril, 2026","format":false,"excerpt":"En el programa del 26 de marzo de 2026 de Universos Paralelos, Sergio Cabanillas selecciona m\u00fasicas de Ricardo Formoso, Ant Law & Alex Hitchcock, Deadeye, \u00c1lvaro Torres Trio, Eddie Mej\u00eda","rel":"","context":"En \u00abUniversos Paralelos - UP\u00bb","block_context":{"text":"Universos Paralelos - UP","link":"https:\/\/tomajazz.com\/web\/category\/contenidos\/noticias-2\/universos-paralelos-up\/"},"img":{"alt_text":"Universos Paralelos: emisi\u00f3n 26 de marzo de 2026 (UP.T.31 P.23) [Noticias de jazz] - Tomajazz - En el programa del 26 de marzo de 2026 de Universos Paralelos, Sergio Cabanillas selecciona m\u00fasicas de Ricardo Formoso, Ant Law & Alex Hitchcock, Deadeye, \u00c1lvaro Torres Trio, Eddie Mej\u00eda","src":"https:\/\/i0.wp.com\/tomajazz.com\/web\/wp-content\/uploads\/2026\/04\/destacada-Alvaro-Torres-Trio-Mairena-1080.jpg?resize=350%2C200&ssl=1","width":350,"height":200,"srcset":"https:\/\/i0.wp.com\/tomajazz.com\/web\/wp-content\/uploads\/2026\/04\/destacada-Alvaro-Torres-Trio-Mairena-1080.jpg?resize=350%2C200&ssl=1 1x, https:\/\/i0.wp.com\/tomajazz.com\/web\/wp-content\/uploads\/2026\/04\/destacada-Alvaro-Torres-Trio-Mairena-1080.jpg?resize=525%2C300&ssl=1 1.5x, https:\/\/i0.wp.com\/tomajazz.com\/web\/wp-content\/uploads\/2026\/04\/destacada-Alvaro-Torres-Trio-Mairena-1080.jpg?resize=700%2C400&ssl=1 2x"},"classes":[]}],"_links":{"self":[{"href":"https:\/\/tomajazz.com\/web\/wp-json\/wp\/v2\/posts\/87474","targetHints":{"allow":["GET"]}}],"collection":[{"href":"https:\/\/tomajazz.com\/web\/wp-json\/wp\/v2\/posts"}],"about":[{"href":"https:\/\/tomajazz.com\/web\/wp-json\/wp\/v2\/types\/post"}],"author":[{"embeddable":true,"href":"https:\/\/tomajazz.com\/web\/wp-json\/wp\/v2\/users\/1"}],"replies":[{"embeddable":true,"href":"https:\/\/tomajazz.com\/web\/wp-json\/wp\/v2\/comments?post=87474"}],"version-history":[{"count":3,"href":"https:\/\/tomajazz.com\/web\/wp-json\/wp\/v2\/posts\/87474\/revisions"}],"predecessor-version":[{"id":87901,"href":"https:\/\/tomajazz.com\/web\/wp-json\/wp\/v2\/posts\/87474\/revisions\/87901"}],"wp:featuredmedia":[{"embeddable":true,"href":"https:\/\/tomajazz.com\/web\/wp-json\/wp\/v2\/media\/87475"}],"wp:attachment":[{"href":"https:\/\/tomajazz.com\/web\/wp-json\/wp\/v2\/media?parent=87474"}],"wp:term":[{"taxonomy":"category","embeddable":true,"href":"https:\/\/tomajazz.com\/web\/wp-json\/wp\/v2\/categories?post=87474"},{"taxonomy":"post_tag","embeddable":true,"href":"https:\/\/tomajazz.com\/web\/wp-json\/wp\/v2\/tags?post=87474"}],"curies":[{"name":"wp","href":"https:\/\/api.w.org\/{rel}","templated":true}]}}