{"id":87981,"date":"2024-07-15T12:00:32","date_gmt":"2024-07-15T10:00:32","guid":{"rendered":"https:\/\/www.tomajazz.com\/web\/?p=87981"},"modified":"2024-07-15T21:20:48","modified_gmt":"2024-07-15T19:20:48","slug":"when-the-robin-sings-a-jazz-de-mar-2024-mallorca","status":"publish","type":"post","link":"https:\/\/tomajazz.com\/web\/when-the-robin-sings-a-jazz-de-mar-2024-mallorca\/","title":{"rendered":"When The Robin Sings (A Jazz de Mar. Mollet d&#8217;en Perei\u00f3, Portocolom, Mallorca. 2024-07-06)  Por Jos\u00e9 Luis Luna Rocafort [INSTANTZZ AKA Galer\u00eda fotogr\u00e1fica AKA Fotoblog de jazz, impro\u2026 y algo m\u00e1s]"},"content":{"rendered":"<h3>When The Robin Sings<\/h3>\n<h3>A Jazz\u00a0de Mar<\/h3>\n<ul>\n<li>Fecha: S\u00e1bado, 06 de julio de 2024. 21:30h.<\/li>\n<li>Festival: A Jazz\u00a0de Mar<\/li>\n<li>Lugar: Mollet d&#8217;en Perei\u00f3. Portocolom. (Mallorca)<\/li>\n<li>Formaci\u00f3n:<br \/>\nSin\u00e9ad Cormican: viol\u00edn, guitarra ac\u00fastica, voz<br \/>\nJordi Tugores: la\u00fad, guitarra ac\u00fastica de 12 cuerdas<br \/>\nGori Matas: acordeon, piano<br \/>\nMarko Lohikari: contrabajo, teclados, voz<\/li>\n<\/ul>\n<p style=\"text-align: center;\"><img loading=\"lazy\" decoding=\"async\" class=\"aligncenter size-full wp-image-87983\" title=\"When The Robin Sings (A Jazz de Mar. Mollet d'en Perei\u00f3, Portocolom, Mallorca. 2024-07-06) Por Jos\u00e9 Luis Luna Rocafort [INSTANTZZ AKA Galer\u00eda fotogr\u00e1fica AKA Fotoblog de jazz, impro\u2026 y algo m\u00e1s] Tomajazz When The Robin Sings A Jazz de Mar Portocolom 2024 Tomajazz Photo \u00a9 Jos\u00e9 Luis Luna Rocafort 2024 001\" src=\"https:\/\/tomajazz.com\/web\/wp-content\/uploads\/2024\/07\/When-The-Robin-Sings-A-Jazz-de-Mar-Portocolom-2024-Tomajazz-Photo-\u00a9-Jose-Luis-Luna-Rocafort-2024-001.jpg\" alt=\"When The Robin Sings (A Jazz de Mar. Mollet d'en Perei\u00f3, Portocolom, Mallorca. 2024-07-06) Por Jos\u00e9 Luis Luna Rocafort [INSTANTZZ AKA Galer\u00eda fotogr\u00e1fica AKA Fotoblog de jazz, impro\u2026 y algo m\u00e1s] - Tomajazz - When The Robin Sings actuaron en A Jazz de Mar en Portocolom, Mallorca, el 6 de julio de 2024. Jos\u00e9 Luis Luna Rocafort lo retrata en INSTANTZZ. Actuaron Sin\u00e9ad Cormican, Jordi Tugores, Gori Matas, Marko Lohikari\" width=\"600\" height=\"400\" srcset=\"https:\/\/tomajazz.com\/web\/wp-content\/uploads\/2024\/07\/When-The-Robin-Sings-A-Jazz-de-Mar-Portocolom-2024-Tomajazz-Photo-\u00a9-Jose-Luis-Luna-Rocafort-2024-001.jpg 600w, https:\/\/tomajazz.com\/web\/wp-content\/uploads\/2024\/07\/When-The-Robin-Sings-A-Jazz-de-Mar-Portocolom-2024-Tomajazz-Photo-\u00a9-Jose-Luis-Luna-Rocafort-2024-001-300x200.jpg 300w, https:\/\/tomajazz.com\/web\/wp-content\/uploads\/2024\/07\/When-The-Robin-Sings-A-Jazz-de-Mar-Portocolom-2024-Tomajazz-Photo-\u00a9-Jose-Luis-Luna-Rocafort-2024-001-465x310.jpg 465w\" sizes=\"auto, (max-width: 600px) 100vw, 600px\" \/><\/p>\n<p><img loading=\"lazy\" decoding=\"async\" class=\"aligncenter size-large wp-image-87984\" title=\"When The Robin Sings (A Jazz de Mar. Mollet d'en Perei\u00f3, Portocolom, Mallorca. 2024-07-06) Por Jos\u00e9 Luis Luna Rocafort [INSTANTZZ AKA Galer\u00eda fotogr\u00e1fica AKA Fotoblog de jazz, impro\u2026 y algo m\u00e1s] Tomajazz When The Robin Sings A Jazz de Mar Portocolom 2024 Tomajazz Photo \u00a9 Jos\u00e9 Luis Luna Rocafort 2024 002\" src=\"https:\/\/tomajazz.com\/web\/wp-content\/uploads\/2024\/07\/When-The-Robin-Sings-A-Jazz-de-Mar-Portocolom-2024-Tomajazz-Photo-\u00a9-Jose-Luis-Luna-Rocafort-2024-002.jpg\" alt=\"When The Robin Sings (A Jazz de Mar. Mollet d'en Perei\u00f3, Portocolom, Mallorca. 2024-07-06) Por Jos\u00e9 Luis Luna Rocafort [INSTANTZZ AKA Galer\u00eda fotogr\u00e1fica AKA Fotoblog de jazz, impro\u2026 y algo m\u00e1s] - Tomajazz - When The Robin Sings actuaron en A Jazz de Mar en Portocolom, Mallorca, el 6 de julio de 2024. Jos\u00e9 Luis Luna Rocafort lo retrata en INSTANTZZ. Actuaron Sin\u00e9ad Cormican, Jordi Tugores, Gori Matas, Marko Lohikari\" width=\"600\" height=\"400\" srcset=\"https:\/\/tomajazz.com\/web\/wp-content\/uploads\/2024\/07\/When-The-Robin-Sings-A-Jazz-de-Mar-Portocolom-2024-Tomajazz-Photo-\u00a9-Jose-Luis-Luna-Rocafort-2024-002.jpg 600w, https:\/\/tomajazz.com\/web\/wp-content\/uploads\/2024\/07\/When-The-Robin-Sings-A-Jazz-de-Mar-Portocolom-2024-Tomajazz-Photo-\u00a9-Jose-Luis-Luna-Rocafort-2024-002-300x200.jpg 300w, https:\/\/tomajazz.com\/web\/wp-content\/uploads\/2024\/07\/When-The-Robin-Sings-A-Jazz-de-Mar-Portocolom-2024-Tomajazz-Photo-\u00a9-Jose-Luis-Luna-Rocafort-2024-002-465x310.jpg 465w\" sizes=\"auto, (max-width: 600px) 100vw, 600px\" \/><\/p>\n<p><img loading=\"lazy\" decoding=\"async\" class=\"aligncenter size-large wp-image-87985\" title=\"When The Robin Sings (A Jazz de Mar. Mollet d'en Perei\u00f3, Portocolom, Mallorca. 2024-07-06) Por Jos\u00e9 Luis Luna Rocafort [INSTANTZZ AKA Galer\u00eda fotogr\u00e1fica AKA Fotoblog de jazz, impro\u2026 y algo m\u00e1s] Tomajazz When The Robin Sings A Jazz de Mar Portocolom 2024 Tomajazz Photo \u00a9 Jos\u00e9 Luis Luna Rocafort 2024 003\" src=\"https:\/\/tomajazz.com\/web\/wp-content\/uploads\/2024\/07\/When-The-Robin-Sings-A-Jazz-de-Mar-Portocolom-2024-Tomajazz-Photo-\u00a9-Jose-Luis-Luna-Rocafort-2024-003.jpg\" alt=\"When The Robin Sings (A Jazz de Mar. Mollet d'en Perei\u00f3, Portocolom, Mallorca. 2024-07-06) Por Jos\u00e9 Luis Luna Rocafort [INSTANTZZ AKA Galer\u00eda fotogr\u00e1fica AKA Fotoblog de jazz, impro\u2026 y algo m\u00e1s] - Tomajazz - When The Robin Sings actuaron en A Jazz de Mar en Portocolom, Mallorca, el 6 de julio de 2024. Jos\u00e9 Luis Luna Rocafort lo retrata en INSTANTZZ. Actuaron Sin\u00e9ad Cormican, Jordi Tugores, Gori Matas, Marko Lohikari\" width=\"600\" height=\"400\" srcset=\"https:\/\/tomajazz.com\/web\/wp-content\/uploads\/2024\/07\/When-The-Robin-Sings-A-Jazz-de-Mar-Portocolom-2024-Tomajazz-Photo-\u00a9-Jose-Luis-Luna-Rocafort-2024-003.jpg 600w, https:\/\/tomajazz.com\/web\/wp-content\/uploads\/2024\/07\/When-The-Robin-Sings-A-Jazz-de-Mar-Portocolom-2024-Tomajazz-Photo-\u00a9-Jose-Luis-Luna-Rocafort-2024-003-300x200.jpg 300w, https:\/\/tomajazz.com\/web\/wp-content\/uploads\/2024\/07\/When-The-Robin-Sings-A-Jazz-de-Mar-Portocolom-2024-Tomajazz-Photo-\u00a9-Jose-Luis-Luna-Rocafort-2024-003-465x310.jpg 465w\" sizes=\"auto, (max-width: 600px) 100vw, 600px\" \/><\/p>\n<p><img loading=\"lazy\" decoding=\"async\" class=\"aligncenter size-large wp-image-87986\" title=\"When The Robin Sings (A Jazz de Mar. Mollet d'en Perei\u00f3, Portocolom, Mallorca. 2024-07-06) Por Jos\u00e9 Luis Luna Rocafort [INSTANTZZ AKA Galer\u00eda fotogr\u00e1fica AKA Fotoblog de jazz, impro\u2026 y algo m\u00e1s] Tomajazz When The Robin Sings A Jazz de Mar Portocolom 2024 Tomajazz Photo \u00a9 Jos\u00e9 Luis Luna Rocafort 2024 004\" src=\"https:\/\/tomajazz.com\/web\/wp-content\/uploads\/2024\/07\/When-The-Robin-Sings-A-Jazz-de-Mar-Portocolom-2024-Tomajazz-Photo-\u00a9-Jose-Luis-Luna-Rocafort-2024-004.jpg\" alt=\"When The Robin Sings (A Jazz de Mar. Mollet d'en Perei\u00f3, Portocolom, Mallorca. 2024-07-06) Por Jos\u00e9 Luis Luna Rocafort [INSTANTZZ AKA Galer\u00eda fotogr\u00e1fica AKA Fotoblog de jazz, impro\u2026 y algo m\u00e1s] - Tomajazz - When The Robin Sings actuaron en A Jazz de Mar en Portocolom, Mallorca, el 6 de julio de 2024. Jos\u00e9 Luis Luna Rocafort lo retrata en INSTANTZZ. Actuaron Sin\u00e9ad Cormican, Jordi Tugores, Gori Matas, Marko Lohikari\" width=\"600\" height=\"400\" srcset=\"https:\/\/tomajazz.com\/web\/wp-content\/uploads\/2024\/07\/When-The-Robin-Sings-A-Jazz-de-Mar-Portocolom-2024-Tomajazz-Photo-\u00a9-Jose-Luis-Luna-Rocafort-2024-004.jpg 600w, https:\/\/tomajazz.com\/web\/wp-content\/uploads\/2024\/07\/When-The-Robin-Sings-A-Jazz-de-Mar-Portocolom-2024-Tomajazz-Photo-\u00a9-Jose-Luis-Luna-Rocafort-2024-004-300x200.jpg 300w, https:\/\/tomajazz.com\/web\/wp-content\/uploads\/2024\/07\/When-The-Robin-Sings-A-Jazz-de-Mar-Portocolom-2024-Tomajazz-Photo-\u00a9-Jose-Luis-Luna-Rocafort-2024-004-465x310.jpg 465w\" sizes=\"auto, (max-width: 600px) 100vw, 600px\" \/><\/p>\n<p><img loading=\"lazy\" decoding=\"async\" class=\"aligncenter size-large wp-image-87987\" title=\"When The Robin Sings (A Jazz de Mar. Mollet d'en Perei\u00f3, Portocolom, Mallorca. 2024-07-06) Por Jos\u00e9 Luis Luna Rocafort [INSTANTZZ AKA Galer\u00eda fotogr\u00e1fica AKA Fotoblog de jazz, impro\u2026 y algo m\u00e1s] Tomajazz When The Robin Sings A Jazz de Mar Portocolom 2024 Tomajazz Photo \u00a9 Jos\u00e9 Luis Luna Rocafort 2024 005\" src=\"https:\/\/tomajazz.com\/web\/wp-content\/uploads\/2024\/07\/When-The-Robin-Sings-A-Jazz-de-Mar-Portocolom-2024-Tomajazz-Photo-\u00a9-Jose-Luis-Luna-Rocafort-2024-005.jpg\" alt=\"When The Robin Sings (A Jazz de Mar. Mollet d'en Perei\u00f3, Portocolom, Mallorca. 2024-07-06) Por Jos\u00e9 Luis Luna Rocafort [INSTANTZZ AKA Galer\u00eda fotogr\u00e1fica AKA Fotoblog de jazz, impro\u2026 y algo m\u00e1s] - Tomajazz - When The Robin Sings actuaron en A Jazz de Mar en Portocolom, Mallorca, el 6 de julio de 2024. Jos\u00e9 Luis Luna Rocafort lo retrata en INSTANTZZ. Actuaron Sin\u00e9ad Cormican, Jordi Tugores, Gori Matas, Marko Lohikari\" width=\"600\" height=\"400\" srcset=\"https:\/\/tomajazz.com\/web\/wp-content\/uploads\/2024\/07\/When-The-Robin-Sings-A-Jazz-de-Mar-Portocolom-2024-Tomajazz-Photo-\u00a9-Jose-Luis-Luna-Rocafort-2024-005.jpg 600w, https:\/\/tomajazz.com\/web\/wp-content\/uploads\/2024\/07\/When-The-Robin-Sings-A-Jazz-de-Mar-Portocolom-2024-Tomajazz-Photo-\u00a9-Jose-Luis-Luna-Rocafort-2024-005-300x200.jpg 300w, https:\/\/tomajazz.com\/web\/wp-content\/uploads\/2024\/07\/When-The-Robin-Sings-A-Jazz-de-Mar-Portocolom-2024-Tomajazz-Photo-\u00a9-Jose-Luis-Luna-Rocafort-2024-005-465x310.jpg 465w\" sizes=\"auto, (max-width: 600px) 100vw, 600px\" \/><\/p>\n<p><img loading=\"lazy\" decoding=\"async\" class=\"aligncenter size-large wp-image-87988\" title=\"When The Robin Sings (A Jazz de Mar. Mollet d'en Perei\u00f3, Portocolom, Mallorca. 2024-07-06) Por Jos\u00e9 Luis Luna Rocafort [INSTANTZZ AKA Galer\u00eda fotogr\u00e1fica AKA Fotoblog de jazz, impro\u2026 y algo m\u00e1s] Tomajazz When The Robin Sings A Jazz de Mar Portocolom 2024 Tomajazz Photo \u00a9 Jos\u00e9 Luis Luna Rocafort 2024 006\" src=\"https:\/\/tomajazz.com\/web\/wp-content\/uploads\/2024\/07\/When-The-Robin-Sings-A-Jazz-de-Mar-Portocolom-2024-Tomajazz-Photo-\u00a9-Jose-Luis-Luna-Rocafort-2024-006.jpg\" alt=\"When The Robin Sings (A Jazz de Mar. Mollet d'en Perei\u00f3, Portocolom, Mallorca. 2024-07-06) Por Jos\u00e9 Luis Luna Rocafort [INSTANTZZ AKA Galer\u00eda fotogr\u00e1fica AKA Fotoblog de jazz, impro\u2026 y algo m\u00e1s] - Tomajazz - When The Robin Sings actuaron en A Jazz de Mar en Portocolom, Mallorca, el 6 de julio de 2024. Jos\u00e9 Luis Luna Rocafort lo retrata en INSTANTZZ. Actuaron Sin\u00e9ad Cormican, Jordi Tugores, Gori Matas, Marko Lohikari\" width=\"600\" height=\"400\" srcset=\"https:\/\/tomajazz.com\/web\/wp-content\/uploads\/2024\/07\/When-The-Robin-Sings-A-Jazz-de-Mar-Portocolom-2024-Tomajazz-Photo-\u00a9-Jose-Luis-Luna-Rocafort-2024-006.jpg 600w, https:\/\/tomajazz.com\/web\/wp-content\/uploads\/2024\/07\/When-The-Robin-Sings-A-Jazz-de-Mar-Portocolom-2024-Tomajazz-Photo-\u00a9-Jose-Luis-Luna-Rocafort-2024-006-300x200.jpg 300w, https:\/\/tomajazz.com\/web\/wp-content\/uploads\/2024\/07\/When-The-Robin-Sings-A-Jazz-de-Mar-Portocolom-2024-Tomajazz-Photo-\u00a9-Jose-Luis-Luna-Rocafort-2024-006-465x310.jpg 465w\" sizes=\"auto, (max-width: 600px) 100vw, 600px\" \/><\/p>\n<p><img loading=\"lazy\" decoding=\"async\" class=\"aligncenter size-large wp-image-87989\" title=\"When The Robin Sings (A Jazz de Mar. Mollet d'en Perei\u00f3, Portocolom, Mallorca. 2024-07-06) Por Jos\u00e9 Luis Luna Rocafort [INSTANTZZ AKA Galer\u00eda fotogr\u00e1fica AKA Fotoblog de jazz, impro\u2026 y algo m\u00e1s] Tomajazz When The Robin Sings A Jazz de Mar Portocolom 2024 Tomajazz Photo \u00a9 Jos\u00e9 Luis Luna Rocafort 2024 007\" src=\"https:\/\/tomajazz.com\/web\/wp-content\/uploads\/2024\/07\/When-The-Robin-Sings-A-Jazz-de-Mar-Portocolom-2024-Tomajazz-Photo-\u00a9-Jose-Luis-Luna-Rocafort-2024-007.jpg\" alt=\"When The Robin Sings (A Jazz de Mar. Mollet d'en Perei\u00f3, Portocolom, Mallorca. 2024-07-06) Por Jos\u00e9 Luis Luna Rocafort [INSTANTZZ AKA Galer\u00eda fotogr\u00e1fica AKA Fotoblog de jazz, impro\u2026 y algo m\u00e1s] - Tomajazz - When The Robin Sings actuaron en A Jazz de Mar en Portocolom, Mallorca, el 6 de julio de 2024. Jos\u00e9 Luis Luna Rocafort lo retrata en INSTANTZZ. Actuaron Sin\u00e9ad Cormican, Jordi Tugores, Gori Matas, Marko Lohikari\" width=\"600\" height=\"400\" srcset=\"https:\/\/tomajazz.com\/web\/wp-content\/uploads\/2024\/07\/When-The-Robin-Sings-A-Jazz-de-Mar-Portocolom-2024-Tomajazz-Photo-\u00a9-Jose-Luis-Luna-Rocafort-2024-007.jpg 600w, https:\/\/tomajazz.com\/web\/wp-content\/uploads\/2024\/07\/When-The-Robin-Sings-A-Jazz-de-Mar-Portocolom-2024-Tomajazz-Photo-\u00a9-Jose-Luis-Luna-Rocafort-2024-007-300x200.jpg 300w, https:\/\/tomajazz.com\/web\/wp-content\/uploads\/2024\/07\/When-The-Robin-Sings-A-Jazz-de-Mar-Portocolom-2024-Tomajazz-Photo-\u00a9-Jose-Luis-Luna-Rocafort-2024-007-465x310.jpg 465w\" sizes=\"auto, (max-width: 600px) 100vw, 600px\" \/><\/p>\n<p><img loading=\"lazy\" decoding=\"async\" class=\"aligncenter size-large wp-image-87990\" title=\"When The Robin Sings (A Jazz de Mar. Mollet d'en Perei\u00f3, Portocolom, Mallorca. 2024-07-06) Por Jos\u00e9 Luis Luna Rocafort [INSTANTZZ AKA Galer\u00eda fotogr\u00e1fica AKA Fotoblog de jazz, impro\u2026 y algo m\u00e1s] Tomajazz When The Robin Sings A Jazz de Mar Portocolom 2024 Tomajazz Photo \u00a9 Jos\u00e9 Luis Luna Rocafort 2024 008\" src=\"https:\/\/tomajazz.com\/web\/wp-content\/uploads\/2024\/07\/When-The-Robin-Sings-A-Jazz-de-Mar-Portocolom-2024-Tomajazz-Photo-\u00a9-Jose-Luis-Luna-Rocafort-2024-008.jpg\" alt=\"When The Robin Sings (A Jazz de Mar. Mollet d'en Perei\u00f3, Portocolom, Mallorca. 2024-07-06) Por Jos\u00e9 Luis Luna Rocafort [INSTANTZZ AKA Galer\u00eda fotogr\u00e1fica AKA Fotoblog de jazz, impro\u2026 y algo m\u00e1s] - Tomajazz - When The Robin Sings actuaron en A Jazz de Mar en Portocolom, Mallorca, el 6 de julio de 2024. Jos\u00e9 Luis Luna Rocafort lo retrata en INSTANTZZ. Actuaron Sin\u00e9ad Cormican, Jordi Tugores, Gori Matas, Marko Lohikari\" width=\"600\" height=\"400\" srcset=\"https:\/\/tomajazz.com\/web\/wp-content\/uploads\/2024\/07\/When-The-Robin-Sings-A-Jazz-de-Mar-Portocolom-2024-Tomajazz-Photo-\u00a9-Jose-Luis-Luna-Rocafort-2024-008.jpg 600w, https:\/\/tomajazz.com\/web\/wp-content\/uploads\/2024\/07\/When-The-Robin-Sings-A-Jazz-de-Mar-Portocolom-2024-Tomajazz-Photo-\u00a9-Jose-Luis-Luna-Rocafort-2024-008-300x200.jpg 300w, https:\/\/tomajazz.com\/web\/wp-content\/uploads\/2024\/07\/When-The-Robin-Sings-A-Jazz-de-Mar-Portocolom-2024-Tomajazz-Photo-\u00a9-Jose-Luis-Luna-Rocafort-2024-008-465x310.jpg 465w\" sizes=\"auto, (max-width: 600px) 100vw, 600px\" \/><\/p>\n<p><img loading=\"lazy\" decoding=\"async\" class=\"aligncenter size-large wp-image-87991\" title=\"When The Robin Sings (A Jazz de Mar. Mollet d'en Perei\u00f3, Portocolom, Mallorca. 2024-07-06) Por Jos\u00e9 Luis Luna Rocafort [INSTANTZZ AKA Galer\u00eda fotogr\u00e1fica AKA Fotoblog de jazz, impro\u2026 y algo m\u00e1s] Tomajazz When The Robin Sings A Jazz de Mar Portocolom 2024 Tomajazz Photo \u00a9 Jos\u00e9 Luis Luna Rocafort 2024 009\" src=\"https:\/\/tomajazz.com\/web\/wp-content\/uploads\/2024\/07\/When-The-Robin-Sings-A-Jazz-de-Mar-Portocolom-2024-Tomajazz-Photo-\u00a9-Jose-Luis-Luna-Rocafort-2024-009.jpg\" alt=\"When The Robin Sings (A Jazz de Mar. Mollet d'en Perei\u00f3, Portocolom, Mallorca. 2024-07-06) Por Jos\u00e9 Luis Luna Rocafort [INSTANTZZ AKA Galer\u00eda fotogr\u00e1fica AKA Fotoblog de jazz, impro\u2026 y algo m\u00e1s] - Tomajazz - When The Robin Sings actuaron en A Jazz de Mar en Portocolom, Mallorca, el 6 de julio de 2024. Jos\u00e9 Luis Luna Rocafort lo retrata en INSTANTZZ. Actuaron Sin\u00e9ad Cormican, Jordi Tugores, Gori Matas, Marko Lohikari\" width=\"600\" height=\"400\" srcset=\"https:\/\/tomajazz.com\/web\/wp-content\/uploads\/2024\/07\/When-The-Robin-Sings-A-Jazz-de-Mar-Portocolom-2024-Tomajazz-Photo-\u00a9-Jose-Luis-Luna-Rocafort-2024-009.jpg 600w, https:\/\/tomajazz.com\/web\/wp-content\/uploads\/2024\/07\/When-The-Robin-Sings-A-Jazz-de-Mar-Portocolom-2024-Tomajazz-Photo-\u00a9-Jose-Luis-Luna-Rocafort-2024-009-300x200.jpg 300w, https:\/\/tomajazz.com\/web\/wp-content\/uploads\/2024\/07\/When-The-Robin-Sings-A-Jazz-de-Mar-Portocolom-2024-Tomajazz-Photo-\u00a9-Jose-Luis-Luna-Rocafort-2024-009-465x310.jpg 465w\" sizes=\"auto, (max-width: 600px) 100vw, 600px\" \/><\/p>\n<p><img loading=\"lazy\" decoding=\"async\" class=\"aligncenter size-large wp-image-87992\" title=\"When The Robin Sings (A Jazz de Mar. Mollet d'en Perei\u00f3, Portocolom, Mallorca. 2024-07-06) Por Jos\u00e9 Luis Luna Rocafort [INSTANTZZ AKA Galer\u00eda fotogr\u00e1fica AKA Fotoblog de jazz, impro\u2026 y algo m\u00e1s] Tomajazz When The Robin Sings A Jazz de Mar Portocolom 2024 Tomajazz Photo \u00a9 Jos\u00e9 Luis Luna Rocafort 2024 010\" src=\"https:\/\/tomajazz.com\/web\/wp-content\/uploads\/2024\/07\/When-The-Robin-Sings-A-Jazz-de-Mar-Portocolom-2024-Tomajazz-Photo-\u00a9-Jose-Luis-Luna-Rocafort-2024-010.jpg\" alt=\"When The Robin Sings (A Jazz de Mar. Mollet d'en Perei\u00f3, Portocolom, Mallorca. 2024-07-06) Por Jos\u00e9 Luis Luna Rocafort [INSTANTZZ AKA Galer\u00eda fotogr\u00e1fica AKA Fotoblog de jazz, impro\u2026 y algo m\u00e1s] - Tomajazz - When The Robin Sings actuaron en A Jazz de Mar en Portocolom, Mallorca, el 6 de julio de 2024. Jos\u00e9 Luis Luna Rocafort lo retrata en INSTANTZZ. Actuaron Sin\u00e9ad Cormican, Jordi Tugores, Gori Matas, Marko Lohikari\" width=\"600\" height=\"400\" srcset=\"https:\/\/tomajazz.com\/web\/wp-content\/uploads\/2024\/07\/When-The-Robin-Sings-A-Jazz-de-Mar-Portocolom-2024-Tomajazz-Photo-\u00a9-Jose-Luis-Luna-Rocafort-2024-010.jpg 600w, https:\/\/tomajazz.com\/web\/wp-content\/uploads\/2024\/07\/When-The-Robin-Sings-A-Jazz-de-Mar-Portocolom-2024-Tomajazz-Photo-\u00a9-Jose-Luis-Luna-Rocafort-2024-010-300x200.jpg 300w, https:\/\/tomajazz.com\/web\/wp-content\/uploads\/2024\/07\/When-The-Robin-Sings-A-Jazz-de-Mar-Portocolom-2024-Tomajazz-Photo-\u00a9-Jose-Luis-Luna-Rocafort-2024-010-465x310.jpg 465w\" sizes=\"auto, (max-width: 600px) 100vw, 600px\" \/><\/p>\n<p><img loading=\"lazy\" decoding=\"async\" class=\"aligncenter size-large wp-image-87993\" title=\"When The Robin Sings (A Jazz de Mar. Mollet d'en Perei\u00f3, Portocolom, Mallorca. 2024-07-06) Por Jos\u00e9 Luis Luna Rocafort [INSTANTZZ AKA Galer\u00eda fotogr\u00e1fica AKA Fotoblog de jazz, impro\u2026 y algo m\u00e1s] Tomajazz When The Robin Sings A Jazz de Mar Portocolom 2024 Tomajazz Photo \u00a9 Jos\u00e9 Luis Luna Rocafort 2024 011\" src=\"https:\/\/tomajazz.com\/web\/wp-content\/uploads\/2024\/07\/When-The-Robin-Sings-A-Jazz-de-Mar-Portocolom-2024-Tomajazz-Photo-\u00a9-Jose-Luis-Luna-Rocafort-2024-011.jpg\" alt=\"When The Robin Sings (A Jazz de Mar. Mollet d'en Perei\u00f3, Portocolom, Mallorca. 2024-07-06) Por Jos\u00e9 Luis Luna Rocafort [INSTANTZZ AKA Galer\u00eda fotogr\u00e1fica AKA Fotoblog de jazz, impro\u2026 y algo m\u00e1s] - Tomajazz - When The Robin Sings actuaron en A Jazz de Mar en Portocolom, Mallorca, el 6 de julio de 2024. Jos\u00e9 Luis Luna Rocafort lo retrata en INSTANTZZ. Actuaron Sin\u00e9ad Cormican, Jordi Tugores, Gori Matas, Marko Lohikari\" width=\"600\" height=\"400\" srcset=\"https:\/\/tomajazz.com\/web\/wp-content\/uploads\/2024\/07\/When-The-Robin-Sings-A-Jazz-de-Mar-Portocolom-2024-Tomajazz-Photo-\u00a9-Jose-Luis-Luna-Rocafort-2024-011.jpg 600w, https:\/\/tomajazz.com\/web\/wp-content\/uploads\/2024\/07\/When-The-Robin-Sings-A-Jazz-de-Mar-Portocolom-2024-Tomajazz-Photo-\u00a9-Jose-Luis-Luna-Rocafort-2024-011-300x200.jpg 300w, https:\/\/tomajazz.com\/web\/wp-content\/uploads\/2024\/07\/When-The-Robin-Sings-A-Jazz-de-Mar-Portocolom-2024-Tomajazz-Photo-\u00a9-Jose-Luis-Luna-Rocafort-2024-011-465x310.jpg 465w\" sizes=\"auto, (max-width: 600px) 100vw, 600px\" \/><\/p>\n<p><img loading=\"lazy\" decoding=\"async\" class=\"aligncenter size-large wp-image-87994\" title=\"When The Robin Sings (A Jazz de Mar. Mollet d'en Perei\u00f3, Portocolom, Mallorca. 2024-07-06) Por Jos\u00e9 Luis Luna Rocafort [INSTANTZZ AKA Galer\u00eda fotogr\u00e1fica AKA Fotoblog de jazz, impro\u2026 y algo m\u00e1s] Tomajazz When The Robin Sings A Jazz de Mar Portocolom 2024 Tomajazz Photo \u00a9 Jos\u00e9 Luis Luna Rocafort 2024 012\" src=\"https:\/\/tomajazz.com\/web\/wp-content\/uploads\/2024\/07\/When-The-Robin-Sings-A-Jazz-de-Mar-Portocolom-2024-Tomajazz-Photo-\u00a9-Jose-Luis-Luna-Rocafort-2024-012.jpg\" alt=\"When The Robin Sings (A Jazz de Mar. Mollet d'en Perei\u00f3, Portocolom, Mallorca. 2024-07-06) Por Jos\u00e9 Luis Luna Rocafort [INSTANTZZ AKA Galer\u00eda fotogr\u00e1fica AKA Fotoblog de jazz, impro\u2026 y algo m\u00e1s] - Tomajazz - When The Robin Sings actuaron en A Jazz de Mar en Portocolom, Mallorca, el 6 de julio de 2024. Jos\u00e9 Luis Luna Rocafort lo retrata en INSTANTZZ. Actuaron Sin\u00e9ad Cormican, Jordi Tugores, Gori Matas, Marko Lohikari\" width=\"600\" height=\"400\" srcset=\"https:\/\/tomajazz.com\/web\/wp-content\/uploads\/2024\/07\/When-The-Robin-Sings-A-Jazz-de-Mar-Portocolom-2024-Tomajazz-Photo-\u00a9-Jose-Luis-Luna-Rocafort-2024-012.jpg 600w, https:\/\/tomajazz.com\/web\/wp-content\/uploads\/2024\/07\/When-The-Robin-Sings-A-Jazz-de-Mar-Portocolom-2024-Tomajazz-Photo-\u00a9-Jose-Luis-Luna-Rocafort-2024-012-300x200.jpg 300w, https:\/\/tomajazz.com\/web\/wp-content\/uploads\/2024\/07\/When-The-Robin-Sings-A-Jazz-de-Mar-Portocolom-2024-Tomajazz-Photo-\u00a9-Jose-Luis-Luna-Rocafort-2024-012-465x310.jpg 465w\" sizes=\"auto, (max-width: 600px) 100vw, 600px\" \/><\/p>\n<p><img loading=\"lazy\" decoding=\"async\" class=\"aligncenter size-large wp-image-87995\" title=\"When The Robin Sings (A Jazz de Mar. Mollet d'en Perei\u00f3, Portocolom, Mallorca. 2024-07-06) Por Jos\u00e9 Luis Luna Rocafort [INSTANTZZ AKA Galer\u00eda fotogr\u00e1fica AKA Fotoblog de jazz, impro\u2026 y algo m\u00e1s] Tomajazz When The Robin Sings A Jazz de Mar Portocolom 2024 Tomajazz Photo \u00a9 Jos\u00e9 Luis Luna Rocafort 2024 013\" src=\"https:\/\/tomajazz.com\/web\/wp-content\/uploads\/2024\/07\/When-The-Robin-Sings-A-Jazz-de-Mar-Portocolom-2024-Tomajazz-Photo-\u00a9-Jose-Luis-Luna-Rocafort-2024-013.jpg\" alt=\"When The Robin Sings (A Jazz de Mar. Mollet d'en Perei\u00f3, Portocolom, Mallorca. 2024-07-06) Por Jos\u00e9 Luis Luna Rocafort [INSTANTZZ AKA Galer\u00eda fotogr\u00e1fica AKA Fotoblog de jazz, impro\u2026 y algo m\u00e1s] - Tomajazz - When The Robin Sings actuaron en A Jazz de Mar en Portocolom, Mallorca, el 6 de julio de 2024. Jos\u00e9 Luis Luna Rocafort lo retrata en INSTANTZZ. Actuaron Sin\u00e9ad Cormican, Jordi Tugores, Gori Matas, Marko Lohikari\" width=\"600\" height=\"400\" srcset=\"https:\/\/tomajazz.com\/web\/wp-content\/uploads\/2024\/07\/When-The-Robin-Sings-A-Jazz-de-Mar-Portocolom-2024-Tomajazz-Photo-\u00a9-Jose-Luis-Luna-Rocafort-2024-013.jpg 600w, https:\/\/tomajazz.com\/web\/wp-content\/uploads\/2024\/07\/When-The-Robin-Sings-A-Jazz-de-Mar-Portocolom-2024-Tomajazz-Photo-\u00a9-Jose-Luis-Luna-Rocafort-2024-013-300x200.jpg 300w, https:\/\/tomajazz.com\/web\/wp-content\/uploads\/2024\/07\/When-The-Robin-Sings-A-Jazz-de-Mar-Portocolom-2024-Tomajazz-Photo-\u00a9-Jose-Luis-Luna-Rocafort-2024-013-465x310.jpg 465w\" sizes=\"auto, (max-width: 600px) 100vw, 600px\" \/><\/p>\n<p><img loading=\"lazy\" decoding=\"async\" class=\"aligncenter size-large wp-image-87996\" title=\"When The Robin Sings (A Jazz de Mar. Mollet d'en Perei\u00f3, Portocolom, Mallorca. 2024-07-06) Por Jos\u00e9 Luis Luna Rocafort [INSTANTZZ AKA Galer\u00eda fotogr\u00e1fica AKA Fotoblog de jazz, impro\u2026 y algo m\u00e1s] Tomajazz When The Robin Sings A Jazz de Mar Portocolom 2024 Tomajazz Photo \u00a9 Jos\u00e9 Luis Luna Rocafort 2024 014\" src=\"https:\/\/tomajazz.com\/web\/wp-content\/uploads\/2024\/07\/When-The-Robin-Sings-A-Jazz-de-Mar-Portocolom-2024-Tomajazz-Photo-\u00a9-Jose-Luis-Luna-Rocafort-2024-014.jpg\" alt=\"When The Robin Sings (A Jazz de Mar. Mollet d'en Perei\u00f3, Portocolom, Mallorca. 2024-07-06) Por Jos\u00e9 Luis Luna Rocafort [INSTANTZZ AKA Galer\u00eda fotogr\u00e1fica AKA Fotoblog de jazz, impro\u2026 y algo m\u00e1s] - Tomajazz - When The Robin Sings actuaron en A Jazz de Mar en Portocolom, Mallorca, el 6 de julio de 2024. Jos\u00e9 Luis Luna Rocafort lo retrata en INSTANTZZ. Actuaron Sin\u00e9ad Cormican, Jordi Tugores, Gori Matas, Marko Lohikari\" width=\"600\" height=\"400\" srcset=\"https:\/\/tomajazz.com\/web\/wp-content\/uploads\/2024\/07\/When-The-Robin-Sings-A-Jazz-de-Mar-Portocolom-2024-Tomajazz-Photo-\u00a9-Jose-Luis-Luna-Rocafort-2024-014.jpg 600w, https:\/\/tomajazz.com\/web\/wp-content\/uploads\/2024\/07\/When-The-Robin-Sings-A-Jazz-de-Mar-Portocolom-2024-Tomajazz-Photo-\u00a9-Jose-Luis-Luna-Rocafort-2024-014-300x200.jpg 300w, https:\/\/tomajazz.com\/web\/wp-content\/uploads\/2024\/07\/When-The-Robin-Sings-A-Jazz-de-Mar-Portocolom-2024-Tomajazz-Photo-\u00a9-Jose-Luis-Luna-Rocafort-2024-014-465x310.jpg 465w\" sizes=\"auto, (max-width: 600px) 100vw, 600px\" \/><\/p>\n<p style=\"text-align: right;\">Tomajazz:\u00a0\u00a9\u00a0<strong><a href=\"https:\/\/www.facebook.com\/joseluis.lunarocafort\" target=\"_blank\" rel=\"noopener\">Jos\u00e9 Luis Luna Rocafort<\/a><\/strong>, 2024<\/p>\n<h3>M\u00e1s informaci\u00f3n<\/h3>\n<p><a href=\"https:\/\/soundcloud.com\/whentherobinsings\" target=\"_blank\" rel=\"noopener\">https:\/\/soundcloud.com\/whentherobinsings<\/a><\/p>\n<p><a href=\"https:\/\/www.facebook.com\/whentherobinsings\/\" target=\"_blank\" rel=\"noopener\">https:\/\/www.facebook.com\/whentherobinsings\/<\/a><\/p>\n<p><a href=\"https:\/\/tomajazz.com\/web\/?s=when+the+robin+sings&amp;submit=Search\" target=\"_blank\" rel=\"noopener\">https:\/\/tomajazz.com\/web\/?s=when+the+robin+sings&amp;submit=Search<\/a><\/p>\n<p>https:\/\/www.ajazzdemar.com\/<\/p>\n<p>https:\/\/tomajazz.com\/web\/?s=a+jazz+de+mar&#038;submit=Search<\/p>\n<h3>IX A Jazz de Mar 2024 en Tomajazz<\/h3>\n<blockquote class=\"wp-embedded-content\" data-secret=\"Ts8Gl1kRGV\"><p><a href=\"https:\/\/tomajazz.com\/web\/enric-fuster-a-jazz-de-mar-2024\/\">Enric Fuster (A Jazz de Mar. Mollet d&#8217;en Perei\u00f3, Portocolom, Mallorca. 2024-07-05)  Por Jos\u00e9 Luis Luna Rocafort [INSTANTZZ AKA Galer\u00eda fotogr\u00e1fica AKA Fotoblog de jazz, impro\u2026 y algo m\u00e1s]<\/a><\/p><\/blockquote>\n<p><iframe loading=\"lazy\" class=\"wp-embedded-content\" sandbox=\"allow-scripts\" security=\"restricted\" style=\"position: absolute; visibility: hidden;\" title=\"\u00abEnric Fuster (A Jazz de Mar. Mollet d&#8217;en Perei\u00f3, Portocolom, Mallorca. 2024-07-05)  Por Jos\u00e9 Luis Luna Rocafort [INSTANTZZ AKA Galer\u00eda fotogr\u00e1fica AKA Fotoblog de jazz, impro\u2026 y algo m\u00e1s]\u00bb \u2014 Tomajazz\" src=\"https:\/\/tomajazz.com\/web\/enric-fuster-a-jazz-de-mar-2024\/embed\/#?secret=PHaBXqlqJ4#?secret=Ts8Gl1kRGV\" data-secret=\"Ts8Gl1kRGV\" width=\"600\" height=\"338\" frameborder=\"0\" marginwidth=\"0\" marginheight=\"0\" scrolling=\"no\"><\/iframe><\/p>\n<blockquote class=\"wp-embedded-content\" data-secret=\"D0Jdg2Rufu\"><p><a href=\"https:\/\/tomajazz.com\/web\/carme-canela-jaume-llombart-portocolom-2024\/\">Carme Canela &#038; Jaume Llombart (A Jazz de Mar. Mollet d&#8217;en Perei\u00f3, Portocolom, Mallorca. 2024-07-05)  Por Jos\u00e9 Luis Luna Rocafort [INSTANTZZ AKA Galer\u00eda fotogr\u00e1fica AKA Fotoblog de jazz, impro\u2026 y algo m\u00e1s]<\/a><\/p><\/blockquote>\n<p><iframe loading=\"lazy\" class=\"wp-embedded-content\" sandbox=\"allow-scripts\" security=\"restricted\" style=\"position: absolute; visibility: hidden;\" title=\"\u00abCarme Canela &#038; Jaume Llombart (A Jazz de Mar. Mollet d&#8217;en Perei\u00f3, Portocolom, Mallorca. 2024-07-05)  Por Jos\u00e9 Luis Luna Rocafort [INSTANTZZ AKA Galer\u00eda fotogr\u00e1fica AKA Fotoblog de jazz, impro\u2026 y algo m\u00e1s]\u00bb \u2014 Tomajazz\" src=\"https:\/\/tomajazz.com\/web\/carme-canela-jaume-llombart-portocolom-2024\/embed\/#?secret=7CR236DX3D#?secret=D0Jdg2Rufu\" data-secret=\"D0Jdg2Rufu\" width=\"600\" height=\"338\" frameborder=\"0\" marginwidth=\"0\" marginheight=\"0\" scrolling=\"no\"><\/iframe><\/p>\n<h3>Jos\u00e9 Luis Luna Rocafort en Tomajazz<\/h3>\n<p><a href=\"https:\/\/tomajazz.com\/web\/?cat=17846\" target=\"_blank\" rel=\"noopener\">https:\/\/tomajazz.com\/web\/?cat=17846<\/a><\/p>\n<p><a href=\"https:\/\/tomajazz.com\/web\/category\/jose-luis-luna-rocafort\/\" target=\"_blank\" rel=\"noopener\">https:\/\/tomajazz.com\/web\/category\/jose-luis-luna-rocafort\/<\/a><\/p>\n","protected":false},"excerpt":{"rendered":"<p>When The Robin Sings actuaron en A Jazz de Mar en Portocolom, Mallorca, el 6 de julio de 2024. Jos\u00e9 Luis Luna Rocafort lo retrata en INSTANTZZ. Actuaron Sin\u00e9ad Cormican, Jordi Tugores, Gori Matas, Marko Lohikari<span class=\"more-link\"><a href=\"https:\/\/tomajazz.com\/web\/when-the-robin-sings-a-jazz-de-mar-2024-mallorca\/\">Contin\u00faa leyendo<\/a><\/span><\/p>\n","protected":false},"author":1,"featured_media":87997,"comment_status":"open","ping_status":"closed","sticky":false,"template":"","format":"standard","meta":{"jetpack_post_was_ever_published":false,"_jetpack_newsletter_access":"","_jetpack_dont_email_post_to_subs":false,"_jetpack_newsletter_tier_id":0,"_jetpack_memberships_contains_paywalled_content":false,"_jetpack_memberships_contains_paid_content":false,"footnotes":""},"categories":[17846,11262,15516,11261,31338,1038],"tags":[19263,16661,520,21744],"class_list":["entry","author-pachi","has-excerpt","post-87981","post","type-post","status-publish","format-standard","has-post-thumbnail","category-jose-luis-luna-rocafort","category-photoblogs","category-imagenes","category-instantzz","category-ix-a-jazz-de-mar-2024","category-contenidos","tag-gori-matas","tag-jordi-tugores","tag-marko-lohikari","tag-sinead-cormican"],"jetpack_featured_media_url":"https:\/\/tomajazz.com\/web\/wp-content\/uploads\/2024\/07\/destacada-When-The-Robin-Sings-A-Jazz-de-Mar-Portocolom-2024-Tomajazz-Photo-by-Jose-Luis-Luna-Rocafort-2024-001.jpg","jetpack_likes_enabled":true,"jetpack_sharing_enabled":true,"jetpack-related-posts":[{"id":101119,"url":"https:\/\/tomajazz.com\/web\/hard-bop-drivers-jazz-palma-festival-2025\/","url_meta":{"origin":87981,"position":0},"title":"Hard Bop Drivers (Jazz Palma Festival 2025. Castell de Bellver. Palma. 2025-08-28) Por Jos\u00e9 Luis Luna Rocafort [INSTANTZZ AKA Galer\u00eda fotogr\u00e1fica AKA Fotoblog de jazz, impro\u2026 y algo m\u00e1s]","author":"Tomajazz","date":"30 octubre, 2025","format":false,"excerpt":"Hard Bop Drivers actu\u00f3 en el Jazz Palma Festival 2025. Jos\u00e9 Luis Luna Rocafort los retrata en INSTANTZZ. Con Miquel \u00c0ngel Rigo, Pep Garau, Gori Matas, Marko Lohikari, Pep Llu\u00eds Garc\u00eda, Sin\u00e9ad Cormican","rel":"","context":"En \u00abINSTANTZZ\u00bb","block_context":{"text":"INSTANTZZ","link":"https:\/\/tomajazz.com\/web\/category\/contenidos\/imagenes\/photoblogs\/instantzz\/"},"img":{"alt_text":"Hard Bop Drivers (Jazz Palma Festival 2025. Castell de Bellver. Palma. 2025-08-28) Por Jos\u00e9 Luis Luna Rocafort [INSTANTZZ AKA Galer\u00eda fotogr\u00e1fica AKA Fotoblog de jazz, impro\u2026 y algo m\u00e1s] - Tomajazz - Hard Bop Drivers actu\u00f3 en el Jazz Palma Festival 2025. Jos\u00e9 Luis Luna Rocafort los retrata en INSTANTZZ. Con Miquel \u00c0ngel Rigo, Pep Garau, Gori Matas, Marko Lohikari, Pep Llu\u00eds Garc\u00eda, Sin\u00e9ad Cormican","src":"https:\/\/i0.wp.com\/tomajazz.com\/web\/wp-content\/uploads\/2025\/10\/015-17.jpg?resize=350%2C200&ssl=1","width":350,"height":200,"srcset":"https:\/\/i0.wp.com\/tomajazz.com\/web\/wp-content\/uploads\/2025\/10\/015-17.jpg?resize=350%2C200&ssl=1 1x, https:\/\/i0.wp.com\/tomajazz.com\/web\/wp-content\/uploads\/2025\/10\/015-17.jpg?resize=525%2C300&ssl=1 1.5x"},"classes":[]},{"id":88072,"url":"https:\/\/tomajazz.com\/web\/triplanetas-a-jazz-de-mar-2024\/","url_meta":{"origin":87981,"position":1},"title":"Triplanetas (A Jazz de Mar. Mollet d&#8217;en Perei\u00f3, Portocolom, Mallorca. 2024-07-06) Por Jos\u00e9 Luis Luna Rocafort [INSTANTZZ AKA Galer\u00eda fotogr\u00e1fica AKA Fotoblog de jazz, impro\u2026 y algo m\u00e1s]","author":"Tomajazz","date":"19 agosto, 2024","format":false,"excerpt":"Triplanetas actu\u00f3 en A Jazz de Mar. Mollet d'en Perei\u00f3, Portocolom, Mallorca, el 6 de julio de 2024. Jos\u00e9 Luis Luna Rocafort retrata al tri\u00f3 en INSTANTZZ. Triplanetas son Daahoud Salim, Juli\u00e1n S\u00e1nchez, Bori Albero","rel":"","context":"En \u00abIX A Jazz de Mar 2024\u00bb","block_context":{"text":"IX A Jazz de Mar 2024","link":"https:\/\/tomajazz.com\/web\/category\/contenidos\/especial-contenidos\/ix-a-jazz-de-mar-2024\/"},"img":{"alt_text":"Triplanetas (A Jazz de Mar. Mollet d'en Perei\u00f3, Portocolom, Mallorca. 2024-07-06) Por Jos\u00e9 Luis Luna Rocafort [INSTANTZZ AKA Galer\u00eda fotogr\u00e1fica AKA Fotoblog de jazz, impro\u2026 y algo m\u00e1s] - Tomajazz - Triplanetas actu\u00f3 en A Jazz de Mar. Mollet d'en Perei\u00f3, Portocolom, Mallorca, el 6 de julio de 2024. Jos\u00e9 Luis Luna Rocafort retrata al tri\u00f3 en INSTANTZZ. Triplanetas son Daahoud Salim, Juli\u00e1n S\u00e1nchez, Bori Albero","src":"https:\/\/i0.wp.com\/tomajazz.com\/web\/wp-content\/uploads\/2024\/08\/Destacada-Triplanetas-A-Jazz-de-Mar-2024-Tomajazz-Photo-by-Jose-Luis-Luna-Rocafort-2024-011.jpg?resize=350%2C200&ssl=1","width":350,"height":200,"srcset":"https:\/\/i0.wp.com\/tomajazz.com\/web\/wp-content\/uploads\/2024\/08\/Destacada-Triplanetas-A-Jazz-de-Mar-2024-Tomajazz-Photo-by-Jose-Luis-Luna-Rocafort-2024-011.jpg?resize=350%2C200&ssl=1 1x, https:\/\/i0.wp.com\/tomajazz.com\/web\/wp-content\/uploads\/2024\/08\/Destacada-Triplanetas-A-Jazz-de-Mar-2024-Tomajazz-Photo-by-Jose-Luis-Luna-Rocafort-2024-011.jpg?resize=525%2C300&ssl=1 1.5x"},"classes":[]},{"id":88165,"url":"https:\/\/tomajazz.com\/web\/alabaix-big-band-a-jazz-de-mar-2024\/","url_meta":{"origin":87981,"position":2},"title":"Alabaix Big Band (A Jazz de Mar. Mollet d&#8217;en Perei\u00f3, Portocolom, Mallorca. 2024-07-07) Por Jos\u00e9 Luis Luna Rocafort [INSTANTZZ AKA Galer\u00eda fotogr\u00e1fica AKA Fotoblog de jazz, impro\u2026 y algo m\u00e1s]","author":"Tomajazz","date":"20 agosto, 2024","format":false,"excerpt":"Alabaix Big Band actu\u00f3 en A Jazz de Mar. en Portocolom, Mallorca, el 7 de julio de 2024. Jos\u00e9 Luis Luna Rocafort retrata la actuaci\u00f3n en INSTANTZZ. Alabaix Big Band est\u00e1 dirigida por Toni Vaquer","rel":"","context":"En \u00abIX A Jazz de Mar 2024\u00bb","block_context":{"text":"IX A Jazz de Mar 2024","link":"https:\/\/tomajazz.com\/web\/category\/contenidos\/especial-contenidos\/ix-a-jazz-de-mar-2024\/"},"img":{"alt_text":"Alabaix Big Band (A Jazz de Mar. Mollet d'en Perei\u00f3, Portocolom, Mallorca. 2024-07-07) Por Jos\u00e9 Luis Luna Rocafort [INSTANTZZ AKA Galer\u00eda fotogr\u00e1fica AKA Fotoblog de jazz, impro\u2026 y algo m\u00e1s] - Tomajazz - Alabaix Big Band actu\u00f3 en A Jazz de Mar. en Portocolom, Mallorca, el 7 de julio de 2024. Jos\u00e9 Luis Luna Rocafort retrata la actuaci\u00f3n en INSTANTZZ. Alabaix Big Band est\u00e1 dirigida por Toni Vaquer","src":"https:\/\/i0.wp.com\/tomajazz.com\/web\/wp-content\/uploads\/2024\/08\/Destacada-Alabaix-Big-Band-A-Jazz-de-Mar-2024-Tomajazz-Photo-by-Jose-Luis-Luna-Rocafort-2024-016.jpg?resize=350%2C200&ssl=1","width":350,"height":200,"srcset":"https:\/\/i0.wp.com\/tomajazz.com\/web\/wp-content\/uploads\/2024\/08\/Destacada-Alabaix-Big-Band-A-Jazz-de-Mar-2024-Tomajazz-Photo-by-Jose-Luis-Luna-Rocafort-2024-016.jpg?resize=350%2C200&ssl=1 1x, https:\/\/i0.wp.com\/tomajazz.com\/web\/wp-content\/uploads\/2024\/08\/Destacada-Alabaix-Big-Band-A-Jazz-de-Mar-2024-Tomajazz-Photo-by-Jose-Luis-Luna-Rocafort-2024-016.jpg?resize=525%2C300&ssl=1 1.5x"},"classes":[]},{"id":103295,"url":"https:\/\/tomajazz.com\/web\/alternatilla-jazzband-version-25-3-2025\/","url_meta":{"origin":87981,"position":3},"title":"Alternatilla JazzBand versi\u00f3n 25.3 (9\u00ba Alternatilla Jazz Festival 2025. Patio de Sa Congregaci\u00f3. Sa Pobla. 2025-12-07) Por Jos\u00e9 Luis Luna Rocafort [INSTANTZZ AKA Galer\u00eda fotogr\u00e1fica AKA Fotoblog de jazz, impro\u2026 y algo m\u00e1s]","author":"Tomajazz","date":"12 enero, 2026","format":false,"excerpt":"Alternatilla JazzBand versi\u00f3n 25.3 actu\u00f3 en el 9\u00ba Alternatilla Jazz Festival en el Patio de Sa Congregaci\u00f3 en Sa Pobla, el 7 de diciembre de 2025. Jos\u00e9 Luis Luna Rocafort lo retrata en INSTANTZZ. Participaron Fernando Brox, Marko Lohikari, Pierre Bauzerand, Sin\u00e9ad Cormican","rel":"","context":"En \u00ab9\u00ba Alternatilla Jazz Festival 2025\u00bb","block_context":{"text":"9\u00ba Alternatilla Jazz Festival 2025","link":"https:\/\/tomajazz.com\/web\/category\/contenidos\/especial-contenidos\/9o-alternatilla-jazz-festival-2025\/"},"img":{"alt_text":"Alternatilla JazzBand versi\u00f3n 25.3 (9\u00ba Alternatilla Jazz Festival 2025.Patio de Sa Congregaci\u00f3. Sa Pobla. 2025-12-07) Por Jos\u00e9 Luis Luna Rocafort [INSTANTZZ AKA Galer\u00eda fotogr\u00e1fica AKA Fotoblog de jazz, impro\u2026 y algo m\u00e1s] - Tomajazz - Alternatilla JazzBand versi\u00f3n 25.3 actu\u00f3 en el 9\u00ba Alternatilla Jazz Festival en el Patio de Sa Congregaci\u00f3 en Sa Pobla, el 7 de diciembre de 2025. Jos\u00e9 Luis Luna Rocafort lo retrata en INSTANTZZ. Participaron Fernando Brox, Marko Lohikari, Pierre Bauzerand, Sin\u00e9ad Cormican","src":"https:\/\/i0.wp.com\/tomajazz.com\/web\/wp-content\/uploads\/2026\/01\/017-2.jpg?resize=350%2C200&ssl=1","width":350,"height":200,"srcset":"https:\/\/i0.wp.com\/tomajazz.com\/web\/wp-content\/uploads\/2026\/01\/017-2.jpg?resize=350%2C200&ssl=1 1x, https:\/\/i0.wp.com\/tomajazz.com\/web\/wp-content\/uploads\/2026\/01\/017-2.jpg?resize=525%2C300&ssl=1 1.5x"},"classes":[]},{"id":87866,"url":"https:\/\/tomajazz.com\/web\/carme-canela-jaume-llombart-portocolom-2024\/","url_meta":{"origin":87981,"position":4},"title":"Carme Canela &#038; Jaume Llombart (A Jazz de Mar. Mollet d&#8217;en Perei\u00f3, Portocolom, Mallorca. 2024-07-05)  Por Jos\u00e9 Luis Luna Rocafort [INSTANTZZ AKA Galer\u00eda fotogr\u00e1fica AKA Fotoblog de jazz, impro\u2026 y algo m\u00e1s]","author":"Tomajazz","date":"10 julio, 2024","format":false,"excerpt":"Carme Canela & Jaume Llombart actuaron en A Jazz de Mar, en Portocolom, Mallorca, el 5 de julio de 2024. Jos\u00e9 Luis Luna Rocafort los retrata en INSTANTZZ. Actuaron Carme Canela, Jaume Llombart, Juli\u00e1n S\u00e1nchez, Gorka Ben\u00edtez","rel":"","context":"En \u00abINSTANTZZ\u00bb","block_context":{"text":"INSTANTZZ","link":"https:\/\/tomajazz.com\/web\/category\/contenidos\/imagenes\/photoblogs\/instantzz\/"},"img":{"alt_text":"Carme Canela & Jaume Llombart (A Jazz de Mar. Mollet d'en Perei\u00f3, Portocolom, Mallorca. 2024-07-05)  Por Jos\u00e9 Luis Luna Rocafort [INSTANTZZ AKA Galer\u00eda fotogr\u00e1fica AKA Fotoblog de jazz, impro\u2026 y algo m\u00e1s] - Tomajazz - Carme Canela & Jaume Llombart actuaron en A Jazz de Mar, en Portocolom, Mallorca, el 5 de julio de 2024. Jos\u00e9 Luis Luna Rocafort los retrata en INSTANTZZ. Actuaron Carme Canela, Jaume Llombart, Juli\u00e1n S\u00e1nchez, Gorka Ben\u00edtez","src":"https:\/\/i0.wp.com\/tomajazz.com\/web\/wp-content\/uploads\/2024\/07\/Destacada-Carme-Canela-Jaume-Llombart-Portocolom-Mallorca-2024-Tomajazz-Photo-by-Jose-Luis-Luna-Rocafort-2024-008.jpg?resize=350%2C200&ssl=1","width":350,"height":200,"srcset":"https:\/\/i0.wp.com\/tomajazz.com\/web\/wp-content\/uploads\/2024\/07\/Destacada-Carme-Canela-Jaume-Llombart-Portocolom-Mallorca-2024-Tomajazz-Photo-by-Jose-Luis-Luna-Rocafort-2024-008.jpg?resize=350%2C200&ssl=1 1x, https:\/\/i0.wp.com\/tomajazz.com\/web\/wp-content\/uploads\/2024\/07\/Destacada-Carme-Canela-Jaume-Llombart-Portocolom-Mallorca-2024-Tomajazz-Photo-by-Jose-Luis-Luna-Rocafort-2024-008.jpg?resize=525%2C300&ssl=1 1.5x"},"classes":[]},{"id":87940,"url":"https:\/\/tomajazz.com\/web\/enric-fuster-a-jazz-de-mar-2024\/","url_meta":{"origin":87981,"position":5},"title":"Enric Fuster (A Jazz de Mar. Mollet d&#8217;en Perei\u00f3, Portocolom, Mallorca. 2024-07-05)  Por Jos\u00e9 Luis Luna Rocafort [INSTANTZZ AKA Galer\u00eda fotogr\u00e1fica AKA Fotoblog de jazz, impro\u2026 y algo m\u00e1s]","author":"Tomajazz","date":"12 julio, 2024","format":false,"excerpt":"Enric Fuster actu\u00f3 en A Jazz de Mar, en Portocolom, Mallorca, el 5 de julio de 2024. Jos\u00e9 Luis Luna Rocafort retrata la actuaic\u00f3n en INSTANTZZ. Actuaron Enric Fuster, Gorka Ben\u00edtez, Camil Alcarazo, Kevin D\u00edaz, Joan Garcias, Carme Canela","rel":"","context":"En \u00ab*_Jos\u00e9 Luis Luna Rocafort\u00bb","block_context":{"text":"*_Jos\u00e9 Luis Luna Rocafort","link":"https:\/\/tomajazz.com\/web\/category\/jose-luis-luna-rocafort\/"},"img":{"alt_text":"Enric Fuster (A Jazz de Mar. Mollet d'en Perei\u00f3, Portocolom, Mallorca. 2024-07-05)  Por Jos\u00e9 Luis Luna Rocafort [INSTANTZZ AKA Galer\u00eda fotogr\u00e1fica AKA Fotoblog de jazz, impro\u2026 y algo m\u00e1s] - Tomajazz - Enric Fuster actu\u00f3 en A Jazz de Mar, en Portocolom, Mallorca, el 5 de julio de 2024. Jos\u00e9 Luis Luna Rocafort retrata la actuaic\u00f3n en INSTANTZZ. Actuaron Enric Fuster, Gorka Ben\u00edtez, Camil Alcarazo, Kevin D\u00edaz, Joan Garcias, Carme Canela","src":"https:\/\/i0.wp.com\/tomajazz.com\/web\/wp-content\/uploads\/2024\/07\/destacada-Enric-Fuster-A-Jazz-de-Mar-2024-Tomajazz-Photos-by-Jose-Luis-Luna-Rocafort-2024-006.jpg?resize=350%2C200&ssl=1","width":350,"height":200,"srcset":"https:\/\/i0.wp.com\/tomajazz.com\/web\/wp-content\/uploads\/2024\/07\/destacada-Enric-Fuster-A-Jazz-de-Mar-2024-Tomajazz-Photos-by-Jose-Luis-Luna-Rocafort-2024-006.jpg?resize=350%2C200&ssl=1 1x, https:\/\/i0.wp.com\/tomajazz.com\/web\/wp-content\/uploads\/2024\/07\/destacada-Enric-Fuster-A-Jazz-de-Mar-2024-Tomajazz-Photos-by-Jose-Luis-Luna-Rocafort-2024-006.jpg?resize=525%2C300&ssl=1 1.5x"},"classes":[]}],"_links":{"self":[{"href":"https:\/\/tomajazz.com\/web\/wp-json\/wp\/v2\/posts\/87981","targetHints":{"allow":["GET"]}}],"collection":[{"href":"https:\/\/tomajazz.com\/web\/wp-json\/wp\/v2\/posts"}],"about":[{"href":"https:\/\/tomajazz.com\/web\/wp-json\/wp\/v2\/types\/post"}],"author":[{"embeddable":true,"href":"https:\/\/tomajazz.com\/web\/wp-json\/wp\/v2\/users\/1"}],"replies":[{"embeddable":true,"href":"https:\/\/tomajazz.com\/web\/wp-json\/wp\/v2\/comments?post=87981"}],"version-history":[{"count":3,"href":"https:\/\/tomajazz.com\/web\/wp-json\/wp\/v2\/posts\/87981\/revisions"}],"predecessor-version":[{"id":88003,"href":"https:\/\/tomajazz.com\/web\/wp-json\/wp\/v2\/posts\/87981\/revisions\/88003"}],"wp:featuredmedia":[{"embeddable":true,"href":"https:\/\/tomajazz.com\/web\/wp-json\/wp\/v2\/media\/87997"}],"wp:attachment":[{"href":"https:\/\/tomajazz.com\/web\/wp-json\/wp\/v2\/media?parent=87981"}],"wp:term":[{"taxonomy":"category","embeddable":true,"href":"https:\/\/tomajazz.com\/web\/wp-json\/wp\/v2\/categories?post=87981"},{"taxonomy":"post_tag","embeddable":true,"href":"https:\/\/tomajazz.com\/web\/wp-json\/wp\/v2\/tags?post=87981"}],"curies":[{"name":"wp","href":"https:\/\/api.w.org\/{rel}","templated":true}]}}