{"id":883,"date":"2011-05-11T21:37:10","date_gmt":"2011-05-11T19:37:10","guid":{"rendered":"http:\/\/www.tomajazz.com\/web\/?p=883"},"modified":"2016-11-13T19:35:29","modified_gmt":"2016-11-13T18:35:29","slug":"miguel-salvador-project-nada-producciones-2009","status":"publish","type":"post","link":"https:\/\/tomajazz.com\/web\/miguel-salvador-project-nada-producciones-2009\/","title":{"rendered":"Miguel Salvador &#8211; Project  (Nada Producciones 2009)"},"content":{"rendered":"<p style=\"text-align: justify;\"><a href=\"http:\/\/www.tomajazz.com\/web\/wp-content\/uploads\/2011\/05\/miguel%20salvador-project3.jpg\"><img loading=\"lazy\" decoding=\"async\" class=\"alignleft size-full wp-image-13790\" src=\"http:\/\/www.tomajazz.com\/web\/wp-content\/uploads\/2011\/05\/Miguel-Salvador-Project.jpg\" alt=\"Miguel Salvador Project\" width=\"170\" height=\"169\" title=\"\" srcset=\"https:\/\/tomajazz.com\/web\/wp-content\/uploads\/2011\/05\/Miguel-Salvador-Project.jpg 170w, https:\/\/tomajazz.com\/web\/wp-content\/uploads\/2011\/05\/Miguel-Salvador-Project-150x150.jpg 150w, https:\/\/tomajazz.com\/web\/wp-content\/uploads\/2011\/05\/Miguel-Salvador-Project-55x55.jpg 55w\" sizes=\"auto, (max-width: 170px) 100vw, 170px\" \/><\/a>La escena nacional sigue aportando nombres rese\u00f1ables: tras su larga y fruct\u00edfera carrera como guitarrista, el bilbaino Miguel Salvador presenta su primer CD en solitario de la mano de este \u00abProject\u00bb con el que ya hab\u00eda pisado bastantes escenarios. Muy bien arropado por dos secciones r\u00edtmicas de lujo, Salvador ofrece en sus composiciones, una visi\u00f3n del jazz a medio camino entre el clasicismo y la modernidad, con buenas melod\u00edas, un <em>swing<\/em> oscuro y favoreciendo entornos modales (\u00abPunto de encuentro\u00bb). \u00abMis dos tesoros\u00bb hace caminar un 5\/4 con fluida sensaci\u00f3n de vals (algo m\u00e1s forzado el 7\/4 de \u00abZodiak\u00bb), y en \u00abAzagra 21\u00bb piano y guitarra combinan a la perfecci\u00f3n.<\/p>\n<p style=\"text-align: justify;\">La guitarra de Miguel Salvador explora con paciencia, buscando las melod\u00edas m\u00e1s rec\u00f3nditas y sin tirar de <em>licks<\/em>. Todo un ejercicio de madurez y buen conocimiento del lenguaje y del instrumento (a destacar tambi\u00e9n su timbre). Hasier Oleaga y Javier Mayor son un seguro de vida durante todo el disco (el primero se luce en \u00abTres\u00bb), y Jonathan Hurtado dibuja las armon\u00edas con peso y rotundidad.<\/p>\n<p style=\"text-align: justify;\">Un proyecto a seguir muy de cerca. Ya solo queda que los locales y festivales sigan programando, y que la gente asista. Por fortuna la crisis es solo econ\u00f3mica, las ideas no se han agotado.<\/p>\n<p style=\"text-align: justify;\">\n<p style=\"text-align: right;\">\u00a9 Arturo Mora Rioja, 2011<\/p>\n<p style=\"text-align: right;\">\n<p style=\"text-align: justify;\"><strong>Composiciones: <\/strong>\u201cLaberinto\u201d, \u201cPunto de encuentro\u201d, \u201cMis dos tesoros\u201d, \u201cAzagra 21\u201d, \u201cSagitario\u201d, \u201cZodiak\u201d, \u201cFlor de noviembre\u201d, \u201cTres\u201d<\/p>\n<p>Todas las composiciones por Miguel Salvador.<\/p>\n<p><strong>M\u00fasicos: <\/strong>Miguel Salvador (guitarra el\u00e9ctrica), I\u00f1aki Salvador, Jonathan Hurtado (piano), Gonzalo Tejada, Javier Mayor (contrabajo) y Hasier Oleaga (bater\u00eda).<\/p>\n<p>Grabado el 24 y 25 de enero de 2009 en Nada Producciones (Logro\u00f1o).<br \/>\nErrabal.026<\/p>\n","protected":false},"excerpt":{"rendered":"<p>La escena nacional sigue aportando nombres rese\u00f1ables: tras su larga y fruct\u00edfera carrera como guitarrista, el bilbaino Miguel Salvador presenta su primer CD en solitario de la mano de este \u00abProject\u00bb con el que ya hab\u00eda pisado bastantes escenarios. Muy bien arropado por dos secciones r\u00edtmicas de lujo, Salvador ofrece<span class=\"more-link\"><a href=\"https:\/\/tomajazz.com\/web\/miguel-salvador-project-nada-producciones-2009\/\">Contin\u00faa leyendo<\/a><\/span><\/p>\n","protected":false},"author":4,"featured_media":13790,"comment_status":"open","ping_status":"closed","sticky":false,"template":"","format":"standard","meta":{"jetpack_post_was_ever_published":false,"_jetpack_newsletter_access":"","_jetpack_dont_email_post_to_subs":true,"_jetpack_newsletter_tier_id":0,"_jetpack_memberships_contains_paywalled_content":false,"_jetpack_memberships_contains_paid_content":false,"footnotes":""},"categories":[17861,5,1038],"tags":[260,12651,435,12696,437,433,436,13,12415,15295,434,431,432,16099,77,16100],"class_list":["entry","author-autor1","post-883","post","type-post","status-publish","format-standard","has-post-thumbnail","category-arturo-mora-rioja","category-grabaciones","category-contenidos","tag-arturo-mora-rioja","tag-cd","tag-gonzalo-tejada","tag-grabaciones","tag-hasier-oleaga","tag-inaki-salvador","tag-javier-mayor","tag-jazz","tag-jazz-en-espana","tag-jazz-en-espanol","tag-jonathan-hurtado","tag-miguel-salvador","tag-nada-producciones-2009","tag-toma-jazz","tag-tomajazz","tag-tomajazz-toma-jazz"],"jetpack_featured_media_url":"https:\/\/tomajazz.com\/web\/wp-content\/uploads\/2011\/05\/Miguel-Salvador-Project.jpg","jetpack_likes_enabled":true,"jetpack_sharing_enabled":true,"jetpack-related-posts":[{"id":104808,"url":"https:\/\/tomajazz.com\/web\/universos-paralelos-t31-p24-2025-26\/","url_meta":{"origin":883,"position":0},"title":"Universos Paralelos: emisi\u00f3n 9 de abril de 2026 (UP.T.31 P.24) [Noticias de jazz]","author":"Tomajazz","date":"9 abril, 2026","format":false,"excerpt":"En el programa del 9 de abril de 2026 de Universos Paralelos - UP, Sergio Cabanillas selecciona m\u00fasica de las nuevas grabaciones de Hugo Fern\u00e1ndez, Diego Pi\u00f1era 4+4, Ben Wendel, Miguel \u00c2ngelo Trio, Sumrr\u00e1, Pocket Corner.","rel":"","context":"En \u00abUniversos Paralelos - UP\u00bb","block_context":{"text":"Universos Paralelos - UP","link":"https:\/\/tomajazz.com\/web\/category\/contenidos\/noticias-2\/universos-paralelos-up\/"},"img":{"alt_text":"Universos Paralelos: emisi\u00f3n 9 de abril de 2026 (UP.T.31 P.24) [Noticias de jazz] - Tomajazz - En el programa del 9 de abril de 2026 de Universos Paralelos - UP, Sergio Cabanillas selecciona m\u00fasica de las nuevas grabaciones de Hugo Fern\u00e1ndez, Diego Pi\u00f1era 4+4, Ben Wendel, Miguel \u00c2ngelo Trio, Sumrr\u00e1, Pocket Corner.","src":"https:\/\/i0.wp.com\/tomajazz.com\/web\/wp-content\/uploads\/2026\/04\/destacada-02-Hugo-Fernandez-Rivermind-1080.jpg?resize=350%2C200&ssl=1","width":350,"height":200,"srcset":"https:\/\/i0.wp.com\/tomajazz.com\/web\/wp-content\/uploads\/2026\/04\/destacada-02-Hugo-Fernandez-Rivermind-1080.jpg?resize=350%2C200&ssl=1 1x, https:\/\/i0.wp.com\/tomajazz.com\/web\/wp-content\/uploads\/2026\/04\/destacada-02-Hugo-Fernandez-Rivermind-1080.jpg?resize=525%2C300&ssl=1 1.5x, https:\/\/i0.wp.com\/tomajazz.com\/web\/wp-content\/uploads\/2026\/04\/destacada-02-Hugo-Fernandez-Rivermind-1080.jpg?resize=700%2C400&ssl=1 2x"},"classes":[]},{"id":105032,"url":"https:\/\/tomajazz.com\/web\/errare-humanum-est-erdc-2026-04\/","url_meta":{"origin":883,"position":1},"title":"Errare humanum est. Por Chema Garc\u00eda [Escrito de jazz AKA El Rinc\u00f3n de Chema] [Abril de 2026]","author":"Tomajazz","date":"24 abril, 2026","format":false,"excerpt":"Errare humanum est es la entrega de Chema Garc\u00eda en El Rinc\u00f3n de Chema de abril de 2026","rel":"","context":"En \u00abArt\u00edculos...\u00bb","block_context":{"text":"Art\u00edculos...","link":"https:\/\/tomajazz.com\/web\/category\/contenidos\/textos\/articulos\/"},"img":{"alt_text":"Errare humanum est. Por Chema Garc\u00eda [Escrito de jazz AKA El Rinc\u00f3n de Chema] [Abril de 2026] - Tomajazz - Errare humanum est es la entrega de Chema Garc\u00eda en El Rinc\u00f3n de Chema de abril de 2026","src":"https:\/\/i0.wp.com\/tomajazz.com\/web\/wp-content\/uploads\/2026\/04\/Armstrong-en-Alicante-.jpeg?resize=350%2C200&ssl=1","width":350,"height":200,"srcset":"https:\/\/i0.wp.com\/tomajazz.com\/web\/wp-content\/uploads\/2026\/04\/Armstrong-en-Alicante-.jpeg?resize=350%2C200&ssl=1 1x, https:\/\/i0.wp.com\/tomajazz.com\/web\/wp-content\/uploads\/2026\/04\/Armstrong-en-Alicante-.jpeg?resize=525%2C300&ssl=1 1.5x, https:\/\/i0.wp.com\/tomajazz.com\/web\/wp-content\/uploads\/2026\/04\/Armstrong-en-Alicante-.jpeg?resize=700%2C400&ssl=1 2x"},"classes":[]},{"id":100192,"url":"https:\/\/tomajazz.com\/web\/fredis-jazz-band-vol-2-temps-record-2024-por-pachi-tapiz-grabacion-de-jazz\/","url_meta":{"origin":883,"position":2},"title":"Fredi&#8217;s Jazz Band: Vol. #2 (Temps Record; 2024) Por Pachi Tapiz [Grabaci\u00f3n de jazz]","author":"Tomajazz","date":"8 octubre, 2025","format":false,"excerpt":"Vol. #2 (Temps Record; 2024) es el t\u00edtulo del nuevo doble CD de Fredi's Jazz Band. Pachi Tapiz repasa la grabaci\u00f3n","rel":"","context":"En \u00abTomajazz (la revista) al completo\u00bb","block_context":{"text":"Tomajazz (la revista) al completo","link":"https:\/\/tomajazz.com\/web\/category\/contenidos\/"},"img":{"alt_text":"Fredi's Jazz Band: Vol. #2 (Temps Record; 2024) Por Pachi Tapiz [Grabaci\u00f3n de jazz] - Tomajazz - Vol. #2 (Temps Record; 2024) es el t\u00edtulo del nuevo doble CD de Fredi's Jazz Band.  Por Pachi Tapiz","src":"https:\/\/i0.wp.com\/tomajazz.com\/web\/wp-content\/uploads\/2025\/10\/Fredi-s-Jazz-Band-vol-2-2024-Tomajazz.jpg?resize=350%2C200&ssl=1","width":350,"height":200,"srcset":"https:\/\/i0.wp.com\/tomajazz.com\/web\/wp-content\/uploads\/2025\/10\/Fredi-s-Jazz-Band-vol-2-2024-Tomajazz.jpg?resize=350%2C200&ssl=1 1x, https:\/\/i0.wp.com\/tomajazz.com\/web\/wp-content\/uploads\/2025\/10\/Fredi-s-Jazz-Band-vol-2-2024-Tomajazz.jpg?resize=525%2C300&ssl=1 1.5x"},"classes":[]},{"id":103972,"url":"https:\/\/tomajazz.com\/web\/carla-gonzalez-6t-olot-2025\/","url_meta":{"origin":883,"position":3},"title":"Carla Gonz\u00e0lez 6t \u201cLa Visibilitat de l\u2019Invisible\u201d (Jazz Olot \/ Sala El Tor\u00edn, 2025-12-19 \/ Olot -Girona-) Por Joan Cort\u00e8s [INSTANTZZ AKA Galer\u00eda fotogr\u00e1fica AKA Fotoblog de jazz, impro\u2026 y algo m\u00e1s]","author":"Tomajazz","date":"12 febrero, 2026","format":false,"excerpt":"Carla Gonz\u00e0lez 6t \u201cLa Visibilitat de l\u2019Invisible\u201d actu\u00f3 el 19 de diciembre de 2025 en Jazz Olot en Sala El Tor\u00edn, de Girona. Joan Cort\u00e8s lo retrata en INSTANTZZ. Actuaron Carla Gonz\u00e0lez, Alba Pujals, Cristina Sunyer, Cristina Miguel, Eva Fern\u00e1ndez, Andrea Gonz\u00e1lez","rel":"","context":"En \u00abINSTANTZZ\u00bb","block_context":{"text":"INSTANTZZ","link":"https:\/\/tomajazz.com\/web\/category\/contenidos\/imagenes\/photoblogs\/instantzz\/"},"img":{"alt_text":"Carla Gonz\u00e0lez 6t \u201cLa Visibilitat de l\u2019Invisible\u201d (Jazz Olot \/ Sala El Tor\u00edn, 2025-12-19 \/ Olot -Girona-) Por Joan Cort\u00e8s [INSTANTZZ AKA Galer\u00eda fotogr\u00e1fica AKA Fotoblog de jazz, impro\u2026 y algo m\u00e1s] - Tomajazz - Carla Gonz\u00e0lez 6t \u201cLa Visibilitat de l\u2019Invisible\u201d actu\u00f3 el 19 de diciembre de 2025 en Jazz Olot en Sala El Tor\u00edn, de Girona. Joan Cort\u00e8s lo retrata en INSTANTZZ. Actuaron Carla Gonz\u00e0lez, Alba Pujals, Cristina Sunyer, Cristina Miguel, Eva Fern\u00e1ndez, Andrea Gonz\u00e1lez\n","src":"https:\/\/i0.wp.com\/tomajazz.com\/web\/wp-content\/uploads\/2026\/02\/destacada-06-Crl-Gnzlz-6t-Photo-By-Joan-Cortes-19dsm25-l-Trn-Jzz-lt-lt.jpg?resize=350%2C200&ssl=1","width":350,"height":200,"srcset":"https:\/\/i0.wp.com\/tomajazz.com\/web\/wp-content\/uploads\/2026\/02\/destacada-06-Crl-Gnzlz-6t-Photo-By-Joan-Cortes-19dsm25-l-Trn-Jzz-lt-lt.jpg?resize=350%2C200&ssl=1 1x, https:\/\/i0.wp.com\/tomajazz.com\/web\/wp-content\/uploads\/2026\/02\/destacada-06-Crl-Gnzlz-6t-Photo-By-Joan-Cortes-19dsm25-l-Trn-Jzz-lt-lt.jpg?resize=525%2C300&ssl=1 1.5x"},"classes":[]},{"id":104979,"url":"https:\/\/tomajazz.com\/web\/dave-holland-vital-spark-2026\/","url_meta":{"origin":883,"position":4},"title":"Dave Holland: Vital Spark (Music of Kenny Wheeler) (Edition Records, 2026) Por Carlos Lara [Grabaci\u00f3n de jazz]","author":"Tomajazz","date":"20 abril, 2026","format":false,"excerpt":"Vital Spark (Music of Kenny Wheeler) (Edition Records, 2026) es la nueva grabaci\u00f3n de Dave Holland. Carlos Lara repasa la grabaci\u00f3n. Con Norma Winstone, Mark Lockheart, John Parricelli, Nikki Iles, Dave Holland, James Maddren, The London Vocal Project","rel":"","context":"En \u00abGrabaciones...\u00bb","block_context":{"text":"Grabaciones...","link":"https:\/\/tomajazz.com\/web\/category\/contenidos\/textos\/grabaciones\/"},"img":{"alt_text":"Dave Holland: Vital Spark (Music of Kenny Wheeler) (Edition Records, 2026) Por Carlos Lara [Grabaci\u00f3n de jazz] - Tomajazz - Vital Spark (Music of Kenny Wheeler) (Edition Records, 2026) es la nueva grabaci\u00f3n de Dave Holland. Carlos Lara repasa la grabaci\u00f3n. Con Norma Winstone, Mark Lockheart, John Parricelli, Nikki Iles, Dave Holland, James Maddren, The London Vocal Project \n","src":"https:\/\/i0.wp.com\/tomajazz.com\/web\/wp-content\/uploads\/2026\/04\/Dave-Holland-Vital-Spark-Music-of-Kenny-Wheeler-Edition-Records-2026.jpg?resize=350%2C200&ssl=1","width":350,"height":200,"srcset":"https:\/\/i0.wp.com\/tomajazz.com\/web\/wp-content\/uploads\/2026\/04\/Dave-Holland-Vital-Spark-Music-of-Kenny-Wheeler-Edition-Records-2026.jpg?resize=350%2C200&ssl=1 1x, https:\/\/i0.wp.com\/tomajazz.com\/web\/wp-content\/uploads\/2026\/04\/Dave-Holland-Vital-Spark-Music-of-Kenny-Wheeler-Edition-Records-2026.jpg?resize=525%2C300&ssl=1 1.5x, https:\/\/i0.wp.com\/tomajazz.com\/web\/wp-content\/uploads\/2026\/04\/Dave-Holland-Vital-Spark-Music-of-Kenny-Wheeler-Edition-Records-2026.jpg?resize=700%2C400&ssl=1 2x"},"classes":[]},{"id":103528,"url":"https:\/\/tomajazz.com\/web\/barcelona-art-orchestra-57-festival-de-jazz-de-barcelona-2025\/","url_meta":{"origin":883,"position":5},"title":"Barcelona Art Orchestra -BAO- &#038; Miguel Zen\u00f3n \u201cExpressions\u201d (57\u00e8 Festival de Jazz de Barcelona \/ L\u2019Auditori -S2OM-, 2025-11-29 \/ Barcelona) [09] Por Joan Cort\u00e8s [INSTANTZZ AKA Galer\u00eda fotogr\u00e1fica AKA Fotoblog de jazz, impro\u2026 y algo m\u00e1s]","author":"Tomajazz","date":"18 enero, 2026","format":false,"excerpt":"Barcelona Art Orchestra -BAO- & Miguel Zen\u00f3n \u201cExpressions\u201d actuaron en el 57\u00e8 Festival de Jazz de Barcelona 2026 en L\u2019Auditori, el 29 de noviembre de 2025. Joan Cort\u00e8s lo retrata en INSTANTZZ","rel":"","context":"En \u00ab57 Festival de Jazz de Barcelona 2025\u00bb","block_context":{"text":"57 Festival de Jazz de Barcelona 2025","link":"https:\/\/tomajazz.com\/web\/category\/contenidos\/especial-contenidos\/57-festival-de-jazz-de-barcelona-2025\/"},"img":{"alt_text":"Barcelona Art Orchestra -BAO- & Miguel Zen\u00f3n \u201cExpressions\u201d (57\u00e8 Festival de Jazz de Barcelona \/ L\u2019Auditori -S2OM-, 2025-11-29 \/ Barcelona) [09] Por Joan Cort\u00e8s [INSTANTZZ AKA Galer\u00eda fotogr\u00e1fica AKA Fotoblog de jazz, impro\u2026 y algo m\u00e1s] - Tomajazz - Barcelona Art Orchestra -BAO- & Miguel Zen\u00f3n \u201cExpressions\u201d actuaron en el 57\u00e8 Festival de Jazz de Barcelona 2026 en L\u2019Auditori, el 29 de noviembre de 2025. Joan Cort\u00e8s lo retrata en INSTANTZZ","src":"https:\/\/i0.wp.com\/tomajazz.com\/web\/wp-content\/uploads\/2026\/01\/11-Bc-rt-ch-Mgl-Znn-%C2%A9Joan-Cortes-29ctb25-L-dtr-S2-Bcn.jpg?resize=350%2C200&ssl=1","width":350,"height":200,"srcset":"https:\/\/i0.wp.com\/tomajazz.com\/web\/wp-content\/uploads\/2026\/01\/11-Bc-rt-ch-Mgl-Znn-%C2%A9Joan-Cortes-29ctb25-L-dtr-S2-Bcn.jpg?resize=350%2C200&ssl=1 1x, https:\/\/i0.wp.com\/tomajazz.com\/web\/wp-content\/uploads\/2026\/01\/11-Bc-rt-ch-Mgl-Znn-%C2%A9Joan-Cortes-29ctb25-L-dtr-S2-Bcn.jpg?resize=525%2C300&ssl=1 1.5x"},"classes":[]}],"_links":{"self":[{"href":"https:\/\/tomajazz.com\/web\/wp-json\/wp\/v2\/posts\/883","targetHints":{"allow":["GET"]}}],"collection":[{"href":"https:\/\/tomajazz.com\/web\/wp-json\/wp\/v2\/posts"}],"about":[{"href":"https:\/\/tomajazz.com\/web\/wp-json\/wp\/v2\/types\/post"}],"author":[{"embeddable":true,"href":"https:\/\/tomajazz.com\/web\/wp-json\/wp\/v2\/users\/4"}],"replies":[{"embeddable":true,"href":"https:\/\/tomajazz.com\/web\/wp-json\/wp\/v2\/comments?post=883"}],"version-history":[{"count":3,"href":"https:\/\/tomajazz.com\/web\/wp-json\/wp\/v2\/posts\/883\/revisions"}],"predecessor-version":[{"id":13791,"href":"https:\/\/tomajazz.com\/web\/wp-json\/wp\/v2\/posts\/883\/revisions\/13791"}],"wp:featuredmedia":[{"embeddable":true,"href":"https:\/\/tomajazz.com\/web\/wp-json\/wp\/v2\/media\/13790"}],"wp:attachment":[{"href":"https:\/\/tomajazz.com\/web\/wp-json\/wp\/v2\/media?parent=883"}],"wp:term":[{"taxonomy":"category","embeddable":true,"href":"https:\/\/tomajazz.com\/web\/wp-json\/wp\/v2\/categories?post=883"},{"taxonomy":"post_tag","embeddable":true,"href":"https:\/\/tomajazz.com\/web\/wp-json\/wp\/v2\/tags?post=883"}],"curies":[{"name":"wp","href":"https:\/\/api.w.org\/{rel}","templated":true}]}}