{"id":8840,"date":"2013-10-29T11:20:07","date_gmt":"2013-10-29T10:20:07","guid":{"rendered":"http:\/\/www.tomajazz.com\/web\/?p=8840"},"modified":"2016-11-13T16:00:50","modified_gmt":"2016-11-13T15:00:50","slug":"de-la-purissima-32o-festival-de-jazz-san-juan-evangelista-colegio-mayor-san-juan-evangelista-madrid-2013-10-25","status":"publish","type":"post","link":"https:\/\/tomajazz.com\/web\/de-la-purissima-32o-festival-de-jazz-san-juan-evangelista-colegio-mayor-san-juan-evangelista-madrid-2013-10-25\/","title":{"rendered":"De la Purissima (32\u00ba Festival de Jazz San Juan Evangelista, Madrid. 2013-10-25)"},"content":{"rendered":"<p>32\u00ba Festival de Jazz San Juan Evangelista. \u201cLo nuestro, comp\u00e1s y feeling\u201d<\/p>\n<ul>\n<li>Fecha: 25 de octubre de 2013.<\/li>\n<li>Lugar: Colegio Mayor San Juan Evangelista (Madrid)<\/li>\n<li>Grupo:<br \/>\n<span style=\"font-size: 13px; line-height: 19px;\">Julia de Castro: voz<br \/>\n<\/span>Jorge Vera: piano y teclados<br \/>\n<span style=\"font-size: 13px; line-height: 19px;\">Miguel Rodriga\u00f1ez: contrabajo<br \/>\n<\/span>Gonzalo Maestre: bater\u00eda<\/li>\n<\/ul>\n<p style=\"text-align: justify;\">Comentario: El San Juan Evangelista ha vuelto a abrir sus puertas a los aficionados en una nueva cita que en estas fechas siempre ha coincidido con la ca\u00edda de la hoja, ya en plena estaci\u00f3n oto\u00f1al, cuando las aceras se cubren de ese amarillo sucio y h\u00famedo que a m\u00e1s de uno le ha provocado una costalada.<\/p>\n<p style=\"text-align: center;\"><a href=\"http:\/\/www.tomajazz.com\/web\/?attachment_id=8841\" rel=\"attachment wp-att-8841\"><img loading=\"lazy\" decoding=\"async\" class=\"aligncenter size-full wp-image-8841\" alt=\"De la Purissima_peq\" src=\"http:\/\/www.tomajazz.com\/web\/wp-content\/uploads\/2013\/10\/De-la-Purissima_peq.jpg\" width=\"576\" height=\"384\" title=\"\" srcset=\"https:\/\/tomajazz.com\/web\/wp-content\/uploads\/2013\/10\/De-la-Purissima_peq.jpg 576w, https:\/\/tomajazz.com\/web\/wp-content\/uploads\/2013\/10\/De-la-Purissima_peq-150x100.jpg 150w, https:\/\/tomajazz.com\/web\/wp-content\/uploads\/2013\/10\/De-la-Purissima_peq-300x200.jpg 300w, https:\/\/tomajazz.com\/web\/wp-content\/uploads\/2013\/10\/De-la-Purissima_peq-82x55.jpg 82w, https:\/\/tomajazz.com\/web\/wp-content\/uploads\/2013\/10\/De-la-Purissima_peq-60x40.jpg 60w, https:\/\/tomajazz.com\/web\/wp-content\/uploads\/2013\/10\/De-la-Purissima_peq-120x80.jpg 120w\" sizes=\"auto, (max-width: 576px) 100vw, 576px\" \/><\/a><\/p>\n<p style=\"text-align: justify;\">Respirando el aroma nocturno de la Ciudad Universitaria me vienen a la cabeza los acordes de \u201cAutumm Leaves\u201d, con el sonido inconfundible de Paul Desmond junto a la punzante trompeta de Chet Baker. Es oto\u00f1o otra vez y la m\u00fasica en el\u00a0<i>Johnny\u00a0<\/i>vuelve a su escenario habitual. Son ya 32 ediciones, pero muchos m\u00e1s los a\u00f1os de navegaci\u00f3n para su gran valedor, Alejandro Reyes. Mucho tiempo pilotando una nave, que unas veces ha tenido el viento favorable y otras como ahora, muy en contra. Sobran m\u00e1s palabras. Hay un buen recorrido por la trayectoria de este Festival en su p\u00e1gina web. La historia del San Juan son miles de historias personales. Cada uno tiene su historia del San Juan Evangelista. Est\u00e1 presente de forma constante en sus paredes para que los locos amantes del jazz vean reflejada su propia vida en los nombres que han pisado sus tablas. Que cada cual haga memoria y rememore sus vivencias, porque recordar es emocionante.<\/p>\n<p style=\"text-align: justify;\">Llegados a este octubre de 2013, rodeados de las dificultades que ya sabemos y padecemos, volvamos a la realidad y dejemos de lado la cr\u00f3nica sentimental para hacer menci\u00f3n a esta edici\u00f3n reci\u00e9n estrenada con el lema \u201cLo nuestro, comp\u00e1s y feeling\u201d. Alejandro Reyes ha resumido la situaci\u00f3n diciendo que \u201cen estos tiempos de penuria econ\u00f3mica hemos apostado por actuaciones frescas e innovadoras\u201d.<\/p>\n<p style=\"text-align: justify;\">El cuarteto De la Pur\u00edsima, fue el encargado de abrir el Festival con un espect\u00e1culo provocador, lleno de teatralidad, erotismo y m\u00fasica. Julia de Castro, cantante y letrista, es adem\u00e1s actriz, por lo que sabe jugar sus bazas interpretativas en esta especie de \u201cpastiche\u201d lleno de g\u00e9neros que incitan a la basta sonrisa, por no decir a la abierta carcajada. Una mujer que, con aires dominadores, est\u00e1 pendiente de la reacci\u00f3n del p\u00fablico, de la puerta y de los ruidos de los asientos. Algo en lo que se parece a Keith Jarrett.<\/p>\n<p style=\"text-align: justify;\">El grupo lo fundaron hace cuatro a\u00f1os Julia de Castro y el contrabajista Miguel Rodrig\u00e1\u00f1ez. Ella ama el cupl\u00e9, la copla y lo \u201cca\u00f1\u00ed\u201d y \u00e9l es compositor y amante del \u201c<i>swing<\/i>\u201d. Se unen el pianista y el bater\u00eda y ha nacido el \u201ccupl\u00e9 jazz\u201d o el \u201cjazz ca\u00f1\u00ed\u201d. Como alguien ha sugerido, Charlie Parker conoce a La Chelito y trasladan la idea a la tierra a trav\u00e9s de sendas apariciones nocturnas.<\/p>\n<p style=\"text-align: justify;\">G\u00e9nero muy asociado a Madrid, como el chotis, el cupl\u00e9 formaba parte de los espect\u00e1culos de variedades nacidos a primeros del siglo XX influenciados por el\u00a0<i>Mouline Rouge<\/i>\u00a0parisino. En esas representaciones, una de las reinas era La Chelito, que recitaba poes\u00eda, interpretaba, cantaba y pon\u00eda a la vista todos sus encantos femeninos. Por supuesto, las letras de las canciones tambi\u00e9n jugaban un importante papel. Cuanto m\u00e1s atrevidas mejor.<\/p>\n<p style=\"text-align: justify;\">Julia de Castro recita, cuenta historias, canta, improvisa y tambi\u00e9n pone al descubierto sus se\u00f1as de identidad femeninas. Aunque veamos sus virtudes, \u00e9stas s\u00f3lo pertenecen a sus once amantes que, como reflejan sus canciones, se encuentran no localizadas. Temas populares del folclore como \u201cLa Violetera\u201d, \u201cLa chica el 17\u201d, o \u201cLa Pulga\u201d, tambi\u00e9n forman parte del repertorio h\u00edbrido que compone este espect\u00e1culo. Para ello se vale de una secci\u00f3n r\u00edtmica que aporta su visi\u00f3n jazz\u00edstica de cada una de las canciones interpretadas, d\u00e1ndole la mano de barniz moderna que requieran en cada momento. Todo es posible en esta \u201cperformance\u201d er\u00f3tico-festiva con tr\u00edo, musical, se entiende, que representa \u201cDe la Pur\u00edsima\u201d.<\/p>\n<p style=\"text-align: right;\">Texto:\u00a0\u00a9\u00a0Carlos Lara, 2013<br \/>\nFotograf\u00eda:\u00a0\u00a9\u00a0Manuel Naranjo Martell, 2013<\/p>\n","protected":false},"excerpt":{"rendered":"<p>32\u00ba Festival de Jazz San Juan Evangelista. \u201cLo nuestro, comp\u00e1s y feeling\u201d Fecha: 25 de octubre de 2013. Lugar: Colegio Mayor San Juan Evangelista (Madrid) Grupo: Julia de Castro: voz Jorge Vera: piano y teclados Miguel Rodriga\u00f1ez: contrabajo Gonzalo Maestre: bater\u00eda Comentario: El San Juan Evangelista ha vuelto a abrir<span class=\"more-link\"><a href=\"https:\/\/tomajazz.com\/web\/de-la-purissima-32o-festival-de-jazz-san-juan-evangelista-colegio-mayor-san-juan-evangelista-madrid-2013-10-25\/\">Contin\u00faa leyendo<\/a><\/span><\/p>\n","protected":false},"author":1,"featured_media":8841,"comment_status":"open","ping_status":"closed","sticky":false,"template":"","format":"standard","meta":{"jetpack_post_was_ever_published":false,"_jetpack_newsletter_access":"","_jetpack_dont_email_post_to_subs":true,"_jetpack_newsletter_tier_id":0,"_jetpack_memberships_contains_paywalled_content":false,"_jetpack_memberships_contains_paid_content":false,"footnotes":""},"categories":[17849,4,1038],"tags":[7651,84,7657,7656,7655,6568,7652,186,7650,7654,16099,16100],"class_list":["entry","author-pachi","post-8840","post","type-post","status-publish","format-standard","has-post-thumbnail","category-carlos-lara","category-conciertos","category-contenidos","tag-32o-festival-de-jazz-san-juan-evangelista","tag-carlos-lara","tag-colegio-mayor-san-juan-evangelista","tag-de-la-purissima","tag-gonzalo-maestre","tag-jorge-vera","tag-julia-de-castro","tag-madrid","tag-manuel-naranjo-martell","tag-miguel-rodriganez","tag-toma-jazz","tag-tomajazz-toma-jazz"],"jetpack_featured_media_url":"https:\/\/tomajazz.com\/web\/wp-content\/uploads\/2013\/10\/De-la-Purissima_peq.jpg","jetpack_likes_enabled":true,"jetpack_sharing_enabled":true,"jetpack-related-posts":[{"id":102870,"url":"https:\/\/tomajazz.com\/web\/alejandro-reyes-1944-2025-in-memoriam\/","url_meta":{"origin":8840,"position":0},"title":"Alejandro Reyes (1944-2025) In Memoriam","author":"Tomajazz","date":"22 diciembre, 2025","format":false,"excerpt":"Alejandro Reyes, el gran dinamizador del Jazz y del Flamenco desde el m\u00edtico Johnny con ese a\u00f1orado Club de M\u00fasica y Jazz San Juan Evangelista de Madrid, fallec\u00eda el 17 de diciembre de 2025 en su Almer\u00eda natal. Desde Tomajazz le rendimos homenaje con una cita y una imagen de\u2026","rel":"","context":"En \u00ab*_Sergio Cabanillas\u00bb","block_context":{"text":"*_Sergio Cabanillas","link":"https:\/\/tomajazz.com\/web\/category\/sergio-cabanillas\/"},"img":{"alt_text":"Alejandro Reyes (1944-2025) In Memoriam - Tomajazz - Alejandro Reyes, el gran dinamizador del Jazz y del Flamenco desde el m\u00edtico Johnny con ese a\u00f1orado Club de M\u00fasica y Jazz San Juan Evangelista de Madrid, fallec\u00eda el 17 de diciembre de 2025 en su Almer\u00eda natal. Desde Tomajazz le rendimos homenaje con una cita y una imag","src":"https:\/\/i0.wp.com\/tomajazz.com\/web\/wp-content\/uploads\/2025\/12\/ALEJANDRO-REYES-7625-2025-1.jpg?resize=350%2C200&ssl=1","width":350,"height":200,"srcset":"https:\/\/i0.wp.com\/tomajazz.com\/web\/wp-content\/uploads\/2025\/12\/ALEJANDRO-REYES-7625-2025-1.jpg?resize=350%2C200&ssl=1 1x, https:\/\/i0.wp.com\/tomajazz.com\/web\/wp-content\/uploads\/2025\/12\/ALEJANDRO-REYES-7625-2025-1.jpg?resize=525%2C300&ssl=1 1.5x, https:\/\/i0.wp.com\/tomajazz.com\/web\/wp-content\/uploads\/2025\/12\/ALEJANDRO-REYES-7625-2025-1.jpg?resize=700%2C400&ssl=1 2x"},"classes":[]},{"id":9013,"url":"https:\/\/tomajazz.com\/web\/jorge-pardo-32o-festival-de-jazz-san-juan-evangelista-madrid-2013-11-02\/","url_meta":{"origin":8840,"position":1},"title":"Jorge Pardo (32\u00ba Festival de Jazz San Juan Evangelista, Madrid. 2013-11-02)","author":"Tomajazz","date":"5 noviembre, 2013","format":false,"excerpt":"32\u00ba Festival de Jazz San Juan Evangelista. \u201cLo nuestro, comp\u00e1s y feeling\u201d Fecha: 2 de noviembre de 2013. Lugar: Colegio Mayor San Juan Evangelista (Madrid) Grupo: Jorge Pardo:\u00a0saxos tenor, soprano y flauta travesera Flavio Rodr\u00edguez: guitarra flamenca Jos\u00e9 Manuel Ruiz Motos \u201cBandolero\u201d: bater\u00eda y\u00a0percusi\u00f3n Pablo Mart\u00edn Caminero:\u00a0contrabajo David Pastor:\u00a0trompeta \u00a0\u2026","rel":"","context":"En \u00ab*_Enrique Farelo\u00bb","block_context":{"text":"*_Enrique Farelo","link":"https:\/\/tomajazz.com\/web\/category\/enrique-farelo\/"},"img":{"alt_text":"","src":"https:\/\/i0.wp.com\/tomajazz.com\/web\/wp-content\/uploads\/2013\/11\/JORGE_PARDO_GRUPO_5663_CABANIJAZZ.jpg?resize=350%2C200&ssl=1","width":350,"height":200},"classes":[]},{"id":411,"url":"https:\/\/tomajazz.com\/web\/cecilia-krull-quintet-la-universalidad-del-jazz-fuente-de-renovacion-y-futuro19%c2%ba-ciclo-jazz-es-primavera-ii-festival-eurojazz-2011-ellas-crean\/","url_meta":{"origin":8840,"position":2},"title":"CECILIA KRULL QUINTET. \u00abLa universalidad del jazz fuente de renovaci\u00f3n y futuro\u201d. 19\u00ba Ciclo Jazz es Primavera-II Festival Eurojazz 2011. Ellas crean. C.M.U. San Juan Evangelista (Madrid).","author":"Autor1","date":"19 marzo, 2011","format":false,"excerpt":"\u00a0 La cantante madrile\u00f1a Cecilia Krull forma parte de esa pl\u00e9yade de voces femeninas que intentan hacerse un hueco en el panorama del jazz nacional. A pesar de su juventud, inici\u00f3 su carrera profesional hace 15 a\u00f1os, aunque no siempre ha estado ligada al jazz. Es evidente que su inter\u00e9s\u2026","rel":"","context":"En \u00abConciertos...\u00bb","block_context":{"text":"Conciertos...","link":"https:\/\/tomajazz.com\/web\/category\/contenidos\/textos\/conciertos\/"},"img":{"alt_text":"","src":"https:\/\/i0.wp.com\/www.tomajazz.com\/web\/wp-content\/uploads\/2011\/03\/cecilia_krull_quintet-300x200.jpg?resize=350%2C200","width":350,"height":200},"classes":[]},{"id":1828,"url":"https:\/\/tomajazz.com\/web\/agusti-fernandez-aurora-trio-31o-festival-de-jazz-san-juan-evangelista-2012-madrid-11-xi-2012\/","url_meta":{"origin":8840,"position":3},"title":"Agust\u00ed Fern\u00e1ndez Aurora Trio (31\u00ba Festival de Jazz San Juan Evangelista 2012, Madrid, 11-XI-2012)","author":"Tomajazz","date":"11 noviembre, 2012","format":false,"excerpt":"31\u00ba Festival de Jazz San Juan Evangelista 2012. \u201cLa improvisaci\u00f3n esencia y magia del Jazz\u201d Fecha:\u00a011 de noviembre de 2012. Lugar:\u00a0C.M.U. San Juan Evangelista (Madrid). Componentes: Agust\u00ed Fern\u00e1ndez: piano Barry Guy: contrabajo Ram\u00f3n L\u00f3pez: bater\u00eda Comentario: En un gesto de heroicidad sin parang\u00f3n el Colegio Mayor San Juan Evangelista, el\u2026","rel":"","context":"En \u00ab*_Arturo Mora Rioja\u00bb","block_context":{"text":"*_Arturo Mora Rioja","link":"https:\/\/tomajazz.com\/web\/category\/arturo-mora-rioja\/"},"img":{"alt_text":"","src":"https:\/\/i0.wp.com\/tomajazz.com\/web\/wp-content\/uploads\/2013\/01\/fernandez_guy_lopez_7318.jpg?resize=350%2C200&ssl=1","width":350,"height":200},"classes":[]},{"id":447,"url":"https:\/\/tomajazz.com\/web\/avishai-cohen-trio-concierto-especial-40-aniversario-del-club-de-musica-y-jazz-san-juan-evangelista-madrid-30-iv-2011\/","url_meta":{"origin":8840,"position":4},"title":"Avishai Cohen Trio (concierto especial 40 aniversario del Club de m\u00fasica y jazz San Juan Evangelista, Madrid, 30-IV-2011)","author":"Tomajazz","date":"4 mayo, 2011","format":false,"excerpt":"El Johnny no est\u00e1 solo. Lleno absoluto en el San Juan para celebrar su cuadrag\u00e9simo aniversario. Al fondo del escenario un cartel dec\u00eda, orgulloso: \u201cMedalla de Oro al m\u00e9rito en las Bellas Artes 2010 al Club de m\u00fasica y jazz San Juan Evangelista\u201d. A la entrada de la sala, recogida\u2026","rel":"","context":"En \u00ab*_Arturo Mora Rioja\u00bb","block_context":{"text":"*_Arturo Mora Rioja","link":"https:\/\/tomajazz.com\/web\/category\/arturo-mora-rioja\/"},"img":{"alt_text":"Avishai Cohen Trio. Concierto especial 40\u00ba Aniversario Club de m\u00fasica y jazz San Juan Evangelista. C.M.U. San Juan Evangelista (Madrid). 30 de abril de 2011. \u00a9 2011 Sergio Cabanillas","src":"https:\/\/i0.wp.com\/tomajazz.com\/web\/wp-content\/uploads\/2011\/05\/avishai_cohen_trio.jpg?resize=350%2C200&ssl=1","width":350,"height":200},"classes":[]},{"id":10404,"url":"https:\/\/tomajazz.com\/web\/tomajazz-recupera-el-san-juan-evangelista-premia-a-pachi-tapiz\/","url_meta":{"origin":8840,"position":5},"title":"Tomajazz recupera&#8230; El San Juan Evangelista premia a Pachi Tapiz","author":"Tomajazz","date":"12 febrero, 2014","format":false,"excerpt":"A la finalizaci\u00f3n del concierto de John Scofield Trio + Horns el pasado 16 de abril de 2008, el Club de M\u00fasica y Jazz San Juan Evangelista (el popular \u201cJohnny\u201d), de Madrid, celebr\u00f3 el vigesimoquinto aniversario de la colaboraci\u00f3n que le une a El Corte Ingl\u00e9s, y cuyo patrocinio comenz\u00f3\u2026","rel":"","context":"En \u00ab*_Arturo Mora Rioja\u00bb","block_context":{"text":"*_Arturo Mora Rioja","link":"https:\/\/tomajazz.com\/web\/category\/arturo-mora-rioja\/"},"img":{"alt_text":"Pachi Tapiz y parte del equipo de Tomajazz en Madrid con la estatu\u00edlla. De izquierda a derecha: Enrique Farelo, Sergio Cabanillas, Pachi Tapiz, Arturo Mora y Carlos Lara \u00a9 Javier Nombela, 2008","src":"https:\/\/i0.wp.com\/tomajazz.com\/web\/wp-content\/uploads\/2014\/02\/tomajazz_madrid.jpg?resize=350%2C200&ssl=1","width":350,"height":200},"classes":[]}],"_links":{"self":[{"href":"https:\/\/tomajazz.com\/web\/wp-json\/wp\/v2\/posts\/8840","targetHints":{"allow":["GET"]}}],"collection":[{"href":"https:\/\/tomajazz.com\/web\/wp-json\/wp\/v2\/posts"}],"about":[{"href":"https:\/\/tomajazz.com\/web\/wp-json\/wp\/v2\/types\/post"}],"author":[{"embeddable":true,"href":"https:\/\/tomajazz.com\/web\/wp-json\/wp\/v2\/users\/1"}],"replies":[{"embeddable":true,"href":"https:\/\/tomajazz.com\/web\/wp-json\/wp\/v2\/comments?post=8840"}],"version-history":[{"count":4,"href":"https:\/\/tomajazz.com\/web\/wp-json\/wp\/v2\/posts\/8840\/revisions"}],"predecessor-version":[{"id":8996,"href":"https:\/\/tomajazz.com\/web\/wp-json\/wp\/v2\/posts\/8840\/revisions\/8996"}],"wp:featuredmedia":[{"embeddable":true,"href":"https:\/\/tomajazz.com\/web\/wp-json\/wp\/v2\/media\/8841"}],"wp:attachment":[{"href":"https:\/\/tomajazz.com\/web\/wp-json\/wp\/v2\/media?parent=8840"}],"wp:term":[{"taxonomy":"category","embeddable":true,"href":"https:\/\/tomajazz.com\/web\/wp-json\/wp\/v2\/categories?post=8840"},{"taxonomy":"post_tag","embeddable":true,"href":"https:\/\/tomajazz.com\/web\/wp-json\/wp\/v2\/tags?post=8840"}],"curies":[{"name":"wp","href":"https:\/\/api.w.org\/{rel}","templated":true}]}}