{"id":89488,"date":"2024-09-18T12:00:12","date_gmt":"2024-09-18T10:00:12","guid":{"rendered":"https:\/\/www.tomajazz.com\/web\/?p=89488"},"modified":"2024-09-17T20:03:31","modified_gmt":"2024-09-17T18:03:31","slug":"terri-lyne-carrington-vitoria-2024","status":"publish","type":"post","link":"https:\/\/tomajazz.com\/web\/terri-lyne-carrington-vitoria-2024\/","title":{"rendered":"Terri Lyne Carrington (47 Festival de Jazz de Vitoria &#8211; Gasteiz. 2024-07-17) Por Jos\u00e9 Luis Luna Rocafort [INSTANTZZ AKA Galer\u00eda fotogr\u00e1fica AKA Fotoblog de jazz, impro\u2026 y algo m\u00e1s]"},"content":{"rendered":"<h3>Terri Lyne Carrington<\/h3>\n<h3>47 Festival de Jazz de Vitoria &#8211; Gasteiz 2024<\/h3>\n<ul>\n<li>Fecha: Mi\u00e9rcoles, 17 de julio de 2024. 20:30h.<\/li>\n<li>Lugar: Polideportivo Mendizorrotza<\/li>\n<li>Formaci\u00f3n:<br \/>\nTerri Lyne Carrington: bater\u00eda<br \/>\nMilena Casado: trompeta, fliscorno, voz<br \/>\nAaron Parks: piano<br \/>\nMats Sandahl: contrabajo<br \/>\nChristiana Hunte: baile, recitado<\/li>\n<\/ul>\n<p style=\"text-align: center;\"><img loading=\"lazy\" decoding=\"async\" class=\"aligncenter size-full wp-image-89489\" title=\"Terri Lyne Carrington (47 Festival de Jazz de Vitoria - Gasteiz. 2024-07-17) Por Jos\u00e9 Luis Luna Rocafort [INSTANTZZ AKA Galer\u00eda fotogr\u00e1fica AKA Fotoblog de jazz, impro\u2026 y algo m\u00e1s] Tomajazz 001\" src=\"https:\/\/tomajazz.com\/web\/wp-content\/uploads\/2024\/09\/001-14.jpg\" alt=\"Terri Lyne Carrington (47 Festival de Jazz de Vitoria - Gasteiz. 2024-07-17) Por Jos\u00e9 Luis Luna Rocafort [INSTANTZZ AKA Galer\u00eda fotogr\u00e1fica AKA Fotoblog de jazz, impro\u2026 y algo m\u00e1s] - Tomajazz - Terri Lyne Carrington actu\u00f3 en el 47 Festival de Jazz de Vitoria - Gasteiz, el17 de julio de 2024. Jos\u00e9 Luis Luna Rocafort retrata a la baterista en INSTANTZZ. Actuaron Terri Lyne Carrington,Milena Casado, Aaron Parks, Mats Sandahl, Christiana Hunte\" width=\"600\" height=\"400\" srcset=\"https:\/\/tomajazz.com\/web\/wp-content\/uploads\/2024\/09\/001-14.jpg 600w, https:\/\/tomajazz.com\/web\/wp-content\/uploads\/2024\/09\/001-14-300x200.jpg 300w, https:\/\/tomajazz.com\/web\/wp-content\/uploads\/2024\/09\/001-14-465x310.jpg 465w\" sizes=\"auto, (max-width: 600px) 100vw, 600px\" \/><\/p>\n<p><img loading=\"lazy\" decoding=\"async\" class=\"aligncenter size-large wp-image-89490\" title=\"Terri Lyne Carrington (47 Festival de Jazz de Vitoria - Gasteiz. 2024-07-17) Por Jos\u00e9 Luis Luna Rocafort [INSTANTZZ AKA Galer\u00eda fotogr\u00e1fica AKA Fotoblog de jazz, impro\u2026 y algo m\u00e1s] Tomajazz 002\" src=\"https:\/\/tomajazz.com\/web\/wp-content\/uploads\/2024\/09\/002-14.jpg\" alt=\"Terri Lyne Carrington (47 Festival de Jazz de Vitoria - Gasteiz. 2024-07-17) Por Jos\u00e9 Luis Luna Rocafort [INSTANTZZ AKA Galer\u00eda fotogr\u00e1fica AKA Fotoblog de jazz, impro\u2026 y algo m\u00e1s] - Tomajazz - Terri Lyne Carrington actu\u00f3 en el 47 Festival de Jazz de Vitoria - Gasteiz, el17 de julio de 2024. Jos\u00e9 Luis Luna Rocafort retrata a la baterista en INSTANTZZ. Actuaron Terri Lyne Carrington,Milena Casado, Aaron Parks, Mats Sandahl, Christiana Hunte\" width=\"600\" height=\"400\" srcset=\"https:\/\/tomajazz.com\/web\/wp-content\/uploads\/2024\/09\/002-14.jpg 600w, https:\/\/tomajazz.com\/web\/wp-content\/uploads\/2024\/09\/002-14-300x200.jpg 300w, https:\/\/tomajazz.com\/web\/wp-content\/uploads\/2024\/09\/002-14-465x310.jpg 465w\" sizes=\"auto, (max-width: 600px) 100vw, 600px\" \/><\/p>\n<p><img loading=\"lazy\" decoding=\"async\" class=\"aligncenter size-large wp-image-89491\" title=\"Terri Lyne Carrington (47 Festival de Jazz de Vitoria - Gasteiz. 2024-07-17) Por Jos\u00e9 Luis Luna Rocafort [INSTANTZZ AKA Galer\u00eda fotogr\u00e1fica AKA Fotoblog de jazz, impro\u2026 y algo m\u00e1s] Tomajazz 003\" src=\"https:\/\/tomajazz.com\/web\/wp-content\/uploads\/2024\/09\/003-14.jpg\" alt=\"Terri Lyne Carrington (47 Festival de Jazz de Vitoria - Gasteiz. 2024-07-17) Por Jos\u00e9 Luis Luna Rocafort [INSTANTZZ AKA Galer\u00eda fotogr\u00e1fica AKA Fotoblog de jazz, impro\u2026 y algo m\u00e1s] - Tomajazz - Terri Lyne Carrington actu\u00f3 en el 47 Festival de Jazz de Vitoria - Gasteiz, el17 de julio de 2024. Jos\u00e9 Luis Luna Rocafort retrata a la baterista en INSTANTZZ. Actuaron Terri Lyne Carrington,Milena Casado, Aaron Parks, Mats Sandahl, Christiana Hunte\" width=\"600\" height=\"400\" srcset=\"https:\/\/tomajazz.com\/web\/wp-content\/uploads\/2024\/09\/003-14.jpg 600w, https:\/\/tomajazz.com\/web\/wp-content\/uploads\/2024\/09\/003-14-300x200.jpg 300w, https:\/\/tomajazz.com\/web\/wp-content\/uploads\/2024\/09\/003-14-465x310.jpg 465w\" sizes=\"auto, (max-width: 600px) 100vw, 600px\" \/><\/p>\n<p><img loading=\"lazy\" decoding=\"async\" class=\"aligncenter size-large wp-image-89492\" title=\"Terri Lyne Carrington (47 Festival de Jazz de Vitoria - Gasteiz. 2024-07-17) Por Jos\u00e9 Luis Luna Rocafort [INSTANTZZ AKA Galer\u00eda fotogr\u00e1fica AKA Fotoblog de jazz, impro\u2026 y algo m\u00e1s] Tomajazz 004\" src=\"https:\/\/tomajazz.com\/web\/wp-content\/uploads\/2024\/09\/004-14.jpg\" alt=\"Terri Lyne Carrington (47 Festival de Jazz de Vitoria - Gasteiz. 2024-07-17) Por Jos\u00e9 Luis Luna Rocafort [INSTANTZZ AKA Galer\u00eda fotogr\u00e1fica AKA Fotoblog de jazz, impro\u2026 y algo m\u00e1s] - Tomajazz - Terri Lyne Carrington actu\u00f3 en el 47 Festival de Jazz de Vitoria - Gasteiz, el17 de julio de 2024. Jos\u00e9 Luis Luna Rocafort retrata a la baterista en INSTANTZZ. Actuaron Terri Lyne Carrington,Milena Casado, Aaron Parks, Mats Sandahl, Christiana Hunte\" width=\"600\" height=\"400\" srcset=\"https:\/\/tomajazz.com\/web\/wp-content\/uploads\/2024\/09\/004-14.jpg 600w, https:\/\/tomajazz.com\/web\/wp-content\/uploads\/2024\/09\/004-14-300x200.jpg 300w, https:\/\/tomajazz.com\/web\/wp-content\/uploads\/2024\/09\/004-14-465x310.jpg 465w\" sizes=\"auto, (max-width: 600px) 100vw, 600px\" \/><\/p>\n<p><img loading=\"lazy\" decoding=\"async\" class=\"aligncenter size-large wp-image-89493\" title=\"Terri Lyne Carrington (47 Festival de Jazz de Vitoria - Gasteiz. 2024-07-17) Por Jos\u00e9 Luis Luna Rocafort [INSTANTZZ AKA Galer\u00eda fotogr\u00e1fica AKA Fotoblog de jazz, impro\u2026 y algo m\u00e1s] Tomajazz 005\" src=\"https:\/\/tomajazz.com\/web\/wp-content\/uploads\/2024\/09\/005-14.jpg\" alt=\"Terri Lyne Carrington (47 Festival de Jazz de Vitoria - Gasteiz. 2024-07-17) Por Jos\u00e9 Luis Luna Rocafort [INSTANTZZ AKA Galer\u00eda fotogr\u00e1fica AKA Fotoblog de jazz, impro\u2026 y algo m\u00e1s] - Tomajazz - Terri Lyne Carrington actu\u00f3 en el 47 Festival de Jazz de Vitoria - Gasteiz, el17 de julio de 2024. Jos\u00e9 Luis Luna Rocafort retrata a la baterista en INSTANTZZ. Actuaron Terri Lyne Carrington,Milena Casado, Aaron Parks, Mats Sandahl, Christiana Hunte\" width=\"600\" height=\"400\" srcset=\"https:\/\/tomajazz.com\/web\/wp-content\/uploads\/2024\/09\/005-14.jpg 600w, https:\/\/tomajazz.com\/web\/wp-content\/uploads\/2024\/09\/005-14-300x200.jpg 300w, https:\/\/tomajazz.com\/web\/wp-content\/uploads\/2024\/09\/005-14-465x310.jpg 465w\" sizes=\"auto, (max-width: 600px) 100vw, 600px\" \/><\/p>\n<p><img loading=\"lazy\" decoding=\"async\" class=\"aligncenter size-large wp-image-89494\" title=\"Terri Lyne Carrington (47 Festival de Jazz de Vitoria - Gasteiz. 2024-07-17) Por Jos\u00e9 Luis Luna Rocafort [INSTANTZZ AKA Galer\u00eda fotogr\u00e1fica AKA Fotoblog de jazz, impro\u2026 y algo m\u00e1s] Tomajazz 006\" src=\"https:\/\/tomajazz.com\/web\/wp-content\/uploads\/2024\/09\/006-14.jpg\" alt=\"Terri Lyne Carrington (47 Festival de Jazz de Vitoria - Gasteiz. 2024-07-17) Por Jos\u00e9 Luis Luna Rocafort [INSTANTZZ AKA Galer\u00eda fotogr\u00e1fica AKA Fotoblog de jazz, impro\u2026 y algo m\u00e1s] - Tomajazz - Terri Lyne Carrington actu\u00f3 en el 47 Festival de Jazz de Vitoria - Gasteiz, el17 de julio de 2024. Jos\u00e9 Luis Luna Rocafort retrata a la baterista en INSTANTZZ. Actuaron Terri Lyne Carrington,Milena Casado, Aaron Parks, Mats Sandahl, Christiana Hunte\" width=\"600\" height=\"400\" srcset=\"https:\/\/tomajazz.com\/web\/wp-content\/uploads\/2024\/09\/006-14.jpg 600w, https:\/\/tomajazz.com\/web\/wp-content\/uploads\/2024\/09\/006-14-300x200.jpg 300w, https:\/\/tomajazz.com\/web\/wp-content\/uploads\/2024\/09\/006-14-465x310.jpg 465w\" sizes=\"auto, (max-width: 600px) 100vw, 600px\" \/><\/p>\n<p><img loading=\"lazy\" decoding=\"async\" class=\"aligncenter size-large wp-image-89495\" title=\"Terri Lyne Carrington (47 Festival de Jazz de Vitoria - Gasteiz. 2024-07-17) Por Jos\u00e9 Luis Luna Rocafort [INSTANTZZ AKA Galer\u00eda fotogr\u00e1fica AKA Fotoblog de jazz, impro\u2026 y algo m\u00e1s] Tomajazz 007\" src=\"https:\/\/tomajazz.com\/web\/wp-content\/uploads\/2024\/09\/007-14.jpg\" alt=\"Terri Lyne Carrington (47 Festival de Jazz de Vitoria - Gasteiz. 2024-07-17) Por Jos\u00e9 Luis Luna Rocafort [INSTANTZZ AKA Galer\u00eda fotogr\u00e1fica AKA Fotoblog de jazz, impro\u2026 y algo m\u00e1s] - Tomajazz - Terri Lyne Carrington actu\u00f3 en el 47 Festival de Jazz de Vitoria - Gasteiz, el17 de julio de 2024. Jos\u00e9 Luis Luna Rocafort retrata a la baterista en INSTANTZZ. Actuaron Terri Lyne Carrington,Milena Casado, Aaron Parks, Mats Sandahl, Christiana Hunte\" width=\"600\" height=\"400\" srcset=\"https:\/\/tomajazz.com\/web\/wp-content\/uploads\/2024\/09\/007-14.jpg 600w, https:\/\/tomajazz.com\/web\/wp-content\/uploads\/2024\/09\/007-14-300x200.jpg 300w, https:\/\/tomajazz.com\/web\/wp-content\/uploads\/2024\/09\/007-14-465x310.jpg 465w\" sizes=\"auto, (max-width: 600px) 100vw, 600px\" \/><\/p>\n<p><img loading=\"lazy\" decoding=\"async\" class=\"aligncenter size-large wp-image-89496\" title=\"Terri Lyne Carrington (47 Festival de Jazz de Vitoria - Gasteiz. 2024-07-17) Por Jos\u00e9 Luis Luna Rocafort [INSTANTZZ AKA Galer\u00eda fotogr\u00e1fica AKA Fotoblog de jazz, impro\u2026 y algo m\u00e1s] Tomajazz 008\" src=\"https:\/\/tomajazz.com\/web\/wp-content\/uploads\/2024\/09\/008-14.jpg\" alt=\"Terri Lyne Carrington (47 Festival de Jazz de Vitoria - Gasteiz. 2024-07-17) Por Jos\u00e9 Luis Luna Rocafort [INSTANTZZ AKA Galer\u00eda fotogr\u00e1fica AKA Fotoblog de jazz, impro\u2026 y algo m\u00e1s] - Tomajazz - Terri Lyne Carrington actu\u00f3 en el 47 Festival de Jazz de Vitoria - Gasteiz, el17 de julio de 2024. Jos\u00e9 Luis Luna Rocafort retrata a la baterista en INSTANTZZ. Actuaron Terri Lyne Carrington,Milena Casado, Aaron Parks, Mats Sandahl, Christiana Hunte\" width=\"600\" height=\"400\" srcset=\"https:\/\/tomajazz.com\/web\/wp-content\/uploads\/2024\/09\/008-14.jpg 600w, https:\/\/tomajazz.com\/web\/wp-content\/uploads\/2024\/09\/008-14-300x200.jpg 300w, https:\/\/tomajazz.com\/web\/wp-content\/uploads\/2024\/09\/008-14-465x310.jpg 465w\" sizes=\"auto, (max-width: 600px) 100vw, 600px\" \/><\/p>\n<p><img loading=\"lazy\" decoding=\"async\" class=\"aligncenter size-large wp-image-89497\" title=\"Terri Lyne Carrington (47 Festival de Jazz de Vitoria - Gasteiz. 2024-07-17) Por Jos\u00e9 Luis Luna Rocafort [INSTANTZZ AKA Galer\u00eda fotogr\u00e1fica AKA Fotoblog de jazz, impro\u2026 y algo m\u00e1s] Tomajazz 009\" src=\"https:\/\/tomajazz.com\/web\/wp-content\/uploads\/2024\/09\/009-14.jpg\" alt=\"Terri Lyne Carrington (47 Festival de Jazz de Vitoria - Gasteiz. 2024-07-17) Por Jos\u00e9 Luis Luna Rocafort [INSTANTZZ AKA Galer\u00eda fotogr\u00e1fica AKA Fotoblog de jazz, impro\u2026 y algo m\u00e1s] - Tomajazz - Terri Lyne Carrington actu\u00f3 en el 47 Festival de Jazz de Vitoria - Gasteiz, el17 de julio de 2024. Jos\u00e9 Luis Luna Rocafort retrata a la baterista en INSTANTZZ. Actuaron Terri Lyne Carrington,Milena Casado, Aaron Parks, Mats Sandahl, Christiana Hunte\" width=\"600\" height=\"400\" srcset=\"https:\/\/tomajazz.com\/web\/wp-content\/uploads\/2024\/09\/009-14.jpg 600w, https:\/\/tomajazz.com\/web\/wp-content\/uploads\/2024\/09\/009-14-300x200.jpg 300w, https:\/\/tomajazz.com\/web\/wp-content\/uploads\/2024\/09\/009-14-465x310.jpg 465w\" sizes=\"auto, (max-width: 600px) 100vw, 600px\" \/><\/p>\n<p><img loading=\"lazy\" decoding=\"async\" class=\"aligncenter size-large wp-image-89498\" title=\"Terri Lyne Carrington (47 Festival de Jazz de Vitoria - Gasteiz. 2024-07-17) Por Jos\u00e9 Luis Luna Rocafort [INSTANTZZ AKA Galer\u00eda fotogr\u00e1fica AKA Fotoblog de jazz, impro\u2026 y algo m\u00e1s] Tomajazz 010\" src=\"https:\/\/tomajazz.com\/web\/wp-content\/uploads\/2024\/09\/010-14.jpg\" alt=\"Terri Lyne Carrington (47 Festival de Jazz de Vitoria - Gasteiz. 2024-07-17) Por Jos\u00e9 Luis Luna Rocafort [INSTANTZZ AKA Galer\u00eda fotogr\u00e1fica AKA Fotoblog de jazz, impro\u2026 y algo m\u00e1s] - Tomajazz - Terri Lyne Carrington actu\u00f3 en el 47 Festival de Jazz de Vitoria - Gasteiz, el17 de julio de 2024. Jos\u00e9 Luis Luna Rocafort retrata a la baterista en INSTANTZZ. Actuaron Terri Lyne Carrington,Milena Casado, Aaron Parks, Mats Sandahl, Christiana Hunte\" width=\"600\" height=\"400\" srcset=\"https:\/\/tomajazz.com\/web\/wp-content\/uploads\/2024\/09\/010-14.jpg 600w, https:\/\/tomajazz.com\/web\/wp-content\/uploads\/2024\/09\/010-14-300x200.jpg 300w, https:\/\/tomajazz.com\/web\/wp-content\/uploads\/2024\/09\/010-14-465x310.jpg 465w\" sizes=\"auto, (max-width: 600px) 100vw, 600px\" \/><\/p>\n<p><img loading=\"lazy\" decoding=\"async\" class=\"aligncenter size-large wp-image-89499\" title=\"Terri Lyne Carrington (47 Festival de Jazz de Vitoria - Gasteiz. 2024-07-17) Por Jos\u00e9 Luis Luna Rocafort [INSTANTZZ AKA Galer\u00eda fotogr\u00e1fica AKA Fotoblog de jazz, impro\u2026 y algo m\u00e1s] Tomajazz 011\" src=\"https:\/\/tomajazz.com\/web\/wp-content\/uploads\/2024\/09\/011-14.jpg\" alt=\"Terri Lyne Carrington (47 Festival de Jazz de Vitoria - Gasteiz. 2024-07-17) Por Jos\u00e9 Luis Luna Rocafort [INSTANTZZ AKA Galer\u00eda fotogr\u00e1fica AKA Fotoblog de jazz, impro\u2026 y algo m\u00e1s] - Tomajazz - Terri Lyne Carrington actu\u00f3 en el 47 Festival de Jazz de Vitoria - Gasteiz, el17 de julio de 2024. Jos\u00e9 Luis Luna Rocafort retrata a la baterista en INSTANTZZ. Actuaron Terri Lyne Carrington,Milena Casado, Aaron Parks, Mats Sandahl, Christiana Hunte\" width=\"600\" height=\"400\" srcset=\"https:\/\/tomajazz.com\/web\/wp-content\/uploads\/2024\/09\/011-14.jpg 600w, https:\/\/tomajazz.com\/web\/wp-content\/uploads\/2024\/09\/011-14-300x200.jpg 300w, https:\/\/tomajazz.com\/web\/wp-content\/uploads\/2024\/09\/011-14-465x310.jpg 465w\" sizes=\"auto, (max-width: 600px) 100vw, 600px\" \/><\/p>\n<p><img loading=\"lazy\" decoding=\"async\" class=\"aligncenter size-large wp-image-89500\" title=\"Terri Lyne Carrington (47 Festival de Jazz de Vitoria - Gasteiz. 2024-07-17) Por Jos\u00e9 Luis Luna Rocafort [INSTANTZZ AKA Galer\u00eda fotogr\u00e1fica AKA Fotoblog de jazz, impro\u2026 y algo m\u00e1s] Tomajazz 012\" src=\"https:\/\/tomajazz.com\/web\/wp-content\/uploads\/2024\/09\/012-14.jpg\" alt=\"Terri Lyne Carrington (47 Festival de Jazz de Vitoria - Gasteiz. 2024-07-17) Por Jos\u00e9 Luis Luna Rocafort [INSTANTZZ AKA Galer\u00eda fotogr\u00e1fica AKA Fotoblog de jazz, impro\u2026 y algo m\u00e1s] - Tomajazz - Terri Lyne Carrington actu\u00f3 en el 47 Festival de Jazz de Vitoria - Gasteiz, el17 de julio de 2024. Jos\u00e9 Luis Luna Rocafort retrata a la baterista en INSTANTZZ. Actuaron Terri Lyne Carrington,Milena Casado, Aaron Parks, Mats Sandahl, Christiana Hunte\" width=\"600\" height=\"400\" srcset=\"https:\/\/tomajazz.com\/web\/wp-content\/uploads\/2024\/09\/012-14.jpg 600w, https:\/\/tomajazz.com\/web\/wp-content\/uploads\/2024\/09\/012-14-300x200.jpg 300w, https:\/\/tomajazz.com\/web\/wp-content\/uploads\/2024\/09\/012-14-465x310.jpg 465w\" sizes=\"auto, (max-width: 600px) 100vw, 600px\" \/><\/p>\n<p><img loading=\"lazy\" decoding=\"async\" class=\"aligncenter size-large wp-image-89501\" title=\"Terri Lyne Carrington (47 Festival de Jazz de Vitoria - Gasteiz. 2024-07-17) Por Jos\u00e9 Luis Luna Rocafort [INSTANTZZ AKA Galer\u00eda fotogr\u00e1fica AKA Fotoblog de jazz, impro\u2026 y algo m\u00e1s] Tomajazz 013\" src=\"https:\/\/tomajazz.com\/web\/wp-content\/uploads\/2024\/09\/013-14.jpg\" alt=\"Terri Lyne Carrington (47 Festival de Jazz de Vitoria - Gasteiz. 2024-07-17) Por Jos\u00e9 Luis Luna Rocafort [INSTANTZZ AKA Galer\u00eda fotogr\u00e1fica AKA Fotoblog de jazz, impro\u2026 y algo m\u00e1s] - Tomajazz - Terri Lyne Carrington actu\u00f3 en el 47 Festival de Jazz de Vitoria - Gasteiz, el17 de julio de 2024. Jos\u00e9 Luis Luna Rocafort retrata a la baterista en INSTANTZZ. Actuaron Terri Lyne Carrington,Milena Casado, Aaron Parks, Mats Sandahl, Christiana Hunte\" width=\"600\" height=\"400\" srcset=\"https:\/\/tomajazz.com\/web\/wp-content\/uploads\/2024\/09\/013-14.jpg 600w, https:\/\/tomajazz.com\/web\/wp-content\/uploads\/2024\/09\/013-14-300x200.jpg 300w, https:\/\/tomajazz.com\/web\/wp-content\/uploads\/2024\/09\/013-14-465x310.jpg 465w\" sizes=\"auto, (max-width: 600px) 100vw, 600px\" \/><\/p>\n<p><img loading=\"lazy\" decoding=\"async\" class=\"aligncenter size-large wp-image-89502\" title=\"Terri Lyne Carrington (47 Festival de Jazz de Vitoria - Gasteiz. 2024-07-17) Por Jos\u00e9 Luis Luna Rocafort [INSTANTZZ AKA Galer\u00eda fotogr\u00e1fica AKA Fotoblog de jazz, impro\u2026 y algo m\u00e1s] Tomajazz 014\" src=\"https:\/\/tomajazz.com\/web\/wp-content\/uploads\/2024\/09\/014-14.jpg\" alt=\"Terri Lyne Carrington (47 Festival de Jazz de Vitoria - Gasteiz. 2024-07-17) Por Jos\u00e9 Luis Luna Rocafort [INSTANTZZ AKA Galer\u00eda fotogr\u00e1fica AKA Fotoblog de jazz, impro\u2026 y algo m\u00e1s] - Tomajazz - Terri Lyne Carrington actu\u00f3 en el 47 Festival de Jazz de Vitoria - Gasteiz, el17 de julio de 2024. Jos\u00e9 Luis Luna Rocafort retrata a la baterista en INSTANTZZ. Actuaron Terri Lyne Carrington,Milena Casado, Aaron Parks, Mats Sandahl, Christiana Hunte\" width=\"600\" height=\"400\" srcset=\"https:\/\/tomajazz.com\/web\/wp-content\/uploads\/2024\/09\/014-14.jpg 600w, https:\/\/tomajazz.com\/web\/wp-content\/uploads\/2024\/09\/014-14-300x200.jpg 300w, https:\/\/tomajazz.com\/web\/wp-content\/uploads\/2024\/09\/014-14-465x310.jpg 465w\" sizes=\"auto, (max-width: 600px) 100vw, 600px\" \/><\/p>\n<p><img loading=\"lazy\" decoding=\"async\" class=\"aligncenter size-large wp-image-89503\" title=\"Terri Lyne Carrington (47 Festival de Jazz de Vitoria - Gasteiz. 2024-07-17) Por Jos\u00e9 Luis Luna Rocafort [INSTANTZZ AKA Galer\u00eda fotogr\u00e1fica AKA Fotoblog de jazz, impro\u2026 y algo m\u00e1s] Tomajazz 015\" src=\"https:\/\/tomajazz.com\/web\/wp-content\/uploads\/2024\/09\/015-7.jpg\" alt=\"Terri Lyne Carrington (47 Festival de Jazz de Vitoria - Gasteiz. 2024-07-17) Por Jos\u00e9 Luis Luna Rocafort [INSTANTZZ AKA Galer\u00eda fotogr\u00e1fica AKA Fotoblog de jazz, impro\u2026 y algo m\u00e1s] - Tomajazz - Terri Lyne Carrington actu\u00f3 en el 47 Festival de Jazz de Vitoria - Gasteiz, el17 de julio de 2024. Jos\u00e9 Luis Luna Rocafort retrata a la baterista en INSTANTZZ. Actuaron Terri Lyne Carrington,Milena Casado, Aaron Parks, Mats Sandahl, Christiana Hunte\" width=\"600\" height=\"400\" srcset=\"https:\/\/tomajazz.com\/web\/wp-content\/uploads\/2024\/09\/015-7.jpg 600w, https:\/\/tomajazz.com\/web\/wp-content\/uploads\/2024\/09\/015-7-300x200.jpg 300w, https:\/\/tomajazz.com\/web\/wp-content\/uploads\/2024\/09\/015-7-465x310.jpg 465w\" sizes=\"auto, (max-width: 600px) 100vw, 600px\" \/><\/p>\n<p><img loading=\"lazy\" decoding=\"async\" class=\"aligncenter size-large wp-image-89504\" title=\"Terri Lyne Carrington (47 Festival de Jazz de Vitoria - Gasteiz. 2024-07-17) Por Jos\u00e9 Luis Luna Rocafort [INSTANTZZ AKA Galer\u00eda fotogr\u00e1fica AKA Fotoblog de jazz, impro\u2026 y algo m\u00e1s] Tomajazz 016\" src=\"https:\/\/tomajazz.com\/web\/wp-content\/uploads\/2024\/09\/016-4.jpg\" alt=\"Terri Lyne Carrington (47 Festival de Jazz de Vitoria - Gasteiz. 2024-07-17) Por Jos\u00e9 Luis Luna Rocafort [INSTANTZZ AKA Galer\u00eda fotogr\u00e1fica AKA Fotoblog de jazz, impro\u2026 y algo m\u00e1s] - Tomajazz - Terri Lyne Carrington actu\u00f3 en el 47 Festival de Jazz de Vitoria - Gasteiz, el17 de julio de 2024. Jos\u00e9 Luis Luna Rocafort retrata a la baterista en INSTANTZZ. Actuaron Terri Lyne Carrington,Milena Casado, Aaron Parks, Mats Sandahl, Christiana Hunte\" width=\"600\" height=\"400\" srcset=\"https:\/\/tomajazz.com\/web\/wp-content\/uploads\/2024\/09\/016-4.jpg 600w, https:\/\/tomajazz.com\/web\/wp-content\/uploads\/2024\/09\/016-4-300x200.jpg 300w, https:\/\/tomajazz.com\/web\/wp-content\/uploads\/2024\/09\/016-4-465x310.jpg 465w\" sizes=\"auto, (max-width: 600px) 100vw, 600px\" \/><\/p>\n<p><img loading=\"lazy\" decoding=\"async\" class=\"aligncenter size-large wp-image-89505\" title=\"Terri Lyne Carrington (47 Festival de Jazz de Vitoria - Gasteiz. 2024-07-17) Por Jos\u00e9 Luis Luna Rocafort [INSTANTZZ AKA Galer\u00eda fotogr\u00e1fica AKA Fotoblog de jazz, impro\u2026 y algo m\u00e1s] Tomajazz 017\" src=\"https:\/\/tomajazz.com\/web\/wp-content\/uploads\/2024\/09\/017-1.jpg\" alt=\"Terri Lyne Carrington (47 Festival de Jazz de Vitoria - Gasteiz. 2024-07-17) Por Jos\u00e9 Luis Luna Rocafort [INSTANTZZ AKA Galer\u00eda fotogr\u00e1fica AKA Fotoblog de jazz, impro\u2026 y algo m\u00e1s] - Tomajazz - Terri Lyne Carrington actu\u00f3 en el 47 Festival de Jazz de Vitoria - Gasteiz, el17 de julio de 2024. Jos\u00e9 Luis Luna Rocafort retrata a la baterista en INSTANTZZ. Actuaron Terri Lyne Carrington,Milena Casado, Aaron Parks, Mats Sandahl, Christiana Hunte\" width=\"600\" height=\"400\" srcset=\"https:\/\/tomajazz.com\/web\/wp-content\/uploads\/2024\/09\/017-1.jpg 600w, https:\/\/tomajazz.com\/web\/wp-content\/uploads\/2024\/09\/017-1-300x200.jpg 300w, https:\/\/tomajazz.com\/web\/wp-content\/uploads\/2024\/09\/017-1-465x310.jpg 465w\" sizes=\"auto, (max-width: 600px) 100vw, 600px\" \/><\/p>\n<p><img loading=\"lazy\" decoding=\"async\" class=\"aligncenter size-large wp-image-89506\" title=\"Terri Lyne Carrington (47 Festival de Jazz de Vitoria - Gasteiz. 2024-07-17) Por Jos\u00e9 Luis Luna Rocafort [INSTANTZZ AKA Galer\u00eda fotogr\u00e1fica AKA Fotoblog de jazz, impro\u2026 y algo m\u00e1s] Tomajazz 018\" src=\"https:\/\/tomajazz.com\/web\/wp-content\/uploads\/2024\/09\/018-1.jpg\" alt=\"Terri Lyne Carrington (47 Festival de Jazz de Vitoria - Gasteiz. 2024-07-17) Por Jos\u00e9 Luis Luna Rocafort [INSTANTZZ AKA Galer\u00eda fotogr\u00e1fica AKA Fotoblog de jazz, impro\u2026 y algo m\u00e1s] - Tomajazz - Terri Lyne Carrington actu\u00f3 en el 47 Festival de Jazz de Vitoria - Gasteiz, el17 de julio de 2024. Jos\u00e9 Luis Luna Rocafort retrata a la baterista en INSTANTZZ. Actuaron Terri Lyne Carrington,Milena Casado, Aaron Parks, Mats Sandahl, Christiana Hunte\" width=\"600\" height=\"400\" srcset=\"https:\/\/tomajazz.com\/web\/wp-content\/uploads\/2024\/09\/018-1.jpg 600w, https:\/\/tomajazz.com\/web\/wp-content\/uploads\/2024\/09\/018-1-300x200.jpg 300w, https:\/\/tomajazz.com\/web\/wp-content\/uploads\/2024\/09\/018-1-465x310.jpg 465w\" sizes=\"auto, (max-width: 600px) 100vw, 600px\" \/><\/p>\n<p style=\"text-align: right;\">Tomajazz: \u00a9\u00a0<strong><a href=\"https:\/\/www.facebook.com\/joseluis.lunarocafort\" target=\"_blank\" rel=\"noopener\">Jos\u00e9 Luis Luna Rocafort<\/a><\/strong>, 2024<\/p>\n<h3>M\u00e1s informaci\u00f3n<\/h3>\n<p><a href=\"https:\/\/www.terrilynecarrington.com\/\" target=\"_blank\" rel=\"noopener\">https:\/\/www.terrilynecarrington.com\/<\/a><\/p>\n<p><a href=\"https:\/\/tomajazz.com\/web\/?s=terri+lyne+carrington&amp;submit=Search\" target=\"_blank\" rel=\"noopener\">https:\/\/tomajazz.com\/web\/?s=terri+lyne+carrington&amp;submit=Search<\/a><\/p>\n<p><a href=\"https:\/\/jazzvitoria.com\/\" target=\"_blank\" rel=\"noopener\">https:\/\/jazzvitoria.com\/<\/a><\/p>\n<p><a href=\"https:\/\/tomajazz.com\/web\/?s=jazz+vitoria&amp;submit=Search\" target=\"_blank\" rel=\"noopener\">https:\/\/tomajazz.com\/web\/?s=jazz+vitoria&amp;submit=Search<\/a><\/p>\n<h3>47 Festival de Jazz de Vitoria &#8211; Gasteiz 2024 en Tomajazz<\/h3>\n<blockquote class=\"wp-embedded-content\" data-secret=\"lxx12NqRHw\"><p><a href=\"https:\/\/tomajazz.com\/web\/inaki-arakistain-jose-luis-kaele-group-vitoria-2024\/\">I\u00f1aki Arakistain &#038; Jos\u00e9 Luis Kaele Group (47 Festival de Jazz de Vitoria &#8211; Gasteiz. 2024-07-13) Por Jos\u00e9 Luis Luna Rocafort [INSTANTZZ AKA Galer\u00eda fotogr\u00e1fica AKA Fotoblog de jazz, impro\u2026 y algo m\u00e1s]<\/a><\/p><\/blockquote>\n<p><iframe loading=\"lazy\" class=\"wp-embedded-content\" sandbox=\"allow-scripts\" security=\"restricted\" style=\"position: absolute; visibility: hidden;\" title=\"\u00abI\u00f1aki Arakistain &#038; Jos\u00e9 Luis Kaele Group (47 Festival de Jazz de Vitoria &#8211; Gasteiz. 2024-07-13) Por Jos\u00e9 Luis Luna Rocafort [INSTANTZZ AKA Galer\u00eda fotogr\u00e1fica AKA Fotoblog de jazz, impro\u2026 y algo m\u00e1s]\u00bb \u2014 Tomajazz\" src=\"https:\/\/tomajazz.com\/web\/inaki-arakistain-jose-luis-kaele-group-vitoria-2024\/embed\/#?secret=Ob9iPgVjxa#?secret=lxx12NqRHw\" data-secret=\"lxx12NqRHw\" width=\"600\" height=\"338\" frameborder=\"0\" marginwidth=\"0\" marginheight=\"0\" scrolling=\"no\"><\/iframe><\/p>\n<blockquote class=\"wp-embedded-content\" data-secret=\"94oEXFRevs\"><p><a href=\"https:\/\/tomajazz.com\/web\/pablo-martin-caminero-ndr-bb-vitoria-2024\/\">Pablo Mart\u00edn Caminero Tr\u00edo + NDR Bigband (47 Festival de Jazz de Vitoria &#8211; Gasteiz. 2024-07-17) Por Jos\u00e9 Luis Luna Rocafort [INSTANTZZ AKA Galer\u00eda fotogr\u00e1fica AKA Fotoblog de jazz, impro\u2026 y algo m\u00e1s]<\/a><\/p><\/blockquote>\n<p><iframe loading=\"lazy\" class=\"wp-embedded-content\" sandbox=\"allow-scripts\" security=\"restricted\" style=\"position: absolute; visibility: hidden;\" title=\"\u00abPablo Mart\u00edn Caminero Tr\u00edo + NDR Bigband (47 Festival de Jazz de Vitoria &#8211; Gasteiz. 2024-07-17) Por Jos\u00e9 Luis Luna Rocafort [INSTANTZZ AKA Galer\u00eda fotogr\u00e1fica AKA Fotoblog de jazz, impro\u2026 y algo m\u00e1s]\u00bb \u2014 Tomajazz\" src=\"https:\/\/tomajazz.com\/web\/pablo-martin-caminero-ndr-bb-vitoria-2024\/embed\/#?secret=1DT3QMVjNh#?secret=94oEXFRevs\" data-secret=\"94oEXFRevs\" width=\"600\" height=\"338\" frameborder=\"0\" marginwidth=\"0\" marginheight=\"0\" scrolling=\"no\"><\/iframe><\/p>\n<blockquote class=\"wp-embedded-content\" data-secret=\"G5GCUINWDE\"><p><a href=\"https:\/\/tomajazz.com\/web\/femmm-vitoria-2024\/\">FEMMM &#038; Band (47 Festival de Jazz de Vitoria &#8211; Gasteiz. 2024-07-13) Por Jos\u00e9 Luis Luna Rocafort [INSTANTZZ AKA Galer\u00eda fotogr\u00e1fica AKA Fotoblog de jazz, impro\u2026 y algo m\u00e1s]<\/a><\/p><\/blockquote>\n<p><iframe loading=\"lazy\" class=\"wp-embedded-content\" sandbox=\"allow-scripts\" security=\"restricted\" style=\"position: absolute; visibility: hidden;\" title=\"\u00abFEMMM &#038; Band (47 Festival de Jazz de Vitoria &#8211; Gasteiz. 2024-07-13) Por Jos\u00e9 Luis Luna Rocafort [INSTANTZZ AKA Galer\u00eda fotogr\u00e1fica AKA Fotoblog de jazz, impro\u2026 y algo m\u00e1s]\u00bb \u2014 Tomajazz\" src=\"https:\/\/tomajazz.com\/web\/femmm-vitoria-2024\/embed\/#?secret=4tBAZqH7ur#?secret=G5GCUINWDE\" data-secret=\"G5GCUINWDE\" width=\"600\" height=\"338\" frameborder=\"0\" marginwidth=\"0\" marginheight=\"0\" scrolling=\"no\"><\/iframe><\/p>\n<blockquote class=\"wp-embedded-content\" data-secret=\"gKDdI5ZDoK\"><p><a href=\"https:\/\/tomajazz.com\/web\/sylvie-courvoisiers-chimera-vitoria-2024\/\">Sylvie Courvoisier&#8217;s Chimera Feat. Wadada Leo Smith (47 Festival de Jazz de Vitoria &#8211; Gasteiz. 2024-07-13) Por Jos\u00e9 Luis Luna Rocafort [INSTANTZZ AKA Galer\u00eda fotogr\u00e1fica AKA Fotoblog de jazz, impro\u2026 y algo m\u00e1s]<\/a><\/p><\/blockquote>\n<p><iframe loading=\"lazy\" class=\"wp-embedded-content\" sandbox=\"allow-scripts\" security=\"restricted\" style=\"position: absolute; visibility: hidden;\" title=\"\u00abSylvie Courvoisier&#8217;s Chimera Feat. Wadada Leo Smith (47 Festival de Jazz de Vitoria &#8211; Gasteiz. 2024-07-13) Por Jos\u00e9 Luis Luna Rocafort [INSTANTZZ AKA Galer\u00eda fotogr\u00e1fica AKA Fotoblog de jazz, impro\u2026 y algo m\u00e1s]\u00bb \u2014 Tomajazz\" src=\"https:\/\/tomajazz.com\/web\/sylvie-courvoisiers-chimera-vitoria-2024\/embed\/#?secret=q1wpSzi3hY#?secret=gKDdI5ZDoK\" data-secret=\"gKDdI5ZDoK\" width=\"600\" height=\"338\" frameborder=\"0\" marginwidth=\"0\" marginheight=\"0\" scrolling=\"no\"><\/iframe><\/p>\n<blockquote class=\"wp-embedded-content\" data-secret=\"YULGb9sgCd\"><p><a href=\"https:\/\/tomajazz.com\/web\/mondays-club-stilt-vitoria_2024\/\">Mondays Club &#8211; Stilt (47 Festival de Jazz de Vitoria &#8211; Gasteiz. 2024-07-13) Por Jos\u00e9 Luis Luna Rocafort [INSTANTZZ AKA Galer\u00eda fotogr\u00e1fica AKA Fotoblog de jazz, impro\u2026 y algo m\u00e1s]<\/a><\/p><\/blockquote>\n<p><iframe loading=\"lazy\" class=\"wp-embedded-content\" sandbox=\"allow-scripts\" security=\"restricted\" style=\"position: absolute; visibility: hidden;\" title=\"\u00abMondays Club &#8211; Stilt (47 Festival de Jazz de Vitoria &#8211; Gasteiz. 2024-07-13) Por Jos\u00e9 Luis Luna Rocafort [INSTANTZZ AKA Galer\u00eda fotogr\u00e1fica AKA Fotoblog de jazz, impro\u2026 y algo m\u00e1s]\u00bb \u2014 Tomajazz\" src=\"https:\/\/tomajazz.com\/web\/mondays-club-stilt-vitoria_2024\/embed\/#?secret=xVSF3UiwhE#?secret=YULGb9sgCd\" data-secret=\"YULGb9sgCd\" width=\"600\" height=\"338\" frameborder=\"0\" marginwidth=\"0\" marginheight=\"0\" scrolling=\"no\"><\/iframe><\/p>\n<blockquote class=\"wp-embedded-content\" data-secret=\"wUJyVRHFHj\"><p><a href=\"https:\/\/tomajazz.com\/web\/myra-melford-vitoria-gasteiz-2024\/\">Myra Melford Fire &#038; Water Quintet (47 Festival de Jazz de Vitoria &#8211; Gasteiz. 2024-07-12) Por Jos\u00e9 Luis Luna Rocafort [INSTANTZZ AKA Galer\u00eda fotogr\u00e1fica AKA Fotoblog de jazz, impro\u2026 y algo m\u00e1s]<\/a><\/p><\/blockquote>\n<p><iframe loading=\"lazy\" class=\"wp-embedded-content\" sandbox=\"allow-scripts\" security=\"restricted\" style=\"position: absolute; visibility: hidden;\" title=\"\u00abMyra Melford Fire &#038; Water Quintet (47 Festival de Jazz de Vitoria &#8211; Gasteiz. 2024-07-12) Por Jos\u00e9 Luis Luna Rocafort [INSTANTZZ AKA Galer\u00eda fotogr\u00e1fica AKA Fotoblog de jazz, impro\u2026 y algo m\u00e1s]\u00bb \u2014 Tomajazz\" src=\"https:\/\/tomajazz.com\/web\/myra-melford-vitoria-gasteiz-2024\/embed\/#?secret=RkVAMWji9X#?secret=wUJyVRHFHj\" data-secret=\"wUJyVRHFHj\" width=\"600\" height=\"338\" frameborder=\"0\" marginwidth=\"0\" marginheight=\"0\" scrolling=\"no\"><\/iframe><\/p>\n<blockquote class=\"wp-embedded-content\" data-secret=\"TrlGwxBB4J\"><p><a href=\"https:\/\/tomajazz.com\/web\/kinkfolk-vitoria-2024\/\">Kinkfolk (47 Festival de Jazz de Vitoria &#8211; Gasteiz. 2024-07-12) Por Jos\u00e9 Luis Luna Rocafort [INSTANTZZ AKA Galer\u00eda fotogr\u00e1fica AKA Fotoblog de jazz, impro\u2026 y algo m\u00e1s]<\/a><\/p><\/blockquote>\n<p><iframe loading=\"lazy\" class=\"wp-embedded-content\" sandbox=\"allow-scripts\" security=\"restricted\" style=\"position: absolute; visibility: hidden;\" title=\"\u00abKinkfolk (47 Festival de Jazz de Vitoria &#8211; Gasteiz. 2024-07-12) Por Jos\u00e9 Luis Luna Rocafort [INSTANTZZ AKA Galer\u00eda fotogr\u00e1fica AKA Fotoblog de jazz, impro\u2026 y algo m\u00e1s]\u00bb \u2014 Tomajazz\" src=\"https:\/\/tomajazz.com\/web\/kinkfolk-vitoria-2024\/embed\/#?secret=6kO565x7W1#?secret=TrlGwxBB4J\" data-secret=\"TrlGwxBB4J\" width=\"600\" height=\"338\" frameborder=\"0\" marginwidth=\"0\" marginheight=\"0\" scrolling=\"no\"><\/iframe><\/p>\n<blockquote class=\"wp-embedded-content\" data-secret=\"CJljZMcdlU\"><p><a href=\"https:\/\/tomajazz.com\/web\/christie-dashiell-quartet-vitoria-2024\/\">Christie Dashiell Quartet (47 Festival de Jazz de Vitoria &#8211; Gasteiz. 2024-07-15) Por Jos\u00e9 Luis Luna Rocafort [INSTANTZZ AKA Galer\u00eda fotogr\u00e1fica AKA Fotoblog de jazz, impro\u2026 y algo m\u00e1s]<\/a><\/p><\/blockquote>\n<p><iframe loading=\"lazy\" class=\"wp-embedded-content\" sandbox=\"allow-scripts\" security=\"restricted\" style=\"position: absolute; visibility: hidden;\" title=\"\u00abChristie Dashiell Quartet (47 Festival de Jazz de Vitoria &#8211; Gasteiz. 2024-07-15) Por Jos\u00e9 Luis Luna Rocafort [INSTANTZZ AKA Galer\u00eda fotogr\u00e1fica AKA Fotoblog de jazz, impro\u2026 y algo m\u00e1s]\u00bb \u2014 Tomajazz\" src=\"https:\/\/tomajazz.com\/web\/christie-dashiell-quartet-vitoria-2024\/embed\/#?secret=wpDDPluBFW#?secret=CJljZMcdlU\" data-secret=\"CJljZMcdlU\" width=\"600\" height=\"338\" frameborder=\"0\" marginwidth=\"0\" marginheight=\"0\" scrolling=\"no\"><\/iframe><\/p>\n<blockquote class=\"wp-embedded-content\" data-secret=\"QbXlFhuLUG\"><p><a href=\"https:\/\/tomajazz.com\/web\/47-festival-de-jazz-de-vitoria-gasteiz-2024\/\">47 Festival de Jazz de Vitoria Gasteiz 2024 (Vitoria. 15 al 20 de julio de 2024) [Noticias de jazz]<\/a><\/p><\/blockquote>\n<p><iframe loading=\"lazy\" class=\"wp-embedded-content\" sandbox=\"allow-scripts\" security=\"restricted\" style=\"position: absolute; visibility: hidden;\" title=\"\u00ab47 Festival de Jazz de Vitoria Gasteiz 2024 (Vitoria. 15 al 20 de julio de 2024) [Noticias de jazz]\u00bb \u2014 Tomajazz\" src=\"https:\/\/tomajazz.com\/web\/47-festival-de-jazz-de-vitoria-gasteiz-2024\/embed\/#?secret=w9MijPNK1h#?secret=QbXlFhuLUG\" data-secret=\"QbXlFhuLUG\" width=\"600\" height=\"338\" frameborder=\"0\" marginwidth=\"0\" marginheight=\"0\" scrolling=\"no\"><\/iframe><\/p>\n<h3>Jos\u00e9 Luis Luna Rocafort en Tomajazz<\/h3>\n<p><a href=\"https:\/\/tomajazz.com\/web\/?cat=17846\" target=\"_blank\" rel=\"noopener\">https:\/\/tomajazz.com\/web\/?cat=17846<\/a><\/p>\n<p><a href=\"https:\/\/tomajazz.com\/web\/category\/jose-luis-luna-rocafort\/\" target=\"_blank\" rel=\"noopener\">https:\/\/tomajazz.com\/web\/category\/jose-luis-luna-rocafort\/<\/a><\/p>\n","protected":false},"excerpt":{"rendered":"<p>Terri Lyne Carrington actu\u00f3 en el 47 Festival de Jazz de Vitoria &#8211; Gasteiz, el17 de julio de 2024. Jos\u00e9 Luis Luna Rocafort retrata a la baterista en INSTANTZZ. Actuaron Terri Lyne Carrington,Milena Casado, Aaron Parks, Mats Sandahl, Christiana Hunte<span class=\"more-link\"><a href=\"https:\/\/tomajazz.com\/web\/terri-lyne-carrington-vitoria-2024\/\">Contin\u00faa leyendo<\/a><\/span><\/p>\n","protected":false},"author":1,"featured_media":89495,"comment_status":"open","ping_status":"closed","sticky":false,"template":"","format":"standard","meta":{"_jetpack_newsletter_access":"","_jetpack_dont_email_post_to_subs":false,"_jetpack_newsletter_tier_id":0,"_jetpack_memberships_contains_paywalled_content":false,"_jetpack_feature_clip_id":0,"_jetpack_memberships_contains_paid_content":false,"footnotes":"","jetpack_post_was_ever_published":false},"categories":[31360,17846,11262,15516,11261,1038],"tags":[606,31490,10088,31489,31488,5001],"class_list":["entry","author-pachi","has-excerpt","post-89488","post","type-post","status-publish","format-standard","has-post-thumbnail","category-47-festival-de-jazz-de-vitoria-gasteiz-2024","category-jose-luis-luna-rocafort","category-photoblogs","category-imagenes","category-instantzz","category-contenidos","tag-aaron-parks","tag-christiana-hunte","tag-jose-luis-luna-rocafort","tag-mats-sandahl","tag-milena-casado-trompeta","tag-terri-lyne-carrington"],"jetpack_likes_enabled":true,"jetpack_sharing_enabled":true,"jetpack-related-posts":[{"id":89596,"url":"https:\/\/tomajazz.com\/web\/festival-de-jazz-de-vitoria-gasteiz-2024-01\/","url_meta":{"origin":89488,"position":0},"title":"Pablo M. Caminero Tr\u00edo &#038; NDR Big Band \/ Terri Lyne Carrington Quintet (47 Festival de Jazz de Vitoria Gasteiz. 2024-07-17) Por Antonio Torres (texto y fotos), y Pepe Mateos (fotos) [Conciertos de Jazz]","author":"Tomajazz","date":"20 septiembre, 2024","format":false,"excerpt":"Pablo M. Caminero Tr\u00edo & NDR Big Band y Terri Lyne Carrington Quintet actuaron en la jornada inaugural del (47 Festival de Jazz de Vitoria Gasteiz 2024 en Mendizorroza, el 17 de julio de 2024. Antonio Torres (texto y fotos), y Pepe Mateos (fotos) lo relatan y retratan","rel":"","context":"En \u00ab47 Festival de Jazz de Vitoria Gasteiz 2024\u00bb","block_context":{"text":"47 Festival de Jazz de Vitoria Gasteiz 2024","link":"https:\/\/tomajazz.com\/web\/category\/contenidos\/especial-contenidos\/47-festival-de-jazz-de-vitoria-gasteiz-2024\/"},"img":{"alt_text":"Pablo M. Caminero Tr\u00edo & NDR Big Band \/ Terri Lyne Carrington Quintet (47 Festival de Jazz de Vitoria \u2013 Gasteiz. 2024-07-17) Por Antonio Torres (texto y fotos), y Pepe Mateos (fotos) [Conciertos de Jazz] - Tomajazz - Pablo M. Caminero Tr\u00edo & NDR Big Band y Terri Lyne Carrington Quintet actuaron en la jornada inaugural del (47 Festival de Jazz de Vitoria \u2013 Gasteiz en Mendizorroza, el 17 de julio de 2024. Antonio Torres (texto y fotos), y Pepe Mateos (fotos) lo relatan y retratan","src":"https:\/\/i0.wp.com\/tomajazz.com\/web\/wp-content\/uploads\/2024\/09\/PM-5.jpg?resize=350%2C200&ssl=1","width":350,"height":200,"srcset":"https:\/\/i0.wp.com\/tomajazz.com\/web\/wp-content\/uploads\/2024\/09\/PM-5.jpg?resize=350%2C200&ssl=1 1x, https:\/\/i0.wp.com\/tomajazz.com\/web\/wp-content\/uploads\/2024\/09\/PM-5.jpg?resize=525%2C300&ssl=1 1.5x, https:\/\/i0.wp.com\/tomajazz.com\/web\/wp-content\/uploads\/2024\/09\/PM-5.jpg?resize=700%2C400&ssl=1 2x"},"classes":[]},{"id":91354,"url":"https:\/\/tomajazz.com\/web\/kris-davis-jazzmadrid-2024\/","url_meta":{"origin":89488,"position":1},"title":"Kris Davis Diatom Ribbons (11 Festival Internacional JazzMadrid 2024, Centro de cultura contempor\u00e1nea Condeduque, Madrid. 2024-11-02) Por Enrique Farelo [INSTANTZZ AKA Galer\u00eda fotogr\u00e1fica AKA Fotoblog de jazz, impro\u2026 y algo m\u00e1s]","author":"Tomajazz","date":"6 noviembre, 2024","format":false,"excerpt":"Kris Davis Diatom Ribbons actu\u00f3 en JazzMadrid 2024, en Condeduque, el 2 de noviembre de 2024. Enrique Farelo retrata el concierto en INSTANTZZ. Actuaron Val Jeanty, Kris Davis, Terri Lyne Carrington, Nick Dunston","rel":"","context":"En \u00ab11 Festival JazzMadrid 2024\u00bb","block_context":{"text":"11 Festival JazzMadrid 2024","link":"https:\/\/tomajazz.com\/web\/category\/contenidos\/especial-contenidos\/11-festival-jazzmadrid-2024\/"},"img":{"alt_text":"Kris Davis Diatom Ribbons (11 Festival Internacional JazzMadrid 2024, Centro de cultura contempor\u00e1nea Condeduque, Madrid. 2024-11-02) Por Enrique Farelo [INSTANTZZ AKA Galer\u00eda fotogr\u00e1fica AKA Fotoblog de jazz, impro\u2026 y algo m\u00e1s] - Tomajazz - Kris Davis Diatom Ribbons actu\u00f3 en JazzMadrid 2024, en Condeduque, el 2 de noviembre de 2024. Enrique Farelo retrata el concierto en INSTANTZZ. Actuaron Val Jeanty, Kris Davis, Terri Lyne Carrington, Nick Dunston\n","src":"https:\/\/i0.wp.com\/tomajazz.com\/web\/wp-content\/uploads\/2024\/11\/09-Kris-Davis-2.jpg?resize=350%2C200&ssl=1","width":350,"height":200,"srcset":"https:\/\/i0.wp.com\/tomajazz.com\/web\/wp-content\/uploads\/2024\/11\/09-Kris-Davis-2.jpg?resize=350%2C200&ssl=1 1x, https:\/\/i0.wp.com\/tomajazz.com\/web\/wp-content\/uploads\/2024\/11\/09-Kris-Davis-2.jpg?resize=525%2C300&ssl=1 1.5x"},"classes":[]},{"id":42794,"url":"https:\/\/tomajazz.com\/web\/instantzz-danilo-perez-%c2%b7-john-patitucci-%c2%b7-terry-lyne-carrington-children-of-the-light-38e-festival-jazz-terrassa-nova-jazz-cava-terrassa-barcelona-2019-03-08-gale\/","url_meta":{"origin":89488,"position":2},"title":"INSTANTZZ: Danilo P\u00e9rez \u00b7 John Patitucci \u00b7 Terry Lyne Carrington \u201cChildren of the Light\u201d (38\u00e8 Festival Jazz Terrassa, Nova Jazz Cava, Terrassa -Barcelona-.  2019-03-08) [Galer\u00eda fotogr\u00e1fica]","author":"Tomajazz","date":"4 abril, 2019","format":false,"excerpt":"Por\u00a0Joan Cort\u00e8s. Fecha: Viernes, 08 de marzo de 2019 Lugar: Nova Jazz Cava (Terrassa -Barcelona-) Grupo: Danilo P\u00e9rez \u00b7 John Patitucci \u00b7 Terri Lyne Carrington \"Children of the Light\" Danilo P\u00e9rez, piano John Patitucci, contrabajo Terri Lyne Carrington, bater\u00eda Tomajazz: \u00a9\u00a0Joan Cort\u00e8s, 2019","rel":"","context":"En \u00ab*_Joan Cort\u00e8s\u00bb","block_context":{"text":"*_Joan Cort\u00e8s","link":"https:\/\/tomajazz.com\/web\/category\/joan-cortes\/"},"img":{"alt_text":"","src":"https:\/\/i0.wp.com\/tomajazz.com\/web\/wp-content\/uploads\/2019\/04\/12_Prz-Pttcc-Crrngtn-%C2%A9Joan-Cort%C3%A8s_08mar19_NJC_38FJT_Trrss.jpg?resize=350%2C200&ssl=1","width":350,"height":200,"srcset":"https:\/\/i0.wp.com\/tomajazz.com\/web\/wp-content\/uploads\/2019\/04\/12_Prz-Pttcc-Crrngtn-%C2%A9Joan-Cort%C3%A8s_08mar19_NJC_38FJT_Trrss.jpg?resize=350%2C200&ssl=1 1x, https:\/\/i0.wp.com\/tomajazz.com\/web\/wp-content\/uploads\/2019\/04\/12_Prz-Pttcc-Crrngtn-%C2%A9Joan-Cort%C3%A8s_08mar19_NJC_38FJT_Trrss.jpg?resize=525%2C300&ssl=1 1.5x"},"classes":[]},{"id":88703,"url":"https:\/\/tomajazz.com\/web\/mondays-club-stilt-vitoria_2024\/","url_meta":{"origin":89488,"position":3},"title":"Mondays Club &#8211; Stilt (47 Festival de Jazz de Vitoria &#8211; Gasteiz. 2024-07-13) Por Jos\u00e9 Luis Luna Rocafort [INSTANTZZ AKA Galer\u00eda fotogr\u00e1fica AKA Fotoblog de jazz, impro\u2026 y algo m\u00e1s]","author":"Tomajazz","date":"31 agosto, 2024","format":false,"excerpt":"Los grupos Mondays Club y Stilt actuaron en el 47 Festival de Jazz de Vitoria - Gasteiz, el 13 de julio de 2024. Jos\u00e9 Luis Luna Rocafort los retrata en INSTANTZZ","rel":"","context":"En \u00ab47 Festival de Jazz de Vitoria Gasteiz 2024\u00bb","block_context":{"text":"47 Festival de Jazz de Vitoria Gasteiz 2024","link":"https:\/\/tomajazz.com\/web\/category\/contenidos\/especial-contenidos\/47-festival-de-jazz-de-vitoria-gasteiz-2024\/"},"img":{"alt_text":"Mondays Club - Stilt (47 Festival de Jazz de Vitoria - Gasteiz. 2024-07-13) Por Jos\u00e9 Luis Luna Rocafort [INSTANTZZ AKA Galer\u00eda fotogr\u00e1fica AKA Fotoblog de jazz, impro\u2026 y algo m\u00e1s] - Tomajazz - Los grupos Mondays Club y Stilt actuaron en el 47 Festival de Jazz de Vitoria - Gasteiz, el 13 de julio de 2024. Jos\u00e9 Luis Luna Rocafort los retrata en INSTANTZZ","src":"https:\/\/i0.wp.com\/tomajazz.com\/web\/wp-content\/uploads\/2024\/08\/destacada-Mondays-Club-Jazz-Vitoria-Tomajazz-Photo-by-Jose-Luis-Luna-Rocafort-2024-007.jpg?resize=350%2C200&ssl=1","width":350,"height":200,"srcset":"https:\/\/i0.wp.com\/tomajazz.com\/web\/wp-content\/uploads\/2024\/08\/destacada-Mondays-Club-Jazz-Vitoria-Tomajazz-Photo-by-Jose-Luis-Luna-Rocafort-2024-007.jpg?resize=350%2C200&ssl=1 1x, https:\/\/i0.wp.com\/tomajazz.com\/web\/wp-content\/uploads\/2024\/08\/destacada-Mondays-Club-Jazz-Vitoria-Tomajazz-Photo-by-Jose-Luis-Luna-Rocafort-2024-007.jpg?resize=525%2C300&ssl=1 1.5x"},"classes":[]},{"id":89643,"url":"https:\/\/tomajazz.com\/web\/raul-vera-vitoria-gasteiz-2024\/","url_meta":{"origin":89488,"position":4},"title":"Ra\u00fcl Vera (47 Festival de Jazz de Vitoria &#8211; Gasteiz. 2024-07-13) Por Jos\u00e9 Luis Luna Rocafort [INSTANTZZ AKA Galer\u00eda fotogr\u00e1fica AKA Fotoblog de jazz, impro\u2026 y algo m\u00e1s]","author":"Tomajazz","date":"21 septiembre, 2024","format":false,"excerpt":"Ra\u00fcl Vera actu\u00f3 en el 47 Festival de Jazz de Vitoria - Gasteiz, el 13 de julio. Jos\u00e9 Luis Luna Rocafort lo retrata en INSTANTZZ. Actuaron Ra\u00fcl Vera, Rub\u00e9n Salvador, Jos\u00e9 Luis Canal, Kike Arza, Unai Olabarri","rel":"","context":"En \u00ab47 Festival de Jazz de Vitoria Gasteiz 2024\u00bb","block_context":{"text":"47 Festival de Jazz de Vitoria Gasteiz 2024","link":"https:\/\/tomajazz.com\/web\/category\/contenidos\/especial-contenidos\/47-festival-de-jazz-de-vitoria-gasteiz-2024\/"},"img":{"alt_text":"Ra\u00fcl Vera (47 Festival de Jazz de Vitoria - Gasteiz. 2024-07-13) Por Jos\u00e9 Luis Luna Rocafort [INSTANTZZ AKA Galer\u00eda fotogr\u00e1fica AKA Fotoblog de jazz, impro\u2026 y algo m\u00e1s] - Tomajazz","src":"https:\/\/i0.wp.com\/tomajazz.com\/web\/wp-content\/uploads\/2024\/09\/011-17.jpg?resize=350%2C200&ssl=1","width":350,"height":200,"srcset":"https:\/\/i0.wp.com\/tomajazz.com\/web\/wp-content\/uploads\/2024\/09\/011-17.jpg?resize=350%2C200&ssl=1 1x, https:\/\/i0.wp.com\/tomajazz.com\/web\/wp-content\/uploads\/2024\/09\/011-17.jpg?resize=525%2C300&ssl=1 1.5x"},"classes":[]},{"id":19687,"url":"https:\/\/tomajazz.com\/web\/terri-lyne-carrington-xxviii-jazz-en-la-costa-almunecar-granada-2015-07-18\/","url_meta":{"origin":89488,"position":5},"title":"Terri Lyne Carrington (XXVIII Jazz en la Costa. Almu\u00f1\u00e9car, Granada. 2015-07-19)","author":"Tomajazz","date":"16 septiembre, 2015","format":"image","excerpt":"Jazz en la Costa. Almu\u00f1\u00e9car XXVIII edici\u00f3n. Fecha: 19 de julio de 2015. Lugar: Almu\u00f1\u00e9car, Granada. Grupo: Terri Lyne Carrington, bater\u00eda Aaron Parks, piano Zach Brown, contrabajo Mark Shim, saxo tenor En la segunda jornada del festival llegaba el momento de conocer en directo el que ha sido considerado en\u2026","rel":"","context":"En \u00ab*_Diego Ortega Alonso\u00bb","block_context":{"text":"*_Diego Ortega Alonso","link":"https:\/\/tomajazz.com\/web\/category\/diego-ortega-alonso\/"},"img":{"alt_text":"","src":"https:\/\/i0.wp.com\/tomajazz.com\/web\/wp-content\/uploads\/2015\/09\/Jazz-en-la-costa-2015-e1442350433360.jpg?resize=350%2C200&ssl=1","width":350,"height":200,"srcset":"https:\/\/i0.wp.com\/tomajazz.com\/web\/wp-content\/uploads\/2015\/09\/Jazz-en-la-costa-2015-e1442350433360.jpg?resize=350%2C200&ssl=1 1x, https:\/\/i0.wp.com\/tomajazz.com\/web\/wp-content\/uploads\/2015\/09\/Jazz-en-la-costa-2015-e1442350433360.jpg?resize=525%2C300&ssl=1 1.5x"},"classes":[]}],"jetpack_featured_media_url":"https:\/\/tomajazz.com\/web\/wp-content\/uploads\/2024\/09\/007-14.jpg","_links":{"self":[{"href":"https:\/\/tomajazz.com\/web\/wp-json\/wp\/v2\/posts\/89488","targetHints":{"allow":["GET"]}}],"collection":[{"href":"https:\/\/tomajazz.com\/web\/wp-json\/wp\/v2\/posts"}],"about":[{"href":"https:\/\/tomajazz.com\/web\/wp-json\/wp\/v2\/types\/post"}],"author":[{"embeddable":true,"href":"https:\/\/tomajazz.com\/web\/wp-json\/wp\/v2\/users\/1"}],"replies":[{"embeddable":true,"href":"https:\/\/tomajazz.com\/web\/wp-json\/wp\/v2\/comments?post=89488"}],"version-history":[{"count":5,"href":"https:\/\/tomajazz.com\/web\/wp-json\/wp\/v2\/posts\/89488\/revisions"}],"predecessor-version":[{"id":89515,"href":"https:\/\/tomajazz.com\/web\/wp-json\/wp\/v2\/posts\/89488\/revisions\/89515"}],"wp:featuredmedia":[{"embeddable":true,"href":"https:\/\/tomajazz.com\/web\/wp-json\/wp\/v2\/media\/89495"}],"wp:attachment":[{"href":"https:\/\/tomajazz.com\/web\/wp-json\/wp\/v2\/media?parent=89488"}],"wp:term":[{"taxonomy":"category","embeddable":true,"href":"https:\/\/tomajazz.com\/web\/wp-json\/wp\/v2\/categories?post=89488"},{"taxonomy":"post_tag","embeddable":true,"href":"https:\/\/tomajazz.com\/web\/wp-json\/wp\/v2\/tags?post=89488"}],"curies":[{"name":"wp","href":"https:\/\/api.w.org\/{rel}","templated":true}]}}