{"id":91682,"date":"2024-11-14T10:00:33","date_gmt":"2024-11-14T09:00:33","guid":{"rendered":"https:\/\/www.tomajazz.com\/web\/?p=91682"},"modified":"2024-11-20T22:05:23","modified_gmt":"2024-11-20T21:05:23","slug":"universos-paralelos-t30-p09-2024-25","status":"publish","type":"post","link":"https:\/\/tomajazz.com\/web\/universos-paralelos-t30-p09-2024-25\/","title":{"rendered":"Universos Paralelos emisi\u00f3n 14 de noviembre de 2024 (UP.T.30 P.09) [Noticias de jazz]"},"content":{"rendered":"<p style=\"text-align: center;\"><img loading=\"lazy\" decoding=\"async\" class=\"alignnone wp-image-91683 size-thumbnail\" title=\"Universos Paralelos emisi\u00f3n 14 de noviembre de 2024 (UP.T.30 P.09) [Noticias de jazz] Tomajazz 01 Galiana Marin Birds Of A Feather 1080\" src=\"https:\/\/tomajazz.com\/web\/wp-content\/uploads\/2024\/11\/01-Galiana-Marin-Birds-Of-A-Feather-1080-200x200.jpg\" alt=\"Universos Paralelos emisi\u00f3n 14 de noviembre de 2024 (UP.T.30 P.09) [Noticias de jazz] - Tomajazz - \u00c1lvaro Torres es el m\u00fasico destacado en el noveno programa de la temporada 2024-25 de Universos Paralelos, el programa de radio de Sergio Cabanillas #Noticiasdejazz\" width=\"200\" height=\"200\" srcset=\"https:\/\/tomajazz.com\/web\/wp-content\/uploads\/2024\/11\/01-Galiana-Marin-Birds-Of-A-Feather-1080-200x200.jpg 200w, https:\/\/tomajazz.com\/web\/wp-content\/uploads\/2024\/11\/01-Galiana-Marin-Birds-Of-A-Feather-1080-300x300.jpg 300w, https:\/\/tomajazz.com\/web\/wp-content\/uploads\/2024\/11\/01-Galiana-Marin-Birds-Of-A-Feather-1080-465x465.jpg 465w, https:\/\/tomajazz.com\/web\/wp-content\/uploads\/2024\/11\/01-Galiana-Marin-Birds-Of-A-Feather-1080-500x500.jpg 500w, https:\/\/tomajazz.com\/web\/wp-content\/uploads\/2024\/11\/01-Galiana-Marin-Birds-Of-A-Feather-1080.jpg 600w\" sizes=\"auto, (max-width: 200px) 100vw, 200px\" \/> <img loading=\"lazy\" decoding=\"async\" class=\"alignnone wp-image-91684 size-thumbnail\" title=\"Universos Paralelos emisi\u00f3n 14 de noviembre de 2024 (UP.T.30 P.09) [Noticias de jazz] Tomajazz 02 Alvaro Torres Iris\" src=\"https:\/\/tomajazz.com\/web\/wp-content\/uploads\/2024\/11\/02-Alvaro-Torres-Iris-200x200.jpg\" alt=\"Universos Paralelos emisi\u00f3n 14 de noviembre de 2024 (UP.T.30 P.09) [Noticias de jazz] - Tomajazz - \u00c1lvaro Torres es el m\u00fasico destacado en el noveno programa de la temporada 2024-25 de Universos Paralelos, el programa de radio de Sergio Cabanillas #Noticiasdejazz\" width=\"200\" height=\"200\" srcset=\"https:\/\/tomajazz.com\/web\/wp-content\/uploads\/2024\/11\/02-Alvaro-Torres-Iris-200x200.jpg 200w, https:\/\/tomajazz.com\/web\/wp-content\/uploads\/2024\/11\/02-Alvaro-Torres-Iris-300x300.jpg 300w, https:\/\/tomajazz.com\/web\/wp-content\/uploads\/2024\/11\/02-Alvaro-Torres-Iris-465x465.jpg 465w, https:\/\/tomajazz.com\/web\/wp-content\/uploads\/2024\/11\/02-Alvaro-Torres-Iris-500x500.jpg 500w, https:\/\/tomajazz.com\/web\/wp-content\/uploads\/2024\/11\/02-Alvaro-Torres-Iris.jpg 600w\" sizes=\"auto, (max-width: 200px) 100vw, 200px\" \/> <img loading=\"lazy\" decoding=\"async\" class=\"alignnone wp-image-91685 size-thumbnail\" title=\"Universos Paralelos emisi\u00f3n 14 de noviembre de 2024 (UP.T.30 P.09) [Noticias de jazz] Tomajazz 03 Stowell Atlantic Bridge I Wish 1080\" src=\"https:\/\/tomajazz.com\/web\/wp-content\/uploads\/2024\/11\/03-Stowell-Atlantic-Bridge-I-Wish-1080-200x200.jpg\" alt=\"Universos Paralelos emisi\u00f3n 14 de noviembre de 2024 (UP.T.30 P.09) [Noticias de jazz] - Tomajazz - \u00c1lvaro Torres es el m\u00fasico destacado en el noveno programa de la temporada 2024-25 de Universos Paralelos, el programa de radio de Sergio Cabanillas #Noticiasdejazz\" width=\"200\" height=\"200\" srcset=\"https:\/\/tomajazz.com\/web\/wp-content\/uploads\/2024\/11\/03-Stowell-Atlantic-Bridge-I-Wish-1080-200x200.jpg 200w, https:\/\/tomajazz.com\/web\/wp-content\/uploads\/2024\/11\/03-Stowell-Atlantic-Bridge-I-Wish-1080-300x300.jpg 300w, https:\/\/tomajazz.com\/web\/wp-content\/uploads\/2024\/11\/03-Stowell-Atlantic-Bridge-I-Wish-1080-465x465.jpg 465w, https:\/\/tomajazz.com\/web\/wp-content\/uploads\/2024\/11\/03-Stowell-Atlantic-Bridge-I-Wish-1080-500x500.jpg 500w, https:\/\/tomajazz.com\/web\/wp-content\/uploads\/2024\/11\/03-Stowell-Atlantic-Bridge-I-Wish-1080.jpg 600w\" sizes=\"auto, (max-width: 200px) 100vw, 200px\" \/><\/p>\n<p style=\"text-align: left;\"><b>Descubriendo las m\u00fasicas instrumentales que hay m\u00e1s all\u00e1 de la radio f\u00f3rmula desde 1995 ERA 30 temporadas en el aire<\/b> (y unos pocos en la red)&#8230; \u00a1y seguimos descubriendo buena m\u00fasica!<\/p>\n<div style=\"text-align: center;\"><img loading=\"lazy\" decoding=\"async\" class=\"alignnone size-large\" src=\"https:\/\/blogger.googleusercontent.com\/img\/b\/R29vZ2xl\/AVvXsEhCGAIXi4OwDphGZSxnELeTdBpZRVgHNEoo4Mg-VfqzrsYEI0MQ5STLUEylwCgZmurVv66369pQhlsufYCFU_8hoBRK5zIDWAly5Nn9exQTSenu2ZVDjNf8fpa00kJ5zR7Y5Dw1I7p7kiofPdx8BCOe5MuebZYoYfhO8UOJRq8gnHVLrzWX4af1SKwkn7Hq\/s320\/UP_2024-11-14.gif\" alt=\"Universos Paralelos es un programa de radio presentado, dirigido y editado por Sergio Cabanillas.\" width=\"320\" height=\"320\" title=\"\"><\/div>\n<div><\/div>\n<div><b>Ya est\u00e1 disponible una nueva entrega de Universos Paralelos, el programa de radio editado, dirigido y presentado por Sergio Cabanillas.\u00a0<\/b><\/div>\n<div>\n<p>En el programa del 14 de noviembre de 2024, suena m\u00fasica de The Messthetics &amp; James Brandon Lewis, Empirical, John Stowell &amp; Atlantic Bridge Trio, Carlos Medina, \u00c1lvaro Torres Trio, Josep Llu\u00eds Galiana &amp; Amadeu Mar\u00edn.<\/p>\n<p>El programa est\u00e1 disponible en <a href=\"https:\/\/universosparalelosradioshow.blogspot.com\/2024\/11\/emision-14112024.html\" target=\"_blank\" rel=\"noopener\">universosparalelosradioshow.blogspot.com.es<\/a><\/p>\n<\/div>\n<div style=\"text-align: right;\">\n<p>\u00a9 <strong>Tomajazz<\/strong>, 2024<\/p>\n<\/div>\n<h4>Escucha el \u00faltimo programa de Universos Paralelos&#8230;<\/h4>\n<p><a href=\"https:\/\/universosparalelosradioshow.blogspot.com\/2024\/11\/emision-14112024.html\" target=\"_blank\" rel=\"noopener\">https:\/\/universosparalelosradioshow.blogspot.com<\/a><\/p>\n<h4 style=\"text-align: left;\">Anteriormente&#8230; \u00c1lvaro Torres en UP<\/h4>\n<blockquote class=\"wp-embedded-content\" data-secret=\"EfxnUQiPfu\"><p><a href=\"https:\/\/tomajazz.com\/web\/universos-paralelos-emision-t29-p27\/\">Universos Paralelos: emisi\u00f3n 16 de mayo de 2024 (UP.T.29 P.27) [Noticias de jazz]<\/a><\/p><\/blockquote>\n<p><iframe loading=\"lazy\" class=\"wp-embedded-content\" sandbox=\"allow-scripts\" security=\"restricted\" style=\"position: absolute; visibility: hidden;\" title=\"\u00abUniversos Paralelos: emisi\u00f3n 16 de mayo de 2024 (UP.T.29 P.27) [Noticias de jazz]\u00bb \u2014 Tomajazz\" src=\"https:\/\/tomajazz.com\/web\/universos-paralelos-emision-t29-p27\/embed\/#?secret=JAsoUgv1Fg#?secret=EfxnUQiPfu\" data-secret=\"EfxnUQiPfu\" width=\"600\" height=\"338\" frameborder=\"0\" marginwidth=\"0\" marginheight=\"0\" scrolling=\"no\"><\/iframe><\/p>\n<h3 style=\"text-align: left;\">UP en Telegram<\/h3>\n<div style=\"text-align: left;\">\u00a1Novedad! Para estar al tanto en primicia de sus nuevos contenidos (disfrutar del programa un d\u00eda antes de su publicaci\u00f3n en alta calidad), <strong>Universos Paralelos<\/strong> ha puesto a disposici\u00f3n de los seguidores del programa, \u00a1gratuitamente! un canal de Telegram en <a href=\"https:\/\/t.me\/universosparalelosradioshow\" target=\"_blank\" rel=\"noopener\">https:\/\/t.me\/universosparalelosradioshow<\/a><\/div>\n<h3 style=\"text-align: left;\">M\u00e1s informaci\u00f3n&#8230;<\/h3>\n<p style=\"text-align: left;\"><a href=\"https:\/\/universosparalelosradioshow.blogspot.com\/\" target=\"_blank\" rel=\"noopener\">https:\/\/universosparalelosradioshow.blogspot.com\/<\/a><\/p>\n<h3 style=\"text-align: left;\">Sergio Cabanillas en Tomajazz<\/h3>\n<p style=\"text-align: left;\"><a href=\"https:\/\/tomajazz.com\/web\/?s=Sergio+cabanillas&amp;submit=Search\" target=\"_blank\" rel=\"noopener\">https:\/\/tomajazz.com\/web\/?s=Sergio+cabanillas&amp;submit=Search<\/a><\/p>\n<p>&nbsp;<\/p>\n","protected":false},"excerpt":{"rendered":"<p>\u00c1lvaro Torres es el m\u00fasico destacado en el noveno programa de la temporada 2024-25 de Universos Paralelos, el programa de radio de Sergio Cabanillas #Noticiasdejazz<span class=\"more-link\"><a href=\"https:\/\/tomajazz.com\/web\/universos-paralelos-t30-p09-2024-25\/\">Contin\u00faa leyendo<\/a><\/span><\/p>\n","protected":false},"author":1,"featured_media":91684,"comment_status":"open","ping_status":"closed","sticky":false,"template":"","format":"standard","meta":{"jetpack_post_was_ever_published":false,"_jetpack_newsletter_access":"","_jetpack_dont_email_post_to_subs":false,"_jetpack_newsletter_tier_id":0,"_jetpack_memberships_contains_paywalled_content":false,"_jetpack_memberships_contains_paid_content":false,"footnotes":""},"categories":[31550,17858,15795,1038],"tags":[],"class_list":["entry","author-pachi","has-excerpt","post-91682","post","type-post","status-publish","format-standard","has-post-thumbnail","category-universos-paralelos-up","category-redaccion","category-noticias-2","category-contenidos"],"jetpack_featured_media_url":"https:\/\/tomajazz.com\/web\/wp-content\/uploads\/2024\/11\/02-Alvaro-Torres-Iris.jpg","jetpack_likes_enabled":true,"jetpack_sharing_enabled":true,"jetpack-related-posts":[{"id":104729,"url":"https:\/\/tomajazz.com\/web\/universos-paralelos-t31-p23-2025-26\/","url_meta":{"origin":91682,"position":0},"title":"Universos Paralelos: emisi\u00f3n 26 de marzo de 2026 (UP.T.31 P.23) [Noticias de jazz]","author":"Tomajazz","date":"6 abril, 2026","format":false,"excerpt":"En el programa del 26 de marzo de 2026 de Universos Paralelos, Sergio Cabanillas selecciona m\u00fasicas de Ricardo Formoso, Ant Law & Alex Hitchcock, Deadeye, \u00c1lvaro Torres Trio, Eddie Mej\u00eda","rel":"","context":"En \u00abUniversos Paralelos - UP\u00bb","block_context":{"text":"Universos Paralelos - UP","link":"https:\/\/tomajazz.com\/web\/category\/contenidos\/noticias-2\/universos-paralelos-up\/"},"img":{"alt_text":"Universos Paralelos: emisi\u00f3n 26 de marzo de 2026 (UP.T.31 P.23) [Noticias de jazz] - Tomajazz - En el programa del 26 de marzo de 2026 de Universos Paralelos, Sergio Cabanillas selecciona m\u00fasicas de Ricardo Formoso, Ant Law & Alex Hitchcock, Deadeye, \u00c1lvaro Torres Trio, Eddie Mej\u00eda","src":"https:\/\/i0.wp.com\/tomajazz.com\/web\/wp-content\/uploads\/2026\/04\/destacada-Alvaro-Torres-Trio-Mairena-1080.jpg?resize=350%2C200&ssl=1","width":350,"height":200,"srcset":"https:\/\/i0.wp.com\/tomajazz.com\/web\/wp-content\/uploads\/2026\/04\/destacada-Alvaro-Torres-Trio-Mairena-1080.jpg?resize=350%2C200&ssl=1 1x, https:\/\/i0.wp.com\/tomajazz.com\/web\/wp-content\/uploads\/2026\/04\/destacada-Alvaro-Torres-Trio-Mairena-1080.jpg?resize=525%2C300&ssl=1 1.5x, https:\/\/i0.wp.com\/tomajazz.com\/web\/wp-content\/uploads\/2026\/04\/destacada-Alvaro-Torres-Trio-Mairena-1080.jpg?resize=700%2C400&ssl=1 2x"},"classes":[]},{"id":100946,"url":"https:\/\/tomajazz.com\/web\/universos-paralelos-t31-p06-2025-26\/","url_meta":{"origin":91682,"position":1},"title":"Universos Paralelos: emisi\u00f3n 23 de octubre de 2025 (UP.T.31 P.06) [Noticias de jazz]","author":"Tomajazz","date":"25 octubre, 2025","format":false,"excerpt":"Lo nuevo de Xose Migu\u00e9lez es la portada de Universos Paralelos del 23 de octubre de 2025. Pero no es la \u00fanica m\u00fasica elegida por Sergio Cabanillas... #Noticiasdejazz","rel":"","context":"En \u00abUniversos Paralelos - UP\u00bb","block_context":{"text":"Universos Paralelos - UP","link":"https:\/\/tomajazz.com\/web\/category\/contenidos\/noticias-2\/universos-paralelos-up\/"},"img":{"alt_text":"Universos Paralelos: emisi\u00f3n 23 de octubre de 2025 (UP.T.31 P.06) [Noticias de jazz] - Tomajazz - Lo nuevo de Xose Migu\u00e9lez es la portada de Universos Paralelos del 23 de octubre de 2025. Pero no es la \u00fanica m\u00fasica elegida por Sergio Cabanillas... #Noticiasdejazz","src":"https:\/\/i0.wp.com\/tomajazz.com\/web\/wp-content\/uploads\/2025\/10\/destacada-02-Xose-Miguelez-Live-Colon-1080.jpg?resize=350%2C200&ssl=1","width":350,"height":200,"srcset":"https:\/\/i0.wp.com\/tomajazz.com\/web\/wp-content\/uploads\/2025\/10\/destacada-02-Xose-Miguelez-Live-Colon-1080.jpg?resize=350%2C200&ssl=1 1x, https:\/\/i0.wp.com\/tomajazz.com\/web\/wp-content\/uploads\/2025\/10\/destacada-02-Xose-Miguelez-Live-Colon-1080.jpg?resize=525%2C300&ssl=1 1.5x, https:\/\/i0.wp.com\/tomajazz.com\/web\/wp-content\/uploads\/2025\/10\/destacada-02-Xose-Miguelez-Live-Colon-1080.jpg?resize=700%2C400&ssl=1 2x"},"classes":[]},{"id":102754,"url":"https:\/\/tomajazz.com\/web\/universos-paralelos-t31-p13-2025-26\/","url_meta":{"origin":91682,"position":2},"title":"Universos Paralelos: emisi\u00f3n 11 de diciembre de 2025 (UP.T.31 P.12+1) [Noticias de jazz]","author":"Tomajazz","date":"11 diciembre, 2025","format":false,"excerpt":"Universos Paralelos de Sergio Cabanillas del 11 de diciembre de 2025. Portada lo nuevo de Emma Rawicz... y mucho m\u00e1s... #Noticiasdejazz","rel":"","context":"En \u00ab*_Redacci\u00f3n\u00bb","block_context":{"text":"*_Redacci\u00f3n","link":"https:\/\/tomajazz.com\/web\/category\/redaccion\/"},"img":{"alt_text":"Universos Paralelos: emisi\u00f3n 11 de diciembre de 2025 (UP.T.31 P.12+1) [Noticias de jazz] - Tomajazz - Universos Paralelos de Sergio Cabanillas del 11 de diciembre de 2025. Portada lo nuevo de Emma Rawicz... y mucho m\u00e1s... #Noticiasdejazz","src":"https:\/\/i0.wp.com\/tomajazz.com\/web\/wp-content\/uploads\/2025\/12\/destadado-Emma-Rawicz-Inkyra-UP-Noticias-Tomajazz.jpg?resize=350%2C200&ssl=1","width":350,"height":200,"srcset":"https:\/\/i0.wp.com\/tomajazz.com\/web\/wp-content\/uploads\/2025\/12\/destadado-Emma-Rawicz-Inkyra-UP-Noticias-Tomajazz.jpg?resize=350%2C200&ssl=1 1x, https:\/\/i0.wp.com\/tomajazz.com\/web\/wp-content\/uploads\/2025\/12\/destadado-Emma-Rawicz-Inkyra-UP-Noticias-Tomajazz.jpg?resize=525%2C300&ssl=1 1.5x, https:\/\/i0.wp.com\/tomajazz.com\/web\/wp-content\/uploads\/2025\/12\/destadado-Emma-Rawicz-Inkyra-UP-Noticias-Tomajazz.jpg?resize=700%2C400&ssl=1 2x"},"classes":[]},{"id":100555,"url":"https:\/\/tomajazz.com\/web\/universos-paralelos-t31-p05-2025-26\/","url_meta":{"origin":91682,"position":3},"title":"Universos Paralelos: emisi\u00f3n 16 de octubre de 2025 (UP.T.31 P.05) [Noticias de jazz]","author":"Tomajazz","date":"16 octubre, 2025","format":false,"excerpt":"Universos Paralelos. Programa de la semana del 16 de octubre de 2025. Ram\u00f3n Garc\u00eda en portada. Adem\u00e1s visitan a Sergio Cabanillas Craig Taborn \/ Nels Cline \/ Marcus Gilmore, Rub\u00e9n Reinaldo, K'Tam, Jorge Rossy & Michael Kanan","rel":"","context":"En \u00abUniversos Paralelos - UP\u00bb","block_context":{"text":"Universos Paralelos - UP","link":"https:\/\/tomajazz.com\/web\/category\/contenidos\/noticias-2\/universos-paralelos-up\/"},"img":{"alt_text":"Universos Paralelos: emisi\u00f3n 16 de octubre de 2025 (UP.T.31 P.05) [Noticias de jazz] - Tomajazz - Universos Paralelos. Programa de la semana del 16 de octubre de 2025. Ram\u00f3n Garc\u00eda en portada. Adem\u00e1s visitan a Sergio Cabanillas Craig Taborn \/ Nels Cline \/ Marcus Gilmore, Rub\u00e9n Reinaldo, K'Tam, Jorge Rossy & Michael Kanan","src":"https:\/\/i0.wp.com\/tomajazz.com\/web\/wp-content\/uploads\/2025\/10\/Destacada-Ramon-Garcia-Lara-1080.jpg?resize=350%2C200&ssl=1","width":350,"height":200,"srcset":"https:\/\/i0.wp.com\/tomajazz.com\/web\/wp-content\/uploads\/2025\/10\/Destacada-Ramon-Garcia-Lara-1080.jpg?resize=350%2C200&ssl=1 1x, https:\/\/i0.wp.com\/tomajazz.com\/web\/wp-content\/uploads\/2025\/10\/Destacada-Ramon-Garcia-Lara-1080.jpg?resize=525%2C300&ssl=1 1.5x, https:\/\/i0.wp.com\/tomajazz.com\/web\/wp-content\/uploads\/2025\/10\/Destacada-Ramon-Garcia-Lara-1080.jpg?resize=700%2C400&ssl=1 2x"},"classes":[]},{"id":105026,"url":"https:\/\/tomajazz.com\/web\/universos-paralelos-up-t31-p25-2025-26\/","url_meta":{"origin":91682,"position":4},"title":"Universos Paralelos: emisi\u00f3n 16 de abril de 2026 (UP.T.31 P.25) [Noticias de jazz]","author":"Tomajazz","date":"22 abril, 2026","format":false,"excerpt":"En Universos Paralelos del 16 de abril de 2026, Sergio Cabanillas elige lo nuevo de V\u00edctor de Diego como disco de portada. Adem\u00e1s suena m\u00fasica de Juzz, Rai Castells, Manuel \u00c1lvarez Trio, Baptiste Bailly \/ Matthew Baker \/ Efr\u00e9n L\u00f3pez #Noticiasdejazz","rel":"","context":"En \u00ab*_Redacci\u00f3n\u00bb","block_context":{"text":"*_Redacci\u00f3n","link":"https:\/\/tomajazz.com\/web\/category\/redaccion\/"},"img":{"alt_text":"Universos Paralelos: emisi\u00f3n 16 de abril de 2026 (UP.T.31 P.25) [Noticias de jazz] - Tomajazz - En Universos Paralelos del 16 de abril de 2026, Sergio Cabanillas elige lo nuevo de V\u00edctor de Diego como disco de portada. Adem\u00e1s suena m\u00fasica de Juzz, Rai Castells, Manuel \u00c1lvarez Trio, Baptiste Bailly \/ Matthew Baker \/ Efr\u00e9n L\u00f3pez #Noticiasdejazz","src":"https:\/\/i0.wp.com\/tomajazz.com\/web\/wp-content\/uploads\/2026\/04\/portada-Victor-De-Diego-Haize-1080.jpg?resize=350%2C200&ssl=1","width":350,"height":200,"srcset":"https:\/\/i0.wp.com\/tomajazz.com\/web\/wp-content\/uploads\/2026\/04\/portada-Victor-De-Diego-Haize-1080.jpg?resize=350%2C200&ssl=1 1x, https:\/\/i0.wp.com\/tomajazz.com\/web\/wp-content\/uploads\/2026\/04\/portada-Victor-De-Diego-Haize-1080.jpg?resize=525%2C300&ssl=1 1.5x, https:\/\/i0.wp.com\/tomajazz.com\/web\/wp-content\/uploads\/2026\/04\/portada-Victor-De-Diego-Haize-1080.jpg?resize=700%2C400&ssl=1 2x"},"classes":[]},{"id":92059,"url":"https:\/\/tomajazz.com\/web\/universos-paralelos-t30-p10-2024-25\/","url_meta":{"origin":91682,"position":5},"title":"Universos Paralelos emisi\u00f3n 21 de noviembre de 2024 (UP.T.30 P.10) [Noticias de jazz]","author":"Tomajazz","date":"21 noviembre, 2024","format":false,"excerpt":"La nueva grabaci\u00f3n de Simon Moullier es el disco de portada de Universos Paralelos del 21 de noviembre de 2024, el programa de Sergio Cabanillas #Noticiasdejazz","rel":"","context":"En \u00abUniversos Paralelos - UP\u00bb","block_context":{"text":"Universos Paralelos - UP","link":"https:\/\/tomajazz.com\/web\/category\/contenidos\/noticias-2\/universos-paralelos-up\/"},"img":{"alt_text":"Universos Paralelos emisi\u00f3n 21 de noviembre de 2024 (UP.T.30 P.10) [Noticias de jazz] - Tomajazz - La nueva grabaci\u00f3n de Simon Moullier es el disco de portada de Universos Paralelos del 21 de noviembre de 2024, el programa de Sergio Cabanillas #Noticiasdejazz","src":"https:\/\/i0.wp.com\/tomajazz.com\/web\/wp-content\/uploads\/2024\/11\/destacada-Simon-Moullier-Elements-Of-Light-1080.jpg?resize=350%2C200&ssl=1","width":350,"height":200,"srcset":"https:\/\/i0.wp.com\/tomajazz.com\/web\/wp-content\/uploads\/2024\/11\/destacada-Simon-Moullier-Elements-Of-Light-1080.jpg?resize=350%2C200&ssl=1 1x, https:\/\/i0.wp.com\/tomajazz.com\/web\/wp-content\/uploads\/2024\/11\/destacada-Simon-Moullier-Elements-Of-Light-1080.jpg?resize=525%2C300&ssl=1 1.5x, https:\/\/i0.wp.com\/tomajazz.com\/web\/wp-content\/uploads\/2024\/11\/destacada-Simon-Moullier-Elements-Of-Light-1080.jpg?resize=700%2C400&ssl=1 2x"},"classes":[]}],"_links":{"self":[{"href":"https:\/\/tomajazz.com\/web\/wp-json\/wp\/v2\/posts\/91682","targetHints":{"allow":["GET"]}}],"collection":[{"href":"https:\/\/tomajazz.com\/web\/wp-json\/wp\/v2\/posts"}],"about":[{"href":"https:\/\/tomajazz.com\/web\/wp-json\/wp\/v2\/types\/post"}],"author":[{"embeddable":true,"href":"https:\/\/tomajazz.com\/web\/wp-json\/wp\/v2\/users\/1"}],"replies":[{"embeddable":true,"href":"https:\/\/tomajazz.com\/web\/wp-json\/wp\/v2\/comments?post=91682"}],"version-history":[{"count":2,"href":"https:\/\/tomajazz.com\/web\/wp-json\/wp\/v2\/posts\/91682\/revisions"}],"predecessor-version":[{"id":91687,"href":"https:\/\/tomajazz.com\/web\/wp-json\/wp\/v2\/posts\/91682\/revisions\/91687"}],"wp:featuredmedia":[{"embeddable":true,"href":"https:\/\/tomajazz.com\/web\/wp-json\/wp\/v2\/media\/91684"}],"wp:attachment":[{"href":"https:\/\/tomajazz.com\/web\/wp-json\/wp\/v2\/media?parent=91682"}],"wp:term":[{"taxonomy":"category","embeddable":true,"href":"https:\/\/tomajazz.com\/web\/wp-json\/wp\/v2\/categories?post=91682"},{"taxonomy":"post_tag","embeddable":true,"href":"https:\/\/tomajazz.com\/web\/wp-json\/wp\/v2\/tags?post=91682"}],"curies":[{"name":"wp","href":"https:\/\/api.w.org\/{rel}","templated":true}]}}