{"id":91728,"date":"2024-11-14T18:00:25","date_gmt":"2024-11-14T17:00:25","guid":{"rendered":"https:\/\/www.tomajazz.com\/web\/?p=91728"},"modified":"2024-11-13T20:46:54","modified_gmt":"2024-11-13T19:46:54","slug":"trueno-vitoria-gasteiz-2024","status":"publish","type":"post","link":"https:\/\/tomajazz.com\/web\/trueno-vitoria-gasteiz-2024\/","title":{"rendered":"Trueno (47 Festival de Jazz de Vitoria &#8211; Gasteiz. 2024-07-21) Por Jos\u00e9 Luis Luna Rocafort [INSTANTZZ AKA Galer\u00eda fotogr\u00e1fica AKA Fotoblog de jazz, impro\u2026 y algo m\u00e1s]"},"content":{"rendered":"<h3>Trueno<\/h3>\n<h3>47 Festival de Jazz de Vitoria &#8211; Gasteiz 2024<\/h3>\n<ul>\n<li>Fecha: Domingo, 21 de julio de 2024. 22:00h.<\/li>\n<li>Lugar: Polideportivo Mendizorrotza<\/li>\n<li>Formaci\u00f3n:<br \/>\nTrueno: voz<br \/>\nJuli\u00e1n Gallo: bajo el\u00e9ctrico<br \/>\nPedro Pasquale: guitarra el\u00e9ctrica<br \/>\nAugusto Dura\u00f1ona: teclados<br \/>\nCarlos Salas: percusi\u00f3n<br \/>\nGustavo Nicoleas\u00a0Taranto: bater\u00eda<\/li>\n<\/ul>\n<p style=\"text-align: center;\"><img loading=\"lazy\" decoding=\"async\" class=\"aligncenter size-full wp-image-91729\" title=\"Trueno (47 Festival de Jazz de Vitoria - Gasteiz. 2024-07-21) Por Jos\u00e9 Luis Luna Rocafort [INSTANTZZ AKA Galer\u00eda fotogr\u00e1fica AKA Fotoblog de jazz, impro\u2026 y algo m\u00e1s] Tomajazz 001\" src=\"https:\/\/tomajazz.com\/web\/wp-content\/uploads\/2024\/11\/001-10.jpg\" alt=\"Trueno (47 Festival de Jazz de Vitoria - Gasteiz. 2024-07-21) Por Jos\u00e9 Luis Luna Rocafort [INSTANTZZ AKA Galer\u00eda fotogr\u00e1fica AKA Fotoblog de jazz, impro\u2026 y algo m\u00e1s] - Tomajazz\" width=\"600\" height=\"400\" srcset=\"https:\/\/tomajazz.com\/web\/wp-content\/uploads\/2024\/11\/001-10.jpg 600w, https:\/\/tomajazz.com\/web\/wp-content\/uploads\/2024\/11\/001-10-300x200.jpg 300w, https:\/\/tomajazz.com\/web\/wp-content\/uploads\/2024\/11\/001-10-465x310.jpg 465w\" sizes=\"auto, (max-width: 600px) 100vw, 600px\" \/><\/p>\n<p><img loading=\"lazy\" decoding=\"async\" class=\"aligncenter size-large wp-image-91730\" title=\"Trueno (47 Festival de Jazz de Vitoria - Gasteiz. 2024-07-21) Por Jos\u00e9 Luis Luna Rocafort [INSTANTZZ AKA Galer\u00eda fotogr\u00e1fica AKA Fotoblog de jazz, impro\u2026 y algo m\u00e1s] Tomajazz 002\" src=\"https:\/\/tomajazz.com\/web\/wp-content\/uploads\/2024\/11\/002-10.jpg\" alt=\"Trueno (47 Festival de Jazz de Vitoria - Gasteiz. 2024-07-21) Por Jos\u00e9 Luis Luna Rocafort [INSTANTZZ AKA Galer\u00eda fotogr\u00e1fica AKA Fotoblog de jazz, impro\u2026 y algo m\u00e1s] - Tomajazz\" width=\"600\" height=\"400\" srcset=\"https:\/\/tomajazz.com\/web\/wp-content\/uploads\/2024\/11\/002-10.jpg 600w, https:\/\/tomajazz.com\/web\/wp-content\/uploads\/2024\/11\/002-10-300x200.jpg 300w, https:\/\/tomajazz.com\/web\/wp-content\/uploads\/2024\/11\/002-10-465x310.jpg 465w\" sizes=\"auto, (max-width: 600px) 100vw, 600px\" \/><\/p>\n<p><img loading=\"lazy\" decoding=\"async\" class=\"aligncenter size-large wp-image-91731\" title=\"Trueno (47 Festival de Jazz de Vitoria - Gasteiz. 2024-07-21) Por Jos\u00e9 Luis Luna Rocafort [INSTANTZZ AKA Galer\u00eda fotogr\u00e1fica AKA Fotoblog de jazz, impro\u2026 y algo m\u00e1s] Tomajazz 003\" src=\"https:\/\/tomajazz.com\/web\/wp-content\/uploads\/2024\/11\/003-10.jpg\" alt=\"Trueno (47 Festival de Jazz de Vitoria - Gasteiz. 2024-07-21) Por Jos\u00e9 Luis Luna Rocafort [INSTANTZZ AKA Galer\u00eda fotogr\u00e1fica AKA Fotoblog de jazz, impro\u2026 y algo m\u00e1s] - Tomajazz\" width=\"600\" height=\"400\" srcset=\"https:\/\/tomajazz.com\/web\/wp-content\/uploads\/2024\/11\/003-10.jpg 600w, https:\/\/tomajazz.com\/web\/wp-content\/uploads\/2024\/11\/003-10-300x200.jpg 300w, https:\/\/tomajazz.com\/web\/wp-content\/uploads\/2024\/11\/003-10-465x310.jpg 465w\" sizes=\"auto, (max-width: 600px) 100vw, 600px\" \/><\/p>\n<p><img loading=\"lazy\" decoding=\"async\" class=\"aligncenter size-large wp-image-91732\" title=\"Trueno (47 Festival de Jazz de Vitoria - Gasteiz. 2024-07-21) Por Jos\u00e9 Luis Luna Rocafort [INSTANTZZ AKA Galer\u00eda fotogr\u00e1fica AKA Fotoblog de jazz, impro\u2026 y algo m\u00e1s] Tomajazz 004\" src=\"https:\/\/tomajazz.com\/web\/wp-content\/uploads\/2024\/11\/004-10.jpg\" alt=\"Trueno (47 Festival de Jazz de Vitoria - Gasteiz. 2024-07-21) Por Jos\u00e9 Luis Luna Rocafort [INSTANTZZ AKA Galer\u00eda fotogr\u00e1fica AKA Fotoblog de jazz, impro\u2026 y algo m\u00e1s] - Tomajazz\" width=\"600\" height=\"400\" srcset=\"https:\/\/tomajazz.com\/web\/wp-content\/uploads\/2024\/11\/004-10.jpg 600w, https:\/\/tomajazz.com\/web\/wp-content\/uploads\/2024\/11\/004-10-300x200.jpg 300w, https:\/\/tomajazz.com\/web\/wp-content\/uploads\/2024\/11\/004-10-465x310.jpg 465w\" sizes=\"auto, (max-width: 600px) 100vw, 600px\" \/><\/p>\n<p><img loading=\"lazy\" decoding=\"async\" class=\"aligncenter size-large wp-image-91733\" title=\"Trueno (47 Festival de Jazz de Vitoria - Gasteiz. 2024-07-21) Por Jos\u00e9 Luis Luna Rocafort [INSTANTZZ AKA Galer\u00eda fotogr\u00e1fica AKA Fotoblog de jazz, impro\u2026 y algo m\u00e1s] Tomajazz 005\" src=\"https:\/\/tomajazz.com\/web\/wp-content\/uploads\/2024\/11\/005-10.jpg\" alt=\"Trueno (47 Festival de Jazz de Vitoria - Gasteiz. 2024-07-21) Por Jos\u00e9 Luis Luna Rocafort [INSTANTZZ AKA Galer\u00eda fotogr\u00e1fica AKA Fotoblog de jazz, impro\u2026 y algo m\u00e1s] - Tomajazz\" width=\"600\" height=\"400\" srcset=\"https:\/\/tomajazz.com\/web\/wp-content\/uploads\/2024\/11\/005-10.jpg 600w, https:\/\/tomajazz.com\/web\/wp-content\/uploads\/2024\/11\/005-10-300x200.jpg 300w, https:\/\/tomajazz.com\/web\/wp-content\/uploads\/2024\/11\/005-10-465x310.jpg 465w\" sizes=\"auto, (max-width: 600px) 100vw, 600px\" \/><\/p>\n<p><img loading=\"lazy\" decoding=\"async\" class=\"aligncenter size-large wp-image-91734\" title=\"Trueno (47 Festival de Jazz de Vitoria - Gasteiz. 2024-07-21) Por Jos\u00e9 Luis Luna Rocafort [INSTANTZZ AKA Galer\u00eda fotogr\u00e1fica AKA Fotoblog de jazz, impro\u2026 y algo m\u00e1s] Tomajazz 006\" src=\"https:\/\/tomajazz.com\/web\/wp-content\/uploads\/2024\/11\/006-10.jpg\" alt=\"Trueno (47 Festival de Jazz de Vitoria - Gasteiz. 2024-07-21) Por Jos\u00e9 Luis Luna Rocafort [INSTANTZZ AKA Galer\u00eda fotogr\u00e1fica AKA Fotoblog de jazz, impro\u2026 y algo m\u00e1s] - Tomajazz\" width=\"600\" height=\"400\" srcset=\"https:\/\/tomajazz.com\/web\/wp-content\/uploads\/2024\/11\/006-10.jpg 600w, https:\/\/tomajazz.com\/web\/wp-content\/uploads\/2024\/11\/006-10-300x200.jpg 300w, https:\/\/tomajazz.com\/web\/wp-content\/uploads\/2024\/11\/006-10-465x310.jpg 465w\" sizes=\"auto, (max-width: 600px) 100vw, 600px\" \/><\/p>\n<p><img loading=\"lazy\" decoding=\"async\" class=\"aligncenter size-large wp-image-91735\" title=\"Trueno (47 Festival de Jazz de Vitoria - Gasteiz. 2024-07-21) Por Jos\u00e9 Luis Luna Rocafort [INSTANTZZ AKA Galer\u00eda fotogr\u00e1fica AKA Fotoblog de jazz, impro\u2026 y algo m\u00e1s] Tomajazz 007\" src=\"https:\/\/tomajazz.com\/web\/wp-content\/uploads\/2024\/11\/007-10.jpg\" alt=\"Trueno (47 Festival de Jazz de Vitoria - Gasteiz. 2024-07-21) Por Jos\u00e9 Luis Luna Rocafort [INSTANTZZ AKA Galer\u00eda fotogr\u00e1fica AKA Fotoblog de jazz, impro\u2026 y algo m\u00e1s] - Tomajazz\" width=\"400\" height=\"600\" srcset=\"https:\/\/tomajazz.com\/web\/wp-content\/uploads\/2024\/11\/007-10.jpg 400w, https:\/\/tomajazz.com\/web\/wp-content\/uploads\/2024\/11\/007-10-200x300.jpg 200w, https:\/\/tomajazz.com\/web\/wp-content\/uploads\/2024\/11\/007-10-367x550.jpg 367w, https:\/\/tomajazz.com\/web\/wp-content\/uploads\/2024\/11\/007-10-333x500.jpg 333w\" sizes=\"auto, (max-width: 400px) 100vw, 400px\" \/><\/p>\n<p><img loading=\"lazy\" decoding=\"async\" class=\"aligncenter size-large wp-image-91736\" title=\"Trueno (47 Festival de Jazz de Vitoria - Gasteiz. 2024-07-21) Por Jos\u00e9 Luis Luna Rocafort [INSTANTZZ AKA Galer\u00eda fotogr\u00e1fica AKA Fotoblog de jazz, impro\u2026 y algo m\u00e1s] Tomajazz 008\" src=\"https:\/\/tomajazz.com\/web\/wp-content\/uploads\/2024\/11\/008-10.jpg\" alt=\"Trueno (47 Festival de Jazz de Vitoria - Gasteiz. 2024-07-21) Por Jos\u00e9 Luis Luna Rocafort [INSTANTZZ AKA Galer\u00eda fotogr\u00e1fica AKA Fotoblog de jazz, impro\u2026 y algo m\u00e1s] - Tomajazz\" width=\"400\" height=\"600\" srcset=\"https:\/\/tomajazz.com\/web\/wp-content\/uploads\/2024\/11\/008-10.jpg 400w, https:\/\/tomajazz.com\/web\/wp-content\/uploads\/2024\/11\/008-10-200x300.jpg 200w, https:\/\/tomajazz.com\/web\/wp-content\/uploads\/2024\/11\/008-10-367x550.jpg 367w, https:\/\/tomajazz.com\/web\/wp-content\/uploads\/2024\/11\/008-10-333x500.jpg 333w\" sizes=\"auto, (max-width: 400px) 100vw, 400px\" \/><\/p>\n<p><img loading=\"lazy\" decoding=\"async\" class=\"aligncenter size-large wp-image-91737\" title=\"Trueno (47 Festival de Jazz de Vitoria - Gasteiz. 2024-07-21) Por Jos\u00e9 Luis Luna Rocafort [INSTANTZZ AKA Galer\u00eda fotogr\u00e1fica AKA Fotoblog de jazz, impro\u2026 y algo m\u00e1s] Tomajazz 009\" src=\"https:\/\/tomajazz.com\/web\/wp-content\/uploads\/2024\/11\/009-10.jpg\" alt=\"Trueno (47 Festival de Jazz de Vitoria - Gasteiz. 2024-07-21) Por Jos\u00e9 Luis Luna Rocafort [INSTANTZZ AKA Galer\u00eda fotogr\u00e1fica AKA Fotoblog de jazz, impro\u2026 y algo m\u00e1s] - Tomajazz\" width=\"600\" height=\"400\" srcset=\"https:\/\/tomajazz.com\/web\/wp-content\/uploads\/2024\/11\/009-10.jpg 600w, https:\/\/tomajazz.com\/web\/wp-content\/uploads\/2024\/11\/009-10-300x200.jpg 300w, https:\/\/tomajazz.com\/web\/wp-content\/uploads\/2024\/11\/009-10-465x310.jpg 465w\" sizes=\"auto, (max-width: 600px) 100vw, 600px\" \/><\/p>\n<p><img loading=\"lazy\" decoding=\"async\" class=\"aligncenter size-large wp-image-91738\" title=\"Trueno (47 Festival de Jazz de Vitoria - Gasteiz. 2024-07-21) Por Jos\u00e9 Luis Luna Rocafort [INSTANTZZ AKA Galer\u00eda fotogr\u00e1fica AKA Fotoblog de jazz, impro\u2026 y algo m\u00e1s] Tomajazz 010\" src=\"https:\/\/tomajazz.com\/web\/wp-content\/uploads\/2024\/11\/010-10.jpg\" alt=\"Trueno (47 Festival de Jazz de Vitoria - Gasteiz. 2024-07-21) Por Jos\u00e9 Luis Luna Rocafort [INSTANTZZ AKA Galer\u00eda fotogr\u00e1fica AKA Fotoblog de jazz, impro\u2026 y algo m\u00e1s] - Tomajazz\" width=\"600\" height=\"400\" srcset=\"https:\/\/tomajazz.com\/web\/wp-content\/uploads\/2024\/11\/010-10.jpg 600w, https:\/\/tomajazz.com\/web\/wp-content\/uploads\/2024\/11\/010-10-300x200.jpg 300w, https:\/\/tomajazz.com\/web\/wp-content\/uploads\/2024\/11\/010-10-465x310.jpg 465w\" sizes=\"auto, (max-width: 600px) 100vw, 600px\" \/><\/p>\n<p><img loading=\"lazy\" decoding=\"async\" class=\"aligncenter size-large wp-image-91739\" title=\"Trueno (47 Festival de Jazz de Vitoria - Gasteiz. 2024-07-21) Por Jos\u00e9 Luis Luna Rocafort [INSTANTZZ AKA Galer\u00eda fotogr\u00e1fica AKA Fotoblog de jazz, impro\u2026 y algo m\u00e1s] Tomajazz 011\" src=\"https:\/\/tomajazz.com\/web\/wp-content\/uploads\/2024\/11\/011-9.jpg\" alt=\"Trueno (47 Festival de Jazz de Vitoria - Gasteiz. 2024-07-21) Por Jos\u00e9 Luis Luna Rocafort [INSTANTZZ AKA Galer\u00eda fotogr\u00e1fica AKA Fotoblog de jazz, impro\u2026 y algo m\u00e1s] - Tomajazz\" width=\"600\" height=\"400\" srcset=\"https:\/\/tomajazz.com\/web\/wp-content\/uploads\/2024\/11\/011-9.jpg 600w, https:\/\/tomajazz.com\/web\/wp-content\/uploads\/2024\/11\/011-9-300x200.jpg 300w, https:\/\/tomajazz.com\/web\/wp-content\/uploads\/2024\/11\/011-9-465x310.jpg 465w\" sizes=\"auto, (max-width: 600px) 100vw, 600px\" \/><\/p>\n<p><img loading=\"lazy\" decoding=\"async\" class=\"aligncenter size-large wp-image-91740\" title=\"Trueno (47 Festival de Jazz de Vitoria - Gasteiz. 2024-07-21) Por Jos\u00e9 Luis Luna Rocafort [INSTANTZZ AKA Galer\u00eda fotogr\u00e1fica AKA Fotoblog de jazz, impro\u2026 y algo m\u00e1s] Tomajazz 012\" src=\"https:\/\/tomajazz.com\/web\/wp-content\/uploads\/2024\/11\/012-9.jpg\" alt=\"Trueno (47 Festival de Jazz de Vitoria - Gasteiz. 2024-07-21) Por Jos\u00e9 Luis Luna Rocafort [INSTANTZZ AKA Galer\u00eda fotogr\u00e1fica AKA Fotoblog de jazz, impro\u2026 y algo m\u00e1s] - Tomajazz - El rapero Trueno actu\u00f3 en el 47 Festival de Jazz de Vitoria - Gasteiz, el 21 de julio de 2024. Jos\u00e9 Luis Luna Rocafort lo retrata en INSTANTZZ\" width=\"600\" height=\"400\" srcset=\"https:\/\/tomajazz.com\/web\/wp-content\/uploads\/2024\/11\/012-9.jpg 600w, https:\/\/tomajazz.com\/web\/wp-content\/uploads\/2024\/11\/012-9-300x200.jpg 300w, https:\/\/tomajazz.com\/web\/wp-content\/uploads\/2024\/11\/012-9-465x310.jpg 465w\" sizes=\"auto, (max-width: 600px) 100vw, 600px\" \/><\/p>\n<p><img loading=\"lazy\" decoding=\"async\" class=\"aligncenter size-large wp-image-91741\" title=\"Trueno (47 Festival de Jazz de Vitoria - Gasteiz. 2024-07-21) Por Jos\u00e9 Luis Luna Rocafort [INSTANTZZ AKA Galer\u00eda fotogr\u00e1fica AKA Fotoblog de jazz, impro\u2026 y algo m\u00e1s] Tomajazz 013\" src=\"https:\/\/tomajazz.com\/web\/wp-content\/uploads\/2024\/11\/013-8.jpg\" alt=\"Trueno (47 Festival de Jazz de Vitoria - Gasteiz. 2024-07-21) Por Jos\u00e9 Luis Luna Rocafort [INSTANTZZ AKA Galer\u00eda fotogr\u00e1fica AKA Fotoblog de jazz, impro\u2026 y algo m\u00e1s] - Tomajazz - El rapero Trueno actu\u00f3 en el 47 Festival de Jazz de Vitoria - Gasteiz, el 21 de julio de 2024. Jos\u00e9 Luis Luna Rocafort lo retrata en INSTANTZZ\" width=\"600\" height=\"400\" srcset=\"https:\/\/tomajazz.com\/web\/wp-content\/uploads\/2024\/11\/013-8.jpg 600w, https:\/\/tomajazz.com\/web\/wp-content\/uploads\/2024\/11\/013-8-300x200.jpg 300w, https:\/\/tomajazz.com\/web\/wp-content\/uploads\/2024\/11\/013-8-465x310.jpg 465w\" sizes=\"auto, (max-width: 600px) 100vw, 600px\" \/><\/p>\n<p><img loading=\"lazy\" decoding=\"async\" class=\"aligncenter size-large wp-image-91742\" title=\"Trueno (47 Festival de Jazz de Vitoria - Gasteiz. 2024-07-21) Por Jos\u00e9 Luis Luna Rocafort [INSTANTZZ AKA Galer\u00eda fotogr\u00e1fica AKA Fotoblog de jazz, impro\u2026 y algo m\u00e1s] Tomajazz 014\" src=\"https:\/\/tomajazz.com\/web\/wp-content\/uploads\/2024\/11\/014-8.jpg\" alt=\"Trueno (47 Festival de Jazz de Vitoria - Gasteiz. 2024-07-21) Por Jos\u00e9 Luis Luna Rocafort [INSTANTZZ AKA Galer\u00eda fotogr\u00e1fica AKA Fotoblog de jazz, impro\u2026 y algo m\u00e1s] - Tomajazz - El rapero Trueno actu\u00f3 en el 47 Festival de Jazz de Vitoria - Gasteiz, el 21 de julio de 2024. Jos\u00e9 Luis Luna Rocafort lo retrata en INSTANTZZ\" width=\"600\" height=\"400\" srcset=\"https:\/\/tomajazz.com\/web\/wp-content\/uploads\/2024\/11\/014-8.jpg 600w, https:\/\/tomajazz.com\/web\/wp-content\/uploads\/2024\/11\/014-8-300x200.jpg 300w, https:\/\/tomajazz.com\/web\/wp-content\/uploads\/2024\/11\/014-8-465x310.jpg 465w\" sizes=\"auto, (max-width: 600px) 100vw, 600px\" \/><\/p>\n<p><img loading=\"lazy\" decoding=\"async\" class=\"aligncenter size-large wp-image-91743\" title=\"Trueno (47 Festival de Jazz de Vitoria - Gasteiz. 2024-07-21) Por Jos\u00e9 Luis Luna Rocafort [INSTANTZZ AKA Galer\u00eda fotogr\u00e1fica AKA Fotoblog de jazz, impro\u2026 y algo m\u00e1s] Tomajazz 015\" src=\"https:\/\/tomajazz.com\/web\/wp-content\/uploads\/2024\/11\/015-8.jpg\" alt=\"Trueno (47 Festival de Jazz de Vitoria - Gasteiz. 2024-07-21) Por Jos\u00e9 Luis Luna Rocafort [INSTANTZZ AKA Galer\u00eda fotogr\u00e1fica AKA Fotoblog de jazz, impro\u2026 y algo m\u00e1s] - Tomajazz - El rapero Trueno actu\u00f3 en el 47 Festival de Jazz de Vitoria - Gasteiz, el 21 de julio de 2024. Jos\u00e9 Luis Luna Rocafort lo retrata en INSTANTZZ\" width=\"600\" height=\"400\" srcset=\"https:\/\/tomajazz.com\/web\/wp-content\/uploads\/2024\/11\/015-8.jpg 600w, https:\/\/tomajazz.com\/web\/wp-content\/uploads\/2024\/11\/015-8-300x200.jpg 300w, https:\/\/tomajazz.com\/web\/wp-content\/uploads\/2024\/11\/015-8-465x310.jpg 465w\" sizes=\"auto, (max-width: 600px) 100vw, 600px\" \/><\/p>\n<p><img loading=\"lazy\" decoding=\"async\" class=\"aligncenter size-large wp-image-91744\" title=\"Trueno (47 Festival de Jazz de Vitoria - Gasteiz. 2024-07-21) Por Jos\u00e9 Luis Luna Rocafort [INSTANTZZ AKA Galer\u00eda fotogr\u00e1fica AKA Fotoblog de jazz, impro\u2026 y algo m\u00e1s] Tomajazz 016\" src=\"https:\/\/tomajazz.com\/web\/wp-content\/uploads\/2024\/11\/016-8.jpg\" alt=\"Trueno (47 Festival de Jazz de Vitoria - Gasteiz. 2024-07-21) Por Jos\u00e9 Luis Luna Rocafort [INSTANTZZ AKA Galer\u00eda fotogr\u00e1fica AKA Fotoblog de jazz, impro\u2026 y algo m\u00e1s] - Tomajazz - El rapero Trueno actu\u00f3 en el 47 Festival de Jazz de Vitoria - Gasteiz, el 21 de julio de 2024. Jos\u00e9 Luis Luna Rocafort lo retrata en INSTANTZZ\" width=\"600\" height=\"400\" srcset=\"https:\/\/tomajazz.com\/web\/wp-content\/uploads\/2024\/11\/016-8.jpg 600w, https:\/\/tomajazz.com\/web\/wp-content\/uploads\/2024\/11\/016-8-300x200.jpg 300w, https:\/\/tomajazz.com\/web\/wp-content\/uploads\/2024\/11\/016-8-465x310.jpg 465w\" sizes=\"auto, (max-width: 600px) 100vw, 600px\" \/><\/p>\n<p><img loading=\"lazy\" decoding=\"async\" class=\"aligncenter size-large wp-image-91745\" title=\"Trueno (47 Festival de Jazz de Vitoria - Gasteiz. 2024-07-21) Por Jos\u00e9 Luis Luna Rocafort [INSTANTZZ AKA Galer\u00eda fotogr\u00e1fica AKA Fotoblog de jazz, impro\u2026 y algo m\u00e1s] Tomajazz 017\" src=\"https:\/\/tomajazz.com\/web\/wp-content\/uploads\/2024\/11\/017-4.jpg\" alt=\"Trueno (47 Festival de Jazz de Vitoria - Gasteiz. 2024-07-21) Por Jos\u00e9 Luis Luna Rocafort [INSTANTZZ AKA Galer\u00eda fotogr\u00e1fica AKA Fotoblog de jazz, impro\u2026 y algo m\u00e1s] - Tomajazz - El rapero Trueno actu\u00f3 en el 47 Festival de Jazz de Vitoria - Gasteiz, el 21 de julio de 2024. Jos\u00e9 Luis Luna Rocafort lo retrata en INSTANTZZ\" width=\"600\" height=\"400\" srcset=\"https:\/\/tomajazz.com\/web\/wp-content\/uploads\/2024\/11\/017-4.jpg 600w, https:\/\/tomajazz.com\/web\/wp-content\/uploads\/2024\/11\/017-4-300x200.jpg 300w, https:\/\/tomajazz.com\/web\/wp-content\/uploads\/2024\/11\/017-4-465x310.jpg 465w\" sizes=\"auto, (max-width: 600px) 100vw, 600px\" \/><\/p>\n<p><img loading=\"lazy\" decoding=\"async\" class=\"aligncenter size-large wp-image-91746\" title=\"Trueno (47 Festival de Jazz de Vitoria - Gasteiz. 2024-07-21) Por Jos\u00e9 Luis Luna Rocafort [INSTANTZZ AKA Galer\u00eda fotogr\u00e1fica AKA Fotoblog de jazz, impro\u2026 y algo m\u00e1s] Tomajazz 018\" src=\"https:\/\/tomajazz.com\/web\/wp-content\/uploads\/2024\/11\/018-4.jpg\" alt=\"Trueno (47 Festival de Jazz de Vitoria - Gasteiz. 2024-07-21) Por Jos\u00e9 Luis Luna Rocafort [INSTANTZZ AKA Galer\u00eda fotogr\u00e1fica AKA Fotoblog de jazz, impro\u2026 y algo m\u00e1s] - Tomajazz - El rapero Trueno actu\u00f3 en el 47 Festival de Jazz de Vitoria - Gasteiz, el 21 de julio de 2024. Jos\u00e9 Luis Luna Rocafort lo retrata en INSTANTZZ\" width=\"600\" height=\"400\" srcset=\"https:\/\/tomajazz.com\/web\/wp-content\/uploads\/2024\/11\/018-4.jpg 600w, https:\/\/tomajazz.com\/web\/wp-content\/uploads\/2024\/11\/018-4-300x200.jpg 300w, https:\/\/tomajazz.com\/web\/wp-content\/uploads\/2024\/11\/018-4-465x310.jpg 465w\" sizes=\"auto, (max-width: 600px) 100vw, 600px\" \/><\/p>\n<p style=\"text-align: right;\">Tomajazz: \u00a9\u00a0<strong><a href=\"https:\/\/www.facebook.com\/joseluis.lunarocafort\" target=\"_blank\" rel=\"noopener\">Jos\u00e9 Luis Luna Rocafort<\/a><\/strong>, 2024<\/p>\n<h3>M\u00e1s informaci\u00f3n<\/h3>\n<p><a href=\"https:\/\/www.instagram.com\/trueno\/\" target=\"_blank\" rel=\"noopener\">https:\/\/www.instagram.com\/trueno\/<\/a><\/p>\n<p><a href=\"https:\/\/tomajazz.com\/web\/?s=trueno&amp;submit=Search\" target=\"_blank\" rel=\"noopener\">https:\/\/tomajazz.com\/web\/?s=trueno&amp;submit=Search<\/a><\/p>\n<p><a href=\"https:\/\/tomajazz.com\/web\/?s=shintoma&amp;submit=Search\" target=\"_blank\" rel=\"noopener\">https:\/\/tomajazz.com\/web\/?s=shintoma&amp;submit=Search<\/a><\/p>\n<p><a href=\"https:\/\/jazzvitoria.com\/\" target=\"_blank\" rel=\"noopener\">https:\/\/jazzvitoria.com\/<\/a><\/p>\n<p><a href=\"https:\/\/tomajazz.com\/web\/?s=jazz+vitoria&amp;submit=Search\" target=\"_blank\" rel=\"noopener\">https:\/\/tomajazz.com\/web\/?s=jazz+vitoria&amp;submit=Search<\/a><\/p>\n<h3>47 Festival de Jazz de Vitoria &#8211; Gasteiz 2024 en Tomajazz<\/h3>\n<blockquote class=\"wp-embedded-content\" data-secret=\"iNUM0bUJtu\"><p><a href=\"https:\/\/tomajazz.com\/web\/wrth-47-festival-de-jazz-de-vitoria-gasteiz-2024\/\">WRTH (47 Festival de Jazz de Vitoria &#8211; Gasteiz. 2024-07-21) Por Jos\u00e9 Luis Luna Rocafort [INSTANTZZ AKA Galer\u00eda fotogr\u00e1fica AKA Fotoblog de jazz, impro\u2026 y algo m\u00e1s]<\/a><\/p><\/blockquote>\n<p><iframe loading=\"lazy\" class=\"wp-embedded-content\" sandbox=\"allow-scripts\" security=\"restricted\" style=\"position: absolute; visibility: hidden;\" title=\"\u00abWRTH (47 Festival de Jazz de Vitoria &#8211; Gasteiz. 2024-07-21) Por Jos\u00e9 Luis Luna Rocafort [INSTANTZZ AKA Galer\u00eda fotogr\u00e1fica AKA Fotoblog de jazz, impro\u2026 y algo m\u00e1s]\u00bb \u2014 Tomajazz\" src=\"https:\/\/tomajazz.com\/web\/wrth-47-festival-de-jazz-de-vitoria-gasteiz-2024\/embed\/#?secret=SPCgKF8H7W#?secret=iNUM0bUJtu\" data-secret=\"iNUM0bUJtu\" width=\"600\" height=\"338\" frameborder=\"0\" marginwidth=\"0\" marginheight=\"0\" scrolling=\"no\"><\/iframe><\/p>\n<blockquote class=\"wp-embedded-content\" data-secret=\"pKbU4CFWfC\"><p><a href=\"https:\/\/tomajazz.com\/web\/vulcanizadas-vitoria-2024\/\">Vulcanizadas (47 Festival de Jazz de Vitoria &#8211; Gasteiz. 2024-07-16) Por Jos\u00e9 Luis Luna Rocafort [INSTANTZZ AKA Galer\u00eda fotogr\u00e1fica AKA Fotoblog de jazz, impro\u2026 y algo m\u00e1s]<\/a><\/p><\/blockquote>\n<p><iframe loading=\"lazy\" class=\"wp-embedded-content\" sandbox=\"allow-scripts\" security=\"restricted\" style=\"position: absolute; visibility: hidden;\" title=\"\u00abVulcanizadas (47 Festival de Jazz de Vitoria &#8211; Gasteiz. 2024-07-16) Por Jos\u00e9 Luis Luna Rocafort [INSTANTZZ AKA Galer\u00eda fotogr\u00e1fica AKA Fotoblog de jazz, impro\u2026 y algo m\u00e1s]\u00bb \u2014 Tomajazz\" src=\"https:\/\/tomajazz.com\/web\/vulcanizadas-vitoria-2024\/embed\/#?secret=GHQVB2LFyq#?secret=pKbU4CFWfC\" data-secret=\"pKbU4CFWfC\" width=\"600\" height=\"338\" frameborder=\"0\" marginwidth=\"0\" marginheight=\"0\" scrolling=\"no\"><\/iframe><\/p>\n<blockquote class=\"wp-embedded-content\" data-secret=\"fsVoJCIyvM\"><p><a href=\"https:\/\/tomajazz.com\/web\/chucho-valdes-irakere-vitoria-2024\/\">Chucho Vald\u00e9s &#8211; Irakere 50 (47 Festival de Jazz de Vitoria &#8211; Gasteiz. 2024-07-20) Por Jos\u00e9 Luis Luna Rocafort [INSTANTZZ AKA Galer\u00eda fotogr\u00e1fica AKA Fotoblog de jazz, impro\u2026 y algo m\u00e1s]<\/a><\/p><\/blockquote>\n<p><iframe loading=\"lazy\" class=\"wp-embedded-content\" sandbox=\"allow-scripts\" security=\"restricted\" style=\"position: absolute; visibility: hidden;\" title=\"\u00abChucho Vald\u00e9s &#8211; Irakere 50 (47 Festival de Jazz de Vitoria &#8211; Gasteiz. 2024-07-20) Por Jos\u00e9 Luis Luna Rocafort [INSTANTZZ AKA Galer\u00eda fotogr\u00e1fica AKA Fotoblog de jazz, impro\u2026 y algo m\u00e1s]\u00bb \u2014 Tomajazz\" src=\"https:\/\/tomajazz.com\/web\/chucho-valdes-irakere-vitoria-2024\/embed\/#?secret=CvpbAKdDor#?secret=fsVoJCIyvM\" data-secret=\"fsVoJCIyvM\" width=\"600\" height=\"338\" frameborder=\"0\" marginwidth=\"0\" marginheight=\"0\" scrolling=\"no\"><\/iframe><\/p>\n<blockquote class=\"wp-embedded-content\" data-secret=\"MLO1LDBaqF\"><p><a href=\"https:\/\/tomajazz.com\/web\/yilian-canizares-trio-vitoria-gasteiz-2024\/\">Yilian Ca\u00f1izares Tr\u00edo (47 Festival de Jazz de Vitoria &#8211; Gasteiz. 2024-07-20) Por Jos\u00e9 Luis Luna Rocafort [INSTANTZZ AKA Galer\u00eda fotogr\u00e1fica AKA Fotoblog de jazz, impro\u2026 y algo m\u00e1s]<\/a><\/p><\/blockquote>\n<p><iframe loading=\"lazy\" class=\"wp-embedded-content\" sandbox=\"allow-scripts\" security=\"restricted\" style=\"position: absolute; visibility: hidden;\" title=\"\u00abYilian Ca\u00f1izares Tr\u00edo (47 Festival de Jazz de Vitoria &#8211; Gasteiz. 2024-07-20) Por Jos\u00e9 Luis Luna Rocafort [INSTANTZZ AKA Galer\u00eda fotogr\u00e1fica AKA Fotoblog de jazz, impro\u2026 y algo m\u00e1s]\u00bb \u2014 Tomajazz\" src=\"https:\/\/tomajazz.com\/web\/yilian-canizares-trio-vitoria-gasteiz-2024\/embed\/#?secret=pXxDtsYJHM#?secret=MLO1LDBaqF\" data-secret=\"MLO1LDBaqF\" width=\"600\" height=\"338\" frameborder=\"0\" marginwidth=\"0\" marginheight=\"0\" scrolling=\"no\"><\/iframe><\/p>\n<blockquote class=\"wp-embedded-content\" data-secret=\"rkyEbOXSIa\"><p><a href=\"https:\/\/tomajazz.com\/web\/big-band-berri-vitoria-2024\/\">Big Band Berri (47 Festival de Jazz de Vitoria &#8211; Gasteiz. 2024-07-15) Por Jos\u00e9 Luis Luna Rocafort [INSTANTZZ AKA Galer\u00eda fotogr\u00e1fica AKA Fotoblog de jazz, impro\u2026 y algo m\u00e1s]<\/a><\/p><\/blockquote>\n<p><iframe loading=\"lazy\" class=\"wp-embedded-content\" sandbox=\"allow-scripts\" security=\"restricted\" style=\"position: absolute; visibility: hidden;\" title=\"\u00abBig Band Berri (47 Festival de Jazz de Vitoria &#8211; Gasteiz. 2024-07-15) Por Jos\u00e9 Luis Luna Rocafort [INSTANTZZ AKA Galer\u00eda fotogr\u00e1fica AKA Fotoblog de jazz, impro\u2026 y algo m\u00e1s]\u00bb \u2014 Tomajazz\" src=\"https:\/\/tomajazz.com\/web\/big-band-berri-vitoria-2024\/embed\/#?secret=v0roAi4Vbn#?secret=rkyEbOXSIa\" data-secret=\"rkyEbOXSIa\" width=\"600\" height=\"338\" frameborder=\"0\" marginwidth=\"0\" marginheight=\"0\" scrolling=\"no\"><\/iframe><\/p>\n<blockquote class=\"wp-embedded-content\" data-secret=\"eXeaFrOo0E\"><p><a href=\"https:\/\/tomajazz.com\/web\/baptiste-trotignon-trio-vitoria-2024\/\">Baptiste Trotignon Trio (47 Festival de Jazz de Vitoria &#8211; Gasteiz. 2024-07-20) Por Jos\u00e9 Luis Luna Rocafort [INSTANTZZ AKA Galer\u00eda fotogr\u00e1fica AKA Fotoblog de jazz, impro\u2026 y algo m\u00e1s]<\/a><\/p><\/blockquote>\n<p><iframe loading=\"lazy\" class=\"wp-embedded-content\" sandbox=\"allow-scripts\" security=\"restricted\" style=\"position: absolute; visibility: hidden;\" title=\"\u00abBaptiste Trotignon Trio (47 Festival de Jazz de Vitoria &#8211; Gasteiz. 2024-07-20) Por Jos\u00e9 Luis Luna Rocafort [INSTANTZZ AKA Galer\u00eda fotogr\u00e1fica AKA Fotoblog de jazz, impro\u2026 y algo m\u00e1s]\u00bb \u2014 Tomajazz\" src=\"https:\/\/tomajazz.com\/web\/baptiste-trotignon-trio-vitoria-2024\/embed\/#?secret=4RfEC9mxwr#?secret=eXeaFrOo0E\" data-secret=\"eXeaFrOo0E\" width=\"600\" height=\"338\" frameborder=\"0\" marginwidth=\"0\" marginheight=\"0\" scrolling=\"no\"><\/iframe><\/p>\n<blockquote class=\"wp-embedded-content\" data-secret=\"SDpAuqa7mQ\"><p><a href=\"https:\/\/tomajazz.com\/web\/michel-camilo-tomatito-vitoria-2024\/\">Michel Camilo &#038; Tomatito (47 Festival de Jazz de Vitoria &#8211; Gasteiz. 2024-07-19) Por Jos\u00e9 Luis Luna Rocafort [INSTANTZZ AKA Galer\u00eda fotogr\u00e1fica AKA Fotoblog de jazz, impro\u2026 y algo m\u00e1s]<\/a><\/p><\/blockquote>\n<p><iframe loading=\"lazy\" class=\"wp-embedded-content\" sandbox=\"allow-scripts\" security=\"restricted\" style=\"position: absolute; visibility: hidden;\" title=\"\u00abMichel Camilo &#038; Tomatito (47 Festival de Jazz de Vitoria &#8211; Gasteiz. 2024-07-19) Por Jos\u00e9 Luis Luna Rocafort [INSTANTZZ AKA Galer\u00eda fotogr\u00e1fica AKA Fotoblog de jazz, impro\u2026 y algo m\u00e1s]\u00bb \u2014 Tomajazz\" src=\"https:\/\/tomajazz.com\/web\/michel-camilo-tomatito-vitoria-2024\/embed\/#?secret=PsS6ANjCki#?secret=SDpAuqa7mQ\" data-secret=\"SDpAuqa7mQ\" width=\"600\" height=\"338\" frameborder=\"0\" marginwidth=\"0\" marginheight=\"0\" scrolling=\"no\"><\/iframe><\/p>\n<blockquote class=\"wp-embedded-content\" data-secret=\"b0htnjTwtA\"><p><a href=\"https:\/\/tomajazz.com\/web\/patax-vitoria-gasteiz-2024\/\">Pat\u00e1x (47 Festival de Jazz de Vitoria &#8211; Gasteiz. 2024-07-13) Por Jos\u00e9 Luis Luna Rocafort [INSTANTZZ AKA Galer\u00eda fotogr\u00e1fica AKA Fotoblog de jazz, impro\u2026 y algo m\u00e1s]<\/a><\/p><\/blockquote>\n<p><iframe loading=\"lazy\" class=\"wp-embedded-content\" sandbox=\"allow-scripts\" security=\"restricted\" style=\"position: absolute; visibility: hidden;\" title=\"\u00abPat\u00e1x (47 Festival de Jazz de Vitoria &#8211; Gasteiz. 2024-07-13) Por Jos\u00e9 Luis Luna Rocafort [INSTANTZZ AKA Galer\u00eda fotogr\u00e1fica AKA Fotoblog de jazz, impro\u2026 y algo m\u00e1s]\u00bb \u2014 Tomajazz\" src=\"https:\/\/tomajazz.com\/web\/patax-vitoria-gasteiz-2024\/embed\/#?secret=cYyWB9UBcb#?secret=b0htnjTwtA\" data-secret=\"b0htnjTwtA\" width=\"600\" height=\"338\" frameborder=\"0\" marginwidth=\"0\" marginheight=\"0\" scrolling=\"no\"><\/iframe><\/p>\n<blockquote class=\"wp-embedded-content\" data-secret=\"mPKhyouEHp\"><p><a href=\"https:\/\/tomajazz.com\/web\/sumrra-nino-de-elche-vitoria-2024\/\">Sumrr\u00e1 &#038; Ni\u00f1o de Elche (47 Festival de Jazz de Vitoria &#8211; Gasteiz. 2024-07-19) Por Jos\u00e9 Luis Luna Rocafort [INSTANTZZ AKA Galer\u00eda fotogr\u00e1fica AKA Fotoblog de jazz, impro\u2026 y algo m\u00e1s]<\/a><\/p><\/blockquote>\n<p><iframe loading=\"lazy\" class=\"wp-embedded-content\" sandbox=\"allow-scripts\" security=\"restricted\" style=\"position: absolute; visibility: hidden;\" title=\"\u00abSumrr\u00e1 &#038; Ni\u00f1o de Elche (47 Festival de Jazz de Vitoria &#8211; Gasteiz. 2024-07-19) Por Jos\u00e9 Luis Luna Rocafort [INSTANTZZ AKA Galer\u00eda fotogr\u00e1fica AKA Fotoblog de jazz, impro\u2026 y algo m\u00e1s]\u00bb \u2014 Tomajazz\" src=\"https:\/\/tomajazz.com\/web\/sumrra-nino-de-elche-vitoria-2024\/embed\/#?secret=OFMWnxhk9Z#?secret=mPKhyouEHp\" data-secret=\"mPKhyouEHp\" width=\"600\" height=\"338\" frameborder=\"0\" marginwidth=\"0\" marginheight=\"0\" scrolling=\"no\"><\/iframe><\/p>\n<blockquote class=\"wp-embedded-content\" data-secret=\"BfBTQXowNg\"><p><a href=\"https:\/\/tomajazz.com\/web\/eddie-mejia-quartet-vitoria-2024\/\">Eddie Mej\u00eda Quartet (47 Festival de Jazz de Vitoria &#8211; Gasteiz. 2024-07-19) Por Jos\u00e9 Luis Luna Rocafort [INSTANTZZ AKA Galer\u00eda fotogr\u00e1fica AKA Fotoblog de jazz, impro\u2026 y algo m\u00e1s]<\/a><\/p><\/blockquote>\n<p><iframe loading=\"lazy\" class=\"wp-embedded-content\" sandbox=\"allow-scripts\" security=\"restricted\" style=\"position: absolute; visibility: hidden;\" title=\"\u00abEddie Mej\u00eda Quartet (47 Festival de Jazz de Vitoria &#8211; Gasteiz. 2024-07-19) Por Jos\u00e9 Luis Luna Rocafort [INSTANTZZ AKA Galer\u00eda fotogr\u00e1fica AKA Fotoblog de jazz, impro\u2026 y algo m\u00e1s]\u00bb \u2014 Tomajazz\" src=\"https:\/\/tomajazz.com\/web\/eddie-mejia-quartet-vitoria-2024\/embed\/#?secret=6AaKnyk6pl#?secret=BfBTQXowNg\" data-secret=\"BfBTQXowNg\" width=\"600\" height=\"338\" frameborder=\"0\" marginwidth=\"0\" marginheight=\"0\" scrolling=\"no\"><\/iframe><\/p>\n<blockquote class=\"wp-embedded-content\" data-secret=\"WGkX2iD8qQ\"><p><a href=\"https:\/\/tomajazz.com\/web\/vincen-garcia-47-vitoria-gasteiz-2024\/\">Vincen Garc\u00eda (47 Festival de Jazz de Vitoria &#8211; Gasteiz. 2024-07-13) Por Jos\u00e9 Luis Luna Rocafort [INSTANTZZ AKA Galer\u00eda fotogr\u00e1fica AKA Fotoblog de jazz, impro\u2026 y algo m\u00e1s]<\/a><\/p><\/blockquote>\n<p><iframe loading=\"lazy\" class=\"wp-embedded-content\" sandbox=\"allow-scripts\" security=\"restricted\" style=\"position: absolute; visibility: hidden;\" title=\"\u00abVincen Garc\u00eda (47 Festival de Jazz de Vitoria &#8211; Gasteiz. 2024-07-13) Por Jos\u00e9 Luis Luna Rocafort [INSTANTZZ AKA Galer\u00eda fotogr\u00e1fica AKA Fotoblog de jazz, impro\u2026 y algo m\u00e1s]\u00bb \u2014 Tomajazz\" src=\"https:\/\/tomajazz.com\/web\/vincen-garcia-47-vitoria-gasteiz-2024\/embed\/#?secret=0s7dZalGmS#?secret=WGkX2iD8qQ\" data-secret=\"WGkX2iD8qQ\" width=\"600\" height=\"338\" frameborder=\"0\" marginwidth=\"0\" marginheight=\"0\" scrolling=\"no\"><\/iframe><\/p>\n<blockquote class=\"wp-embedded-content\" data-secret=\"8y9BeNjJc0\"><p><a href=\"https:\/\/tomajazz.com\/web\/festival-de-jazz-de-vitoria-gasteiz-2024_2\/\">Joel Ross Quintet \/ Cecile Mclorin-Salvant Quartet (47 Festival de Jazz de Vitoria Gasteiz. 2024-07-18) Por Antonio Torres (texto y fotos), y Pepe Mateos (fotos) [Conciertos de Jazz]<\/a><\/p><\/blockquote>\n<p><iframe loading=\"lazy\" class=\"wp-embedded-content\" sandbox=\"allow-scripts\" security=\"restricted\" style=\"position: absolute; visibility: hidden;\" title=\"\u00abJoel Ross Quintet \/ Cecile Mclorin-Salvant Quartet (47 Festival de Jazz de Vitoria Gasteiz. 2024-07-18) Por Antonio Torres (texto y fotos), y Pepe Mateos (fotos) [Conciertos de Jazz]\u00bb \u2014 Tomajazz\" src=\"https:\/\/tomajazz.com\/web\/festival-de-jazz-de-vitoria-gasteiz-2024_2\/embed\/#?secret=oSpI6rk95M#?secret=8y9BeNjJc0\" data-secret=\"8y9BeNjJc0\" width=\"600\" height=\"338\" frameborder=\"0\" marginwidth=\"0\" marginheight=\"0\" scrolling=\"no\"><\/iframe><\/p>\n<blockquote class=\"wp-embedded-content\" data-secret=\"5CRP9xeNPO\"><p><a href=\"https:\/\/tomajazz.com\/web\/vic-mirallas-vitoria-gasteiz-2024\/\">Vic Mirallas (47 Festival de Jazz de Vitoria &#8211; Gasteiz. 2024-07-13) Por Jos\u00e9 Luis Luna Rocafort [INSTANTZZ AKA Galer\u00eda fotogr\u00e1fica AKA Fotoblog de jazz, impro\u2026 y algo m\u00e1s]<\/a><\/p><\/blockquote>\n<p><iframe loading=\"lazy\" class=\"wp-embedded-content\" sandbox=\"allow-scripts\" security=\"restricted\" style=\"position: absolute; visibility: hidden;\" title=\"\u00abVic Mirallas (47 Festival de Jazz de Vitoria &#8211; Gasteiz. 2024-07-13) Por Jos\u00e9 Luis Luna Rocafort [INSTANTZZ AKA Galer\u00eda fotogr\u00e1fica AKA Fotoblog de jazz, impro\u2026 y algo m\u00e1s]\u00bb \u2014 Tomajazz\" src=\"https:\/\/tomajazz.com\/web\/vic-mirallas-vitoria-gasteiz-2024\/embed\/#?secret=AQ3kVev7Lu#?secret=5CRP9xeNPO\" data-secret=\"5CRP9xeNPO\" width=\"600\" height=\"338\" frameborder=\"0\" marginwidth=\"0\" marginheight=\"0\" scrolling=\"no\"><\/iframe><\/p>\n<blockquote class=\"wp-embedded-content\" data-secret=\"p1svdmiHvv\"><p><a href=\"https:\/\/tomajazz.com\/web\/eme-eme-project-vitoria-2024\/\">Eme Eme Project (47 Festival de Jazz de Vitoria &#8211; Gasteiz. 2024-07-13) Por Jos\u00e9 Luis Luna Rocafort [INSTANTZZ AKA Galer\u00eda fotogr\u00e1fica AKA Fotoblog de jazz, impro\u2026 y algo m\u00e1s]<\/a><\/p><\/blockquote>\n<p><iframe loading=\"lazy\" class=\"wp-embedded-content\" sandbox=\"allow-scripts\" security=\"restricted\" style=\"position: absolute; visibility: hidden;\" title=\"\u00abEme Eme Project (47 Festival de Jazz de Vitoria &#8211; Gasteiz. 2024-07-13) Por Jos\u00e9 Luis Luna Rocafort [INSTANTZZ AKA Galer\u00eda fotogr\u00e1fica AKA Fotoblog de jazz, impro\u2026 y algo m\u00e1s]\u00bb \u2014 Tomajazz\" src=\"https:\/\/tomajazz.com\/web\/eme-eme-project-vitoria-2024\/embed\/#?secret=htN3S5ZFkJ#?secret=p1svdmiHvv\" data-secret=\"p1svdmiHvv\" width=\"600\" height=\"338\" frameborder=\"0\" marginwidth=\"0\" marginheight=\"0\" scrolling=\"no\"><\/iframe><\/p>\n<blockquote class=\"wp-embedded-content\" data-secret=\"ZL0Lz6D8nJ\"><p><a href=\"https:\/\/tomajazz.com\/web\/clara-peya-quintet-vitoria-2024\/\">Clara Peya Quintet (47 Festival de Jazz de Vitoria &#8211; Gasteiz. 2024-07-18) Por Jos\u00e9 Luis Luna Rocafort [INSTANTZZ AKA Galer\u00eda fotogr\u00e1fica AKA Fotoblog de jazz, impro\u2026 y algo m\u00e1s]<\/a><\/p><\/blockquote>\n<p><iframe loading=\"lazy\" class=\"wp-embedded-content\" sandbox=\"allow-scripts\" security=\"restricted\" style=\"position: absolute; visibility: hidden;\" title=\"\u00abClara Peya Quintet (47 Festival de Jazz de Vitoria &#8211; Gasteiz. 2024-07-18) Por Jos\u00e9 Luis Luna Rocafort [INSTANTZZ AKA Galer\u00eda fotogr\u00e1fica AKA Fotoblog de jazz, impro\u2026 y algo m\u00e1s]\u00bb \u2014 Tomajazz\" src=\"https:\/\/tomajazz.com\/web\/clara-peya-quintet-vitoria-2024\/embed\/#?secret=gAxv557khj#?secret=ZL0Lz6D8nJ\" data-secret=\"ZL0Lz6D8nJ\" width=\"600\" height=\"338\" frameborder=\"0\" marginwidth=\"0\" marginheight=\"0\" scrolling=\"no\"><\/iframe><\/p>\n<blockquote class=\"wp-embedded-content\" data-secret=\"M7Ap5k9Hw1\"><p><a href=\"https:\/\/tomajazz.com\/web\/raul-vera-vitoria-gasteiz-2024\/\">Ra\u00fcl Vera (47 Festival de Jazz de Vitoria &#8211; Gasteiz. 2024-07-13) Por Jos\u00e9 Luis Luna Rocafort [INSTANTZZ AKA Galer\u00eda fotogr\u00e1fica AKA Fotoblog de jazz, impro\u2026 y algo m\u00e1s]<\/a><\/p><\/blockquote>\n<p><iframe loading=\"lazy\" class=\"wp-embedded-content\" sandbox=\"allow-scripts\" security=\"restricted\" style=\"position: absolute; visibility: hidden;\" title=\"\u00abRa\u00fcl Vera (47 Festival de Jazz de Vitoria &#8211; Gasteiz. 2024-07-13) Por Jos\u00e9 Luis Luna Rocafort [INSTANTZZ AKA Galer\u00eda fotogr\u00e1fica AKA Fotoblog de jazz, impro\u2026 y algo m\u00e1s]\u00bb \u2014 Tomajazz\" src=\"https:\/\/tomajazz.com\/web\/raul-vera-vitoria-gasteiz-2024\/embed\/#?secret=mVJ2jpEdu2#?secret=M7Ap5k9Hw1\" data-secret=\"M7Ap5k9Hw1\" width=\"600\" height=\"338\" frameborder=\"0\" marginwidth=\"0\" marginheight=\"0\" scrolling=\"no\"><\/iframe><\/p>\n<blockquote class=\"wp-embedded-content\" data-secret=\"5T3yX2BW5P\"><p><a href=\"https:\/\/tomajazz.com\/web\/festival-de-jazz-de-vitoria-gasteiz-2024-01\/\">Pablo M. Caminero Tr\u00edo &#038; NDR Big Band \/ Terri Lyne Carrington Quintet (47 Festival de Jazz de Vitoria Gasteiz. 2024-07-17) Por Antonio Torres (texto y fotos), y Pepe Mateos (fotos) [Conciertos de Jazz]<\/a><\/p><\/blockquote>\n<p><iframe loading=\"lazy\" class=\"wp-embedded-content\" sandbox=\"allow-scripts\" security=\"restricted\" style=\"position: absolute; visibility: hidden;\" title=\"\u00abPablo M. Caminero Tr\u00edo &#038; NDR Big Band \/ Terri Lyne Carrington Quintet (47 Festival de Jazz de Vitoria Gasteiz. 2024-07-17) Por Antonio Torres (texto y fotos), y Pepe Mateos (fotos) [Conciertos de Jazz]\u00bb \u2014 Tomajazz\" src=\"https:\/\/tomajazz.com\/web\/festival-de-jazz-de-vitoria-gasteiz-2024-01\/embed\/#?secret=P5R1Dt5AoS#?secret=5T3yX2BW5P\" data-secret=\"5T3yX2BW5P\" width=\"600\" height=\"338\" frameborder=\"0\" marginwidth=\"0\" marginheight=\"0\" scrolling=\"no\"><\/iframe><\/p>\n<blockquote class=\"wp-embedded-content\" data-secret=\"xG5xhi39UH\"><p><a href=\"https:\/\/tomajazz.com\/web\/inaki-arakistain-jose-luis-kaele-group-vitoria-2024\/\">I\u00f1aki Arakistain &#038; Jos\u00e9 Luis Kaele Group (47 Festival de Jazz de Vitoria &#8211; Gasteiz. 2024-07-13) Por Jos\u00e9 Luis Luna Rocafort [INSTANTZZ AKA Galer\u00eda fotogr\u00e1fica AKA Fotoblog de jazz, impro\u2026 y algo m\u00e1s]<\/a><\/p><\/blockquote>\n<p><iframe loading=\"lazy\" class=\"wp-embedded-content\" sandbox=\"allow-scripts\" security=\"restricted\" style=\"position: absolute; visibility: hidden;\" title=\"\u00abI\u00f1aki Arakistain &#038; Jos\u00e9 Luis Kaele Group (47 Festival de Jazz de Vitoria &#8211; Gasteiz. 2024-07-13) Por Jos\u00e9 Luis Luna Rocafort [INSTANTZZ AKA Galer\u00eda fotogr\u00e1fica AKA Fotoblog de jazz, impro\u2026 y algo m\u00e1s]\u00bb \u2014 Tomajazz\" src=\"https:\/\/tomajazz.com\/web\/inaki-arakistain-jose-luis-kaele-group-vitoria-2024\/embed\/#?secret=je0bDi33dY#?secret=xG5xhi39UH\" data-secret=\"xG5xhi39UH\" width=\"600\" height=\"338\" frameborder=\"0\" marginwidth=\"0\" marginheight=\"0\" scrolling=\"no\"><\/iframe><\/p>\n<blockquote class=\"wp-embedded-content\" data-secret=\"LVveSbxPyA\"><p><a href=\"https:\/\/tomajazz.com\/web\/pablo-martin-caminero-ndr-bb-vitoria-2024\/\">Pablo Mart\u00edn Caminero Tr\u00edo + NDR Bigband (47 Festival de Jazz de Vitoria &#8211; Gasteiz. 2024-07-17) Por Jos\u00e9 Luis Luna Rocafort [INSTANTZZ AKA Galer\u00eda fotogr\u00e1fica AKA Fotoblog de jazz, impro\u2026 y algo m\u00e1s]<\/a><\/p><\/blockquote>\n<p><iframe loading=\"lazy\" class=\"wp-embedded-content\" sandbox=\"allow-scripts\" security=\"restricted\" style=\"position: absolute; visibility: hidden;\" title=\"\u00abPablo Mart\u00edn Caminero Tr\u00edo + NDR Bigband (47 Festival de Jazz de Vitoria &#8211; Gasteiz. 2024-07-17) Por Jos\u00e9 Luis Luna Rocafort [INSTANTZZ AKA Galer\u00eda fotogr\u00e1fica AKA Fotoblog de jazz, impro\u2026 y algo m\u00e1s]\u00bb \u2014 Tomajazz\" src=\"https:\/\/tomajazz.com\/web\/pablo-martin-caminero-ndr-bb-vitoria-2024\/embed\/#?secret=yzminSSORA#?secret=LVveSbxPyA\" data-secret=\"LVveSbxPyA\" width=\"600\" height=\"338\" frameborder=\"0\" marginwidth=\"0\" marginheight=\"0\" scrolling=\"no\"><\/iframe><\/p>\n<blockquote class=\"wp-embedded-content\" data-secret=\"gZWy5mkiAW\"><p><a href=\"https:\/\/tomajazz.com\/web\/femmm-vitoria-2024\/\">FEMMM &#038; Band (47 Festival de Jazz de Vitoria &#8211; Gasteiz. 2024-07-13) Por Jos\u00e9 Luis Luna Rocafort [INSTANTZZ AKA Galer\u00eda fotogr\u00e1fica AKA Fotoblog de jazz, impro\u2026 y algo m\u00e1s]<\/a><\/p><\/blockquote>\n<p><iframe loading=\"lazy\" class=\"wp-embedded-content\" sandbox=\"allow-scripts\" security=\"restricted\" style=\"position: absolute; visibility: hidden;\" title=\"\u00abFEMMM &#038; Band (47 Festival de Jazz de Vitoria &#8211; Gasteiz. 2024-07-13) Por Jos\u00e9 Luis Luna Rocafort [INSTANTZZ AKA Galer\u00eda fotogr\u00e1fica AKA Fotoblog de jazz, impro\u2026 y algo m\u00e1s]\u00bb \u2014 Tomajazz\" src=\"https:\/\/tomajazz.com\/web\/femmm-vitoria-2024\/embed\/#?secret=QOKSRqUf9A#?secret=gZWy5mkiAW\" data-secret=\"gZWy5mkiAW\" width=\"600\" height=\"338\" frameborder=\"0\" marginwidth=\"0\" marginheight=\"0\" scrolling=\"no\"><\/iframe><\/p>\n<blockquote class=\"wp-embedded-content\" data-secret=\"w43wxzDaNX\"><p><a href=\"https:\/\/tomajazz.com\/web\/sylvie-courvoisiers-chimera-vitoria-2024\/\">Sylvie Courvoisier&#8217;s Chimera Feat. Wadada Leo Smith (47 Festival de Jazz de Vitoria &#8211; Gasteiz. 2024-07-13) Por Jos\u00e9 Luis Luna Rocafort [INSTANTZZ AKA Galer\u00eda fotogr\u00e1fica AKA Fotoblog de jazz, impro\u2026 y algo m\u00e1s]<\/a><\/p><\/blockquote>\n<p><iframe loading=\"lazy\" class=\"wp-embedded-content\" sandbox=\"allow-scripts\" security=\"restricted\" style=\"position: absolute; visibility: hidden;\" title=\"\u00abSylvie Courvoisier&#8217;s Chimera Feat. Wadada Leo Smith (47 Festival de Jazz de Vitoria &#8211; Gasteiz. 2024-07-13) Por Jos\u00e9 Luis Luna Rocafort [INSTANTZZ AKA Galer\u00eda fotogr\u00e1fica AKA Fotoblog de jazz, impro\u2026 y algo m\u00e1s]\u00bb \u2014 Tomajazz\" src=\"https:\/\/tomajazz.com\/web\/sylvie-courvoisiers-chimera-vitoria-2024\/embed\/#?secret=FCh9wax7Ex#?secret=w43wxzDaNX\" data-secret=\"w43wxzDaNX\" width=\"600\" height=\"338\" frameborder=\"0\" marginwidth=\"0\" marginheight=\"0\" scrolling=\"no\"><\/iframe><\/p>\n<blockquote class=\"wp-embedded-content\" data-secret=\"qxTYNhXcW2\"><p><a href=\"https:\/\/tomajazz.com\/web\/mondays-club-stilt-vitoria_2024\/\">Mondays Club &#8211; Stilt (47 Festival de Jazz de Vitoria &#8211; Gasteiz. 2024-07-13) Por Jos\u00e9 Luis Luna Rocafort [INSTANTZZ AKA Galer\u00eda fotogr\u00e1fica AKA Fotoblog de jazz, impro\u2026 y algo m\u00e1s]<\/a><\/p><\/blockquote>\n<p><iframe loading=\"lazy\" class=\"wp-embedded-content\" sandbox=\"allow-scripts\" security=\"restricted\" style=\"position: absolute; visibility: hidden;\" title=\"\u00abMondays Club &#8211; Stilt (47 Festival de Jazz de Vitoria &#8211; Gasteiz. 2024-07-13) Por Jos\u00e9 Luis Luna Rocafort [INSTANTZZ AKA Galer\u00eda fotogr\u00e1fica AKA Fotoblog de jazz, impro\u2026 y algo m\u00e1s]\u00bb \u2014 Tomajazz\" src=\"https:\/\/tomajazz.com\/web\/mondays-club-stilt-vitoria_2024\/embed\/#?secret=l5eAtZQ95a#?secret=qxTYNhXcW2\" data-secret=\"qxTYNhXcW2\" width=\"600\" height=\"338\" frameborder=\"0\" marginwidth=\"0\" marginheight=\"0\" scrolling=\"no\"><\/iframe><\/p>\n<blockquote class=\"wp-embedded-content\" data-secret=\"aQZpLlCdUe\"><p><a href=\"https:\/\/tomajazz.com\/web\/myra-melford-vitoria-gasteiz-2024\/\">Myra Melford Fire &#038; Water Quintet (47 Festival de Jazz de Vitoria &#8211; Gasteiz. 2024-07-12) Por Jos\u00e9 Luis Luna Rocafort [INSTANTZZ AKA Galer\u00eda fotogr\u00e1fica AKA Fotoblog de jazz, impro\u2026 y algo m\u00e1s]<\/a><\/p><\/blockquote>\n<p><iframe loading=\"lazy\" class=\"wp-embedded-content\" sandbox=\"allow-scripts\" security=\"restricted\" style=\"position: absolute; visibility: hidden;\" title=\"\u00abMyra Melford Fire &#038; Water Quintet (47 Festival de Jazz de Vitoria &#8211; Gasteiz. 2024-07-12) Por Jos\u00e9 Luis Luna Rocafort [INSTANTZZ AKA Galer\u00eda fotogr\u00e1fica AKA Fotoblog de jazz, impro\u2026 y algo m\u00e1s]\u00bb \u2014 Tomajazz\" src=\"https:\/\/tomajazz.com\/web\/myra-melford-vitoria-gasteiz-2024\/embed\/#?secret=Bt7L97yqTU#?secret=aQZpLlCdUe\" data-secret=\"aQZpLlCdUe\" width=\"600\" height=\"338\" frameborder=\"0\" marginwidth=\"0\" marginheight=\"0\" scrolling=\"no\"><\/iframe><\/p>\n<blockquote class=\"wp-embedded-content\" data-secret=\"2SEpWAIrbW\"><p><a href=\"https:\/\/tomajazz.com\/web\/kinkfolk-vitoria-2024\/\">Kinkfolk (47 Festival de Jazz de Vitoria &#8211; Gasteiz. 2024-07-12) Por Jos\u00e9 Luis Luna Rocafort [INSTANTZZ AKA Galer\u00eda fotogr\u00e1fica AKA Fotoblog de jazz, impro\u2026 y algo m\u00e1s]<\/a><\/p><\/blockquote>\n<p><iframe loading=\"lazy\" class=\"wp-embedded-content\" sandbox=\"allow-scripts\" security=\"restricted\" style=\"position: absolute; visibility: hidden;\" title=\"\u00abKinkfolk (47 Festival de Jazz de Vitoria &#8211; Gasteiz. 2024-07-12) Por Jos\u00e9 Luis Luna Rocafort [INSTANTZZ AKA Galer\u00eda fotogr\u00e1fica AKA Fotoblog de jazz, impro\u2026 y algo m\u00e1s]\u00bb \u2014 Tomajazz\" src=\"https:\/\/tomajazz.com\/web\/kinkfolk-vitoria-2024\/embed\/#?secret=iaX0fDDAGs#?secret=2SEpWAIrbW\" data-secret=\"2SEpWAIrbW\" width=\"600\" height=\"338\" frameborder=\"0\" marginwidth=\"0\" marginheight=\"0\" scrolling=\"no\"><\/iframe><\/p>\n<blockquote class=\"wp-embedded-content\" data-secret=\"QGBU5xxOGV\"><p><a href=\"https:\/\/tomajazz.com\/web\/christie-dashiell-quartet-vitoria-2024\/\">Christie Dashiell Quartet (47 Festival de Jazz de Vitoria &#8211; Gasteiz. 2024-07-15) Por Jos\u00e9 Luis Luna Rocafort [INSTANTZZ AKA Galer\u00eda fotogr\u00e1fica AKA Fotoblog de jazz, impro\u2026 y algo m\u00e1s]<\/a><\/p><\/blockquote>\n<p><iframe loading=\"lazy\" class=\"wp-embedded-content\" sandbox=\"allow-scripts\" security=\"restricted\" style=\"position: absolute; visibility: hidden;\" title=\"\u00abChristie Dashiell Quartet (47 Festival de Jazz de Vitoria &#8211; Gasteiz. 2024-07-15) Por Jos\u00e9 Luis Luna Rocafort [INSTANTZZ AKA Galer\u00eda fotogr\u00e1fica AKA Fotoblog de jazz, impro\u2026 y algo m\u00e1s]\u00bb \u2014 Tomajazz\" src=\"https:\/\/tomajazz.com\/web\/christie-dashiell-quartet-vitoria-2024\/embed\/#?secret=zugyRWnwkV#?secret=QGBU5xxOGV\" data-secret=\"QGBU5xxOGV\" width=\"600\" height=\"338\" frameborder=\"0\" marginwidth=\"0\" marginheight=\"0\" scrolling=\"no\"><\/iframe><\/p>\n<blockquote class=\"wp-embedded-content\" data-secret=\"eOhrkAw5tR\"><p><a href=\"https:\/\/tomajazz.com\/web\/47-festival-de-jazz-de-vitoria-gasteiz-2024\/\">47 Festival de Jazz de Vitoria Gasteiz 2024 (Vitoria. 15 al 20 de julio de 2024) [Noticias de jazz]<\/a><\/p><\/blockquote>\n<p><iframe loading=\"lazy\" class=\"wp-embedded-content\" sandbox=\"allow-scripts\" security=\"restricted\" style=\"position: absolute; visibility: hidden;\" title=\"\u00ab47 Festival de Jazz de Vitoria Gasteiz 2024 (Vitoria. 15 al 20 de julio de 2024) [Noticias de jazz]\u00bb \u2014 Tomajazz\" src=\"https:\/\/tomajazz.com\/web\/47-festival-de-jazz-de-vitoria-gasteiz-2024\/embed\/#?secret=sCQGWODgC6#?secret=eOhrkAw5tR\" data-secret=\"eOhrkAw5tR\" width=\"600\" height=\"338\" frameborder=\"0\" marginwidth=\"0\" marginheight=\"0\" scrolling=\"no\"><\/iframe><\/p>\n<h3>Jos\u00e9 Luis Luna Rocafort en Tomajazz<\/h3>\n<p><a href=\"https:\/\/tomajazz.com\/web\/?cat=17846\" target=\"_blank\" rel=\"noopener\">https:\/\/tomajazz.com\/web\/?cat=17846<\/a><\/p>\n<p><a href=\"https:\/\/tomajazz.com\/web\/category\/jose-luis-luna-rocafort\/\" target=\"_blank\" rel=\"noopener\">https:\/\/tomajazz.com\/web\/category\/jose-luis-luna-rocafort\/<\/a><\/p>\n","protected":false},"excerpt":{"rendered":"<p>El rapero Trueno actu\u00f3 en el 47 Festival de Jazz de Vitoria &#8211; Gasteiz, el 21 de julio de 2024. Jos\u00e9 Luis Luna Rocafort lo retrata en INSTANTZZ<span class=\"more-link\"><a href=\"https:\/\/tomajazz.com\/web\/trueno-vitoria-gasteiz-2024\/\">Contin\u00faa leyendo<\/a><\/span><\/p>\n","protected":false},"author":1,"featured_media":91732,"comment_status":"open","ping_status":"closed","sticky":false,"template":"","format":"standard","meta":{"_jetpack_newsletter_access":"","_jetpack_dont_email_post_to_subs":false,"_jetpack_newsletter_tier_id":0,"_jetpack_memberships_contains_paywalled_content":false,"_jetpack_feature_clip_id":0,"_jetpack_memberships_contains_paid_content":false,"footnotes":"","jetpack_post_was_ever_published":false},"categories":[31360,17846,11262,15516,11261,30083,1038],"tags":[],"class_list":["entry","author-pachi","has-excerpt","post-91728","post","type-post","status-publish","format-standard","has-post-thumbnail","category-47-festival-de-jazz-de-vitoria-gasteiz-2024","category-jose-luis-luna-rocafort","category-photoblogs","category-imagenes","category-instantzz","category-outstantzz","category-contenidos"],"jetpack_likes_enabled":true,"jetpack_sharing_enabled":true,"jetpack-related-posts":[{"id":106468,"url":"https:\/\/tomajazz.com\/web\/amaro-freitas-trio-vitoria-2026\/","url_meta":{"origin":91728,"position":0},"title":"Amaro Freitas Tr\u00edo (49 Festival de Jazz de Vitoria-Gasteiz 2026. 2026-07-13) Por Jos\u00e9 Luis Luna Rocafort [INSTANTZZ AKA Galer\u00eda fotogr\u00e1fica AKA Fotoblog de jazz, impro\u2026 y algo m\u00e1s]","author":"Tomajazz","date":"14 agosto, 2026","format":false,"excerpt":"Amaro Freitas Tr\u00edo actu\u00f3 en el 49 Festival de Jazz de Vitoria-Gasteiz 2026, el 13 de julio de 2026. Jos\u00e9 Luis Luna Rocafort lo retrata en INSTANTZZ. Actuaron Amaro Freitas, Sidiel Vieira, Rodrigo Digao Brez","rel":"","context":"En \u00ab*_Jos\u00e9 Luis Luna Rocafort\u00bb","block_context":{"text":"*_Jos\u00e9 Luis Luna Rocafort","link":"https:\/\/tomajazz.com\/web\/category\/jose-luis-luna-rocafort\/"},"img":{"alt_text":"Amaro Freitas Tr\u00edo (49 Festival de Jazz de Vitoria-Gasteiz 2026. 2026-07-13) Por Jos\u00e9 Luis Luna Rocafort [INSTANTZZ AKA Galer\u00eda fotogr\u00e1fica AKA Fotoblog de jazz, impro\u2026 y algo m\u00e1s] - Tomajazz - Amaro Freitas Tr\u00edo actu\u00f3 en el 49 Festival de Jazz de Vitoria-Gasteiz 2026, el 13 de julio de 2026. Jos\u00e9 Luis Luna Rocafort lo retrata en INSTANTZZ. Actuaron Amaro Freitas, Sidiel Vieira, Rodrigo Digao Brez","src":"https:\/\/i0.wp.com\/tomajazz.com\/web\/wp-content\/uploads\/2026\/08\/020-3.jpg?resize=350%2C200&ssl=1","width":350,"height":200,"srcset":"https:\/\/i0.wp.com\/tomajazz.com\/web\/wp-content\/uploads\/2026\/08\/020-3.jpg?resize=350%2C200&ssl=1 1x, https:\/\/i0.wp.com\/tomajazz.com\/web\/wp-content\/uploads\/2026\/08\/020-3.jpg?resize=525%2C300&ssl=1 1.5x"},"classes":[]},{"id":106797,"url":"https:\/\/tomajazz.com\/web\/gasteiz-big-band-vitoria-2026\/","url_meta":{"origin":91728,"position":1},"title":"Gasteiz Big Band (49 Festival de Jazz de Vitoria-Gasteiz 2026. 2026-07-11) Por Jos\u00e9 Luis Luna Rocafort [INSTANTZZ AKA Galer\u00eda fotogr\u00e1fica AKA Fotoblog de jazz, impro\u2026 y algo m\u00e1s]","author":"Tomajazz","date":"27 agosto, 2026","format":false,"excerpt":"Gasteiz Big Band actu\u00f3 en el 49 Festival de Jazz de Vitoria-Gasteiz 2026. Jos\u00e9 Luis Luna Rocafort lo retrata en INSTANTZZ","rel":"","context":"En \u00ab49 Festival de Jazz de Vitoria-Gasteiz 2026\u00bb","block_context":{"text":"49 Festival de Jazz de Vitoria-Gasteiz 2026","link":"https:\/\/tomajazz.com\/web\/category\/contenidos\/especial-contenidos\/49-festival-de-jazz-de-vitoria-gasteiz-2026\/"},"img":{"alt_text":"Gasteiz Big Band (49 Festival de Jazz de Vitoria-Gasteiz 2026. 2026-07-11) Por Jos\u00e9 Luis Luna Rocafort [INSTANTZZ AKA Galer\u00eda fotogr\u00e1fica AKA Fotoblog de jazz, impro\u2026 y algo m\u00e1s] - Tomajazz - Gasteiz Big Band actu\u00f3 en el 49 Festival de Jazz de Vitoria-Gasteiz 2026. Jos\u00e9 Luis Luna Rocafort lo retrata en INSTANTZZ","src":"https:\/\/i0.wp.com\/tomajazz.com\/web\/wp-content\/uploads\/2026\/08\/014-12.jpg?resize=350%2C200&ssl=1","width":350,"height":200,"srcset":"https:\/\/i0.wp.com\/tomajazz.com\/web\/wp-content\/uploads\/2026\/08\/014-12.jpg?resize=350%2C200&ssl=1 1x, https:\/\/i0.wp.com\/tomajazz.com\/web\/wp-content\/uploads\/2026\/08\/014-12.jpg?resize=525%2C300&ssl=1 1.5x"},"classes":[]},{"id":106737,"url":"https:\/\/tomajazz.com\/web\/new-jazz-underground-vitoria-2026\/","url_meta":{"origin":91728,"position":2},"title":"New Jazz Underground (49 Festival de Jazz de Vitoria-Gasteiz 2026. 2026-07-14) Por Jos\u00e9 Luis Luna Rocafort [INSTANTZZ AKA Galer\u00eda fotogr\u00e1fica AKA Fotoblog de jazz, impro\u2026 y algo m\u00e1s]","author":"Tomajazz","date":"25 agosto, 2026","format":false,"excerpt":"New Jazz Underground actu\u00f3 en el 49 Festival de Jazz de Vitoria-Gasteiz 2026. Jos\u00e9 Luis Luna Rocafort lo retrata en INSTANTZZ. New Jazz Underground son Abdias Armenteros, Sebastian R\u00edos, TJ Reddick","rel":"","context":"En \u00ab49 Festival de Jazz de Vitoria-Gasteiz 2026\u00bb","block_context":{"text":"49 Festival de Jazz de Vitoria-Gasteiz 2026","link":"https:\/\/tomajazz.com\/web\/category\/contenidos\/especial-contenidos\/49-festival-de-jazz-de-vitoria-gasteiz-2026\/"},"img":{"alt_text":"New Jazz Underground (49 Festival de Jazz de Vitoria-Gasteiz 2026. 2026-07-14) Por Jos\u00e9 Luis Luna Rocafort [INSTANTZZ AKA Galer\u00eda fotogr\u00e1fica AKA Fotoblog de jazz, impro\u2026 y algo m\u00e1s] - Tomajazz - New Jazz Underground actu\u00f3 en el 49 Festival de Jazz de Vitoria-Gasteiz 2026. Jos\u00e9 Luis Luna Rocafort lo retrata en INSTANTZZ. New Jazz Underground son Abdias Armenteros, Sebastian R\u00edos, TJ Reddick","src":"https:\/\/i0.wp.com\/tomajazz.com\/web\/wp-content\/uploads\/2026\/08\/010-12.jpg?resize=350%2C200&ssl=1","width":350,"height":200,"srcset":"https:\/\/i0.wp.com\/tomajazz.com\/web\/wp-content\/uploads\/2026\/08\/010-12.jpg?resize=350%2C200&ssl=1 1x, https:\/\/i0.wp.com\/tomajazz.com\/web\/wp-content\/uploads\/2026\/08\/010-12.jpg?resize=525%2C300&ssl=1 1.5x"},"classes":[]},{"id":106877,"url":"https:\/\/tomajazz.com\/web\/iosu-izaguirre-sextet-vitoria-2026\/","url_meta":{"origin":91728,"position":3},"title":"Iosu Izaguirre Sextet (49 Festival de Jazz de Vitoria-Gasteiz 2026. 2026-07-15) Por Jos\u00e9 Luis Luna Rocafort [INSTANTZZ AKA Galer\u00eda fotogr\u00e1fica AKA Fotoblog de jazz, impro\u2026 y algo m\u00e1s]","author":"Tomajazz","date":"31 agosto, 2026","format":false,"excerpt":"Iosu Izaguirre Sextet actu\u00f3 en el 49 Festival de Jazz de Vitoria-Gasteiz 2026, el 15 de julio de 2026. Jos\u00e9 Luis Luna Rocafort lo retrata en INSTANTZZ. Iosu Izaguirre Sextet son Iosu Izaguirre, Pablo Ramos, Rub\u00e9n Salvador, Asier Iturbe, Koldo Uriarte, Aitor Bravo, Virginia de la Casa","rel":"","context":"En \u00ab49 Festival de Jazz de Vitoria-Gasteiz 2026\u00bb","block_context":{"text":"49 Festival de Jazz de Vitoria-Gasteiz 2026","link":"https:\/\/tomajazz.com\/web\/category\/contenidos\/especial-contenidos\/49-festival-de-jazz-de-vitoria-gasteiz-2026\/"},"img":{"alt_text":"Iosu Izaguirre Sextet (49 Festival de Jazz de Vitoria-Gasteiz 2026. 2026-07-15) Por Jos\u00e9 Luis Luna Rocafort [INSTANTZZ AKA Galer\u00eda fotogr\u00e1fica AKA Fotoblog de jazz, impro\u2026 y algo m\u00e1s] - Tomajazz - Iosu Izaguirre Sextet actu\u00f3 en el 49 Festival de Jazz de Vitoria-Gasteiz 2026, el 15 de julio de 2026. Jos\u00e9 Luis Luna Rocafort lo retrata en INSTANTZZ. Iosu Izaguirre Sextet son Iosu Izaguirre, Pablo Ramos, Rub\u00e9n Salvador, Asier Iturbe, Koldo Uriarte, Aitor Bravo, Virginia de la Casa","src":"https:\/\/i0.wp.com\/tomajazz.com\/web\/wp-content\/uploads\/2026\/08\/016-14.jpg?resize=350%2C200&ssl=1","width":350,"height":200,"srcset":"https:\/\/i0.wp.com\/tomajazz.com\/web\/wp-content\/uploads\/2026\/08\/016-14.jpg?resize=350%2C200&ssl=1 1x, https:\/\/i0.wp.com\/tomajazz.com\/web\/wp-content\/uploads\/2026\/08\/016-14.jpg?resize=525%2C300&ssl=1 1.5x"},"classes":[]},{"id":106565,"url":"https:\/\/tomajazz.com\/web\/rupanco-vitoria-2026\/","url_meta":{"origin":91728,"position":4},"title":"Rupanco (49 Festival de Jazz de Vitoria-Gasteiz 2026. 2026-07-10) Por Jos\u00e9 Luis Luna Rocafort [INSTANTZZ AKA Galer\u00eda fotogr\u00e1fica AKA Fotoblog de jazz, impro\u2026 y algo m\u00e1s]","author":"Tomajazz","date":"18 agosto, 2026","format":false,"excerpt":"Rupanco actu\u00f3 en el 49 Festival de Jazz de Vitoria-Gasteiz 2026. Jos\u00e9 Luis Luna Rocafort lo retrata en INSTANTZZ. Rupanco son Agust\u00edn Chaves, Jon G. Labat, Jorge S\u00e1nchez, Aritza Castro, Aimar Palacios","rel":"","context":"En \u00ab49 Festival de Jazz de Vitoria-Gasteiz 2026\u00bb","block_context":{"text":"49 Festival de Jazz de Vitoria-Gasteiz 2026","link":"https:\/\/tomajazz.com\/web\/category\/contenidos\/especial-contenidos\/49-festival-de-jazz-de-vitoria-gasteiz-2026\/"},"img":{"alt_text":"Rupanco (49 Festival de Jazz de Vitoria-Gasteiz 2026. 2026-07-08) Por Jos\u00e9 Luis Luna Rocafort [INSTANTZZ AKA Galer\u00eda fotogr\u00e1fica AKA Fotoblog de jazz, impro\u2026 y algo m\u00e1s] - Tomajazz - Rupanco actu\u00f3 en el 49 Festival de Jazz de Vitoria-Gasteiz 2026. Jos\u00e9 Luis Luna Rocafort lo retrata en INSTANTZZ. Rupanco son Agust\u00edn Chaves, Jon G. Labat, Jorge S\u00e1nchez, Aritza Castro, Aimar Palacios","src":"https:\/\/i0.wp.com\/tomajazz.com\/web\/wp-content\/uploads\/2026\/08\/002-7.jpg?resize=350%2C200&ssl=1","width":350,"height":200,"srcset":"https:\/\/i0.wp.com\/tomajazz.com\/web\/wp-content\/uploads\/2026\/08\/002-7.jpg?resize=350%2C200&ssl=1 1x, https:\/\/i0.wp.com\/tomajazz.com\/web\/wp-content\/uploads\/2026\/08\/002-7.jpg?resize=525%2C300&ssl=1 1.5x"},"classes":[]},{"id":91855,"url":"https:\/\/tomajazz.com\/web\/sunset-rhythm-kings-vitoria-2024\/","url_meta":{"origin":91728,"position":5},"title":"Sunset Rhythm Kings (47 Festival de Jazz de Vitoria &#8211; Gasteiz. 2024-07-20) Por Jos\u00e9 Luis Luna Rocafort [INSTANTZZ AKA Galer\u00eda fotogr\u00e1fica AKA Fotoblog de jazz, impro\u2026 y algo m\u00e1s]","author":"Tomajazz","date":"16 noviembre, 2024","format":false,"excerpt":"Sunset Rhythm Kings actu\u00f3 en el 47 Festival de Jazz de Vitoria - Gasteiz, el 20 de julio de 2024 dando un pasacalles por el centro de Vitoria. Jos\u00e9 Luis Luna Rocafort los retrata en INSTANTZZ","rel":"","context":"En \u00ab47 Festival de Jazz de Vitoria Gasteiz 2024\u00bb","block_context":{"text":"47 Festival de Jazz de Vitoria Gasteiz 2024","link":"https:\/\/tomajazz.com\/web\/category\/contenidos\/especial-contenidos\/47-festival-de-jazz-de-vitoria-gasteiz-2024\/"},"img":{"alt_text":"Sunset Rhythm Kings (47 Festival de Jazz de Vitoria - Gasteiz. 2024-07-20) Por Jos\u00e9 Luis Luna Rocafort [INSTANTZZ AKA Galer\u00eda fotogr\u00e1fica AKA Fotoblog de jazz, impro\u2026 y algo m\u00e1s] - Tomajazz - Sunset Rhythm Kings actu\u00f3 en el 47 Festival de Jazz de Vitoria - Gasteiz, el 20 de julio de 2024 dando un pasacalles por el centro de Vitoria. Jos\u00e9 Luis Luna Rocafort retrata en INSTANTZZ a la formaci\u00f3n oAKA Galer\u00eda fotogr\u00e1fica AKA Fotoblog de jazz, impro\u2026 y algo m\u00e1s]","src":"https:\/\/i0.wp.com\/tomajazz.com\/web\/wp-content\/uploads\/2024\/11\/005-12.jpg?resize=350%2C200&ssl=1","width":350,"height":200,"srcset":"https:\/\/i0.wp.com\/tomajazz.com\/web\/wp-content\/uploads\/2024\/11\/005-12.jpg?resize=350%2C200&ssl=1 1x, https:\/\/i0.wp.com\/tomajazz.com\/web\/wp-content\/uploads\/2024\/11\/005-12.jpg?resize=525%2C300&ssl=1 1.5x"},"classes":[]}],"jetpack_featured_media_url":"https:\/\/tomajazz.com\/web\/wp-content\/uploads\/2024\/11\/004-10.jpg","_links":{"self":[{"href":"https:\/\/tomajazz.com\/web\/wp-json\/wp\/v2\/posts\/91728","targetHints":{"allow":["GET"]}}],"collection":[{"href":"https:\/\/tomajazz.com\/web\/wp-json\/wp\/v2\/posts"}],"about":[{"href":"https:\/\/tomajazz.com\/web\/wp-json\/wp\/v2\/types\/post"}],"author":[{"embeddable":true,"href":"https:\/\/tomajazz.com\/web\/wp-json\/wp\/v2\/users\/1"}],"replies":[{"embeddable":true,"href":"https:\/\/tomajazz.com\/web\/wp-json\/wp\/v2\/comments?post=91728"}],"version-history":[{"count":1,"href":"https:\/\/tomajazz.com\/web\/wp-json\/wp\/v2\/posts\/91728\/revisions"}],"predecessor-version":[{"id":91747,"href":"https:\/\/tomajazz.com\/web\/wp-json\/wp\/v2\/posts\/91728\/revisions\/91747"}],"wp:featuredmedia":[{"embeddable":true,"href":"https:\/\/tomajazz.com\/web\/wp-json\/wp\/v2\/media\/91732"}],"wp:attachment":[{"href":"https:\/\/tomajazz.com\/web\/wp-json\/wp\/v2\/media?parent=91728"}],"wp:term":[{"taxonomy":"category","embeddable":true,"href":"https:\/\/tomajazz.com\/web\/wp-json\/wp\/v2\/categories?post=91728"},{"taxonomy":"post_tag","embeddable":true,"href":"https:\/\/tomajazz.com\/web\/wp-json\/wp\/v2\/tags?post=91728"}],"curies":[{"name":"wp","href":"https:\/\/api.w.org\/{rel}","templated":true}]}}