{"id":92149,"date":"2024-11-23T12:00:57","date_gmt":"2024-11-23T11:00:57","guid":{"rendered":"https:\/\/tomajazz.com\/web\/?p=92149"},"modified":"2024-11-23T11:47:46","modified_gmt":"2024-11-23T10:47:46","slug":"abajur-jazzebre-2024","status":"publish","type":"post","link":"https:\/\/tomajazz.com\/web\/abajur-jazzebre-2024\/","title":{"rendered":"Abajur (36\u00e8me Jazz\u00e8bre \/ Th\u00e9\u00e2tre Municipal, 2024-10-11. Perpignan -France-) [III] Por Joan Cort\u00e8s [INSTANTZZ AKA Galer\u00eda fotogr\u00e1fica AKA Fotoblog de jazz, impro\u2026 y algo m\u00e1s]"},"content":{"rendered":"<h3><strong>Abajur\u00a0<\/strong><\/h3>\n<h3>36\u00e8me Jazz\u00e8bre<\/h3>\n<ul>\n<li>Fecha: Viernes, 11 de octubre de 2024 (18h30)<\/li>\n<li>Lugar: Th\u00e9\u00e2tre Municipal (Perpignan\/ France)<\/li>\n<li>Componentes:<br \/>\nJu\u00e7ara Mar\u00e7al, voz y textos<br \/>\nChristophe Rocher, clarinetes<br \/>\nLello Bezerra, guitarra<br \/>\nClara Bastos, bajo<br \/>\nFr\u00e9d\u00e9ric B. Briet, contrabajo<br \/>\nMauricio Takara, bater\u00eda<br \/>\nNicolas Pointard, bater\u00eda<\/li>\n<\/ul>\n<p style=\"text-align: center;\"><img loading=\"lazy\" decoding=\"async\" class=\"aligncenter size-full wp-image-92150\" title=\"Abajur (36\u00e8me Jazz\u00e8bre \/ Th\u00e9\u00e2tre Municipal, 2024-10-11. Perpignan -France-) [III] Por Joan Cort\u00e8s [INSTANTZZ AKA Galer\u00eda fotogr\u00e1fica AKA Fotoblog de jazz, impro\u2026 y algo m\u00e1s] Tomajazz 01 bjr \u00a9Joan Cort\u00e8s 11ctb24 36Jzzbr TM Prpny\" src=\"https:\/\/tomajazz.com\/web\/wp-content\/uploads\/2024\/11\/01-bjr-\u00a9Joan-Cortes-11ctb24-36Jzzbr-TM-Prpny.jpg\" alt=\"Abajur (36\u00e8me Jazz\u00e8bre \/ Th\u00e9\u00e2tre Municipal, 2024-10-11. Perpignan -France-) [III] Por Joan Cort\u00e8s [INSTANTZZ AKA Galer\u00eda fotogr\u00e1fica AKA Fotoblog de jazz, impro\u2026 y algo m\u00e1s] - Tomajazz - El septeto Abajur actu\u00f3 en el 36\u00e8me Jazz\u00e8bre, el 11 de octubre de 2024, en Perpignan. Joan Cort\u00e8s los retrata en INSTANTZZ. Abajur son Ju\u00e7ara Mar\u00e7al, Christophe Rocher, Lello Bezerra, Clara Bastos, Fr\u00e9d\u00e9ric B. Briet, Mauricio Takara, Nicolas Pointard \" width=\"600\" height=\"400\" srcset=\"https:\/\/tomajazz.com\/web\/wp-content\/uploads\/2024\/11\/01-bjr-\u00a9Joan-Cortes-11ctb24-36Jzzbr-TM-Prpny.jpg 600w, https:\/\/tomajazz.com\/web\/wp-content\/uploads\/2024\/11\/01-bjr-\u00a9Joan-Cortes-11ctb24-36Jzzbr-TM-Prpny-300x200.jpg 300w, https:\/\/tomajazz.com\/web\/wp-content\/uploads\/2024\/11\/01-bjr-\u00a9Joan-Cortes-11ctb24-36Jzzbr-TM-Prpny-465x310.jpg 465w\" sizes=\"auto, (max-width: 600px) 100vw, 600px\" \/><\/p>\n<p><img loading=\"lazy\" decoding=\"async\" class=\"aligncenter size-large wp-image-92151\" title=\"Abajur (36\u00e8me Jazz\u00e8bre \/ Th\u00e9\u00e2tre Municipal, 2024-10-11. Perpignan -France-) [III] Por Joan Cort\u00e8s [INSTANTZZ AKA Galer\u00eda fotogr\u00e1fica AKA Fotoblog de jazz, impro\u2026 y algo m\u00e1s] Tomajazz 02 bjr \u00a9Joan Cort\u00e8s 11ctb24 36Jzzbr TM Prpny\" src=\"https:\/\/tomajazz.com\/web\/wp-content\/uploads\/2024\/11\/02-bjr-\u00a9Joan-Cortes-11ctb24-36Jzzbr-TM-Prpny.jpg\" alt=\"Abajur (36\u00e8me Jazz\u00e8bre \/ Th\u00e9\u00e2tre Municipal, 2024-10-11. Perpignan -France-) [III] Por Joan Cort\u00e8s [INSTANTZZ AKA Galer\u00eda fotogr\u00e1fica AKA Fotoblog de jazz, impro\u2026 y algo m\u00e1s] - Tomajazz - El septeto Abajur actu\u00f3 en el 36\u00e8me Jazz\u00e8bre, el 11 de octubre de 2024, en Perpignan. Joan Cort\u00e8s los retrata en INSTANTZZ. Abajur son Ju\u00e7ara Mar\u00e7al, Christophe Rocher, Lello Bezerra, Clara Bastos, Fr\u00e9d\u00e9ric B. Briet, Mauricio Takara, Nicolas Pointard \" width=\"400\" height=\"600\" srcset=\"https:\/\/tomajazz.com\/web\/wp-content\/uploads\/2024\/11\/02-bjr-\u00a9Joan-Cortes-11ctb24-36Jzzbr-TM-Prpny.jpg 400w, https:\/\/tomajazz.com\/web\/wp-content\/uploads\/2024\/11\/02-bjr-\u00a9Joan-Cortes-11ctb24-36Jzzbr-TM-Prpny-200x300.jpg 200w, https:\/\/tomajazz.com\/web\/wp-content\/uploads\/2024\/11\/02-bjr-\u00a9Joan-Cortes-11ctb24-36Jzzbr-TM-Prpny-367x550.jpg 367w, https:\/\/tomajazz.com\/web\/wp-content\/uploads\/2024\/11\/02-bjr-\u00a9Joan-Cortes-11ctb24-36Jzzbr-TM-Prpny-333x500.jpg 333w\" sizes=\"auto, (max-width: 400px) 100vw, 400px\" \/><\/p>\n<p><img loading=\"lazy\" decoding=\"async\" class=\"aligncenter size-large wp-image-92152\" title=\"Abajur (36\u00e8me Jazz\u00e8bre \/ Th\u00e9\u00e2tre Municipal, 2024-10-11. Perpignan -France-) [III] Por Joan Cort\u00e8s [INSTANTZZ AKA Galer\u00eda fotogr\u00e1fica AKA Fotoblog de jazz, impro\u2026 y algo m\u00e1s] Tomajazz 03 bjr \u00a9Joan Cort\u00e8s 11ctb24 36Jzzbr TM Prpny\" src=\"https:\/\/tomajazz.com\/web\/wp-content\/uploads\/2024\/11\/03-bjr-\u00a9Joan-Cortes-11ctb24-36Jzzbr-TM-Prpny.jpg\" alt=\"Abajur (36\u00e8me Jazz\u00e8bre \/ Th\u00e9\u00e2tre Municipal, 2024-10-11. Perpignan -France-) [III] Por Joan Cort\u00e8s [INSTANTZZ AKA Galer\u00eda fotogr\u00e1fica AKA Fotoblog de jazz, impro\u2026 y algo m\u00e1s] - Tomajazz - El septeto Abajur actu\u00f3 en el 36\u00e8me Jazz\u00e8bre, el 11 de octubre de 2024, en Perpignan. Joan Cort\u00e8s los retrata en INSTANTZZ. Abajur son Ju\u00e7ara Mar\u00e7al, Christophe Rocher, Lello Bezerra, Clara Bastos, Fr\u00e9d\u00e9ric B. Briet, Mauricio Takara, Nicolas Pointard \" width=\"400\" height=\"600\" srcset=\"https:\/\/tomajazz.com\/web\/wp-content\/uploads\/2024\/11\/03-bjr-\u00a9Joan-Cortes-11ctb24-36Jzzbr-TM-Prpny.jpg 400w, https:\/\/tomajazz.com\/web\/wp-content\/uploads\/2024\/11\/03-bjr-\u00a9Joan-Cortes-11ctb24-36Jzzbr-TM-Prpny-200x300.jpg 200w, https:\/\/tomajazz.com\/web\/wp-content\/uploads\/2024\/11\/03-bjr-\u00a9Joan-Cortes-11ctb24-36Jzzbr-TM-Prpny-367x550.jpg 367w, https:\/\/tomajazz.com\/web\/wp-content\/uploads\/2024\/11\/03-bjr-\u00a9Joan-Cortes-11ctb24-36Jzzbr-TM-Prpny-333x500.jpg 333w\" sizes=\"auto, (max-width: 400px) 100vw, 400px\" \/><\/p>\n<p><img loading=\"lazy\" decoding=\"async\" class=\"aligncenter size-large wp-image-92153\" title=\"Abajur (36\u00e8me Jazz\u00e8bre \/ Th\u00e9\u00e2tre Municipal, 2024-10-11. Perpignan -France-) [III] Por Joan Cort\u00e8s [INSTANTZZ AKA Galer\u00eda fotogr\u00e1fica AKA Fotoblog de jazz, impro\u2026 y algo m\u00e1s] Tomajazz 004 bjr \u00a9Joan Cort\u00e8s 11ctb24 36Jzzbr TM Prpny\" src=\"https:\/\/tomajazz.com\/web\/wp-content\/uploads\/2024\/11\/004-bjr-\u00a9Joan-Cortes-11ctb24-36Jzzbr-TM-Prpny.jpg\" alt=\"Abajur (36\u00e8me Jazz\u00e8bre \/ Th\u00e9\u00e2tre Municipal, 2024-10-11. Perpignan -France-) [III] Por Joan Cort\u00e8s [INSTANTZZ AKA Galer\u00eda fotogr\u00e1fica AKA Fotoblog de jazz, impro\u2026 y algo m\u00e1s] - Tomajazz - El septeto Abajur actu\u00f3 en el 36\u00e8me Jazz\u00e8bre, el 11 de octubre de 2024, en Perpignan. Joan Cort\u00e8s los retrata en INSTANTZZ. Abajur son Ju\u00e7ara Mar\u00e7al, Christophe Rocher, Lello Bezerra, Clara Bastos, Fr\u00e9d\u00e9ric B. Briet, Mauricio Takara, Nicolas Pointard \" width=\"400\" height=\"600\" srcset=\"https:\/\/tomajazz.com\/web\/wp-content\/uploads\/2024\/11\/004-bjr-\u00a9Joan-Cortes-11ctb24-36Jzzbr-TM-Prpny.jpg 400w, https:\/\/tomajazz.com\/web\/wp-content\/uploads\/2024\/11\/004-bjr-\u00a9Joan-Cortes-11ctb24-36Jzzbr-TM-Prpny-200x300.jpg 200w, https:\/\/tomajazz.com\/web\/wp-content\/uploads\/2024\/11\/004-bjr-\u00a9Joan-Cortes-11ctb24-36Jzzbr-TM-Prpny-367x550.jpg 367w, https:\/\/tomajazz.com\/web\/wp-content\/uploads\/2024\/11\/004-bjr-\u00a9Joan-Cortes-11ctb24-36Jzzbr-TM-Prpny-333x500.jpg 333w\" sizes=\"auto, (max-width: 400px) 100vw, 400px\" \/><\/p>\n<p><img loading=\"lazy\" decoding=\"async\" class=\"aligncenter size-large wp-image-92154\" title=\"Abajur (36\u00e8me Jazz\u00e8bre \/ Th\u00e9\u00e2tre Municipal, 2024-10-11. Perpignan -France-) [III] Por Joan Cort\u00e8s [INSTANTZZ AKA Galer\u00eda fotogr\u00e1fica AKA Fotoblog de jazz, impro\u2026 y algo m\u00e1s] Tomajazz 05 bjr \u00a9Joan Cort\u00e8s 11ctb24 36Jzzbr TM Prpny\" src=\"https:\/\/tomajazz.com\/web\/wp-content\/uploads\/2024\/11\/05-bjr-\u00a9Joan-Cortes-11ctb24-36Jzzbr-TM-Prpny.jpg\" alt=\"Abajur (36\u00e8me Jazz\u00e8bre \/ Th\u00e9\u00e2tre Municipal, 2024-10-11. Perpignan -France-) [III] Por Joan Cort\u00e8s [INSTANTZZ AKA Galer\u00eda fotogr\u00e1fica AKA Fotoblog de jazz, impro\u2026 y algo m\u00e1s] - Tomajazz - El septeto Abajur actu\u00f3 en el 36\u00e8me Jazz\u00e8bre, el 11 de octubre de 2024, en Perpignan. Joan Cort\u00e8s los retrata en INSTANTZZ. Abajur son Ju\u00e7ara Mar\u00e7al, Christophe Rocher, Lello Bezerra, Clara Bastos, Fr\u00e9d\u00e9ric B. Briet, Mauricio Takara, Nicolas Pointard \" width=\"600\" height=\"400\" srcset=\"https:\/\/tomajazz.com\/web\/wp-content\/uploads\/2024\/11\/05-bjr-\u00a9Joan-Cortes-11ctb24-36Jzzbr-TM-Prpny.jpg 600w, https:\/\/tomajazz.com\/web\/wp-content\/uploads\/2024\/11\/05-bjr-\u00a9Joan-Cortes-11ctb24-36Jzzbr-TM-Prpny-300x200.jpg 300w, https:\/\/tomajazz.com\/web\/wp-content\/uploads\/2024\/11\/05-bjr-\u00a9Joan-Cortes-11ctb24-36Jzzbr-TM-Prpny-465x310.jpg 465w\" sizes=\"auto, (max-width: 600px) 100vw, 600px\" \/><\/p>\n<p><img loading=\"lazy\" decoding=\"async\" class=\"aligncenter size-large wp-image-92155\" title=\"Abajur (36\u00e8me Jazz\u00e8bre \/ Th\u00e9\u00e2tre Municipal, 2024-10-11. Perpignan -France-) [III] Por Joan Cort\u00e8s [INSTANTZZ AKA Galer\u00eda fotogr\u00e1fica AKA Fotoblog de jazz, impro\u2026 y algo m\u00e1s] Tomajazz 06 bjr \u00a9Joan Cort\u00e8s 11ctb24 36Jzzbr TM Prpny\" src=\"https:\/\/tomajazz.com\/web\/wp-content\/uploads\/2024\/11\/06-bjr-\u00a9Joan-Cortes-11ctb24-36Jzzbr-TM-Prpny.jpg\" alt=\"Abajur (36\u00e8me Jazz\u00e8bre \/ Th\u00e9\u00e2tre Municipal, 2024-10-11. Perpignan -France-) [III] Por Joan Cort\u00e8s [INSTANTZZ AKA Galer\u00eda fotogr\u00e1fica AKA Fotoblog de jazz, impro\u2026 y algo m\u00e1s] - Tomajazz - El septeto Abajur actu\u00f3 en el 36\u00e8me Jazz\u00e8bre, el 11 de octubre de 2024, en Perpignan. Joan Cort\u00e8s los retrata en INSTANTZZ. Abajur son Ju\u00e7ara Mar\u00e7al, Christophe Rocher, Lello Bezerra, Clara Bastos, Fr\u00e9d\u00e9ric B. Briet, Mauricio Takara, Nicolas Pointard \" width=\"400\" height=\"600\" srcset=\"https:\/\/tomajazz.com\/web\/wp-content\/uploads\/2024\/11\/06-bjr-\u00a9Joan-Cortes-11ctb24-36Jzzbr-TM-Prpny.jpg 400w, https:\/\/tomajazz.com\/web\/wp-content\/uploads\/2024\/11\/06-bjr-\u00a9Joan-Cortes-11ctb24-36Jzzbr-TM-Prpny-200x300.jpg 200w, https:\/\/tomajazz.com\/web\/wp-content\/uploads\/2024\/11\/06-bjr-\u00a9Joan-Cortes-11ctb24-36Jzzbr-TM-Prpny-367x550.jpg 367w, https:\/\/tomajazz.com\/web\/wp-content\/uploads\/2024\/11\/06-bjr-\u00a9Joan-Cortes-11ctb24-36Jzzbr-TM-Prpny-333x500.jpg 333w\" sizes=\"auto, (max-width: 400px) 100vw, 400px\" \/><\/p>\n<p><img loading=\"lazy\" decoding=\"async\" class=\"aligncenter size-large wp-image-92156\" title=\"Abajur (36\u00e8me Jazz\u00e8bre \/ Th\u00e9\u00e2tre Municipal, 2024-10-11. Perpignan -France-) [III] Por Joan Cort\u00e8s [INSTANTZZ AKA Galer\u00eda fotogr\u00e1fica AKA Fotoblog de jazz, impro\u2026 y algo m\u00e1s] Tomajazz 007 bjr \u00a9Joan Cort\u00e8s 11ctb24 36Jzzbr TM Prpny\" src=\"https:\/\/tomajazz.com\/web\/wp-content\/uploads\/2024\/11\/007-bjr-\u00a9Joan-Cortes-11ctb24-36Jzzbr-TM-Prpny.jpg\" alt=\"Abajur (36\u00e8me Jazz\u00e8bre \/ Th\u00e9\u00e2tre Municipal, 2024-10-11. Perpignan -France-) [III] Por Joan Cort\u00e8s [INSTANTZZ AKA Galer\u00eda fotogr\u00e1fica AKA Fotoblog de jazz, impro\u2026 y algo m\u00e1s] - Tomajazz - El septeto Abajur actu\u00f3 en el 36\u00e8me Jazz\u00e8bre, el 11 de octubre de 2024, en Perpignan. Joan Cort\u00e8s los retrata en INSTANTZZ. Abajur son Ju\u00e7ara Mar\u00e7al, Christophe Rocher, Lello Bezerra, Clara Bastos, Fr\u00e9d\u00e9ric B. Briet, Mauricio Takara, Nicolas Pointard \" width=\"400\" height=\"600\" srcset=\"https:\/\/tomajazz.com\/web\/wp-content\/uploads\/2024\/11\/007-bjr-\u00a9Joan-Cortes-11ctb24-36Jzzbr-TM-Prpny.jpg 400w, https:\/\/tomajazz.com\/web\/wp-content\/uploads\/2024\/11\/007-bjr-\u00a9Joan-Cortes-11ctb24-36Jzzbr-TM-Prpny-200x300.jpg 200w, https:\/\/tomajazz.com\/web\/wp-content\/uploads\/2024\/11\/007-bjr-\u00a9Joan-Cortes-11ctb24-36Jzzbr-TM-Prpny-367x550.jpg 367w, https:\/\/tomajazz.com\/web\/wp-content\/uploads\/2024\/11\/007-bjr-\u00a9Joan-Cortes-11ctb24-36Jzzbr-TM-Prpny-333x500.jpg 333w\" sizes=\"auto, (max-width: 400px) 100vw, 400px\" \/><\/p>\n<p><img loading=\"lazy\" decoding=\"async\" class=\"aligncenter size-large wp-image-92157\" title=\"Abajur (36\u00e8me Jazz\u00e8bre \/ Th\u00e9\u00e2tre Municipal, 2024-10-11. Perpignan -France-) [III] Por Joan Cort\u00e8s [INSTANTZZ AKA Galer\u00eda fotogr\u00e1fica AKA Fotoblog de jazz, impro\u2026 y algo m\u00e1s] Tomajazz 07 bjr \u00a9Joan Cort\u00e8s 11ctb24 36Jzzbr TM Prpny\" src=\"https:\/\/tomajazz.com\/web\/wp-content\/uploads\/2024\/11\/07-bjr-\u00a9Joan-Cortes-11ctb24-36Jzzbr-TM-Prpny.jpg\" alt=\"Abajur (36\u00e8me Jazz\u00e8bre \/ Th\u00e9\u00e2tre Municipal, 2024-10-11. Perpignan -France-) [III] Por Joan Cort\u00e8s [INSTANTZZ AKA Galer\u00eda fotogr\u00e1fica AKA Fotoblog de jazz, impro\u2026 y algo m\u00e1s] - Tomajazz - El septeto Abajur actu\u00f3 en el 36\u00e8me Jazz\u00e8bre, el 11 de octubre de 2024, en Perpignan. Joan Cort\u00e8s los retrata en INSTANTZZ. Abajur son Ju\u00e7ara Mar\u00e7al, Christophe Rocher, Lello Bezerra, Clara Bastos, Fr\u00e9d\u00e9ric B. Briet, Mauricio Takara, Nicolas Pointard \" width=\"400\" height=\"600\" srcset=\"https:\/\/tomajazz.com\/web\/wp-content\/uploads\/2024\/11\/07-bjr-\u00a9Joan-Cortes-11ctb24-36Jzzbr-TM-Prpny.jpg 400w, https:\/\/tomajazz.com\/web\/wp-content\/uploads\/2024\/11\/07-bjr-\u00a9Joan-Cortes-11ctb24-36Jzzbr-TM-Prpny-200x300.jpg 200w, https:\/\/tomajazz.com\/web\/wp-content\/uploads\/2024\/11\/07-bjr-\u00a9Joan-Cortes-11ctb24-36Jzzbr-TM-Prpny-367x550.jpg 367w, https:\/\/tomajazz.com\/web\/wp-content\/uploads\/2024\/11\/07-bjr-\u00a9Joan-Cortes-11ctb24-36Jzzbr-TM-Prpny-333x500.jpg 333w\" sizes=\"auto, (max-width: 400px) 100vw, 400px\" \/><\/p>\n<p><img loading=\"lazy\" decoding=\"async\" class=\"aligncenter size-large wp-image-92158\" title=\"Abajur (36\u00e8me Jazz\u00e8bre \/ Th\u00e9\u00e2tre Municipal, 2024-10-11. Perpignan -France-) [III] Por Joan Cort\u00e8s [INSTANTZZ AKA Galer\u00eda fotogr\u00e1fica AKA Fotoblog de jazz, impro\u2026 y algo m\u00e1s] Tomajazz 09 bjr \u00a9Joan Cort\u00e8s 11ctb24 36Jzzbr TM Prpny\" src=\"https:\/\/tomajazz.com\/web\/wp-content\/uploads\/2024\/11\/09-bjr-\u00a9Joan-Cortes-11ctb24-36Jzzbr-TM-Prpny.jpg\" alt=\"Abajur (36\u00e8me Jazz\u00e8bre \/ Th\u00e9\u00e2tre Municipal, 2024-10-11. Perpignan -France-) [III] Por Joan Cort\u00e8s [INSTANTZZ AKA Galer\u00eda fotogr\u00e1fica AKA Fotoblog de jazz, impro\u2026 y algo m\u00e1s] - Tomajazz - El septeto Abajur actu\u00f3 en el 36\u00e8me Jazz\u00e8bre, el 11 de octubre de 2024, en Perpignan. Joan Cort\u00e8s los retrata en INSTANTZZ. Abajur son Ju\u00e7ara Mar\u00e7al, Christophe Rocher, Lello Bezerra, Clara Bastos, Fr\u00e9d\u00e9ric B. Briet, Mauricio Takara, Nicolas Pointard \" width=\"600\" height=\"400\" srcset=\"https:\/\/tomajazz.com\/web\/wp-content\/uploads\/2024\/11\/09-bjr-\u00a9Joan-Cortes-11ctb24-36Jzzbr-TM-Prpny.jpg 600w, https:\/\/tomajazz.com\/web\/wp-content\/uploads\/2024\/11\/09-bjr-\u00a9Joan-Cortes-11ctb24-36Jzzbr-TM-Prpny-300x200.jpg 300w, https:\/\/tomajazz.com\/web\/wp-content\/uploads\/2024\/11\/09-bjr-\u00a9Joan-Cortes-11ctb24-36Jzzbr-TM-Prpny-465x310.jpg 465w\" sizes=\"auto, (max-width: 600px) 100vw, 600px\" \/><\/p>\n<p><img loading=\"lazy\" decoding=\"async\" class=\"aligncenter size-large wp-image-92159\" title=\"Abajur (36\u00e8me Jazz\u00e8bre \/ Th\u00e9\u00e2tre Municipal, 2024-10-11. Perpignan -France-) [III] Por Joan Cort\u00e8s [INSTANTZZ AKA Galer\u00eda fotogr\u00e1fica AKA Fotoblog de jazz, impro\u2026 y algo m\u00e1s] Tomajazz 10 bjr \u00a9Joan Cort\u00e8s 11ctb24 36Jzzbr TM Prpny\" src=\"https:\/\/tomajazz.com\/web\/wp-content\/uploads\/2024\/11\/10-bjr-\u00a9Joan-Cortes-11ctb24-36Jzzbr-TM-Prpny.jpg\" alt=\"Abajur (36\u00e8me Jazz\u00e8bre \/ Th\u00e9\u00e2tre Municipal, 2024-10-11. Perpignan -France-) [III] Por Joan Cort\u00e8s [INSTANTZZ AKA Galer\u00eda fotogr\u00e1fica AKA Fotoblog de jazz, impro\u2026 y algo m\u00e1s] - Tomajazz - El septeto Abajur actu\u00f3 en el 36\u00e8me Jazz\u00e8bre, el 11 de octubre de 2024, en Perpignan. Joan Cort\u00e8s los retrata en INSTANTZZ. Abajur son Ju\u00e7ara Mar\u00e7al, Christophe Rocher, Lello Bezerra, Clara Bastos, Fr\u00e9d\u00e9ric B. Briet, Mauricio Takara, Nicolas Pointard \" width=\"600\" height=\"400\" srcset=\"https:\/\/tomajazz.com\/web\/wp-content\/uploads\/2024\/11\/10-bjr-\u00a9Joan-Cortes-11ctb24-36Jzzbr-TM-Prpny.jpg 600w, https:\/\/tomajazz.com\/web\/wp-content\/uploads\/2024\/11\/10-bjr-\u00a9Joan-Cortes-11ctb24-36Jzzbr-TM-Prpny-300x200.jpg 300w, https:\/\/tomajazz.com\/web\/wp-content\/uploads\/2024\/11\/10-bjr-\u00a9Joan-Cortes-11ctb24-36Jzzbr-TM-Prpny-465x310.jpg 465w\" sizes=\"auto, (max-width: 600px) 100vw, 600px\" \/><\/p>\n<p><img loading=\"lazy\" decoding=\"async\" class=\"aligncenter size-large wp-image-92160\" title=\"Abajur (36\u00e8me Jazz\u00e8bre \/ Th\u00e9\u00e2tre Municipal, 2024-10-11. Perpignan -France-) [III] Por Joan Cort\u00e8s [INSTANTZZ AKA Galer\u00eda fotogr\u00e1fica AKA Fotoblog de jazz, impro\u2026 y algo m\u00e1s] Tomajazz 11 bjr \u00a9Joan Cort\u00e8s 11ctb24 36Jzzbr TM Prpny\" src=\"https:\/\/tomajazz.com\/web\/wp-content\/uploads\/2024\/11\/11-bjr-\u00a9Joan-Cortes-11ctb24-36Jzzbr-TM-Prpny.jpg\" alt=\"Abajur (36\u00e8me Jazz\u00e8bre \/ Th\u00e9\u00e2tre Municipal, 2024-10-11. Perpignan -France-) [III] Por Joan Cort\u00e8s [INSTANTZZ AKA Galer\u00eda fotogr\u00e1fica AKA Fotoblog de jazz, impro\u2026 y algo m\u00e1s] - Tomajazz - El septeto Abajur actu\u00f3 en el 36\u00e8me Jazz\u00e8bre, el 11 de octubre de 2024, en Perpignan. Joan Cort\u00e8s los retrata en INSTANTZZ. Abajur son Ju\u00e7ara Mar\u00e7al, Christophe Rocher, Lello Bezerra, Clara Bastos, Fr\u00e9d\u00e9ric B. Briet, Mauricio Takara, Nicolas Pointard \" width=\"600\" height=\"400\" srcset=\"https:\/\/tomajazz.com\/web\/wp-content\/uploads\/2024\/11\/11-bjr-\u00a9Joan-Cortes-11ctb24-36Jzzbr-TM-Prpny.jpg 600w, https:\/\/tomajazz.com\/web\/wp-content\/uploads\/2024\/11\/11-bjr-\u00a9Joan-Cortes-11ctb24-36Jzzbr-TM-Prpny-300x200.jpg 300w, https:\/\/tomajazz.com\/web\/wp-content\/uploads\/2024\/11\/11-bjr-\u00a9Joan-Cortes-11ctb24-36Jzzbr-TM-Prpny-465x310.jpg 465w\" sizes=\"auto, (max-width: 600px) 100vw, 600px\" \/><\/p>\n<p style=\"text-align: right;\">Tomajazz: Fotograf\u00edas: \u00a9 <a href=\"https:\/\/www.facebook.com\/joan.cortesbenages\" target=\"_blank\" rel=\"noopener\"><strong>Joan Cort\u00e8s<\/strong><\/a>, 2024<\/p>\n<h3>M\u00e1s informaci\u00f3n<\/h3>\n<p><a href=\"https:\/\/tomajazz.com\/web\/?s=abajur&amp;submit=Search\" target=\"_blank\" rel=\"noopener\">https:\/\/tomajazz.com\/web\/?s=abajur&amp;submit=Search<\/a><\/p>\n<p><a href=\"https:\/\/www.jazzebre.com\/\" target=\"_blank\" rel=\"noopener\">https:\/\/www.jazzebre.com\/<\/a><\/p>\n<p><a href=\"https:\/\/tomajazz.com\/web\/?s=jazzebre&amp;submit=Search\" target=\"_blank\" rel=\"noopener\">https:\/\/tomajazz.com\/web\/?s=jazzebre&amp;submit=Search<\/a><\/p>\n<h3>36\u00e8me Festival Jazz\u00e8bre 2024 en Tomajazz<\/h3>\n<blockquote class=\"wp-embedded-content\" data-secret=\"Fr9GAddT3f\"><p><a href=\"https:\/\/tomajazz.com\/web\/airelle-besson-lionel-suarez-jazzebre-2024\/\">Airelle Besson &#038; Lionel Suarez (36\u00e8me Jazz\u00e8bre \/ Cin\u00e9-Th\u00e9\u00e2tre Le Vauban, 2024-09-28. Port-Vendres -France-) [II] Por Joan Cort\u00e8s [INSTANTZZ AKA Galer\u00eda fotogr\u00e1fica AKA Fotoblog de jazz, impro\u2026 y algo m\u00e1s]<\/a><\/p><\/blockquote>\n<p><iframe loading=\"lazy\" class=\"wp-embedded-content\" sandbox=\"allow-scripts\" security=\"restricted\" style=\"position: absolute; visibility: hidden;\" title=\"\u00abAirelle Besson &#038; Lionel Suarez (36\u00e8me Jazz\u00e8bre \/ Cin\u00e9-Th\u00e9\u00e2tre Le Vauban, 2024-09-28. Port-Vendres -France-) [II] Por Joan Cort\u00e8s [INSTANTZZ AKA Galer\u00eda fotogr\u00e1fica AKA Fotoblog de jazz, impro\u2026 y algo m\u00e1s]\u00bb \u2014 Tomajazz\" src=\"https:\/\/tomajazz.com\/web\/airelle-besson-lionel-suarez-jazzebre-2024\/embed\/#?secret=L41nsXsh6C#?secret=Fr9GAddT3f\" data-secret=\"Fr9GAddT3f\" width=\"600\" height=\"338\" frameborder=\"0\" marginwidth=\"0\" marginheight=\"0\" scrolling=\"no\"><\/iframe><\/p>\n<blockquote class=\"wp-embedded-content\" data-secret=\"X08DFWOObO\"><p><a href=\"https:\/\/tomajazz.com\/web\/sakina-abdou-solo-jazzebre-2024\/\">Sakina Abdou \u00absolo\u00bb (36\u00e8me Jazz\u00e8bre \/ Micro-Folie, 2024-09-28. Port-Vendres -France-) [I] Por Joan Cort\u00e8s [INSTANTZZ AKA Galer\u00eda fotogr\u00e1fica AKA Fotoblog de jazz, impro\u2026 y algo m\u00e1s]<\/a><\/p><\/blockquote>\n<p><iframe loading=\"lazy\" class=\"wp-embedded-content\" sandbox=\"allow-scripts\" security=\"restricted\" style=\"position: absolute; visibility: hidden;\" title=\"\u00abSakina Abdou \u00absolo\u00bb (36\u00e8me Jazz\u00e8bre \/ Micro-Folie, 2024-09-28. Port-Vendres -France-) [I] Por Joan Cort\u00e8s [INSTANTZZ AKA Galer\u00eda fotogr\u00e1fica AKA Fotoblog de jazz, impro\u2026 y algo m\u00e1s]\u00bb \u2014 Tomajazz\" src=\"https:\/\/tomajazz.com\/web\/sakina-abdou-solo-jazzebre-2024\/embed\/#?secret=aNsrK4WcNT#?secret=X08DFWOObO\" data-secret=\"X08DFWOObO\" width=\"600\" height=\"338\" frameborder=\"0\" marginwidth=\"0\" marginheight=\"0\" scrolling=\"no\"><\/iframe><\/p>\n<blockquote class=\"wp-embedded-content\" data-secret=\"KZOUXM1sZU\"><p><a href=\"https:\/\/tomajazz.com\/web\/36-jazzebre-2024\/\">36\u00e8me Festival Jazz\u00e8bre 2024 -aventures musicales n\u00f3mades- (Perpi\u00f1\u00e1n y otras localidades, Francia. 27 de setiembre al 13 de octubre de 2024) [Noticias de jazz]<\/a><\/p><\/blockquote>\n<p><iframe loading=\"lazy\" class=\"wp-embedded-content\" sandbox=\"allow-scripts\" security=\"restricted\" style=\"position: absolute; visibility: hidden;\" title=\"\u00ab36\u00e8me Festival Jazz\u00e8bre 2024 -aventures musicales n\u00f3mades- (Perpi\u00f1\u00e1n y otras localidades, Francia. 27 de setiembre al 13 de octubre de 2024) [Noticias de jazz]\u00bb \u2014 Tomajazz\" src=\"https:\/\/tomajazz.com\/web\/36-jazzebre-2024\/embed\/#?secret=2J9K1ZOah7#?secret=KZOUXM1sZU\" data-secret=\"KZOUXM1sZU\" width=\"600\" height=\"338\" frameborder=\"0\" marginwidth=\"0\" marginheight=\"0\" scrolling=\"no\"><\/iframe><\/p>\n<h3>Joan Cort\u00e8s en Tomajazz<\/h3>\n<p><a href=\"https:\/\/tomajazz.com\/web\/?cat=17853\" target=\"_blank\" rel=\"noopener\">https:\/\/tomajazz.com\/web\/?cat=17853<\/a><\/p>\n","protected":false},"excerpt":{"rendered":"<p>El septeto Abajur actu\u00f3 en el 36\u00e8me Jazz\u00e8bre, el 11 de octubre de 2024, en Perpignan. Joan Cort\u00e8s los retrata en INSTANTZZ. Abajur son Ju\u00e7ara Mar\u00e7al, Christophe Rocher, Lello Bezerra, Clara Bastos, Fr\u00e9d\u00e9ric B. Briet, Mauricio Takara, Nicolas Pointard<br \/>\n<span class=\"more-link\"><a href=\"https:\/\/tomajazz.com\/web\/abajur-jazzebre-2024\/\">Contin\u00faa leyendo<\/a><\/span><\/p>\n","protected":false},"author":1,"featured_media":92161,"comment_status":"open","ping_status":"closed","sticky":false,"template":"","format":"standard","meta":{"jetpack_post_was_ever_published":false,"_jetpack_newsletter_access":"","_jetpack_dont_email_post_to_subs":false,"_jetpack_newsletter_tier_id":0,"_jetpack_memberships_contains_paywalled_content":false,"_jetpack_memberships_contains_paid_content":false,"footnotes":""},"categories":[31626,17853,11262,15516,11261,1038],"tags":[31741,30118,31739,31740,1041,17666,31738,7390,20544],"class_list":["entry","author-pachi","has-excerpt","post-92149","post","type-post","status-publish","format-standard","has-post-thumbnail","category-36eme-jazzebre-2024","category-joan-cortes","category-photoblogs","category-imagenes","category-instantzz","category-contenidos","tag-abajur","tag-christophe-rocher","tag-clara-bastos","tag-frederic-b-briet","tag-joan-cortes","tag-jucara-marcal","tag-lello-bezerra","tag-mauricio-takara","tag-nicolas-pointard"],"jetpack_featured_media_url":"https:\/\/tomajazz.com\/web\/wp-content\/uploads\/2024\/11\/Destacada-05-bjr-Photo-By-Joan-Cortes-11ctb24-36Jzzbr-TM-Prpny.jpg","jetpack_likes_enabled":true,"jetpack_sharing_enabled":true,"jetpack-related-posts":[{"id":100822,"url":"https:\/\/tomajazz.com\/web\/gautier-garrigue-37-jazzebre-2025\/","url_meta":{"origin":92149,"position":0},"title":"Gautier Garrigue 4t \u00abLa Travers\u00e9e\u00bb (37 Jazz\u00e8bre \/ Th\u00e9\u00e2tre Municipal, 2025-10-11 \/ Perpignan -France-) Por Joan Cort\u00e8s [INSTANTZZ AKA Galer\u00eda fotogr\u00e1fica AKA Fotoblog de jazz, impro\u2026 y algo m\u00e1s]","author":"Tomajazz","date":"21 octubre, 2025","format":false,"excerpt":"Gautier Garrigue 4t \u00abLa Travers\u00e9e\u00bb actu\u00f3 en el 37 Jazz\u00e8bre 2025 en Perpignan -Francia-. Joan Cort\u00e8s lo retrata en INSTANTZZ. Actuaron Gautier Garrigue, Federico Cassagrande, Benjamin Moussay, Florent Nisse","rel":"","context":"En \u00ab*_Joan Cort\u00e8s\u00bb","block_context":{"text":"*_Joan Cort\u00e8s","link":"https:\/\/tomajazz.com\/web\/category\/joan-cortes\/"},"img":{"alt_text":"Gautier Garrigue 4t \u00abLa Travers\u00e9e\u00bb (37 Jazz\u00e8bre \/ Th\u00e9\u00e2tre Municipal, 2025-10-11 \/ Perpignan -France-) Por Joan Cort\u00e8s [INSTANTZZ AKA Galer\u00eda fotogr\u00e1fica AKA Fotoblog de jazz, impro\u2026 y algo m\u00e1s] - Tomajazz - Gautier Garrigue 4t \u00abLa Travers\u00e9e\u00bb actu\u00f3 en el 37 Jazz\u00e8bre 2025 en Perpignan -Francia-. Joan Cort\u00e8s lo retrata en INSTANTZZ. Actuaron Gautier Garrigue, Federico Cassagrande, Benjamin Moussay, Florent Nisse\n","src":"https:\/\/i0.wp.com\/tomajazz.com\/web\/wp-content\/uploads\/2025\/10\/destacada-05-Gtr-Grrges-4t-Photo-By-Joan-Cortes-11ctb25-TM-37JF-Prpgnn.jpg?resize=350%2C200&ssl=1","width":350,"height":200,"srcset":"https:\/\/i0.wp.com\/tomajazz.com\/web\/wp-content\/uploads\/2025\/10\/destacada-05-Gtr-Grrges-4t-Photo-By-Joan-Cortes-11ctb25-TM-37JF-Prpgnn.jpg?resize=350%2C200&ssl=1 1x, https:\/\/i0.wp.com\/tomajazz.com\/web\/wp-content\/uploads\/2025\/10\/destacada-05-Gtr-Grrges-4t-Photo-By-Joan-Cortes-11ctb25-TM-37JF-Prpgnn.jpg?resize=525%2C300&ssl=1 1.5x"},"classes":[]},{"id":101040,"url":"https:\/\/tomajazz.com\/web\/le-discobole-orchestra-jazzebre-2025\/","url_meta":{"origin":92149,"position":1},"title":"Le Discobole Orchestra invit\u00e9 Christine Salem \u00abKaf\u00e9 Gry\u00e9\u00bb (37 Jazz\u00e8bre \/ Th\u00e9\u00e2tre Municipal, 2025-10-11 \/ Perpignan -France-) [5] Por Joan Cort\u00e8s [INSTANTZZ AKA Galer\u00eda fotogr\u00e1fica AKA Fotoblog de jazz, impro\u2026 y algo m\u00e1s]","author":"Tomajazz","date":"28 octubre, 2025","format":false,"excerpt":"Le Discobole Orchestra invit\u00e9 Christine Salem \u00abKaf\u00e9 Gry\u00e9\u00bb actu\u00f3 en el 37 Jazz\u00e8bre el 11 de octubre de 2025. Joan Cort\u00e8s lo retrata en INSTANTZZ","rel":"","context":"En \u00ab37 Jazz\u00e8bre 2025\u00bb","block_context":{"text":"37 Jazz\u00e8bre 2025","link":"https:\/\/tomajazz.com\/web\/category\/contenidos\/especial-contenidos\/37-jazzebre-2025\/"},"img":{"alt_text":"Le Discobole Orchestra invit\u00e9 Christine Salem \u00abKaf\u00e9 Gry\u00e9\u00bb (37 Jazz\u00e8bre \/ Th\u00e9\u00e2tre Municipal, 2025-10-11 \/ Perpignan -France-) [5] Por Joan Cort\u00e8s [INSTANTZZ AKA Galer\u00eda fotogr\u00e1fica AKA Fotoblog de jazz, impro\u2026 y algo m\u00e1s] - Tomajazz - Le Discobole Orchestra invit\u00e9 Christine Salem \u00abKaf\u00e9 Gry\u00e9\u00bb actu\u00f3 en el 37 Jazz\u00e8bre el 11 de octubre de 2025. Joan Cort\u00e8s lo retrata en INSTANTZZ","src":"https:\/\/i0.wp.com\/tomajazz.com\/web\/wp-content\/uploads\/2025\/10\/destacada-11-L-Dscbl-rchstr-Photo-By-Joan-Cortes-11ctb25-37Jzzbr-TM-Prpgnn-.jpg?resize=350%2C200&ssl=1","width":350,"height":200,"srcset":"https:\/\/i0.wp.com\/tomajazz.com\/web\/wp-content\/uploads\/2025\/10\/destacada-11-L-Dscbl-rchstr-Photo-By-Joan-Cortes-11ctb25-37Jzzbr-TM-Prpgnn-.jpg?resize=350%2C200&ssl=1 1x, https:\/\/i0.wp.com\/tomajazz.com\/web\/wp-content\/uploads\/2025\/10\/destacada-11-L-Dscbl-rchstr-Photo-By-Joan-Cortes-11ctb25-37Jzzbr-TM-Prpgnn-.jpg?resize=525%2C300&ssl=1 1.5x"},"classes":[]},{"id":92389,"url":"https:\/\/tomajazz.com\/web\/pierrot-tchamitchian-marguet-jazzebre-2024\/","url_meta":{"origin":92149,"position":2},"title":"Pierrot-Tchamitchian-Marguet \u00abPessoa : L\u2019intraquillit\u00e9\u00bb (36\u00e8me Jazz\u00e8bre \/ Th\u00e9\u00e2tre Municipal, 2024-10-12. Perpignan -France-) [V] Por Joan Cort\u00e8s [INSTANTZZ AKA Galer\u00eda fotogr\u00e1fica AKA Fotoblog de jazz, impro\u2026 y algo m\u00e1s]","author":"Tomajazz","date":"28 noviembre, 2024","format":false,"excerpt":"Pierrot-Tchamitchian-Marguet \u00abPessoa : L\u2019intraquillit\u00e9\u00bb actu\u00f3 en el 36\u00e8me Jazz\u00e8bre en Perpignan, Francia, el 12 de octubre de 2024. Joan Cort\u00e8s retrata al tr\u00edo en INSTANTZZ. Pierrot-Tchamitchian-Marguet son Fr\u00e9d\u00e9ric Pierrot, Claude Tchamitchian, Christophe Marguet","rel":"","context":"En \u00ab36 Jazz\u00e8bre 2024\u00bb","block_context":{"text":"36 Jazz\u00e8bre 2024","link":"https:\/\/tomajazz.com\/web\/category\/contenidos\/especial-contenidos\/36eme-jazzebre-2024\/"},"img":{"alt_text":"Pierrot-Tchamitchian-Marguet \u00abPessoa : L\u2019intraquillit\u00e9\u00bb (36\u00e8me Jazz\u00e8bre \/ Th\u00e9\u00e2tre Municipal, 2024-10-12. Perpignan -France-) [V] Por Joan Cort\u00e8s [INSTANTZZ AKA Galer\u00eda fotogr\u00e1fica AKA Fotoblog de jazz, impro\u2026 y algo m\u00e1s] - Tomajazz - Pierrot-Tchamitchian-Marguet \u00abPessoa : L\u2019intraquillit\u00e9\u00bb actu\u00f3 en el 36\u00e8me Jazz\u00e8bre en Perpignan, Francia, el 12 de octubre de 2024. Joan Cort\u00e8s retrata al tr\u00edo en INSTANTZZ. Pierrot-Tchamitchian-Marguet son Fr\u00e9d\u00e9ric Pierrot, Claude Tchamitchian, Christophe Marguet","src":"https:\/\/i0.wp.com\/tomajazz.com\/web\/wp-content\/uploads\/2024\/11\/Destacada02-Prrt-Tchmtchn-Mrgt-By-Joan-Cortes-12ctb24-Thtr-Mncpl-36Jzzbr-Prpgnn.jpg?resize=350%2C200&ssl=1","width":350,"height":200,"srcset":"https:\/\/i0.wp.com\/tomajazz.com\/web\/wp-content\/uploads\/2024\/11\/Destacada02-Prrt-Tchmtchn-Mrgt-By-Joan-Cortes-12ctb24-Thtr-Mncpl-36Jzzbr-Prpgnn.jpg?resize=350%2C200&ssl=1 1x, https:\/\/i0.wp.com\/tomajazz.com\/web\/wp-content\/uploads\/2024\/11\/Destacada02-Prrt-Tchmtchn-Mrgt-By-Joan-Cortes-12ctb24-Thtr-Mncpl-36Jzzbr-Prpgnn.jpg?resize=525%2C300&ssl=1 1.5x"},"classes":[]},{"id":101142,"url":"https:\/\/tomajazz.com\/web\/clea-torales-jazzebre-2025\/","url_meta":{"origin":92149,"position":3},"title":"Cl\u00e9a Torales \u00abBalade au Mus\u00e9e\u00bb (37 Jazz\u00e8bre \/ Mus\u00e9e d\u2019Art Hyacinthe Rigaud, 2025-10-12 \/ Perpignan -France-) [6] Por Joan Cort\u00e8s [INSTANTZZ AKA Galer\u00eda fotogr\u00e1fica AKA Fotoblog de jazz, impro\u2026 y algo m\u00e1s]","author":"Tomajazz","date":"30 octubre, 2025","format":false,"excerpt":"Cl\u00e9a Torales \u00abBalade au Mus\u00e9e\u00bb actu\u00f3 en el 37 Jazz\u00e8bre 2025 en Perpignan -Francia-. Joan Cort\u00e8s retrata el concierto en INSTANTZZ","rel":"","context":"En \u00ab37 Jazz\u00e8bre 2025\u00bb","block_context":{"text":"37 Jazz\u00e8bre 2025","link":"https:\/\/tomajazz.com\/web\/category\/contenidos\/especial-contenidos\/37-jazzebre-2025\/"},"img":{"alt_text":"Cl\u00e9a Torales \u00abBalade au Mus\u00e9e\u00bb (37 Jazz\u00e8bre \/ Mus\u00e9e d\u2019Art Hyacinthe Rigaud, 2025-10-12 \/ Perpignan -France-) [6] Por Joan Cort\u00e8s [INSTANTZZ AKA Galer\u00eda fotogr\u00e1fica AKA Fotoblog de jazz, impro\u2026 y algo m\u00e1s] - Tomajazz - Cl\u00e9a Torales \u00abBalade au Mus\u00e9e\u00bb actu\u00f3 en el 37 Jazz\u00e8bre 2025 en Perpignan -Francia-. Joan Cort\u00e8s retrata el concierto en INSTANTZZ","src":"https:\/\/i0.wp.com\/tomajazz.com\/web\/wp-content\/uploads\/2025\/10\/05-Cl-Trls-Joan-Cortes-12ctb25-MrHR-37Jzzbr-Prpgnn.jpg?resize=350%2C200&ssl=1","width":350,"height":200,"srcset":"https:\/\/i0.wp.com\/tomajazz.com\/web\/wp-content\/uploads\/2025\/10\/05-Cl-Trls-Joan-Cortes-12ctb25-MrHR-37Jzzbr-Prpgnn.jpg?resize=350%2C200&ssl=1 1x, https:\/\/i0.wp.com\/tomajazz.com\/web\/wp-content\/uploads\/2025\/10\/05-Cl-Trls-Joan-Cortes-12ctb25-MrHR-37Jzzbr-Prpgnn.jpg?resize=525%2C300&ssl=1 1.5x"},"classes":[]},{"id":104962,"url":"https:\/\/tomajazz.com\/web\/bize-season-jazzebre-2026\/","url_meta":{"origin":92149,"position":4},"title":"BiZe (Season Jazz\u00e8bre \/ MAC-UPVD, 2026-03-12 \/ Perpignan -France-) [II] Por Joan Cort\u00e8s [INSTANTZZ AKA Galer\u00eda fotogr\u00e1fica AKA Fotoblog de jazz, impro\u2026 y algo m\u00e1s]","author":"Tomajazz","date":"19 abril, 2026","format":false,"excerpt":"BiZe actuaron en Season Jazz\u00e8bre 2026 en Perpignan (Francia), el 12 de marzo de 2026. Joan Cort\u00e8s lo retrata en INSTANTZZ. BiZe son Sylvaine H\u00e9lary, Robin Fincker","rel":"","context":"En \u00abSeason Jazz\u00e8bre 2026\u00bb","block_context":{"text":"Season Jazz\u00e8bre 2026","link":"https:\/\/tomajazz.com\/web\/category\/contenidos\/especial-contenidos\/season-jazzebre-2026\/"},"img":{"alt_text":"BiZe (Season Jazz\u00e8bre \/ MAC-UPVD, 2026-03-12 \/ Perpignan -France-) [II] Por Joan Cort\u00e8s [INSTANTZZ AKA Galer\u00eda fotogr\u00e1fica AKA Fotoblog de jazz, impro\u2026 y algo m\u00e1s] - Tomajazz - BiZe actuaron en Season Jazz\u00e8bre 2026 en Perpignan (Francia), el 12 de marzo de 2026. Joan Cort\u00e8s lo retrata en INSTANTZZ. BiZe son Sylvaine H\u00e9lary, Robin Fincker\n","src":"https:\/\/i0.wp.com\/tomajazz.com\/web\/wp-content\/uploads\/2026\/04\/DESTACADA-11-BZ-Photo-By-Joan-Cortes-12mrc26-Ssn-Jzzbr-MrC-nPVD-Prpny.jpg?resize=350%2C200&ssl=1","width":350,"height":200,"srcset":"https:\/\/i0.wp.com\/tomajazz.com\/web\/wp-content\/uploads\/2026\/04\/DESTACADA-11-BZ-Photo-By-Joan-Cortes-12mrc26-Ssn-Jzzbr-MrC-nPVD-Prpny.jpg?resize=350%2C200&ssl=1 1x, https:\/\/i0.wp.com\/tomajazz.com\/web\/wp-content\/uploads\/2026\/04\/DESTACADA-11-BZ-Photo-By-Joan-Cortes-12mrc26-Ssn-Jzzbr-MrC-nPVD-Prpny.jpg?resize=525%2C300&ssl=1 1.5x"},"classes":[]},{"id":104421,"url":"https:\/\/tomajazz.com\/web\/francesco-bearzatti-federico-casagrande-2026\/","url_meta":{"origin":92149,"position":5},"title":"Francesco Bearzatti &#038; Federico Casagrande (Season Jazz\u00e8bre \/ Palais Consulaire CCI, 2026-02-10 \/ Perpignan -France-) Por Joan Cort\u00e8s [INSTANTZZ AKA Galer\u00eda fotogr\u00e1fica AKA Fotoblog de jazz, impro\u2026 y algo m\u00e1s]","author":"Tomajazz","date":"16 marzo, 2026","format":false,"excerpt":"Francesco Bearzatti & Federico Casagrande actuaron en Season Jazz\u00e8bre en Perpignan, Francia, el 10 de febrero de 2026. Joan Cort\u00e8s lo retrata en INSTANTZZ","rel":"","context":"En \u00abSeason Jazz\u00e8bre 2026\u00bb","block_context":{"text":"Season Jazz\u00e8bre 2026","link":"https:\/\/tomajazz.com\/web\/category\/contenidos\/especial-contenidos\/season-jazzebre-2026\/"},"img":{"alt_text":"Francesco Bearzatti & Federico Casagrande (Season Jazz\u00e8bre \/ Palais Consulaire CCI, 2026-02-10 \/ Perpignan -France-) Por Joan Cort\u00e8s [INSTANTZZ AKA Galer\u00eda fotogr\u00e1fica AKA Fotoblog de jazz, impro\u2026 y algo m\u00e1s] - Tomajazz - Francesco Bearzatti & Federico Casagrande actuaron en Season Jazz\u00e8bre en Perpignan, Francia, el 10 de febrero de 2026. Joan Cort\u00e8s lo retrata en INSTANTZZ","src":"https:\/\/i0.wp.com\/tomajazz.com\/web\/wp-content\/uploads\/2026\/03\/destacada-03-Brztt-Csgrnd-Photo-By-Joan-Cortes-10fbr26-Ssn-Jzzbr-PC-CCI-Prpgnn.jpg?resize=350%2C200&ssl=1","width":350,"height":200,"srcset":"https:\/\/i0.wp.com\/tomajazz.com\/web\/wp-content\/uploads\/2026\/03\/destacada-03-Brztt-Csgrnd-Photo-By-Joan-Cortes-10fbr26-Ssn-Jzzbr-PC-CCI-Prpgnn.jpg?resize=350%2C200&ssl=1 1x, https:\/\/i0.wp.com\/tomajazz.com\/web\/wp-content\/uploads\/2026\/03\/destacada-03-Brztt-Csgrnd-Photo-By-Joan-Cortes-10fbr26-Ssn-Jzzbr-PC-CCI-Prpgnn.jpg?resize=525%2C300&ssl=1 1.5x"},"classes":[]}],"_links":{"self":[{"href":"https:\/\/tomajazz.com\/web\/wp-json\/wp\/v2\/posts\/92149","targetHints":{"allow":["GET"]}}],"collection":[{"href":"https:\/\/tomajazz.com\/web\/wp-json\/wp\/v2\/posts"}],"about":[{"href":"https:\/\/tomajazz.com\/web\/wp-json\/wp\/v2\/types\/post"}],"author":[{"embeddable":true,"href":"https:\/\/tomajazz.com\/web\/wp-json\/wp\/v2\/users\/1"}],"replies":[{"embeddable":true,"href":"https:\/\/tomajazz.com\/web\/wp-json\/wp\/v2\/comments?post=92149"}],"version-history":[{"count":1,"href":"https:\/\/tomajazz.com\/web\/wp-json\/wp\/v2\/posts\/92149\/revisions"}],"predecessor-version":[{"id":92162,"href":"https:\/\/tomajazz.com\/web\/wp-json\/wp\/v2\/posts\/92149\/revisions\/92162"}],"wp:featuredmedia":[{"embeddable":true,"href":"https:\/\/tomajazz.com\/web\/wp-json\/wp\/v2\/media\/92161"}],"wp:attachment":[{"href":"https:\/\/tomajazz.com\/web\/wp-json\/wp\/v2\/media?parent=92149"}],"wp:term":[{"taxonomy":"category","embeddable":true,"href":"https:\/\/tomajazz.com\/web\/wp-json\/wp\/v2\/categories?post=92149"},{"taxonomy":"post_tag","embeddable":true,"href":"https:\/\/tomajazz.com\/web\/wp-json\/wp\/v2\/tags?post=92149"}],"curies":[{"name":"wp","href":"https:\/\/api.w.org\/{rel}","templated":true}]}}