{"id":9219,"date":"2013-11-13T11:00:57","date_gmt":"2013-11-13T10:00:57","guid":{"rendered":"http:\/\/www.tomajazz.com\/web\/?p=9219"},"modified":"2016-11-13T21:28:32","modified_gmt":"2016-11-13T20:28:32","slug":"tomajazz-recupera-guillermo-bazzola-una-conversacion-libre-improvisada-por-sergio-cabanillas","status":"publish","type":"post","link":"https:\/\/tomajazz.com\/web\/tomajazz-recupera-guillermo-bazzola-una-conversacion-libre-improvisada-por-sergio-cabanillas\/","title":{"rendered":"Tomajazz recupera&#8230; Guillermo Bazzola: una conversaci\u00f3n libre improvisada, por Sergio Cabanillas"},"content":{"rendered":"<figure id=\"attachment_8926\" aria-describedby=\"caption-attachment-8926\" style=\"width: 200px\" class=\"wp-caption alignleft\"><a href=\"http:\/\/www.tomajazz.com\/web\/?attachment_id=8926\" rel=\"attachment wp-att-8926\"><img loading=\"lazy\" decoding=\"async\" class=\"size-full wp-image-8926\" alt=\"Guillermo Bazzola \u00a9 Sergio Cabanillas\" src=\"http:\/\/www.tomajazz.com\/web\/wp-content\/uploads\/2013\/10\/guillermo_bazzola_6896.jpg\" width=\"200\" height=\"300\" title=\"\" srcset=\"https:\/\/tomajazz.com\/web\/wp-content\/uploads\/2013\/10\/guillermo_bazzola_6896.jpg 200w, https:\/\/tomajazz.com\/web\/wp-content\/uploads\/2013\/10\/guillermo_bazzola_6896-100x150.jpg 100w, https:\/\/tomajazz.com\/web\/wp-content\/uploads\/2013\/10\/guillermo_bazzola_6896-36x55.jpg 36w\" sizes=\"auto, (max-width: 200px) 100vw, 200px\" \/><\/a><figcaption id=\"caption-attachment-8926\" class=\"wp-caption-text\">Guillermo Bazzola<br \/>\u00a9 Sergio Cabanillas<\/figcaption><\/figure>\n<p>SERGIO CABANILLAS: Para empezar, una pregunta de sinceridad brutal y descarnada: \u00bfQu\u00e9 clase de locura puede llevar a tres argentinos a montar en Madrid un tr\u00edo de m\u00fasica de improvisaci\u00f3n de alto riesgo, con la que est\u00e1 cayendo?<\/p>\n<p>GUILLERMO BAZZOLA: Precisamente por la que est\u00e1 cayendo tenemos tiempo libre en algunas oportunidades [risas]. Por eso decidimos hacer un grupo para tocar lo que nos apetece, pero en realidad es la experiencia argentina [risas]. Cuando uno est\u00e1 en Argentina dice: \u201cBueno, \u00bfqu\u00e9 hago?\u00bftengo trabajo? M\u00e1s o menos, no tengo demasiado, as\u00ed que vamos a hacer lo que nos apetece\u201d [risas].<\/p>\n<p>Continuar leyendo&#8230; <a title=\"Guillermo Bazzola: una conversaci\u00f3n libre improvisada, por Sergio Cabanillas\" href=\"http:\/\/www.tomajazz.com\/web\/?p=8920\"><strong>Guillermo Bazzola: una conversaci\u00f3n libre improvisada, por Sergio Cabanillas<\/strong><\/a><\/p>\n","protected":false},"excerpt":{"rendered":"<p>SERGIO CABANILLAS: Para empezar, una pregunta de sinceridad brutal y descarnada: \u00bfQu\u00e9 clase de locura puede llevar a tres argentinos a montar en Madrid un tr\u00edo de m\u00fasica de improvisaci\u00f3n de alto riesgo, con la que est\u00e1 cayendo? GUILLERMO BAZZOLA: Precisamente por la que est\u00e1 cayendo tenemos tiempo libre en<span class=\"more-link\"><a href=\"https:\/\/tomajazz.com\/web\/tomajazz-recupera-guillermo-bazzola-una-conversacion-libre-improvisada-por-sergio-cabanillas\/\">Contin\u00faa leyendo<\/a><\/span><\/p>\n","protected":false},"author":1,"featured_media":8926,"comment_status":"open","ping_status":"closed","sticky":false,"template":"","format":"standard","meta":{"jetpack_post_was_ever_published":false,"_jetpack_newsletter_access":"","_jetpack_dont_email_post_to_subs":true,"_jetpack_newsletter_tier_id":0,"_jetpack_memberships_contains_paywalled_content":false,"_jetpack_memberships_contains_paid_content":false,"footnotes":""},"categories":[17848,17850,78,15537,9,15517,1038,6669],"tags":[304,7686,187,16099,16100],"class_list":["entry","author-pachi","post-9219","post","type-post","status-publish","format-standard","has-post-thumbnail","category-enrique-farelo","category-sergio-cabanillas","category-afondo","category-entrevistas","category-perfiles","category-textos","category-contenidos","category-tomajazz-recupera","tag-enrique-farelo","tag-guillermo-bazzola","tag-sergio-cabanillas","tag-toma-jazz","tag-tomajazz-toma-jazz"],"jetpack_featured_media_url":"https:\/\/tomajazz.com\/web\/wp-content\/uploads\/2013\/10\/guillermo_bazzola_6896.jpg","jetpack_likes_enabled":true,"jetpack_sharing_enabled":true,"jetpack-related-posts":[{"id":8920,"url":"https:\/\/tomajazz.com\/web\/guillermo-bazzola-una-conversacion-libre-improvisada-por-sergio-cabanillas\/","url_meta":{"origin":9219,"position":0},"title":"Guillermo Bazzola: una conversaci\u00f3n libre improvisada, por Sergio Cabanillas","author":"Sergio Cabanillas","date":"30 diciembre, 2009","format":false,"excerpt":"Coloquio con Guillermo Bazzola por Sergio Cabanillas y Enrique Farelo. 29 de Octubre de 2009, 17:00h., emisi\u00f3n en directo del programa Universos Paralelos, Onda Verde Madrid 107.9 FM. SERGIO CABANILLAS: Para empezar, una pregunta de sinceridad brutal y descarnada: \u00bfQu\u00e9 clase de locura puede llevar a tres argentinos a montar\u2026","rel":"","context":"En \u00ab*_Carlos Lara\u00bb","block_context":{"text":"*_Carlos Lara","link":"https:\/\/tomajazz.com\/web\/category\/carlos-lara\/"},"img":{"alt_text":"Guillermo Bazzola \u00a9 Sergio Cabanillas","src":"https:\/\/i0.wp.com\/www.tomajazz.com\/web\/wp-content\/uploads\/2013\/10\/guillermo_bazzola_6896.jpg?resize=350%2C200","width":350,"height":200},"classes":[]},{"id":32520,"url":"https:\/\/tomajazz.com\/web\/guillermo-bazzola-quinteto-encuentros-culturales-portugalete-c-c-carril-del-conde-madrid-2017-09-27-conciertos\/","url_meta":{"origin":9219,"position":1},"title":"Guillermo Bazzola Quinteto (Encuentros culturales Portugalete. C.C. Carril del Conde, Madrid. 2017-09-29) [Conciertos]","author":"Tomajazz","date":"30 septiembre, 2017","format":false,"excerpt":"Encuentros culturales Portugalete Fecha: 29 de septiembre de 2017 Lugar: Centro Cultural Carril del Conde (Madrid) Grupo: Guillermo Bazzola Quinteto Guillermo Bazzola: guitarra el\u00e9ctrica y efectos Ricardo Tejero: saxo tenor y clarinete Eugeniusz Marciniak: tromb\u00f3n de varas Daniel Bat\u00e1n: bajo el\u00e9ctrico C\u00e9sar De Fr\u00edas: bater\u00eda Comentario: El concierto sirvi\u00f3 de\u2026","rel":"","context":"En \u00ab*_Enrique Farelo\u00bb","block_context":{"text":"*_Enrique Farelo","link":"https:\/\/tomajazz.com\/web\/category\/enrique-farelo\/"},"img":{"alt_text":"Guillermo Bazzola Quintet \u00a9 Sergio Cabanillas, 2017","src":"https:\/\/i0.wp.com\/tomajazz.com\/web\/wp-content\/uploads\/2017\/09\/GUILLERMO_BAZZOLA_QUINTET_4168_CABANIJAZZ.jpg?resize=350%2C200&ssl=1","width":350,"height":200,"srcset":"https:\/\/i0.wp.com\/tomajazz.com\/web\/wp-content\/uploads\/2017\/09\/GUILLERMO_BAZZOLA_QUINTET_4168_CABANIJAZZ.jpg?resize=350%2C200&ssl=1 1x, https:\/\/i0.wp.com\/tomajazz.com\/web\/wp-content\/uploads\/2017\/09\/GUILLERMO_BAZZOLA_QUINTET_4168_CABANIJAZZ.jpg?resize=525%2C300&ssl=1 1.5x"},"classes":[]},{"id":49640,"url":"https:\/\/tomajazz.com\/web\/marcelo-peralta-in-memoriam\/","url_meta":{"origin":9219,"position":2},"title":"Marcelo Peralta In Memoriam","author":"Tomajazz","date":"11 marzo, 2020","format":false,"excerpt":"Desde Tomajazz un homenaje al saxofonista Marcelo Peralta (Zas! Tr\u00edo, GNU Tr\u00edo), fallecido en Madrid debido al corona virus. Recuperamos las palabras del guitarrista Guillermo Bazzola sobre este m\u00fasico, y dos im\u00e1genes de Sergio Cabanillas. Descanse en paz.","rel":"","context":"En \u00abTextos\u00bb","block_context":{"text":"Textos","link":"https:\/\/tomajazz.com\/web\/category\/contenidos\/textos\/"},"img":{"alt_text":"GNU Tr\u00edo \u00a9 Sergio Cabanillas","src":"https:\/\/i0.wp.com\/tomajazz.com\/web\/wp-content\/uploads\/2013\/10\/GNU_trio_6987.jpg?resize=350%2C200&ssl=1","width":350,"height":200},"classes":[]},{"id":69358,"url":"https:\/\/tomajazz.com\/web\/universos-paralelos-t28-p16\/","url_meta":{"origin":9219,"position":3},"title":"Universos Paralelos: Emisi\u00f3n 29 de diciembre de 2022 (UP.T.28 P.16) [Noticias de jazz]","author":"Tomajazz","date":"29 diciembre, 2022","format":false,"excerpt":"Universos Paralelos llega a su \u00faltimo programa del a\u00f1o y se toma un descanso durante todo el mes de enero de 2023. En la entrega n\u00famero 16 de su temporada vig\u00e9simo octava, el disco destacado es la nueva grabaci\u00f3n de Guillermo Bazzola, Impasse. Universos Paralelos es un programa de radio\u2026","rel":"","context":"En \u00abNoticias\u00bb","block_context":{"text":"Noticias","link":"https:\/\/tomajazz.com\/web\/category\/contenidos\/noticias-2\/"},"img":{"alt_text":"Guillermo Bazzola Impasse (Gnu Town records 2022) Por Enrique Farelo [Grabaci\u00f3n de jazz] tambi\u00e9n en Universos Paralelos, el programa de radio de Sergio Cabanillas","src":"https:\/\/i0.wp.com\/tomajazz.com\/web\/wp-content\/uploads\/2022\/10\/Guillermo-Bazzola-Impasse-GnuTown-2022.jpg?resize=350%2C200&ssl=1","width":350,"height":200,"srcset":"https:\/\/i0.wp.com\/tomajazz.com\/web\/wp-content\/uploads\/2022\/10\/Guillermo-Bazzola-Impasse-GnuTown-2022.jpg?resize=350%2C200&ssl=1 1x, https:\/\/i0.wp.com\/tomajazz.com\/web\/wp-content\/uploads\/2022\/10\/Guillermo-Bazzola-Impasse-GnuTown-2022.jpg?resize=525%2C300&ssl=1 1.5x"},"classes":[]},{"id":12534,"url":"https:\/\/tomajazz.com\/web\/steve-brown-guillermo-bazzola-una-pequena-gran-alegria-por-sergio-cabanillas\/","url_meta":{"origin":9219,"position":4},"title":"Steve Brown &#038; Guillermo Bazzola: una peque\u00f1a gran alegr\u00eda, por Sergio Cabanillas","author":"Sergio Cabanillas","date":"5 junio, 2014","format":false,"excerpt":"El encuentro en Ithaca, NY, del veterano guitarrista norteamericano Steve Brown y el argentino Guillermo Bazzola en Abril de 2013, ha popiciado una de las citas discogr\u00e1ficas m\u00e1s agradables de este 2014. Una peque\u00f1a alegr\u00eda es a la escucha como la conversaci\u00f3n amable y sosegada de dos amigos junto a\u2026","rel":"","context":"En \u00ab*_Carlos Lara\u00bb","block_context":{"text":"*_Carlos Lara","link":"https:\/\/tomajazz.com\/web\/category\/carlos-lara\/"},"img":{"alt_text":"Madrid, 2010 \u00a9 Barbara Brown, 2010","src":"https:\/\/i0.wp.com\/www.tomajazz.com\/web\/wp-content\/uploads\/2014\/06\/Madrid-enero-de-2010-1.jpg?resize=350%2C200","width":350,"height":200},"classes":[]},{"id":67839,"url":"https:\/\/tomajazz.com\/web\/guillermo-bazzola-impasse-2022\/","url_meta":{"origin":9219,"position":5},"title":"Guillermo Bazzola Impasse (Gnu Town records 2022) Por Enrique Farelo [Grabaci\u00f3n de jazz]","author":"Tomajazz","date":"1 noviembre, 2022","format":false,"excerpt":"Enrique Farelo repasa la grabaci\u00f3n en solitario de Guillermo Bazzola Impasse (Gnu Town records 2022) que se ha puesto en circulaci\u00f3n el 1 de noviembre de 2022.","rel":"","context":"En \u00abGrabaciones...\u00bb","block_context":{"text":"Grabaciones...","link":"https:\/\/tomajazz.com\/web\/category\/contenidos\/textos\/grabaciones\/"},"img":{"alt_text":"Guillermo Bazzola Impasse (Gnu Town records 2022) Por Enrique Farelo [Grabaci\u00f3n de jazz] tambi\u00e9n en Universos Paralelos, el programa de radio de Sergio Cabanillas","src":"https:\/\/i0.wp.com\/tomajazz.com\/web\/wp-content\/uploads\/2022\/10\/Guillermo-Bazzola-Impasse-GnuTown-2022.jpg?resize=350%2C200&ssl=1","width":350,"height":200,"srcset":"https:\/\/i0.wp.com\/tomajazz.com\/web\/wp-content\/uploads\/2022\/10\/Guillermo-Bazzola-Impasse-GnuTown-2022.jpg?resize=350%2C200&ssl=1 1x, https:\/\/i0.wp.com\/tomajazz.com\/web\/wp-content\/uploads\/2022\/10\/Guillermo-Bazzola-Impasse-GnuTown-2022.jpg?resize=525%2C300&ssl=1 1.5x"},"classes":[]}],"_links":{"self":[{"href":"https:\/\/tomajazz.com\/web\/wp-json\/wp\/v2\/posts\/9219","targetHints":{"allow":["GET"]}}],"collection":[{"href":"https:\/\/tomajazz.com\/web\/wp-json\/wp\/v2\/posts"}],"about":[{"href":"https:\/\/tomajazz.com\/web\/wp-json\/wp\/v2\/types\/post"}],"author":[{"embeddable":true,"href":"https:\/\/tomajazz.com\/web\/wp-json\/wp\/v2\/users\/1"}],"replies":[{"embeddable":true,"href":"https:\/\/tomajazz.com\/web\/wp-json\/wp\/v2\/comments?post=9219"}],"version-history":[{"count":2,"href":"https:\/\/tomajazz.com\/web\/wp-json\/wp\/v2\/posts\/9219\/revisions"}],"predecessor-version":[{"id":9552,"href":"https:\/\/tomajazz.com\/web\/wp-json\/wp\/v2\/posts\/9219\/revisions\/9552"}],"wp:featuredmedia":[{"embeddable":true,"href":"https:\/\/tomajazz.com\/web\/wp-json\/wp\/v2\/media\/8926"}],"wp:attachment":[{"href":"https:\/\/tomajazz.com\/web\/wp-json\/wp\/v2\/media?parent=9219"}],"wp:term":[{"taxonomy":"category","embeddable":true,"href":"https:\/\/tomajazz.com\/web\/wp-json\/wp\/v2\/categories?post=9219"},{"taxonomy":"post_tag","embeddable":true,"href":"https:\/\/tomajazz.com\/web\/wp-json\/wp\/v2\/tags?post=9219"}],"curies":[{"name":"wp","href":"https:\/\/api.w.org\/{rel}","templated":true}]}}