{"id":95000,"date":"2025-03-13T10:00:45","date_gmt":"2025-03-13T09:00:45","guid":{"rendered":"https:\/\/tomajazz.com\/web\/?p=95000"},"modified":"2025-03-12T21:30:14","modified_gmt":"2025-03-12T20:30:14","slug":"universos-paralelos-t30-p21-2024-25","status":"publish","type":"post","link":"https:\/\/tomajazz.com\/web\/universos-paralelos-t30-p21-2024-25\/","title":{"rendered":"Universos Paralelos emisi\u00f3n 13 de marzo de 2025 (UP.T.30 P.21) [Noticias de jazz]"},"content":{"rendered":"<p style=\"text-align: center;\"><img loading=\"lazy\" decoding=\"async\" class=\"size-full wp-image-95001 alignnone\" title=\"Universos Paralelos emisi\u00f3n 13 de marzo de 2025 (UP.T.30 P.21) [Noticias de jazz] Tomajazz Diego Alonso Nihil 1080\" src=\"https:\/\/tomajazz.com\/web\/wp-content\/uploads\/2025\/03\/Diego-Alonso-Nihil-1080.jpg\" alt=\"Universos Paralelos emisi\u00f3n 13 de marzo de 2025 (UP.T.30 P.21) [Noticias de jazz] - Tomajazz - En la vig\u00e9simo primera entrega de Universos Paralelos, el programa dirigido por Sergio Cabanillas, el disco de portada es la nueva grabaci\u00f3n de Diego Alonso #Noticiasdejazz\" width=\"300\" height=\"300\" srcset=\"https:\/\/tomajazz.com\/web\/wp-content\/uploads\/2025\/03\/Diego-Alonso-Nihil-1080.jpg 300w, https:\/\/tomajazz.com\/web\/wp-content\/uploads\/2025\/03\/Diego-Alonso-Nihil-1080-200x200.jpg 200w\" sizes=\"auto, (max-width: 300px) 100vw, 300px\" \/> <img loading=\"lazy\" decoding=\"async\" class=\"size-large wp-image-95002 alignnone\" title=\"Universos Paralelos emisi\u00f3n 13 de marzo de 2025 (UP.T.30 P.21) [Noticias de jazz] Tomajazz Rafa Aceves Emeki 1080\" src=\"https:\/\/tomajazz.com\/web\/wp-content\/uploads\/2025\/03\/Rafa-Aceves-Emeki-1080.jpg\" alt=\"Universos Paralelos emisi\u00f3n 13 de marzo de 2025 (UP.T.30 P.21) [Noticias de jazz] - Tomajazz - En la vig\u00e9simo primera entrega de Universos Paralelos, el programa dirigido por Sergio Cabanillas, el disco de portada es la nueva grabaci\u00f3n de Diego Alonso #Noticiasdejazz\" width=\"300\" height=\"300\" srcset=\"https:\/\/tomajazz.com\/web\/wp-content\/uploads\/2025\/03\/Rafa-Aceves-Emeki-1080.jpg 300w, https:\/\/tomajazz.com\/web\/wp-content\/uploads\/2025\/03\/Rafa-Aceves-Emeki-1080-200x200.jpg 200w\" sizes=\"auto, (max-width: 300px) 100vw, 300px\" \/><\/p>\n<p style=\"text-align: left;\"><b>Descubriendo las m\u00fasicas instrumentales que hay m\u00e1s all\u00e1 de la radio f\u00f3rmula desde 1995 ERA 30 temporadas en el aire<\/b> (y unos pocos en la red)&#8230; \u00a1y seguimos descubriendo buena m\u00fasica!<\/p>\n<div><b>Ya est\u00e1 disponible una nueva entrega de Universos Paralelos, el programa de radio editado, dirigido y presentado por Sergio Cabanillas.\u00a0<\/b><\/div>\n<div>\n<p>En programa del 13 de marzo de 2025 suena m\u00fasica de Artbeaters, Diego Alonso, Rafa Aceves Trio, Mikel Urretagoiena, Juan Ortiz.<\/p>\n<p>El programa est\u00e1 disponible en <a href=\"https:\/\/universosparalelosradioshow.blogspot.com\/2023\/04\/emision-27042023.html\" target=\"_blank\" rel=\"noopener\">universosparalelosradioshow.blogspot.com.es<\/a><\/p>\n<\/div>\n<div style=\"text-align: right;\">\n<p>\u00a9 <strong>Tomajazz<\/strong>, 2025<\/p>\n<\/div>\n<h4>Escucha el \u00faltimo programa de Universos Paralelos&#8230;<\/h4>\n<p><a href=\"https:\/\/universosparalelosradioshow.blogspot.com\/2023\/04\/emision-27042023.html\" target=\"_blank\" rel=\"noopener\">https:\/\/universosparalelosradioshow.blogspot.com<\/a><\/p>\n<h4 style=\"text-align: left;\">Anteriormente&#8230; Artbeaters en UP&#8230;<\/h4>\n<blockquote class=\"wp-embedded-content\" data-secret=\"ipV4gL7eBm\"><p><a href=\"https:\/\/tomajazz.com\/web\/universos-paralelos-t30-p05-2024-25\/\">Universos Paralelos emisi\u00f3n 17 de octubre de 2024 (UP.T.30 P.05) [Noticias de jazz]<\/a><\/p><\/blockquote>\n<p><iframe loading=\"lazy\" class=\"wp-embedded-content\" sandbox=\"allow-scripts\" security=\"restricted\" style=\"position: absolute; visibility: hidden;\" title=\"\u00abUniversos Paralelos emisi\u00f3n 17 de octubre de 2024 (UP.T.30 P.05) [Noticias de jazz]\u00bb \u2014 Tomajazz\" src=\"https:\/\/tomajazz.com\/web\/universos-paralelos-t30-p05-2024-25\/embed\/#?secret=11dHcksK17#?secret=ipV4gL7eBm\" data-secret=\"ipV4gL7eBm\" width=\"600\" height=\"338\" frameborder=\"0\" marginwidth=\"0\" marginheight=\"0\" scrolling=\"no\"><\/iframe><\/p>\n<h3 style=\"text-align: left;\">UP en Telegram<\/h3>\n<div style=\"text-align: left;\">\u00a1Novedad! Para estar al tanto en primicia de sus nuevos contenidos (disfrutar del programa un d\u00eda antes de su publicaci\u00f3n en alta calidad), <strong>Universos Paralelos<\/strong> ha puesto a disposici\u00f3n de los seguidores del programa, \u00a1gratuitamente! un canal de Telegram en <a href=\"https:\/\/t.me\/universosparalelosradioshow\" target=\"_blank\" rel=\"noopener\">https:\/\/universosparalelosradioshow.blogspot.com<\/a><\/div>\n<h3 style=\"text-align: left;\">M\u00e1s informaci\u00f3n&#8230;<\/h3>\n<p style=\"text-align: left;\"><a href=\"https:\/\/universosparalelosradioshow.blogspot.com\/\" target=\"_blank\" rel=\"noopener\">https:\/\/universosparalelosradioshow.blogspot.com\/<\/a><\/p>\n<h3 style=\"text-align: left;\">Sergio Cabanillas en Tomajazz<\/h3>\n<p style=\"text-align: left;\"><a href=\"https:\/\/tomajazz.com\/web\/?s=Sergio+cabanillas&amp;submit=Search\" target=\"_blank\" rel=\"noopener\">https:\/\/tomajazz.com\/web\/?s=Sergio+cabanillas&amp;submit=Search<\/a><\/p>\n<p>&nbsp;<\/p>\n","protected":false},"excerpt":{"rendered":"<p>En la vig\u00e9simo primera entrega de Universos Paralelos, el programa dirigido por Sergio Cabanillas, el disco de portada es la nueva grabaci\u00f3n de Diego Alonso #Noticiasdejazz<span class=\"more-link\"><a href=\"https:\/\/tomajazz.com\/web\/universos-paralelos-t30-p21-2024-25\/\">Contin\u00faa leyendo<\/a><\/span><\/p>\n","protected":false},"author":1,"featured_media":95003,"comment_status":"open","ping_status":"closed","sticky":false,"template":"","format":"standard","meta":{"jetpack_post_was_ever_published":false,"_jetpack_newsletter_access":"","_jetpack_dont_email_post_to_subs":false,"_jetpack_newsletter_tier_id":0,"_jetpack_memberships_contains_paywalled_content":false,"_jetpack_memberships_contains_paid_content":false,"footnotes":""},"categories":[31550,17858,15795,1038],"tags":[],"class_list":["entry","author-pachi","has-excerpt","post-95000","post","type-post","status-publish","format-standard","has-post-thumbnail","category-universos-paralelos-up","category-redaccion","category-noticias-2","category-contenidos"],"jetpack_featured_media_url":"https:\/\/tomajazz.com\/web\/wp-content\/uploads\/2025\/03\/Diego-Alonso-Nihil-destacada-UP-Tomajazz.jpg","jetpack_likes_enabled":true,"jetpack_sharing_enabled":true,"jetpack-related-posts":[{"id":103987,"url":"https:\/\/tomajazz.com\/web\/universos-paralelos-t31-p17-2025-26\/","url_meta":{"origin":95000,"position":0},"title":"Universos Paralelos: emisi\u00f3n 12 de febrero de 2026 (UP.T.31 P.17) [Noticias de jazz]","author":"Tomajazz","date":"12 febrero, 2026","format":false,"excerpt":"Universos Paralelos. Emisi\u00f3n del 12 de febrero de 2026. Sergio Cabanillas selecciona y comenta m\u00fasicas de Eelco Van Zanten, Cuarteto Fuerte, Rai Castells, Weber \/ Morris Big Band, Josep Llu\u00eds Galiana #Noticiasdejazz","rel":"","context":"En \u00abUniversos Paralelos - UP\u00bb","block_context":{"text":"Universos Paralelos - UP","link":"https:\/\/tomajazz.com\/web\/category\/contenidos\/noticias-2\/universos-paralelos-up\/"},"img":{"alt_text":"Universos Paralelos: emisi\u00f3n 12 de febrero de 2026 (UP.T.31 P.17) [Noticias de jazz] - Tomajazz - Universos Paralelos. Emisi\u00f3n del 12 de febrero de 2026. Sergio Cabanillas selecciona y comenta m\u00fasicas de Eelco Van Zanten, Cuarteto Fuerte, Rai Castells, Weber \/ Morris Big Band, Josep Llu\u00eds Galiana #Noticiasdejazz","src":"https:\/\/i0.wp.com\/tomajazz.com\/web\/wp-content\/uploads\/2026\/02\/destacada-Rai-Castells-Shifting-1080.jpg?resize=350%2C200&ssl=1","width":350,"height":200,"srcset":"https:\/\/i0.wp.com\/tomajazz.com\/web\/wp-content\/uploads\/2026\/02\/destacada-Rai-Castells-Shifting-1080.jpg?resize=350%2C200&ssl=1 1x, https:\/\/i0.wp.com\/tomajazz.com\/web\/wp-content\/uploads\/2026\/02\/destacada-Rai-Castells-Shifting-1080.jpg?resize=525%2C300&ssl=1 1.5x, https:\/\/i0.wp.com\/tomajazz.com\/web\/wp-content\/uploads\/2026\/02\/destacada-Rai-Castells-Shifting-1080.jpg?resize=700%2C400&ssl=1 2x"},"classes":[]},{"id":105120,"url":"https:\/\/tomajazz.com\/web\/universos-paralelos-up-t31-p27-2025-26\/","url_meta":{"origin":95000,"position":1},"title":"Universos Paralelos: emisi\u00f3n 30 de abril de 2026 (UP.T.31 P.27) [Noticias de jazz]","author":"Tomajazz","date":"30 abril, 2026","format":false,"excerpt":"En el programa del 30 de abril de 2026 de los Universos Paralelos de Sergio Cabanillas el disco de portada es lo nuevo de Xavi Reija #Noticiasdejazz","rel":"","context":"En \u00abUniversos Paralelos - UP\u00bb","block_context":{"text":"Universos Paralelos - UP","link":"https:\/\/tomajazz.com\/web\/category\/contenidos\/noticias-2\/universos-paralelos-up\/"},"img":{"alt_text":"Universos Paralelos: emisi\u00f3n 30 de abril de 2026 (UP.T.31 P.27) [Noticias de jazz] - Tomajazz - En el programa del 30 de abril de 2026 de los Universos Paralelos de Sergio Cabanillas el disco de portada es lo nuevo de Xavi Reija #Noticiasdejazz","src":"https:\/\/i0.wp.com\/tomajazz.com\/web\/wp-content\/uploads\/2026\/04\/destacada-Xavi-Reija-EQ-Nu-Breed-1080.jpg?resize=350%2C200&ssl=1","width":350,"height":200,"srcset":"https:\/\/i0.wp.com\/tomajazz.com\/web\/wp-content\/uploads\/2026\/04\/destacada-Xavi-Reija-EQ-Nu-Breed-1080.jpg?resize=350%2C200&ssl=1 1x, https:\/\/i0.wp.com\/tomajazz.com\/web\/wp-content\/uploads\/2026\/04\/destacada-Xavi-Reija-EQ-Nu-Breed-1080.jpg?resize=525%2C300&ssl=1 1.5x, https:\/\/i0.wp.com\/tomajazz.com\/web\/wp-content\/uploads\/2026\/04\/destacada-Xavi-Reija-EQ-Nu-Breed-1080.jpg?resize=700%2C400&ssl=1 2x"},"classes":[]},{"id":103194,"url":"https:\/\/tomajazz.com\/web\/universos-paralelos-t31-p14-p15-2025-26\/","url_meta":{"origin":95000,"position":2},"title":"Universos Paralelos: final de a\u00f1o 2025 (UP.T.31 P.14 y 15) [Noticias de jazz]","author":"Tomajazz","date":"7 enero, 2026","format":false,"excerpt":"Universos Paralelos junto con su presentador, Sergio Cabanillas, se toma un descanso en enero de 2026. El programa finaliz\u00f3 diciembre de 2026 con sendos programas, incluyendo un programa extra el d\u00eda de Navidad #Noticiasdejazz","rel":"","context":"En \u00abUniversos Paralelos - UP\u00bb","block_context":{"text":"Universos Paralelos - UP","link":"https:\/\/tomajazz.com\/web\/category\/contenidos\/noticias-2\/universos-paralelos-up\/"},"img":{"alt_text":"Universos Paralelos: final de a\u00f1o 2025 (UP.T.31 P.14 y 15) [Noticias de jazz] - Tomajazz","src":"https:\/\/i0.wp.com\/tomajazz.com\/web\/wp-content\/uploads\/2026\/01\/00-destacada-Jorge-Cabadas-Algunas-Piezas-Inauditas-1080.jpg?resize=350%2C200&ssl=1","width":350,"height":200,"srcset":"https:\/\/i0.wp.com\/tomajazz.com\/web\/wp-content\/uploads\/2026\/01\/00-destacada-Jorge-Cabadas-Algunas-Piezas-Inauditas-1080.jpg?resize=350%2C200&ssl=1 1x, https:\/\/i0.wp.com\/tomajazz.com\/web\/wp-content\/uploads\/2026\/01\/00-destacada-Jorge-Cabadas-Algunas-Piezas-Inauditas-1080.jpg?resize=525%2C300&ssl=1 1.5x"},"classes":[]},{"id":102754,"url":"https:\/\/tomajazz.com\/web\/universos-paralelos-t31-p13-2025-26\/","url_meta":{"origin":95000,"position":3},"title":"Universos Paralelos: emisi\u00f3n 11 de diciembre de 2025 (UP.T.31 P.12+1) [Noticias de jazz]","author":"Tomajazz","date":"11 diciembre, 2025","format":false,"excerpt":"Universos Paralelos de Sergio Cabanillas del 11 de diciembre de 2025. Portada lo nuevo de Emma Rawicz... y mucho m\u00e1s... #Noticiasdejazz","rel":"","context":"En \u00ab*_Redacci\u00f3n\u00bb","block_context":{"text":"*_Redacci\u00f3n","link":"https:\/\/tomajazz.com\/web\/category\/redaccion\/"},"img":{"alt_text":"Universos Paralelos: emisi\u00f3n 11 de diciembre de 2025 (UP.T.31 P.12+1) [Noticias de jazz] - Tomajazz - Universos Paralelos de Sergio Cabanillas del 11 de diciembre de 2025. Portada lo nuevo de Emma Rawicz... y mucho m\u00e1s... #Noticiasdejazz","src":"https:\/\/i0.wp.com\/tomajazz.com\/web\/wp-content\/uploads\/2025\/12\/destadado-Emma-Rawicz-Inkyra-UP-Noticias-Tomajazz.jpg?resize=350%2C200&ssl=1","width":350,"height":200,"srcset":"https:\/\/i0.wp.com\/tomajazz.com\/web\/wp-content\/uploads\/2025\/12\/destadado-Emma-Rawicz-Inkyra-UP-Noticias-Tomajazz.jpg?resize=350%2C200&ssl=1 1x, https:\/\/i0.wp.com\/tomajazz.com\/web\/wp-content\/uploads\/2025\/12\/destadado-Emma-Rawicz-Inkyra-UP-Noticias-Tomajazz.jpg?resize=525%2C300&ssl=1 1.5x, https:\/\/i0.wp.com\/tomajazz.com\/web\/wp-content\/uploads\/2025\/12\/destadado-Emma-Rawicz-Inkyra-UP-Noticias-Tomajazz.jpg?resize=700%2C400&ssl=1 2x"},"classes":[]},{"id":104190,"url":"https:\/\/tomajazz.com\/web\/universos-paralelos-t31-p19-2025-26\/","url_meta":{"origin":95000,"position":4},"title":"Universos Paralelos: emisi\u00f3n 26 de febrero de 2026 (UP.T.31 P.19) [Noticias de jazz]","author":"Tomajazz","date":"26 febrero, 2026","format":false,"excerpt":"Ramiro Zayas protagoniza la portada de Universos Paralelos del 26 de febrero. Sergio Cabanillas adem\u00e1s selecciona m\u00fasicas de Arturo Valero, Albert Cirera & Tres Tambors, Dustin Carlson, Taborn \/ Cline \/ Gilmore #Noticiasdejazz","rel":"","context":"En \u00abUniversos Paralelos - UP\u00bb","block_context":{"text":"Universos Paralelos - UP","link":"https:\/\/tomajazz.com\/web\/category\/contenidos\/noticias-2\/universos-paralelos-up\/"},"img":{"alt_text":"Universos Paralelos: emisi\u00f3n 26 de febrero de 2026 (UP.T.31 P.19) [Noticias de jazz] - Tomajazz - Ramiro Zayas protagoniza la portada de Universos Paralelos del 26 de febrero. Sergio Cabanillas adem\u00e1s selecciona m\u00fasicas de Arturo Valero, Albert Cirera & Tres Tambors, Dustin Carlson, Taborn \/ Cline \/ Gilmore #Noticiasdejazz","src":"https:\/\/i0.wp.com\/tomajazz.com\/web\/wp-content\/uploads\/2026\/02\/destacada-Ramiro-Zayas-Familia-1080.jpg?resize=350%2C200&ssl=1","width":350,"height":200,"srcset":"https:\/\/i0.wp.com\/tomajazz.com\/web\/wp-content\/uploads\/2026\/02\/destacada-Ramiro-Zayas-Familia-1080.jpg?resize=350%2C200&ssl=1 1x, https:\/\/i0.wp.com\/tomajazz.com\/web\/wp-content\/uploads\/2026\/02\/destacada-Ramiro-Zayas-Familia-1080.jpg?resize=525%2C300&ssl=1 1.5x, https:\/\/i0.wp.com\/tomajazz.com\/web\/wp-content\/uploads\/2026\/02\/destacada-Ramiro-Zayas-Familia-1080.jpg?resize=700%2C400&ssl=1 2x"},"classes":[]},{"id":101979,"url":"https:\/\/tomajazz.com\/web\/universos-paralelos-t31-p10-2025-26-xxx-aniv\/","url_meta":{"origin":95000,"position":5},"title":"Emisi\u00f3n XXX Aniversario Universos Paralelos: 20 de noviembre de 2025 (UP.T.31 P.10) [Noticias de jazz]","author":"Tomajazz","date":"20 noviembre, 2025","format":false,"excerpt":"Universos Paralelos celebra su XXX Aniversario el 20 de noviembre de 2025 con un especial dedicado a Kevin Kastning. Desde Tomajazz enviamos nuestra felicitaci\u00f3n a Sergio Cabanillas y a todos los escuchantes de UP #Noticiasdejazz","rel":"","context":"En \u00abUniversos Paralelos - UP\u00bb","block_context":{"text":"Universos Paralelos - UP","link":"https:\/\/tomajazz.com\/web\/category\/contenidos\/noticias-2\/universos-paralelos-up\/"},"img":{"alt_text":"Emisi\u00f3n XXX Aniversario Universos Paralelos: 20 de noviembre de 2025 (UP.T.31 P.10) [Noticias de jazz] - Tomajazz - Universos Paralelos celebra su XXX Aniversario el 20 de noviembre de 2025 con un especial dedicado a Kevin Kastning. Desde Tomajazz enviamos nuestra felicitaci\u00f3n a Sergio Cabanillas y a todos los escuchantes de UP #Noticiasdejazz","src":"https:\/\/i0.wp.com\/tomajazz.com\/web\/wp-content\/uploads\/2025\/11\/destadado-Portada-Composicion-XXX-Aniversario-1080.jpg?resize=350%2C200&ssl=1","width":350,"height":200,"srcset":"https:\/\/i0.wp.com\/tomajazz.com\/web\/wp-content\/uploads\/2025\/11\/destadado-Portada-Composicion-XXX-Aniversario-1080.jpg?resize=350%2C200&ssl=1 1x, https:\/\/i0.wp.com\/tomajazz.com\/web\/wp-content\/uploads\/2025\/11\/destadado-Portada-Composicion-XXX-Aniversario-1080.jpg?resize=525%2C300&ssl=1 1.5x, https:\/\/i0.wp.com\/tomajazz.com\/web\/wp-content\/uploads\/2025\/11\/destadado-Portada-Composicion-XXX-Aniversario-1080.jpg?resize=700%2C400&ssl=1 2x"},"classes":[]}],"_links":{"self":[{"href":"https:\/\/tomajazz.com\/web\/wp-json\/wp\/v2\/posts\/95000","targetHints":{"allow":["GET"]}}],"collection":[{"href":"https:\/\/tomajazz.com\/web\/wp-json\/wp\/v2\/posts"}],"about":[{"href":"https:\/\/tomajazz.com\/web\/wp-json\/wp\/v2\/types\/post"}],"author":[{"embeddable":true,"href":"https:\/\/tomajazz.com\/web\/wp-json\/wp\/v2\/users\/1"}],"replies":[{"embeddable":true,"href":"https:\/\/tomajazz.com\/web\/wp-json\/wp\/v2\/comments?post=95000"}],"version-history":[{"count":1,"href":"https:\/\/tomajazz.com\/web\/wp-json\/wp\/v2\/posts\/95000\/revisions"}],"predecessor-version":[{"id":95005,"href":"https:\/\/tomajazz.com\/web\/wp-json\/wp\/v2\/posts\/95000\/revisions\/95005"}],"wp:featuredmedia":[{"embeddable":true,"href":"https:\/\/tomajazz.com\/web\/wp-json\/wp\/v2\/media\/95003"}],"wp:attachment":[{"href":"https:\/\/tomajazz.com\/web\/wp-json\/wp\/v2\/media?parent=95000"}],"wp:term":[{"taxonomy":"category","embeddable":true,"href":"https:\/\/tomajazz.com\/web\/wp-json\/wp\/v2\/categories?post=95000"},{"taxonomy":"post_tag","embeddable":true,"href":"https:\/\/tomajazz.com\/web\/wp-json\/wp\/v2\/tags?post=95000"}],"curies":[{"name":"wp","href":"https:\/\/api.w.org\/{rel}","templated":true}]}}