{"id":9529,"date":"2013-12-03T11:20:40","date_gmt":"2013-12-03T10:20:40","guid":{"rendered":"http:\/\/www.tomajazz.com\/web\/?p=9529"},"modified":"2025-01-15T18:23:11","modified_gmt":"2025-01-15T17:23:11","slug":"all-jazz-sera-cooper-moore-chad-taylor-festival-internacional-de-jazz-de-siguenza-in-memoriam","status":"publish","type":"post","link":"https:\/\/tomajazz.com\/web\/all-jazz-sera-cooper-moore-chad-taylor-festival-internacional-de-jazz-de-siguenza-in-memoriam\/","title":{"rendered":"All Jazz Sera: Cooper-Moore &#8211; Chad Taylor (Festival Internacional de Jazz de Sig\u00fcenza In Memoriam)"},"content":{"rendered":"<p style=\"text-align: center;\"><a href=\"http:\/\/www.tomajazz.com\/web\/?attachment_id=9530\" rel=\"attachment wp-att-9530\"><img loading=\"lazy\" decoding=\"async\" class=\"aligncenter size-full wp-image-9530\" alt=\"IMG_3914.JPG- Cooper Moore y Chad Taylor\" src=\"http:\/\/www.tomajazz.com\/web\/wp-content\/uploads\/2013\/12\/IMG_3914.JPG-Cooper-Moore-y-Chad-Taylor.jpg\" width=\"424\" height=\"642\" title=\"\" srcset=\"https:\/\/tomajazz.com\/web\/wp-content\/uploads\/2013\/12\/IMG_3914.JPG-Cooper-Moore-y-Chad-Taylor.jpg 424w, https:\/\/tomajazz.com\/web\/wp-content\/uploads\/2013\/12\/IMG_3914.JPG-Cooper-Moore-y-Chad-Taylor-99x150.jpg 99w, https:\/\/tomajazz.com\/web\/wp-content\/uploads\/2013\/12\/IMG_3914.JPG-Cooper-Moore-y-Chad-Taylor-198x300.jpg 198w, https:\/\/tomajazz.com\/web\/wp-content\/uploads\/2013\/12\/IMG_3914.JPG-Cooper-Moore-y-Chad-Taylor-36x55.jpg 36w\" sizes=\"auto, (max-width: 424px) 100vw, 424px\" \/><\/a><\/p>\n<p>Cooper-Moore y Chad Taylor<br \/>\nDigital Primitives<br \/>\n<a title=\"Digital Primitives \/ Brigada Bravo &amp; D\u00edaz \/ Daniel Humair \u2013 Ram\u00f3n L\u00f3pez \u201cDrums Duet\u201d \/ Larry Ochs Sax &amp; Drumming Core (V Festival Internacional de Jazz de Sig\u00fcenza 2009, Ermita de San Roque, Sig\u00fcenza, Guadalajara, 2009-12-05\/08)\" href=\"http:\/\/www.tomajazz.com\/web\/?p=7979\" target=\"_blank\">V Festival Internacional de Jazz de Sig\u00fcenza 2009<\/a><br \/>\nErmita de San Roque, Sig\u00fcenza, Guadalajara. 2009-12-05<\/p>\n<p>\u00a9\u00a0Sera Mart\u00edn, 2009<\/p>\n","protected":false},"excerpt":{"rendered":"<p>Cooper-Moore y Chad Taylor Digital Primitives V Festival Internacional de Jazz de Sig\u00fcenza 2009 Ermita de San Roque, Sig\u00fcenza, Guadalajara. 2009-12-05 \u00a9\u00a0Sera Mart\u00edn, 2009<span class=\"more-link\"><a href=\"https:\/\/tomajazz.com\/web\/all-jazz-sera-cooper-moore-chad-taylor-festival-internacional-de-jazz-de-siguenza-in-memoriam\/\">Contin\u00faa leyendo<\/a><\/span><\/p>\n","protected":false},"author":1,"featured_media":9531,"comment_status":"open","ping_status":"closed","sticky":false,"template":"","format":"standard","meta":{"jetpack_post_was_ever_published":false,"_jetpack_newsletter_access":"","_jetpack_dont_email_post_to_subs":true,"_jetpack_newsletter_tier_id":0,"_jetpack_memberships_contains_paywalled_content":false,"_jetpack_memberships_contains_paid_content":false,"footnotes":""},"categories":[17852,7219,15516,31927,1038,4758],"tags":[7504,6892,7893,7892,12656,15275,13,12657,209,16099,77,16100],"class_list":["entry","author-pachi","post-9529","post","type-post","status-publish","format-standard","has-post-thumbnail","category-sera-martin","category-alljazzsera","category-imagenes","category-in-memoriam","category-contenidos","category-blogs","tag-all-jazz-sera","tag-chad-taylor","tag-cooper-moore","tag-festival-internacional-de-jazz-de-siguenza","tag-fotoblog","tag-galeria-fotografica","tag-jazz","tag-photoblog","tag-sera-martin","tag-toma-jazz","tag-tomajazz","tag-tomajazz-toma-jazz"],"jetpack_featured_media_url":"https:\/\/tomajazz.com\/web\/wp-content\/uploads\/2013\/12\/IMG_3914.JPG-Cooper-Moore-y-Chad-Taylormarcowm_peq.jpg","jetpack_likes_enabled":true,"jetpack_sharing_enabled":true,"jetpack-related-posts":[{"id":9793,"url":"https:\/\/tomajazz.com\/web\/all-jazz-sera-cooper-moore-festival-internacional-de-jazz-de-siguenza-in-memoriam\/","url_meta":{"origin":9529,"position":0},"title":"All Jazz Sera: Cooper-Moore (Festival Internacional de Jazz de Sig\u00fcenza In Memoriam)","author":"Tomajazz","date":"24 diciembre, 2013","format":false,"excerpt":"\u00a0 Cooper-Moore Digital Primitives V Festival Internacional de Jazz de Sig\u00fcenza 2009 Ermita de San Roque, Sig\u00fcenza, Guadalajara. 2009-12-05 \u00a9\u00a0Sera Mart\u00edn, 2009","rel":"","context":"En \u00ab*_Sera Mart\u00edn\u00bb","block_context":{"text":"*_Sera Mart\u00edn","link":"https:\/\/tomajazz.com\/web\/category\/sera-martin\/"},"img":{"alt_text":"","src":"https:\/\/i0.wp.com\/tomajazz.com\/web\/wp-content\/uploads\/2013\/12\/IMG_3981.JPG-Cooper-Moore.jpg?resize=350%2C200&ssl=1","width":350,"height":200},"classes":[]},{"id":12178,"url":"https:\/\/tomajazz.com\/web\/all-jazz-sera-cooper-moore-digital-primitives\/","url_meta":{"origin":9529,"position":1},"title":"All Jazz Sera: Cooper-Moore (Digital Primitives)","author":"Tomajazz","date":"20 mayo, 2014","format":false,"excerpt":"Coooper-Moore (Assif Tsahar en primer plano) Digital Primitives V Festival Internacional de Jazz de Sig\u00fcenza 2009 Ermita de San Roque, Sig\u00fcenza, Guadalajara. 2009-12-05 \u00a9\u00a0Sera Mart\u00edn, 2014","rel":"","context":"En \u00ab*_Sera Mart\u00edn\u00bb","block_context":{"text":"*_Sera Mart\u00edn","link":"https:\/\/tomajazz.com\/web\/category\/sera-martin\/"},"img":{"alt_text":"","src":"https:\/\/i0.wp.com\/tomajazz.com\/web\/wp-content\/uploads\/2014\/05\/IMG_3974-cooper-moore.jpg?resize=350%2C200&ssl=1","width":350,"height":200},"classes":[]},{"id":18487,"url":"https:\/\/tomajazz.com\/web\/all-jazz-sera-cooper-moore-y-assif-tsahar\/","url_meta":{"origin":9529,"position":2},"title":"All Jazz Sera: Cooper-Moore y Assif Tsahar","author":"Tomajazz","date":"21 mayo, 2015","format":"image","excerpt":"\u00a0 Coooper-Moore y Assif Tsahar (de izquierda a derecha) Digital Primitives V Festival Internacional de Jazz de Sig\u00fcenza 2009 Ermita de San Roque, Sig\u00fcenza, Guadalajara. 2009-12-05 \u00a9\u00a0Sera Mart\u00edn, 2015","rel":"","context":"En \u00ab*_Sera Mart\u00edn\u00bb","block_context":{"text":"*_Sera Mart\u00edn","link":"https:\/\/tomajazz.com\/web\/category\/sera-martin\/"},"img":{"alt_text":"","src":"https:\/\/i0.wp.com\/tomajazz.com\/web\/wp-content\/uploads\/2015\/05\/IMG_3935.JPG-Cooper-Moorewm.jpg?resize=350%2C200&ssl=1","width":350,"height":200,"srcset":"https:\/\/i0.wp.com\/tomajazz.com\/web\/wp-content\/uploads\/2015\/05\/IMG_3935.JPG-Cooper-Moorewm.jpg?resize=350%2C200&ssl=1 1x, https:\/\/i0.wp.com\/tomajazz.com\/web\/wp-content\/uploads\/2015\/05\/IMG_3935.JPG-Cooper-Moorewm.jpg?resize=525%2C300&ssl=1 1.5x"},"classes":[]},{"id":12098,"url":"https:\/\/tomajazz.com\/web\/all-jazz-sera-assif-tsahar-digital-primitives\/","url_meta":{"origin":9529,"position":3},"title":"All Jazz Sera: Assif Tsahar (Digital Primitives)","author":"Tomajazz","date":"15 mayo, 2014","format":false,"excerpt":"Assif Tsahar (Coooper-Moore en segundo plano) Digital Primitives V Festival Internacional de Jazz de Sig\u00fcenza 2009 Ermita de San Roque, Sig\u00fcenza, Guadalajara. 2009-12-05 \u00a9\u00a0Sera Mart\u00edn, 2014","rel":"","context":"En \u00ab*_Sera Mart\u00edn\u00bb","block_context":{"text":"*_Sera Mart\u00edn","link":"https:\/\/tomajazz.com\/web\/category\/sera-martin\/"},"img":{"alt_text":"","src":"https:\/\/i0.wp.com\/tomajazz.com\/web\/wp-content\/uploads\/2014\/05\/IMG_3978.JPG-TsaharMoorewm.jpg?resize=350%2C200&ssl=1","width":350,"height":200},"classes":[]},{"id":9614,"url":"https:\/\/tomajazz.com\/web\/all-jazz-sera-daniel-humair-ramon-lopez-festival-internacional-de-jazz-de-siguenza-in-memoriam\/","url_meta":{"origin":9529,"position":4},"title":"All Jazz Sera: Daniel Humair &#8211; Ram\u00f3n L\u00f3pez (Festival Internacional de Jazz de Sig\u00fcenza In Memoriam)","author":"Tomajazz","date":"10 diciembre, 2013","format":false,"excerpt":"Daniel Humair (izquierda), Ram\u00f3n L\u00f3pez (derecha) Daniel Humair - Ram\u00f3n L\u00f3pez \"Drums Duet\" V Festival Internacional de Jazz de Sig\u00fcenza 2009 Ermita de San Roque, Sig\u00fcenza, Guadalajara. 2009-12-06 \u00a9\u00a0Sera Mart\u00edn, 2009","rel":"","context":"En \u00ab*_Sera Mart\u00edn\u00bb","block_context":{"text":"*_Sera Mart\u00edn","link":"https:\/\/tomajazz.com\/web\/category\/sera-martin\/"},"img":{"alt_text":"","src":"https:\/\/i0.wp.com\/tomajazz.com\/web\/wp-content\/uploads\/2013\/12\/IMG_4113.JPG-Ramon-Lopez-y-Daniel-Humair_peq.jpg?resize=350%2C200&ssl=1","width":350,"height":200},"classes":[]},{"id":7979,"url":"https:\/\/tomajazz.com\/web\/digital-primitives-brigada-bravo-diaz-daniel-humair-ramon-lopez-drums-duet-larry-ochs-sax-drumming-core-v-festival-internacional-de-jazz-de-siguenza-2009-ermita-de-san-roque-siguenz\/","url_meta":{"origin":9529,"position":5},"title":"Digital Primitives \/ Brigada Bravo &#038; D\u00edaz \/ Daniel Humair &#8211; Ram\u00f3n L\u00f3pez \u00abDrums Duet\u00bb \/ Larry Ochs Sax &#038; Drumming Core (V Festival Internacional de Jazz de Sig\u00fcenza 2009, Ermita de San Roque, Sig\u00fcenza, Guadalajara, 2009-12-05\/08)","author":"Tomajazz","date":"8 diciembre, 2009","format":false,"excerpt":"V Festival Internacional de Jazz de Sig\u00fcenza 2009 Fecha:\u00a05, 6 y 7 de diciembre de 2009. Lugar:\u00a0Ermita de San Roque (Sig\u00fcenza, Guadalajara). Grupo:\u00a0 S\u00e1bado 5 de diciembre Digital Primitives Cooper-Moore:\u00a0diddley-bo, flautas, voz,\u00a0mouth bow,\u00a0hoe-handle harp\u00a0 Assif Tsahar: saxo tenor y clarinete bajo Chad Taylor: bater\u00eda y\u00a0m'bira\u00a0 Domingo 6 de diciembre Brigada\u2026","rel":"","context":"En \u00ab*_Pachi Tapiz\u00bb","block_context":{"text":"*_Pachi Tapiz","link":"https:\/\/tomajazz.com\/web\/category\/pachi-tapiz\/"},"img":{"alt_text":"assif_tsahar_cooper-more_IMG_3935","src":"https:\/\/i0.wp.com\/www.tomajazz.com\/web\/wp-content\/uploads\/2013\/08\/assif_tsahar_cooper-more_IMG_3935.jpg?resize=350%2C200","width":350,"height":200},"classes":[]}],"_links":{"self":[{"href":"https:\/\/tomajazz.com\/web\/wp-json\/wp\/v2\/posts\/9529","targetHints":{"allow":["GET"]}}],"collection":[{"href":"https:\/\/tomajazz.com\/web\/wp-json\/wp\/v2\/posts"}],"about":[{"href":"https:\/\/tomajazz.com\/web\/wp-json\/wp\/v2\/types\/post"}],"author":[{"embeddable":true,"href":"https:\/\/tomajazz.com\/web\/wp-json\/wp\/v2\/users\/1"}],"replies":[{"embeddable":true,"href":"https:\/\/tomajazz.com\/web\/wp-json\/wp\/v2\/comments?post=9529"}],"version-history":[{"count":2,"href":"https:\/\/tomajazz.com\/web\/wp-json\/wp\/v2\/posts\/9529\/revisions"}],"predecessor-version":[{"id":9555,"href":"https:\/\/tomajazz.com\/web\/wp-json\/wp\/v2\/posts\/9529\/revisions\/9555"}],"wp:featuredmedia":[{"embeddable":true,"href":"https:\/\/tomajazz.com\/web\/wp-json\/wp\/v2\/media\/9531"}],"wp:attachment":[{"href":"https:\/\/tomajazz.com\/web\/wp-json\/wp\/v2\/media?parent=9529"}],"wp:term":[{"taxonomy":"category","embeddable":true,"href":"https:\/\/tomajazz.com\/web\/wp-json\/wp\/v2\/categories?post=9529"},{"taxonomy":"post_tag","embeddable":true,"href":"https:\/\/tomajazz.com\/web\/wp-json\/wp\/v2\/tags?post=9529"}],"curies":[{"name":"wp","href":"https:\/\/api.w.org\/{rel}","templated":true}]}}