{"id":95464,"date":"2025-04-02T12:30:58","date_gmt":"2025-04-02T10:30:58","guid":{"rendered":"https:\/\/tomajazz.com\/web\/?p=95464"},"modified":"2025-04-01T22:38:39","modified_gmt":"2025-04-01T20:38:39","slug":"jose-el-berenjeno-manuel-heredia-sfb-barna-2025","status":"publish","type":"post","link":"https:\/\/tomajazz.com\/web\/jose-el-berenjeno-manuel-heredia-sfb-barna-2025\/","title":{"rendered":"Jos\u00e9 el Berenjeno &#038; Manuel Heredia (El Dorado sfb-Centre C\u00edvic Parc Sandaru, 2025-02-13. Barcelona) Por Joan Cort\u00e8s [Flamencuras AKA INSTANTZZ AKA Galer\u00eda fotogr\u00e1fica AKA Fotoblog de jazz, impro\u2026 y algo m\u00e1s]"},"content":{"rendered":"<h3><strong>Jos\u00e9 el Berenjeno &amp; Manuel Heredia<br \/>\n<\/strong><\/h3>\n<h3>ElDorado Sociedad Flamenca Barcelonesa<\/h3>\n<ul>\n<li>Fecha: Jueves, 13 de febrero de 2025<\/li>\n<li>Lugar: Centre C\u00edvic Parc Sandaru (Barcelona)<\/li>\n<li>Componentes:<br \/>\nJos\u00e9 el Berenjeno, cante<br \/>\nManuel Heredia, guitarra<\/li>\n<\/ul>\n<p style=\"text-align: center;\"><img loading=\"lazy\" decoding=\"async\" title=\"Jos\u00e9 el Berenjeno &amp; Manuel Heredia (El Dorado sfb-Centre C\u00edvic Parc Sandaru, 2025-02-13. Barcelona) Por Joan Cort\u00e8s [Flamencuras AKA INSTANTZZ AKA Galer\u00eda fotogr\u00e1fica AKA Fotoblog de jazz, impro\u2026 y algo m\u00e1s] Tomajazz 01 Js Brnjn Mnl Hrd \u00a9Joan Cort\u00e8s 13fbr25 l Drd CCPS\"  src=\"https:\/\/tomajazz.com\/web\/wp-content\/uploads\/2025\/04\/01-Js-Brnjn-Mnl-Hrd-\u00a9Joan-Cortes-13fbr25-l-Drd-CCPS.jpg\" alt=\"Jos\u00e9 el Berenjeno &amp; Manuel Heredia (El Dorado sfb-Centre C\u00edvic Parc Sandaru, 2025-02-13. Barcelona) Por Joan Cort\u00e8s [Flamencuras AKA INSTANTZZ AKA Galer\u00eda fotogr\u00e1fica AKA Fotoblog de jazz, impro\u2026 y algo m\u00e1s] - Tomajazz - Jos\u00e9 el Berenjeno &amp; Manuel Heredia actuaron en el barcelon\u00e9s El Dorado sfb, el 13 de febrero de 2025. Joan Cort\u00e8s los retrata en una Flamencuras en INSTANTZZ\" width=\"400\" height=\"600\" class=\"aligncenter size-full wp-image-95465\" srcset=\"https:\/\/tomajazz.com\/web\/wp-content\/uploads\/2025\/04\/01-Js-Brnjn-Mnl-Hrd-\u00a9Joan-Cortes-13fbr25-l-Drd-CCPS.jpg 400w, https:\/\/tomajazz.com\/web\/wp-content\/uploads\/2025\/04\/01-Js-Brnjn-Mnl-Hrd-\u00a9Joan-Cortes-13fbr25-l-Drd-CCPS-200x300.jpg 200w, https:\/\/tomajazz.com\/web\/wp-content\/uploads\/2025\/04\/01-Js-Brnjn-Mnl-Hrd-\u00a9Joan-Cortes-13fbr25-l-Drd-CCPS-367x550.jpg 367w, https:\/\/tomajazz.com\/web\/wp-content\/uploads\/2025\/04\/01-Js-Brnjn-Mnl-Hrd-\u00a9Joan-Cortes-13fbr25-l-Drd-CCPS-333x500.jpg 333w\" sizes=\"auto, (max-width: 400px) 100vw, 400px\" \/><\/p>\n<p><img loading=\"lazy\" decoding=\"async\" title=\"Jos\u00e9 el Berenjeno &amp; Manuel Heredia (El Dorado sfb-Centre C\u00edvic Parc Sandaru, 2025-02-13. Barcelona) Por Joan Cort\u00e8s [Flamencuras AKA INSTANTZZ AKA Galer\u00eda fotogr\u00e1fica AKA Fotoblog de jazz, impro\u2026 y algo m\u00e1s] Tomajazz 02 Js Brnjn Mnl Hrd \u00a9Joan Cort\u00e8s 13fbr25 l Drd CCPS\"  src=\"https:\/\/tomajazz.com\/web\/wp-content\/uploads\/2025\/04\/02-Js-Brnjn-Mnl-Hrd-\u00a9Joan-Cortes-13fbr25-l-Drd-CCPS.jpg\" alt=\"Jos\u00e9 el Berenjeno &amp; Manuel Heredia (El Dorado sfb-Centre C\u00edvic Parc Sandaru, 2025-02-13. Barcelona) Por Joan Cort\u00e8s [Flamencuras AKA INSTANTZZ AKA Galer\u00eda fotogr\u00e1fica AKA Fotoblog de jazz, impro\u2026 y algo m\u00e1s] - Tomajazz - Jos\u00e9 el Berenjeno &amp; Manuel Heredia actuaron en el barcelon\u00e9s El Dorado sfb, el 13 de febrero de 2025. Joan Cort\u00e8s los retrata en una Flamencuras en INSTANTZZ\" width=\"400\" height=\"600\" class=\"aligncenter size-large wp-image-95466\" srcset=\"https:\/\/tomajazz.com\/web\/wp-content\/uploads\/2025\/04\/02-Js-Brnjn-Mnl-Hrd-\u00a9Joan-Cortes-13fbr25-l-Drd-CCPS.jpg 400w, https:\/\/tomajazz.com\/web\/wp-content\/uploads\/2025\/04\/02-Js-Brnjn-Mnl-Hrd-\u00a9Joan-Cortes-13fbr25-l-Drd-CCPS-200x300.jpg 200w, https:\/\/tomajazz.com\/web\/wp-content\/uploads\/2025\/04\/02-Js-Brnjn-Mnl-Hrd-\u00a9Joan-Cortes-13fbr25-l-Drd-CCPS-367x550.jpg 367w, https:\/\/tomajazz.com\/web\/wp-content\/uploads\/2025\/04\/02-Js-Brnjn-Mnl-Hrd-\u00a9Joan-Cortes-13fbr25-l-Drd-CCPS-333x500.jpg 333w\" sizes=\"auto, (max-width: 400px) 100vw, 400px\" \/><\/p>\n<p><img loading=\"lazy\" decoding=\"async\" title=\"Jos\u00e9 el Berenjeno &amp; Manuel Heredia (El Dorado sfb-Centre C\u00edvic Parc Sandaru, 2025-02-13. Barcelona) Por Joan Cort\u00e8s [Flamencuras AKA INSTANTZZ AKA Galer\u00eda fotogr\u00e1fica AKA Fotoblog de jazz, impro\u2026 y algo m\u00e1s] Tomajazz 03 Js Brnjn Mnl Hrd \u00a9Joan Cort\u00e8s 13fbr25 l Drd CCPS\"  src=\"https:\/\/tomajazz.com\/web\/wp-content\/uploads\/2025\/04\/03-Js-Brnjn-Mnl-Hrd-\u00a9Joan-Cortes-13fbr25-l-Drd-CCPS.jpg\" alt=\"Jos\u00e9 el Berenjeno &amp; Manuel Heredia (El Dorado sfb-Centre C\u00edvic Parc Sandaru, 2025-02-13. Barcelona) Por Joan Cort\u00e8s [Flamencuras AKA INSTANTZZ AKA Galer\u00eda fotogr\u00e1fica AKA Fotoblog de jazz, impro\u2026 y algo m\u00e1s] - Tomajazz - Jos\u00e9 el Berenjeno &amp; Manuel Heredia actuaron en el barcelon\u00e9s El Dorado sfb, el 13 de febrero de 2025. Joan Cort\u00e8s los retrata en una Flamencuras en INSTANTZZ\" width=\"600\" height=\"400\" class=\"aligncenter size-large wp-image-95467\" srcset=\"https:\/\/tomajazz.com\/web\/wp-content\/uploads\/2025\/04\/03-Js-Brnjn-Mnl-Hrd-\u00a9Joan-Cortes-13fbr25-l-Drd-CCPS.jpg 600w, https:\/\/tomajazz.com\/web\/wp-content\/uploads\/2025\/04\/03-Js-Brnjn-Mnl-Hrd-\u00a9Joan-Cortes-13fbr25-l-Drd-CCPS-300x200.jpg 300w, https:\/\/tomajazz.com\/web\/wp-content\/uploads\/2025\/04\/03-Js-Brnjn-Mnl-Hrd-\u00a9Joan-Cortes-13fbr25-l-Drd-CCPS-465x310.jpg 465w\" sizes=\"auto, (max-width: 600px) 100vw, 600px\" \/><\/p>\n<p><img loading=\"lazy\" decoding=\"async\" title=\"Jos\u00e9 el Berenjeno &amp; Manuel Heredia (El Dorado sfb-Centre C\u00edvic Parc Sandaru, 2025-02-13. Barcelona) Por Joan Cort\u00e8s [Flamencuras AKA INSTANTZZ AKA Galer\u00eda fotogr\u00e1fica AKA Fotoblog de jazz, impro\u2026 y algo m\u00e1s] Tomajazz 04 Js Brnjn Mnl Hrd \u00a9Joan Cort\u00e8s 13fbr25 l Drd CCPS\"  src=\"https:\/\/tomajazz.com\/web\/wp-content\/uploads\/2025\/04\/04-Js-Brnjn-Mnl-Hrd-\u00a9Joan-Cortes-13fbr25-l-Drd-CCPS.jpg\" alt=\"Jos\u00e9 el Berenjeno &amp; Manuel Heredia (El Dorado sfb-Centre C\u00edvic Parc Sandaru, 2025-02-13. Barcelona) Por Joan Cort\u00e8s [Flamencuras AKA INSTANTZZ AKA Galer\u00eda fotogr\u00e1fica AKA Fotoblog de jazz, impro\u2026 y algo m\u00e1s] - Tomajazz - Jos\u00e9 el Berenjeno &amp; Manuel Heredia actuaron en el barcelon\u00e9s El Dorado sfb, el 13 de febrero de 2025. Joan Cort\u00e8s los retrata en una Flamencuras en INSTANTZZ\" width=\"600\" height=\"400\" class=\"aligncenter size-large wp-image-95468\" srcset=\"https:\/\/tomajazz.com\/web\/wp-content\/uploads\/2025\/04\/04-Js-Brnjn-Mnl-Hrd-\u00a9Joan-Cortes-13fbr25-l-Drd-CCPS.jpg 600w, https:\/\/tomajazz.com\/web\/wp-content\/uploads\/2025\/04\/04-Js-Brnjn-Mnl-Hrd-\u00a9Joan-Cortes-13fbr25-l-Drd-CCPS-300x200.jpg 300w, https:\/\/tomajazz.com\/web\/wp-content\/uploads\/2025\/04\/04-Js-Brnjn-Mnl-Hrd-\u00a9Joan-Cortes-13fbr25-l-Drd-CCPS-465x310.jpg 465w\" sizes=\"auto, (max-width: 600px) 100vw, 600px\" \/><\/p>\n<p><img loading=\"lazy\" decoding=\"async\" title=\"Jos\u00e9 el Berenjeno &amp; Manuel Heredia (El Dorado sfb-Centre C\u00edvic Parc Sandaru, 2025-02-13. Barcelona) Por Joan Cort\u00e8s [Flamencuras AKA INSTANTZZ AKA Galer\u00eda fotogr\u00e1fica AKA Fotoblog de jazz, impro\u2026 y algo m\u00e1s] Tomajazz 05 Js Brnjn Mnl Hrd \u00a9Joan Cort\u00e8s 13fbr25 l Drd CCPS\"  src=\"https:\/\/tomajazz.com\/web\/wp-content\/uploads\/2025\/04\/05-Js-Brnjn-Mnl-Hrd-\u00a9Joan-Cortes-13fbr25-l-Drd-CCPS.jpg\" alt=\"Jos\u00e9 el Berenjeno &amp; Manuel Heredia (El Dorado sfb-Centre C\u00edvic Parc Sandaru, 2025-02-13. Barcelona) Por Joan Cort\u00e8s [Flamencuras AKA INSTANTZZ AKA Galer\u00eda fotogr\u00e1fica AKA Fotoblog de jazz, impro\u2026 y algo m\u00e1s] - Tomajazz - Jos\u00e9 el Berenjeno &amp; Manuel Heredia actuaron en el barcelon\u00e9s El Dorado sfb, el 13 de febrero de 2025. Joan Cort\u00e8s los retrata en una Flamencuras en INSTANTZZ\" width=\"400\" height=\"600\" class=\"aligncenter size-large wp-image-95469\" srcset=\"https:\/\/tomajazz.com\/web\/wp-content\/uploads\/2025\/04\/05-Js-Brnjn-Mnl-Hrd-\u00a9Joan-Cortes-13fbr25-l-Drd-CCPS.jpg 400w, https:\/\/tomajazz.com\/web\/wp-content\/uploads\/2025\/04\/05-Js-Brnjn-Mnl-Hrd-\u00a9Joan-Cortes-13fbr25-l-Drd-CCPS-200x300.jpg 200w, https:\/\/tomajazz.com\/web\/wp-content\/uploads\/2025\/04\/05-Js-Brnjn-Mnl-Hrd-\u00a9Joan-Cortes-13fbr25-l-Drd-CCPS-367x550.jpg 367w, https:\/\/tomajazz.com\/web\/wp-content\/uploads\/2025\/04\/05-Js-Brnjn-Mnl-Hrd-\u00a9Joan-Cortes-13fbr25-l-Drd-CCPS-333x500.jpg 333w\" sizes=\"auto, (max-width: 400px) 100vw, 400px\" \/><\/p>\n<p><img loading=\"lazy\" decoding=\"async\" title=\"Jos\u00e9 el Berenjeno &amp; Manuel Heredia (El Dorado sfb-Centre C\u00edvic Parc Sandaru, 2025-02-13. Barcelona) Por Joan Cort\u00e8s [Flamencuras AKA INSTANTZZ AKA Galer\u00eda fotogr\u00e1fica AKA Fotoblog de jazz, impro\u2026 y algo m\u00e1s] Tomajazz 06 Js Brnjn Mnl Hrd \u00a9Joan Cort\u00e8s 13fbr25 l Drd CCPS\"  src=\"https:\/\/tomajazz.com\/web\/wp-content\/uploads\/2025\/04\/06-Js-Brnjn-Mnl-Hrd-\u00a9Joan-Cortes-13fbr25-l-Drd-CCPS.jpg\" alt=\"Jos\u00e9 el Berenjeno &amp; Manuel Heredia (El Dorado sfb-Centre C\u00edvic Parc Sandaru, 2025-02-13. Barcelona) Por Joan Cort\u00e8s [Flamencuras AKA INSTANTZZ AKA Galer\u00eda fotogr\u00e1fica AKA Fotoblog de jazz, impro\u2026 y algo m\u00e1s] - Tomajazz - Jos\u00e9 el Berenjeno &amp; Manuel Heredia actuaron en el barcelon\u00e9s El Dorado sfb, el 13 de febrero de 2025. Joan Cort\u00e8s los retrata en una Flamencuras en INSTANTZZ\" width=\"600\" height=\"400\" class=\"aligncenter size-large wp-image-95470\" srcset=\"https:\/\/tomajazz.com\/web\/wp-content\/uploads\/2025\/04\/06-Js-Brnjn-Mnl-Hrd-\u00a9Joan-Cortes-13fbr25-l-Drd-CCPS.jpg 600w, https:\/\/tomajazz.com\/web\/wp-content\/uploads\/2025\/04\/06-Js-Brnjn-Mnl-Hrd-\u00a9Joan-Cortes-13fbr25-l-Drd-CCPS-300x200.jpg 300w, https:\/\/tomajazz.com\/web\/wp-content\/uploads\/2025\/04\/06-Js-Brnjn-Mnl-Hrd-\u00a9Joan-Cortes-13fbr25-l-Drd-CCPS-465x310.jpg 465w\" sizes=\"auto, (max-width: 600px) 100vw, 600px\" \/><\/p>\n<p><img loading=\"lazy\" decoding=\"async\" title=\"Jos\u00e9 el Berenjeno &amp; Manuel Heredia (El Dorado sfb-Centre C\u00edvic Parc Sandaru, 2025-02-13. Barcelona) Por Joan Cort\u00e8s [Flamencuras AKA INSTANTZZ AKA Galer\u00eda fotogr\u00e1fica AKA Fotoblog de jazz, impro\u2026 y algo m\u00e1s] Tomajazz 07 Js Brnjn Mnl Hrd \u00a9Joan Cort\u00e8s 13fbr25 l Drd CCPS\"  src=\"https:\/\/tomajazz.com\/web\/wp-content\/uploads\/2025\/04\/07-Js-Brnjn-Mnl-Hrd-\u00a9Joan-Cortes-13fbr25-l-Drd-CCPS.jpg\" alt=\"Jos\u00e9 el Berenjeno &amp; Manuel Heredia (El Dorado sfb-Centre C\u00edvic Parc Sandaru, 2025-02-13. Barcelona) Por Joan Cort\u00e8s [Flamencuras AKA INSTANTZZ AKA Galer\u00eda fotogr\u00e1fica AKA Fotoblog de jazz, impro\u2026 y algo m\u00e1s] - Tomajazz - Jos\u00e9 el Berenjeno &amp; Manuel Heredia actuaron en el barcelon\u00e9s El Dorado sfb, el 13 de febrero de 2025. Joan Cort\u00e8s los retrata en una Flamencuras en INSTANTZZ\" width=\"400\" height=\"600\" class=\"aligncenter size-large wp-image-95471\" srcset=\"https:\/\/tomajazz.com\/web\/wp-content\/uploads\/2025\/04\/07-Js-Brnjn-Mnl-Hrd-\u00a9Joan-Cortes-13fbr25-l-Drd-CCPS.jpg 400w, https:\/\/tomajazz.com\/web\/wp-content\/uploads\/2025\/04\/07-Js-Brnjn-Mnl-Hrd-\u00a9Joan-Cortes-13fbr25-l-Drd-CCPS-200x300.jpg 200w, https:\/\/tomajazz.com\/web\/wp-content\/uploads\/2025\/04\/07-Js-Brnjn-Mnl-Hrd-\u00a9Joan-Cortes-13fbr25-l-Drd-CCPS-367x550.jpg 367w, https:\/\/tomajazz.com\/web\/wp-content\/uploads\/2025\/04\/07-Js-Brnjn-Mnl-Hrd-\u00a9Joan-Cortes-13fbr25-l-Drd-CCPS-333x500.jpg 333w\" sizes=\"auto, (max-width: 400px) 100vw, 400px\" \/><\/p>\n<p><img loading=\"lazy\" decoding=\"async\" title=\"Jos\u00e9 el Berenjeno &amp; Manuel Heredia (El Dorado sfb-Centre C\u00edvic Parc Sandaru, 2025-02-13. Barcelona) Por Joan Cort\u00e8s [Flamencuras AKA INSTANTZZ AKA Galer\u00eda fotogr\u00e1fica AKA Fotoblog de jazz, impro\u2026 y algo m\u00e1s] Tomajazz 08 Js Brnjn Mnl Hrd \u00a9Joan Cort\u00e8s 13fbr25 l Drd CCPS\"  src=\"https:\/\/tomajazz.com\/web\/wp-content\/uploads\/2025\/04\/08-Js-Brnjn-Mnl-Hrd-\u00a9Joan-Cortes-13fbr25-l-Drd-CCPS.jpg\" alt=\"Jos\u00e9 el Berenjeno &amp; Manuel Heredia (El Dorado sfb-Centre C\u00edvic Parc Sandaru, 2025-02-13. Barcelona) Por Joan Cort\u00e8s [Flamencuras AKA INSTANTZZ AKA Galer\u00eda fotogr\u00e1fica AKA Fotoblog de jazz, impro\u2026 y algo m\u00e1s] - Tomajazz - Jos\u00e9 el Berenjeno &amp; Manuel Heredia actuaron en el barcelon\u00e9s El Dorado sfb, el 13 de febrero de 2025. Joan Cort\u00e8s los retrata en una Flamencuras en INSTANTZZ\" width=\"600\" height=\"400\" class=\"aligncenter size-large wp-image-95472\" srcset=\"https:\/\/tomajazz.com\/web\/wp-content\/uploads\/2025\/04\/08-Js-Brnjn-Mnl-Hrd-\u00a9Joan-Cortes-13fbr25-l-Drd-CCPS.jpg 600w, https:\/\/tomajazz.com\/web\/wp-content\/uploads\/2025\/04\/08-Js-Brnjn-Mnl-Hrd-\u00a9Joan-Cortes-13fbr25-l-Drd-CCPS-300x200.jpg 300w, https:\/\/tomajazz.com\/web\/wp-content\/uploads\/2025\/04\/08-Js-Brnjn-Mnl-Hrd-\u00a9Joan-Cortes-13fbr25-l-Drd-CCPS-465x310.jpg 465w\" sizes=\"auto, (max-width: 600px) 100vw, 600px\" \/><\/p>\n<p><img loading=\"lazy\" decoding=\"async\" title=\"Jos\u00e9 el Berenjeno &amp; Manuel Heredia (El Dorado sfb-Centre C\u00edvic Parc Sandaru, 2025-02-13. Barcelona) Por Joan Cort\u00e8s [Flamencuras AKA INSTANTZZ AKA Galer\u00eda fotogr\u00e1fica AKA Fotoblog de jazz, impro\u2026 y algo m\u00e1s] Tomajazz 09 Js Brnjn Mnl Hrd \u00a9Joan Cort\u00e8s 13fbr25 l Drd CCPS\"  src=\"https:\/\/tomajazz.com\/web\/wp-content\/uploads\/2025\/04\/09-Js-Brnjn-Mnl-Hrd-\u00a9Joan-Cortes-13fbr25-l-Drd-CCPS.jpg\" alt=\"Jos\u00e9 el Berenjeno &amp; Manuel Heredia (El Dorado sfb-Centre C\u00edvic Parc Sandaru, 2025-02-13. Barcelona) Por Joan Cort\u00e8s [Flamencuras AKA INSTANTZZ AKA Galer\u00eda fotogr\u00e1fica AKA Fotoblog de jazz, impro\u2026 y algo m\u00e1s] - Tomajazz - Jos\u00e9 el Berenjeno &amp; Manuel Heredia actuaron en el barcelon\u00e9s El Dorado sfb, el 13 de febrero de 2025. Joan Cort\u00e8s los retrata en una Flamencuras en INSTANTZZ\" width=\"400\" height=\"600\" class=\"aligncenter size-large wp-image-95473\" srcset=\"https:\/\/tomajazz.com\/web\/wp-content\/uploads\/2025\/04\/09-Js-Brnjn-Mnl-Hrd-\u00a9Joan-Cortes-13fbr25-l-Drd-CCPS.jpg 400w, https:\/\/tomajazz.com\/web\/wp-content\/uploads\/2025\/04\/09-Js-Brnjn-Mnl-Hrd-\u00a9Joan-Cortes-13fbr25-l-Drd-CCPS-200x300.jpg 200w, https:\/\/tomajazz.com\/web\/wp-content\/uploads\/2025\/04\/09-Js-Brnjn-Mnl-Hrd-\u00a9Joan-Cortes-13fbr25-l-Drd-CCPS-367x550.jpg 367w, https:\/\/tomajazz.com\/web\/wp-content\/uploads\/2025\/04\/09-Js-Brnjn-Mnl-Hrd-\u00a9Joan-Cortes-13fbr25-l-Drd-CCPS-333x500.jpg 333w\" sizes=\"auto, (max-width: 400px) 100vw, 400px\" \/><\/p>\n<p><img loading=\"lazy\" decoding=\"async\" title=\"Jos\u00e9 el Berenjeno &amp; Manuel Heredia (El Dorado sfb-Centre C\u00edvic Parc Sandaru, 2025-02-13. Barcelona) Por Joan Cort\u00e8s [Flamencuras AKA INSTANTZZ AKA Galer\u00eda fotogr\u00e1fica AKA Fotoblog de jazz, impro\u2026 y algo m\u00e1s] Tomajazz 10 Js Brnjn Mnl Hrd \u00a9Joan Cort\u00e8s 13fbr25 l Drd CCPS\"  src=\"https:\/\/tomajazz.com\/web\/wp-content\/uploads\/2025\/04\/10-Js-Brnjn-Mnl-Hrd-\u00a9Joan-Cortes-13fbr25-l-Drd-CCPS.jpg\" alt=\"Jos\u00e9 el Berenjeno &amp; Manuel Heredia (El Dorado sfb-Centre C\u00edvic Parc Sandaru, 2025-02-13. Barcelona) Por Joan Cort\u00e8s [Flamencuras AKA INSTANTZZ AKA Galer\u00eda fotogr\u00e1fica AKA Fotoblog de jazz, impro\u2026 y algo m\u00e1s] - Tomajazz - Jos\u00e9 el Berenjeno &amp; Manuel Heredia actuaron en el barcelon\u00e9s El Dorado sfb, el 13 de febrero de 2025. Joan Cort\u00e8s los retrata en una Flamencuras en INSTANTZZ\" width=\"600\" height=\"400\" class=\"aligncenter size-large wp-image-95474\" srcset=\"https:\/\/tomajazz.com\/web\/wp-content\/uploads\/2025\/04\/10-Js-Brnjn-Mnl-Hrd-\u00a9Joan-Cortes-13fbr25-l-Drd-CCPS.jpg 600w, https:\/\/tomajazz.com\/web\/wp-content\/uploads\/2025\/04\/10-Js-Brnjn-Mnl-Hrd-\u00a9Joan-Cortes-13fbr25-l-Drd-CCPS-300x200.jpg 300w, https:\/\/tomajazz.com\/web\/wp-content\/uploads\/2025\/04\/10-Js-Brnjn-Mnl-Hrd-\u00a9Joan-Cortes-13fbr25-l-Drd-CCPS-465x310.jpg 465w\" sizes=\"auto, (max-width: 600px) 100vw, 600px\" \/><\/p>\n<p style=\"text-align: right;\">Tomajazz: Fotograf\u00edas: \u00a9\u00a0<a href=\"https:\/\/www.facebook.com\/joan.cortesbenages\" target=\"_blank\" rel=\"noopener\"><strong>Joan Cort\u00e8s<\/strong><\/a>, 2025<\/p>\n<h3>M\u00e1s informaci\u00f3n:<\/h3>\n<p><a href=\"https:\/\/www.instagram.com\/joseberenjenocantaor\/\" target=\"_blank\" rel=\"noopener\">https:\/\/www.instagram.com\/joseberenjenocantaor\/<\/a><\/p>\n<p><a href=\"https:\/\/www.instagram.com\/manuelheredia_guitarrista\/\" target=\"_blank\" rel=\"noopener\">https:\/\/www.instagram.com\/manuelheredia_guitarrista\/<\/a><\/p>\n<p><a href=\"https:\/\/tomajazz.com\/web\/?s=jose+berenjeno&amp;submit=Search\" target=\"_blank\" rel=\"noopener\">https:\/\/tomajazz.com\/web\/?s=jose+berenjeno&amp;submit=Search<\/a><\/p>\n<p><a href=\"https:\/\/tomajazz.com\/web\/?s=manuel+heredia&amp;submit=Search\" target=\"_blank\" rel=\"noopener\">https:\/\/tomajazz.com\/web\/?s=manuel+heredia&amp;submit=Search<\/a><\/p>\n<p><a href=\"https:\/\/www.eldorado-sfb.com\/\" target=\"_blank\" rel=\"noopener\">https:\/\/www.eldorado-sfb.com\/<\/a><\/p>\n<p><a href=\"https:\/\/tomajazz.com\/web\/?s=el+dorado&amp;submit=Search\" target=\"_blank\" rel=\"noopener\">https:\/\/tomajazz.com\/web\/?s=el+dorado&amp;submit=Search<\/a><\/p>\n<h3>Joan Cort\u00e8s en Tomajazz<\/h3>\n<p><a href=\"https:\/\/tomajazz.com\/web\/?cat=17853\" target=\"_blank\" rel=\"noopener\">https:\/\/tomajazz.com\/web\/?cat=17853<\/a><\/p>\n","protected":false},"excerpt":{"rendered":"<p>Jos\u00e9 el Berenjeno &#038; Manuel Heredia actuaron en el barcelon\u00e9s El Dorado sfb, el 13 de febrero de 2025. Joan Cort\u00e8s los retrata en una Flamencuras en INSTANTZZ<span class=\"more-link\"><a href=\"https:\/\/tomajazz.com\/web\/jose-el-berenjeno-manuel-heredia-sfb-barna-2025\/\">Contin\u00faa leyendo<\/a><\/span><\/p>\n","protected":false},"author":1,"featured_media":95475,"comment_status":"open","ping_status":"closed","sticky":false,"template":"","format":"standard","meta":{"jetpack_post_was_ever_published":false,"_jetpack_newsletter_access":"","_jetpack_dont_email_post_to_subs":false,"_jetpack_newsletter_tier_id":0,"_jetpack_memberships_contains_paywalled_content":false,"_jetpack_memberships_contains_paid_content":false,"footnotes":""},"categories":[21243,17853,11262,15516,11261,1038],"tags":[],"class_list":["entry","author-pachi","has-excerpt","post-95464","post","type-post","status-publish","format-standard","has-post-thumbnail","category-flamencuras","category-joan-cortes","category-photoblogs","category-imagenes","category-instantzz","category-contenidos"],"jetpack_featured_media_url":"https:\/\/tomajazz.com\/web\/wp-content\/uploads\/2025\/04\/destacada-03-Js-Brnjn-Mnl-Hrd-Photo-By-Joan-Cortes-13fbr25-l-Drd-CCPS.jpg","jetpack_likes_enabled":true,"jetpack_sharing_enabled":true,"jetpack-related-posts":[{"id":104385,"url":"https:\/\/tomajazz.com\/web\/lucia-la-bronce-el-dorado-sfb-2026\/","url_meta":{"origin":95464,"position":0},"title":"Luc\u00eda La Bronce (El Dorado sfb \/ Centre C\u00edvic Parc Sandaru, 2026-01-29 \/ Barcelona) Por Joan Cort\u00e8s [Flamencuras AKA INSTANTZZ AKA Galer\u00eda fotogr\u00e1fica AKA Fotoblog de jazz, impro\u2026 y algo m\u00e1s]","author":"Tomajazz","date":"13 marzo, 2026","format":false,"excerpt":"Luc\u00eda La Bronce actu\u00f3 en El Dorado sfb de Barcelona, el 19 de enero de 2025. Joan Cort\u00e8s la retrata en las Flamencuras de INSTANTZZ. Actuaron Luc\u00eda La Bronce, Manuel Pajares, Daniel Mej\u00eda \u201cEl Carqui\u201d","rel":"","context":"En \u00abFlamencuras\u00bb","block_context":{"text":"Flamencuras","link":"https:\/\/tomajazz.com\/web\/category\/contenidos\/imagenes\/photoblogs\/flamencuras\/"},"img":{"alt_text":"Luc\u00eda La Bronce (El Dorado sfb \/ Centre C\u00edvic Parc Sandaru, 2026-01-29 \/ Barcelona) Por Joan Cort\u00e8s [Flamencuras AKA INSTANTZZ AKA Galer\u00eda fotogr\u00e1fica AKA Fotoblog de jazz, impro\u2026 y algo m\u00e1s] - Tomajazz - Luc\u00eda La Bronce actu\u00f3 en El Dorado sfb de Barcelona, el 19 de enero de 2025. Joan Cort\u00e8s la retrata en las Flamencuras de INSTANTZZ. Actuaron Luc\u00eda La Bronce, Manuel Pajares, Daniel Mej\u00eda \u201cEl Carqui\u201d\n","src":"https:\/\/i0.wp.com\/tomajazz.com\/web\/wp-content\/uploads\/2026\/03\/destacada-10-Lc-l-Brnc-Photo-by-Joan-Cortes-29gnr26-l-Drd-CCPS-Bcn.jpg?resize=350%2C200&ssl=1","width":350,"height":200,"srcset":"https:\/\/i0.wp.com\/tomajazz.com\/web\/wp-content\/uploads\/2026\/03\/destacada-10-Lc-l-Brnc-Photo-by-Joan-Cortes-29gnr26-l-Drd-CCPS-Bcn.jpg?resize=350%2C200&ssl=1 1x, https:\/\/i0.wp.com\/tomajazz.com\/web\/wp-content\/uploads\/2026\/03\/destacada-10-Lc-l-Brnc-Photo-by-Joan-Cortes-29gnr26-l-Drd-CCPS-Bcn.jpg?resize=525%2C300&ssl=1 1.5x"},"classes":[]},{"id":102417,"url":"https:\/\/tomajazz.com\/web\/paula-comitre-orlando-bass-eldorado-2025\/","url_meta":{"origin":95464,"position":1},"title":"Paula Comitre &#038; Orlando Bass \u201cApr\u00e9s vous madame\u201d (El Dorado sfb \/ Centre C\u00edvic Parc Sandaru , 2025-11-13 \/ Barcelona) Por Joan Cort\u00e8s [Flamencuras AKA INSTANTZZ AKA Galer\u00eda fotogr\u00e1fica AKA Fotoblog de jazz, impro\u2026 y algo m\u00e1s]","author":"Tomajazz","date":"2 diciembre, 2025","format":false,"excerpt":"Paula Comitre & Orlando Bass \u201cApr\u00e9s vous madame\u201d actuaron en El Dorado sfb de Barcelona, el 13 de noviembre de 2025. Joan Cort\u00e8s los retrata en las Flamencuras de INSTANTZZ","rel":"","context":"En \u00abFlamencuras\u00bb","block_context":{"text":"Flamencuras","link":"https:\/\/tomajazz.com\/web\/category\/contenidos\/imagenes\/photoblogs\/flamencuras\/"},"img":{"alt_text":"Paula Comitre & Orlando Bass \u201cApr\u00e9s vous madame\u201d (El Dorado sfb \/ Centre C\u00edvic Parc Sandaru , 2025-11-13 \/ Barcelona) Por Joan Cort\u00e8s [Flamencuras AKA INSTANTZZ AKA Galer\u00eda fotogr\u00e1fica AKA Fotoblog de jazz, impro\u2026 y algo m\u00e1s] - Tomajazz - Paula Comitre & Orlando Bass \u201cApr\u00e9s vous madame\u201d actuaron en El Dorado sfb de Barcelona, el 13 de noviembre de 2025. Joan Cort\u00e8s los retrata en las Flamencuras de INSTANTZZ","src":"https:\/\/i0.wp.com\/tomajazz.com\/web\/wp-content\/uploads\/2025\/12\/destacada-11-Pl-Cmtr-rlnd-Bss-Photo-By-Joan-Cortes-13nvm25-l-Drd-Bcn.jpg?resize=350%2C200&ssl=1","width":350,"height":200,"srcset":"https:\/\/i0.wp.com\/tomajazz.com\/web\/wp-content\/uploads\/2025\/12\/destacada-11-Pl-Cmtr-rlnd-Bss-Photo-By-Joan-Cortes-13nvm25-l-Drd-Bcn.jpg?resize=350%2C200&ssl=1 1x, https:\/\/i0.wp.com\/tomajazz.com\/web\/wp-content\/uploads\/2025\/12\/destacada-11-Pl-Cmtr-rlnd-Bss-Photo-By-Joan-Cortes-13nvm25-l-Drd-Bcn.jpg?resize=525%2C300&ssl=1 1.5x"},"classes":[]},{"id":102129,"url":"https:\/\/tomajazz.com\/web\/javier-conde-sfb-barcelona-2025\/","url_meta":{"origin":95464,"position":2},"title":"Javier Conde \u201cHomenaje a los Maestro\u201d (El Dorado sfb \/ Centre C\u00edvic Parc Sandaru , 2025-10-30 \/ Barcelona) Por Joan Cort\u00e8s [Flamencuras AKA INSTANTZZ AKA Galer\u00eda fotogr\u00e1fica AKA Fotoblog de jazz, impro\u2026 y algo m\u00e1s]","author":"Tomajazz","date":"25 noviembre, 2025","format":false,"excerpt":"Javier Conde \u201cHomenaje a los Maestro\u201d actu\u00f3 en El Dorado sfb, el 30 de octubre de 2025. Joan Cort\u00e8s lo retrata en las Flamencuras de INSTANTZZ","rel":"","context":"En \u00abFlamencuras\u00bb","block_context":{"text":"Flamencuras","link":"https:\/\/tomajazz.com\/web\/category\/contenidos\/imagenes\/photoblogs\/flamencuras\/"},"img":{"alt_text":"Javier Conde \u201cHomenaje a los Maestro\u201d (El Dorado sfb \/ Centre C\u00edvic Parc Sandaru , 2025-10-30 \/ Barcelona) Por Joan Cort\u00e8s [Flamencuras AKA INSTANTZZ AKA Galer\u00eda fotogr\u00e1fica AKA Fotoblog de jazz, impro\u2026 y algo m\u00e1s] - Tomajazz - Javier Conde \u201cHomenaje a los Maestro\u201d actu\u00f3 en El Dorado sfb, el 30 de octubre de 2025. Joan Cort\u00e8s lo retrata en las Flamencuras de INSTANTZZ","src":"https:\/\/i0.wp.com\/tomajazz.com\/web\/wp-content\/uploads\/2025\/11\/destacada-03-Jvr-Cnd-Photo-By-Joan-Cortes-30ctb25-l-Drd-CCPS-Bcn.jpg?resize=350%2C200&ssl=1","width":350,"height":200,"srcset":"https:\/\/i0.wp.com\/tomajazz.com\/web\/wp-content\/uploads\/2025\/11\/destacada-03-Jvr-Cnd-Photo-By-Joan-Cortes-30ctb25-l-Drd-CCPS-Bcn.jpg?resize=350%2C200&ssl=1 1x, https:\/\/i0.wp.com\/tomajazz.com\/web\/wp-content\/uploads\/2025\/11\/destacada-03-Jvr-Cnd-Photo-By-Joan-Cortes-30ctb25-l-Drd-CCPS-Bcn.jpg?resize=525%2C300&ssl=1 1.5x"},"classes":[]},{"id":103836,"url":"https:\/\/tomajazz.com\/web\/juan-gomez-chicuelo-el-dorado-barcelona-2025\/","url_meta":{"origin":95464,"position":3},"title":"Juan G\u00f3mez \u201cChicuelo\u201d (El Dorado sfb \/ Centre C\u00edvic Parc Sandaru , 2025-12-11 \/ Barcelona) Por Joan Cort\u00e8s [Flamencuras AKA INSTANTZZ AKA Galer\u00eda fotogr\u00e1fica AKA Fotoblog de jazz, impro\u2026 y algo m\u00e1s]","author":"Tomajazz","date":"1 febrero, 2026","format":false,"excerpt":"Juan G\u00f3mez \u201cChicuelo\u201d actu\u00f3 en El Dorado sfb de Barcelona, el 11 de diciembre de 2025. Joan Cort\u00e8s lo retrata en las Flamencuras de INSTANTZZ. Actuaron Juan G\u00f3mez \u201cChicuelo\u201d, Karen Lugo, Carlos Caro, Jacobo S\u00e1nchez","rel":"","context":"En \u00abFlamencuras\u00bb","block_context":{"text":"Flamencuras","link":"https:\/\/tomajazz.com\/web\/category\/contenidos\/imagenes\/photoblogs\/flamencuras\/"},"img":{"alt_text":"Juan G\u00f3mez \u201cChicuelo\u201d (El Dorado sfb \/ Centre C\u00edvic Parc Sandaru , 2025-12-11 \/ Barcelona) Por Joan Cort\u00e8s [Flamencuras AKA INSTANTZZ AKA Galer\u00eda fotogr\u00e1fica AKA Fotoblog de jazz, impro\u2026 y algo m\u00e1s] - Tomajazz - Juan G\u00f3mez \u201cChicuelo\u201d actu\u00f3 en El Dorado sfb de Barcelona, el 11 de diciembre de 2025. Joan Cort\u00e8s lo retrata en las Flamencuras de INSTANTZZ. Actuaron Juan G\u00f3mez \u201cChicuelo\u201d, Karen Lugo, Carlos Caro, Jacobo S\u00e1nchez","src":"https:\/\/i0.wp.com\/tomajazz.com\/web\/wp-content\/uploads\/2026\/01\/destacada-09-Jn-Gmz-Chcl-Photo-By-Joan-Cortes-11dsm25-lDrd-CCPS-Bcn.jpg?resize=350%2C200&ssl=1","width":350,"height":200,"srcset":"https:\/\/i0.wp.com\/tomajazz.com\/web\/wp-content\/uploads\/2026\/01\/destacada-09-Jn-Gmz-Chcl-Photo-By-Joan-Cortes-11dsm25-lDrd-CCPS-Bcn.jpg?resize=350%2C200&ssl=1 1x, https:\/\/i0.wp.com\/tomajazz.com\/web\/wp-content\/uploads\/2026\/01\/destacada-09-Jn-Gmz-Chcl-Photo-By-Joan-Cortes-11dsm25-lDrd-CCPS-Bcn.jpg?resize=525%2C300&ssl=1 1.5x"},"classes":[]},{"id":104835,"url":"https:\/\/tomajazz.com\/web\/david-de-arahal-barcelona-sfb-2026\/","url_meta":{"origin":95464,"position":4},"title":"David de Arahal \u201cAvenida de los Cisnes\u201d (El Dorado sfb \/ CCPS, 2026-02-26 \/ Barcelona) Por Joan Cort\u00e8s [Flamencuras AKA INSTANTZZ AKA Galer\u00eda fotogr\u00e1fica AKA Fotoblog de jazz, impro\u2026 y algo m\u00e1s]","author":"Tomajazz","date":"11 abril, 2026","format":false,"excerpt":"David de Arahal \u201cAvenida de los Cisnes\u201d actu\u00f3 en El Dorado sfb, Barcelona, el 26 de febrero de 2026. Joan Cort\u00e8s lo retrata en las Flamencuras de INSTANTZZ","rel":"","context":"En \u00abFlamencuras\u00bb","block_context":{"text":"Flamencuras","link":"https:\/\/tomajazz.com\/web\/category\/contenidos\/imagenes\/photoblogs\/flamencuras\/"},"img":{"alt_text":"David de Arahal \u201cAvenida de los Cisnes\u201d (El Dorado sfb \/ CCPS, 2026-02-26 \/ Barcelona) Por Joan Cort\u00e8s [Flamencuras AKA INSTANTZZ AKA Galer\u00eda fotogr\u00e1fica AKA Fotoblog de jazz, impro\u2026 y algo m\u00e1s] - Tomajazz - David de Arahal \u201cAvenida de los Cisnes\u201d actu\u00f3 en El Dorado sfb, Barcelona, el 26 de febrero de 2026. Joan Cort\u00e8s lo retrata en las Flamencuras de INSTANTZZ","src":"https:\/\/i0.wp.com\/tomajazz.com\/web\/wp-content\/uploads\/2026\/04\/destadada-07-Dvd-rhl-Photo-By-Joan-Cortes-26fbr26-l-Drd-sfb-CCPS-Bcn.jpg?resize=350%2C200&ssl=1","width":350,"height":200,"srcset":"https:\/\/i0.wp.com\/tomajazz.com\/web\/wp-content\/uploads\/2026\/04\/destadada-07-Dvd-rhl-Photo-By-Joan-Cortes-26fbr26-l-Drd-sfb-CCPS-Bcn.jpg?resize=350%2C200&ssl=1 1x, https:\/\/i0.wp.com\/tomajazz.com\/web\/wp-content\/uploads\/2026\/04\/destadada-07-Dvd-rhl-Photo-By-Joan-Cortes-26fbr26-l-Drd-sfb-CCPS-Bcn.jpg?resize=525%2C300&ssl=1 1.5x"},"classes":[]},{"id":95640,"url":"https:\/\/tomajazz.com\/web\/manolo-franco-sfb-2025\/","url_meta":{"origin":95464,"position":5},"title":"Manolo Franco \u201cEl color de mi sonido\u201d (El Dorado sfb-Centre C\u00edvic Parc Sandaru, 2025-02-27. Barcelona) Por Joan Cort\u00e8s [Flamencuras AKA INSTANTZZ AKA Galer\u00eda fotogr\u00e1fica AKA Fotoblog de jazz, impro\u2026 y algo m\u00e1s]","author":"Tomajazz","date":"2 mayo, 2025","format":false,"excerpt":"Manolo Franco \u201cEl color de mi sonido\u201d actu\u00f3 en El Dorado sfb de Barcelona, el 27 de febrero de 2025. Joan Cort\u00e8s lo presenta en las Flamencuras de INSTANTZZ","rel":"","context":"En \u00abFlamencuras\u00bb","block_context":{"text":"Flamencuras","link":"https:\/\/tomajazz.com\/web\/category\/contenidos\/imagenes\/photoblogs\/flamencuras\/"},"img":{"alt_text":"Manolo Franco \u201cEl color de mi sonido\u201d (El Dorado sfb-Centre C\u00edvic Parc Sandaru, 2025-02-27. Barcelona) Por Joan Cort\u00e8s [Flamencuras AKA INSTANTZZ AKA Galer\u00eda fotogr\u00e1fica AKA Fotoblog de jazz, impro\u2026 y algo m\u00e1s] - Tomajazz - Manolo Franco \u201cEl color de mi sonido\u201d actu\u00f3 en El Dorado sfb de Barcelona, el 27 de febrero de 2025. Joan Cort\u00e8s lo presenta en las Flamencuras de INSTANTZZ","src":"https:\/\/i0.wp.com\/tomajazz.com\/web\/wp-content\/uploads\/2025\/05\/destacado-05-Mnl-Frnc-Photo-By-Joan-Cortes-27fbr25-l-Drd-CCPS-Bcn-bn.jpg?resize=350%2C200&ssl=1","width":350,"height":200,"srcset":"https:\/\/i0.wp.com\/tomajazz.com\/web\/wp-content\/uploads\/2025\/05\/destacado-05-Mnl-Frnc-Photo-By-Joan-Cortes-27fbr25-l-Drd-CCPS-Bcn-bn.jpg?resize=350%2C200&ssl=1 1x, https:\/\/i0.wp.com\/tomajazz.com\/web\/wp-content\/uploads\/2025\/05\/destacado-05-Mnl-Frnc-Photo-By-Joan-Cortes-27fbr25-l-Drd-CCPS-Bcn-bn.jpg?resize=525%2C300&ssl=1 1.5x"},"classes":[]}],"_links":{"self":[{"href":"https:\/\/tomajazz.com\/web\/wp-json\/wp\/v2\/posts\/95464","targetHints":{"allow":["GET"]}}],"collection":[{"href":"https:\/\/tomajazz.com\/web\/wp-json\/wp\/v2\/posts"}],"about":[{"href":"https:\/\/tomajazz.com\/web\/wp-json\/wp\/v2\/types\/post"}],"author":[{"embeddable":true,"href":"https:\/\/tomajazz.com\/web\/wp-json\/wp\/v2\/users\/1"}],"replies":[{"embeddable":true,"href":"https:\/\/tomajazz.com\/web\/wp-json\/wp\/v2\/comments?post=95464"}],"version-history":[{"count":1,"href":"https:\/\/tomajazz.com\/web\/wp-json\/wp\/v2\/posts\/95464\/revisions"}],"predecessor-version":[{"id":95476,"href":"https:\/\/tomajazz.com\/web\/wp-json\/wp\/v2\/posts\/95464\/revisions\/95476"}],"wp:featuredmedia":[{"embeddable":true,"href":"https:\/\/tomajazz.com\/web\/wp-json\/wp\/v2\/media\/95475"}],"wp:attachment":[{"href":"https:\/\/tomajazz.com\/web\/wp-json\/wp\/v2\/media?parent=95464"}],"wp:term":[{"taxonomy":"category","embeddable":true,"href":"https:\/\/tomajazz.com\/web\/wp-json\/wp\/v2\/categories?post=95464"},{"taxonomy":"post_tag","embeddable":true,"href":"https:\/\/tomajazz.com\/web\/wp-json\/wp\/v2\/tags?post=95464"}],"curies":[{"name":"wp","href":"https:\/\/api.w.org\/{rel}","templated":true}]}}