{"id":95489,"date":"2025-04-03T19:57:32","date_gmt":"2025-04-03T17:57:32","guid":{"rendered":"https:\/\/tomajazz.com\/web\/?p=95489"},"modified":"2025-04-03T19:58:01","modified_gmt":"2025-04-03T17:58:01","slug":"universos-paralelos-t30-p24-2024-25","status":"publish","type":"post","link":"https:\/\/tomajazz.com\/web\/universos-paralelos-t30-p24-2024-25\/","title":{"rendered":"Universos Paralelos emisi\u00f3n 3 de abril de 2025 (UP.T.30 P.24) [Noticias de jazz]"},"content":{"rendered":"<p style=\"text-align: center;\"><img loading=\"lazy\" decoding=\"async\" class=\"size-large wp-image-95491 alignnone\" title=\"Universos Paralelos emisi\u00f3n 3 de abril de 2025 (UP.T.30 P.24) [Noticias de jazz] Tomajazz Portada Kevin Kastning Metales 2\" src=\"https:\/\/tomajazz.com\/web\/wp-content\/uploads\/2025\/04\/Portada-Kevin-Kastning-Metales-2-rotated.jpg\" alt=\"Universos Paralelos emisi\u00f3n 3 de abril de 2025 (UP.T.30 P.24) [Noticias de jazz] - Tomajazz - En el primer programa de marzo de 2025 de Universos Paralelos, Sergio Cabanillas selecciona lo nuevo de Santiago Lacabe como disco destacado. Y adem\u00e1s... Ckraft, Juuka Haavisto, Nels Cline, Juan De Diego Grebalariak #Noticiasdejazz\" width=\"400\" height=\"400\" srcset=\"https:\/\/tomajazz.com\/web\/wp-content\/uploads\/2025\/04\/Portada-Kevin-Kastning-Metales-2-rotated.jpg 400w, https:\/\/tomajazz.com\/web\/wp-content\/uploads\/2025\/04\/Portada-Kevin-Kastning-Metales-2-300x300.jpg 300w, https:\/\/tomajazz.com\/web\/wp-content\/uploads\/2025\/04\/Portada-Kevin-Kastning-Metales-2-200x200.jpg 200w\" sizes=\"auto, (max-width: 400px) 100vw, 400px\" \/><img loading=\"lazy\" decoding=\"async\" class=\"size-full wp-image-95490 alignnone\" title=\"Universos Paralelos emisi\u00f3n 3 de abril de 2025 (UP.T.30 P.24) [Noticias de jazz] Tomajazz Portada Kevin Kastning Metales\" src=\"https:\/\/tomajazz.com\/web\/wp-content\/uploads\/2025\/04\/Portada-Kevin-Kastning-Metales.jpg\" alt=\"Universos Paralelos emisi\u00f3n 3 de abril de 2025 (UP.T.30 P.24) [Noticias de jazz] - Tomajazz - En el primer programa de marzo de 2025 de Universos Paralelos, Sergio Cabanillas selecciona lo nuevo de Santiago Lacabe como disco destacado. Y adem\u00e1s... Ckraft, Juuka Haavisto, Nels Cline, Juan De Diego Grebalariak #Noticiasdejazz\" width=\"400\" height=\"400\" srcset=\"https:\/\/tomajazz.com\/web\/wp-content\/uploads\/2025\/04\/Portada-Kevin-Kastning-Metales.jpg 400w, https:\/\/tomajazz.com\/web\/wp-content\/uploads\/2025\/04\/Portada-Kevin-Kastning-Metales-300x300.jpg 300w, https:\/\/tomajazz.com\/web\/wp-content\/uploads\/2025\/04\/Portada-Kevin-Kastning-Metales-200x200.jpg 200w\" sizes=\"auto, (max-width: 400px) 100vw, 400px\" \/><\/p>\n<p style=\"text-align: left;\"><b>Descubriendo las m\u00fasicas instrumentales que hay m\u00e1s all\u00e1 de la radio f\u00f3rmula desde 1995 ERA 30 temporadas en el aire<\/b> (y unos pocos en la red)&#8230; \u00a1y seguimos descubriendo buena m\u00fasica!<\/p>\n<p style=\"text-align: center;\"><img loading=\"lazy\" decoding=\"async\" class=\"alignnone size-large\" src=\"https:\/\/blogger.googleusercontent.com\/img\/b\/R29vZ2xl\/AVvXsEj6LuqrQPE8JTMCPmGwOht_RwZTglIR4ELPIt5TZHeWHLi9s8Ya8wifLLJlUzXvHzpNr0phDgI6rBKDxx5zqHIAh2jVTUff6bhK-Evf2E01bZD5NiD3l6n2TX_Q1ShF3QdR8DoZHcI1kN_VIE94Gk_esaM4_vAzU9rvUd4TQHuXblPLNQF4MQoiovsjXdpN\/s320\/UP_2025-04-03.gif\" alt=\"Universos Paralelos: el veterano programa de Sergio Cabanillas. Todos los jueves una nueva entrega. En 2024-25 el programa ha llegado a su temporada n\u00famero 30.\" width=\"320\" height=\"320\" title=\"\"><\/p>\n<div style=\"text-align: center;\"><\/div>\n<div><b>Ya est\u00e1 disponible una nueva entrega de Universos Paralelos, el programa de radio editado, dirigido y presentado por Sergio Cabanillas.\u00a0<\/b><\/div>\n<div>\n<p>En programa del 27 de marzo de 2025 suena m\u00fasica de The Circle Project (Paco Asensi), Steve Hunt &amp; Tim Miller, Misha Mullov-Abbado, Kevin Kastning \/ Carl Clements, Kevin Kastning \/ Carl Clements \/ Soheil Peyghambari.<\/p>\n<p>El programa est\u00e1 disponible en <a href=\"https:\/\/universosparalelosradioshow.blogspot.com\/2025\/04\/emision-03042025.html\" target=\"_blank\" rel=\"noopener\">universosparalelosradioshow.blogspot.com.es<\/a><\/p>\n<\/div>\n<div style=\"text-align: right;\">\n<p>\u00a9 <strong>Tomajazz<\/strong>, 2025<\/p>\n<\/div>\n<h4>Escucha el \u00faltimo programa de Universos Paralelos&#8230;<\/h4>\n<p><a href=\"https:\/\/universosparalelosradioshow.blogspot.com\/2025\/04\/emision-03042025.html\" target=\"_blank\" rel=\"noopener\">https:\/\/universosparalelosradioshow.blogspot.com<\/a><\/p>\n<h4 style=\"text-align: left;\">Anteriormente&#8230; Kevin Kastning, un cl\u00e1sico en UP&#8230;<\/h4>\n<blockquote class=\"wp-embedded-content\" data-secret=\"GyKnGEZPgo\"><p><a href=\"https:\/\/tomajazz.com\/web\/universos-paralelos-emision-t29-p34\/\">Especial Kevin Kastning. Fin de temporada Universos Paralelos: emisi\u00f3n 11 de julio de 2024 (UP.T.29 P.34) [Noticias de jazz]<\/a><\/p><\/blockquote>\n<p><iframe loading=\"lazy\" class=\"wp-embedded-content\" sandbox=\"allow-scripts\" security=\"restricted\" style=\"position: absolute; visibility: hidden;\" title=\"\u00abEspecial Kevin Kastning. Fin de temporada Universos Paralelos: emisi\u00f3n 11 de julio de 2024 (UP.T.29 P.34) [Noticias de jazz]\u00bb \u2014 Tomajazz\" src=\"https:\/\/tomajazz.com\/web\/universos-paralelos-emision-t29-p34\/embed\/#?secret=uKuOrCZ9lG#?secret=GyKnGEZPgo\" data-secret=\"GyKnGEZPgo\" width=\"600\" height=\"338\" frameborder=\"0\" marginwidth=\"0\" marginheight=\"0\" scrolling=\"no\"><\/iframe><\/p>\n<h3 style=\"text-align: left;\">UP en Telegram<\/h3>\n<div style=\"text-align: left;\">\u00a1Novedad! Para estar al tanto en primicia de sus nuevos contenidos (disfrutar del programa un d\u00eda antes de su publicaci\u00f3n en alta calidad), <strong>Universos Paralelos<\/strong> ha puesto a disposici\u00f3n de los seguidores del programa, \u00a1gratuitamente! un canal de Telegram en <a href=\"https:\/\/t.me\/universosparalelosradioshow\" target=\"_blank\" rel=\"noopener\">https:\/\/universosparalelosradioshow.blogspot.com<\/a><\/div>\n<h3 style=\"text-align: left;\">M\u00e1s informaci\u00f3n&#8230;<\/h3>\n<p style=\"text-align: left;\"><a href=\"https:\/\/universosparalelosradioshow.blogspot.com\/\" target=\"_blank\" rel=\"noopener\">https:\/\/universosparalelosradioshow.blogspot.com\/<\/a><\/p>\n<h3 style=\"text-align: left;\">Sergio Cabanillas en Tomajazz<\/h3>\n<p style=\"text-align: left;\"><a href=\"https:\/\/tomajazz.com\/web\/?s=Sergio+cabanillas&amp;submit=Search\" target=\"_blank\" rel=\"noopener\">https:\/\/tomajazz.com\/web\/?s=Sergio+cabanillas&amp;submit=Search<\/a><\/p>\n<p>&nbsp;<\/p>\n","protected":false},"excerpt":{"rendered":"<p>En el primer programa de abril de 2025 de Universos Paralelos, Sergio Cabanillas selecciona los nuevos de Kevin Kastning como destacados de la semana #Noticiasdejazz<span class=\"more-link\"><a href=\"https:\/\/tomajazz.com\/web\/universos-paralelos-t30-p24-2024-25\/\">Contin\u00faa leyendo<\/a><\/span><\/p>\n","protected":false},"author":1,"featured_media":95492,"comment_status":"open","ping_status":"closed","sticky":false,"template":"","format":"standard","meta":{"jetpack_post_was_ever_published":false,"_jetpack_newsletter_access":"","_jetpack_dont_email_post_to_subs":false,"_jetpack_newsletter_tier_id":0,"_jetpack_memberships_contains_paywalled_content":false,"_jetpack_memberships_contains_paid_content":false,"footnotes":""},"categories":[31550,17858,15795,1038],"tags":[],"class_list":["entry","author-pachi","has-excerpt","post-95489","post","type-post","status-publish","format-standard","has-post-thumbnail","category-universos-paralelos-up","category-redaccion","category-noticias-2","category-contenidos"],"jetpack_featured_media_url":"https:\/\/tomajazz.com\/web\/wp-content\/uploads\/2025\/04\/Portada-Kevin-Kastning-Metales-destacada-rotated.jpg","jetpack_likes_enabled":true,"jetpack_sharing_enabled":true,"jetpack-related-posts":[{"id":105026,"url":"https:\/\/tomajazz.com\/web\/universos-paralelos-up-t31-p25-2025-26\/","url_meta":{"origin":95489,"position":0},"title":"Universos Paralelos: emisi\u00f3n 16 de abril de 2026 (UP.T.31 P.25) [Noticias de jazz]","author":"Tomajazz","date":"22 abril, 2026","format":false,"excerpt":"En Universos Paralelos del 16 de abril de 2026, Sergio Cabanillas elige lo nuevo de V\u00edctor de Diego como disco de portada. Adem\u00e1s suena m\u00fasica de Juzz, Rai Castells, Manuel \u00c1lvarez Trio, Baptiste Bailly \/ Matthew Baker \/ Efr\u00e9n L\u00f3pez #Noticiasdejazz","rel":"","context":"En \u00ab*_Redacci\u00f3n\u00bb","block_context":{"text":"*_Redacci\u00f3n","link":"https:\/\/tomajazz.com\/web\/category\/redaccion\/"},"img":{"alt_text":"Universos Paralelos: emisi\u00f3n 16 de abril de 2026 (UP.T.31 P.25) [Noticias de jazz] - Tomajazz - En Universos Paralelos del 16 de abril de 2026, Sergio Cabanillas elige lo nuevo de V\u00edctor de Diego como disco de portada. Adem\u00e1s suena m\u00fasica de Juzz, Rai Castells, Manuel \u00c1lvarez Trio, Baptiste Bailly \/ Matthew Baker \/ Efr\u00e9n L\u00f3pez #Noticiasdejazz","src":"https:\/\/i0.wp.com\/tomajazz.com\/web\/wp-content\/uploads\/2026\/04\/portada-Victor-De-Diego-Haize-1080.jpg?resize=350%2C200&ssl=1","width":350,"height":200,"srcset":"https:\/\/i0.wp.com\/tomajazz.com\/web\/wp-content\/uploads\/2026\/04\/portada-Victor-De-Diego-Haize-1080.jpg?resize=350%2C200&ssl=1 1x, https:\/\/i0.wp.com\/tomajazz.com\/web\/wp-content\/uploads\/2026\/04\/portada-Victor-De-Diego-Haize-1080.jpg?resize=525%2C300&ssl=1 1.5x, https:\/\/i0.wp.com\/tomajazz.com\/web\/wp-content\/uploads\/2026\/04\/portada-Victor-De-Diego-Haize-1080.jpg?resize=700%2C400&ssl=1 2x"},"classes":[]},{"id":104808,"url":"https:\/\/tomajazz.com\/web\/universos-paralelos-t31-p24-2025-26\/","url_meta":{"origin":95489,"position":1},"title":"Universos Paralelos: emisi\u00f3n 9 de abril de 2026 (UP.T.31 P.24) [Noticias de jazz]","author":"Tomajazz","date":"9 abril, 2026","format":false,"excerpt":"En el programa del 9 de abril de 2026 de Universos Paralelos - UP, Sergio Cabanillas selecciona m\u00fasica de las nuevas grabaciones de Hugo Fern\u00e1ndez, Diego Pi\u00f1era 4+4, Ben Wendel, Miguel \u00c2ngelo Trio, Sumrr\u00e1, Pocket Corner.","rel":"","context":"En \u00abUniversos Paralelos - UP\u00bb","block_context":{"text":"Universos Paralelos - UP","link":"https:\/\/tomajazz.com\/web\/category\/contenidos\/noticias-2\/universos-paralelos-up\/"},"img":{"alt_text":"Universos Paralelos: emisi\u00f3n 9 de abril de 2026 (UP.T.31 P.24) [Noticias de jazz] - Tomajazz - En el programa del 9 de abril de 2026 de Universos Paralelos - UP, Sergio Cabanillas selecciona m\u00fasica de las nuevas grabaciones de Hugo Fern\u00e1ndez, Diego Pi\u00f1era 4+4, Ben Wendel, Miguel \u00c2ngelo Trio, Sumrr\u00e1, Pocket Corner.","src":"https:\/\/i0.wp.com\/tomajazz.com\/web\/wp-content\/uploads\/2026\/04\/destacada-02-Hugo-Fernandez-Rivermind-1080.jpg?resize=350%2C200&ssl=1","width":350,"height":200,"srcset":"https:\/\/i0.wp.com\/tomajazz.com\/web\/wp-content\/uploads\/2026\/04\/destacada-02-Hugo-Fernandez-Rivermind-1080.jpg?resize=350%2C200&ssl=1 1x, https:\/\/i0.wp.com\/tomajazz.com\/web\/wp-content\/uploads\/2026\/04\/destacada-02-Hugo-Fernandez-Rivermind-1080.jpg?resize=525%2C300&ssl=1 1.5x, https:\/\/i0.wp.com\/tomajazz.com\/web\/wp-content\/uploads\/2026\/04\/destacada-02-Hugo-Fernandez-Rivermind-1080.jpg?resize=700%2C400&ssl=1 2x"},"classes":[]},{"id":105041,"url":"https:\/\/tomajazz.com\/web\/universos-paralelos-up-t31-p26-2025-26\/","url_meta":{"origin":95489,"position":2},"title":"Universos Paralelos: emisi\u00f3n 23 de abril de 2026 (UP.T.31 P.26) [Noticias de jazz]","author":"Tomajazz","date":"25 abril, 2026","format":false,"excerpt":"En el programa del 23 de abril de 2026, lo nuevo de Marcos Pin en portada de Universos Paralelos UP. Adem\u00e1s, Sergio Cabanillas selecciona m\u00fasicas de Chad Wackerman \/ Alex Machacek \/ Steve Hunt\/ Jimmy Haslip, Srdjan Ivanovic Blazin' Quartet, Ross Stanley \/ Gilad Atzmon \/ Joel Barford, Third Coast\u2026","rel":"","context":"En \u00abUniversos Paralelos - UP\u00bb","block_context":{"text":"Universos Paralelos - UP","link":"https:\/\/tomajazz.com\/web\/category\/contenidos\/noticias-2\/universos-paralelos-up\/"},"img":{"alt_text":"Universos Paralelos: emisi\u00f3n 23 de abril de 2026 (UP.T.31 P.26) [Noticias de jazz] - Tomajazz - En el programa del 23 de abril de 2026, lo nuevo de Marcos Pin en portada de Universos Paralelos UP. Adem\u00e1s, Sergio Cabanillas selecciona m\u00fasicas de Chad Wackerman \/ Alex Machacek \/ Steve Hunt\/ Jimmy Haslip, Srdjan Ivanovic Blazin' Quartet, Ross Stanley \/ Gilad Atzmon \/ Joel Barford, Third Coast Percussion","src":"https:\/\/i0.wp.com\/tomajazz.com\/web\/wp-content\/uploads\/2026\/04\/01-DESTACADA-Marcos-Pin-Smile-1080.jpg?resize=350%2C200&ssl=1","width":350,"height":200,"srcset":"https:\/\/i0.wp.com\/tomajazz.com\/web\/wp-content\/uploads\/2026\/04\/01-DESTACADA-Marcos-Pin-Smile-1080.jpg?resize=350%2C200&ssl=1 1x, https:\/\/i0.wp.com\/tomajazz.com\/web\/wp-content\/uploads\/2026\/04\/01-DESTACADA-Marcos-Pin-Smile-1080.jpg?resize=525%2C300&ssl=1 1.5x, https:\/\/i0.wp.com\/tomajazz.com\/web\/wp-content\/uploads\/2026\/04\/01-DESTACADA-Marcos-Pin-Smile-1080.jpg?resize=700%2C400&ssl=1 2x"},"classes":[]},{"id":102754,"url":"https:\/\/tomajazz.com\/web\/universos-paralelos-t31-p13-2025-26\/","url_meta":{"origin":95489,"position":3},"title":"Universos Paralelos: emisi\u00f3n 11 de diciembre de 2025 (UP.T.31 P.12+1) [Noticias de jazz]","author":"Tomajazz","date":"11 diciembre, 2025","format":false,"excerpt":"Universos Paralelos de Sergio Cabanillas del 11 de diciembre de 2025. Portada lo nuevo de Emma Rawicz... y mucho m\u00e1s... #Noticiasdejazz","rel":"","context":"En \u00ab*_Redacci\u00f3n\u00bb","block_context":{"text":"*_Redacci\u00f3n","link":"https:\/\/tomajazz.com\/web\/category\/redaccion\/"},"img":{"alt_text":"Universos Paralelos: emisi\u00f3n 11 de diciembre de 2025 (UP.T.31 P.12+1) [Noticias de jazz] - Tomajazz - Universos Paralelos de Sergio Cabanillas del 11 de diciembre de 2025. Portada lo nuevo de Emma Rawicz... y mucho m\u00e1s... #Noticiasdejazz","src":"https:\/\/i0.wp.com\/tomajazz.com\/web\/wp-content\/uploads\/2025\/12\/destadado-Emma-Rawicz-Inkyra-UP-Noticias-Tomajazz.jpg?resize=350%2C200&ssl=1","width":350,"height":200,"srcset":"https:\/\/i0.wp.com\/tomajazz.com\/web\/wp-content\/uploads\/2025\/12\/destadado-Emma-Rawicz-Inkyra-UP-Noticias-Tomajazz.jpg?resize=350%2C200&ssl=1 1x, https:\/\/i0.wp.com\/tomajazz.com\/web\/wp-content\/uploads\/2025\/12\/destadado-Emma-Rawicz-Inkyra-UP-Noticias-Tomajazz.jpg?resize=525%2C300&ssl=1 1.5x, https:\/\/i0.wp.com\/tomajazz.com\/web\/wp-content\/uploads\/2025\/12\/destadado-Emma-Rawicz-Inkyra-UP-Noticias-Tomajazz.jpg?resize=700%2C400&ssl=1 2x"},"classes":[]},{"id":101457,"url":"https:\/\/tomajazz.com\/web\/universos-paralelos-t31-p08-2025-26\/","url_meta":{"origin":95489,"position":4},"title":"Universos Paralelos: emisi\u00f3n 6 de noviembre de 2025 (UP.T.31 P.08) [Noticias de jazz]","author":"Tomajazz","date":"6 noviembre, 2025","format":false,"excerpt":"En la edici\u00f3n del 6 de noviembre de 2025 de Universos Paralelos, Sergio Cabanillas elige el nuevo disco de Max Villavecchia como disco de portada, pero no es lo \u00fanico... #Noticiasdejazz","rel":"","context":"En \u00abUniversos Paralelos - UP\u00bb","block_context":{"text":"Universos Paralelos - UP","link":"https:\/\/tomajazz.com\/web\/category\/contenidos\/noticias-2\/universos-paralelos-up\/"},"img":{"alt_text":"Universos Paralelos: emisi\u00f3n 6 de noviembre de 2025 (UP.T.31 P.08) [Noticias de jazz] - Tomajazz - En la edici\u00f3n del 6 de noviembre de 2025 de Universos Paralelos, Sergio Cabanillas elige el nuevo disco de Max Villavecchia como disco de portada, pero no es lo \u00fanico... #Noticiasdejazz","src":"https:\/\/i0.wp.com\/tomajazz.com\/web\/wp-content\/uploads\/2025\/11\/destacada-Max-Villavecchia-Entre-Mar-i-Roca-1080.jpg?resize=350%2C200&ssl=1","width":350,"height":200,"srcset":"https:\/\/i0.wp.com\/tomajazz.com\/web\/wp-content\/uploads\/2025\/11\/destacada-Max-Villavecchia-Entre-Mar-i-Roca-1080.jpg?resize=350%2C200&ssl=1 1x, https:\/\/i0.wp.com\/tomajazz.com\/web\/wp-content\/uploads\/2025\/11\/destacada-Max-Villavecchia-Entre-Mar-i-Roca-1080.jpg?resize=525%2C300&ssl=1 1.5x, https:\/\/i0.wp.com\/tomajazz.com\/web\/wp-content\/uploads\/2025\/11\/destacada-Max-Villavecchia-Entre-Mar-i-Roca-1080.jpg?resize=700%2C400&ssl=1 2x"},"classes":[]},{"id":101979,"url":"https:\/\/tomajazz.com\/web\/universos-paralelos-t31-p10-2025-26-xxx-aniv\/","url_meta":{"origin":95489,"position":5},"title":"Emisi\u00f3n XXX Aniversario Universos Paralelos: 20 de noviembre de 2025 (UP.T.31 P.10) [Noticias de jazz]","author":"Tomajazz","date":"20 noviembre, 2025","format":false,"excerpt":"Universos Paralelos celebra su XXX Aniversario el 20 de noviembre de 2025 con un especial dedicado a Kevin Kastning. Desde Tomajazz enviamos nuestra felicitaci\u00f3n a Sergio Cabanillas y a todos los escuchantes de UP #Noticiasdejazz","rel":"","context":"En \u00abUniversos Paralelos - UP\u00bb","block_context":{"text":"Universos Paralelos - UP","link":"https:\/\/tomajazz.com\/web\/category\/contenidos\/noticias-2\/universos-paralelos-up\/"},"img":{"alt_text":"Emisi\u00f3n XXX Aniversario Universos Paralelos: 20 de noviembre de 2025 (UP.T.31 P.10) [Noticias de jazz] - Tomajazz - Universos Paralelos celebra su XXX Aniversario el 20 de noviembre de 2025 con un especial dedicado a Kevin Kastning. Desde Tomajazz enviamos nuestra felicitaci\u00f3n a Sergio Cabanillas y a todos los escuchantes de UP #Noticiasdejazz","src":"https:\/\/i0.wp.com\/tomajazz.com\/web\/wp-content\/uploads\/2025\/11\/destadado-Portada-Composicion-XXX-Aniversario-1080.jpg?resize=350%2C200&ssl=1","width":350,"height":200,"srcset":"https:\/\/i0.wp.com\/tomajazz.com\/web\/wp-content\/uploads\/2025\/11\/destadado-Portada-Composicion-XXX-Aniversario-1080.jpg?resize=350%2C200&ssl=1 1x, https:\/\/i0.wp.com\/tomajazz.com\/web\/wp-content\/uploads\/2025\/11\/destadado-Portada-Composicion-XXX-Aniversario-1080.jpg?resize=525%2C300&ssl=1 1.5x, https:\/\/i0.wp.com\/tomajazz.com\/web\/wp-content\/uploads\/2025\/11\/destadado-Portada-Composicion-XXX-Aniversario-1080.jpg?resize=700%2C400&ssl=1 2x"},"classes":[]}],"_links":{"self":[{"href":"https:\/\/tomajazz.com\/web\/wp-json\/wp\/v2\/posts\/95489","targetHints":{"allow":["GET"]}}],"collection":[{"href":"https:\/\/tomajazz.com\/web\/wp-json\/wp\/v2\/posts"}],"about":[{"href":"https:\/\/tomajazz.com\/web\/wp-json\/wp\/v2\/types\/post"}],"author":[{"embeddable":true,"href":"https:\/\/tomajazz.com\/web\/wp-json\/wp\/v2\/users\/1"}],"replies":[{"embeddable":true,"href":"https:\/\/tomajazz.com\/web\/wp-json\/wp\/v2\/comments?post=95489"}],"version-history":[{"count":1,"href":"https:\/\/tomajazz.com\/web\/wp-json\/wp\/v2\/posts\/95489\/revisions"}],"predecessor-version":[{"id":95493,"href":"https:\/\/tomajazz.com\/web\/wp-json\/wp\/v2\/posts\/95489\/revisions\/95493"}],"wp:featuredmedia":[{"embeddable":true,"href":"https:\/\/tomajazz.com\/web\/wp-json\/wp\/v2\/media\/95492"}],"wp:attachment":[{"href":"https:\/\/tomajazz.com\/web\/wp-json\/wp\/v2\/media?parent=95489"}],"wp:term":[{"taxonomy":"category","embeddable":true,"href":"https:\/\/tomajazz.com\/web\/wp-json\/wp\/v2\/categories?post=95489"},{"taxonomy":"post_tag","embeddable":true,"href":"https:\/\/tomajazz.com\/web\/wp-json\/wp\/v2\/tags?post=95489"}],"curies":[{"name":"wp","href":"https:\/\/api.w.org\/{rel}","templated":true}]}}