{"id":95496,"date":"2025-04-03T20:18:57","date_gmt":"2025-04-03T18:18:57","guid":{"rendered":"https:\/\/tomajazz.com\/web\/?p=95496"},"modified":"2025-05-03T15:06:51","modified_gmt":"2025-05-03T13:06:51","slug":"ella-zirina-unraveler-35jgf2025","status":"publish","type":"post","link":"https:\/\/tomajazz.com\/web\/ella-zirina-unraveler-35jgf2025\/","title":{"rendered":"Ella Zirina \u201cUnraveler\u201d (35\u00e8 Jazz Granollers Festival, Joan Bretcha Guitar Series, Casino, 2025-02-14 \/ Granollers -Barcelona-) [I] Por Joan Cort\u00e8s [INSTANTZZ AKA Galer\u00eda fotogr\u00e1fica AKA Fotoblog de jazz, impro\u2026 y algo m\u00e1s]"},"content":{"rendered":"<h3>Ella Zirina \u201cUnraveler\u201d<\/h3>\n<h3>35 Jazz Granollers Festival 2025<\/h3>\n<ul>\n<li>Fecha: Viernes, 14 de febrero de 2025<\/li>\n<li>Lugar: Casino de Granollers &#8211; Club de Ritme (Granollers -Barcelona-)<\/li>\n<li>Componentes:<br \/>\nElla Zirina, guitarra<\/li>\n<\/ul>\n<p style=\"text-align: center;\"><img loading=\"lazy\" decoding=\"async\" class=\"aligncenter size-full wp-image-95497\" title=\"Ella Zirina \u201cUnraveler\u201d (35\u00e8 Jazz Granollers Festival, Joan Bretcha Guitar Series, Casino, 2025-02-14 \/ Granollers -Barcelona-) Por Joan Cort\u00e8s [INSTANTZZ AKA Galer\u00eda fotogr\u00e1fica AKA Fotoblog de jazz, impro\u2026 y algo m\u00e1s] Tomajazz 01 ll Zrn \u00a9Joan Cort\u00e8s 14fbr25 35JGF Csn Grnllrs\" src=\"https:\/\/tomajazz.com\/web\/wp-content\/uploads\/2025\/04\/01-ll-Zrn-\u00a9Joan-Cortes-14fbr25-35JGF-Csn-Grnllrs.jpg\" alt=\"Ella Zirina \u201cUnraveler\u201d (35\u00e8 Jazz Granollers Festival, Joan Bretcha Guitar Series, Casino, 2025-02-14 \/ Granollers -Barcelona-) Por Joan Cort\u00e8s [INSTANTZZ AKA Galer\u00eda fotogr\u00e1fica AKA Fotoblog de jazz, impro\u2026 y algo m\u00e1s] - Tomajazz - Ella Zirina \u201cUnraveler\u201dactu\u00f3 en el 35\u00e8 Jazz Granollers Festival, dentro de las Joan Bretcha Guitar Series, eCasino, 2025-02-14 \/ Granollers -Barcelona-) Por Joan Cort\u00e8s [INSTANTZZ\" width=\"400\" height=\"600\" data-sitemapexclude=\"true\" srcset=\"https:\/\/tomajazz.com\/web\/wp-content\/uploads\/2025\/04\/01-ll-Zrn-\u00a9Joan-Cortes-14fbr25-35JGF-Csn-Grnllrs.jpg 400w, https:\/\/tomajazz.com\/web\/wp-content\/uploads\/2025\/04\/01-ll-Zrn-\u00a9Joan-Cortes-14fbr25-35JGF-Csn-Grnllrs-200x300.jpg 200w, https:\/\/tomajazz.com\/web\/wp-content\/uploads\/2025\/04\/01-ll-Zrn-\u00a9Joan-Cortes-14fbr25-35JGF-Csn-Grnllrs-367x550.jpg 367w, https:\/\/tomajazz.com\/web\/wp-content\/uploads\/2025\/04\/01-ll-Zrn-\u00a9Joan-Cortes-14fbr25-35JGF-Csn-Grnllrs-333x500.jpg 333w\" sizes=\"auto, (max-width: 400px) 100vw, 400px\" \/><\/p>\n<p><img loading=\"lazy\" decoding=\"async\" class=\"aligncenter size-large wp-image-95498\" title=\"Ella Zirina \u201cUnraveler\u201d (35\u00e8 Jazz Granollers Festival, Joan Bretcha Guitar Series, Casino, 2025-02-14 \/ Granollers -Barcelona-) Por Joan Cort\u00e8s [INSTANTZZ AKA Galer\u00eda fotogr\u00e1fica AKA Fotoblog de jazz, impro\u2026 y algo m\u00e1s] Tomajazz 02 ll Zrn \u00a9Joan Cort\u00e8s 14fbr25 35JGF Csn Grnllrs\" src=\"https:\/\/tomajazz.com\/web\/wp-content\/uploads\/2025\/04\/02-ll-Zrn-\u00a9Joan-Cortes-14fbr25-35JGF-Csn-Grnllrs.jpg\" alt=\"Ella Zirina \u201cUnraveler\u201d (35\u00e8 Jazz Granollers Festival, Joan Bretcha Guitar Series, Casino, 2025-02-14 \/ Granollers -Barcelona-) Por Joan Cort\u00e8s [INSTANTZZ AKA Galer\u00eda fotogr\u00e1fica AKA Fotoblog de jazz, impro\u2026 y algo m\u00e1s] - Tomajazz - Ella Zirina \u201cUnraveler\u201dactu\u00f3 en el 35\u00e8 Jazz Granollers Festival, dentro de las Joan Bretcha Guitar Series, eCasino, 2025-02-14 \/ Granollers -Barcelona-) Por Joan Cort\u00e8s [INSTANTZZ\" width=\"400\" height=\"600\" srcset=\"https:\/\/tomajazz.com\/web\/wp-content\/uploads\/2025\/04\/02-ll-Zrn-\u00a9Joan-Cortes-14fbr25-35JGF-Csn-Grnllrs.jpg 400w, https:\/\/tomajazz.com\/web\/wp-content\/uploads\/2025\/04\/02-ll-Zrn-\u00a9Joan-Cortes-14fbr25-35JGF-Csn-Grnllrs-200x300.jpg 200w, https:\/\/tomajazz.com\/web\/wp-content\/uploads\/2025\/04\/02-ll-Zrn-\u00a9Joan-Cortes-14fbr25-35JGF-Csn-Grnllrs-367x550.jpg 367w, https:\/\/tomajazz.com\/web\/wp-content\/uploads\/2025\/04\/02-ll-Zrn-\u00a9Joan-Cortes-14fbr25-35JGF-Csn-Grnllrs-333x500.jpg 333w\" sizes=\"auto, (max-width: 400px) 100vw, 400px\" \/><\/p>\n<p><img loading=\"lazy\" decoding=\"async\" class=\"aligncenter size-large wp-image-95499\" title=\"Ella Zirina \u201cUnraveler\u201d (35\u00e8 Jazz Granollers Festival, Joan Bretcha Guitar Series, Casino, 2025-02-14 \/ Granollers -Barcelona-) Por Joan Cort\u00e8s [INSTANTZZ AKA Galer\u00eda fotogr\u00e1fica AKA Fotoblog de jazz, impro\u2026 y algo m\u00e1s] Tomajazz 03 ll Zrn \u00a9Joan Cort\u00e8s 14fbr25 35JGF Csn Grnllrs\" src=\"https:\/\/tomajazz.com\/web\/wp-content\/uploads\/2025\/04\/03-ll-Zrn-\u00a9Joan-Cortes-14fbr25-35JGF-Csn-Grnllrs.jpg\" alt=\"Ella Zirina \u201cUnraveler\u201d (35\u00e8 Jazz Granollers Festival, Joan Bretcha Guitar Series, Casino, 2025-02-14 \/ Granollers -Barcelona-) Por Joan Cort\u00e8s [INSTANTZZ AKA Galer\u00eda fotogr\u00e1fica AKA Fotoblog de jazz, impro\u2026 y algo m\u00e1s] - Tomajazz - Ella Zirina \u201cUnraveler\u201dactu\u00f3 en el 35\u00e8 Jazz Granollers Festival, dentro de las Joan Bretcha Guitar Series, eCasino, 2025-02-14 \/ Granollers -Barcelona-) Por Joan Cort\u00e8s [INSTANTZZ\" width=\"600\" height=\"400\" srcset=\"https:\/\/tomajazz.com\/web\/wp-content\/uploads\/2025\/04\/03-ll-Zrn-\u00a9Joan-Cortes-14fbr25-35JGF-Csn-Grnllrs.jpg 600w, https:\/\/tomajazz.com\/web\/wp-content\/uploads\/2025\/04\/03-ll-Zrn-\u00a9Joan-Cortes-14fbr25-35JGF-Csn-Grnllrs-300x200.jpg 300w, https:\/\/tomajazz.com\/web\/wp-content\/uploads\/2025\/04\/03-ll-Zrn-\u00a9Joan-Cortes-14fbr25-35JGF-Csn-Grnllrs-465x310.jpg 465w\" sizes=\"auto, (max-width: 600px) 100vw, 600px\" \/><\/p>\n<p><img loading=\"lazy\" decoding=\"async\" class=\"aligncenter size-large wp-image-95500\" title=\"Ella Zirina \u201cUnraveler\u201d (35\u00e8 Jazz Granollers Festival, Joan Bretcha Guitar Series, Casino, 2025-02-14 \/ Granollers -Barcelona-) Por Joan Cort\u00e8s [INSTANTZZ AKA Galer\u00eda fotogr\u00e1fica AKA Fotoblog de jazz, impro\u2026 y algo m\u00e1s] Tomajazz 04 ll Zrn \u00a9Joan Cort\u00e8s 14fbr25 35JGF Csn Grnllrs\" src=\"https:\/\/tomajazz.com\/web\/wp-content\/uploads\/2025\/04\/04-ll-Zrn-\u00a9Joan-Cortes-14fbr25-35JGF-Csn-Grnllrs.jpg\" alt=\"Ella Zirina \u201cUnraveler\u201d (35\u00e8 Jazz Granollers Festival, Joan Bretcha Guitar Series, Casino, 2025-02-14 \/ Granollers -Barcelona-) Por Joan Cort\u00e8s [INSTANTZZ AKA Galer\u00eda fotogr\u00e1fica AKA Fotoblog de jazz, impro\u2026 y algo m\u00e1s] - Tomajazz - Ella Zirina \u201cUnraveler\u201dactu\u00f3 en el 35\u00e8 Jazz Granollers Festival, dentro de las Joan Bretcha Guitar Series, eCasino, 2025-02-14 \/ Granollers -Barcelona-) Por Joan Cort\u00e8s [INSTANTZZ\" width=\"600\" height=\"400\" srcset=\"https:\/\/tomajazz.com\/web\/wp-content\/uploads\/2025\/04\/04-ll-Zrn-\u00a9Joan-Cortes-14fbr25-35JGF-Csn-Grnllrs.jpg 600w, https:\/\/tomajazz.com\/web\/wp-content\/uploads\/2025\/04\/04-ll-Zrn-\u00a9Joan-Cortes-14fbr25-35JGF-Csn-Grnllrs-300x200.jpg 300w, https:\/\/tomajazz.com\/web\/wp-content\/uploads\/2025\/04\/04-ll-Zrn-\u00a9Joan-Cortes-14fbr25-35JGF-Csn-Grnllrs-465x310.jpg 465w\" sizes=\"auto, (max-width: 600px) 100vw, 600px\" \/><\/p>\n<p><img loading=\"lazy\" decoding=\"async\" class=\"aligncenter size-large wp-image-95501\" title=\"Ella Zirina \u201cUnraveler\u201d (35\u00e8 Jazz Granollers Festival, Joan Bretcha Guitar Series, Casino, 2025-02-14 \/ Granollers -Barcelona-) Por Joan Cort\u00e8s [INSTANTZZ AKA Galer\u00eda fotogr\u00e1fica AKA Fotoblog de jazz, impro\u2026 y algo m\u00e1s] Tomajazz 05 ll Zrn \u00a9Joan Cort\u00e8s 14fbr25 35JGF Csn Grnllrs\" src=\"https:\/\/tomajazz.com\/web\/wp-content\/uploads\/2025\/04\/05-ll-Zrn-\u00a9Joan-Cortes-14fbr25-35JGF-Csn-Grnllrs.jpg\" alt=\"Ella Zirina \u201cUnraveler\u201d (35\u00e8 Jazz Granollers Festival, Joan Bretcha Guitar Series, Casino, 2025-02-14 \/ Granollers -Barcelona-) Por Joan Cort\u00e8s [INSTANTZZ AKA Galer\u00eda fotogr\u00e1fica AKA Fotoblog de jazz, impro\u2026 y algo m\u00e1s] - Tomajazz - Ella Zirina \u201cUnraveler\u201dactu\u00f3 en el 35\u00e8 Jazz Granollers Festival, dentro de las Joan Bretcha Guitar Series, eCasino, 2025-02-14 \/ Granollers -Barcelona-) Por Joan Cort\u00e8s [INSTANTZZ\" width=\"400\" height=\"600\" srcset=\"https:\/\/tomajazz.com\/web\/wp-content\/uploads\/2025\/04\/05-ll-Zrn-\u00a9Joan-Cortes-14fbr25-35JGF-Csn-Grnllrs.jpg 400w, https:\/\/tomajazz.com\/web\/wp-content\/uploads\/2025\/04\/05-ll-Zrn-\u00a9Joan-Cortes-14fbr25-35JGF-Csn-Grnllrs-200x300.jpg 200w, https:\/\/tomajazz.com\/web\/wp-content\/uploads\/2025\/04\/05-ll-Zrn-\u00a9Joan-Cortes-14fbr25-35JGF-Csn-Grnllrs-367x550.jpg 367w, https:\/\/tomajazz.com\/web\/wp-content\/uploads\/2025\/04\/05-ll-Zrn-\u00a9Joan-Cortes-14fbr25-35JGF-Csn-Grnllrs-333x500.jpg 333w\" sizes=\"auto, (max-width: 400px) 100vw, 400px\" \/><\/p>\n<p><img loading=\"lazy\" decoding=\"async\" class=\"aligncenter size-large wp-image-95502\" title=\"Ella Zirina \u201cUnraveler\u201d (35\u00e8 Jazz Granollers Festival, Joan Bretcha Guitar Series, Casino, 2025-02-14 \/ Granollers -Barcelona-) Por Joan Cort\u00e8s [INSTANTZZ AKA Galer\u00eda fotogr\u00e1fica AKA Fotoblog de jazz, impro\u2026 y algo m\u00e1s] Tomajazz 06 ll Zrn \u00a9Joan Cort\u00e8s 14fbr25 35JGF Csn Grnllrs\" src=\"https:\/\/tomajazz.com\/web\/wp-content\/uploads\/2025\/04\/06-ll-Zrn-\u00a9Joan-Cortes-14fbr25-35JGF-Csn-Grnllrs.jpg\" alt=\"Ella Zirina \u201cUnraveler\u201d (35\u00e8 Jazz Granollers Festival, Joan Bretcha Guitar Series, Casino, 2025-02-14 \/ Granollers -Barcelona-) Por Joan Cort\u00e8s [INSTANTZZ AKA Galer\u00eda fotogr\u00e1fica AKA Fotoblog de jazz, impro\u2026 y algo m\u00e1s] - Tomajazz - Ella Zirina \u201cUnraveler\u201dactu\u00f3 en el 35\u00e8 Jazz Granollers Festival, dentro de las Joan Bretcha Guitar Series, eCasino, 2025-02-14 \/ Granollers -Barcelona-) Por Joan Cort\u00e8s [INSTANTZZ\" width=\"400\" height=\"600\" srcset=\"https:\/\/tomajazz.com\/web\/wp-content\/uploads\/2025\/04\/06-ll-Zrn-\u00a9Joan-Cortes-14fbr25-35JGF-Csn-Grnllrs.jpg 400w, https:\/\/tomajazz.com\/web\/wp-content\/uploads\/2025\/04\/06-ll-Zrn-\u00a9Joan-Cortes-14fbr25-35JGF-Csn-Grnllrs-200x300.jpg 200w, https:\/\/tomajazz.com\/web\/wp-content\/uploads\/2025\/04\/06-ll-Zrn-\u00a9Joan-Cortes-14fbr25-35JGF-Csn-Grnllrs-367x550.jpg 367w, https:\/\/tomajazz.com\/web\/wp-content\/uploads\/2025\/04\/06-ll-Zrn-\u00a9Joan-Cortes-14fbr25-35JGF-Csn-Grnllrs-333x500.jpg 333w\" sizes=\"auto, (max-width: 400px) 100vw, 400px\" \/><\/p>\n<p><img loading=\"lazy\" decoding=\"async\" class=\"aligncenter size-large wp-image-95503\" title=\"Ella Zirina \u201cUnraveler\u201d (35\u00e8 Jazz Granollers Festival, Joan Bretcha Guitar Series, Casino, 2025-02-14 \/ Granollers -Barcelona-) Por Joan Cort\u00e8s [INSTANTZZ AKA Galer\u00eda fotogr\u00e1fica AKA Fotoblog de jazz, impro\u2026 y algo m\u00e1s] Tomajazz 07 ll Zrn \u00a9Joan Cort\u00e8s 14fbr25 35JGF Csn Grnllrs\" src=\"https:\/\/tomajazz.com\/web\/wp-content\/uploads\/2025\/04\/07-ll-Zrn-\u00a9Joan-Cortes-14fbr25-35JGF-Csn-Grnllrs.jpg\" alt=\"Ella Zirina \u201cUnraveler\u201d (35\u00e8 Jazz Granollers Festival, Joan Bretcha Guitar Series, Casino, 2025-02-14 \/ Granollers -Barcelona-) Por Joan Cort\u00e8s [INSTANTZZ AKA Galer\u00eda fotogr\u00e1fica AKA Fotoblog de jazz, impro\u2026 y algo m\u00e1s] - Tomajazz - Ella Zirina \u201cUnraveler\u201dactu\u00f3 en el 35\u00e8 Jazz Granollers Festival, dentro de las Joan Bretcha Guitar Series, eCasino, 2025-02-14 \/ Granollers -Barcelona-) Por Joan Cort\u00e8s [INSTANTZZ\" width=\"400\" height=\"600\" srcset=\"https:\/\/tomajazz.com\/web\/wp-content\/uploads\/2025\/04\/07-ll-Zrn-\u00a9Joan-Cortes-14fbr25-35JGF-Csn-Grnllrs.jpg 400w, https:\/\/tomajazz.com\/web\/wp-content\/uploads\/2025\/04\/07-ll-Zrn-\u00a9Joan-Cortes-14fbr25-35JGF-Csn-Grnllrs-200x300.jpg 200w, https:\/\/tomajazz.com\/web\/wp-content\/uploads\/2025\/04\/07-ll-Zrn-\u00a9Joan-Cortes-14fbr25-35JGF-Csn-Grnllrs-367x550.jpg 367w, https:\/\/tomajazz.com\/web\/wp-content\/uploads\/2025\/04\/07-ll-Zrn-\u00a9Joan-Cortes-14fbr25-35JGF-Csn-Grnllrs-333x500.jpg 333w\" sizes=\"auto, (max-width: 400px) 100vw, 400px\" \/><\/p>\n<p><img loading=\"lazy\" decoding=\"async\" class=\"aligncenter size-large wp-image-95504\" title=\"Ella Zirina \u201cUnraveler\u201d (35\u00e8 Jazz Granollers Festival, Joan Bretcha Guitar Series, Casino, 2025-02-14 \/ Granollers -Barcelona-) Por Joan Cort\u00e8s [INSTANTZZ AKA Galer\u00eda fotogr\u00e1fica AKA Fotoblog de jazz, impro\u2026 y algo m\u00e1s] Tomajazz 08 ll Zrn \u00a9Joan Cort\u00e8s 14fbr25 35JGF Csn Grnllrs\" src=\"https:\/\/tomajazz.com\/web\/wp-content\/uploads\/2025\/04\/08-ll-Zrn-\u00a9Joan-Cortes-14fbr25-35JGF-Csn-Grnllrs.jpg\" alt=\"Ella Zirina \u201cUnraveler\u201d (35\u00e8 Jazz Granollers Festival, Joan Bretcha Guitar Series, Casino, 2025-02-14 \/ Granollers -Barcelona-) Por Joan Cort\u00e8s [INSTANTZZ AKA Galer\u00eda fotogr\u00e1fica AKA Fotoblog de jazz, impro\u2026 y algo m\u00e1s] - Tomajazz - Ella Zirina \u201cUnraveler\u201dactu\u00f3 en el 35\u00e8 Jazz Granollers Festival, dentro de las Joan Bretcha Guitar Series, eCasino, 2025-02-14 \/ Granollers -Barcelona-) Por Joan Cort\u00e8s [INSTANTZZ\" width=\"400\" height=\"600\" srcset=\"https:\/\/tomajazz.com\/web\/wp-content\/uploads\/2025\/04\/08-ll-Zrn-\u00a9Joan-Cortes-14fbr25-35JGF-Csn-Grnllrs.jpg 400w, https:\/\/tomajazz.com\/web\/wp-content\/uploads\/2025\/04\/08-ll-Zrn-\u00a9Joan-Cortes-14fbr25-35JGF-Csn-Grnllrs-200x300.jpg 200w, https:\/\/tomajazz.com\/web\/wp-content\/uploads\/2025\/04\/08-ll-Zrn-\u00a9Joan-Cortes-14fbr25-35JGF-Csn-Grnllrs-367x550.jpg 367w, https:\/\/tomajazz.com\/web\/wp-content\/uploads\/2025\/04\/08-ll-Zrn-\u00a9Joan-Cortes-14fbr25-35JGF-Csn-Grnllrs-333x500.jpg 333w\" sizes=\"auto, (max-width: 400px) 100vw, 400px\" \/><\/p>\n<p><img loading=\"lazy\" decoding=\"async\" class=\"aligncenter size-large wp-image-95505\" title=\"Ella Zirina \u201cUnraveler\u201d (35\u00e8 Jazz Granollers Festival, Joan Bretcha Guitar Series, Casino, 2025-02-14 \/ Granollers -Barcelona-) Por Joan Cort\u00e8s [INSTANTZZ AKA Galer\u00eda fotogr\u00e1fica AKA Fotoblog de jazz, impro\u2026 y algo m\u00e1s] Tomajazz 09 ll Zrn \u00a9Joan Cort\u00e8s 14fbr25 35JGF Csn Grnllrs\" src=\"https:\/\/tomajazz.com\/web\/wp-content\/uploads\/2025\/04\/09-ll-Zrn-\u00a9Joan-Cortes-14fbr25-35JGF-Csn-Grnllrs.jpg\" alt=\"Ella Zirina \u201cUnraveler\u201d (35\u00e8 Jazz Granollers Festival, Joan Bretcha Guitar Series, Casino, 2025-02-14 \/ Granollers -Barcelona-) Por Joan Cort\u00e8s [INSTANTZZ AKA Galer\u00eda fotogr\u00e1fica AKA Fotoblog de jazz, impro\u2026 y algo m\u00e1s] - Tomajazz - Ella Zirina \u201cUnraveler\u201dactu\u00f3 en el 35\u00e8 Jazz Granollers Festival, dentro de las Joan Bretcha Guitar Series, eCasino, 2025-02-14 \/ Granollers -Barcelona-) Por Joan Cort\u00e8s [INSTANTZZ\" width=\"600\" height=\"400\" srcset=\"https:\/\/tomajazz.com\/web\/wp-content\/uploads\/2025\/04\/09-ll-Zrn-\u00a9Joan-Cortes-14fbr25-35JGF-Csn-Grnllrs.jpg 600w, https:\/\/tomajazz.com\/web\/wp-content\/uploads\/2025\/04\/09-ll-Zrn-\u00a9Joan-Cortes-14fbr25-35JGF-Csn-Grnllrs-300x200.jpg 300w, https:\/\/tomajazz.com\/web\/wp-content\/uploads\/2025\/04\/09-ll-Zrn-\u00a9Joan-Cortes-14fbr25-35JGF-Csn-Grnllrs-465x310.jpg 465w\" sizes=\"auto, (max-width: 600px) 100vw, 600px\" \/><\/p>\n<p><img loading=\"lazy\" decoding=\"async\" class=\"aligncenter size-large wp-image-95506\" title=\"Ella Zirina \u201cUnraveler\u201d (35\u00e8 Jazz Granollers Festival, Joan Bretcha Guitar Series, Casino, 2025-02-14 \/ Granollers -Barcelona-) Por Joan Cort\u00e8s [INSTANTZZ AKA Galer\u00eda fotogr\u00e1fica AKA Fotoblog de jazz, impro\u2026 y algo m\u00e1s] Tomajazz 10 ll Zrn \u00a9Joan Cort\u00e8s 14fbr25 35JGF Csn Grnllrs\" src=\"https:\/\/tomajazz.com\/web\/wp-content\/uploads\/2025\/04\/10-ll-Zrn-\u00a9Joan-Cortes-14fbr25-35JGF-Csn-Grnllrs.jpg\" alt=\"Ella Zirina \u201cUnraveler\u201d (35\u00e8 Jazz Granollers Festival, Joan Bretcha Guitar Series, Casino, 2025-02-14 \/ Granollers -Barcelona-) Por Joan Cort\u00e8s [INSTANTZZ AKA Galer\u00eda fotogr\u00e1fica AKA Fotoblog de jazz, impro\u2026 y algo m\u00e1s] - Tomajazz - Ella Zirina \u201cUnraveler\u201dactu\u00f3 en el 35\u00e8 Jazz Granollers Festival, dentro de las Joan Bretcha Guitar Series, eCasino, 2025-02-14 \/ Granollers -Barcelona-) Por Joan Cort\u00e8s [INSTANTZZ\" width=\"600\" height=\"400\" srcset=\"https:\/\/tomajazz.com\/web\/wp-content\/uploads\/2025\/04\/10-ll-Zrn-\u00a9Joan-Cortes-14fbr25-35JGF-Csn-Grnllrs.jpg 600w, https:\/\/tomajazz.com\/web\/wp-content\/uploads\/2025\/04\/10-ll-Zrn-\u00a9Joan-Cortes-14fbr25-35JGF-Csn-Grnllrs-300x200.jpg 300w, https:\/\/tomajazz.com\/web\/wp-content\/uploads\/2025\/04\/10-ll-Zrn-\u00a9Joan-Cortes-14fbr25-35JGF-Csn-Grnllrs-465x310.jpg 465w\" sizes=\"auto, (max-width: 600px) 100vw, 600px\" \/><\/p>\n<p style=\"text-align: right;\">Tomajazz: Fotograf\u00edas: \u00a9 <a href=\"https:\/\/www.facebook.com\/joan.cortesbenages\" target=\"_blank\" rel=\"noopener\"><strong>Joan Cort\u00e8s<\/strong><\/a>, 2025<\/p>\n<h3>M\u00e1s informaci\u00f3n sobre Ella Zirina<\/h3>\n<p><a href=\"https:\/\/www.ellazirina.com\/\" target=\"_blank\" rel=\"noopener\">https:\/\/www.ellazirina.com\/<\/a><\/p>\n<p><a href=\"https:\/\/www.instagram.com\/ellazirina\/\" target=\"_blank\" rel=\"noopener\">https:\/\/www.instagram.com\/ellazirina\/<\/a><\/p>\n<p><a href=\"https:\/\/tomajazz.com\/web\/?s=ella+zirina&amp;submit=Search\" target=\"_blank\" rel=\"noopener\">https:\/\/tomajazz.com\/web\/?s=ella+zirina&amp;submit=Search<\/a><\/p>\n<p><a href=\"https:\/\/jazzgranollers.com\/\" target=\"_blank\" rel=\"noopener\">https:\/\/jazzgranollers.com\/<\/a><\/p>\n<p><a href=\"https:\/\/tomajazz.com\/web\/?s=jazz+granollers+2025&amp;submit=Search\" target=\"_blank\" rel=\"noopener\">https:\/\/tomajazz.com\/web\/?s=jazz+granollers+2025&amp;submit=Search<\/a><\/p>\n<h3>35 Jazz Granollers Festival 2025 en Tomajazz<\/h3>\n<blockquote class=\"wp-embedded-content\" data-secret=\"HhsyR3eqbe\"><p><a href=\"https:\/\/tomajazz.com\/web\/35e-jazz-granollers-festival-2025\/\">35\u00e8 Jazz Granollers Festival 2025 (7 de febrero al 5 de abril. Granollers, Barcelona) [Noticias de jazz]<\/a><\/p><\/blockquote>\n<p><iframe loading=\"lazy\" class=\"wp-embedded-content\" sandbox=\"allow-scripts\" security=\"restricted\" style=\"position: absolute; visibility: hidden;\" title=\"\u00ab35\u00e8 Jazz Granollers Festival 2025 (7 de febrero al 5 de abril. Granollers, Barcelona) [Noticias de jazz]\u00bb \u2014 Tomajazz\" src=\"https:\/\/tomajazz.com\/web\/35e-jazz-granollers-festival-2025\/embed\/#?secret=6D5uKHxjwy#?secret=HhsyR3eqbe\" data-secret=\"HhsyR3eqbe\" width=\"600\" height=\"338\" frameborder=\"0\" marginwidth=\"0\" marginheight=\"0\" scrolling=\"no\"><\/iframe><\/p>\n<h3>Joan Cort\u00e8s en Tomajazz<\/h3>\n<p><a href=\"https:\/\/tomajazz.com\/web\/?cat=17853\" target=\"_blank\" rel=\"noopener\">https:\/\/tomajazz.com\/web\/?cat=17853<\/a><\/p>\n","protected":false},"excerpt":{"rendered":"<p>Ella Zirina \u201cUnraveler\u201dactu\u00f3 en el 35\u00e8 Jazz Granollers Festival, dentro de las Joan Bretcha Guitar Series, el 14 de febrero de 2025. Joan Cort\u00e8s la retrata en INSTANTZZ<span class=\"more-link\"><a href=\"https:\/\/tomajazz.com\/web\/ella-zirina-unraveler-35jgf2025\/\">Contin\u00faa leyendo<\/a><\/span><\/p>\n","protected":false},"author":1,"featured_media":95507,"comment_status":"open","ping_status":"closed","sticky":false,"template":"","format":"standard","meta":{"jetpack_post_was_ever_published":false,"_jetpack_newsletter_access":"","_jetpack_dont_email_post_to_subs":false,"_jetpack_newsletter_tier_id":0,"_jetpack_memberships_contains_paywalled_content":false,"_jetpack_memberships_contains_paid_content":false,"footnotes":""},"categories":[32077,17853,11262,15516,11261,1038],"tags":[32078,1041],"class_list":["entry","author-pachi","has-excerpt","post-95496","post","type-post","status-publish","format-standard","has-post-thumbnail","category-35-jazz-granollers-festival-2025","category-joan-cortes","category-photoblogs","category-imagenes","category-instantzz","category-contenidos","tag-ella-zirina","tag-joan-cortes"],"jetpack_featured_media_url":"https:\/\/tomajazz.com\/web\/wp-content\/uploads\/2025\/04\/destacada-09-ll-Zrn-Photo-By-Joan-Cortes-14fbr25-35JGF-Csn-Grnllrs.jpg","jetpack_likes_enabled":true,"jetpack_sharing_enabled":true,"jetpack-related-posts":[{"id":94427,"url":"https:\/\/tomajazz.com\/web\/35e-jazz-granollers-festival-2025\/","url_meta":{"origin":95496,"position":0},"title":"35\u00e8 Jazz Granollers Festival 2025 (7 de febrero al 5 de abril. Granollers, Barcelona) [Noticias de jazz]","author":"Tomajazz","date":"5 febrero, 2025","format":false,"excerpt":"Entre el 7 de febrero y el 5 de abril tendr\u00e1 lugar el 35\u00e8 Jazz Granollers Festival 2025 en distintos emplazamientos de Granollers (Barcelona) #Noticias de jazz","rel":"","context":"En \u00ab35 Jazz Granollers Festival 2025\u00bb","block_context":{"text":"35 Jazz Granollers Festival 2025","link":"https:\/\/tomajazz.com\/web\/category\/contenidos\/especial-contenidos\/35-jazz-granollers-festival-2025\/"},"img":{"alt_text":"35\u00e8 Jazz Granollers Festival 2025 (7 de febrero al 5 de abril. Granollers, Barcelona) [Noticias de jazz] - Tomajazz - En35\u00e8 Jazz Granollers Festival 2025 (7 de febrero al 5 de abril. Granollers, Barcelona) [Noticias de jazz]","src":"https:\/\/i0.wp.com\/tomajazz.com\/web\/wp-content\/uploads\/2025\/02\/35-Jazz-Granollers-Festival-2025.jpg?resize=350%2C200&ssl=1","width":350,"height":200,"srcset":"https:\/\/i0.wp.com\/tomajazz.com\/web\/wp-content\/uploads\/2025\/02\/35-Jazz-Granollers-Festival-2025.jpg?resize=350%2C200&ssl=1 1x, https:\/\/i0.wp.com\/tomajazz.com\/web\/wp-content\/uploads\/2025\/02\/35-Jazz-Granollers-Festival-2025.jpg?resize=525%2C300&ssl=1 1.5x, https:\/\/i0.wp.com\/tomajazz.com\/web\/wp-content\/uploads\/2025\/02\/35-Jazz-Granollers-Festival-2025.jpg?resize=700%2C400&ssl=1 2x"},"classes":[]},{"id":104657,"url":"https:\/\/tomajazz.com\/web\/joan-sanmarti-5t-36-jazz-granollers-2026\/","url_meta":{"origin":95496,"position":1},"title":"Joan Sanmart\u00ed 5t (36\u00e8 Jazz Granollers Festival 2026\/ Casino, 2026-02-20 \/ Granollers -Barcelona-) [I] Por Joan Cort\u00e8s [INSTANTZZ AKA Galer\u00eda fotogr\u00e1fica AKA Fotoblog de jazz, impro\u2026 y algo m\u00e1s]","author":"Tomajazz","date":"2 abril, 2026","format":false,"excerpt":"Joan Sanmart\u00ed 5t actu\u00f3 en el 36\u00e8 Jazz Granollers Festival 2026, el 20 de febrero de 2026. Joan Cort\u00e8s lo retrata en INSTANTZZ. Joan Sanmart\u00ed 5t son Joan Sanmart\u00ed, Gabriel Amargant, Pau Dom\u00e8nech, Marc Cuevas, Joan Vidal","rel":"","context":"En \u00ab36 Jazz Granollers Festival 2026\u00bb","block_context":{"text":"36 Jazz Granollers Festival 2026","link":"https:\/\/tomajazz.com\/web\/category\/contenidos\/especial-contenidos\/36-jazz-granollers-festival-2026\/"},"img":{"alt_text":"Joan Sanmart\u00ed 5t (36\u00e8 Jazz Granollers Festival 2026\/ Casino, 2026-02-20 \/ Granollers -Barcelona-) [I] Por Joan Cort\u00e8s [INSTANTZZ AKA Galer\u00eda fotogr\u00e1fica AKA Fotoblog de jazz, impro\u2026 y algo m\u00e1s] - Tomajazz - Joan Sanmart\u00ed 5t actu\u00f3 en el 36\u00e8 Jazz Granollers Festival 2026, el 20 de febrero de 2026. Joan Cort\u00e8s lo retrata en INSTANTZZ. Joan Sanmart\u00ed 5t son Joan Sanmart\u00ed, Gabriel Amargant, Pau Dom\u00e8nech, Marc Cuevas, Joan Vidal\n","src":"https:\/\/i0.wp.com\/tomajazz.com\/web\/wp-content\/uploads\/2026\/04\/destacada-09-Jn-Snmrt-5t-Photo-By-Joan-Cortes-20fbr26-36FJG-Csn-Grn.jpg?resize=350%2C200&ssl=1","width":350,"height":200},"classes":[]},{"id":95556,"url":"https:\/\/tomajazz.com\/web\/joan-monne-4t-35jgf-2025\/","url_meta":{"origin":95496,"position":2},"title":"Joan Monn\u00e9 4t \u201cNew bottles, old wine\u201d (35\u00e8 Jazz Granollers Festival, Casino, 2025-02-21 \/ Granollers -Barcelona-) [II] Por Joan Cort\u00e8s [INSTANTZZ AKA Galer\u00eda fotogr\u00e1fica AKA Fotoblog de jazz, impro\u2026 y algo m\u00e1s]","author":"Tomajazz","date":"6 abril, 2025","format":false,"excerpt":"Joan Monn\u00e9 4t \u201cNew bottles, old wine\u201d actu\u00f3 en el 35\u00e8 Jazz Granollers Festival, el 21 de febrero de 2025. Joan Cort\u00e8s los retrata en INSTANTZZ. Actuaron Joan Monn\u00e9, Santi de la Rubia, \u00d2scar Latorre, Rai Ferrer","rel":"","context":"En \u00ab*_Joan Cort\u00e8s\u00bb","block_context":{"text":"*_Joan Cort\u00e8s","link":"https:\/\/tomajazz.com\/web\/category\/joan-cortes\/"},"img":{"alt_text":"Joan Monn\u00e9 4t \u201cNew bottles, old wine\u201d (35\u00e8 Jazz Granollers Festival, Casino, 2025-02-21 \/ Granollers -Barcelona-) Por Joan Cort\u00e8s [INSTANTZZ AKA Galer\u00eda fotogr\u00e1fica AKA Fotoblog de jazz, impro\u2026 y algo m\u00e1s] - Tomajazz - Joan Monn\u00e9 4t \u201cNew bottles, old wine\u201d actu\u00f3 en el 35\u00e8 Jazz Granollers Festival, el 21 de febrero de 2025. Joan Cort\u00e8s los retrata en INSTANTZZ. Actuaron Joan Monn\u00e9, Santi de la Rubia, \u00d2scar Latorre, Rai Ferrer\n","src":"https:\/\/i0.wp.com\/tomajazz.com\/web\/wp-content\/uploads\/2025\/04\/destacado-04-Jn-Mnn-4t-Photo-By-Joan-Cortes-21fbr25-35JGF-Csn-Grnllrs.jpg?resize=350%2C200&ssl=1","width":350,"height":200,"srcset":"https:\/\/i0.wp.com\/tomajazz.com\/web\/wp-content\/uploads\/2025\/04\/destacado-04-Jn-Mnn-4t-Photo-By-Joan-Cortes-21fbr25-35JGF-Csn-Grnllrs.jpg?resize=350%2C200&ssl=1 1x, https:\/\/i0.wp.com\/tomajazz.com\/web\/wp-content\/uploads\/2025\/04\/destacado-04-Jn-Mnn-4t-Photo-By-Joan-Cortes-21fbr25-35JGF-Csn-Grnllrs.jpg?resize=525%2C300&ssl=1 1.5x"},"classes":[]},{"id":104847,"url":"https:\/\/tomajazz.com\/web\/alba-careta-group-panical-jazz-granollers-2026\/","url_meta":{"origin":95496,"position":3},"title":"Alba Careta Group \u201cPanical\u201d (36\u00e8 Jazz Granollers Festival \/ Casino, 2026-02-27 \/ Granollers -Barcelona-) [II] Por Joan Cort\u00e8s [INSTANTZZ AKA Galer\u00eda fotogr\u00e1fica AKA Fotoblog de jazz, impro\u2026 y algo m\u00e1s]","author":"Tomajazz","date":"12 abril, 2026","format":false,"excerpt":"Alba Careta Group \u201cPanical\u201d actu\u00f3 en el 36\u00e8 Jazz Granollers Festival, el 27 de febrero de 2026. Joan Cort\u00e8s lo retrata en INSTANTZZ. Alba Careta Group \u201cPanical\u201d son Alba Careta, Lucas Mart\u00ednez, Roger Santacana, Giuseppe Campisi, Jordi Pallar\u00e9s","rel":"","context":"En \u00ab36 Jazz Granollers Festival 2026\u00bb","block_context":{"text":"36 Jazz Granollers Festival 2026","link":"https:\/\/tomajazz.com\/web\/category\/contenidos\/especial-contenidos\/36-jazz-granollers-festival-2026\/"},"img":{"alt_text":"Alba Careta Group \u201cPanical\u201d (36\u00e8 Jazz Granollers Festival \/ Casino, 2026-02-27 \/ Granollers -Barcelona-) [II] Por Joan Cort\u00e8s [INSTANTZZ AKA Galer\u00eda fotogr\u00e1fica AKA Fotoblog de jazz, impro\u2026 y algo m\u00e1s] - Tomajazz - Alba Careta Group \u201cPanical\u201d actu\u00f3 en el 36\u00e8 Jazz Granollers Festival, el 27 de febrero de 2026. Joan Cort\u00e8s lo retrata en INSTANTZZ. Alba Careta Group \u201cPanical\u201d son Alba Careta, Lucas Mart\u00ednez, Roger Santacana, Giuseppe Campisi, Jordi Pallar\u00e9s\n","src":"https:\/\/i0.wp.com\/tomajazz.com\/web\/wp-content\/uploads\/2026\/04\/destacada-03-lb-Crt-Grp-Photo-by-Joan-Cortes-27fbr26-36JGF-CG-CR-Grnllrs.jpg?resize=350%2C200&ssl=1","width":350,"height":200,"srcset":"https:\/\/i0.wp.com\/tomajazz.com\/web\/wp-content\/uploads\/2026\/04\/destacada-03-lb-Crt-Grp-Photo-by-Joan-Cortes-27fbr26-36JGF-CG-CR-Grnllrs.jpg?resize=350%2C200&ssl=1 1x, https:\/\/i0.wp.com\/tomajazz.com\/web\/wp-content\/uploads\/2026\/04\/destacada-03-lb-Crt-Grp-Photo-by-Joan-Cortes-27fbr26-36JGF-CG-CR-Grnllrs.jpg?resize=525%2C300&ssl=1 1.5x"},"classes":[]},{"id":105012,"url":"https:\/\/tomajazz.com\/web\/lage-lund-trio-granollers-2026\/","url_meta":{"origin":95496,"position":4},"title":"Lage Lund Trio (36\u00e8 Jazz Granollers Festival \/ Casino, 2026-03-13 \/ Granollers -Barcelona-) [y III] Por Joan Cort\u00e8s [INSTANTZZ AKA Galer\u00eda fotogr\u00e1fica AKA Fotoblog de jazz, impro\u2026 y algo m\u00e1s]","author":"Tomajazz","date":"23 abril, 2026","format":false,"excerpt":"Lage Lund Trio actu\u00f3 en el 36\u00e8 Jazz Granollers Festival, el 13 de marzo de 2026. Joan Cort\u00e8s lo retrata en INSTANTZZ. Lage Lund Trio son Lage Lund, Orlando Le Fleming, Greg Hutchinson","rel":"","context":"En \u00ab36 Jazz Granollers Festival 2026\u00bb","block_context":{"text":"36 Jazz Granollers Festival 2026","link":"https:\/\/tomajazz.com\/web\/category\/contenidos\/especial-contenidos\/36-jazz-granollers-festival-2026\/"},"img":{"alt_text":"Lage Lund Trio (36\u00e8 Jazz Granollers Festival \/ Casino, 2026-03-13 \/ Granollers -Barcelona-) [y III] Por Joan Cort\u00e8s [INSTANTZZ AKA Galer\u00eda fotogr\u00e1fica AKA Fotoblog de jazz, impro\u2026 y algo m\u00e1s] - Tomajazz - Lage Lund Trio actu\u00f3 en el 36\u00e8 Jazz Granollers Festival, el 13 de marzo de 2026. Joan Cort\u00e8s lo retrata en INSTANTZZ. Lage Lund Trio son Lage Lund, Orlando Le Fleming, Greg Hutchinson","src":"https:\/\/i0.wp.com\/tomajazz.com\/web\/wp-content\/uploads\/2026\/04\/destacada-02-Lg-Lnd-Photo-by-Joan-Cortes-13mrc26-36JGF-Csn-Gr-bn.jpg?resize=350%2C200&ssl=1","width":350,"height":200,"srcset":"https:\/\/i0.wp.com\/tomajazz.com\/web\/wp-content\/uploads\/2026\/04\/destacada-02-Lg-Lnd-Photo-by-Joan-Cortes-13mrc26-36JGF-Csn-Gr-bn.jpg?resize=350%2C200&ssl=1 1x, https:\/\/i0.wp.com\/tomajazz.com\/web\/wp-content\/uploads\/2026\/04\/destacada-02-Lg-Lnd-Photo-by-Joan-Cortes-13mrc26-36JGF-Csn-Gr-bn.jpg?resize=525%2C300&ssl=1 1.5x"},"classes":[]},{"id":95656,"url":"https:\/\/tomajazz.com\/web\/marc-miralta-granollers-2025\/","url_meta":{"origin":95496,"position":5},"title":"Marc Miralta Flamenco Vibes (35\u00e8 Jazz Granollers Festival, Casino, 2025-02-28 \/ Granollers -Barcelona-) [III] Por Joan Cort\u00e8s [INSTANTZZ AKA Galer\u00eda fotogr\u00e1fica AKA Fotoblog de jazz, impro\u2026 y algo m\u00e1s]","author":"Tomajazz","date":"3 mayo, 2025","format":false,"excerpt":"Marc Miralta Flamenco Vibes actu\u00f3 en el 35\u00e8 Jazz Granollers Festival, el 28 de febrero de 2025. Joan Cort\u00e8s lo retrata en INSTANTZZ. Actuaron Marc Miralta, Pau Figueres, Manel Forti\u00e0, Arnau Figueres","rel":"","context":"En \u00ab35 Jazz Granollers Festival 2025\u00bb","block_context":{"text":"35 Jazz Granollers Festival 2025","link":"https:\/\/tomajazz.com\/web\/category\/contenidos\/especial-contenidos\/35-jazz-granollers-festival-2025\/"},"img":{"alt_text":"Marc Miralta Flamenco Vibes (35\u00e8 Jazz Granollers Festival, Casino, 2025-02-28 \/ Granollers -Barcelona-) [III] Por Joan Cort\u00e8s [INSTANTZZ AKA Galer\u00eda fotogr\u00e1fica AKA Fotoblog de jazz, impro\u2026 y algo m\u00e1s] - Tomajazz - Marc Miralta Flamenco Vibes actu\u00f3 en el 35\u00e8 Jazz Granollers Festival, el 28 de febrero de 2025. Joan Cort\u00e8s lo retrata en INSTANTZZ. Actuaron Marc Miralta, Pau Figueres, Manel Forti\u00e0, Arnau Figueres\n","src":"https:\/\/i0.wp.com\/tomajazz.com\/web\/wp-content\/uploads\/2025\/05\/Destacado-11-Mrc-Mrlt-Flmc-Vbs-Photo-By-Joan-Cortes-28fbr25-35JGF-Csn-Grnllrs.jpg?resize=350%2C200&ssl=1","width":350,"height":200,"srcset":"https:\/\/i0.wp.com\/tomajazz.com\/web\/wp-content\/uploads\/2025\/05\/Destacado-11-Mrc-Mrlt-Flmc-Vbs-Photo-By-Joan-Cortes-28fbr25-35JGF-Csn-Grnllrs.jpg?resize=350%2C200&ssl=1 1x, https:\/\/i0.wp.com\/tomajazz.com\/web\/wp-content\/uploads\/2025\/05\/Destacado-11-Mrc-Mrlt-Flmc-Vbs-Photo-By-Joan-Cortes-28fbr25-35JGF-Csn-Grnllrs.jpg?resize=525%2C300&ssl=1 1.5x"},"classes":[]}],"_links":{"self":[{"href":"https:\/\/tomajazz.com\/web\/wp-json\/wp\/v2\/posts\/95496","targetHints":{"allow":["GET"]}}],"collection":[{"href":"https:\/\/tomajazz.com\/web\/wp-json\/wp\/v2\/posts"}],"about":[{"href":"https:\/\/tomajazz.com\/web\/wp-json\/wp\/v2\/types\/post"}],"author":[{"embeddable":true,"href":"https:\/\/tomajazz.com\/web\/wp-json\/wp\/v2\/users\/1"}],"replies":[{"embeddable":true,"href":"https:\/\/tomajazz.com\/web\/wp-json\/wp\/v2\/comments?post=95496"}],"version-history":[{"count":2,"href":"https:\/\/tomajazz.com\/web\/wp-json\/wp\/v2\/posts\/95496\/revisions"}],"predecessor-version":[{"id":95659,"href":"https:\/\/tomajazz.com\/web\/wp-json\/wp\/v2\/posts\/95496\/revisions\/95659"}],"wp:featuredmedia":[{"embeddable":true,"href":"https:\/\/tomajazz.com\/web\/wp-json\/wp\/v2\/media\/95507"}],"wp:attachment":[{"href":"https:\/\/tomajazz.com\/web\/wp-json\/wp\/v2\/media?parent=95496"}],"wp:term":[{"taxonomy":"category","embeddable":true,"href":"https:\/\/tomajazz.com\/web\/wp-json\/wp\/v2\/categories?post=95496"},{"taxonomy":"post_tag","embeddable":true,"href":"https:\/\/tomajazz.com\/web\/wp-json\/wp\/v2\/tags?post=95496"}],"curies":[{"name":"wp","href":"https:\/\/api.w.org\/{rel}","templated":true}]}}