{"id":96647,"date":"2025-06-21T12:00:18","date_gmt":"2025-06-21T10:00:18","guid":{"rendered":"https:\/\/tomajazz.com\/web\/?p=96647"},"modified":"2025-06-22T12:33:45","modified_gmt":"2025-06-22T10:33:45","slug":"atavi-saison-jazzebre-2025","status":"publish","type":"post","link":"https:\/\/tomajazz.com\/web\/atavi-saison-jazzebre-2025\/","title":{"rendered":"Atavi (Saison Jazz\u00e8bre 2025 \/ Mus\u00e9e de la Musique, 10-abril-2025, Ceret -France-)  Por Joan Cort\u00e8s [INSTANTZZ AKA Galer\u00eda fotogr\u00e1fica AKA Fotoblog de jazz, impro\u2026 y algo m\u00e1s]"},"content":{"rendered":"<h3>Atavi<\/h3>\n<h3>Saison Jazz\u00e8bre<\/h3>\n<ul>\n<li>Fecha: Jueves, 10 de abril de 2025<\/li>\n<li>Lugar: Mus\u00e9e de la Musique (Ceret -France-)<\/li>\n<li><strong>Formaci\u00f3n:<br \/>\n<\/strong>Romain Baudoin, viola de rueda y electr\u00f3nica<br \/>\nSophie Bernado, fagot, voz y electr\u00f3nica<br \/>\nWassim Halal, percusi\u00f3n y electr\u00f3nica<\/li>\n<\/ul>\n<p style=\"text-align: center;\"><img loading=\"lazy\" decoding=\"async\" class=\"aligncenter size-full wp-image-96648\" title=\"Atavi (Saison Jazz\u00e8bre 2025 \/ Mus\u00e9e de la Musique, 10-abril-2025, Ceret -France-) Por Joan Cort\u00e8s [INSTANTZZ AKA Galer\u00eda fotogr\u00e1fica AKA Fotoblog de jazz, impro\u2026 y algo m\u00e1s] Tomajazz 01 tv \u00a9Joan Cort\u00e8s 10brl25 Ssn Jzzbr Ms Msq Crt\" src=\"https:\/\/tomajazz.com\/web\/wp-content\/uploads\/2025\/06\/01-tv-\u00a9Joan-Cortes-10brl25-Ssn-Jzzbr-Ms-Msq-Crt.jpg\" alt=\"Atavi (Saison Jazz\u00e8bre 2025 \/ Mus\u00e9e de la Musique, 10-abril-2025, Ceret -France-) Por Joan Cort\u00e8s [INSTANTZZ AKA Galer\u00eda fotogr\u00e1fica AKA Fotoblog de jazz, impro\u2026 y algo m\u00e1s] - Tomajazz - El tr\u00edo Atavi actu\u00f3 en Saison Jazz\u00e8bre 2025 en el Mus\u00e9e de la Musique de Ceret en Francia, el 10 de abril de l-2025, Ceret -France-) Por Joan Cort\u00e8s [INSTANTZZ\" width=\"600\" height=\"400\" srcset=\"https:\/\/tomajazz.com\/web\/wp-content\/uploads\/2025\/06\/01-tv-\u00a9Joan-Cortes-10brl25-Ssn-Jzzbr-Ms-Msq-Crt.jpg 600w, https:\/\/tomajazz.com\/web\/wp-content\/uploads\/2025\/06\/01-tv-\u00a9Joan-Cortes-10brl25-Ssn-Jzzbr-Ms-Msq-Crt-300x200.jpg 300w, https:\/\/tomajazz.com\/web\/wp-content\/uploads\/2025\/06\/01-tv-\u00a9Joan-Cortes-10brl25-Ssn-Jzzbr-Ms-Msq-Crt-465x310.jpg 465w\" sizes=\"auto, (max-width: 600px) 100vw, 600px\" \/><\/p>\n<p><img loading=\"lazy\" decoding=\"async\" class=\"aligncenter size-large wp-image-96649\" title=\"Atavi (Saison Jazz\u00e8bre 2025 \/ Mus\u00e9e de la Musique, 10-abril-2025, Ceret -France-) Por Joan Cort\u00e8s [INSTANTZZ AKA Galer\u00eda fotogr\u00e1fica AKA Fotoblog de jazz, impro\u2026 y algo m\u00e1s] Tomajazz 02 tv \u00a9Joan Cort\u00e8s 10brl25 Ssn Jzzbr Ms Msq Crt\" src=\"https:\/\/tomajazz.com\/web\/wp-content\/uploads\/2025\/06\/02-tv-\u00a9Joan-Cortes-10brl25-Ssn-Jzzbr-Ms-Msq-Crt.jpg\" alt=\"Atavi (Saison Jazz\u00e8bre 2025 \/ Mus\u00e9e de la Musique, 10-abril-2025, Ceret -France-) Por Joan Cort\u00e8s [INSTANTZZ AKA Galer\u00eda fotogr\u00e1fica AKA Fotoblog de jazz, impro\u2026 y algo m\u00e1s] - Tomajazz - El tr\u00edo Atavi actu\u00f3 en Saison Jazz\u00e8bre 2025 en el Mus\u00e9e de la Musique de Ceret en Francia, el 10 de abril de l-2025, Ceret -France-) Por Joan Cort\u00e8s [INSTANTZZ\" width=\"600\" height=\"400\" srcset=\"https:\/\/tomajazz.com\/web\/wp-content\/uploads\/2025\/06\/02-tv-\u00a9Joan-Cortes-10brl25-Ssn-Jzzbr-Ms-Msq-Crt.jpg 600w, https:\/\/tomajazz.com\/web\/wp-content\/uploads\/2025\/06\/02-tv-\u00a9Joan-Cortes-10brl25-Ssn-Jzzbr-Ms-Msq-Crt-300x200.jpg 300w, https:\/\/tomajazz.com\/web\/wp-content\/uploads\/2025\/06\/02-tv-\u00a9Joan-Cortes-10brl25-Ssn-Jzzbr-Ms-Msq-Crt-465x310.jpg 465w\" sizes=\"auto, (max-width: 600px) 100vw, 600px\" \/><\/p>\n<p><img loading=\"lazy\" decoding=\"async\" class=\"aligncenter size-large wp-image-96650\" title=\"Atavi (Saison Jazz\u00e8bre 2025 \/ Mus\u00e9e de la Musique, 10-abril-2025, Ceret -France-) Por Joan Cort\u00e8s [INSTANTZZ AKA Galer\u00eda fotogr\u00e1fica AKA Fotoblog de jazz, impro\u2026 y algo m\u00e1s] Tomajazz 03 tv \u00a9Joan Cort\u00e8s 10brl25 Ssn Jzzbr Ms Msq Crt\" src=\"https:\/\/tomajazz.com\/web\/wp-content\/uploads\/2025\/06\/03-tv-\u00a9Joan-Cortes-10brl25-Ssn-Jzzbr-Ms-Msq-Crt.jpg\" alt=\"Atavi (Saison Jazz\u00e8bre 2025 \/ Mus\u00e9e de la Musique, 10-abril-2025, Ceret -France-) Por Joan Cort\u00e8s [INSTANTZZ AKA Galer\u00eda fotogr\u00e1fica AKA Fotoblog de jazz, impro\u2026 y algo m\u00e1s] - Tomajazz - El tr\u00edo Atavi actu\u00f3 en Saison Jazz\u00e8bre 2025 en el Mus\u00e9e de la Musique de Ceret en Francia, el 10 de abril de l-2025, Ceret -France-) Por Joan Cort\u00e8s [INSTANTZZ\" width=\"400\" height=\"600\" srcset=\"https:\/\/tomajazz.com\/web\/wp-content\/uploads\/2025\/06\/03-tv-\u00a9Joan-Cortes-10brl25-Ssn-Jzzbr-Ms-Msq-Crt.jpg 400w, https:\/\/tomajazz.com\/web\/wp-content\/uploads\/2025\/06\/03-tv-\u00a9Joan-Cortes-10brl25-Ssn-Jzzbr-Ms-Msq-Crt-200x300.jpg 200w, https:\/\/tomajazz.com\/web\/wp-content\/uploads\/2025\/06\/03-tv-\u00a9Joan-Cortes-10brl25-Ssn-Jzzbr-Ms-Msq-Crt-367x550.jpg 367w, https:\/\/tomajazz.com\/web\/wp-content\/uploads\/2025\/06\/03-tv-\u00a9Joan-Cortes-10brl25-Ssn-Jzzbr-Ms-Msq-Crt-333x500.jpg 333w\" sizes=\"auto, (max-width: 400px) 100vw, 400px\" \/><\/p>\n<p><img loading=\"lazy\" decoding=\"async\" class=\"aligncenter size-large wp-image-96651\" title=\"Atavi (Saison Jazz\u00e8bre 2025 \/ Mus\u00e9e de la Musique, 10-abril-2025, Ceret -France-) Por Joan Cort\u00e8s [INSTANTZZ AKA Galer\u00eda fotogr\u00e1fica AKA Fotoblog de jazz, impro\u2026 y algo m\u00e1s] Tomajazz 04 tv \u00a9Joan Cort\u00e8s 10brl25 Ssn Jzzbr Ms Msq Crt\" src=\"https:\/\/tomajazz.com\/web\/wp-content\/uploads\/2025\/06\/04-tv-\u00a9Joan-Cortes-10brl25-Ssn-Jzzbr-Ms-Msq-Crt.jpg\" alt=\"Atavi (Saison Jazz\u00e8bre 2025 \/ Mus\u00e9e de la Musique, 10-abril-2025, Ceret -France-) Por Joan Cort\u00e8s [INSTANTZZ AKA Galer\u00eda fotogr\u00e1fica AKA Fotoblog de jazz, impro\u2026 y algo m\u00e1s] - Tomajazz - El tr\u00edo Atavi actu\u00f3 en Saison Jazz\u00e8bre 2025 en el Mus\u00e9e de la Musique de Ceret en Francia, el 10 de abril de l-2025, Ceret -France-) Por Joan Cort\u00e8s [INSTANTZZ\" width=\"400\" height=\"600\" srcset=\"https:\/\/tomajazz.com\/web\/wp-content\/uploads\/2025\/06\/04-tv-\u00a9Joan-Cortes-10brl25-Ssn-Jzzbr-Ms-Msq-Crt.jpg 400w, https:\/\/tomajazz.com\/web\/wp-content\/uploads\/2025\/06\/04-tv-\u00a9Joan-Cortes-10brl25-Ssn-Jzzbr-Ms-Msq-Crt-200x300.jpg 200w, https:\/\/tomajazz.com\/web\/wp-content\/uploads\/2025\/06\/04-tv-\u00a9Joan-Cortes-10brl25-Ssn-Jzzbr-Ms-Msq-Crt-367x550.jpg 367w, https:\/\/tomajazz.com\/web\/wp-content\/uploads\/2025\/06\/04-tv-\u00a9Joan-Cortes-10brl25-Ssn-Jzzbr-Ms-Msq-Crt-333x500.jpg 333w\" sizes=\"auto, (max-width: 400px) 100vw, 400px\" \/><\/p>\n<p><img loading=\"lazy\" decoding=\"async\" class=\"aligncenter size-large wp-image-96652\" title=\"Atavi (Saison Jazz\u00e8bre 2025 \/ Mus\u00e9e de la Musique, 10-abril-2025, Ceret -France-) Por Joan Cort\u00e8s [INSTANTZZ AKA Galer\u00eda fotogr\u00e1fica AKA Fotoblog de jazz, impro\u2026 y algo m\u00e1s] Tomajazz 05 tv \u00a9Joan Cort\u00e8s 10brl25 Ssn Jzzbr Ms Msq Crt\" src=\"https:\/\/tomajazz.com\/web\/wp-content\/uploads\/2025\/06\/05-tv-\u00a9Joan-Cortes-10brl25-Ssn-Jzzbr-Ms-Msq-Crt.jpg\" alt=\"Atavi (Saison Jazz\u00e8bre 2025 \/ Mus\u00e9e de la Musique, 10-abril-2025, Ceret -France-) Por Joan Cort\u00e8s [INSTANTZZ AKA Galer\u00eda fotogr\u00e1fica AKA Fotoblog de jazz, impro\u2026 y algo m\u00e1s] - Tomajazz - El tr\u00edo Atavi actu\u00f3 en Saison Jazz\u00e8bre 2025 en el Mus\u00e9e de la Musique de Ceret en Francia, el 10 de abril de 2025. Joan Cort\u00e8s los retrata en INSTANTZZ. Atavi son Romain Baudoin, Sophie Bernado, Wassim Halal \" width=\"400\" height=\"600\" srcset=\"https:\/\/tomajazz.com\/web\/wp-content\/uploads\/2025\/06\/05-tv-\u00a9Joan-Cortes-10brl25-Ssn-Jzzbr-Ms-Msq-Crt.jpg 400w, https:\/\/tomajazz.com\/web\/wp-content\/uploads\/2025\/06\/05-tv-\u00a9Joan-Cortes-10brl25-Ssn-Jzzbr-Ms-Msq-Crt-200x300.jpg 200w, https:\/\/tomajazz.com\/web\/wp-content\/uploads\/2025\/06\/05-tv-\u00a9Joan-Cortes-10brl25-Ssn-Jzzbr-Ms-Msq-Crt-367x550.jpg 367w, https:\/\/tomajazz.com\/web\/wp-content\/uploads\/2025\/06\/05-tv-\u00a9Joan-Cortes-10brl25-Ssn-Jzzbr-Ms-Msq-Crt-333x500.jpg 333w\" sizes=\"auto, (max-width: 400px) 100vw, 400px\" \/><\/p>\n<p><img loading=\"lazy\" decoding=\"async\" class=\"aligncenter size-large wp-image-96653\" title=\"Atavi (Saison Jazz\u00e8bre 2025 \/ Mus\u00e9e de la Musique, 10-abril-2025, Ceret -France-) Por Joan Cort\u00e8s [INSTANTZZ AKA Galer\u00eda fotogr\u00e1fica AKA Fotoblog de jazz, impro\u2026 y algo m\u00e1s] Tomajazz 06 tv \u00a9Joan Cort\u00e8s 10brl25 Ssn Jzzbr Ms Msq Crt\" src=\"https:\/\/tomajazz.com\/web\/wp-content\/uploads\/2025\/06\/06-tv-\u00a9Joan-Cortes-10brl25-Ssn-Jzzbr-Ms-Msq-Crt.jpg\" alt=\"Atavi (Saison Jazz\u00e8bre 2025 \/ Mus\u00e9e de la Musique, 10-abril-2025, Ceret -France-) Por Joan Cort\u00e8s [INSTANTZZ AKA Galer\u00eda fotogr\u00e1fica AKA Fotoblog de jazz, impro\u2026 y algo m\u00e1s] - Tomajazz - El tr\u00edo Atavi actu\u00f3 en Saison Jazz\u00e8bre 2025 en el Mus\u00e9e de la Musique de Ceret en Francia, el 10 de abril de 2025. Joan Cort\u00e8s los retrata en INSTANTZZ. Atavi son Romain Baudoin, Sophie Bernado, Wassim Halal \" width=\"600\" height=\"400\" srcset=\"https:\/\/tomajazz.com\/web\/wp-content\/uploads\/2025\/06\/06-tv-\u00a9Joan-Cortes-10brl25-Ssn-Jzzbr-Ms-Msq-Crt.jpg 600w, https:\/\/tomajazz.com\/web\/wp-content\/uploads\/2025\/06\/06-tv-\u00a9Joan-Cortes-10brl25-Ssn-Jzzbr-Ms-Msq-Crt-300x200.jpg 300w, https:\/\/tomajazz.com\/web\/wp-content\/uploads\/2025\/06\/06-tv-\u00a9Joan-Cortes-10brl25-Ssn-Jzzbr-Ms-Msq-Crt-465x310.jpg 465w\" sizes=\"auto, (max-width: 600px) 100vw, 600px\" \/><\/p>\n<p><img loading=\"lazy\" decoding=\"async\" class=\"aligncenter size-large wp-image-96654\" title=\"Atavi (Saison Jazz\u00e8bre 2025 \/ Mus\u00e9e de la Musique, 10-abril-2025, Ceret -France-) Por Joan Cort\u00e8s [INSTANTZZ AKA Galer\u00eda fotogr\u00e1fica AKA Fotoblog de jazz, impro\u2026 y algo m\u00e1s] Tomajazz 07 tv \u00a9Joan Cort\u00e8s 10brl25 Ssn Jzzbr Ms Msq Crt\" src=\"https:\/\/tomajazz.com\/web\/wp-content\/uploads\/2025\/06\/07-tv-\u00a9Joan-Cortes-10brl25-Ssn-Jzzbr-Ms-Msq-Crt.jpg\" alt=\"Atavi (Saison Jazz\u00e8bre 2025 \/ Mus\u00e9e de la Musique, 10-abril-2025, Ceret -France-) Por Joan Cort\u00e8s [INSTANTZZ AKA Galer\u00eda fotogr\u00e1fica AKA Fotoblog de jazz, impro\u2026 y algo m\u00e1s] - Tomajazz - El tr\u00edo Atavi actu\u00f3 en Saison Jazz\u00e8bre 2025 en el Mus\u00e9e de la Musique de Ceret en Francia, el 10 de abril de 2025. Joan Cort\u00e8s los retrata en INSTANTZZ. Atavi son Romain Baudoin, Sophie Bernado, Wassim Halal \" width=\"400\" height=\"600\" srcset=\"https:\/\/tomajazz.com\/web\/wp-content\/uploads\/2025\/06\/07-tv-\u00a9Joan-Cortes-10brl25-Ssn-Jzzbr-Ms-Msq-Crt.jpg 400w, https:\/\/tomajazz.com\/web\/wp-content\/uploads\/2025\/06\/07-tv-\u00a9Joan-Cortes-10brl25-Ssn-Jzzbr-Ms-Msq-Crt-200x300.jpg 200w, https:\/\/tomajazz.com\/web\/wp-content\/uploads\/2025\/06\/07-tv-\u00a9Joan-Cortes-10brl25-Ssn-Jzzbr-Ms-Msq-Crt-367x550.jpg 367w, https:\/\/tomajazz.com\/web\/wp-content\/uploads\/2025\/06\/07-tv-\u00a9Joan-Cortes-10brl25-Ssn-Jzzbr-Ms-Msq-Crt-333x500.jpg 333w\" sizes=\"auto, (max-width: 400px) 100vw, 400px\" \/><\/p>\n<p><img loading=\"lazy\" decoding=\"async\" class=\"aligncenter size-large wp-image-96655\" title=\"Atavi (Saison Jazz\u00e8bre 2025 \/ Mus\u00e9e de la Musique, 10-abril-2025, Ceret -France-) Por Joan Cort\u00e8s [INSTANTZZ AKA Galer\u00eda fotogr\u00e1fica AKA Fotoblog de jazz, impro\u2026 y algo m\u00e1s] Tomajazz 08 tv \u00a9Joan Cort\u00e8s 10brl25 Ssn Jzzbr Ms Msq Crt\" src=\"https:\/\/tomajazz.com\/web\/wp-content\/uploads\/2025\/06\/08-tv-\u00a9Joan-Cortes-10brl25-Ssn-Jzzbr-Ms-Msq-Crt.jpg\" alt=\"Atavi (Saison Jazz\u00e8bre 2025 \/ Mus\u00e9e de la Musique, 10-abril-2025, Ceret -France-) Por Joan Cort\u00e8s [INSTANTZZ AKA Galer\u00eda fotogr\u00e1fica AKA Fotoblog de jazz, impro\u2026 y algo m\u00e1s] - Tomajazz - El tr\u00edo Atavi actu\u00f3 en Saison Jazz\u00e8bre 2025 en el Mus\u00e9e de la Musique de Ceret en Francia, el 10 de abril de 2025. Joan Cort\u00e8s los retrata en INSTANTZZ. Atavi son Romain Baudoin, Sophie Bernado, Wassim Halal \" width=\"600\" height=\"400\" srcset=\"https:\/\/tomajazz.com\/web\/wp-content\/uploads\/2025\/06\/08-tv-\u00a9Joan-Cortes-10brl25-Ssn-Jzzbr-Ms-Msq-Crt.jpg 600w, https:\/\/tomajazz.com\/web\/wp-content\/uploads\/2025\/06\/08-tv-\u00a9Joan-Cortes-10brl25-Ssn-Jzzbr-Ms-Msq-Crt-300x200.jpg 300w, https:\/\/tomajazz.com\/web\/wp-content\/uploads\/2025\/06\/08-tv-\u00a9Joan-Cortes-10brl25-Ssn-Jzzbr-Ms-Msq-Crt-465x310.jpg 465w\" sizes=\"auto, (max-width: 600px) 100vw, 600px\" \/><\/p>\n<p><img loading=\"lazy\" decoding=\"async\" class=\"aligncenter size-large wp-image-96656\" title=\"Atavi (Saison Jazz\u00e8bre 2025 \/ Mus\u00e9e de la Musique, 10-abril-2025, Ceret -France-) Por Joan Cort\u00e8s [INSTANTZZ AKA Galer\u00eda fotogr\u00e1fica AKA Fotoblog de jazz, impro\u2026 y algo m\u00e1s] Tomajazz 09 tv \u00a9Joan Cort\u00e8s 10brl25 Ssn Jzzbr Ms Msq Crt\" src=\"https:\/\/tomajazz.com\/web\/wp-content\/uploads\/2025\/06\/09-tv-\u00a9Joan-Cortes-10brl25-Ssn-Jzzbr-Ms-Msq-Crt.jpg\" alt=\"Atavi (Saison Jazz\u00e8bre 2025 \/ Mus\u00e9e de la Musique, 10-abril-2025, Ceret -France-) Por Joan Cort\u00e8s [INSTANTZZ AKA Galer\u00eda fotogr\u00e1fica AKA Fotoblog de jazz, impro\u2026 y algo m\u00e1s] - Tomajazz - El tr\u00edo Atavi actu\u00f3 en Saison Jazz\u00e8bre 2025 en el Mus\u00e9e de la Musique de Ceret en Francia, el 10 de abril de 2025. Joan Cort\u00e8s los retrata en INSTANTZZ. Atavi son Romain Baudoin, Sophie Bernado, Wassim Halal \" width=\"600\" height=\"400\" srcset=\"https:\/\/tomajazz.com\/web\/wp-content\/uploads\/2025\/06\/09-tv-\u00a9Joan-Cortes-10brl25-Ssn-Jzzbr-Ms-Msq-Crt.jpg 600w, https:\/\/tomajazz.com\/web\/wp-content\/uploads\/2025\/06\/09-tv-\u00a9Joan-Cortes-10brl25-Ssn-Jzzbr-Ms-Msq-Crt-300x200.jpg 300w, https:\/\/tomajazz.com\/web\/wp-content\/uploads\/2025\/06\/09-tv-\u00a9Joan-Cortes-10brl25-Ssn-Jzzbr-Ms-Msq-Crt-465x310.jpg 465w\" sizes=\"auto, (max-width: 600px) 100vw, 600px\" \/><\/p>\n<p><img loading=\"lazy\" decoding=\"async\" class=\"aligncenter size-large wp-image-96657\" title=\"Atavi (Saison Jazz\u00e8bre 2025 \/ Mus\u00e9e de la Musique, 10-abril-2025, Ceret -France-) Por Joan Cort\u00e8s [INSTANTZZ AKA Galer\u00eda fotogr\u00e1fica AKA Fotoblog de jazz, impro\u2026 y algo m\u00e1s] Tomajazz 10 tv \u00a9Joan Cort\u00e8s 10brl25 Ssn Jzzbr Ms Msq Crt\" src=\"https:\/\/tomajazz.com\/web\/wp-content\/uploads\/2025\/06\/10-tv-\u00a9Joan-Cortes-10brl25-Ssn-Jzzbr-Ms-Msq-Crt.jpg\" alt=\"Atavi (Saison Jazz\u00e8bre 2025 \/ Mus\u00e9e de la Musique, 10-abril-2025, Ceret -France-) Por Joan Cort\u00e8s [INSTANTZZ AKA Galer\u00eda fotogr\u00e1fica AKA Fotoblog de jazz, impro\u2026 y algo m\u00e1s] - Tomajazz - El tr\u00edo Atavi actu\u00f3 en Saison Jazz\u00e8bre 2025 en el Mus\u00e9e de la Musique de Ceret en Francia, el 10 de abril de 2025. Joan Cort\u00e8s los retrata en INSTANTZZ. Atavi son Romain Baudoin, Sophie Bernado, Wassim Halal \" width=\"400\" height=\"600\" srcset=\"https:\/\/tomajazz.com\/web\/wp-content\/uploads\/2025\/06\/10-tv-\u00a9Joan-Cortes-10brl25-Ssn-Jzzbr-Ms-Msq-Crt.jpg 400w, https:\/\/tomajazz.com\/web\/wp-content\/uploads\/2025\/06\/10-tv-\u00a9Joan-Cortes-10brl25-Ssn-Jzzbr-Ms-Msq-Crt-200x300.jpg 200w, https:\/\/tomajazz.com\/web\/wp-content\/uploads\/2025\/06\/10-tv-\u00a9Joan-Cortes-10brl25-Ssn-Jzzbr-Ms-Msq-Crt-367x550.jpg 367w, https:\/\/tomajazz.com\/web\/wp-content\/uploads\/2025\/06\/10-tv-\u00a9Joan-Cortes-10brl25-Ssn-Jzzbr-Ms-Msq-Crt-333x500.jpg 333w\" sizes=\"auto, (max-width: 400px) 100vw, 400px\" \/><\/p>\n<p style=\"text-align: right;\">Tomajazz: Fotograf\u00edas: \u00a9 <a href=\"https:\/\/www.facebook.com\/joan.cortesbenages\" target=\"_blank\" rel=\"noopener\"><strong>Joan Cort\u00e8s<\/strong><\/a>, 2025<\/p>\n<h3>M\u00e1s informaci\u00f3n sobre Atavi<\/h3>\n<p><a href=\"https:\/\/www.sophiebernado.net\/atavi\" target=\"_blank\" rel=\"noopener\">https:\/\/www.sophiebernado.net\/atavi<\/a><\/p>\n<p><a href=\"https:\/\/tomajazz.com\/web\/?s=atavi&amp;submit=Search\" target=\"_blank\" rel=\"noopener\">https:\/\/tomajazz.com\/web\/?s=atavi&amp;submit=Search<\/a><\/p>\n<p><a href=\"https:\/\/www.jazzebre.com\/?edition=saison-jazzebre-25\" target=\"_blank\" rel=\"noopener\">https:\/\/www.jazzebre.com\/?edition=saison-jazzebre-25<\/a><\/p>\n<p><a href=\"https:\/\/tomajazz.com\/web\/?s=saison+jazzebre&amp;submit=Search\" target=\"_blank\" rel=\"noopener\">https:\/\/tomajazz.com\/web\/?s=saison+jazzebre&amp;submit=Search<\/a><\/p>\n<h3>Saison Jazz\u00e8bre 2025 en Tomajazz<\/h3>\n<blockquote class=\"wp-embedded-content\" data-secret=\"vsd9r18fCr\"><p><a href=\"https:\/\/tomajazz.com\/web\/abdullah-miniawy-trio-jazzebre-2025\/\">Abdullah Miniawy Trio invite Erik Truffaz (Saison Jazz\u00e8bre \/ M\u00e9morial de Rivesaltes, 03-abril-2025, Rivesaltes -France-) Por Joan Cort\u00e8s [INSTANTZZ AKA Galer\u00eda fotogr\u00e1fica AKA Fotoblog de jazz, impro\u2026 y algo m\u00e1s]<\/a><\/p><\/blockquote>\n<p><iframe loading=\"lazy\" class=\"wp-embedded-content\" sandbox=\"allow-scripts\" security=\"restricted\" style=\"position: absolute; visibility: hidden;\" title=\"\u00abAbdullah Miniawy Trio invite Erik Truffaz (Saison Jazz\u00e8bre \/ M\u00e9morial de Rivesaltes, 03-abril-2025, Rivesaltes -France-) Por Joan Cort\u00e8s [INSTANTZZ AKA Galer\u00eda fotogr\u00e1fica AKA Fotoblog de jazz, impro\u2026 y algo m\u00e1s]\u00bb \u2014 Tomajazz\" src=\"https:\/\/tomajazz.com\/web\/abdullah-miniawy-trio-jazzebre-2025\/embed\/#?secret=sjOaAHG3OF#?secret=vsd9r18fCr\" data-secret=\"vsd9r18fCr\" width=\"600\" height=\"338\" frameborder=\"0\" marginwidth=\"0\" marginheight=\"0\" scrolling=\"no\"><\/iframe><\/p>\n<h3>Joan Cort\u00e8s en Tomajazz<\/h3>\n<p><a href=\"https:\/\/tomajazz.com\/web\/?cat=17853\" target=\"_blank\" rel=\"noopener\">https:\/\/tomajazz.com\/web\/?cat=17853<\/a><\/p>\n","protected":false},"excerpt":{"rendered":"<p>El tr\u00edo Atavi actu\u00f3 en Saison Jazz\u00e8bre 2025 en el Mus\u00e9e de la Musique de Ceret en Francia, el 10 de abril de 2025. Joan Cort\u00e8s los retrata en INSTANTZZ. Atavi son Romain Baudoin, Sophie Bernado, Wassim Halal<br \/>\n<span class=\"more-link\"><a href=\"https:\/\/tomajazz.com\/web\/atavi-saison-jazzebre-2025\/\">Contin\u00faa leyendo<\/a><\/span><\/p>\n","protected":false},"author":1,"featured_media":96658,"comment_status":"open","ping_status":"closed","sticky":false,"template":"","format":"standard","meta":{"jetpack_post_was_ever_published":false,"_jetpack_newsletter_access":"","_jetpack_dont_email_post_to_subs":false,"_jetpack_newsletter_tier_id":0,"_jetpack_memberships_contains_paywalled_content":false,"_jetpack_memberships_contains_paid_content":false,"footnotes":""},"categories":[32201,17853,11262,15516,11261,1038],"tags":[32204,1041,32202,31991,32203],"class_list":["entry","author-pachi","has-excerpt","post-96647","post","type-post","status-publish","format-standard","has-post-thumbnail","category-saison-jazzebre-2025","category-joan-cortes","category-photoblogs","category-imagenes","category-instantzz","category-contenidos","tag-atavi","tag-joan-cortes","tag-romain-baudoin","tag-sophie-bernado","tag-wassim-halal"],"jetpack_featured_media_url":"https:\/\/tomajazz.com\/web\/wp-content\/uploads\/2025\/06\/destacada-09-tv-Photo-By-Joan-Cortes-10brl25-Ssn-Jzzbr-Ms-Msq-Crt.jpg","jetpack_likes_enabled":true,"jetpack_sharing_enabled":true,"jetpack-related-posts":[{"id":101142,"url":"https:\/\/tomajazz.com\/web\/clea-torales-jazzebre-2025\/","url_meta":{"origin":96647,"position":0},"title":"Cl\u00e9a Torales \u00abBalade au Mus\u00e9e\u00bb (37 Jazz\u00e8bre \/ Mus\u00e9e d\u2019Art Hyacinthe Rigaud, 2025-10-12 \/ Perpignan -France-) [6] Por Joan Cort\u00e8s [INSTANTZZ AKA Galer\u00eda fotogr\u00e1fica AKA Fotoblog de jazz, impro\u2026 y algo m\u00e1s]","author":"Tomajazz","date":"30 octubre, 2025","format":false,"excerpt":"Cl\u00e9a Torales \u00abBalade au Mus\u00e9e\u00bb actu\u00f3 en el 37 Jazz\u00e8bre 2025 en Perpignan -Francia-. Joan Cort\u00e8s retrata el concierto en INSTANTZZ","rel":"","context":"En \u00ab37 Jazz\u00e8bre 2025\u00bb","block_context":{"text":"37 Jazz\u00e8bre 2025","link":"https:\/\/tomajazz.com\/web\/category\/contenidos\/especial-contenidos\/37-jazzebre-2025\/"},"img":{"alt_text":"Cl\u00e9a Torales \u00abBalade au Mus\u00e9e\u00bb (37 Jazz\u00e8bre \/ Mus\u00e9e d\u2019Art Hyacinthe Rigaud, 2025-10-12 \/ Perpignan -France-) [6] Por Joan Cort\u00e8s [INSTANTZZ AKA Galer\u00eda fotogr\u00e1fica AKA Fotoblog de jazz, impro\u2026 y algo m\u00e1s] - Tomajazz - Cl\u00e9a Torales \u00abBalade au Mus\u00e9e\u00bb actu\u00f3 en el 37 Jazz\u00e8bre 2025 en Perpignan -Francia-. Joan Cort\u00e8s retrata el concierto en INSTANTZZ","src":"https:\/\/i0.wp.com\/tomajazz.com\/web\/wp-content\/uploads\/2025\/10\/05-Cl-Trls-Joan-Cortes-12ctb25-MrHR-37Jzzbr-Prpgnn.jpg?resize=350%2C200&ssl=1","width":350,"height":200,"srcset":"https:\/\/i0.wp.com\/tomajazz.com\/web\/wp-content\/uploads\/2025\/10\/05-Cl-Trls-Joan-Cortes-12ctb25-MrHR-37Jzzbr-Prpgnn.jpg?resize=350%2C200&ssl=1 1x, https:\/\/i0.wp.com\/tomajazz.com\/web\/wp-content\/uploads\/2025\/10\/05-Cl-Trls-Joan-Cortes-12ctb25-MrHR-37Jzzbr-Prpgnn.jpg?resize=525%2C300&ssl=1 1.5x"},"classes":[]},{"id":96567,"url":"https:\/\/tomajazz.com\/web\/abdullah-miniawy-trio-jazzebre-2025\/","url_meta":{"origin":96647,"position":1},"title":"Abdullah Miniawy Trio invite Erik Truffaz (Saison Jazz\u00e8bre \/ M\u00e9morial de Rivesaltes, 03-abril-2025, Rivesaltes -France-) Por Joan Cort\u00e8s [INSTANTZZ AKA Galer\u00eda fotogr\u00e1fica AKA Fotoblog de jazz, impro\u2026 y algo m\u00e1s]","author":"Tomajazz","date":"16 junio, 2025","format":false,"excerpt":"Abdullah Miniawy Trio invite Erik Truffaz actu\u00f3 en Saison Jazz\u00e8bre en Rivesaltes -Francia- el 3 de abril de 2025. Joan Cort\u00e8s lo retrata en INSTANTZZ. Actuaron Abdullah Miniawy, Jules Bolttin, Robinson Khoury, Erik Truffaz","rel":"","context":"En \u00abINSTANTZZ\u00bb","block_context":{"text":"INSTANTZZ","link":"https:\/\/tomajazz.com\/web\/category\/contenidos\/imagenes\/photoblogs\/instantzz\/"},"img":{"alt_text":"Abdullah Miniawy Trio invite Erik Truffaz (Saison Jazz\u00e8bre \/ M\u00e9morial de Rivesaltes, 03-abril-2025, Rivesaltes -France-) Por Joan Cort\u00e8s [INSTANTZZ AKA Galer\u00eda fotogr\u00e1fica AKA Fotoblog de jazz, impro\u2026 y algo m\u00e1s] - Tomajazz - Abdullah Miniawy Trio invite Erik Truffaz actu\u00f3 en Saison Jazz\u00e8bre en Rivesaltes -Francia- el 3 de abril de 2025. Joan Cort\u00e8s lo retrata en INSTANTZZ. Actuaron Abdullah Miniawy, Jules Bolttin, Robinson Khoury, Erik Truffaz\n","src":"https:\/\/i0.wp.com\/tomajazz.com\/web\/wp-content\/uploads\/2025\/06\/destacada-05-bdllh-Mnwy-Tr-Joan-Cortes-03prl25-Mmrl-Rvslts-Ssn-Jzzbr-.jpg?resize=350%2C200&ssl=1","width":350,"height":200,"srcset":"https:\/\/i0.wp.com\/tomajazz.com\/web\/wp-content\/uploads\/2025\/06\/destacada-05-bdllh-Mnwy-Tr-Joan-Cortes-03prl25-Mmrl-Rvslts-Ssn-Jzzbr-.jpg?resize=350%2C200&ssl=1 1x, https:\/\/i0.wp.com\/tomajazz.com\/web\/wp-content\/uploads\/2025\/06\/destacada-05-bdllh-Mnwy-Tr-Joan-Cortes-03prl25-Mmrl-Rvslts-Ssn-Jzzbr-.jpg?resize=525%2C300&ssl=1 1.5x"},"classes":[]},{"id":100822,"url":"https:\/\/tomajazz.com\/web\/gautier-garrigue-37-jazzebre-2025\/","url_meta":{"origin":96647,"position":2},"title":"Gautier Garrigue 4t \u00abLa Travers\u00e9e\u00bb (37 Jazz\u00e8bre \/ Th\u00e9\u00e2tre Municipal, 2025-10-11 \/ Perpignan -France-) Por Joan Cort\u00e8s [INSTANTZZ AKA Galer\u00eda fotogr\u00e1fica AKA Fotoblog de jazz, impro\u2026 y algo m\u00e1s]","author":"Tomajazz","date":"21 octubre, 2025","format":false,"excerpt":"Gautier Garrigue 4t \u00abLa Travers\u00e9e\u00bb actu\u00f3 en el 37 Jazz\u00e8bre 2025 en Perpignan -Francia-. Joan Cort\u00e8s lo retrata en INSTANTZZ. Actuaron Gautier Garrigue, Federico Cassagrande, Benjamin Moussay, Florent Nisse","rel":"","context":"En \u00ab*_Joan Cort\u00e8s\u00bb","block_context":{"text":"*_Joan Cort\u00e8s","link":"https:\/\/tomajazz.com\/web\/category\/joan-cortes\/"},"img":{"alt_text":"Gautier Garrigue 4t \u00abLa Travers\u00e9e\u00bb (37 Jazz\u00e8bre \/ Th\u00e9\u00e2tre Municipal, 2025-10-11 \/ Perpignan -France-) Por Joan Cort\u00e8s [INSTANTZZ AKA Galer\u00eda fotogr\u00e1fica AKA Fotoblog de jazz, impro\u2026 y algo m\u00e1s] - Tomajazz - Gautier Garrigue 4t \u00abLa Travers\u00e9e\u00bb actu\u00f3 en el 37 Jazz\u00e8bre 2025 en Perpignan -Francia-. Joan Cort\u00e8s lo retrata en INSTANTZZ. Actuaron Gautier Garrigue, Federico Cassagrande, Benjamin Moussay, Florent Nisse\n","src":"https:\/\/i0.wp.com\/tomajazz.com\/web\/wp-content\/uploads\/2025\/10\/destacada-05-Gtr-Grrges-4t-Photo-By-Joan-Cortes-11ctb25-TM-37JF-Prpgnn.jpg?resize=350%2C200&ssl=1","width":350,"height":200,"srcset":"https:\/\/i0.wp.com\/tomajazz.com\/web\/wp-content\/uploads\/2025\/10\/destacada-05-Gtr-Grrges-4t-Photo-By-Joan-Cortes-11ctb25-TM-37JF-Prpgnn.jpg?resize=350%2C200&ssl=1 1x, https:\/\/i0.wp.com\/tomajazz.com\/web\/wp-content\/uploads\/2025\/10\/destacada-05-Gtr-Grrges-4t-Photo-By-Joan-Cortes-11ctb25-TM-37JF-Prpgnn.jpg?resize=525%2C300&ssl=1 1.5x"},"classes":[]},{"id":100274,"url":"https:\/\/tomajazz.com\/web\/robin-fincker-mathieu-werchowski-37-jazzebre-2025\/","url_meta":{"origin":96647,"position":3},"title":"Robin Fincker &#038; Mathieu Werchowski \u00abChien Pigeon\u00bb (37 Jazz\u00e8bre 2025 \/ La Voile d\u2019Or, 2025-09-27 \/ Port-Vendres -France-) Por Joan Cort\u00e8s [INSTANTZZ AKA Galer\u00eda fotogr\u00e1fica AKA Fotoblog de jazz, impro\u2026 y algo m\u00e1s]","author":"Tomajazz","date":"9 octubre, 2025","format":false,"excerpt":"Robin Fincker & Mathieu Werchowski \u00abChien Pigeon\u00bb actuaron en el 37 Jazz\u00e8bre, el 27 de septiembre de 2025. Joan Cort\u00e8s los retrata en INSTANTZZ","rel":"","context":"En \u00ab37 Jazz\u00e8bre 2025\u00bb","block_context":{"text":"37 Jazz\u00e8bre 2025","link":"https:\/\/tomajazz.com\/web\/category\/contenidos\/especial-contenidos\/37-jazzebre-2025\/"},"img":{"alt_text":"Robin Fincker & Mathieu Werchowski \u00abChien Pigeon\u00bb (37 Jazz\u00e8bre \/ La Voile d\u2019Or, 2025-09-27 \/ Port-Vendres -France-) Por Joan Cort\u00e8s [INSTANTZZ AKA Galer\u00eda fotogr\u00e1fica AKA Fotoblog de jazz, impro\u2026 y algo m\u00e1s] - Tomajazz - Robin Fincker & Mathieu Werchowski \u00abChien Pigeon\u00bb actuaron en el 37 Jazz\u00e8bre, el 27 de septiembre de 2025. Joan Cort\u00e8s los retrata en INSTANTZZ","src":"https:\/\/i0.wp.com\/tomajazz.com\/web\/wp-content\/uploads\/2025\/10\/destacada-03-Fnckr-Wrchwsk-Photo-By-Joan-Cortes-27stm25-37Jzzbr-LVl-Prt-Vndrs.jpg?resize=350%2C200&ssl=1","width":350,"height":200,"srcset":"https:\/\/i0.wp.com\/tomajazz.com\/web\/wp-content\/uploads\/2025\/10\/destacada-03-Fnckr-Wrchwsk-Photo-By-Joan-Cortes-27stm25-37Jzzbr-LVl-Prt-Vndrs.jpg?resize=350%2C200&ssl=1 1x, https:\/\/i0.wp.com\/tomajazz.com\/web\/wp-content\/uploads\/2025\/10\/destacada-03-Fnckr-Wrchwsk-Photo-By-Joan-Cortes-27stm25-37Jzzbr-LVl-Prt-Vndrs.jpg?resize=525%2C300&ssl=1 1.5x"},"classes":[]},{"id":101040,"url":"https:\/\/tomajazz.com\/web\/le-discobole-orchestra-jazzebre-2025\/","url_meta":{"origin":96647,"position":4},"title":"Le Discobole Orchestra invit\u00e9 Christine Salem \u00abKaf\u00e9 Gry\u00e9\u00bb (37 Jazz\u00e8bre \/ Th\u00e9\u00e2tre Municipal, 2025-10-11 \/ Perpignan -France-) [5] Por Joan Cort\u00e8s [INSTANTZZ AKA Galer\u00eda fotogr\u00e1fica AKA Fotoblog de jazz, impro\u2026 y algo m\u00e1s]","author":"Tomajazz","date":"28 octubre, 2025","format":false,"excerpt":"Le Discobole Orchestra invit\u00e9 Christine Salem \u00abKaf\u00e9 Gry\u00e9\u00bb actu\u00f3 en el 37 Jazz\u00e8bre el 11 de octubre de 2025. Joan Cort\u00e8s lo retrata en INSTANTZZ","rel":"","context":"En \u00ab37 Jazz\u00e8bre 2025\u00bb","block_context":{"text":"37 Jazz\u00e8bre 2025","link":"https:\/\/tomajazz.com\/web\/category\/contenidos\/especial-contenidos\/37-jazzebre-2025\/"},"img":{"alt_text":"Le Discobole Orchestra invit\u00e9 Christine Salem \u00abKaf\u00e9 Gry\u00e9\u00bb (37 Jazz\u00e8bre \/ Th\u00e9\u00e2tre Municipal, 2025-10-11 \/ Perpignan -France-) [5] Por Joan Cort\u00e8s [INSTANTZZ AKA Galer\u00eda fotogr\u00e1fica AKA Fotoblog de jazz, impro\u2026 y algo m\u00e1s] - Tomajazz - Le Discobole Orchestra invit\u00e9 Christine Salem \u00abKaf\u00e9 Gry\u00e9\u00bb actu\u00f3 en el 37 Jazz\u00e8bre el 11 de octubre de 2025. Joan Cort\u00e8s lo retrata en INSTANTZZ","src":"https:\/\/i0.wp.com\/tomajazz.com\/web\/wp-content\/uploads\/2025\/10\/destacada-11-L-Dscbl-rchstr-Photo-By-Joan-Cortes-11ctb25-37Jzzbr-TM-Prpgnn-.jpg?resize=350%2C200&ssl=1","width":350,"height":200,"srcset":"https:\/\/i0.wp.com\/tomajazz.com\/web\/wp-content\/uploads\/2025\/10\/destacada-11-L-Dscbl-rchstr-Photo-By-Joan-Cortes-11ctb25-37Jzzbr-TM-Prpgnn-.jpg?resize=350%2C200&ssl=1 1x, https:\/\/i0.wp.com\/tomajazz.com\/web\/wp-content\/uploads\/2025\/10\/destacada-11-L-Dscbl-rchstr-Photo-By-Joan-Cortes-11ctb25-37Jzzbr-TM-Prpgnn-.jpg?resize=525%2C300&ssl=1 1.5x"},"classes":[]},{"id":100463,"url":"https:\/\/tomajazz.com\/web\/naissam-jalal-healing-rituals-37-jazzebre-2025\/","url_meta":{"origin":96647,"position":5},"title":"Na\u00efssam Jalal \u00abHealing Rituals\u00bb (37 Jazz\u00e8bre 2025 \/ Cin\u00e9-Th\u00e9\u00e2tre Le Vauban, 2025-09-27 \/ Port-Vendres -France-) Por Joan Cort\u00e8s [INSTANTZZ AKA Galer\u00eda fotogr\u00e1fica AKA Fotoblog de jazz, impro\u2026 y algo m\u00e1s]","author":"Tomajazz","date":"14 octubre, 2025","format":false,"excerpt":"Na\u00efssam Jalal \u00abHealing Rituals\u00bb actu\u00f3 en el 37 Jazz\u00e8bre 2025 en Port-Vendres -Francia. Joan Cort\u00e8s lo retrata en INSTANTZZ. Actuaron Na\u00efssam Jalal, Cl\u00e9ment Petit, Claude Tchamitchian, Zaza Desiderio","rel":"","context":"En \u00ab37 Jazz\u00e8bre 2025\u00bb","block_context":{"text":"37 Jazz\u00e8bre 2025","link":"https:\/\/tomajazz.com\/web\/category\/contenidos\/especial-contenidos\/37-jazzebre-2025\/"},"img":{"alt_text":"Na\u00efssam Jalal \u00abHealing Rituals\u00bb (37 Jazz\u00e8bre 2025 \/ Cin\u00e9-Th\u00e9\u00e2tre Le Vauban, 2025-09-27 \/ Port-Vendres -France-) Por Joan Cort\u00e8s [INSTANTZZ AKA Galer\u00eda fotogr\u00e1fica AKA Fotoblog de jazz, impro\u2026 y algo m\u00e1s] - Tomajazz - Na\u00efssam Jalal \u00abHealing Rituals\u00bb actu\u00f3 en el 37 Jazz\u00e8bre 2025 en Port-Vendres -Francia. Joan Cort\u00e8s lo retrata en INSTANTZZ. Actuaron Na\u00efssam Jalal, flauta, nay, voz y composiciones \nCl\u00e9ment Petit, violoncello\nClaude Tchamitchian, contrabajo\nZaza Desiderio\n","src":"https:\/\/i0.wp.com\/tomajazz.com\/web\/wp-content\/uploads\/2025\/10\/10-Nssm-Jll-Joan-Cortes-29stm25-37Jzzbr-Prt-Vndrs.jpg?resize=350%2C200&ssl=1","width":350,"height":200,"srcset":"https:\/\/i0.wp.com\/tomajazz.com\/web\/wp-content\/uploads\/2025\/10\/10-Nssm-Jll-Joan-Cortes-29stm25-37Jzzbr-Prt-Vndrs.jpg?resize=350%2C200&ssl=1 1x, https:\/\/i0.wp.com\/tomajazz.com\/web\/wp-content\/uploads\/2025\/10\/10-Nssm-Jll-Joan-Cortes-29stm25-37Jzzbr-Prt-Vndrs.jpg?resize=525%2C300&ssl=1 1.5x"},"classes":[]}],"_links":{"self":[{"href":"https:\/\/tomajazz.com\/web\/wp-json\/wp\/v2\/posts\/96647","targetHints":{"allow":["GET"]}}],"collection":[{"href":"https:\/\/tomajazz.com\/web\/wp-json\/wp\/v2\/posts"}],"about":[{"href":"https:\/\/tomajazz.com\/web\/wp-json\/wp\/v2\/types\/post"}],"author":[{"embeddable":true,"href":"https:\/\/tomajazz.com\/web\/wp-json\/wp\/v2\/users\/1"}],"replies":[{"embeddable":true,"href":"https:\/\/tomajazz.com\/web\/wp-json\/wp\/v2\/comments?post=96647"}],"version-history":[{"count":1,"href":"https:\/\/tomajazz.com\/web\/wp-json\/wp\/v2\/posts\/96647\/revisions"}],"predecessor-version":[{"id":96659,"href":"https:\/\/tomajazz.com\/web\/wp-json\/wp\/v2\/posts\/96647\/revisions\/96659"}],"wp:featuredmedia":[{"embeddable":true,"href":"https:\/\/tomajazz.com\/web\/wp-json\/wp\/v2\/media\/96658"}],"wp:attachment":[{"href":"https:\/\/tomajazz.com\/web\/wp-json\/wp\/v2\/media?parent=96647"}],"wp:term":[{"taxonomy":"category","embeddable":true,"href":"https:\/\/tomajazz.com\/web\/wp-json\/wp\/v2\/categories?post=96647"},{"taxonomy":"post_tag","embeddable":true,"href":"https:\/\/tomajazz.com\/web\/wp-json\/wp\/v2\/tags?post=96647"}],"curies":[{"name":"wp","href":"https:\/\/api.w.org\/{rel}","templated":true}]}}