{"id":96698,"date":"2025-06-24T12:30:58","date_gmt":"2025-06-24T10:30:58","guid":{"rendered":"https:\/\/tomajazz.com\/web\/?p=96698"},"modified":"2025-07-05T14:54:47","modified_gmt":"2025-07-05T12:54:47","slug":"zsofia-boros-trygve-seim-lac-2025","status":"publish","type":"post","link":"https:\/\/tomajazz.com\/web\/zsofia-boros-trygve-seim-lac-2025\/","title":{"rendered":"Zs\u00f3fia Boros &#038; Trygve Seim (LAC-Laboratori d\u2019Arts Contemplatives- \/ Can Bordoi, 25-mayo-2025, Llinars del Vall\u00e8s -Barcelona-) [2] Por Joan Cort\u00e8s [INSTANTZZ AKA Galer\u00eda fotogr\u00e1fica AKA Fotoblog de jazz, impro\u2026 y algo m\u00e1s]"},"content":{"rendered":"<h3>Zs\u00f3fia Boros &amp; Trygve Seim<\/h3>\n<h3>LAC-Laboratori d\u2019Arts Contemplatives-, Can Bordoi (Llinars del Vall\u00e8s -Barcelona)<\/h3>\n<ul>\n<li>Fecha: Domingo, 25 de mayo de 2025<\/li>\n<li>Lugar: Casa Virupa, Can Bordoi (Llinars del Vall\u00e8s -Barcelona)<\/li>\n<li>Formaci\u00f3n:<br \/>\nZs\u00f3fia Boros, guitarra y ronroco<br \/>\nTrygve Seim, saxo y tenor<\/li>\n<\/ul>\n<p style=\"text-align: center;\"><img loading=\"lazy\" decoding=\"async\" class=\"aligncenter size-full wp-image-96703\" title=\"Zs\u00f3fia Boros &amp; Trygve Seim (LAC-Laboratori d\u2019Arts Contemplatives- \/ Can Bordoi, 25-mayo-2025, Llinars del Vall\u00e8s -Barcelona-) [2] Por Joan Cort\u00e8s [INSTANTZZ AKA Galer\u00eda fotogr\u00e1fica AKA Fotoblog de jazz, impro\u2026 y algo m\u00e1s] Tomajazz 01 Zsf Brs Tryg Sm \u00a9Joan Cort\u00e8s 25mg25 LrC Cn Brd LLdV\" src=\"https:\/\/tomajazz.com\/web\/wp-content\/uploads\/2025\/06\/01-Zsf-Brs-Tryg-Sm-\u00a9Joan-Cortes-25mg25-LrC-Cn-Brd-LLdV.jpg\" alt=\"Zs\u00f3fia Boros &amp; Trygve Seim (LAC-Laboratori d\u2019Arts Contemplatives- \/ Can Bordoi, 25-mayo-2025, Llinars del Vall\u00e8s -Barcelona-) [2] Por Joan Cort\u00e8s [INSTANTZZ AKA Galer\u00eda fotogr\u00e1fica AKA Fotoblog de jazz, impro\u2026 y algo m\u00e1s] - Tomajazz - Zs\u00f3fia Boros &amp; Trygve Seim actuaron en LAC-Laboratori d\u2019Arts Contemplatives- en Llinars del Vall\u00e8s -Barcelona-, el 25 de mayo de 2025, ) [2] Por Joan Cort\u00e8s [INSTANTZZ AKA Galer\u00eda fotogr\u00e1fica AKA Fotoblog de jazz, impro\u2026 y algo m\u00e1s]\" width=\"600\" height=\"400\" srcset=\"https:\/\/tomajazz.com\/web\/wp-content\/uploads\/2025\/06\/01-Zsf-Brs-Tryg-Sm-\u00a9Joan-Cortes-25mg25-LrC-Cn-Brd-LLdV.jpg 600w, https:\/\/tomajazz.com\/web\/wp-content\/uploads\/2025\/06\/01-Zsf-Brs-Tryg-Sm-\u00a9Joan-Cortes-25mg25-LrC-Cn-Brd-LLdV-300x200.jpg 300w, https:\/\/tomajazz.com\/web\/wp-content\/uploads\/2025\/06\/01-Zsf-Brs-Tryg-Sm-\u00a9Joan-Cortes-25mg25-LrC-Cn-Brd-LLdV-465x310.jpg 465w\" sizes=\"auto, (max-width: 600px) 100vw, 600px\" \/><\/p>\n<p><img loading=\"lazy\" decoding=\"async\" class=\"aligncenter size-large wp-image-96704\" title=\"Zs\u00f3fia Boros &amp; Trygve Seim (LAC-Laboratori d\u2019Arts Contemplatives- \/ Can Bordoi, 25-mayo-2025, Llinars del Vall\u00e8s -Barcelona-) [2] Por Joan Cort\u00e8s [INSTANTZZ AKA Galer\u00eda fotogr\u00e1fica AKA Fotoblog de jazz, impro\u2026 y algo m\u00e1s] Tomajazz 02 Zsf Brs Tryg Sm \u00a9Joan Cort\u00e8s 25mg25 LrC Cn Brd LLdV\" src=\"https:\/\/tomajazz.com\/web\/wp-content\/uploads\/2025\/06\/02-Zsf-Brs-Tryg-Sm-\u00a9Joan-Cortes-25mg25-LrC-Cn-Brd-LLdV.jpg\" alt=\"Zs\u00f3fia Boros &amp; Trygve Seim (LAC-Laboratori d\u2019Arts Contemplatives- \/ Can Bordoi, 25-mayo-2025, Llinars del Vall\u00e8s -Barcelona-) [2] Por Joan Cort\u00e8s [INSTANTZZ AKA Galer\u00eda fotogr\u00e1fica AKA Fotoblog de jazz, impro\u2026 y algo m\u00e1s] - Tomajazz - Zs\u00f3fia Boros &amp; Trygve Seim actuaron en LAC-Laboratori d\u2019Arts Contemplatives- en Llinars del Vall\u00e8s -Barcelona-, el 25 de mayo de 2025, ) [2] Por Joan Cort\u00e8s [INSTANTZZ AKA Galer\u00eda fotogr\u00e1fica AKA Fotoblog de jazz, impro\u2026 y algo m\u00e1s]\" width=\"400\" height=\"600\" srcset=\"https:\/\/tomajazz.com\/web\/wp-content\/uploads\/2025\/06\/02-Zsf-Brs-Tryg-Sm-\u00a9Joan-Cortes-25mg25-LrC-Cn-Brd-LLdV.jpg 400w, https:\/\/tomajazz.com\/web\/wp-content\/uploads\/2025\/06\/02-Zsf-Brs-Tryg-Sm-\u00a9Joan-Cortes-25mg25-LrC-Cn-Brd-LLdV-200x300.jpg 200w, https:\/\/tomajazz.com\/web\/wp-content\/uploads\/2025\/06\/02-Zsf-Brs-Tryg-Sm-\u00a9Joan-Cortes-25mg25-LrC-Cn-Brd-LLdV-367x550.jpg 367w, https:\/\/tomajazz.com\/web\/wp-content\/uploads\/2025\/06\/02-Zsf-Brs-Tryg-Sm-\u00a9Joan-Cortes-25mg25-LrC-Cn-Brd-LLdV-333x500.jpg 333w\" sizes=\"auto, (max-width: 400px) 100vw, 400px\" \/><\/p>\n<p><img loading=\"lazy\" decoding=\"async\" class=\"aligncenter size-large wp-image-96705\" title=\"Zs\u00f3fia Boros &amp; Trygve Seim (LAC-Laboratori d\u2019Arts Contemplatives- \/ Can Bordoi, 25-mayo-2025, Llinars del Vall\u00e8s -Barcelona-) [2] Por Joan Cort\u00e8s [INSTANTZZ AKA Galer\u00eda fotogr\u00e1fica AKA Fotoblog de jazz, impro\u2026 y algo m\u00e1s] Tomajazz 03 Zsf Brs Tryg Sm \u00a9Joan Cort\u00e8s 25mg25 LrC Cn Brd LLdV\" src=\"https:\/\/tomajazz.com\/web\/wp-content\/uploads\/2025\/06\/03-Zsf-Brs-Tryg-Sm-\u00a9Joan-Cortes-25mg25-LrC-Cn-Brd-LLdV.jpg\" alt=\"Zs\u00f3fia Boros &amp; Trygve Seim (LAC-Laboratori d\u2019Arts Contemplatives- \/ Can Bordoi, 25-mayo-2025, Llinars del Vall\u00e8s -Barcelona-) [2] Por Joan Cort\u00e8s [INSTANTZZ AKA Galer\u00eda fotogr\u00e1fica AKA Fotoblog de jazz, impro\u2026 y algo m\u00e1s] - Tomajazz - Zs\u00f3fia Boros &amp; Trygve Seim actuaron en LAC-Laboratori d\u2019Arts Contemplatives- en Llinars del Vall\u00e8s -Barcelona-, el 25 de mayo de 2025. Joan Cort\u00e8s los retrata en INSTANTZZ\" width=\"600\" height=\"400\" srcset=\"https:\/\/tomajazz.com\/web\/wp-content\/uploads\/2025\/06\/03-Zsf-Brs-Tryg-Sm-\u00a9Joan-Cortes-25mg25-LrC-Cn-Brd-LLdV.jpg 600w, https:\/\/tomajazz.com\/web\/wp-content\/uploads\/2025\/06\/03-Zsf-Brs-Tryg-Sm-\u00a9Joan-Cortes-25mg25-LrC-Cn-Brd-LLdV-300x200.jpg 300w, https:\/\/tomajazz.com\/web\/wp-content\/uploads\/2025\/06\/03-Zsf-Brs-Tryg-Sm-\u00a9Joan-Cortes-25mg25-LrC-Cn-Brd-LLdV-465x310.jpg 465w\" sizes=\"auto, (max-width: 600px) 100vw, 600px\" \/><\/p>\n<p><img loading=\"lazy\" decoding=\"async\" class=\"aligncenter size-large wp-image-96706\" title=\"Zs\u00f3fia Boros &amp; Trygve Seim (LAC-Laboratori d\u2019Arts Contemplatives- \/ Can Bordoi, 25-mayo-2025, Llinars del Vall\u00e8s -Barcelona-) [2] Por Joan Cort\u00e8s [INSTANTZZ AKA Galer\u00eda fotogr\u00e1fica AKA Fotoblog de jazz, impro\u2026 y algo m\u00e1s] Tomajazz 04 Zsf Brs Tryg Sm \u00a9Joan Cort\u00e8s 25mg25 LrC Cn Brd LLdV\" src=\"https:\/\/tomajazz.com\/web\/wp-content\/uploads\/2025\/06\/04-Zsf-Brs-Tryg-Sm-\u00a9Joan-Cortes-25mg25-LrC-Cn-Brd-LLdV.jpg\" alt=\"Zs\u00f3fia Boros &amp; Trygve Seim (LAC-Laboratori d\u2019Arts Contemplatives- \/ Can Bordoi, 25-mayo-2025, Llinars del Vall\u00e8s -Barcelona-) [2] Por Joan Cort\u00e8s [INSTANTZZ AKA Galer\u00eda fotogr\u00e1fica AKA Fotoblog de jazz, impro\u2026 y algo m\u00e1s] - Tomajazz - Zs\u00f3fia Boros &amp; Trygve Seim actuaron en LAC-Laboratori d\u2019Arts Contemplatives- en Llinars del Vall\u00e8s -Barcelona-, el 25 de mayo de 2025. Joan Cort\u00e8s los retrata en INSTANTZZ\" width=\"600\" height=\"400\" srcset=\"https:\/\/tomajazz.com\/web\/wp-content\/uploads\/2025\/06\/04-Zsf-Brs-Tryg-Sm-\u00a9Joan-Cortes-25mg25-LrC-Cn-Brd-LLdV.jpg 600w, https:\/\/tomajazz.com\/web\/wp-content\/uploads\/2025\/06\/04-Zsf-Brs-Tryg-Sm-\u00a9Joan-Cortes-25mg25-LrC-Cn-Brd-LLdV-300x200.jpg 300w, https:\/\/tomajazz.com\/web\/wp-content\/uploads\/2025\/06\/04-Zsf-Brs-Tryg-Sm-\u00a9Joan-Cortes-25mg25-LrC-Cn-Brd-LLdV-465x310.jpg 465w\" sizes=\"auto, (max-width: 600px) 100vw, 600px\" \/><\/p>\n<p><img loading=\"lazy\" decoding=\"async\" class=\"aligncenter size-large wp-image-96707\" title=\"Zs\u00f3fia Boros &amp; Trygve Seim (LAC-Laboratori d\u2019Arts Contemplatives- \/ Can Bordoi, 25-mayo-2025, Llinars del Vall\u00e8s -Barcelona-) [2] Por Joan Cort\u00e8s [INSTANTZZ AKA Galer\u00eda fotogr\u00e1fica AKA Fotoblog de jazz, impro\u2026 y algo m\u00e1s] Tomajazz 05 Zsf Brs Tryg Sm \u00a9Joan Cort\u00e8s 25mg25 LrC Cn Brd LLdV\" src=\"https:\/\/tomajazz.com\/web\/wp-content\/uploads\/2025\/06\/05-Zsf-Brs-Tryg-Sm-\u00a9Joan-Cortes-25mg25-LrC-Cn-Brd-LLdV.jpg\" alt=\"Zs\u00f3fia Boros &amp; Trygve Seim (LAC-Laboratori d\u2019Arts Contemplatives- \/ Can Bordoi, 25-mayo-2025, Llinars del Vall\u00e8s -Barcelona-) [2] Por Joan Cort\u00e8s [INSTANTZZ AKA Galer\u00eda fotogr\u00e1fica AKA Fotoblog de jazz, impro\u2026 y algo m\u00e1s] - Tomajazz - Zs\u00f3fia Boros &amp; Trygve Seim actuaron en LAC-Laboratori d\u2019Arts Contemplatives- en Llinars del Vall\u00e8s -Barcelona-, el 25 de mayo de 2025. Joan Cort\u00e8s los retrata en INSTANTZZ\" width=\"400\" height=\"600\" srcset=\"https:\/\/tomajazz.com\/web\/wp-content\/uploads\/2025\/06\/05-Zsf-Brs-Tryg-Sm-\u00a9Joan-Cortes-25mg25-LrC-Cn-Brd-LLdV.jpg 400w, https:\/\/tomajazz.com\/web\/wp-content\/uploads\/2025\/06\/05-Zsf-Brs-Tryg-Sm-\u00a9Joan-Cortes-25mg25-LrC-Cn-Brd-LLdV-200x300.jpg 200w, https:\/\/tomajazz.com\/web\/wp-content\/uploads\/2025\/06\/05-Zsf-Brs-Tryg-Sm-\u00a9Joan-Cortes-25mg25-LrC-Cn-Brd-LLdV-367x550.jpg 367w, https:\/\/tomajazz.com\/web\/wp-content\/uploads\/2025\/06\/05-Zsf-Brs-Tryg-Sm-\u00a9Joan-Cortes-25mg25-LrC-Cn-Brd-LLdV-333x500.jpg 333w\" sizes=\"auto, (max-width: 400px) 100vw, 400px\" \/><\/p>\n<p><img loading=\"lazy\" decoding=\"async\" class=\"aligncenter size-large wp-image-96708\" title=\"Zs\u00f3fia Boros &amp; Trygve Seim (LAC-Laboratori d\u2019Arts Contemplatives- \/ Can Bordoi, 25-mayo-2025, Llinars del Vall\u00e8s -Barcelona-) [2] Por Joan Cort\u00e8s [INSTANTZZ AKA Galer\u00eda fotogr\u00e1fica AKA Fotoblog de jazz, impro\u2026 y algo m\u00e1s] Tomajazz 06 Zsf Brs Tryg Sm \u00a9Joan Cort\u00e8s 25mg25 LrC Cn Brd LLdV\" src=\"https:\/\/tomajazz.com\/web\/wp-content\/uploads\/2025\/06\/06-Zsf-Brs-Tryg-Sm-\u00a9Joan-Cortes-25mg25-LrC-Cn-Brd-LLdV.jpg\" alt=\"Zs\u00f3fia Boros &amp; Trygve Seim (LAC-Laboratori d\u2019Arts Contemplatives- \/ Can Bordoi, 25-mayo-2025, Llinars del Vall\u00e8s -Barcelona-) [2] Por Joan Cort\u00e8s [INSTANTZZ AKA Galer\u00eda fotogr\u00e1fica AKA Fotoblog de jazz, impro\u2026 y algo m\u00e1s] - Tomajazz - Zs\u00f3fia Boros &amp; Trygve Seim actuaron en LAC-Laboratori d\u2019Arts Contemplatives- en Llinars del Vall\u00e8s -Barcelona-, el 25 de mayo de 2025. Joan Cort\u00e8s los retrata en INSTANTZZ\" width=\"400\" height=\"600\" srcset=\"https:\/\/tomajazz.com\/web\/wp-content\/uploads\/2025\/06\/06-Zsf-Brs-Tryg-Sm-\u00a9Joan-Cortes-25mg25-LrC-Cn-Brd-LLdV.jpg 400w, https:\/\/tomajazz.com\/web\/wp-content\/uploads\/2025\/06\/06-Zsf-Brs-Tryg-Sm-\u00a9Joan-Cortes-25mg25-LrC-Cn-Brd-LLdV-200x300.jpg 200w, https:\/\/tomajazz.com\/web\/wp-content\/uploads\/2025\/06\/06-Zsf-Brs-Tryg-Sm-\u00a9Joan-Cortes-25mg25-LrC-Cn-Brd-LLdV-367x550.jpg 367w, https:\/\/tomajazz.com\/web\/wp-content\/uploads\/2025\/06\/06-Zsf-Brs-Tryg-Sm-\u00a9Joan-Cortes-25mg25-LrC-Cn-Brd-LLdV-333x500.jpg 333w\" sizes=\"auto, (max-width: 400px) 100vw, 400px\" \/><\/p>\n<p><img loading=\"lazy\" decoding=\"async\" class=\"aligncenter size-large wp-image-96709\" title=\"Zs\u00f3fia Boros &amp; Trygve Seim (LAC-Laboratori d\u2019Arts Contemplatives- \/ Can Bordoi, 25-mayo-2025, Llinars del Vall\u00e8s -Barcelona-) [2] Por Joan Cort\u00e8s [INSTANTZZ AKA Galer\u00eda fotogr\u00e1fica AKA Fotoblog de jazz, impro\u2026 y algo m\u00e1s] Tomajazz 07 Zsf Brs Tryg Sm \u00a9Joan Cort\u00e8s 25mg25 LrC Cn Brd LLdV\" src=\"https:\/\/tomajazz.com\/web\/wp-content\/uploads\/2025\/06\/07-Zsf-Brs-Tryg-Sm-\u00a9Joan-Cortes-25mg25-LrC-Cn-Brd-LLdV.jpg\" alt=\"Zs\u00f3fia Boros &amp; Trygve Seim (LAC-Laboratori d\u2019Arts Contemplatives- \/ Can Bordoi, 25-mayo-2025, Llinars del Vall\u00e8s -Barcelona-) [2] Por Joan Cort\u00e8s [INSTANTZZ AKA Galer\u00eda fotogr\u00e1fica AKA Fotoblog de jazz, impro\u2026 y algo m\u00e1s] - Tomajazz - Zs\u00f3fia Boros &amp; Trygve Seim actuaron en LAC-Laboratori d\u2019Arts Contemplatives- en Llinars del Vall\u00e8s -Barcelona-, el 25 de mayo de 2025. Joan Cort\u00e8s los retrata en INSTANTZZ\" width=\"600\" height=\"400\" srcset=\"https:\/\/tomajazz.com\/web\/wp-content\/uploads\/2025\/06\/07-Zsf-Brs-Tryg-Sm-\u00a9Joan-Cortes-25mg25-LrC-Cn-Brd-LLdV.jpg 600w, https:\/\/tomajazz.com\/web\/wp-content\/uploads\/2025\/06\/07-Zsf-Brs-Tryg-Sm-\u00a9Joan-Cortes-25mg25-LrC-Cn-Brd-LLdV-300x200.jpg 300w, https:\/\/tomajazz.com\/web\/wp-content\/uploads\/2025\/06\/07-Zsf-Brs-Tryg-Sm-\u00a9Joan-Cortes-25mg25-LrC-Cn-Brd-LLdV-465x310.jpg 465w\" sizes=\"auto, (max-width: 600px) 100vw, 600px\" \/><\/p>\n<p><img loading=\"lazy\" decoding=\"async\" class=\"aligncenter size-large wp-image-96710\" title=\"Zs\u00f3fia Boros &amp; Trygve Seim (LAC-Laboratori d\u2019Arts Contemplatives- \/ Can Bordoi, 25-mayo-2025, Llinars del Vall\u00e8s -Barcelona-) [2] Por Joan Cort\u00e8s [INSTANTZZ AKA Galer\u00eda fotogr\u00e1fica AKA Fotoblog de jazz, impro\u2026 y algo m\u00e1s] Tomajazz 08 Zsf Brs Tryg Sm \u00a9Joan Cort\u00e8s 25mg25 LrC Cn Brd LLdV\" src=\"https:\/\/tomajazz.com\/web\/wp-content\/uploads\/2025\/06\/08-Zsf-Brs-Tryg-Sm-\u00a9Joan-Cortes-25mg25-LrC-Cn-Brd-LLdV.jpg\" alt=\"Zs\u00f3fia Boros &amp; Trygve Seim (LAC-Laboratori d\u2019Arts Contemplatives- \/ Can Bordoi, 25-mayo-2025, Llinars del Vall\u00e8s -Barcelona-) [2] Por Joan Cort\u00e8s [INSTANTZZ AKA Galer\u00eda fotogr\u00e1fica AKA Fotoblog de jazz, impro\u2026 y algo m\u00e1s] - Tomajazz - Zs\u00f3fia Boros &amp; Trygve Seim actuaron en LAC-Laboratori d\u2019Arts Contemplatives- en Llinars del Vall\u00e8s -Barcelona-, el 25 de mayo de 2025. Joan Cort\u00e8s los retrata en INSTANTZZ\" width=\"400\" height=\"600\" srcset=\"https:\/\/tomajazz.com\/web\/wp-content\/uploads\/2025\/06\/08-Zsf-Brs-Tryg-Sm-\u00a9Joan-Cortes-25mg25-LrC-Cn-Brd-LLdV.jpg 400w, https:\/\/tomajazz.com\/web\/wp-content\/uploads\/2025\/06\/08-Zsf-Brs-Tryg-Sm-\u00a9Joan-Cortes-25mg25-LrC-Cn-Brd-LLdV-200x300.jpg 200w, https:\/\/tomajazz.com\/web\/wp-content\/uploads\/2025\/06\/08-Zsf-Brs-Tryg-Sm-\u00a9Joan-Cortes-25mg25-LrC-Cn-Brd-LLdV-367x550.jpg 367w, https:\/\/tomajazz.com\/web\/wp-content\/uploads\/2025\/06\/08-Zsf-Brs-Tryg-Sm-\u00a9Joan-Cortes-25mg25-LrC-Cn-Brd-LLdV-333x500.jpg 333w\" sizes=\"auto, (max-width: 400px) 100vw, 400px\" \/><\/p>\n<p><img loading=\"lazy\" decoding=\"async\" class=\"aligncenter size-large wp-image-96711\" title=\"Zs\u00f3fia Boros &amp; Trygve Seim (LAC-Laboratori d\u2019Arts Contemplatives- \/ Can Bordoi, 25-mayo-2025, Llinars del Vall\u00e8s -Barcelona-) [2] Por Joan Cort\u00e8s [INSTANTZZ AKA Galer\u00eda fotogr\u00e1fica AKA Fotoblog de jazz, impro\u2026 y algo m\u00e1s] Tomajazz 09 Zsf Brs Tryg Sm \u00a9Joan Cort\u00e8s 25mg25 LrC Cn Brd LLdV\" src=\"https:\/\/tomajazz.com\/web\/wp-content\/uploads\/2025\/06\/09-Zsf-Brs-Tryg-Sm-\u00a9Joan-Cortes-25mg25-LrC-Cn-Brd-LLdV.jpg\" alt=\"Zs\u00f3fia Boros &amp; Trygve Seim (LAC-Laboratori d\u2019Arts Contemplatives- \/ Can Bordoi, 25-mayo-2025, Llinars del Vall\u00e8s -Barcelona-) [2] Por Joan Cort\u00e8s [INSTANTZZ AKA Galer\u00eda fotogr\u00e1fica AKA Fotoblog de jazz, impro\u2026 y algo m\u00e1s] - Tomajazz - Zs\u00f3fia Boros &amp; Trygve Seim actuaron en LAC-Laboratori d\u2019Arts Contemplatives- en Llinars del Vall\u00e8s -Barcelona-, el 25 de mayo de 2025. Joan Cort\u00e8s los retrata en INSTANTZZ\" width=\"400\" height=\"600\" srcset=\"https:\/\/tomajazz.com\/web\/wp-content\/uploads\/2025\/06\/09-Zsf-Brs-Tryg-Sm-\u00a9Joan-Cortes-25mg25-LrC-Cn-Brd-LLdV.jpg 400w, https:\/\/tomajazz.com\/web\/wp-content\/uploads\/2025\/06\/09-Zsf-Brs-Tryg-Sm-\u00a9Joan-Cortes-25mg25-LrC-Cn-Brd-LLdV-200x300.jpg 200w, https:\/\/tomajazz.com\/web\/wp-content\/uploads\/2025\/06\/09-Zsf-Brs-Tryg-Sm-\u00a9Joan-Cortes-25mg25-LrC-Cn-Brd-LLdV-367x550.jpg 367w, https:\/\/tomajazz.com\/web\/wp-content\/uploads\/2025\/06\/09-Zsf-Brs-Tryg-Sm-\u00a9Joan-Cortes-25mg25-LrC-Cn-Brd-LLdV-333x500.jpg 333w\" sizes=\"auto, (max-width: 400px) 100vw, 400px\" \/><\/p>\n<p><img loading=\"lazy\" decoding=\"async\" class=\"aligncenter size-large wp-image-96712\" title=\"Zs\u00f3fia Boros &amp; Trygve Seim (LAC-Laboratori d\u2019Arts Contemplatives- \/ Can Bordoi, 25-mayo-2025, Llinars del Vall\u00e8s -Barcelona-) [2] Por Joan Cort\u00e8s [INSTANTZZ AKA Galer\u00eda fotogr\u00e1fica AKA Fotoblog de jazz, impro\u2026 y algo m\u00e1s] Tomajazz 10 Zsf Brs Tryg Sm \u00a9Joan Cort\u00e8s 25mg25 LrC Cn Brd LLdV\" src=\"https:\/\/tomajazz.com\/web\/wp-content\/uploads\/2025\/06\/10-Zsf-Brs-Tryg-Sm-\u00a9Joan-Cortes-25mg25-LrC-Cn-Brd-LLdV.jpg\" alt=\"Zs\u00f3fia Boros &amp; Trygve Seim (LAC-Laboratori d\u2019Arts Contemplatives- \/ Can Bordoi, 25-mayo-2025, Llinars del Vall\u00e8s -Barcelona-) [2] Por Joan Cort\u00e8s [INSTANTZZ AKA Galer\u00eda fotogr\u00e1fica AKA Fotoblog de jazz, impro\u2026 y algo m\u00e1s] - Tomajazz - Zs\u00f3fia Boros &amp; Trygve Seim actuaron en LAC-Laboratori d\u2019Arts Contemplatives- en Llinars del Vall\u00e8s -Barcelona-, el 25 de mayo de 2025. Joan Cort\u00e8s los retrata en INSTANTZZ\" width=\"600\" height=\"400\" srcset=\"https:\/\/tomajazz.com\/web\/wp-content\/uploads\/2025\/06\/10-Zsf-Brs-Tryg-Sm-\u00a9Joan-Cortes-25mg25-LrC-Cn-Brd-LLdV.jpg 600w, https:\/\/tomajazz.com\/web\/wp-content\/uploads\/2025\/06\/10-Zsf-Brs-Tryg-Sm-\u00a9Joan-Cortes-25mg25-LrC-Cn-Brd-LLdV-300x200.jpg 300w, https:\/\/tomajazz.com\/web\/wp-content\/uploads\/2025\/06\/10-Zsf-Brs-Tryg-Sm-\u00a9Joan-Cortes-25mg25-LrC-Cn-Brd-LLdV-465x310.jpg 465w\" sizes=\"auto, (max-width: 600px) 100vw, 600px\" \/><\/p>\n<p style=\"text-align: right;\">Tomajazz: Fotograf\u00edas: \u00a9 <a href=\"https:\/\/www.facebook.com\/joan.cortesbenages\" target=\"_blank\" rel=\"noopener\"><strong>Joan Cort\u00e8s<\/strong><\/a>, 2025<\/p>\n<h3>M\u00e1s informaci\u00f3n sobre\u00a0Zs\u00f3fia Boros &amp; Trygve Seim<\/h3>\n<p><a href=\"https:\/\/www.zsofia-boros.com\/\" target=\"_blank\" rel=\"noopener\">https:\/\/www.zsofia-boros.com\/<\/a><\/p>\n<p><a href=\"http:\/\/www.trygveseim.com\/\" target=\"_blank\" rel=\"noopener\">http:\/\/www.trygveseim.com\/<\/a><\/p>\n<p><a href=\"https:\/\/tomajazz.com\/web\/?s=trygve+seim&amp;submit=Search\" target=\"_blank\" rel=\"noopener\">https:\/\/tomajazz.com\/web\/?s=trygve+seim&amp;submit=Search<\/a><\/p>\n<p><a href=\"https:\/\/tomajazz.com\/web\/?s=zsofia+boros&amp;submit=Search\" target=\"_blank\" rel=\"noopener\">https:\/\/tomajazz.com\/web\/?s=zsofia+boros&amp;submit=Search<\/a><\/p>\n<h3>LAC-Laboratori d\u2019Arts Contemplatives- 2025 en Tomajazz<\/h3>\n<blockquote class=\"wp-embedded-content\" data-secret=\"FaXfwdDBwV\"><p><a href=\"https:\/\/tomajazz.com\/web\/anja-lechner-lac-llinars-del-valles-2025\/\">Anja Lechner \u201cBach-Abel-Hume\u201d (LAC-Laboratori d\u2019Arts Contemplatives- \/ Can Bordoi, 25-mayo-2025, Llinars del Vall\u00e8s -Barcelona-) [1] Por Joan Cort\u00e8s [INSTANTZZ AKA Galer\u00eda fotogr\u00e1fica AKA Fotoblog de jazz, impro\u2026 y algo m\u00e1s]<\/a><\/p><\/blockquote>\n<p><iframe loading=\"lazy\" class=\"wp-embedded-content\" sandbox=\"allow-scripts\" security=\"restricted\" style=\"position: absolute; visibility: hidden;\" title=\"\u00abAnja Lechner \u201cBach-Abel-Hume\u201d (LAC-Laboratori d\u2019Arts Contemplatives- \/ Can Bordoi, 25-mayo-2025, Llinars del Vall\u00e8s -Barcelona-) [1] Por Joan Cort\u00e8s [INSTANTZZ AKA Galer\u00eda fotogr\u00e1fica AKA Fotoblog de jazz, impro\u2026 y algo m\u00e1s]\u00bb \u2014 Tomajazz\" src=\"https:\/\/tomajazz.com\/web\/anja-lechner-lac-llinars-del-valles-2025\/embed\/#?secret=iFAk7FgBEG#?secret=FaXfwdDBwV\" data-secret=\"FaXfwdDBwV\" width=\"600\" height=\"338\" frameborder=\"0\" marginwidth=\"0\" marginheight=\"0\" scrolling=\"no\"><\/iframe><\/p>\n<h3>Joan Cort\u00e8s en Tomajazz<\/h3>\n<p><a href=\"https:\/\/tomajazz.com\/web\/?cat=17853\" target=\"_blank\" rel=\"noopener\">https:\/\/tomajazz.com\/web\/?cat=17853<\/a><\/p>\n","protected":false},"excerpt":{"rendered":"<p>Zs\u00f3fia Boros &#038; Trygve Seim actuaron en LAC-Laboratori d\u2019Arts Contemplatives- en Llinars del Vall\u00e8s -Barcelona-, el 25 de mayo de 2025. Joan Cort\u00e8s los retrata en INSTANTZZ<span class=\"more-link\"><a href=\"https:\/\/tomajazz.com\/web\/zsofia-boros-trygve-seim-lac-2025\/\">Contin\u00faa leyendo<\/a><\/span><\/p>\n","protected":false},"author":1,"featured_media":96713,"comment_status":"open","ping_status":"closed","sticky":false,"template":"","format":"standard","meta":{"_jetpack_newsletter_access":"","_jetpack_dont_email_post_to_subs":false,"_jetpack_newsletter_tier_id":0,"_jetpack_memberships_contains_paywalled_content":false,"_jetpack_feature_clip_id":0,"_jetpack_memberships_contains_paid_content":false,"footnotes":"","jetpack_post_was_ever_published":false},"categories":[32249,17853,11262,15516,11261,1038],"tags":[12409,32208,32207],"class_list":["entry","author-pachi","has-excerpt","post-96698","post","type-post","status-publish","format-standard","has-post-thumbnail","category-lac-laboratori-darts-contemplatives-2025","category-joan-cortes","category-photoblogs","category-imagenes","category-instantzz","category-contenidos","tag-trygve-seim","tag-zsofia-boros","tag-zsofia-boros-trygve-seim"],"jetpack_likes_enabled":true,"jetpack_sharing_enabled":true,"jetpack-related-posts":[{"id":97055,"url":"https:\/\/tomajazz.com\/web\/shai-maestro-raul-da-costa-nik-bartsch-lac-2025\/","url_meta":{"origin":96698,"position":0},"title":"Shai Maestro-Ra\u00fal Da Costa-NIk B\u00e4rtsch -pianos solos- (LAC-Laboratori d\u2019Arts Contemplatives- \/ Can Bordoi, 25-mayo-2025, Llinars del Vall\u00e8s -Barcelona-) [y 3] Por Joan Cort\u00e8s [INSTANTZZ AKA Galer\u00eda fotogr\u00e1fica AKA Fotoblog de jazz, impro\u2026 y algo m\u00e1s]","author":"Tomajazz","date":"5 julio, 2025","format":false,"excerpt":"Maestro-Da Costa-Bartsch -pianos solos- fueron el final sorpresa de LAC-Laboratori d\u2019Arts Contemplatives- en Can Bordoi, Llinars del Vall\u00e8s -Barcelona- el 25de mayo de 2025. Joan Cort\u00e8s los retrata en INSTANTZZ. Actuaron Shai Maestro, Ra\u00fal Da Costa, Nik B\u00e4rtsch","rel":"","context":"En \u00ab*_Joan Cort\u00e8s\u00bb","block_context":{"text":"*_Joan Cort\u00e8s","link":"https:\/\/tomajazz.com\/web\/category\/joan-cortes\/"},"img":{"alt_text":"Shai Maestro-Ra\u00fal Da Costa-NIk B\u00e4rtsch -pianos solos- (LAC-Laboratori d\u2019Arts Contemplatives- \/ Can Bordoi, 25-mayo-2025, Llinars del Vall\u00e8s -Barcelona-) [y 3] Por Joan Cort\u00e8s [INSTANTZZ AKA Galer\u00eda fotogr\u00e1fica AKA Fotoblog de jazz, impro\u2026 y algo m\u00e1s] - Tomajazz - Maestro-Da Costa-Bartsch -pianos solos- fueron el final sorpresa de LAC-Laboratori d\u2019Arts Contemplatives- en Can Bordoi, Llinars del Vall\u00e8s -Barcelona- el 25de mayo de 2025. Joan Cort\u00e8s los retrata en INSTANTZZ. Actuaron Shai Maestro, Ra\u00fal Da Costa, Nik B\u00e4rtsch\n","src":"https:\/\/i0.wp.com\/tomajazz.com\/web\/wp-content\/uploads\/2025\/07\/destacada-10-Mstr-D-Cst-Brtsch-Photo-By-Joan-Cortes-25mg25-LrC-Cn-Brd-LLd.jpg?resize=350%2C200&ssl=1","width":350,"height":200,"srcset":"https:\/\/i0.wp.com\/tomajazz.com\/web\/wp-content\/uploads\/2025\/07\/destacada-10-Mstr-D-Cst-Brtsch-Photo-By-Joan-Cortes-25mg25-LrC-Cn-Brd-LLd.jpg?resize=350%2C200&ssl=1 1x, https:\/\/i0.wp.com\/tomajazz.com\/web\/wp-content\/uploads\/2025\/07\/destacada-10-Mstr-D-Cst-Brtsch-Photo-By-Joan-Cortes-25mg25-LrC-Cn-Brd-LLd.jpg?resize=525%2C300&ssl=1 1.5x"},"classes":[]},{"id":96584,"url":"https:\/\/tomajazz.com\/web\/anja-lechner-lac-llinars-del-valles-2025\/","url_meta":{"origin":96698,"position":1},"title":"Anja Lechner \u201cBach-Abel-Hume\u201d (LAC-Laboratori d\u2019Arts Contemplatives- \/ Can Bordoi, 25-mayo-2025, Llinars del Vall\u00e8s -Barcelona-) [1] Por Joan Cort\u00e8s [INSTANTZZ AKA Galer\u00eda fotogr\u00e1fica AKA Fotoblog de jazz, impro\u2026 y algo m\u00e1s]","author":"Tomajazz","date":"17 junio, 2025","format":false,"excerpt":"Anja Lechner \u201cBach-Abel-Hume\u201d actu\u00f3 en LAC-Laboratori d\u2019Arts Contemplatives- en Llinars del Vall\u00e8s (Barcelona), el 25 de mayo de 2025. Joan Cort\u00e8s retrata a la chelista en INSTANTZZ","rel":"","context":"En \u00abLAC-Laboratori d\u2019Arts Contemplatives- 2025 (Llinars del Vall\u00e8s -Barcelona)\u00bb","block_context":{"text":"LAC-Laboratori d\u2019Arts Contemplatives- 2025 (Llinars del Vall\u00e8s -Barcelona)","link":"https:\/\/tomajazz.com\/web\/category\/contenidos\/especial-contenidos\/lac-laboratori-darts-contemplatives-2025\/"},"img":{"alt_text":"Anja Lechner \u201cBach-Abel-Hume\u201d (LAC-Laboratori d\u2019Arts Contemplatives- \/ Can Bordoi, 25-mayo-2025, Llinars del Vall\u00e8s -Barcelona-) Por Joan Cort\u00e8s [INSTANTZZ AKA Galer\u00eda fotogr\u00e1fica AKA Fotoblog de jazz, impro\u2026 y algo m\u00e1s] - Tomajazz - Anja Lechner \u201cBach-Abel-Hume\u201d actu\u00f3 en LAC-Laboratori d\u2019Arts Contemplatives- en Llinars del Vall\u00e8s (Barcelona), el 25 de mayo de 2025. Joan Cort\u00e8s retrata a la chelista en INSTANTZZ","src":"https:\/\/i0.wp.com\/tomajazz.com\/web\/wp-content\/uploads\/2025\/06\/destacada-03-nj-Lchner-Photo-By-Joan-Cortes-25mg25-LC-Cs-Vrp-Cn-Bord-Llnrs.jpg?resize=350%2C200&ssl=1","width":350,"height":200,"srcset":"https:\/\/i0.wp.com\/tomajazz.com\/web\/wp-content\/uploads\/2025\/06\/destacada-03-nj-Lchner-Photo-By-Joan-Cortes-25mg25-LC-Cs-Vrp-Cn-Bord-Llnrs.jpg?resize=350%2C200&ssl=1 1x, https:\/\/i0.wp.com\/tomajazz.com\/web\/wp-content\/uploads\/2025\/06\/destacada-03-nj-Lchner-Photo-By-Joan-Cortes-25mg25-LC-Cs-Vrp-Cn-Bord-Llnrs.jpg?resize=525%2C300&ssl=1 1.5x"},"classes":[]},{"id":104122,"url":"https:\/\/tomajazz.com\/web\/ney-quartet-lac-2026\/","url_meta":{"origin":96698,"position":2},"title":"Ney Quartet (LAC -Laboratori Arts Contemplatives-, Casa Virupa-Can Bordoi, 2026-01-10 \/ Llinars -Barcelona-) Por Joan Cort\u00e8s [INSTANTZZ AKA Galer\u00eda fotogr\u00e1fica AKA Fotoblog de jazz, impro\u2026 y algo m\u00e1s]","author":"Tomajazz","date":"22 febrero, 2026","format":false,"excerpt":"Ney Quartet actu\u00f3 en LAC -Laboratori Arts Contemplatives-, Casa Virupa-Can Bordoi, en Llinars -Barcelona-, el 10 de enero de 2026. Joan Cort\u00e8s lo retrata en INSTANTZZ. Con Christos Barbas, Nabil Na\u00efr, Pau Puig, Laia Puig","rel":"","context":"En \u00abINSTANTZZ\u00bb","block_context":{"text":"INSTANTZZ","link":"https:\/\/tomajazz.com\/web\/category\/contenidos\/imagenes\/photoblogs\/instantzz\/"},"img":{"alt_text":"Ney Quartet (LAC -Laboratori Arts Contemplatives-, Casa Virupa-Can Bordoi, 2026-01-10 \/ Llinars -Barcelona-) Por Joan Cort\u00e8s [INSTANTZZ AKA Galer\u00eda fotogr\u00e1fica AKA Fotoblog de jazz, impro\u2026 y algo m\u00e1s] - Tomajazz - Ney Quartet actu\u00f3 en LAC -Laboratori Arts Contemplatives-, Casa Virupa-Can Bordoi, en Llinars -Barcelona-, el 10 de enero de 2026. Joan Cort\u00e8s lo retrata en INSTANTZZ. Con Christos Barbas, Nabil Na\u00efr, Pau Puig, Laia Puig\n","src":"https:\/\/i0.wp.com\/tomajazz.com\/web\/wp-content\/uploads\/2026\/02\/destacada-10-Ny-4t-Photo-by-Joan-Cortes-10fbr26-LrC-CV-CB-Llnrs-.jpg?resize=350%2C200&ssl=1","width":350,"height":200,"srcset":"https:\/\/i0.wp.com\/tomajazz.com\/web\/wp-content\/uploads\/2026\/02\/destacada-10-Ny-4t-Photo-by-Joan-Cortes-10fbr26-LrC-CV-CB-Llnrs-.jpg?resize=350%2C200&ssl=1 1x, https:\/\/i0.wp.com\/tomajazz.com\/web\/wp-content\/uploads\/2026\/02\/destacada-10-Ny-4t-Photo-by-Joan-Cortes-10fbr26-LrC-CV-CB-Llnrs-.jpg?resize=525%2C300&ssl=1 1.5x"},"classes":[]},{"id":104256,"url":"https:\/\/tomajazz.com\/web\/manel-fortia-liberica-trio-lac-2026\/","url_meta":{"origin":96698,"position":3},"title":"Manel Forti\u00e0 Lib\u00e8rica Trio (LAC -Laboratori Arts Contemplatives-, Casa Virupa-Can Bordoi, 2026-01-18 \/ Llinars -Barcelona-) Por Joan Cort\u00e8s [INSTANTZZ AKA Galer\u00eda fotogr\u00e1fica AKA Fotoblog de jazz, impro\u2026 y algo m\u00e1s]","author":"Tomajazz","date":"2 marzo, 2026","format":false,"excerpt":"Manel Forti\u00e0 Lib\u00e8rica Trio actu\u00f3 en LAC en Casa Virupa-Can Bordoi, en Llinars, Barcelona, el 18 de enero de 2026. Joan Cort\u00e8s lo retrata en INSTANTZZ. Actuaron Manel Forti\u00e0, Pere Mart\u00ednez, Frederico Vannini","rel":"","context":"En \u00ab*_Joan Cort\u00e8s\u00bb","block_context":{"text":"*_Joan Cort\u00e8s","link":"https:\/\/tomajazz.com\/web\/category\/joan-cortes\/"},"img":{"alt_text":"Manel Forti\u00e0 Lib\u00e8rica Trio (LAC -Laboratori Arts Contemplatives-, Casa Virupa-Can Bordoi, 2026-01-18 \/ Llinars -Barcelona-) Por Joan Cort\u00e8s [INSTANTZZ AKA Galer\u00eda fotogr\u00e1fica AKA Fotoblog de jazz, impro\u2026 y algo m\u00e1s] - Tomajazz - Manel Forti\u00e0 Lib\u00e8rica Trio actu\u00f3 en LAC en Casa Virupa-Can Bordoi, en Llinars, Barcelona, el 18 de enero de 2026. Joan Cort\u00e8s lo retrata en INSTANTZZ. Actuaron Manel Forti\u00e0, Pere Mart\u00ednez, Frederico Vannini\n","src":"https:\/\/i0.wp.com\/tomajazz.com\/web\/wp-content\/uploads\/2026\/03\/destacada-04-Mnl-Frt-Lbrc-Tr-Photo-By-Joan-Cortes-18gnr26-LrC-CV-CB-Llnrs-bn.jpg?resize=350%2C200&ssl=1","width":350,"height":200,"srcset":"https:\/\/i0.wp.com\/tomajazz.com\/web\/wp-content\/uploads\/2026\/03\/destacada-04-Mnl-Frt-Lbrc-Tr-Photo-By-Joan-Cortes-18gnr26-LrC-CV-CB-Llnrs-bn.jpg?resize=350%2C200&ssl=1 1x, https:\/\/i0.wp.com\/tomajazz.com\/web\/wp-content\/uploads\/2026\/03\/destacada-04-Mnl-Frt-Lbrc-Tr-Photo-By-Joan-Cortes-18gnr26-LrC-CV-CB-Llnrs-bn.jpg?resize=525%2C300&ssl=1 1.5x"},"classes":[]},{"id":98039,"url":"https:\/\/tomajazz.com\/web\/primavera-femenina-2025-ii\/","url_meta":{"origin":96698,"position":4},"title":"Primavera Femenina 2025 [II] Por Joan Cort\u00e8s [INSTANTZZ AKA Galer\u00eda fotogr\u00e1fica AKA Fotoblog de jazz, impro\u2026 y algo m\u00e1s]","author":"Tomajazz","date":"17 agosto, 2025","format":false,"excerpt":"Segunda parte del Primavera Femenina 2025, con una selecci\u00f3n de retratos de Joan Cort\u00e8s. Con Kris Davis, Miho Hazama, Becca Stevens, Rita Pay\u00e9s, Irene Reig, Ingrid Laubrock, Esperanza Spalding, Aitana Rousseau, Estefan\u00eda Chamorro, Anja Lechner, Zs\u00f3fia Boros, S\u00f2nia G\u00f3mez, Alba Careta, Laura Marchal, N\u00faria Andorr\u00e0 & Olga Blanco","rel":"","context":"En \u00abPrimavera Femenina\u00bb","block_context":{"text":"Primavera Femenina","link":"https:\/\/tomajazz.com\/web\/category\/contenidos\/especial-contenidos\/primavera-femenina\/"},"img":{"alt_text":"Primavera Femenina 2025 [II] Por Joan Cort\u00e8s [INSTANTZZ AKA Galer\u00eda fotogr\u00e1fica AKA Fotoblog de jazz, impro\u2026 y algo m\u00e1s] - Tomajazz - Segunda parte del Primavera Femenina 2025, con una selecci\u00f3n de retratos de Joan Cort\u00e8s. Con Kris Davis, Miho Hazama, Becca Stevens, Rita Pay\u00e9s, Irene Reig, Ingrid Laubrock, Esperanza Spalding, Aitana Rousseau, Estefan\u00eda Chamorro, Anja Lechner, Zs\u00f3fia Boros, S\u00f2nia G\u00f3mez, Alba Careta, Laura Marchal, N\u00faria Andorr\u00e0 & Olga Blanco","src":"https:\/\/i0.wp.com\/tomajazz.com\/web\/wp-content\/uploads\/2025\/08\/destacada-11-250525-2-Zsf-Brs-Tryg-Sm-Photo-By-Joan-Cortes-25mg25-LrC-Cn-Brd-LLdV.jpg?resize=350%2C200&ssl=1","width":350,"height":200,"srcset":"https:\/\/i0.wp.com\/tomajazz.com\/web\/wp-content\/uploads\/2025\/08\/destacada-11-250525-2-Zsf-Brs-Tryg-Sm-Photo-By-Joan-Cortes-25mg25-LrC-Cn-Brd-LLdV.jpg?resize=350%2C200&ssl=1 1x, https:\/\/i0.wp.com\/tomajazz.com\/web\/wp-content\/uploads\/2025\/08\/destacada-11-250525-2-Zsf-Brs-Tryg-Sm-Photo-By-Joan-Cortes-25mg25-LrC-Cn-Brd-LLdV.jpg?resize=525%2C300&ssl=1 1.5x"},"classes":[]},{"id":104910,"url":"https:\/\/tomajazz.com\/web\/max-villavecchia-piano-solo-lac-2026\/","url_meta":{"origin":96698,"position":5},"title":"Max Villavecchia, piano solo (LAC -Laboratori Arts Contemplatives-, Casa Virupa, 2026-03-01 \/ Llinars -Barcelona-) Por Joan Cort\u00e8s [INSTANTZZ AKA Galer\u00eda fotogr\u00e1fica AKA Fotoblog de jazz, impro\u2026 y algo m\u00e1s]","author":"Tomajazz","date":"16 abril, 2026","format":false,"excerpt":"Max Villavecchia actu\u00f3 en LAC -Laboratori Arts Contemplatives-, en Casa Virupa, en Llinars -Barcelona-, el 1 de marzo de 2026. Joan Cort\u00e8s lo retrata en INSTANTZZ. Con Max Villavecchia, Apel\u2022les Carod","rel":"","context":"En \u00ab*_Joan Cort\u00e8s\u00bb","block_context":{"text":"*_Joan Cort\u00e8s","link":"https:\/\/tomajazz.com\/web\/category\/joan-cortes\/"},"img":{"alt_text":"Max Villavecchia, piano solo (LAC -Laboratori Arts Contemplatives-, Casa Virupa, 2026-03-01 \/ Llinars -Barcelona-) Por Joan Cort\u00e8s [INSTANTZZ AKA Galer\u00eda fotogr\u00e1fica AKA Fotoblog de jazz, impro\u2026 y algo m\u00e1s] - Tomajazz - Max Villavecchia actu\u00f3 en LAC -Laboratori Arts Contemplatives-, en Casa Virupa, en Llinars -Barcelona-, el 1 de marzo de 2026. Joan Cort\u00e8s lo retrata en INSTANTZZ. Con Max Villavecchia, Apel\u2022les Carod","src":"https:\/\/i0.wp.com\/tomajazz.com\/web\/wp-content\/uploads\/2026\/04\/destacada-04-Mx-Vlllvcch-Photo-By-Joan-Cortes-01mrc26-LrC-Cs-Vrp-Llnrs.jpg?resize=350%2C200&ssl=1","width":350,"height":200,"srcset":"https:\/\/i0.wp.com\/tomajazz.com\/web\/wp-content\/uploads\/2026\/04\/destacada-04-Mx-Vlllvcch-Photo-By-Joan-Cortes-01mrc26-LrC-Cs-Vrp-Llnrs.jpg?resize=350%2C200&ssl=1 1x, https:\/\/i0.wp.com\/tomajazz.com\/web\/wp-content\/uploads\/2026\/04\/destacada-04-Mx-Vlllvcch-Photo-By-Joan-Cortes-01mrc26-LrC-Cs-Vrp-Llnrs.jpg?resize=525%2C300&ssl=1 1.5x"},"classes":[]}],"jetpack_featured_media_url":"https:\/\/tomajazz.com\/web\/wp-content\/uploads\/2025\/06\/destacada-07-Zsf-Brs-Tryg-Sm-Photo-By-Joan-Cortes-25mg25-LrC-Cn-Brd-LLdV.jpg","_links":{"self":[{"href":"https:\/\/tomajazz.com\/web\/wp-json\/wp\/v2\/posts\/96698","targetHints":{"allow":["GET"]}}],"collection":[{"href":"https:\/\/tomajazz.com\/web\/wp-json\/wp\/v2\/posts"}],"about":[{"href":"https:\/\/tomajazz.com\/web\/wp-json\/wp\/v2\/types\/post"}],"author":[{"embeddable":true,"href":"https:\/\/tomajazz.com\/web\/wp-json\/wp\/v2\/users\/1"}],"replies":[{"embeddable":true,"href":"https:\/\/tomajazz.com\/web\/wp-json\/wp\/v2\/comments?post=96698"}],"version-history":[{"count":3,"href":"https:\/\/tomajazz.com\/web\/wp-json\/wp\/v2\/posts\/96698\/revisions"}],"predecessor-version":[{"id":96765,"href":"https:\/\/tomajazz.com\/web\/wp-json\/wp\/v2\/posts\/96698\/revisions\/96765"}],"wp:featuredmedia":[{"embeddable":true,"href":"https:\/\/tomajazz.com\/web\/wp-json\/wp\/v2\/media\/96713"}],"wp:attachment":[{"href":"https:\/\/tomajazz.com\/web\/wp-json\/wp\/v2\/media?parent=96698"}],"wp:term":[{"taxonomy":"category","embeddable":true,"href":"https:\/\/tomajazz.com\/web\/wp-json\/wp\/v2\/categories?post=96698"},{"taxonomy":"post_tag","embeddable":true,"href":"https:\/\/tomajazz.com\/web\/wp-json\/wp\/v2\/tags?post=96698"}],"curies":[{"name":"wp","href":"https:\/\/api.w.org\/{rel}","templated":true}]}}