{"id":9709,"date":"2013-12-17T11:15:03","date_gmt":"2013-12-17T10:15:03","guid":{"rendered":"http:\/\/www.tomajazz.com\/web\/?p=9709"},"modified":"2016-11-13T22:53:03","modified_gmt":"2016-11-13T21:53:03","slug":"all-jazz-sera-el-pricto","status":"publish","type":"post","link":"https:\/\/tomajazz.com\/web\/all-jazz-sera-el-pricto\/","title":{"rendered":"All Jazz Sera: El Pricto"},"content":{"rendered":"<p><a href=\"http:\/\/www.tomajazz.com\/web\/?attachment_id=9710\" rel=\"attachment wp-att-9710\"><img loading=\"lazy\" decoding=\"async\" class=\"aligncenter size-full wp-image-9710\" alt=\"IMG_1132.JPG-El Pricto\" src=\"http:\/\/www.tomajazz.com\/web\/wp-content\/uploads\/2013\/12\/IMG_1132.JPG-El-Pricto.jpg\" width=\"424\" height=\"642\" title=\"\" srcset=\"https:\/\/tomajazz.com\/web\/wp-content\/uploads\/2013\/12\/IMG_1132.JPG-El-Pricto.jpg 424w, https:\/\/tomajazz.com\/web\/wp-content\/uploads\/2013\/12\/IMG_1132.JPG-El-Pricto-99x150.jpg 99w, https:\/\/tomajazz.com\/web\/wp-content\/uploads\/2013\/12\/IMG_1132.JPG-El-Pricto-198x300.jpg 198w, https:\/\/tomajazz.com\/web\/wp-content\/uploads\/2013\/12\/IMG_1132.JPG-El-Pricto-36x55.jpg 36w\" sizes=\"auto, (max-width: 424px) 100vw, 424px\" \/><\/a><\/p>\n<p>El Pricto<br \/>\n<a title=\"Zappa a todo Jazz. Filthy Habits Ensemble (XI Ciclo UPNA JAZZ, Sala de C\u00e1mara. Auditorio Baluarte, Pamplona, 1-IV-2011)\" href=\"http:\/\/www.tomajazz.com\/web\/?p=332\" target=\"_blank\">Filthy Habits Ensemble<\/a><br \/>\n<a title=\"Zappa a todo Jazz. Filthy Habits Ensemble (XI Ciclo UPNA JAZZ, Sala de C\u00e1mara. Auditorio Baluarte, Pamplona, 1-IV-2011)\" href=\"http:\/\/www.tomajazz.com\/web\/?p=332\" target=\"_blank\">XI Ciclo UPNA Jazz<\/a><br \/>\nSala de C\u00e1mara, Baluarte, Pamplona, Navarra. 2011-04-01<\/p>\n<p>\u00a9 Sera Mart\u00edn, 2011<\/p>\n","protected":false},"excerpt":{"rendered":"<p>El Pricto Filthy Habits Ensemble XI Ciclo UPNA Jazz Sala de C\u00e1mara, Baluarte, Pamplona, Navarra. 2011-04-01 \u00a9 Sera Mart\u00edn, 2011<span class=\"more-link\"><a href=\"https:\/\/tomajazz.com\/web\/all-jazz-sera-el-pricto\/\">Contin\u00faa leyendo<\/a><\/span><\/p>\n","protected":false},"author":1,"featured_media":9711,"comment_status":"open","ping_status":"closed","sticky":false,"template":"","format":"standard","meta":{"jetpack_post_was_ever_published":false,"_jetpack_newsletter_access":"","_jetpack_dont_email_post_to_subs":true,"_jetpack_newsletter_tier_id":0,"_jetpack_memberships_contains_paywalled_content":false,"_jetpack_memberships_contains_paid_content":false,"footnotes":""},"categories":[17852,7219,15516,1038,4758],"tags":[7504,126,12656,15275,13,12657,209,16099,77,16100],"class_list":["entry","author-pachi","post-9709","post","type-post","status-publish","format-standard","has-post-thumbnail","category-sera-martin","category-alljazzsera","category-imagenes","category-contenidos","category-blogs","tag-all-jazz-sera","tag-el-pricto","tag-fotoblog","tag-galeria-fotografica","tag-jazz","tag-photoblog","tag-sera-martin","tag-toma-jazz","tag-tomajazz","tag-tomajazz-toma-jazz"],"jetpack_featured_media_url":"https:\/\/tomajazz.com\/web\/wp-content\/uploads\/2013\/12\/IMG_1132.JPG-El-Pricto_recorte.jpg","jetpack_likes_enabled":true,"jetpack_sharing_enabled":true,"jetpack-related-posts":[{"id":332,"url":"https:\/\/tomajazz.com\/web\/zappa-a-todo-jazz-filthy-habits-ensemble-xi-ciclo-upna-jazz-sala-de-camara-auditorio-baluarte-pamplona-1-iv-2011\/","url_meta":{"origin":9709,"position":0},"title":"Zappa a todo Jazz. Filthy Habits Ensemble (XI Ciclo UPNA JAZZ, Sala de C\u00e1mara. Auditorio Baluarte, Pamplona, 1-IV-2011)","author":"Tomajazz","date":"29 abril, 2011","format":false,"excerpt":"\u00a0 ZAPPA A TODO JAZZ Inaugurada el \u00faltimo d\u00eda de marzo la presente edici\u00f3n del ciclo por Al Foster Quartet (actuaci\u00f3n a la que no pudimos asistir por coincidir en hora y lugar con la de Gilberto Gil), Filthy Habits Ensemble acerc\u00f3 al d\u00eda siguiente, hasta el escenario de la\u2026","rel":"","context":"En \u00abConciertos...\u00bb","block_context":{"text":"Conciertos...","link":"https:\/\/tomajazz.com\/web\/category\/contenidos\/textos\/conciertos\/"},"img":{"alt_text":"Filthy Habits Ensemble. Pamplona, 1 de abril de 2011. \u00a9 Sera Mart\u00edn, 2011","src":"https:\/\/i0.wp.com\/www.tomajazz.com\/web\/wp-content\/uploads\/2011\/05\/IMG_1090_FilthyHAbbitsEnsemble.jpg?resize=350%2C200","width":350,"height":200},"classes":[]},{"id":100289,"url":"https:\/\/tomajazz.com\/web\/glenda-e-jazz-palma-festival-2025\/","url_meta":{"origin":9709,"position":1},"title":"Glenda E (Jazz Palma Festival 2025. Castell de Bellver. Palma. 2025-08-14) Por Jos\u00e9 Luis Luna Rocafort [INSTANTZZ AKA Galer\u00eda fotogr\u00e1fica AKA Fotoblog de jazz, impro\u2026 y algo m\u00e1s]","author":"Tomajazz","date":"9 octubre, 2025","format":false,"excerpt":"Glenda E actu\u00f3 en el Jazz Palma Festival 2025 en Castell de Bellver. Jos\u00e9 Luis Luna Rocafort lo retrata en INSTANTZZ. Actuaron Glenda E, Carlos Mart\u00edn, Shayan Fathi, Abel Sanabria","rel":"","context":"En \u00ab*_Jos\u00e9 Luis Luna Rocafort\u00bb","block_context":{"text":"*_Jos\u00e9 Luis Luna Rocafort","link":"https:\/\/tomajazz.com\/web\/category\/jose-luis-luna-rocafort\/"},"img":{"alt_text":"Glenda E (Jazz Palma Festival 2025. Castell de Bellver. Palma. 2025-08-07) Por Jos\u00e9 Luis Luna Rocafort [INSTANTZZ AKA Galer\u00eda fotogr\u00e1fica AKA Fotoblog de jazz, impro\u2026 y algo m\u00e1s] - Tomajazz - Glenda E actu\u00f3 en el Jazz Palma Festival 2025 en Castell de Bellver. Jos\u00e9 Luis Luna Rocafort lo retrata en INSTANTZZ. Actuaron Glenda E, Carlos Mart\u00edn, Shayan Fathi, Abel Sanabria","src":"https:\/\/i0.wp.com\/tomajazz.com\/web\/wp-content\/uploads\/2025\/10\/009-4.jpg?resize=350%2C200&ssl=1","width":350,"height":200,"srcset":"https:\/\/i0.wp.com\/tomajazz.com\/web\/wp-content\/uploads\/2025\/10\/009-4.jpg?resize=350%2C200&ssl=1 1x, https:\/\/i0.wp.com\/tomajazz.com\/web\/wp-content\/uploads\/2025\/10\/009-4.jpg?resize=525%2C300&ssl=1 1.5x"},"classes":[]},{"id":100011,"url":"https:\/\/tomajazz.com\/web\/alex-conde-trio-37-eivissa-jazz-2025\/","url_meta":{"origin":9709,"position":2},"title":"\u00c1lex Conde Tr\u00edo (37 Eivissa Jazz 2025. 2025-09-04) Por Jos\u00e9 Luis Luna Rocafort [INSTANTZZ AKA Galer\u00eda fotogr\u00e1fica AKA Fotoblog de jazz, impro\u2026 y algo m\u00e1s]","author":"Tomajazz","date":"3 octubre, 2025","format":false,"excerpt":"\u00c1lex Conde Tr\u00edo actu\u00f3 en el 37 Eivissa Jazz 2025. Jos\u00e9 Luis Luna Rocafort lo retrata en INSTANTZZ. Actuaron \u00c1lex Conde, Pablo Mart\u00edn Caminero, Michael Olivera","rel":"","context":"En \u00ab*_Jos\u00e9 Luis Luna Rocafort\u00bb","block_context":{"text":"*_Jos\u00e9 Luis Luna Rocafort","link":"https:\/\/tomajazz.com\/web\/category\/jose-luis-luna-rocafort\/"},"img":{"alt_text":"\u00c1lex Conde Tr\u00edo (37 Eivissa Jazz 2025. 2025-09-04) Por Jos\u00e9 Luis Luna Rocafort [INSTANTZZ AKA Galer\u00eda fotogr\u00e1fica AKA Fotoblog de jazz, impro\u2026 y algo m\u00e1s] - Tomajazz - \u00c1lex Conde Tr\u00edo actu\u00f3 en el 37 Eivissa Jazz 2025. Jos\u00e9 Luis Luna Rocafort lo retrata en INSTANTZZ. Actuaron \u00c1lex Conde, Pablo Mart\u00edn Caminero, Michael Olivera","src":"https:\/\/i0.wp.com\/tomajazz.com\/web\/wp-content\/uploads\/2025\/10\/004.jpg?resize=350%2C200&ssl=1","width":350,"height":200,"srcset":"https:\/\/i0.wp.com\/tomajazz.com\/web\/wp-content\/uploads\/2025\/10\/004.jpg?resize=350%2C200&ssl=1 1x, https:\/\/i0.wp.com\/tomajazz.com\/web\/wp-content\/uploads\/2025\/10\/004.jpg?resize=525%2C300&ssl=1 1.5x"},"classes":[]},{"id":101434,"url":"https:\/\/tomajazz.com\/web\/escalandrum-eivissa-jazz-2025\/","url_meta":{"origin":9709,"position":3},"title":"Escalandrum (37 Eivissa Jazz 2025. Baluard de Santa Ll\u00facia. Eivissa. 2025-09-06) Por Jos\u00e9 Luis Luna Rocafort [INSTANTZZ AKA Galer\u00eda fotogr\u00e1fica AKA Fotoblog de jazz, impro\u2026 y algo m\u00e1s]","author":"Tomajazz","date":"6 noviembre, 2025","format":false,"excerpt":"Escalandrum actu\u00f3 en el 37 Eivissa Jazz el 6 de septiembre de 2025. Jos\u00e9 Luis Luna Rocafort lo retrata en INSTANTZZ. Escalandrum son Daniel Piazolla, Nicol\u00e1s Guerschberg, Dami\u00e1n Fogiel, Gustavo Musso, Mart\u00edn Pantyrer, Mariano Sivori","rel":"","context":"En \u00ab37 Eivissa Jazz 2025\u00bb","block_context":{"text":"37 Eivissa Jazz 2025","link":"https:\/\/tomajazz.com\/web\/category\/contenidos\/especial-contenidos\/37-eivissa-jazz-2025\/"},"img":{"alt_text":"Escalandrum (37 Eivissa Jazz 2025. Baluard de Santa Ll\u00facia. Eivissa. 2025-09-06) Por Jos\u00e9 Luis Luna Rocafort [INSTANTZZ AKA Galer\u00eda fotogr\u00e1fica AKA Fotoblog de jazz, impro\u2026 y algo m\u00e1s] - Tomajazz - Escalandrum actu\u00f3 en el 37 Eivissa Jazz el 6 de septiembre de 2025. Jos\u00e9 Luis Luna Rocafort lo retrata en INSTANTZZ. Escalandrum son Daniel Piazolla, Nicol\u00e1s Guerschberg, Dami\u00e1n Fogiel, Gustavo Musso, Mart\u00edn Pantyrer, Mariano Sivori","src":"https:\/\/i0.wp.com\/tomajazz.com\/web\/wp-content\/uploads\/2025\/11\/020-1.jpg?resize=350%2C200&ssl=1","width":350,"height":200,"srcset":"https:\/\/i0.wp.com\/tomajazz.com\/web\/wp-content\/uploads\/2025\/11\/020-1.jpg?resize=350%2C200&ssl=1 1x, https:\/\/i0.wp.com\/tomajazz.com\/web\/wp-content\/uploads\/2025\/11\/020-1.jpg?resize=525%2C300&ssl=1 1.5x"},"classes":[]},{"id":101606,"url":"https:\/\/tomajazz.com\/web\/claudia-bardagi-37-eivissa-jazz-2025\/","url_meta":{"origin":9709,"position":4},"title":"Claudia Bardag\u00ed (37 Eivissa Jazz 2025. Parc Reina Sof\u00eda. Eivissa. 2025-09-03) Por Jos\u00e9 Luis Luna Rocafort [INSTANTZZ AKA Galer\u00eda fotogr\u00e1fica AKA Fotoblog de jazz, impro\u2026 y algo m\u00e1s]","author":"Tomajazz","date":"10 noviembre, 2025","format":false,"excerpt":"Claudia Bardag\u00ed actu\u00f3 en el 37 Eivissa Jazz 2025, el 3 de septiembre. Jos\u00e9 Luis Luna Rocafort lo retrata en INSTANTZZ. Actuaron Claudia Bardag\u00ed, Joan Carles Mar\u00ed, Cece Giannotti, Publio Delgado, Martin Laportilla y Cor de Gospel de Can\u00a0Blau","rel":"","context":"En \u00ab37 Eivissa Jazz 2025\u00bb","block_context":{"text":"37 Eivissa Jazz 2025","link":"https:\/\/tomajazz.com\/web\/category\/contenidos\/especial-contenidos\/37-eivissa-jazz-2025\/"},"img":{"alt_text":"Claudia Bardag\u00ed (37 Eivissa Jazz 2025. Parc Reina Sof\u00eda. Eivissa. 2025-09-03) Por Jos\u00e9 Luis Luna Rocafort [INSTANTZZ AKA Galer\u00eda fotogr\u00e1fica AKA Fotoblog de jazz, impro\u2026 y algo m\u00e1s] - Tomajazz - Claudia Bardag\u00ed actu\u00f3 en el 37 Eivissa Jazz 2025, el 3 de septiembre. Jos\u00e9 Luis Luna Rocafort lo retrata en INSTANTZZ. Actuaron Claudia Bardag\u00ed, Joan Carles Mar\u00ed, Cece Giannotti, Publio Delgado, Martin Laportilla","src":"https:\/\/i0.wp.com\/tomajazz.com\/web\/wp-content\/uploads\/2025\/11\/016-7.jpg?resize=350%2C200&ssl=1","width":350,"height":200,"srcset":"https:\/\/i0.wp.com\/tomajazz.com\/web\/wp-content\/uploads\/2025\/11\/016-7.jpg?resize=350%2C200&ssl=1 1x, https:\/\/i0.wp.com\/tomajazz.com\/web\/wp-content\/uploads\/2025\/11\/016-7.jpg?resize=525%2C300&ssl=1 1.5x"},"classes":[]},{"id":9933,"url":"https:\/\/tomajazz.com\/web\/all-jazz-sera-rene-marie\/","url_meta":{"origin":9709,"position":5},"title":"All Jazz Sera: Ren\u00e9 Marie","author":"Tomajazz","date":"16 enero, 2014","format":false,"excerpt":"Ren\u00e9 Marie VIII Festival de Jazz de Pe\u00f1\u00edscola Pe\u00f1\u00edscola, Castell\u00f3n. 2011-07-21 \u00a9 Sera Mart\u00edn, 2011","rel":"","context":"En \u00ab*_Sera Mart\u00edn\u00bb","block_context":{"text":"*_Sera Mart\u00edn","link":"https:\/\/tomajazz.com\/web\/category\/sera-martin\/"},"img":{"alt_text":"","src":"https:\/\/i0.wp.com\/tomajazz.com\/web\/wp-content\/uploads\/2014\/01\/IMG_3571.JPG-Ren%C3%A9-Mariemarcowm.jpg?resize=350%2C200&ssl=1","width":350,"height":200,"srcset":"https:\/\/i0.wp.com\/tomajazz.com\/web\/wp-content\/uploads\/2014\/01\/IMG_3571.JPG-Ren%C3%A9-Mariemarcowm.jpg?resize=350%2C200&ssl=1 1x, https:\/\/i0.wp.com\/tomajazz.com\/web\/wp-content\/uploads\/2014\/01\/IMG_3571.JPG-Ren%C3%A9-Mariemarcowm.jpg?resize=525%2C300&ssl=1 1.5x"},"classes":[]}],"_links":{"self":[{"href":"https:\/\/tomajazz.com\/web\/wp-json\/wp\/v2\/posts\/9709","targetHints":{"allow":["GET"]}}],"collection":[{"href":"https:\/\/tomajazz.com\/web\/wp-json\/wp\/v2\/posts"}],"about":[{"href":"https:\/\/tomajazz.com\/web\/wp-json\/wp\/v2\/types\/post"}],"author":[{"embeddable":true,"href":"https:\/\/tomajazz.com\/web\/wp-json\/wp\/v2\/users\/1"}],"replies":[{"embeddable":true,"href":"https:\/\/tomajazz.com\/web\/wp-json\/wp\/v2\/comments?post=9709"}],"version-history":[{"count":1,"href":"https:\/\/tomajazz.com\/web\/wp-json\/wp\/v2\/posts\/9709\/revisions"}],"predecessor-version":[{"id":9712,"href":"https:\/\/tomajazz.com\/web\/wp-json\/wp\/v2\/posts\/9709\/revisions\/9712"}],"wp:featuredmedia":[{"embeddable":true,"href":"https:\/\/tomajazz.com\/web\/wp-json\/wp\/v2\/media\/9711"}],"wp:attachment":[{"href":"https:\/\/tomajazz.com\/web\/wp-json\/wp\/v2\/media?parent=9709"}],"wp:term":[{"taxonomy":"category","embeddable":true,"href":"https:\/\/tomajazz.com\/web\/wp-json\/wp\/v2\/categories?post=9709"},{"taxonomy":"post_tag","embeddable":true,"href":"https:\/\/tomajazz.com\/web\/wp-json\/wp\/v2\/tags?post=9709"}],"curies":[{"name":"wp","href":"https:\/\/api.w.org\/{rel}","templated":true}]}}