{"id":99088,"date":"2025-09-14T12:02:47","date_gmt":"2025-09-14T10:02:47","guid":{"rendered":"https:\/\/tomajazz.com\/web\/?p=99088"},"modified":"2025-11-06T23:14:35","modified_gmt":"2025-11-06T22:14:35","slug":"zapata-chipi-la-curva-de-gauss-en-si-bemol-2025","status":"publish","type":"post","link":"https:\/\/tomajazz.com\/web\/zapata-chipi-la-curva-de-gauss-en-si-bemol-2025\/","title":{"rendered":"Zapata Chipi: La Curva de Gauss en Si Bemol (Aleph Records; 1959; Reed. 2025) Por Pachi Tapiz [Patagrabaciones de Patajazz]"},"content":{"rendered":"<p><figure id=\"attachment_99090\" aria-describedby=\"caption-attachment-99090\" style=\"width: 300px\" class=\"wp-caption alignleft\"><img loading=\"lazy\" decoding=\"async\" class=\"wp-image-99090 size-medium\" title=\"Zapata Chipi: La Curva de Gauss en Si Bemol (Sello: Aleph Records; A\u00f1o de publicaci\u00f3n: 1959; Reedici\u00f3n: 2025) Por Pachi Tapiz [Patagrabaciones de Patajazz] Tomajazz assets task 01k51fxqrbfbyryetgvhpyxc16 1757765706 img 0\" src=\"https:\/\/tomajazz.com\/web\/wp-content\/uploads\/2025\/09\/assets-task-01k51fxqrbfbyryetgvhpyxc16-1757765706-img-0-300x300.webp\" alt=\"Zapata Chipi: La Curva de Gauss en Si Bemol (Sello: Aleph Records; A\u00f1o de publicaci\u00f3n: 1959; Reedici\u00f3n: 2025) Por Pachi Tapiz [Patagrabaciones de Patajazz] - Tomajazz\" width=\"300\" height=\"300\" srcset=\"https:\/\/tomajazz.com\/web\/wp-content\/uploads\/2025\/09\/assets-task-01k51fxqrbfbyryetgvhpyxc16-1757765706-img-0-300x300.webp 300w, https:\/\/tomajazz.com\/web\/wp-content\/uploads\/2025\/09\/assets-task-01k51fxqrbfbyryetgvhpyxc16-1757765706-img-0-600x600.webp 600w, https:\/\/tomajazz.com\/web\/wp-content\/uploads\/2025\/09\/assets-task-01k51fxqrbfbyryetgvhpyxc16-1757765706-img-0-200x200.webp 200w, https:\/\/tomajazz.com\/web\/wp-content\/uploads\/2025\/09\/assets-task-01k51fxqrbfbyryetgvhpyxc16-1757765706-img-0-768x768.webp 768w, https:\/\/tomajazz.com\/web\/wp-content\/uploads\/2025\/09\/assets-task-01k51fxqrbfbyryetgvhpyxc16-1757765706-img-0-465x465.webp 465w, https:\/\/tomajazz.com\/web\/wp-content\/uploads\/2025\/09\/assets-task-01k51fxqrbfbyryetgvhpyxc16-1757765706-img-0-500x500.webp 500w, https:\/\/tomajazz.com\/web\/wp-content\/uploads\/2025\/09\/assets-task-01k51fxqrbfbyryetgvhpyxc16-1757765706-img-0.webp 1024w\" sizes=\"auto, (max-width: 300px) 100vw, 300px\" \/><figcaption id=\"caption-attachment-99090\" class=\"wp-caption-text\">porta-contra-portada de La Curva de Gauss en Si Bemol de Zapata Chipi: (Sello: Aleph Records; A\u00f1o de publicaci\u00f3n: 1959; Reedici\u00f3n: 2025)<\/figcaption><\/figure>Este disco fundacional del jazz estad\u00edstico, <em>La Curva de Gauss en Si Bemol<\/em>, explora la idea de que cada nota puede tener una probabilidad de belleza.<\/p>\n<p>Grabado en un estudio donde los micr\u00f3fonos eran ecuaciones diferenciales, Chipi improvisa sobre distribuciones normales, tocando clarinete con una boquilla de cristal de Murano y una ca\u00f1a calibrada en desviaci\u00f3n est\u00e1ndar.<\/p>\n<p>La obra se abre con \u201cIntroductio ad Probabilitatem\u201d, una pieza en comp\u00e1s 7\/\u03c0 que establece el tono del disco: riguroso, delirante y profundamente musical.<\/p>\n<p>El tema central, \u201cSi Bemol Asint\u00f3tico\u201d, se convierte en himno de los matem\u00e1ticos mel\u00f3manos.<\/p>\n<p>Le siguen temas como \u201cIntervalo de Confianza\u201d y \u201cHip\u00f3tesis Nula Blues\u201d, donde el clarinete de Chipi dialoga con un contrabajo tocado por un algoritmo bayesiano.<\/p>\n<p>El disco culmina con \u201cDistribuci\u00f3n Poisson en Re Menor\u201d, una suite de 12 minutos que simula el comportamiento de eventos raros en el jazz.<\/p>\n<p>La reedici\u00f3n de 2025 incluye anotaciones marginales escritas en LaTeX por Chipi.<\/p>\n<p style=\"text-align: right;\">Tomajazz: Texto y fotograf\u00edas \u00a9 <strong>Pachi<em> \u201cZapata Chipi.\u201d <\/em>Tapiz<\/strong>, 2025<br \/>\nImagen generada por Sora, siguiendo las indicaciones de Pachi Tapiz acerca de <em>La Curva de Gauss en Si Bemol. <\/em>Prompt Engineer Pachi Tapiz.\u00a0 \u00a9 Tomajazz, 2025<\/p>\n<h3>Zapata Chipi: <em>La Curva de Gauss en Si Bemol<\/em><\/h3>\n<p>Zapata Chipi (clarinete, voz estad\u00edstica); Algor Ritmo (contrabajo bayesiano); Clara Net (piano en notaci\u00f3n cient\u00edfica); Max T. Devalor (bater\u00eda fractal)<br \/>\n1 \u00abIntroductio ad Probabilitatem\u00bb (Zapata Chipi) 6:12 2 \u00abIntervalo de Confianza\u00bb (Clara Net) 5:45 3 \u00abHip\u00f3tesis Nula Blues\u00bb (Algor Ritmo) 7:03 4 \u00abSi Bemol Asint\u00f3tico\u00bb (Zapata Chipi) 9:21 5 \u00abDistribuci\u00f3n Poisson en Re Menor\u00bb (Max T. Devalor) 12:00<br \/>\nGrabado en el Estudio Pataf\u00edsico de Par\u00eds el 14 de marzo de 1959. T\u00e9cnico de grabaci\u00f3n: Pierre Pi. Productor: Boris Vian (en esp\u00edritu).<\/p>\n<h3><strong>Curiosidades sobre <\/strong><em>La Curva de Gauss en Si Bemol<\/em><\/h3>\n<p><figure id=\"attachment_99091\" aria-describedby=\"caption-attachment-99091\" style=\"width: 300px\" class=\"wp-caption alignright\"><img loading=\"lazy\" decoding=\"async\" class=\"wp-image-99091 size-medium\" title=\"Zapata Chipi: La Curva de Gauss en Si Bemol (Sello: Aleph Records; A\u00f1o de publicaci\u00f3n: 1959; Reedici\u00f3n: 2025) Por Pachi Tapiz [Patagrabaciones de Patajazz] Tomajazz assets task 01k51fxqrbfbyryetgvhpyxc16 1757765706 img 1\" src=\"https:\/\/tomajazz.com\/web\/wp-content\/uploads\/2025\/09\/assets-task-01k51fxqrbfbyryetgvhpyxc16-1757765706-img-1-300x300.webp\" alt=\"Zapata Chipi: La Curva de Gauss en Si Bemol (Sello: Aleph Records; A\u00f1o de publicaci\u00f3n: 1959; Reedici\u00f3n: 2025) Por Pachi Tapiz [Patagrabaciones de Patajazz] - Tomajazz\" width=\"300\" height=\"300\" srcset=\"https:\/\/tomajazz.com\/web\/wp-content\/uploads\/2025\/09\/assets-task-01k51fxqrbfbyryetgvhpyxc16-1757765706-img-1-300x300.webp 300w, https:\/\/tomajazz.com\/web\/wp-content\/uploads\/2025\/09\/assets-task-01k51fxqrbfbyryetgvhpyxc16-1757765706-img-1-600x600.webp 600w, https:\/\/tomajazz.com\/web\/wp-content\/uploads\/2025\/09\/assets-task-01k51fxqrbfbyryetgvhpyxc16-1757765706-img-1-200x200.webp 200w, https:\/\/tomajazz.com\/web\/wp-content\/uploads\/2025\/09\/assets-task-01k51fxqrbfbyryetgvhpyxc16-1757765706-img-1-768x768.webp 768w, https:\/\/tomajazz.com\/web\/wp-content\/uploads\/2025\/09\/assets-task-01k51fxqrbfbyryetgvhpyxc16-1757765706-img-1-465x465.webp 465w, https:\/\/tomajazz.com\/web\/wp-content\/uploads\/2025\/09\/assets-task-01k51fxqrbfbyryetgvhpyxc16-1757765706-img-1-500x500.webp 500w, https:\/\/tomajazz.com\/web\/wp-content\/uploads\/2025\/09\/assets-task-01k51fxqrbfbyryetgvhpyxc16-1757765706-img-1.webp 1024w\" sizes=\"auto, (max-width: 300px) 100vw, 300px\" \/><figcaption id=\"caption-attachment-99091\" class=\"wp-caption-text\">porta-contra-portada de La Curva de Gauss en Si Bemol de Zapata Chipi: (Sello: Aleph Records; A\u00f1o de publicaci\u00f3n: 1959; Reedici\u00f3n: 2025)<\/figcaption><\/figure>Durante la grabaci\u00f3n, se utiliz\u00f3 un metr\u00f3nomo que funcionaba con n\u00fameros aleatorios. El productor pidi\u00f3 que cada m\u00fasico lanzara un dado antes de cada solo.<\/p>\n<h3><strong>Informaci\u00f3n sobre <\/strong>Zapata Chipi<\/h3>\n<p>Zapata Chipi (nacido en 3.1415, desaparecido en 1971). Clarinetista, estad\u00edstico cu\u00e1ntico y fundador del Jazz Pi. Recomendables: <em>Teorema de la Improvisaci\u00f3n<\/em>, <em>Jazz y Regresi\u00f3n<\/em>, <em>La Integral del Swing<\/em>.<\/p>\n<h3><strong>En el a\u00f1o de la grabaci\u00f3n<\/strong><\/h3>\n<p>Se funda el Club de Jazz de la Universidad de Fibonacci; se publica el primer tratado sobre jazz y teor\u00eda de conjuntos; Boris Vian se evapora en una nube de humo existencial; se descubre que el swing puede curar la melancol\u00eda en ratas de laboratorio; se legaliza el uso de ecuaciones en partituras. Nace el Festival de Jazz de Saturno; John Coltrane compone una suite basada en la sucesi\u00f3n de Fibonacci.<\/p>\n<h3>M\u00e1s informaci\u00f3n<\/h3>\n<p><a href=\"https:\/\/www.inspatestmus.org\" target=\"_blank\" rel=\"noopener\">https:\/\/www.inspatestmus.org<\/a><\/p>\n<p><a href=\"https:\/\/tomajazz.com\/web\/?s=zapata+chipi&amp;submit=Search\" target=\"_blank\" rel=\"noopener\">https:\/\/tomajazz.com\/web\/?s=zapata+chipi&amp;submit=Search<\/a><\/p>\n<h3>Pachi Tapiz en Tomajazz<\/h3>\n<p><a href=\"https:\/\/tomajazz.com\/web\/?cat=17847\" target=\"_blank\" rel=\"noopener\">https:\/\/tomajazz.com\/web\/?cat=17847<\/a><\/p>\n","protected":false},"excerpt":{"rendered":"<p>Se ha reditado el incunablemente pataseminal La Curva de Gauss en Si Bemol (Aleph Records; 1959; Reed. 2025) de Zapata Chipi. Pachi Tapiz repasa la grabaci\u00f3n<span class=\"more-link\"><a href=\"https:\/\/tomajazz.com\/web\/zapata-chipi-la-curva-de-gauss-en-si-bemol-2025\/\">Contin\u00faa leyendo<\/a><\/span><\/p>\n","protected":false},"author":1,"featured_media":99091,"comment_status":"open","ping_status":"closed","sticky":false,"template":"","format":"standard","meta":{"jetpack_post_was_ever_published":false,"_jetpack_newsletter_access":"","_jetpack_dont_email_post_to_subs":false,"_jetpack_newsletter_tier_id":0,"_jetpack_memberships_contains_paywalled_content":false,"_jetpack_memberships_contains_paid_content":false,"footnotes":""},"categories":[17847,32862,5,15517,1038],"tags":[32519,31,32518],"class_list":["entry","author-pachi","has-excerpt","post-99088","post","type-post","status-publish","format-standard","has-post-thumbnail","category-pachi-tapiz","category-_sora","category-grabaciones","category-textos","category-contenidos","tag-aleph-records","tag-pachi-tapiz","tag-zapata-chipi"],"jetpack_featured_media_url":"https:\/\/tomajazz.com\/web\/wp-content\/uploads\/2025\/09\/assets-task-01k51fxqrbfbyryetgvhpyxc16-1757765706-img-1.webp","jetpack_likes_enabled":true,"jetpack_sharing_enabled":true,"jetpack-related-posts":[{"id":99084,"url":"https:\/\/tomajazz.com\/web\/zapata-chipi-una-biografia-patafisica-2025\/","url_meta":{"origin":99088,"position":0},"title":"Zapata Chipi: una biograf\u00eda pataf\u00edsica Por Pachi Tapiz [Patart\u00edculo de patajazz]","author":"Tomajazz","date":"14 septiembre, 2025","format":false,"excerpt":"Zapata Chipi: una biograf\u00eda pataf\u00edsica por Pachi Tapiz del legendario clarinetista, domador de perros de peluche y compositor de \u00e9picas sinfon\u00edas para dinosaurios cof\u00f3sicos","rel":"","context":"En \u00abArt\u00edculos...\u00bb","block_context":{"text":"Art\u00edculos...","link":"https:\/\/tomajazz.com\/web\/category\/contenidos\/textos\/articulos\/"},"img":{"alt_text":"Zapata Chipi: una biograf\u00eda pataf\u00edsica Por Pachi Tapiz [Patart\u00edculo de patajazz] - Tomajazz","src":"https:\/\/i0.wp.com\/tomajazz.com\/web\/wp-content\/uploads\/2025\/09\/assets-task-01k51gj2ecegytg7vvde2wmfa3-1757766404-img-0.webp?resize=350%2C200&ssl=1","width":350,"height":200,"srcset":"https:\/\/i0.wp.com\/tomajazz.com\/web\/wp-content\/uploads\/2025\/09\/assets-task-01k51gj2ecegytg7vvde2wmfa3-1757766404-img-0.webp?resize=350%2C200&ssl=1 1x, https:\/\/i0.wp.com\/tomajazz.com\/web\/wp-content\/uploads\/2025\/09\/assets-task-01k51gj2ecegytg7vvde2wmfa3-1757766404-img-0.webp?resize=525%2C300&ssl=1 1.5x, https:\/\/i0.wp.com\/tomajazz.com\/web\/wp-content\/uploads\/2025\/09\/assets-task-01k51gj2ecegytg7vvde2wmfa3-1757766404-img-0.webp?resize=700%2C400&ssl=1 2x"},"classes":[]},{"id":99080,"url":"https:\/\/tomajazz.com\/web\/joshua-redman-words-fall-short-2025-josue-nebulman\/","url_meta":{"origin":99088,"position":1},"title":"Josu\u00e9 Nebulman: El susurro que abraz\u00f3 la niebla (Azul Nota; 2025) AKA Joshua Redman: Words Fall Short (Blue Note; 2025) Por Zapata Chipi [Neblina de jazz destilada en copa de cristal]","author":"Tomajazz","date":"14 septiembre, 2025","format":false,"excerpt":"Zapata Chipi regresa y se estrena en Tomajazz repasando Words Fall Short (Blue Note; 2025) de Joshua Redman tambi\u00e9n conocido como Josu\u00e9 Nebulman: El susurro que abraz\u00f3 la niebla (Azul Nota; 2025)","rel":"","context":"En \u00abGrabaciones...\u00bb","block_context":{"text":"Grabaciones...","link":"https:\/\/tomajazz.com\/web\/category\/contenidos\/textos\/grabaciones\/"},"img":{"alt_text":"Josu\u00e9 Nebulman: El susurro que abraz\u00f3 la niebla (Azul Nota; 2025) AKA Joshua Redman: Words Fall Short (Blue Note; 2025) Por Zapata Chipi [Neblina de jazz destilada en copa de cristal] - Tomajazz - Josu\u00e9 Nebulman: El susurro que abraz\u00f3 la niebla (Azul Nota; 2025) AKA Joshua Redman: Words Fall Short (Blue Note; 2025) Por Zapata Chipi","src":"https:\/\/i0.wp.com\/tomajazz.com\/web\/wp-content\/uploads\/2025\/09\/Joshua-Redman-Words-Fall-Short-Blue-Note-2025-Tomajazz.jpg?resize=350%2C200&ssl=1","width":350,"height":200,"srcset":"https:\/\/i0.wp.com\/tomajazz.com\/web\/wp-content\/uploads\/2025\/09\/Joshua-Redman-Words-Fall-Short-Blue-Note-2025-Tomajazz.jpg?resize=350%2C200&ssl=1 1x, https:\/\/i0.wp.com\/tomajazz.com\/web\/wp-content\/uploads\/2025\/09\/Joshua-Redman-Words-Fall-Short-Blue-Note-2025-Tomajazz.jpg?resize=525%2C300&ssl=1 1.5x, https:\/\/i0.wp.com\/tomajazz.com\/web\/wp-content\/uploads\/2025\/09\/Joshua-Redman-Words-Fall-Short-Blue-Note-2025-Tomajazz.jpg?resize=700%2C400&ssl=1 2x"},"classes":[]},{"id":99079,"url":"https:\/\/tomajazz.com\/web\/joshua-redman-words-fall-short-2025-jason-redoman\/","url_meta":{"origin":99088,"position":2},"title":"Jas\u00f3n Redom\u00e1n: El bostezo que desafin\u00f3 el silencio (Nota Azul; 2025) AKA Joshua Redman: Words Fall Short (Blue Note; 2025) Por Zapata Chipi [Informe cl\u00ednico de una autopsia jazz\u00edstica]","author":"Tomajazz","date":"14 septiembre, 2025","format":false,"excerpt":"Zapata Chipi regresa y se estrena en Tomajazz repasando Words Fall Short (Blue Note; 2025) de Joshua Redman AKA Jas\u00f3n Redom\u00e1n: El bostezo que desafin\u00f3 el silencio (Nota Azul; 2025)","rel":"","context":"En \u00abGrabaciones...\u00bb","block_context":{"text":"Grabaciones...","link":"https:\/\/tomajazz.com\/web\/category\/contenidos\/textos\/grabaciones\/"},"img":{"alt_text":"Jas\u00f3n Redom\u00e1n: El bostezo que desafin\u00f3 el silencio (Nota Azul; 2025) AKA Joshua Redman: Words Fall Short (Blue Note; 2025) Por Zapata Chipi [Informe cl\u00ednico de una autopsia jazz\u00edstica] - Tomajazz - Zapata Chipi regresa y se estrena en Tomajazz repasando Words Fall Short (Blue Note; 2025) de Joshua Redman AKA Jas\u00f3n Redom\u00e1n: El bostezo que desafin\u00f3 el silencio (Nota Azul; 2025) AKA","src":"https:\/\/i0.wp.com\/tomajazz.com\/web\/wp-content\/uploads\/2025\/09\/Joshua-Redman-Words-Fall-Short.jpg?resize=350%2C200&ssl=1","width":350,"height":200,"srcset":"https:\/\/i0.wp.com\/tomajazz.com\/web\/wp-content\/uploads\/2025\/09\/Joshua-Redman-Words-Fall-Short.jpg?resize=350%2C200&ssl=1 1x, https:\/\/i0.wp.com\/tomajazz.com\/web\/wp-content\/uploads\/2025\/09\/Joshua-Redman-Words-Fall-Short.jpg?resize=525%2C300&ssl=1 1.5x, https:\/\/i0.wp.com\/tomajazz.com\/web\/wp-content\/uploads\/2025\/09\/Joshua-Redman-Words-Fall-Short.jpg?resize=700%2C400&ssl=1 2x"},"classes":[]},{"id":100840,"url":"https:\/\/tomajazz.com\/web\/dave-rempis-jason-adasiewicz-chris-corsano-dial-up-2025\/","url_meta":{"origin":99088,"position":3},"title":"Dave Rempis &#8211; Jason Adasiewicz &#8211; Chris Corsano: Dial Up (Aerophonic Records; 2025) Por Pachi Tapiz [Grabaci\u00f3n de jazz]","author":"Tomajazz","date":"26 octubre, 2025","format":false,"excerpt":"Dial Up (Aerophonic Records; 2025) es la nueva grabaci\u00f3n de Dave Rempis - Jason Adasiewicz - Chris Corsano. Pachi Tapiz la repasa","rel":"","context":"En \u00abTomajazz (la revista) al completo\u00bb","block_context":{"text":"Tomajazz (la revista) al completo","link":"https:\/\/tomajazz.com\/web\/category\/contenidos\/"},"img":{"alt_text":"Dave Rempis - Jason Adasiewicz - Chris Corsano: Dial Up (Aerophonic Records; 2025) Por Pachi Tapiz [Grabaci\u00f3n de jazz] - Tomajazz - Dial Up (Aerophonic Records; 2025) es la nueva grabaci\u00f3n de Dave Rempis - Jason Adasiewicz - Chris Corsano: Por Pachi Tapiz [Grabaci\u00f3n de jazz]","src":"https:\/\/i0.wp.com\/tomajazz.com\/web\/wp-content\/uploads\/2025\/10\/Dave-Rempis-Jason-Adasiewicz-Chris-Corsano-Dial-Up-Aerophonic-Records-2025-.jpg?resize=350%2C200&ssl=1","width":350,"height":200,"srcset":"https:\/\/i0.wp.com\/tomajazz.com\/web\/wp-content\/uploads\/2025\/10\/Dave-Rempis-Jason-Adasiewicz-Chris-Corsano-Dial-Up-Aerophonic-Records-2025-.jpg?resize=350%2C200&ssl=1 1x, https:\/\/i0.wp.com\/tomajazz.com\/web\/wp-content\/uploads\/2025\/10\/Dave-Rempis-Jason-Adasiewicz-Chris-Corsano-Dial-Up-Aerophonic-Records-2025-.jpg?resize=525%2C300&ssl=1 1.5x, https:\/\/i0.wp.com\/tomajazz.com\/web\/wp-content\/uploads\/2025\/10\/Dave-Rempis-Jason-Adasiewicz-Chris-Corsano-Dial-Up-Aerophonic-Records-2025-.jpg?resize=700%2C400&ssl=1 2x"},"classes":[]},{"id":101638,"url":"https:\/\/tomajazz.com\/web\/dexter-gordon-more-than-you-know-2025\/","url_meta":{"origin":99088,"position":4},"title":"Dexter Gordon: More Than You Know (GleAM Records; 1981; edici\u00f3n 2025) Por Pachi Tapiz [Grabaci\u00f3n de jazz]","author":"Tomajazz","date":"10 noviembre, 2025","format":false,"excerpt":"More Than You Know es una grabaci\u00f3n in\u00e9dita de Dexter Gordon de 1981 publicada por GleAM Records en 2025. Pachi Tapiz repasa la grabaci\u00f3n. Con Dexter Gordon, Kirk Lightsey, David Eubanks, Edward Gladden","rel":"","context":"En \u00abGrabaciones...\u00bb","block_context":{"text":"Grabaciones...","link":"https:\/\/tomajazz.com\/web\/category\/contenidos\/textos\/grabaciones\/"},"img":{"alt_text":"Dexter Gordon: More Than You Know (GleAM Records; 1981; edici\u00f3n 2025) Por Pachi Tapiz [Grabaci\u00f3n de jazz] - Tomajazz - More Than You Know es una grabaci\u00f3n in\u00e9dita de Dexter Gordon de 1981 publicada por GleAM Records en 2025. Pachi Tapiz repasa la grabaci\u00f3n. Con Dexter Gordon,  Kirk Lightsey (piano); David Eubanks (contrabajo); Edward Gladden","src":"https:\/\/i0.wp.com\/tomajazz.com\/web\/wp-content\/uploads\/2025\/11\/Dexter-Gordon-More-Than-You-Know-GleAM-Records-1981-edicion-2025-Tomajazz.jpg?resize=350%2C200&ssl=1","width":350,"height":200,"srcset":"https:\/\/i0.wp.com\/tomajazz.com\/web\/wp-content\/uploads\/2025\/11\/Dexter-Gordon-More-Than-You-Know-GleAM-Records-1981-edicion-2025-Tomajazz.jpg?resize=350%2C200&ssl=1 1x, https:\/\/i0.wp.com\/tomajazz.com\/web\/wp-content\/uploads\/2025\/11\/Dexter-Gordon-More-Than-You-Know-GleAM-Records-1981-edicion-2025-Tomajazz.jpg?resize=525%2C300&ssl=1 1.5x, https:\/\/i0.wp.com\/tomajazz.com\/web\/wp-content\/uploads\/2025\/11\/Dexter-Gordon-More-Than-You-Know-GleAM-Records-1981-edicion-2025-Tomajazz.jpg?resize=700%2C400&ssl=1 2x"},"classes":[]},{"id":15671,"url":"https:\/\/tomajazz.com\/web\/las-dificultades-de-gauss\/","url_meta":{"origin":99088,"position":5},"title":"Las dificultades de Gauss","author":"Tomajazz","date":"25 noviembre, 2014","format":false,"excerpt":"Tengo mis resultados hace tiempo, pero no s\u00e9 c\u00f3mo llegar a ellos Carl Friedrich Gauss (1777-1855)","rel":"","context":"En \u00ab*_Pachi Tapiz\u00bb","block_context":{"text":"*_Pachi Tapiz","link":"https:\/\/tomajazz.com\/web\/category\/pachi-tapiz\/"},"img":{"alt_text":"","src":"https:\/\/i0.wp.com\/tomajazz.com\/web\/wp-content\/uploads\/2014\/11\/Oil-painting-of-mathematician-and-philosopher-Carl-Friedrich-Gauss-by-G.-Biermann-1824-1908-e1416861745695.jpg?resize=350%2C200&ssl=1","width":350,"height":200},"classes":[]}],"_links":{"self":[{"href":"https:\/\/tomajazz.com\/web\/wp-json\/wp\/v2\/posts\/99088","targetHints":{"allow":["GET"]}}],"collection":[{"href":"https:\/\/tomajazz.com\/web\/wp-json\/wp\/v2\/posts"}],"about":[{"href":"https:\/\/tomajazz.com\/web\/wp-json\/wp\/v2\/types\/post"}],"author":[{"embeddable":true,"href":"https:\/\/tomajazz.com\/web\/wp-json\/wp\/v2\/users\/1"}],"replies":[{"embeddable":true,"href":"https:\/\/tomajazz.com\/web\/wp-json\/wp\/v2\/comments?post=99088"}],"version-history":[{"count":4,"href":"https:\/\/tomajazz.com\/web\/wp-json\/wp\/v2\/posts\/99088\/revisions"}],"predecessor-version":[{"id":101497,"href":"https:\/\/tomajazz.com\/web\/wp-json\/wp\/v2\/posts\/99088\/revisions\/101497"}],"wp:featuredmedia":[{"embeddable":true,"href":"https:\/\/tomajazz.com\/web\/wp-json\/wp\/v2\/media\/99091"}],"wp:attachment":[{"href":"https:\/\/tomajazz.com\/web\/wp-json\/wp\/v2\/media?parent=99088"}],"wp:term":[{"taxonomy":"category","embeddable":true,"href":"https:\/\/tomajazz.com\/web\/wp-json\/wp\/v2\/categories?post=99088"},{"taxonomy":"post_tag","embeddable":true,"href":"https:\/\/tomajazz.com\/web\/wp-json\/wp\/v2\/tags?post=99088"}],"curies":[{"name":"wp","href":"https:\/\/api.w.org\/{rel}","templated":true}]}}