{"id":99477,"date":"2025-09-20T17:00:39","date_gmt":"2025-09-20T15:00:39","guid":{"rendered":"https:\/\/tomajazz.com\/web\/?p=99477"},"modified":"2025-09-20T14:42:33","modified_gmt":"2025-09-20T12:42:33","slug":"eneko-dieguez-quartet-san-sebastian-2025","status":"publish","type":"post","link":"https:\/\/tomajazz.com\/web\/eneko-dieguez-quartet-san-sebastian-2025\/","title":{"rendered":"Eneko Di\u00e9guez Quartet (60 Festival de Jazz de San Sebasti\u00e1n 2025. 2025-07-25) Por Jos\u00e9 Luis Luna Rocafort [INSTANTZZ AKA Galer\u00eda fotogr\u00e1fica AKA Fotoblog de jazz, impro\u2026 y algo m\u00e1s]"},"content":{"rendered":"<h3>Eneko Di\u00e9guez Quartet<\/h3>\n<h3>60 Festival de Jazz de San Sebasti\u00e1n 2025<\/h3>\n<ul>\n<li>Viernes, 25 de julio de 2025. 20:00h.<\/li>\n<li>Lugar: Frigo Gunea. San Sebasti\u00e1n<\/li>\n<li>Formaci\u00f3n:<br \/>\nEneko Di\u00e9guez: saxos alto y soprano<br \/>\nRa\u00fal P\u00e9rez: piano, teclados<br \/>\nNicol\u00e1s\u00a0Alvear: bajo<br \/>\nEneko Arbea: bater\u00eda<\/li>\n<\/ul>\n<p style=\"text-align: center;\"><img loading=\"lazy\" decoding=\"async\" class=\"aligncenter size-full wp-image-99478\" title=\"Eneko Di\u00e9guez Quartet (60 Festival de Jazz de San Sebasti\u00e1n 2025. 2025-07-25) Por Jos\u00e9 Luis Luna Rocafort [INSTANTZZ AKA Galer\u00eda fotogr\u00e1fica AKA Fotoblog de jazz, impro\u2026 y algo m\u00e1s] Tomajazz 001\" src=\"https:\/\/tomajazz.com\/web\/wp-content\/uploads\/2025\/09\/001-16.jpg\" alt=\"Eneko Di\u00e9guez Quartet (60 Festival de Jazz de San Sebasti\u00e1n 2025. 2025-07-25) Por Jos\u00e9 Luis Luna Rocafort [INSTANTZZ AKA Galer\u00eda fotogr\u00e1fica AKA Fotoblog de jazz, impro\u2026 y algo m\u00e1s] - Tomajazz - Eneko Di\u00e9guez Quartet actu\u00f3 en el 60 Festival de Jazz de San Sebasti\u00e1n 2025. Jos\u00e9 Luis Luna Rocafort lo retrata en INSTANTZZ. Actuaron Eneko Di\u00e9guez, Ra\u00fal P\u00e9rez, Nicol\u00e1s\u00a0Alvear, Eneko Arbea\" width=\"600\" height=\"400\" srcset=\"https:\/\/tomajazz.com\/web\/wp-content\/uploads\/2025\/09\/001-16.jpg 600w, https:\/\/tomajazz.com\/web\/wp-content\/uploads\/2025\/09\/001-16-300x200.jpg 300w, https:\/\/tomajazz.com\/web\/wp-content\/uploads\/2025\/09\/001-16-465x310.jpg 465w\" sizes=\"auto, (max-width: 600px) 100vw, 600px\" \/><\/p>\n<p><img loading=\"lazy\" decoding=\"async\" class=\"aligncenter size-large wp-image-99479\" title=\"Eneko Di\u00e9guez Quartet (60 Festival de Jazz de San Sebasti\u00e1n 2025. 2025-07-25) Por Jos\u00e9 Luis Luna Rocafort [INSTANTZZ AKA Galer\u00eda fotogr\u00e1fica AKA Fotoblog de jazz, impro\u2026 y algo m\u00e1s] Tomajazz 002\" src=\"https:\/\/tomajazz.com\/web\/wp-content\/uploads\/2025\/09\/002-16.jpg\" alt=\"Eneko Di\u00e9guez Quartet (60 Festival de Jazz de San Sebasti\u00e1n 2025. 2025-07-25) Por Jos\u00e9 Luis Luna Rocafort [INSTANTZZ AKA Galer\u00eda fotogr\u00e1fica AKA Fotoblog de jazz, impro\u2026 y algo m\u00e1s] - Tomajazz - Eneko Di\u00e9guez Quartet actu\u00f3 en el 60 Festival de Jazz de San Sebasti\u00e1n 2025. Jos\u00e9 Luis Luna Rocafort lo retrata en INSTANTZZ. Actuaron Eneko Di\u00e9guez, Ra\u00fal P\u00e9rez, Nicol\u00e1s\u00a0Alvear, Eneko Arbea\" width=\"600\" height=\"400\" srcset=\"https:\/\/tomajazz.com\/web\/wp-content\/uploads\/2025\/09\/002-16.jpg 600w, https:\/\/tomajazz.com\/web\/wp-content\/uploads\/2025\/09\/002-16-300x200.jpg 300w, https:\/\/tomajazz.com\/web\/wp-content\/uploads\/2025\/09\/002-16-465x310.jpg 465w\" sizes=\"auto, (max-width: 600px) 100vw, 600px\" \/><\/p>\n<p><img loading=\"lazy\" decoding=\"async\" class=\"aligncenter size-large wp-image-99480\" title=\"Eneko Di\u00e9guez Quartet (60 Festival de Jazz de San Sebasti\u00e1n 2025. 2025-07-25) Por Jos\u00e9 Luis Luna Rocafort [INSTANTZZ AKA Galer\u00eda fotogr\u00e1fica AKA Fotoblog de jazz, impro\u2026 y algo m\u00e1s] Tomajazz 003\" src=\"https:\/\/tomajazz.com\/web\/wp-content\/uploads\/2025\/09\/003-16.jpg\" alt=\"Eneko Di\u00e9guez Quartet (60 Festival de Jazz de San Sebasti\u00e1n 2025. 2025-07-25) Por Jos\u00e9 Luis Luna Rocafort [INSTANTZZ AKA Galer\u00eda fotogr\u00e1fica AKA Fotoblog de jazz, impro\u2026 y algo m\u00e1s] - Tomajazz - Eneko Di\u00e9guez Quartet actu\u00f3 en el 60 Festival de Jazz de San Sebasti\u00e1n 2025. Jos\u00e9 Luis Luna Rocafort lo retrata en INSTANTZZ. Actuaron Eneko Di\u00e9guez, Ra\u00fal P\u00e9rez, Nicol\u00e1s\u00a0Alvear, Eneko Arbea\" width=\"600\" height=\"400\" srcset=\"https:\/\/tomajazz.com\/web\/wp-content\/uploads\/2025\/09\/003-16.jpg 600w, https:\/\/tomajazz.com\/web\/wp-content\/uploads\/2025\/09\/003-16-300x200.jpg 300w, https:\/\/tomajazz.com\/web\/wp-content\/uploads\/2025\/09\/003-16-465x310.jpg 465w\" sizes=\"auto, (max-width: 600px) 100vw, 600px\" \/><\/p>\n<p><img loading=\"lazy\" decoding=\"async\" class=\"aligncenter size-large wp-image-99481\" title=\"Eneko Di\u00e9guez Quartet (60 Festival de Jazz de San Sebasti\u00e1n 2025. 2025-07-25) Por Jos\u00e9 Luis Luna Rocafort [INSTANTZZ AKA Galer\u00eda fotogr\u00e1fica AKA Fotoblog de jazz, impro\u2026 y algo m\u00e1s] Tomajazz 004\" src=\"https:\/\/tomajazz.com\/web\/wp-content\/uploads\/2025\/09\/004-16.jpg\" alt=\"Eneko Di\u00e9guez Quartet (60 Festival de Jazz de San Sebasti\u00e1n 2025. 2025-07-25) Por Jos\u00e9 Luis Luna Rocafort [INSTANTZZ AKA Galer\u00eda fotogr\u00e1fica AKA Fotoblog de jazz, impro\u2026 y algo m\u00e1s] - Tomajazz - Eneko Di\u00e9guez Quartet actu\u00f3 en el 60 Festival de Jazz de San Sebasti\u00e1n 2025. Jos\u00e9 Luis Luna Rocafort lo retrata en INSTANTZZ. Actuaron Eneko Di\u00e9guez, Ra\u00fal P\u00e9rez, Nicol\u00e1s\u00a0Alvear, Eneko Arbea\" width=\"600\" height=\"400\" srcset=\"https:\/\/tomajazz.com\/web\/wp-content\/uploads\/2025\/09\/004-16.jpg 600w, https:\/\/tomajazz.com\/web\/wp-content\/uploads\/2025\/09\/004-16-300x200.jpg 300w, https:\/\/tomajazz.com\/web\/wp-content\/uploads\/2025\/09\/004-16-465x310.jpg 465w\" sizes=\"auto, (max-width: 600px) 100vw, 600px\" \/><\/p>\n<p><img loading=\"lazy\" decoding=\"async\" class=\"aligncenter size-large wp-image-99482\" title=\"Eneko Di\u00e9guez Quartet (60 Festival de Jazz de San Sebasti\u00e1n 2025. 2025-07-25) Por Jos\u00e9 Luis Luna Rocafort [INSTANTZZ AKA Galer\u00eda fotogr\u00e1fica AKA Fotoblog de jazz, impro\u2026 y algo m\u00e1s] Tomajazz 005\" src=\"https:\/\/tomajazz.com\/web\/wp-content\/uploads\/2025\/09\/005-16.jpg\" alt=\"Eneko Di\u00e9guez Quartet (60 Festival de Jazz de San Sebasti\u00e1n 2025. 2025-07-25) Por Jos\u00e9 Luis Luna Rocafort [INSTANTZZ AKA Galer\u00eda fotogr\u00e1fica AKA Fotoblog de jazz, impro\u2026 y algo m\u00e1s] - Tomajazz - Eneko Di\u00e9guez Quartet actu\u00f3 en el 60 Festival de Jazz de San Sebasti\u00e1n 2025. Jos\u00e9 Luis Luna Rocafort lo retrata en INSTANTZZ. Actuaron Eneko Di\u00e9guez, Ra\u00fal P\u00e9rez, Nicol\u00e1s\u00a0Alvear, Eneko Arbea\" width=\"600\" height=\"400\" srcset=\"https:\/\/tomajazz.com\/web\/wp-content\/uploads\/2025\/09\/005-16.jpg 600w, https:\/\/tomajazz.com\/web\/wp-content\/uploads\/2025\/09\/005-16-300x200.jpg 300w, https:\/\/tomajazz.com\/web\/wp-content\/uploads\/2025\/09\/005-16-465x310.jpg 465w\" sizes=\"auto, (max-width: 600px) 100vw, 600px\" \/><\/p>\n<p><img loading=\"lazy\" decoding=\"async\" class=\"aligncenter size-large wp-image-99483\" title=\"Eneko Di\u00e9guez Quartet (60 Festival de Jazz de San Sebasti\u00e1n 2025. 2025-07-25) Por Jos\u00e9 Luis Luna Rocafort [INSTANTZZ AKA Galer\u00eda fotogr\u00e1fica AKA Fotoblog de jazz, impro\u2026 y algo m\u00e1s] Tomajazz 006\" src=\"https:\/\/tomajazz.com\/web\/wp-content\/uploads\/2025\/09\/006-16.jpg\" alt=\"Eneko Di\u00e9guez Quartet (60 Festival de Jazz de San Sebasti\u00e1n 2025. 2025-07-25) Por Jos\u00e9 Luis Luna Rocafort [INSTANTZZ AKA Galer\u00eda fotogr\u00e1fica AKA Fotoblog de jazz, impro\u2026 y algo m\u00e1s] - Tomajazz - Eneko Di\u00e9guez Quartet actu\u00f3 en el 60 Festival de Jazz de San Sebasti\u00e1n 2025. Jos\u00e9 Luis Luna Rocafort lo retrata en INSTANTZZ. Actuaron Eneko Di\u00e9guez, Ra\u00fal P\u00e9rez, Nicol\u00e1s\u00a0Alvear, Eneko Arbea\" width=\"600\" height=\"400\" srcset=\"https:\/\/tomajazz.com\/web\/wp-content\/uploads\/2025\/09\/006-16.jpg 600w, https:\/\/tomajazz.com\/web\/wp-content\/uploads\/2025\/09\/006-16-300x200.jpg 300w, https:\/\/tomajazz.com\/web\/wp-content\/uploads\/2025\/09\/006-16-465x310.jpg 465w\" sizes=\"auto, (max-width: 600px) 100vw, 600px\" \/><\/p>\n<p><img loading=\"lazy\" decoding=\"async\" class=\"aligncenter size-large wp-image-99484\" title=\"Eneko Di\u00e9guez Quartet (60 Festival de Jazz de San Sebasti\u00e1n 2025. 2025-07-25) Por Jos\u00e9 Luis Luna Rocafort [INSTANTZZ AKA Galer\u00eda fotogr\u00e1fica AKA Fotoblog de jazz, impro\u2026 y algo m\u00e1s] Tomajazz 007\" src=\"https:\/\/tomajazz.com\/web\/wp-content\/uploads\/2025\/09\/007-16.jpg\" alt=\"Eneko Di\u00e9guez Quartet (60 Festival de Jazz de San Sebasti\u00e1n 2025. 2025-07-25) Por Jos\u00e9 Luis Luna Rocafort [INSTANTZZ AKA Galer\u00eda fotogr\u00e1fica AKA Fotoblog de jazz, impro\u2026 y algo m\u00e1s] - Tomajazz - Eneko Di\u00e9guez Quartet actu\u00f3 en el 60 Festival de Jazz de San Sebasti\u00e1n 2025. Jos\u00e9 Luis Luna Rocafort lo retrata en INSTANTZZ. Actuaron Eneko Di\u00e9guez, Ra\u00fal P\u00e9rez, Nicol\u00e1s\u00a0Alvear, Eneko Arbea\" width=\"600\" height=\"400\" srcset=\"https:\/\/tomajazz.com\/web\/wp-content\/uploads\/2025\/09\/007-16.jpg 600w, https:\/\/tomajazz.com\/web\/wp-content\/uploads\/2025\/09\/007-16-300x200.jpg 300w, https:\/\/tomajazz.com\/web\/wp-content\/uploads\/2025\/09\/007-16-465x310.jpg 465w\" sizes=\"auto, (max-width: 600px) 100vw, 600px\" \/><\/p>\n<p><img loading=\"lazy\" decoding=\"async\" class=\"aligncenter size-large wp-image-99485\" title=\"Eneko Di\u00e9guez Quartet (60 Festival de Jazz de San Sebasti\u00e1n 2025. 2025-07-25) Por Jos\u00e9 Luis Luna Rocafort [INSTANTZZ AKA Galer\u00eda fotogr\u00e1fica AKA Fotoblog de jazz, impro\u2026 y algo m\u00e1s] Tomajazz 008\" src=\"https:\/\/tomajazz.com\/web\/wp-content\/uploads\/2025\/09\/008-16.jpg\" alt=\"Eneko Di\u00e9guez Quartet (60 Festival de Jazz de San Sebasti\u00e1n 2025. 2025-07-25) Por Jos\u00e9 Luis Luna Rocafort [INSTANTZZ AKA Galer\u00eda fotogr\u00e1fica AKA Fotoblog de jazz, impro\u2026 y algo m\u00e1s] - Tomajazz - Eneko Di\u00e9guez Quartet actu\u00f3 en el 60 Festival de Jazz de San Sebasti\u00e1n 2025. Jos\u00e9 Luis Luna Rocafort lo retrata en INSTANTZZ. Actuaron Eneko Di\u00e9guez, Ra\u00fal P\u00e9rez, Nicol\u00e1s\u00a0Alvear, Eneko Arbea\" width=\"400\" height=\"600\" srcset=\"https:\/\/tomajazz.com\/web\/wp-content\/uploads\/2025\/09\/008-16.jpg 400w, https:\/\/tomajazz.com\/web\/wp-content\/uploads\/2025\/09\/008-16-200x300.jpg 200w, https:\/\/tomajazz.com\/web\/wp-content\/uploads\/2025\/09\/008-16-367x550.jpg 367w, https:\/\/tomajazz.com\/web\/wp-content\/uploads\/2025\/09\/008-16-333x500.jpg 333w\" sizes=\"auto, (max-width: 400px) 100vw, 400px\" \/><\/p>\n<p><img loading=\"lazy\" decoding=\"async\" class=\"aligncenter size-large wp-image-99486\" title=\"Eneko Di\u00e9guez Quartet (60 Festival de Jazz de San Sebasti\u00e1n 2025. 2025-07-25) Por Jos\u00e9 Luis Luna Rocafort [INSTANTZZ AKA Galer\u00eda fotogr\u00e1fica AKA Fotoblog de jazz, impro\u2026 y algo m\u00e1s] Tomajazz 009\" src=\"https:\/\/tomajazz.com\/web\/wp-content\/uploads\/2025\/09\/009-16.jpg\" alt=\"Eneko Di\u00e9guez Quartet (60 Festival de Jazz de San Sebasti\u00e1n 2025. 2025-07-25) Por Jos\u00e9 Luis Luna Rocafort [INSTANTZZ AKA Galer\u00eda fotogr\u00e1fica AKA Fotoblog de jazz, impro\u2026 y algo m\u00e1s] - Tomajazz - Eneko Di\u00e9guez Quartet actu\u00f3 en el 60 Festival de Jazz de San Sebasti\u00e1n 2025. Jos\u00e9 Luis Luna Rocafort lo retrata en INSTANTZZ. Actuaron Eneko Di\u00e9guez, Ra\u00fal P\u00e9rez, Nicol\u00e1s\u00a0Alvear, Eneko Arbea\" width=\"600\" height=\"400\" srcset=\"https:\/\/tomajazz.com\/web\/wp-content\/uploads\/2025\/09\/009-16.jpg 600w, https:\/\/tomajazz.com\/web\/wp-content\/uploads\/2025\/09\/009-16-300x200.jpg 300w, https:\/\/tomajazz.com\/web\/wp-content\/uploads\/2025\/09\/009-16-465x310.jpg 465w\" sizes=\"auto, (max-width: 600px) 100vw, 600px\" \/><\/p>\n<p><img loading=\"lazy\" decoding=\"async\" class=\"aligncenter size-large wp-image-99487\" title=\"Eneko Di\u00e9guez Quartet (60 Festival de Jazz de San Sebasti\u00e1n 2025. 2025-07-25) Por Jos\u00e9 Luis Luna Rocafort [INSTANTZZ AKA Galer\u00eda fotogr\u00e1fica AKA Fotoblog de jazz, impro\u2026 y algo m\u00e1s] Tomajazz 010\" src=\"https:\/\/tomajazz.com\/web\/wp-content\/uploads\/2025\/09\/010-16.jpg\" alt=\"Eneko Di\u00e9guez Quartet (60 Festival de Jazz de San Sebasti\u00e1n 2025. 2025-07-25) Por Jos\u00e9 Luis Luna Rocafort [INSTANTZZ AKA Galer\u00eda fotogr\u00e1fica AKA Fotoblog de jazz, impro\u2026 y algo m\u00e1s] - Tomajazz - Eneko Di\u00e9guez Quartet actu\u00f3 en el 60 Festival de Jazz de San Sebasti\u00e1n 2025. Jos\u00e9 Luis Luna Rocafort lo retrata en INSTANTZZ. Actuaron Eneko Di\u00e9guez, Ra\u00fal P\u00e9rez, Nicol\u00e1s\u00a0Alvear, Eneko Arbea\" width=\"600\" height=\"400\" srcset=\"https:\/\/tomajazz.com\/web\/wp-content\/uploads\/2025\/09\/010-16.jpg 600w, https:\/\/tomajazz.com\/web\/wp-content\/uploads\/2025\/09\/010-16-300x200.jpg 300w, https:\/\/tomajazz.com\/web\/wp-content\/uploads\/2025\/09\/010-16-465x310.jpg 465w\" sizes=\"auto, (max-width: 600px) 100vw, 600px\" \/><\/p>\n<p><img loading=\"lazy\" decoding=\"async\" class=\"aligncenter size-large wp-image-99488\" title=\"Eneko Di\u00e9guez Quartet (60 Festival de Jazz de San Sebasti\u00e1n 2025. 2025-07-25) Por Jos\u00e9 Luis Luna Rocafort [INSTANTZZ AKA Galer\u00eda fotogr\u00e1fica AKA Fotoblog de jazz, impro\u2026 y algo m\u00e1s] Tomajazz 011\" src=\"https:\/\/tomajazz.com\/web\/wp-content\/uploads\/2025\/09\/011-16.jpg\" alt=\"Eneko Di\u00e9guez Quartet (60 Festival de Jazz de San Sebasti\u00e1n 2025. 2025-07-25) Por Jos\u00e9 Luis Luna Rocafort [INSTANTZZ AKA Galer\u00eda fotogr\u00e1fica AKA Fotoblog de jazz, impro\u2026 y algo m\u00e1s] - Tomajazz - Eneko Di\u00e9guez Quartet actu\u00f3 en el 60 Festival de Jazz de San Sebasti\u00e1n 2025. Jos\u00e9 Luis Luna Rocafort lo retrata en INSTANTZZ. Actuaron Eneko Di\u00e9guez, Ra\u00fal P\u00e9rez, Nicol\u00e1s\u00a0Alvear, Eneko Arbea\" width=\"600\" height=\"400\" srcset=\"https:\/\/tomajazz.com\/web\/wp-content\/uploads\/2025\/09\/011-16.jpg 600w, https:\/\/tomajazz.com\/web\/wp-content\/uploads\/2025\/09\/011-16-300x200.jpg 300w, https:\/\/tomajazz.com\/web\/wp-content\/uploads\/2025\/09\/011-16-465x310.jpg 465w\" sizes=\"auto, (max-width: 600px) 100vw, 600px\" \/><\/p>\n<p><img loading=\"lazy\" decoding=\"async\" class=\"aligncenter size-large wp-image-99489\" title=\"Eneko Di\u00e9guez Quartet (60 Festival de Jazz de San Sebasti\u00e1n 2025. 2025-07-25) Por Jos\u00e9 Luis Luna Rocafort [INSTANTZZ AKA Galer\u00eda fotogr\u00e1fica AKA Fotoblog de jazz, impro\u2026 y algo m\u00e1s] Tomajazz 012\" src=\"https:\/\/tomajazz.com\/web\/wp-content\/uploads\/2025\/09\/012-16.jpg\" alt=\"Eneko Di\u00e9guez Quartet (60 Festival de Jazz de San Sebasti\u00e1n 2025. 2025-07-25) Por Jos\u00e9 Luis Luna Rocafort [INSTANTZZ AKA Galer\u00eda fotogr\u00e1fica AKA Fotoblog de jazz, impro\u2026 y algo m\u00e1s] - Tomajazz - Eneko Di\u00e9guez Quartet actu\u00f3 en el 60 Festival de Jazz de San Sebasti\u00e1n 2025. Jos\u00e9 Luis Luna Rocafort lo retrata en INSTANTZZ. Actuaron Eneko Di\u00e9guez, Ra\u00fal P\u00e9rez, Nicol\u00e1s\u00a0Alvear, Eneko Arbea\" width=\"600\" height=\"400\" srcset=\"https:\/\/tomajazz.com\/web\/wp-content\/uploads\/2025\/09\/012-16.jpg 600w, https:\/\/tomajazz.com\/web\/wp-content\/uploads\/2025\/09\/012-16-300x200.jpg 300w, https:\/\/tomajazz.com\/web\/wp-content\/uploads\/2025\/09\/012-16-465x310.jpg 465w\" sizes=\"auto, (max-width: 600px) 100vw, 600px\" \/><\/p>\n<p style=\"text-align: right;\">Tomajazz:\u00a0\u00a9\u00a0<strong><a href=\"https:\/\/www.facebook.com\/joseluis.lunarocafort\" target=\"_blank\" rel=\"noopener\">Jos\u00e9 Luis Luna Rocafort<\/a><\/strong>, 2025<\/p>\n<h3>M\u00e1s informaci\u00f3n sobre Eneko Di\u00e9guez<\/h3>\n<p><a href=\"https:\/\/www.instagram.com\/_dieegueezz_\/\" target=\"_blank\" rel=\"noopener\">https:\/\/www.instagram.com\/_dieegueezz_\/<\/a><\/p>\n<p><a href=\"https:\/\/tomajazz.com\/web\/?s=eneko+dieguezt&amp;submit=search\" target=\"_blank\" rel=\"noopener\">https:\/\/tomajazz.com\/web\/?s=eneko+dieguezt&amp;submit=search<\/a><\/p>\n<p><a href=\"https:\/\/www.jazzaldia.eus\" target=\"_blank\" rel=\"noopener\">https:\/\/www.jazzaldia.eus<\/a><\/p>\n<p><a href=\"https:\/\/tomajazz.com\/web\/?s=jazzaldia&amp;submit=Search\" target=\"_blank\" rel=\"noopener\">https:\/\/tomajazz.com\/web\/?s=jazzaldia&amp;submit=Search<\/a><\/p>\n<h3>60 Festival de Jazz de San Sebasti\u00e1n 2025 en Tomajazz<\/h3>\n<blockquote class=\"wp-embedded-content\" data-secret=\"YAfAjECBkV\"><p><a href=\"https:\/\/tomajazz.com\/web\/marc-ribot-hurry-red-telephone-donosti-2025\/\">Marc Ribot Hurry Red Telephone (60 Festival de Jazz de San Sebasti\u00e1n 2025. 2025-07-25) Por Jos\u00e9 Luis Luna Rocafort [INSTANTZZ AKA Galer\u00eda fotogr\u00e1fica AKA Fotoblog de jazz, impro\u2026 y algo m\u00e1s]<\/a><\/p><\/blockquote>\n<p><iframe loading=\"lazy\" class=\"wp-embedded-content\" sandbox=\"allow-scripts\" security=\"restricted\" style=\"position: absolute; visibility: hidden;\" title=\"\u00abMarc Ribot Hurry Red Telephone (60 Festival de Jazz de San Sebasti\u00e1n 2025. 2025-07-25) Por Jos\u00e9 Luis Luna Rocafort [INSTANTZZ AKA Galer\u00eda fotogr\u00e1fica AKA Fotoblog de jazz, impro\u2026 y algo m\u00e1s]\u00bb \u2014 Tomajazz\" src=\"https:\/\/tomajazz.com\/web\/marc-ribot-hurry-red-telephone-donosti-2025\/embed\/#?secret=mCSnWp2rOL#?secret=YAfAjECBkV\" data-secret=\"YAfAjECBkV\" width=\"600\" height=\"338\" frameborder=\"0\" marginwidth=\"0\" marginheight=\"0\" scrolling=\"no\"><\/iframe><\/p>\n<blockquote class=\"wp-embedded-content\" data-secret=\"GAfecQEJHJ\"><p><a href=\"https:\/\/tomajazz.com\/web\/jessie-gordon-quintet-san-sebastian-2025\/\">Jessie Gordon Quintet (60 Festival de Jazz de San Sebasti\u00e1n 2025. 2025-07-24) Por Jos\u00e9 Luis Luna Rocafort [INSTANTZZ AKA Galer\u00eda fotogr\u00e1fica AKA Fotoblog de jazz, impro\u2026 y algo m\u00e1s]<\/a><\/p><\/blockquote>\n<p><iframe loading=\"lazy\" class=\"wp-embedded-content\" sandbox=\"allow-scripts\" security=\"restricted\" style=\"position: absolute; visibility: hidden;\" title=\"\u00abJessie Gordon Quintet (60 Festival de Jazz de San Sebasti\u00e1n 2025. 2025-07-24) Por Jos\u00e9 Luis Luna Rocafort [INSTANTZZ AKA Galer\u00eda fotogr\u00e1fica AKA Fotoblog de jazz, impro\u2026 y algo m\u00e1s]\u00bb \u2014 Tomajazz\" src=\"https:\/\/tomajazz.com\/web\/jessie-gordon-quintet-san-sebastian-2025\/embed\/#?secret=U6oKk1YsiH#?secret=GAfecQEJHJ\" data-secret=\"GAfecQEJHJ\" width=\"600\" height=\"338\" frameborder=\"0\" marginwidth=\"0\" marginheight=\"0\" scrolling=\"no\"><\/iframe><\/p>\n<blockquote class=\"wp-embedded-content\" data-secret=\"1ThzD1VwDy\"><p><a href=\"https:\/\/tomajazz.com\/web\/marc-ribot-dee-dee-bridgewater-donosti-2025\/\">Marc Ribot Hurry Red Telephone &#8211; Dee Dee Bridgewater Quartet: We Exist! (60 Festival de Jazz de San Sebasti\u00e1n 2025. 2025-07-25) Por Antonio Torres (texto y fotos), y Pepe Mateos (fotos) [Concierto de jazz]<\/a><\/p><\/blockquote>\n<p><iframe loading=\"lazy\" class=\"wp-embedded-content\" sandbox=\"allow-scripts\" security=\"restricted\" style=\"position: absolute; visibility: hidden;\" title=\"\u00abMarc Ribot Hurry Red Telephone &#8211; Dee Dee Bridgewater Quartet: We Exist! (60 Festival de Jazz de San Sebasti\u00e1n 2025. 2025-07-25) Por Antonio Torres (texto y fotos), y Pepe Mateos (fotos) [Concierto de jazz]\u00bb \u2014 Tomajazz\" src=\"https:\/\/tomajazz.com\/web\/marc-ribot-dee-dee-bridgewater-donosti-2025\/embed\/#?secret=LdtpOdC12e#?secret=1ThzD1VwDy\" data-secret=\"1ThzD1VwDy\" width=\"600\" height=\"338\" frameborder=\"0\" marginwidth=\"0\" marginheight=\"0\" scrolling=\"no\"><\/iframe><\/p>\n<blockquote class=\"wp-embedded-content\" data-secret=\"UB2KnxWJtg\"><p><a href=\"https:\/\/tomajazz.com\/web\/hermeto-pascoal-donosti-2025\/\">Hermeto Pascoal &#038; Grupo (60 Festival de Jazz de San Sebasti\u00e1n 2025. 2025-07-25) Por Jos\u00e9 Luis Luna Rocafort [INSTANTZZ AKA Galer\u00eda fotogr\u00e1fica AKA Fotoblog de jazz, impro\u2026 y algo m\u00e1s]<\/a><\/p><\/blockquote>\n<p><iframe loading=\"lazy\" class=\"wp-embedded-content\" sandbox=\"allow-scripts\" security=\"restricted\" style=\"position: absolute; visibility: hidden;\" title=\"\u00abHermeto Pascoal &#038; Grupo (60 Festival de Jazz de San Sebasti\u00e1n 2025. 2025-07-25) Por Jos\u00e9 Luis Luna Rocafort [INSTANTZZ AKA Galer\u00eda fotogr\u00e1fica AKA Fotoblog de jazz, impro\u2026 y algo m\u00e1s]\u00bb \u2014 Tomajazz\" src=\"https:\/\/tomajazz.com\/web\/hermeto-pascoal-donosti-2025\/embed\/#?secret=bPOKopglTY#?secret=UB2KnxWJtg\" data-secret=\"UB2KnxWJtg\" width=\"600\" height=\"338\" frameborder=\"0\" marginwidth=\"0\" marginheight=\"0\" scrolling=\"no\"><\/iframe><\/p>\n<blockquote class=\"wp-embedded-content\" data-secret=\"UoYTVJ3RIf\"><p><a href=\"https:\/\/tomajazz.com\/web\/steve-coleman-kurt-elling-yellow-jackets-donosti-2025\/\">Steve Coleman Five Elements \/ Kurt Elling &#038; Yellow Jackets (60 Festival de Jazz de San Sebasti\u00e1n 2025. 2025-07-24) Por Antonio Torres (texto y fotos), y Pepe Mateos (fotos) [Concierto de jazz]<\/a><\/p><\/blockquote>\n<p><iframe loading=\"lazy\" class=\"wp-embedded-content\" sandbox=\"allow-scripts\" security=\"restricted\" style=\"position: absolute; visibility: hidden;\" title=\"\u00abSteve Coleman Five Elements \/ Kurt Elling &#038; Yellow Jackets (60 Festival de Jazz de San Sebasti\u00e1n 2025. 2025-07-24) Por Antonio Torres (texto y fotos), y Pepe Mateos (fotos) [Concierto de jazz]\u00bb \u2014 Tomajazz\" src=\"https:\/\/tomajazz.com\/web\/steve-coleman-kurt-elling-yellow-jackets-donosti-2025\/embed\/#?secret=x5JkKlX2qb#?secret=UoYTVJ3RIf\" data-secret=\"UoYTVJ3RIf\" width=\"600\" height=\"338\" frameborder=\"0\" marginwidth=\"0\" marginheight=\"0\" scrolling=\"no\"><\/iframe><\/p>\n<blockquote class=\"wp-embedded-content\" data-secret=\"ViB9K0osXX\"><p><a href=\"https:\/\/tomajazz.com\/web\/thomas-camille-jazzaldia-2025\/\">Thomas Camille (60 Festival de Jazz de San Sebasti\u00e1n 2025. 2025-07-24) Por Jos\u00e9 Luis Luna Rocafort [INSTANTZZ AKA Galer\u00eda fotogr\u00e1fica AKA Fotoblog de jazz, impro\u2026 y algo m\u00e1s]<\/a><\/p><\/blockquote>\n<p><iframe loading=\"lazy\" class=\"wp-embedded-content\" sandbox=\"allow-scripts\" security=\"restricted\" style=\"position: absolute; visibility: hidden;\" title=\"\u00abThomas Camille (60 Festival de Jazz de San Sebasti\u00e1n 2025. 2025-07-24) Por Jos\u00e9 Luis Luna Rocafort [INSTANTZZ AKA Galer\u00eda fotogr\u00e1fica AKA Fotoblog de jazz, impro\u2026 y algo m\u00e1s]\u00bb \u2014 Tomajazz\" src=\"https:\/\/tomajazz.com\/web\/thomas-camille-jazzaldia-2025\/embed\/#?secret=sGfK0j082Q#?secret=ViB9K0osXX\" data-secret=\"ViB9K0osXX\" width=\"600\" height=\"338\" frameborder=\"0\" marginwidth=\"0\" marginheight=\"0\" scrolling=\"no\"><\/iframe><\/p>\n<blockquote class=\"wp-embedded-content\" data-secret=\"GQJKKD4UIP\"><p><a href=\"https:\/\/tomajazz.com\/web\/kurt-elling-the-yellowjackets-donosti-2025\/\">Kurt Elling &#038; The Yellowjackets: Celebrate Weather Report (60 Festival de Jazz de San Sebasti\u00e1n 2025. 2025-07-24) Por Jos\u00e9 Luis Luna Rocafort [INSTANTZZ AKA Galer\u00eda fotogr\u00e1fica AKA Fotoblog de jazz, impro\u2026 y algo m\u00e1s]<\/a><\/p><\/blockquote>\n<p><iframe loading=\"lazy\" class=\"wp-embedded-content\" sandbox=\"allow-scripts\" security=\"restricted\" style=\"position: absolute; visibility: hidden;\" title=\"\u00abKurt Elling &#038; The Yellowjackets: Celebrate Weather Report (60 Festival de Jazz de San Sebasti\u00e1n 2025. 2025-07-24) Por Jos\u00e9 Luis Luna Rocafort [INSTANTZZ AKA Galer\u00eda fotogr\u00e1fica AKA Fotoblog de jazz, impro\u2026 y algo m\u00e1s]\u00bb \u2014 Tomajazz\" src=\"https:\/\/tomajazz.com\/web\/kurt-elling-the-yellowjackets-donosti-2025\/embed\/#?secret=paM5QHwMeo#?secret=GQJKKD4UIP\" data-secret=\"GQJKKD4UIP\" width=\"600\" height=\"338\" frameborder=\"0\" marginwidth=\"0\" marginheight=\"0\" scrolling=\"no\"><\/iframe><\/p>\n<blockquote class=\"wp-embedded-content\" data-secret=\"D9PDwJaA5I\"><p><a href=\"https:\/\/tomajazz.com\/web\/jazzybit-donosti-2025\/\">JazzyBIT (60 Festival de Jazz de San Sebasti\u00e1n 2025. 2025-07-24) Por Jos\u00e9 Luis Luna Rocafort [INSTANTZZ AKA Galer\u00eda fotogr\u00e1fica AKA Fotoblog de jazz, impro\u2026 y algo m\u00e1s]<\/a><\/p><\/blockquote>\n<p><iframe loading=\"lazy\" class=\"wp-embedded-content\" sandbox=\"allow-scripts\" security=\"restricted\" style=\"position: absolute; visibility: hidden;\" title=\"\u00abJazzyBIT (60 Festival de Jazz de San Sebasti\u00e1n 2025. 2025-07-24) Por Jos\u00e9 Luis Luna Rocafort [INSTANTZZ AKA Galer\u00eda fotogr\u00e1fica AKA Fotoblog de jazz, impro\u2026 y algo m\u00e1s]\u00bb \u2014 Tomajazz\" src=\"https:\/\/tomajazz.com\/web\/jazzybit-donosti-2025\/embed\/#?secret=ophCitS9Z8#?secret=D9PDwJaA5I\" data-secret=\"D9PDwJaA5I\" width=\"600\" height=\"338\" frameborder=\"0\" marginwidth=\"0\" marginheight=\"0\" scrolling=\"no\"><\/iframe><\/p>\n<blockquote class=\"wp-embedded-content\" data-secret=\"x2wzsDQ4y6\"><p><a href=\"https:\/\/tomajazz.com\/web\/steve-coleman-five-elements-donosti-2025\/\">Steve Coleman &#038; Five Elements (60 Festival de Jazz de San Sebasti\u00e1n 2025. 2025-07-24) Por Jos\u00e9 Luis Luna Rocafort [INSTANTZZ AKA Galer\u00eda fotogr\u00e1fica AKA Fotoblog de jazz, impro\u2026 y algo m\u00e1s]<\/a><\/p><\/blockquote>\n<p><iframe loading=\"lazy\" class=\"wp-embedded-content\" sandbox=\"allow-scripts\" security=\"restricted\" style=\"position: absolute; visibility: hidden;\" title=\"\u00abSteve Coleman &#038; Five Elements (60 Festival de Jazz de San Sebasti\u00e1n 2025. 2025-07-24) Por Jos\u00e9 Luis Luna Rocafort [INSTANTZZ AKA Galer\u00eda fotogr\u00e1fica AKA Fotoblog de jazz, impro\u2026 y algo m\u00e1s]\u00bb \u2014 Tomajazz\" src=\"https:\/\/tomajazz.com\/web\/steve-coleman-five-elements-donosti-2025\/embed\/#?secret=OJzHtWnbGD#?secret=x2wzsDQ4y6\" data-secret=\"x2wzsDQ4y6\" width=\"600\" height=\"338\" frameborder=\"0\" marginwidth=\"0\" marginheight=\"0\" scrolling=\"no\"><\/iframe><\/p>\n<blockquote class=\"wp-embedded-content\" data-secret=\"px1BiIZN0i\"><p><a href=\"https:\/\/tomajazz.com\/web\/pete-roth-trio-jazzaldia-2025\/\">Pete Roth Tr\u00edo featuring Bill Bruford (60 Festival de Jazz de San Sebasti\u00e1n 2025. 2025-07-23) Por Jos\u00e9 Luis Luna Rocafort [INSTANTZZ AKA Galer\u00eda fotogr\u00e1fica AKA Fotoblog de jazz, impro\u2026 y algo m\u00e1s]<\/a><\/p><\/blockquote>\n<p><iframe loading=\"lazy\" class=\"wp-embedded-content\" sandbox=\"allow-scripts\" security=\"restricted\" style=\"position: absolute; visibility: hidden;\" title=\"\u00abPete Roth Tr\u00edo featuring Bill Bruford (60 Festival de Jazz de San Sebasti\u00e1n 2025. 2025-07-23) Por Jos\u00e9 Luis Luna Rocafort [INSTANTZZ AKA Galer\u00eda fotogr\u00e1fica AKA Fotoblog de jazz, impro\u2026 y algo m\u00e1s]\u00bb \u2014 Tomajazz\" src=\"https:\/\/tomajazz.com\/web\/pete-roth-trio-jazzaldia-2025\/embed\/#?secret=3MgqubiLz3#?secret=px1BiIZN0i\" data-secret=\"px1BiIZN0i\" width=\"600\" height=\"338\" frameborder=\"0\" marginwidth=\"0\" marginheight=\"0\" scrolling=\"no\"><\/iframe><\/p>\n<blockquote class=\"wp-embedded-content\" data-secret=\"kvByhgXL0s\"><p><a href=\"https:\/\/tomajazz.com\/web\/jamie-cullum-ii-san-sebastian-2025\/\">Jamie Cullum (II) (60 Festival de Jazz de San Sebasti\u00e1n 2025. 2025-07-23) Por Jos\u00e9 Luis Luna Rocafort [INSTANTZZ AKA Galer\u00eda fotogr\u00e1fica AKA Fotoblog de jazz, impro\u2026 y algo m\u00e1s]<\/a><\/p><\/blockquote>\n<p><iframe loading=\"lazy\" class=\"wp-embedded-content\" sandbox=\"allow-scripts\" security=\"restricted\" style=\"position: absolute; visibility: hidden;\" title=\"\u00abJamie Cullum (II) (60 Festival de Jazz de San Sebasti\u00e1n 2025. 2025-07-23) Por Jos\u00e9 Luis Luna Rocafort [INSTANTZZ AKA Galer\u00eda fotogr\u00e1fica AKA Fotoblog de jazz, impro\u2026 y algo m\u00e1s]\u00bb \u2014 Tomajazz\" src=\"https:\/\/tomajazz.com\/web\/jamie-cullum-ii-san-sebastian-2025\/embed\/#?secret=MXrQ8fGNBS#?secret=kvByhgXL0s\" data-secret=\"kvByhgXL0s\" width=\"600\" height=\"338\" frameborder=\"0\" marginwidth=\"0\" marginheight=\"0\" scrolling=\"no\"><\/iframe><\/p>\n<blockquote class=\"wp-embedded-content\" data-secret=\"kOORQCwzzh\"><p><a href=\"https:\/\/tomajazz.com\/web\/naissam-jalal-san-sebastian-2025\/\">Na\u00efssam Jalal (60 Festival de Jazz de San Sebasti\u00e1n 2025. 2025-07-23) Por Jos\u00e9 Luis Luna Rocafort [INSTANTZZ AKA Galer\u00eda fotogr\u00e1fica AKA Fotoblog de jazz, impro\u2026 y algo m\u00e1s]<\/a><\/p><\/blockquote>\n<p><iframe loading=\"lazy\" class=\"wp-embedded-content\" sandbox=\"allow-scripts\" security=\"restricted\" style=\"position: absolute; visibility: hidden;\" title=\"\u00abNa\u00efssam Jalal (60 Festival de Jazz de San Sebasti\u00e1n 2025. 2025-07-23) Por Jos\u00e9 Luis Luna Rocafort [INSTANTZZ AKA Galer\u00eda fotogr\u00e1fica AKA Fotoblog de jazz, impro\u2026 y algo m\u00e1s]\u00bb \u2014 Tomajazz\" src=\"https:\/\/tomajazz.com\/web\/naissam-jalal-san-sebastian-2025\/embed\/#?secret=faO2MmMsvk#?secret=kOORQCwzzh\" data-secret=\"kOORQCwzzh\" width=\"600\" height=\"338\" frameborder=\"0\" marginwidth=\"0\" marginheight=\"0\" scrolling=\"no\"><\/iframe><\/p>\n<blockquote class=\"wp-embedded-content\" data-secret=\"PGgQVy8X7D\"><p><a href=\"https:\/\/tomajazz.com\/web\/the-beach-boys-donostia-2025\/\">The Beach Boys (60 Festival de Jazz de San Sebasti\u00e1n 2025. 2025-07-23) Por Jos\u00e9 Luis Luna Rocafort [INSTANTZZ AKA Galer\u00eda fotogr\u00e1fica AKA Fotoblog de jazz, impro\u2026 y algo m\u00e1s]<\/a><\/p><\/blockquote>\n<p><iframe loading=\"lazy\" class=\"wp-embedded-content\" sandbox=\"allow-scripts\" security=\"restricted\" style=\"position: absolute; visibility: hidden;\" title=\"\u00abThe Beach Boys (60 Festival de Jazz de San Sebasti\u00e1n 2025. 2025-07-23) Por Jos\u00e9 Luis Luna Rocafort [INSTANTZZ AKA Galer\u00eda fotogr\u00e1fica AKA Fotoblog de jazz, impro\u2026 y algo m\u00e1s]\u00bb \u2014 Tomajazz\" src=\"https:\/\/tomajazz.com\/web\/the-beach-boys-donostia-2025\/embed\/#?secret=kZ0ZdabnkN#?secret=PGgQVy8X7D\" data-secret=\"PGgQVy8X7D\" width=\"600\" height=\"338\" frameborder=\"0\" marginwidth=\"0\" marginheight=\"0\" scrolling=\"no\"><\/iframe><\/p>\n<blockquote class=\"wp-embedded-content\" data-secret=\"HuAa8tUChL\"><p><a href=\"https:\/\/tomajazz.com\/web\/minyo-crusaders-donostia-2025\/\">Minyo Crusaders (60 Festival de Jazz de San Sebasti\u00e1n 2025. 2025-07-23) Por Jos\u00e9 Luis Luna Rocafort [INSTANTZZ AKA Galer\u00eda fotogr\u00e1fica AKA Fotoblog de jazz, impro\u2026 y algo m\u00e1s]<\/a><\/p><\/blockquote>\n<p><iframe loading=\"lazy\" class=\"wp-embedded-content\" sandbox=\"allow-scripts\" security=\"restricted\" style=\"position: absolute; visibility: hidden;\" title=\"\u00abMinyo Crusaders (60 Festival de Jazz de San Sebasti\u00e1n 2025. 2025-07-23) Por Jos\u00e9 Luis Luna Rocafort [INSTANTZZ AKA Galer\u00eda fotogr\u00e1fica AKA Fotoblog de jazz, impro\u2026 y algo m\u00e1s]\u00bb \u2014 Tomajazz\" src=\"https:\/\/tomajazz.com\/web\/minyo-crusaders-donostia-2025\/embed\/#?secret=bho2oa2D1m#?secret=HuAa8tUChL\" data-secret=\"HuAa8tUChL\" width=\"600\" height=\"338\" frameborder=\"0\" marginwidth=\"0\" marginheight=\"0\" scrolling=\"no\"><\/iframe><\/p>\n<blockquote class=\"wp-embedded-content\" data-secret=\"G066lyGvDf\"><p><a href=\"https:\/\/tomajazz.com\/web\/jamie-cullum-donosti-2025\/\">Jamie Cullum (60 Festival de Jazz de San Sebasti\u00e1n 2025. 2025-07-22) Por Jos\u00e9 Luis Luna Rocafort [INSTANTZZ AKA Galer\u00eda fotogr\u00e1fica AKA Fotoblog de jazz, impro\u2026 y algo m\u00e1s]<\/a><\/p><\/blockquote>\n<p><iframe loading=\"lazy\" class=\"wp-embedded-content\" sandbox=\"allow-scripts\" security=\"restricted\" style=\"position: absolute; visibility: hidden;\" title=\"\u00abJamie Cullum (60 Festival de Jazz de San Sebasti\u00e1n 2025. 2025-07-22) Por Jos\u00e9 Luis Luna Rocafort [INSTANTZZ AKA Galer\u00eda fotogr\u00e1fica AKA Fotoblog de jazz, impro\u2026 y algo m\u00e1s]\u00bb \u2014 Tomajazz\" src=\"https:\/\/tomajazz.com\/web\/jamie-cullum-donosti-2025\/embed\/#?secret=F7GzL7kKYK#?secret=G066lyGvDf\" data-secret=\"G066lyGvDf\" width=\"600\" height=\"338\" frameborder=\"0\" marginwidth=\"0\" marginheight=\"0\" scrolling=\"no\"><\/iframe><\/p>\n<blockquote class=\"wp-embedded-content\" data-secret=\"zpEXDGWY5Q\"><p><a href=\"https:\/\/tomajazz.com\/web\/60-jazzaldia-2025-news\/\">60\u00ba Festival de Jazz de San Sebasti\u00e1n (Jazzaldia 2025. Donostia &#8211; San Sebastian. Del 22 al 27 de julio de 2025) [Noticias de jazz]<\/a><\/p><\/blockquote>\n<p><iframe loading=\"lazy\" class=\"wp-embedded-content\" sandbox=\"allow-scripts\" security=\"restricted\" style=\"position: absolute; visibility: hidden;\" title=\"\u00ab60\u00ba Festival de Jazz de San Sebasti\u00e1n (Jazzaldia 2025. Donostia &#8211; San Sebastian. Del 22 al 27 de julio de 2025) [Noticias de jazz]\u00bb \u2014 Tomajazz\" src=\"https:\/\/tomajazz.com\/web\/60-jazzaldia-2025-news\/embed\/#?secret=RpsBdgneZ1#?secret=zpEXDGWY5Q\" data-secret=\"zpEXDGWY5Q\" width=\"600\" height=\"338\" frameborder=\"0\" marginwidth=\"0\" marginheight=\"0\" scrolling=\"no\"><\/iframe><\/p>\n<h3>Jos\u00e9 Luis Luna Rocafort en Tomajazz<\/h3>\n<p><a href=\"https:\/\/tomajazz.com\/web\/?cat=17846\" target=\"_blank\" rel=\"noopener\">https:\/\/tomajazz.com\/web\/?cat=17846<\/a><\/p>\n<p><a href=\"https:\/\/tomajazz.com\/web\/category\/jose-luis-luna-rocafort\/\" target=\"_blank\" rel=\"noopener\">https:\/\/tomajazz.com\/web\/category\/jose-luis-luna-rocafort\/<\/a><\/p>\n","protected":false},"excerpt":{"rendered":"<p>Eneko Di\u00e9guez Quartet actu\u00f3 en el 60 Festival de Jazz de San Sebasti\u00e1n 2025. Jos\u00e9 Luis Luna Rocafort lo retrata en INSTANTZZ. Actuaron Eneko Di\u00e9guez, Ra\u00fal P\u00e9rez, Nicol\u00e1s\u00a0Alvear, Eneko Arbea<span class=\"more-link\"><a href=\"https:\/\/tomajazz.com\/web\/eneko-dieguez-quartet-san-sebastian-2025\/\">Contin\u00faa leyendo<\/a><\/span><\/p>\n","protected":false},"author":1,"featured_media":99486,"comment_status":"open","ping_status":"closed","sticky":false,"template":"","format":"standard","meta":{"jetpack_post_was_ever_published":false,"_jetpack_newsletter_access":"","_jetpack_dont_email_post_to_subs":false,"_jetpack_newsletter_tier_id":0,"_jetpack_memberships_contains_paywalled_content":false,"_jetpack_memberships_contains_paid_content":false,"footnotes":""},"categories":[32323,17846,11262,15516,11261,1038],"tags":[27576,27563,32580,27574,24696],"class_list":["entry","author-pachi","has-excerpt","post-99477","post","type-post","status-publish","format-standard","has-post-thumbnail","category-60-festival-de-jazz-de-san-sebastian-2025-jazzaldia-2025","category-jose-luis-luna-rocafort","category-photoblogs","category-imagenes","category-instantzz","category-contenidos","tag-eneko-arbea","tag-eneko-dieguez","tag-eneko-dieguez-quartet","tag-nicolas-alvear","tag-raul-perez"],"jetpack_featured_media_url":"https:\/\/tomajazz.com\/web\/wp-content\/uploads\/2025\/09\/009-16.jpg","jetpack_likes_enabled":true,"jetpack_sharing_enabled":true,"jetpack-related-posts":[{"id":90658,"url":"https:\/\/tomajazz.com\/web\/pablo-maza-4tet-juanse-2024\/","url_meta":{"origin":99477,"position":0},"title":"Pablo Maza 4tet (Juan Sebasti\u00e1n Bar, Huesca. 2024-10-17) Por Fabio Galicia [INSTANTZZ AKA Galer\u00eda fotogr\u00e1fica AKA Fotoblog de jazz, impro\u2026 y algo m\u00e1s]","author":"Tomajazz","date":"20 octubre, 2024","format":false,"excerpt":"Pablo Maza 4tet actu\u00f3 en el Juan Sebasti\u00e1n Bar de Huesca, el 17 de octubre de 2024. Fabio Galicia retrata el concierto en INSTANTZZ. Actuaron Pablo Maza, Eneko Di\u00e9guez, Jorgito, Eneko Arbea","rel":"","context":"En \u00abJuan Sebasti\u00e1n Bar (Huesca)\u00bb","block_context":{"text":"Juan Sebasti\u00e1n Bar (Huesca)","link":"https:\/\/tomajazz.com\/web\/category\/contenidos\/especial-contenidos\/juan-sebastian-bar-huesca\/"},"img":{"alt_text":"Pablo Maza 4tet  (Juan Sebasti\u00e1n Bar, Huesca. 2024-10-17) Por Fabio Galicia [INSTANTZZ AKA Galer\u00eda fotogr\u00e1fica AKA Fotoblog de jazz, impro\u2026 y algo m\u00e1s] - Tomajazz - Pablo Maza 4tet  actu\u00f3 en el Juan Sebasti\u00e1n Bar de Huesca, el 17 de octubre de 2024. Fabio Galicia retrata el concierto en INSTANTZZ. Actuaron Pablo Maza, Eneko Di\u00e9guez, Jorgito, Eneko Arbea\n","src":"https:\/\/i0.wp.com\/tomajazz.com\/web\/wp-content\/uploads\/2024\/10\/241017-PABLO-MAZA-4tet-23.jpg?resize=350%2C200&ssl=1","width":350,"height":200},"classes":[]},{"id":65650,"url":"https:\/\/tomajazz.com\/web\/miho-hazama-musikene-summer-big-band-57-jazzaldia-2022-x-por-jose-luis-luna-rocafort-instantzz-aka-galeria-fotografica-aka-fotoblog-de-jazz-impro-y-algo-mas\/","url_meta":{"origin":99477,"position":1},"title":"Miho Hazama &#038; Musikene Summer Big Band [57 Jazzaldia 2022 XI] Por Jos\u00e9 Luis Luna Rocafort [INSTANTZZ AKA Galer\u00eda fotogr\u00e1fica AKA Fotoblog de jazz, impro\u2026 y algo m\u00e1s]","author":"Tomajazz","date":"22 agosto, 2022","format":false,"excerpt":"Miho Hazama & Musikene Summer Big Band es el grupo que pasa por INSTANTZZ en el especial dedicado al Jazzaldia 2022. Jos\u00e9 Luis Luna Rocafort es el autor de las im\u00e1genes.","rel":"","context":"En \u00abEspecial Jazzaldia 2022\u00bb","block_context":{"text":"Especial Jazzaldia 2022","link":"https:\/\/tomajazz.com\/web\/category\/contenidos\/especial-contenidos\/especial-jazzaldia-2022\/"},"img":{"alt_text":"Miho Hazama & Musikene Summer Big Band [57 Jazzaldia 2022 X] Por Jos\u00e9 Luis Luna Rocafort [INSTANTZZ AKA Galer\u00eda fotogr\u00e1fica AKA Fotoblog de jazz, impro\u2026 y algo m\u00e1s]","src":"https:\/\/i0.wp.com\/tomajazz.com\/web\/wp-content\/uploads\/2022\/08\/011-15.jpg?resize=350%2C200&ssl=1","width":350,"height":200,"srcset":"https:\/\/i0.wp.com\/tomajazz.com\/web\/wp-content\/uploads\/2022\/08\/011-15.jpg?resize=350%2C200&ssl=1 1x, https:\/\/i0.wp.com\/tomajazz.com\/web\/wp-content\/uploads\/2022\/08\/011-15.jpg?resize=525%2C300&ssl=1 1.5x"},"classes":[]},{"id":97563,"url":"https:\/\/tomajazz.com\/web\/stilt-festival-jazz-vitoria-2025\/","url_meta":{"origin":99477,"position":2},"title":"Stilt (48 Festival de Jazz de Vitoria. 2025-07-11) Por Jos\u00e9 Luis Luna Rocafort [INSTANTZZ AKA Galer\u00eda fotogr\u00e1fica AKA Fotoblog de jazz, impro\u2026 y algo m\u00e1s]","author":"Tomajazz","date":"5 agosto, 2025","format":false,"excerpt":"Stilt actu\u00f3 en el 48 Festival de Jazz de Vitoria 2025. Jos\u00e9 Luis Luna Rocafort los retrata en INSTANTZZ. Actuaron Hugo Dom\u00ednguez, Asier Zufiaur, H\u00e9ctor Menor, Samuel Rodr\u00edguez, Eneko Ciarrusta, Pablo Comiskey, Pablo Ort\u00edz","rel":"","context":"En \u00ab48 Festival de Jazz de Vitoria 2025\u00bb","block_context":{"text":"48 Festival de Jazz de Vitoria 2025","link":"https:\/\/tomajazz.com\/web\/category\/contenidos\/especial-contenidos\/48-festival-de-jazz-de-vitoria-2025\/"},"img":{"alt_text":"Stilt (48 Festival de Jazz de Vitoria. 2025-07-11) Por Jos\u00e9 Luis Luna Rocafort [INSTANTZZ AKA Galer\u00eda fotogr\u00e1fica AKA Fotoblog de jazz, impro\u2026 y algo m\u00e1s] - Tomajazz - Stilt actu\u00f3 en el 48 Festival de Jazz de Vitoria 2025. Jos\u00e9 Luis Luna Rocafort los retrata en INSTANTZZ. Actuaron Hugo Dom\u00ednguez, Asier Zufiaur, H\u00e9ctor Menor, Samuel Rodr\u00edguez, Eneko Ciarrusta, Pablo Comiskey, Pablo Ort\u00edz","src":"https:\/\/i0.wp.com\/tomajazz.com\/web\/wp-content\/uploads\/2025\/08\/008-1.jpg?resize=350%2C200&ssl=1","width":350,"height":200,"srcset":"https:\/\/i0.wp.com\/tomajazz.com\/web\/wp-content\/uploads\/2025\/08\/008-1.jpg?resize=350%2C200&ssl=1 1x, https:\/\/i0.wp.com\/tomajazz.com\/web\/wp-content\/uploads\/2025\/08\/008-1.jpg?resize=525%2C300&ssl=1 1.5x"},"classes":[]},{"id":99591,"url":"https:\/\/tomajazz.com\/web\/dee-dee-bridgewater-donosti-2025\/","url_meta":{"origin":99477,"position":3},"title":"Dee Dee Bridgewater (60 Festival de Jazz de San Sebasti\u00e1n 2025. 2025-07-25) Por Jos\u00e9 Luis Luna Rocafort [INSTANTZZ AKA Galer\u00eda fotogr\u00e1fica AKA Fotoblog de jazz, impro\u2026 y algo m\u00e1s]","author":"Tomajazz","date":"24 septiembre, 2025","format":false,"excerpt":"Dee Dee Bridgewater actu\u00f3 en el 60 Festival de Jazz de San Sebasti\u00e1n 2025. Jos\u00e9 Luis Luna Rocafort la retrata en INSTANTZZ. Actuaron Dee Dee Bridgewater, Carmen Staaf, Rosa Brunello, Shirazette Tinnin","rel":"","context":"En \u00ab60 Festival de Jazz de San Sebasti\u00e1n 2025 - Jazzaldia 2025\u00bb","block_context":{"text":"60 Festival de Jazz de San Sebasti\u00e1n 2025 - Jazzaldia 2025","link":"https:\/\/tomajazz.com\/web\/category\/contenidos\/especial-contenidos\/60-festival-de-jazz-de-san-sebastian-2025-jazzaldia-2025\/"},"img":{"alt_text":"Dee Dee Bridgewater (60 Festival de Jazz de San Sebasti\u00e1n 2025. 2025-07-25) Por Jos\u00e9 Luis Luna Rocafort [INSTANTZZ AKA Galer\u00eda fotogr\u00e1fica AKA Fotoblog de jazz, impro\u2026 y algo m\u00e1s] - Tomajazz - Dee Dee Bridgewater actu\u00f3 en el 60 Festival de Jazz de San Sebasti\u00e1n 2025. Jos\u00e9 Luis Luna Rocafort la retrata en INSTANTZZ. Actuaron Dee Dee Bridgewater, Carmen Staaf, Rosa Brunello, Shirazette Tinnin","src":"https:\/\/i0.wp.com\/tomajazz.com\/web\/wp-content\/uploads\/2025\/09\/002-18.jpg?resize=350%2C200&ssl=1","width":350,"height":200,"srcset":"https:\/\/i0.wp.com\/tomajazz.com\/web\/wp-content\/uploads\/2025\/09\/002-18.jpg?resize=350%2C200&ssl=1 1x, https:\/\/i0.wp.com\/tomajazz.com\/web\/wp-content\/uploads\/2025\/09\/002-18.jpg?resize=525%2C300&ssl=1 1.5x"},"classes":[]},{"id":102647,"url":"https:\/\/tomajazz.com\/web\/joachim-govin-quartet-alternatilla-2025\/","url_meta":{"origin":99477,"position":4},"title":"Joachim Govin Quartet (9\u00ba Alternatilla Jazz Festival 2025. Casa des Poble, Esporles, Mallorca. 2025-11-22) Por Jos\u00e9 Luis Luna Rocafort [INSTANTZZ AKA Galer\u00eda fotogr\u00e1fica AKA Fotoblog de jazz, impro\u2026 y algo m\u00e1s]","author":"Tomajazz","date":"8 diciembre, 2025","format":false,"excerpt":"Joachim Govin Quartet actu\u00f3 en el 9\u00ba Alternatilla Jazz Festival 2025 en Esporles, Mallorca, el 22 de noviembre de 2025. Jos\u00e9 Luis Luna Rocafort lo retrata en INSTANTZZ. Actuaron Joachim Govin, Ben Van Gelder, Tony Tixier, Gautier Garrigue","rel":"","context":"En \u00ab*_Jos\u00e9 Luis Luna Rocafort\u00bb","block_context":{"text":"*_Jos\u00e9 Luis Luna Rocafort","link":"https:\/\/tomajazz.com\/web\/category\/jose-luis-luna-rocafort\/"},"img":{"alt_text":"Joachim Govin Quartet (9\u00ba Alternatilla Jazz Festival 2025. Casa des Pobla, Esporles, Mallorca. 2025-11-22) Por Jos\u00e9 Luis Luna Rocafort [INSTANTZZ AKA Galer\u00eda fotogr\u00e1fica AKA Fotoblog de jazz, impro\u2026 y algo m\u00e1s] - Tomajazz - Joachim Govin Quartet actu\u00f3 en el 9\u00ba Alternatilla Jazz Festival 2025 en Esporles, Mallorca, el 22 de noviembre de 2025. Jos\u00e9 Luis Luna Rocafort lo retrata en INSTANTZZ. Actuaron Joachim Govin, Ben Van Galder, Tony Tixier, Gautier Garrigue","src":"https:\/\/i0.wp.com\/tomajazz.com\/web\/wp-content\/uploads\/2025\/12\/006-4.jpg?resize=350%2C200&ssl=1","width":350,"height":200,"srcset":"https:\/\/i0.wp.com\/tomajazz.com\/web\/wp-content\/uploads\/2025\/12\/006-4.jpg?resize=350%2C200&ssl=1 1x, https:\/\/i0.wp.com\/tomajazz.com\/web\/wp-content\/uploads\/2025\/12\/006-4.jpg?resize=525%2C300&ssl=1 1.5x"},"classes":[]},{"id":103037,"url":"https:\/\/tomajazz.com\/web\/leila-duclos-quartet-alternatilla-2025\/","url_meta":{"origin":99477,"position":5},"title":"Le\u00efla Duclos Quartet (9\u00ba Alternatilla Jazz Festival 2025. Teatre Sa Teulera, Andratx, Mallorca. 2025-11-30) Por Jos\u00e9 Luis Luna Rocafort [INSTANTZZ AKA Galer\u00eda fotogr\u00e1fica AKA Fotoblog de jazz, impro\u2026 y algo m\u00e1s]","author":"Tomajazz","date":"29 diciembre, 2025","format":false,"excerpt":"Le\u00efla Duclos Quartet actu\u00f3 en el 9\u00ba Alternatilla Jazz Festival 2025 en Andratx, Mallorca, el 30 de noviembre de 2025. Jos\u00e9 Luis Luna Rocafort lo retrata en INSTANTZZ. Actuaron Le\u00efla Duclos, Leandro Aconcha, Gilles Coquard, Jean-Marc Robin","rel":"","context":"En \u00ab9\u00ba Alternatilla Jazz Festival 2025\u00bb","block_context":{"text":"9\u00ba Alternatilla Jazz Festival 2025","link":"https:\/\/tomajazz.com\/web\/category\/contenidos\/especial-contenidos\/9o-alternatilla-jazz-festival-2025\/"},"img":{"alt_text":"Le\u00efla Duclos Quartet (9\u00ba Alternatilla Jazz Festival 2025. Teatre Sa Teulera, Andratx, Mallorca. 2025-11-30) Por Jos\u00e9 Luis Luna Rocafort [INSTANTZZ AKA Galer\u00eda fotogr\u00e1fica AKA Fotoblog de jazz, impro\u2026 y algo m\u00e1s] - Tomajazz - Le\u00efla Duclos Quartet actu\u00f3 en el 9\u00ba Alternatilla Jazz Festival 2025 en Andratx, Mallorca, el 30 de noviembre de 2025. Jos\u00e9 Luis Luna Rocafort lo retrata en INSTANTZZ. Actuaron Le\u00efla Duclos, Leandro Aconcha, Gilles Coquard, Jean-Marc Robin","src":"https:\/\/i0.wp.com\/tomajazz.com\/web\/wp-content\/uploads\/2025\/12\/005-11.jpg?resize=350%2C200&ssl=1","width":350,"height":200,"srcset":"https:\/\/i0.wp.com\/tomajazz.com\/web\/wp-content\/uploads\/2025\/12\/005-11.jpg?resize=350%2C200&ssl=1 1x, https:\/\/i0.wp.com\/tomajazz.com\/web\/wp-content\/uploads\/2025\/12\/005-11.jpg?resize=525%2C300&ssl=1 1.5x"},"classes":[]}],"_links":{"self":[{"href":"https:\/\/tomajazz.com\/web\/wp-json\/wp\/v2\/posts\/99477","targetHints":{"allow":["GET"]}}],"collection":[{"href":"https:\/\/tomajazz.com\/web\/wp-json\/wp\/v2\/posts"}],"about":[{"href":"https:\/\/tomajazz.com\/web\/wp-json\/wp\/v2\/types\/post"}],"author":[{"embeddable":true,"href":"https:\/\/tomajazz.com\/web\/wp-json\/wp\/v2\/users\/1"}],"replies":[{"embeddable":true,"href":"https:\/\/tomajazz.com\/web\/wp-json\/wp\/v2\/comments?post=99477"}],"version-history":[{"count":1,"href":"https:\/\/tomajazz.com\/web\/wp-json\/wp\/v2\/posts\/99477\/revisions"}],"predecessor-version":[{"id":99490,"href":"https:\/\/tomajazz.com\/web\/wp-json\/wp\/v2\/posts\/99477\/revisions\/99490"}],"wp:featuredmedia":[{"embeddable":true,"href":"https:\/\/tomajazz.com\/web\/wp-json\/wp\/v2\/media\/99486"}],"wp:attachment":[{"href":"https:\/\/tomajazz.com\/web\/wp-json\/wp\/v2\/media?parent=99477"}],"wp:term":[{"taxonomy":"category","embeddable":true,"href":"https:\/\/tomajazz.com\/web\/wp-json\/wp\/v2\/categories?post=99477"},{"taxonomy":"post_tag","embeddable":true,"href":"https:\/\/tomajazz.com\/web\/wp-json\/wp\/v2\/tags?post=99477"}],"curies":[{"name":"wp","href":"https:\/\/api.w.org\/{rel}","templated":true}]}}