{"id":14484,"count":1,"description":"","link":"https:\/\/tomajazz.com\/web\/tag\/josep-lluis-galiana-victor-sequi\/","name":"Josep Llu\u00eds Galiana - V\u00edctor Sequ\u00ed","slug":"josep-lluis-galiana-victor-sequi","taxonomy":"post_tag","meta":[],"_links":{"self":[{"href":"https:\/\/tomajazz.com\/web\/wp-json\/wp\/v2\/tags\/14484","targetHints":{"allow":["GET"]}}],"collection":[{"href":"https:\/\/tomajazz.com\/web\/wp-json\/wp\/v2\/tags"}],"about":[{"href":"https:\/\/tomajazz.com\/web\/wp-json\/wp\/v2\/taxonomies\/post_tag"}],"wp:post_type":[{"href":"https:\/\/tomajazz.com\/web\/wp-json\/wp\/v2\/posts?tags=14484"}],"curies":[{"name":"wp","href":"https:\/\/api.w.org\/{rel}","templated":true}]}}