{"id":18282,"count":1,"description":"","link":"https:\/\/tomajazz.com\/web\/tag\/ramon-diaz-alfredo-garcia-quintet-blue-line\/","name":"Ram\u00f3n D\u00edaz Alfredo Garc\u00eda Quintet Blue Line","slug":"ramon-diaz-alfredo-garcia-quintet-blue-line","taxonomy":"post_tag","meta":[],"_links":{"self":[{"href":"https:\/\/tomajazz.com\/web\/wp-json\/wp\/v2\/tags\/18282","targetHints":{"allow":["GET"]}}],"collection":[{"href":"https:\/\/tomajazz.com\/web\/wp-json\/wp\/v2\/tags"}],"about":[{"href":"https:\/\/tomajazz.com\/web\/wp-json\/wp\/v2\/taxonomies\/post_tag"}],"wp:post_type":[{"href":"https:\/\/tomajazz.com\/web\/wp-json\/wp\/v2\/posts?tags=18282"}],"curies":[{"name":"wp","href":"https:\/\/api.w.org\/{rel}","templated":true}]}}