{"id":5578,"count":1,"description":"","link":"https:\/\/tomajazz.com\/web\/tag\/raul-marquez-trio\/","name":"Ra\u00fal M\u00e1rquez Tr\u00edo","slug":"raul-marquez-trio","taxonomy":"post_tag","meta":[],"_links":{"self":[{"href":"https:\/\/tomajazz.com\/web\/wp-json\/wp\/v2\/tags\/5578","targetHints":{"allow":["GET"]}}],"collection":[{"href":"https:\/\/tomajazz.com\/web\/wp-json\/wp\/v2\/tags"}],"about":[{"href":"https:\/\/tomajazz.com\/web\/wp-json\/wp\/v2\/taxonomies\/post_tag"}],"wp:post_type":[{"href":"https:\/\/tomajazz.com\/web\/wp-json\/wp\/v2\/posts?tags=5578"}],"curies":[{"name":"wp","href":"https:\/\/api.w.org\/{rel}","templated":true}]}}